{"id":791139,"date":"2019-01-19T16:09:13","date_gmt":"2019-01-19T16:09:13","guid":{"rendered":"https:\/\/www.pressenza.com\/?p=791139"},"modified":"2019-01-19T16:09:13","modified_gmt":"2019-01-19T16:09:13","slug":"colombia-duque-acusa-al-eln-del-coche-bomba-y-finaliza-dialogos-de-paz","status":"publish","type":"post","link":"https:\/\/www.pressenza.com\/es\/2019\/01\/colombia-duque-acusa-al-eln-del-coche-bomba-y-finaliza-dialogos-de-paz\/","title":{"rendered":"Colombia: Duque acusa al ELN del coche bomba y finaliza di\u00e1logos de paz"},"content":{"rendered":"<p>El camino emprendido por el presidente de Colombia, Iv\u00e1n Duque, no hace m\u00e1s que reivindicar el mandato de quien obtuviera el premio Nobel de la Paz, Juan Manuel Santos. Y es que Duque cancel\u00f3 la mesa de negociaciones de paz con el ELN que ten\u00edan lugar en La Habana, Cuba y no contento con eso, orden\u00f3 que se lance la orden de captura para todos los miembros de la guerrilla.<\/p>\n<p>Si bien el grupo insurgente no indic\u00f3 su autor\u00eda en el ataque contra la Escuela de Cadetes de Polic\u00eda General Santander en la que murieron 21 personas y dej\u00f3 decenas de heridos, desde el gobierno aseguran que fueron quienes est\u00e1n detr\u00e1s del atentado.<\/p>\n<p>Las investigaciones llevan menos de 48 horas, sin embargo, la acci\u00f3n reactiva del Ejecutivo, deja en pasmo a la sociedad colombiana, ya en shock por el sangriento atentado en s\u00ed mismo. \u201cBasta ya, se\u00f1ores del ELN. Basta ya de muertes, de secuestros y atentados. Colombia les dice basta\u201d, expres\u00f3 Duque.<\/p>\n<p>Las circulares rojas de Interpol contra los miembros del ELN pasan de pasivas y activas y conmino a la organizaci\u00f3n a aceptar las nuevas condiciones de su gobierno para dialogar para la paz.<\/p>\n<p>Duque aprovech\u00f3 la comunicaci\u00f3n por los medios nacionales para repasar el pasado criminal de la guerrilla y usarlos de excusa para revertir un proceso de a\u00f1os de construcci\u00f3n de la paz en Colombia.<\/p>\n<p>Desde el partido pol\u00edtico de las FARC tambi\u00e9n se condena, denuncia y lamenta este atentado que sirve de justificaci\u00f3n al uribismo para volver a las pol\u00edticas de \u201cGuerra contra el Terrorismo\u201d, que volver\u00e1 a abrir la Caja de Pandora de los falsos positivos y la persecuci\u00f3n en los territorios a las organizaciones de base.<\/p>\n","protected":false},"excerpt":{"rendered":"<p>El camino emprendido por el presidente de Colombia, Iv\u00e1n Duque, no hace m\u00e1s que reivindicar el mandato de quien obtuviera el premio Nobel de la Paz, Juan Manuel Santos. Y es que Duque cancel\u00f3 la mesa de negociaciones de paz&hellip;<\/p>\n","protected":false},"author":96,"featured_media":791149,"comment_status":"closed","ping_status":"closed","sticky":false,"template":"","format":"standard","meta":{"footnotes":""},"categories":[11389,1243,74,67],"tags":[4730,53826,30,13218,14708,35746],"class_list":["post-791139","post","type-post","status-publish","format-standard","has-post-thumbnail","hentry","category-contenido-original","category-paz-desarme","category-politica-es","category-sudamerica","tag-atentado","tag-coche-bomba","tag-colombia","tag-dialogos-de-paz","tag-eln-es","tag-ivan-duque"],"yoast_head":"<!-- This site is optimized with the Yoast SEO plugin v27.1.1 - https:\/\/yoast.com\/product\/yoast-seo-wordpress\/ -->\n<title>Colombia: Duque acusa al ELN del coche bomba y finaliza di\u00e1logos de paz<\/title>\n<meta name=\"description\" content=\"El camino emprendido por el presidente de Colombia, Iv\u00e1n Duque, no hace m\u00e1s que reivindicar el mandato de quien obtuviera el premio Nobel de la Paz, Juan\" \/>\n<meta name=\"robots\" content=\"index, follow, max-snippet:-1, max-image-preview:large, max-video-preview:-1\" \/>\n<link rel=\"canonical\" href=\"https:\/\/www.pressenza.com\/es\/2019\/01\/colombia-duque-acusa-al-eln-del-coche-bomba-y-finaliza-dialogos-de-paz\/\" \/>\n<meta property=\"og:locale\" content=\"es_ES\" \/>\n<meta property=\"og:type\" content=\"article\" \/>\n<meta property=\"og:title\" content=\"Colombia: Duque acusa al ELN del coche bomba y finaliza di\u00e1logos de paz\" \/>\n<meta property=\"og:description\" content=\"El camino emprendido por el presidente de Colombia, Iv\u00e1n Duque, no hace m\u00e1s que reivindicar el mandato de quien obtuviera el premio Nobel de la Paz, Juan\" \/>\n<meta property=\"og:url\" content=\"https:\/\/www.pressenza.com\/es\/2019\/01\/colombia-duque-acusa-al-eln-del-coche-bomba-y-finaliza-dialogos-de-paz\/\" \/>\n<meta property=\"og:site_name\" content=\"Pressenza\" \/>\n<meta property=\"article:publisher\" content=\"https:\/\/www.facebook.com\/PressenzaItalia\" \/>\n<meta property=\"article:author\" content=\"https:\/\/www.facebook.com\/mariano.quiroga.779\" \/>\n<meta property=\"article:published_time\" content=\"2019-01-19T16:09:13+00:00\" \/>\n<meta property=\"og:image\" content=\"https:\/\/www.pressenza.com\/wp-content\/uploads\/2019\/01\/duque-eln.png\" \/>\n\t<meta property=\"og:image:width\" content=\"838\" \/>\n\t<meta property=\"og:image:height\" content=\"494\" \/>\n\t<meta property=\"og:image:type\" content=\"image\/png\" \/>\n<meta name=\"author\" content=\"Mariano Quiroga\" \/>\n<meta name=\"twitter:card\" content=\"summary_large_image\" \/>\n<meta name=\"twitter:creator\" content=\"@MaruchoQuiroga\" \/>\n<meta name=\"twitter:site\" content=\"@PressenzaIPA\" \/>\n<meta name=\"twitter:label1\" content=\"Escrito por\" \/>\n\t<meta name=\"twitter:data1\" content=\"Mariano Quiroga\" \/>\n\t<meta name=\"twitter:label2\" content=\"Tiempo de lectura\" \/>\n\t<meta name=\"twitter:data2\" content=\"1 minuto\" \/>\n<script type=\"application\/ld+json\" class=\"yoast-schema-graph\">{\"@context\":\"https:\/\/schema.org\",\"@graph\":[{\"@type\":\"Article\",\"@id\":\"https:\/\/www.pressenza.com\/es\/2019\/01\/colombia-duque-acusa-al-eln-del-coche-bomba-y-finaliza-dialogos-de-paz\/#article\",\"isPartOf\":{\"@id\":\"https:\/\/www.pressenza.com\/es\/2019\/01\/colombia-duque-acusa-al-eln-del-coche-bomba-y-finaliza-dialogos-de-paz\/\"},\"author\":{\"name\":\"Mariano Quiroga\",\"@id\":\"https:\/\/www.pressenza.com\/es\/#\/schema\/person\/a0856fe41d8234b92503e6b28dc2585e\"},\"headline\":\"Colombia: Duque acusa al ELN del coche bomba y finaliza di\u00e1logos de paz\",\"datePublished\":\"2019-01-19T16:09:13+00:00\",\"mainEntityOfPage\":{\"@id\":\"https:\/\/www.pressenza.com\/es\/2019\/01\/colombia-duque-acusa-al-eln-del-coche-bomba-y-finaliza-dialogos-de-paz\/\"},\"wordCount\":313,\"publisher\":{\"@id\":\"https:\/\/www.pressenza.com\/es\/#organization\"},\"image\":{\"@id\":\"https:\/\/www.pressenza.com\/es\/2019\/01\/colombia-duque-acusa-al-eln-del-coche-bomba-y-finaliza-dialogos-de-paz\/#primaryimage\"},\"thumbnailUrl\":\"https:\/\/www.pressenza.com\/wp-content\/uploads\/2019\/01\/duque-eln.png\",\"keywords\":[\"atentado\",\"Coche bomba\",\"Colombia\",\"Di\u00e1logos de Paz\",\"ELN\",\"Iv\u00e1n Duque\"],\"articleSection\":[\"Contenido Original\",\"Paz y Desarme\",\"Pol\u00edtica\",\"Sudam\u00e9rica\"],\"inLanguage\":\"es\"},{\"@type\":\"WebPage\",\"@id\":\"https:\/\/www.pressenza.com\/es\/2019\/01\/colombia-duque-acusa-al-eln-del-coche-bomba-y-finaliza-dialogos-de-paz\/\",\"url\":\"https:\/\/www.pressenza.com\/es\/2019\/01\/colombia-duque-acusa-al-eln-del-coche-bomba-y-finaliza-dialogos-de-paz\/\",\"name\":\"Colombia: Duque acusa al ELN del coche bomba y finaliza di\u00e1logos de paz\",\"isPartOf\":{\"@id\":\"https:\/\/www.pressenza.com\/es\/#website\"},\"primaryImageOfPage\":{\"@id\":\"https:\/\/www.pressenza.com\/es\/2019\/01\/colombia-duque-acusa-al-eln-del-coche-bomba-y-finaliza-dialogos-de-paz\/#primaryimage\"},\"image\":{\"@id\":\"https:\/\/www.pressenza.com\/es\/2019\/01\/colombia-duque-acusa-al-eln-del-coche-bomba-y-finaliza-dialogos-de-paz\/#primaryimage\"},\"thumbnailUrl\":\"https:\/\/www.pressenza.com\/wp-content\/uploads\/2019\/01\/duque-eln.png\",\"datePublished\":\"2019-01-19T16:09:13+00:00\",\"description\":\"El camino emprendido por el presidente de Colombia, Iv\u00e1n Duque, no hace m\u00e1s que reivindicar el mandato de quien obtuviera el premio Nobel de la Paz, Juan\",\"breadcrumb\":{\"@id\":\"https:\/\/www.pressenza.com\/es\/2019\/01\/colombia-duque-acusa-al-eln-del-coche-bomba-y-finaliza-dialogos-de-paz\/#breadcrumb\"},\"inLanguage\":\"es\",\"potentialAction\":[{\"@type\":\"ReadAction\",\"target\":[\"https:\/\/www.pressenza.com\/es\/2019\/01\/colombia-duque-acusa-al-eln-del-coche-bomba-y-finaliza-dialogos-de-paz\/\"]}]},{\"@type\":\"ImageObject\",\"inLanguage\":\"es\",\"@id\":\"https:\/\/www.pressenza.com\/es\/2019\/01\/colombia-duque-acusa-al-eln-del-coche-bomba-y-finaliza-dialogos-de-paz\/#primaryimage\",\"url\":\"https:\/\/www.pressenza.com\/wp-content\/uploads\/2019\/01\/duque-eln.png\",\"contentUrl\":\"https:\/\/www.pressenza.com\/wp-content\/uploads\/2019\/01\/duque-eln.png\",\"width\":838,\"height\":494},{\"@type\":\"BreadcrumbList\",\"@id\":\"https:\/\/www.pressenza.com\/es\/2019\/01\/colombia-duque-acusa-al-eln-del-coche-bomba-y-finaliza-dialogos-de-paz\/#breadcrumb\",\"itemListElement\":[{\"@type\":\"ListItem\",\"position\":1,\"name\":\"Accueil\",\"item\":\"https:\/\/www.pressenza.com\/es\/\"},{\"@type\":\"ListItem\",\"position\":2,\"name\":\"Colombia: Duque acusa al ELN del coche bomba y finaliza di\u00e1logos de paz\"}]},{\"@type\":\"WebSite\",\"@id\":\"https:\/\/www.pressenza.com\/es\/#website\",\"url\":\"https:\/\/www.pressenza.com\/es\/\",\"name\":\"Pressenza\",\"description\":\"International Press Agency\",\"publisher\":{\"@id\":\"https:\/\/www.pressenza.com\/es\/#organization\"},\"potentialAction\":[{\"@type\":\"SearchAction\",\"target\":{\"@type\":\"EntryPoint\",\"urlTemplate\":\"https:\/\/www.pressenza.com\/es\/?s={search_term_string}\"},\"query-input\":{\"@type\":\"PropertyValueSpecification\",\"valueRequired\":true,\"valueName\":\"search_term_string\"}}],\"inLanguage\":\"es\"},{\"@type\":\"Organization\",\"@id\":\"https:\/\/www.pressenza.com\/es\/#organization\",\"name\":\"Pressenza\",\"url\":\"https:\/\/www.pressenza.com\/es\/\",\"logo\":{\"@type\":\"ImageObject\",\"inLanguage\":\"es\",\"@id\":\"https:\/\/www.pressenza.com\/es\/#\/schema\/logo\/image\/\",\"url\":\"https:\/\/www.pressenza.com\/wp-content\/uploads\/2022\/10\/pressenza_logo_200x200.jpg\",\"contentUrl\":\"https:\/\/www.pressenza.com\/wp-content\/uploads\/2022\/10\/pressenza_logo_200x200.jpg\",\"width\":200,\"height\":200,\"caption\":\"Pressenza\"},\"image\":{\"@id\":\"https:\/\/www.pressenza.com\/es\/#\/schema\/logo\/image\/\"},\"sameAs\":[\"https:\/\/www.facebook.com\/PressenzaItalia\",\"https:\/\/x.com\/PressenzaIPA\"]},{\"@type\":\"Person\",\"@id\":\"https:\/\/www.pressenza.com\/es\/#\/schema\/person\/a0856fe41d8234b92503e6b28dc2585e\",\"name\":\"Mariano Quiroga\",\"description\":\"Born in Buenos Aires, Argentina, in 1976, Mariano is a journalist, poet and international editor for Pressenza. His career includes publications in different countries and languages. Currently he is presenter on radio programmes in Ecuador and Argentina. A humanist communicator specialising in international politics, his vocation has led him to seek to build bridges that allow relationships to be made between data, events, people and contexts in order to create an inclusive look that synthesises the noblest searches for social justice and humanisation of the planet.\",\"sameAs\":[\"https:\/\/www.facebook.com\/mariano.quiroga.779\",\"https:\/\/x.com\/MaruchoQuiroga\"],\"url\":\"https:\/\/www.pressenza.com\/es\/author\/mariano-quiroga\/\"}]}<\/script>\n<!-- \/ Yoast SEO plugin. -->","yoast_head_json":{"title":"Colombia: Duque acusa al ELN del coche bomba y finaliza di\u00e1logos de paz","description":"El camino emprendido por el presidente de Colombia, Iv\u00e1n Duque, no hace m\u00e1s que reivindicar el mandato de quien obtuviera el premio Nobel de la Paz, Juan","robots":{"index":"index","follow":"follow","max-snippet":"max-snippet:-1","max-image-preview":"max-image-preview:large","max-video-preview":"max-video-preview:-1"},"canonical":"https:\/\/www.pressenza.com\/es\/2019\/01\/colombia-duque-acusa-al-eln-del-coche-bomba-y-finaliza-dialogos-de-paz\/","og_locale":"es_ES","og_type":"article","og_title":"Colombia: Duque acusa al ELN del coche bomba y finaliza di\u00e1logos de paz","og_description":"El camino emprendido por el presidente de Colombia, Iv\u00e1n Duque, no hace m\u00e1s que reivindicar el mandato de quien obtuviera el premio Nobel de la Paz, Juan","og_url":"https:\/\/www.pressenza.com\/es\/2019\/01\/colombia-duque-acusa-al-eln-del-coche-bomba-y-finaliza-dialogos-de-paz\/","og_site_name":"Pressenza","article_publisher":"https:\/\/www.facebook.com\/PressenzaItalia","article_author":"https:\/\/www.facebook.com\/mariano.quiroga.779","article_published_time":"2019-01-19T16:09:13+00:00","og_image":[{"width":838,"height":494,"url":"https:\/\/www.pressenza.com\/wp-content\/uploads\/2019\/01\/duque-eln.png","type":"image\/png"}],"author":"Mariano Quiroga","twitter_card":"summary_large_image","twitter_creator":"@MaruchoQuiroga","twitter_site":"@PressenzaIPA","twitter_misc":{"Escrito por":"Mariano Quiroga","Tiempo de lectura":"1 minuto"},"schema":{"@context":"https:\/\/schema.org","@graph":[{"@type":"Article","@id":"https:\/\/www.pressenza.com\/es\/2019\/01\/colombia-duque-acusa-al-eln-del-coche-bomba-y-finaliza-dialogos-de-paz\/#article","isPartOf":{"@id":"https:\/\/www.pressenza.com\/es\/2019\/01\/colombia-duque-acusa-al-eln-del-coche-bomba-y-finaliza-dialogos-de-paz\/"},"author":{"name":"Mariano Quiroga","@id":"https:\/\/www.pressenza.com\/es\/#\/schema\/person\/a0856fe41d8234b92503e6b28dc2585e"},"headline":"Colombia: Duque acusa al ELN del coche bomba y finaliza di\u00e1logos de paz","datePublished":"2019-01-19T16:09:13+00:00","mainEntityOfPage":{"@id":"https:\/\/www.pressenza.com\/es\/2019\/01\/colombia-duque-acusa-al-eln-del-coche-bomba-y-finaliza-dialogos-de-paz\/"},"wordCount":313,"publisher":{"@id":"https:\/\/www.pressenza.com\/es\/#organization"},"image":{"@id":"https:\/\/www.pressenza.com\/es\/2019\/01\/colombia-duque-acusa-al-eln-del-coche-bomba-y-finaliza-dialogos-de-paz\/#primaryimage"},"thumbnailUrl":"https:\/\/www.pressenza.com\/wp-content\/uploads\/2019\/01\/duque-eln.png","keywords":["atentado","Coche bomba","Colombia","Di\u00e1logos de Paz","ELN","Iv\u00e1n Duque"],"articleSection":["Contenido Original","Paz y Desarme","Pol\u00edtica","Sudam\u00e9rica"],"inLanguage":"es"},{"@type":"WebPage","@id":"https:\/\/www.pressenza.com\/es\/2019\/01\/colombia-duque-acusa-al-eln-del-coche-bomba-y-finaliza-dialogos-de-paz\/","url":"https:\/\/www.pressenza.com\/es\/2019\/01\/colombia-duque-acusa-al-eln-del-coche-bomba-y-finaliza-dialogos-de-paz\/","name":"Colombia: Duque acusa al ELN del coche bomba y finaliza di\u00e1logos de paz","isPartOf":{"@id":"https:\/\/www.pressenza.com\/es\/#website"},"primaryImageOfPage":{"@id":"https:\/\/www.pressenza.com\/es\/2019\/01\/colombia-duque-acusa-al-eln-del-coche-bomba-y-finaliza-dialogos-de-paz\/#primaryimage"},"image":{"@id":"https:\/\/www.pressenza.com\/es\/2019\/01\/colombia-duque-acusa-al-eln-del-coche-bomba-y-finaliza-dialogos-de-paz\/#primaryimage"},"thumbnailUrl":"https:\/\/www.pressenza.com\/wp-content\/uploads\/2019\/01\/duque-eln.png","datePublished":"2019-01-19T16:09:13+00:00","description":"El camino emprendido por el presidente de Colombia, Iv\u00e1n Duque, no hace m\u00e1s que reivindicar el mandato de quien obtuviera el premio Nobel de la Paz, Juan","breadcrumb":{"@id":"https:\/\/www.pressenza.com\/es\/2019\/01\/colombia-duque-acusa-al-eln-del-coche-bomba-y-finaliza-dialogos-de-paz\/#breadcrumb"},"inLanguage":"es","potentialAction":[{"@type":"ReadAction","target":["https:\/\/www.pressenza.com\/es\/2019\/01\/colombia-duque-acusa-al-eln-del-coche-bomba-y-finaliza-dialogos-de-paz\/"]}]},{"@type":"ImageObject","inLanguage":"es","@id":"https:\/\/www.pressenza.com\/es\/2019\/01\/colombia-duque-acusa-al-eln-del-coche-bomba-y-finaliza-dialogos-de-paz\/#primaryimage","url":"https:\/\/www.pressenza.com\/wp-content\/uploads\/2019\/01\/duque-eln.png","contentUrl":"https:\/\/www.pressenza.com\/wp-content\/uploads\/2019\/01\/duque-eln.png","width":838,"height":494},{"@type":"BreadcrumbList","@id":"https:\/\/www.pressenza.com\/es\/2019\/01\/colombia-duque-acusa-al-eln-del-coche-bomba-y-finaliza-dialogos-de-paz\/#breadcrumb","itemListElement":[{"@type":"ListItem","position":1,"name":"Accueil","item":"https:\/\/www.pressenza.com\/es\/"},{"@type":"ListItem","position":2,"name":"Colombia: Duque acusa al ELN del coche bomba y finaliza di\u00e1logos de paz"}]},{"@type":"WebSite","@id":"https:\/\/www.pressenza.com\/es\/#website","url":"https:\/\/www.pressenza.com\/es\/","name":"Pressenza","description":"International Press Agency","publisher":{"@id":"https:\/\/www.pressenza.com\/es\/#organization"},"potentialAction":[{"@type":"SearchAction","target":{"@type":"EntryPoint","urlTemplate":"https:\/\/www.pressenza.com\/es\/?s={search_term_string}"},"query-input":{"@type":"PropertyValueSpecification","valueRequired":true,"valueName":"search_term_string"}}],"inLanguage":"es"},{"@type":"Organization","@id":"https:\/\/www.pressenza.com\/es\/#organization","name":"Pressenza","url":"https:\/\/www.pressenza.com\/es\/","logo":{"@type":"ImageObject","inLanguage":"es","@id":"https:\/\/www.pressenza.com\/es\/#\/schema\/logo\/image\/","url":"https:\/\/www.pressenza.com\/wp-content\/uploads\/2022\/10\/pressenza_logo_200x200.jpg","contentUrl":"https:\/\/www.pressenza.com\/wp-content\/uploads\/2022\/10\/pressenza_logo_200x200.jpg","width":200,"height":200,"caption":"Pressenza"},"image":{"@id":"https:\/\/www.pressenza.com\/es\/#\/schema\/logo\/image\/"},"sameAs":["https:\/\/www.facebook.com\/PressenzaItalia","https:\/\/x.com\/PressenzaIPA"]},{"@type":"Person","@id":"https:\/\/www.pressenza.com\/es\/#\/schema\/person\/a0856fe41d8234b92503e6b28dc2585e","name":"Mariano Quiroga","description":"Born in Buenos Aires, Argentina, in 1976, Mariano is a journalist, poet and international editor for Pressenza. His career includes publications in different countries and languages. Currently he is presenter on radio programmes in Ecuador and Argentina. A humanist communicator specialising in international politics, his vocation has led him to seek to build bridges that allow relationships to be made between data, events, people and contexts in order to create an inclusive look that synthesises the noblest searches for social justice and humanisation of the planet.","sameAs":["https:\/\/www.facebook.com\/mariano.quiroga.779","https:\/\/x.com\/MaruchoQuiroga"],"url":"https:\/\/www.pressenza.com\/es\/author\/mariano-quiroga\/"}]}},"place":"Ciudad de Buenos Aires, Argentina","original_article_url":"https:\/\/www.pichinchauniversal.com.ec\/duque-acusa-al-eln-del-coche-bomba-y-finaliza-dialogos-de-paz\/","_links":{"self":[{"href":"https:\/\/www.pressenza.com\/es\/wp-json\/wp\/v2\/posts\/791139","targetHints":{"allow":["GET"]}}],"collection":[{"href":"https:\/\/www.pressenza.com\/es\/wp-json\/wp\/v2\/posts"}],"about":[{"href":"https:\/\/www.pressenza.com\/es\/wp-json\/wp\/v2\/types\/post"}],"author":[{"embeddable":true,"href":"https:\/\/www.pressenza.com\/es\/wp-json\/wp\/v2\/users\/96"}],"replies":[{"embeddable":true,"href":"https:\/\/www.pressenza.com\/es\/wp-json\/wp\/v2\/comments?post=791139"}],"version-history":[{"count":0,"href":"https:\/\/www.pressenza.com\/es\/wp-json\/wp\/v2\/posts\/791139\/revisions"}],"wp:featuredmedia":[{"embeddable":true,"href":"https:\/\/www.pressenza.com\/es\/wp-json\/wp\/v2\/media\/791149"}],"wp:attachment":[{"href":"https:\/\/www.pressenza.com\/es\/wp-json\/wp\/v2\/media?parent=791139"}],"wp:term":[{"taxonomy":"category","embeddable":true,"href":"https:\/\/www.pressenza.com\/es\/wp-json\/wp\/v2\/categories?post=791139"},{"taxonomy":"post_tag","embeddable":true,"href":"https:\/\/www.pressenza.com\/es\/wp-json\/wp\/v2\/tags?post=791139"}],"curies":[{"name":"wp","href":"https:\/\/api.w.org\/{rel}","templated":true}]}}