{"id":790950,"date":"2019-01-18T23:44:30","date_gmt":"2019-01-18T23:44:30","guid":{"rendered":"https:\/\/www.pressenza.com\/?p=790950"},"modified":"2019-01-18T23:44:30","modified_gmt":"2019-01-18T23:44:30","slug":"la-mitologia-de-israel-moderno","status":"publish","type":"post","link":"https:\/\/www.pressenza.com\/es\/2019\/01\/la-mitologia-de-israel-moderno\/","title":{"rendered":"La mitolog\u00eda de Israel moderno"},"content":{"rendered":"<p>Por <strong>Tariq Ali<\/strong><a href=\"#_ftn1\" name=\"_ftnref1\"><strong>[1]<\/strong><\/a><\/p>\n<p>Este art\u00edculo es una transcripci\u00f3n extra\u00edda de una conferencia en la <a href=\"http:\/\/rothkochapel.org\/experience\/events\/event\/tariq-ali-on-the-uses-and-abuses-of-history\">Capilla Rothko<\/a>.<\/p>\n<p><img loading=\"lazy\" decoding=\"async\" class=\"alignnone wp-image-790719 size-full\" src=\"https:\/\/www.pressenza.com\/wp-content\/uploads\/2019\/01\/xTarq-Ali--.png.pagespeed.ic.G0eHGUjvFn.webp\" sizes=\"auto, (max-width: 1253px) 100vw, 1253px\" srcset=\"https:\/\/www.pressenza.com\/wp-content\/uploads\/2019\/01\/xTarq-Ali--.png.pagespeed.ic.G0eHGUjvFn.webp 1253w, https:\/\/www.pressenza.com\/wp-content\/uploads\/2019\/01\/xTarq-Ali---300x179.png.pagespeed.ic.dJp5ULN2G6.webp 300w, https:\/\/www.pressenza.com\/wp-content\/uploads\/2019\/01\/xTarq-Ali---768x457.png.pagespeed.ic.6CFhmgqHD9.webp 768w, https:\/\/www.pressenza.com\/wp-content\/uploads\/2019\/01\/xTarq-Ali---720x429.png.pagespeed.ic.6Q12dEtXNc.webp 720w\" alt=\"\" width=\"1253\" height=\"746\" \/><\/p>\n<p>\u201c\u2026<\/p>\n<p>Para crear un mito que justificara la existencia del Estado (Israel), los l\u00edderes sionistas de Israel ten\u00edan dos argumentos:<\/p>\n<p>&#8211; uno, que estas eran tierras b\u00edblicas que pertenec\u00edan hist\u00f3ricamente al pueblo jud\u00edo;<\/p>\n<p>&#8211; y, en segundo lugar, estas tierras estaban concentradas en lo que ahora es Palestina.<\/p>\n<p>Por lo tanto, la ocupaci\u00f3n de Palestina y la creaci\u00f3n de Israel en este territorio en particular eran absolutamente esenciales.<\/p>\n<p>Ahora, ustedes saben, muchos de nosotros discutimos en contra, y ellos dir\u00edan que ellos tambi\u00e9n lo hacen, pero&#8230; no nos importa.<\/p>\n<p>Lo que es interesante ahora es que un historiador jud\u00edo muy distinguido, o deber\u00eda decir un historiador israel\u00ed, porque eso es: prefiere que se le llame historiador israel\u00ed, Shlomo Sand, de la Universidad de Tel Aviv, escribi\u00f3 un libro muy interesante que cre\u00f3 una tormenta. Y su libro, que fue escrito inicialmente en hebreo, se convirti\u00f3 en un best-seller en Israel, simplemente tom\u00f3 el pa\u00eds por asalto. Pas\u00f3 alg\u00fan tiempo antes de que se publicara en Occidente, pero finalmente lo fue, primero en Francia y luego en Gran Breta\u00f1a y los Estados Unidos. Cre\u00f3 un gran debate y lo que fue muy interesante fue que Shlomo Sand esencialmente deconstruy\u00f3 todos los mitos del sionismo, con bastante calma, y dijo: \u00abMira, no deber\u00edamos usar estos mitos para justificar la existencia de Israel\u00bb.<\/p>\n<p>Israel est\u00e1 aqu\u00ed para quedarse. Creo que todos los ciudadanos de Israel, ya sean jud\u00edos o palestinos, \u00e1rabes, cristianos, musulmanes, deber\u00edan tener los mismos derechos. Y debemos detener el derecho de que, si eres jud\u00edo, puedes volver a esta tierra. Es una locura, dijo, \u00bfpor qu\u00e9 deber\u00edamos seguir haciendo esto? Pero para poder presentar este argumento, \u00e9l realmente hizo mucho trabajo hist\u00f3rico y antropol\u00f3gico, y argument\u00f3 que, despu\u00e9s de la destrucci\u00f3n del templo en el a\u00f1o 70 d.C., contrariamente a la mitolog\u00eda, no hubo expulsiones de jud\u00edos de la regi\u00f3n. Se\u00f1al\u00f3 correctamente que los romanos no ten\u00edan la costumbre de expulsar a las poblaciones de las tierras que conquistaron, porque eran muy inteligentes y necesitaban cultivadores y gente que trabajara en las zonas, porque las legiones romanas no lo hac\u00edan.<\/p>\n<p>Y \u00e9l (Shlomo) dijo que no s\u00f3lo no hubo expulsiones, sino que, al mismo tiempo, hubo comunidades jud\u00edas de 4 millones de personas, lo cual es una cantidad enorme para aquellos tiempos, en Persia, Egipto, Asia Menor y otros lugares, que se quedaron fuera.<\/p>\n<p>Y luego argument\u00f3 que la idea de que la fe jud\u00eda, despu\u00e9s de la separaci\u00f3n del movimiento de reforma conocido como cristianismo, no cre\u00eda en el proselitismo es totalmente falsa: ellos lo hicieron (proselitismo), muchas personas se convirtieron; algunos se convirtieron a s\u00ed mismos, y los jud\u00edos ashkenazis en particular surgieron de las conversiones masivas al borde del Mar Caspio, entre los siglos VII y X, de los khazars, que finalmente adoptaron el hebreo y se convirtieron al juda\u00edsmo al por mayor, y estos son los jud\u00edos ashkenazis que poblaron Europa y los guetos de Europa, y que sufrieron a causa del Holocausto y de todo eso.<\/p>\n<p>Estas son las personas que descienden de los k\u00e1zaros, as\u00ed que \u00e9l (Shlomo) dijo que ellos en particular, que formaban el grueso del movimiento sionista, no ten\u00edan absolutamente ninguna conexi\u00f3n con las tierras \u00e1rabes en absoluto. Luego fue a\u00fan m\u00e1s lejos y dijo: si Palestina no es la \u00fanica patria ancestral de los jud\u00edos, \u00bfqu\u00e9 pas\u00f3 con todos los jud\u00edos de estos pa\u00edses? Y aqu\u00ed viene con una explicaci\u00f3n devastadora: dice que en su mayor\u00eda se convirtieron al islam, se convirtieron al islam, la mayor\u00eda de ellos, no todos, como muchas otras personas lo hicieron en esa regi\u00f3n en ese momento.<\/p>\n<p>Y dice que los palestinos a los que hemos estado expulsando y oprimiendo son los descendientes directos de los jud\u00edos que sol\u00edan vivir, en realidad, viven en esta tierra. Es un libro notable, y ha creado un gran debate, y el debate, dice, no est\u00e1 en Israel. Y es interesante esto: la mayor\u00eda de los historiadores israel\u00edes aceptan que esto es correcto, pero dicen que su respuesta a la ciencia es la siguiente: bueno, ya sabes, cada naci\u00f3n crea su propia mitolog\u00eda, as\u00ed que, \u00bfcu\u00e1l es el gran problema? Pero ustedes saben que esto tambi\u00e9n es cierto, de hecho, pero esta mitolog\u00eda es muy potente, y muy poderosa porque esta cosa que se desata todav\u00eda est\u00e1 en marcha.<\/p>\n<p>Quiero decir, a nadie le importar\u00eda la mitolog\u00eda si todo se hubiera resuelto y se hubiera llegado a alg\u00fan acuerdo, pero como no se ha logrado, se convierte en una fuerza muy perturbadora. Y el propio Shlomo Sand no es en absoluto una figura radical. Dice: No soy un sionista duro, pero creo en Israel, excepto que creo que todos los ciudadanos deben tener los mismos derechos y no se puede decir a los palestinos: \u00abNo vuelvas a las tierras que te fueron arrebatadas\u00bb, mientras sigas dici\u00e9ndole a los jud\u00edos, dondequiera que est\u00e9n en cualquier parte del mundo: \u00abpuedes volver cuando quieras\u00bb. Y dijo que por eso escribi\u00f3 el libro: para luchar por la igualdad. Y los grandes ataques al libro han venido de la di\u00e1spora. Quiero decir que el New York Times hizo una gran, gran revisi\u00f3n de la misma, lo que cre\u00f3 una gran controversia. Y en Francia y en Gran Breta\u00f1a no hubo ninguna controversia en absoluto, en general se acept\u00f3 que lo que \u00e9l argumentaba era cierto. Quiero decir que todos los historiadores que revisaron el libro dijeron que es exacto, ya sabes, no puedes sacarlo de la historia, porque aceptamos esto. Pero la di\u00e1spora se enfad\u00f3 porque esto ya se hab\u00eda dicho, a lo que Sand respondi\u00f3 de forma muy contundente: \u00abBueno, si est\u00e1s tan ansioso por decir que estoy equivocado y que lo que estoy haciendo es da\u00f1ar a Israel, \u00bfpor qu\u00e9 no pones tu dinero donde est\u00e1 tu boca, dejas la di\u00e1spora y vienes a instalarte en Israel?\u00bb.<\/p>\n<p>\u00c9l dijo: \u00abSi te gusta tanto el campo, \u00bfpor qu\u00e9 no vienes a vivir aqu\u00ed?, nosotros vivimos aqu\u00ed y sabemos c\u00f3mo vivimos\u00bb. Y \u00e9l dijo que: \u00abLa forma en que vivimos no es buena, ni para nosotros ni para los no jud\u00edos de esa parte del mundo, y por eso he escrito mi libro\u00bb.<\/p>\n<p>Ahora bien, es un tipo muy valiente, por cierto, no es el \u00fanico: muchos historiadores israel\u00edes han escrito libros de este tipo, pero \u00bftienen alg\u00fan impacto en los gobernantes del mundo o en los gobernantes de Israel?<\/p>\n<p>Y aqu\u00ed creo que la respuesta es no.<\/p>\n<p>Y una de las cosas interesantes que Shlomo Sand cita en su libro es una declaraci\u00f3n de David ben Gurion, uno de los padres fundadores de Israel, en 1918, donde Ben Gurion escribe: \u00abSabes, la gente pregunta qu\u00e9 pas\u00f3 con los jud\u00edos que viv\u00edan en esta regi\u00f3n. Eran leales a la tierra y para permanecer en ella, dice, la mayor\u00eda de los jud\u00edos se convirtieron en musulmanes\u00bb. As\u00ed que \u00e9l lo sab\u00eda, y ellos lo sab\u00edan, los l\u00edderes de Israel, que esta mitolog\u00eda que se estaba creando sobre la base de citas del Antiguo Testamento era en gran parte mitolog\u00eda, no se basaba en ninguna realidad hist\u00f3rica en absoluto.<\/p>\n<p>As\u00ed que aqu\u00ed tenemos un ejemplo de c\u00f3mo se abusa de la historia, pero al mismo tiempo el abuso desencadena un debate enorme y muy creativo, pero, por supuesto, los debates por s\u00ed solos y los libros, incluso los tan fuertes y poderosos como el escrito por este historiador israel\u00ed, no influencian las mentes de los pol\u00edticos o gobernantes porque, en \u00faltima instancia, no gobiernan sobre la base de los mitos. Los mitos son mantener a la gente en l\u00ednea, ellos gobiernan por otras razones: para mantenerse en el poder, para mantener el control de la sociedad tal como es, y esto no s\u00f3lo se aplica a Israel, se aplica a la mayor\u00eda de los gobernantes de diferentes partes del mundo, del mundo de hoy.<\/p>\n<p>\u2026\u201d<\/p>\n<p><strong><a href=\"#_ftnref1\" name=\"_ftn1\">[1]<\/a> Tariq Ali es un escritor, periodista, historiador, cineasta, activista pol\u00edtico e intelectual brit\u00e1nico paquistan\u00ed. Es miembro del comit\u00e9 editorial de New Left Review y Sin Permiso, y contribuye con The Guardian, CounterPunch y London Review of Books. Es profesor de EPP en el Exeter College de Oxford.<\/strong><\/p>\n<p><strong>Es autor de varios libros, entre ellos, Pakist\u00e1n: Military Rule or People&#8217;s Power (1970), Can Pakistan Survive? The Death of a State (1983), Clash of Fundamentalisms: Crusades, Jihads and Modernity (2002), Bush in Babylon (2003), Conversations with Edward Said (2005), Pirates Of The Caribbean: Axis Of Hope (2006), A Banker for All Seasons (2007), The Duel (2008), The Obama Syndrome (2010) y The Extreme Centre: A Warning (2015).<\/strong><\/p>\n","protected":false},"excerpt":{"rendered":"<p>Por Tariq Ali[1] Este art\u00edculo es una transcripci\u00f3n extra\u00edda de una conferencia en la Capilla Rothko. \u201c\u2026 Para crear un mito que justificara la existencia del Estado (Israel), los l\u00edderes sionistas de Israel ten\u00edan dos argumentos: &#8211; uno, que estas&hellip;<\/p>\n","protected":false},"author":594,"featured_media":790737,"comment_status":"closed","ping_status":"closed","sticky":false,"template":"","format":"standard","meta":{"footnotes":""},"categories":[76,75,79,39,71,161,80],"tags":[53804,646,28499,53805,814,11211],"class_list":["post-790950","post","type-post","status-publish","format-standard","has-post-thumbnail","hentry","category-relaciones-exteriores","category-cultura-es","category-derechos-humanos","category-internacional","category-medio-oriente-es","category-opiniones","category-pueblos-originarios","tag-diaspora-judia","tag-israel-es","tag-judios","tag-kazaros","tag-palestina-es","tag-sionismo-es"],"yoast_head":"<!-- This site is optimized with the Yoast SEO plugin v27.1.1 - https:\/\/yoast.com\/product\/yoast-seo-wordpress\/ -->\n<title>La mitolog\u00eda de Israel moderno<\/title>\n<meta name=\"description\" content=\"Por Tariq Ali Este art\u00edculo es una transcripci\u00f3n extra\u00edda de una conferencia en la Capilla Rothko. \u201c\u2026 Para crear un mito que justificara la existencia del\" \/>\n<meta name=\"robots\" content=\"index, follow, max-snippet:-1, max-image-preview:large, max-video-preview:-1\" \/>\n<link rel=\"canonical\" href=\"https:\/\/www.pressenza.com\/es\/2019\/01\/la-mitologia-de-israel-moderno\/\" \/>\n<meta property=\"og:locale\" content=\"es_ES\" \/>\n<meta property=\"og:type\" content=\"article\" \/>\n<meta property=\"og:title\" content=\"La mitolog\u00eda de Israel moderno\" \/>\n<meta property=\"og:description\" content=\"Por Tariq Ali Este art\u00edculo es una transcripci\u00f3n extra\u00edda de una conferencia en la Capilla Rothko. \u201c\u2026 Para crear un mito que justificara la existencia del\" \/>\n<meta property=\"og:url\" content=\"https:\/\/www.pressenza.com\/es\/2019\/01\/la-mitologia-de-israel-moderno\/\" \/>\n<meta property=\"og:site_name\" content=\"Pressenza\" \/>\n<meta property=\"article:publisher\" content=\"https:\/\/www.facebook.com\/PressenzaItalia\" \/>\n<meta property=\"article:author\" content=\"https:\/\/www.facebook.com\/PressenzaItalia\" \/>\n<meta property=\"article:published_time\" content=\"2019-01-18T23:44:30+00:00\" \/>\n<meta property=\"og:image\" content=\"https:\/\/www.pressenza.com\/wp-content\/uploads\/2019\/01\/Pot-Kettle.png\" \/>\n\t<meta property=\"og:image:width\" content=\"1248\" \/>\n\t<meta property=\"og:image:height\" content=\"899\" \/>\n\t<meta property=\"og:image:type\" content=\"image\/png\" \/>\n<meta name=\"author\" content=\"Redazione Italia\" \/>\n<meta name=\"twitter:card\" content=\"summary_large_image\" \/>\n<meta name=\"twitter:creator\" content=\"@pressenza_it\" \/>\n<meta name=\"twitter:site\" content=\"@PressenzaIPA\" \/>\n<meta name=\"twitter:label1\" content=\"Escrito por\" \/>\n\t<meta name=\"twitter:data1\" content=\"Redazione Italia\" \/>\n\t<meta name=\"twitter:label2\" content=\"Tiempo de lectura\" \/>\n\t<meta name=\"twitter:data2\" content=\"8 minutos\" \/>\n<script type=\"application\/ld+json\" class=\"yoast-schema-graph\">{\"@context\":\"https:\/\/schema.org\",\"@graph\":[{\"@type\":\"Article\",\"@id\":\"https:\/\/www.pressenza.com\/es\/2019\/01\/la-mitologia-de-israel-moderno\/#article\",\"isPartOf\":{\"@id\":\"https:\/\/www.pressenza.com\/es\/2019\/01\/la-mitologia-de-israel-moderno\/\"},\"author\":{\"name\":\"Redazione Italia\",\"@id\":\"https:\/\/www.pressenza.com\/es\/#\/schema\/person\/d983e81827ae24f2c7b1a2123d197f8d\"},\"headline\":\"La mitolog\u00eda de Israel moderno\",\"datePublished\":\"2019-01-18T23:44:30+00:00\",\"mainEntityOfPage\":{\"@id\":\"https:\/\/www.pressenza.com\/es\/2019\/01\/la-mitologia-de-israel-moderno\/\"},\"wordCount\":1536,\"publisher\":{\"@id\":\"https:\/\/www.pressenza.com\/es\/#organization\"},\"image\":{\"@id\":\"https:\/\/www.pressenza.com\/es\/2019\/01\/la-mitologia-de-israel-moderno\/#primaryimage\"},\"thumbnailUrl\":\"https:\/\/www.pressenza.com\/wp-content\/uploads\/2019\/01\/Pot-Kettle.png\",\"keywords\":[\"di\u00e1spora jud\u00eda\",\"Israel\",\"jud\u00edos\",\"k\u00e1zaros\",\"Palestina\",\"sionismo\"],\"articleSection\":[\"Asuntos internacionales\",\"Cultura y Medios\",\"Derechos Humanos\",\"Internacional\",\"Medio Oriente\",\"Opiniones\",\"Pueblos Originarios\"],\"inLanguage\":\"es\"},{\"@type\":\"WebPage\",\"@id\":\"https:\/\/www.pressenza.com\/es\/2019\/01\/la-mitologia-de-israel-moderno\/\",\"url\":\"https:\/\/www.pressenza.com\/es\/2019\/01\/la-mitologia-de-israel-moderno\/\",\"name\":\"La mitolog\u00eda de Israel moderno\",\"isPartOf\":{\"@id\":\"https:\/\/www.pressenza.com\/es\/#website\"},\"primaryImageOfPage\":{\"@id\":\"https:\/\/www.pressenza.com\/es\/2019\/01\/la-mitologia-de-israel-moderno\/#primaryimage\"},\"image\":{\"@id\":\"https:\/\/www.pressenza.com\/es\/2019\/01\/la-mitologia-de-israel-moderno\/#primaryimage\"},\"thumbnailUrl\":\"https:\/\/www.pressenza.com\/wp-content\/uploads\/2019\/01\/Pot-Kettle.png\",\"datePublished\":\"2019-01-18T23:44:30+00:00\",\"description\":\"Por Tariq Ali Este art\u00edculo es una transcripci\u00f3n extra\u00edda de una conferencia en la Capilla Rothko. \u201c\u2026 Para crear un mito que justificara la existencia del\",\"breadcrumb\":{\"@id\":\"https:\/\/www.pressenza.com\/es\/2019\/01\/la-mitologia-de-israel-moderno\/#breadcrumb\"},\"inLanguage\":\"es\",\"potentialAction\":[{\"@type\":\"ReadAction\",\"target\":[\"https:\/\/www.pressenza.com\/es\/2019\/01\/la-mitologia-de-israel-moderno\/\"]}]},{\"@type\":\"ImageObject\",\"inLanguage\":\"es\",\"@id\":\"https:\/\/www.pressenza.com\/es\/2019\/01\/la-mitologia-de-israel-moderno\/#primaryimage\",\"url\":\"https:\/\/www.pressenza.com\/wp-content\/uploads\/2019\/01\/Pot-Kettle.png\",\"contentUrl\":\"https:\/\/www.pressenza.com\/wp-content\/uploads\/2019\/01\/Pot-Kettle.png\",\"width\":1248,\"height\":899},{\"@type\":\"BreadcrumbList\",\"@id\":\"https:\/\/www.pressenza.com\/es\/2019\/01\/la-mitologia-de-israel-moderno\/#breadcrumb\",\"itemListElement\":[{\"@type\":\"ListItem\",\"position\":1,\"name\":\"Accueil\",\"item\":\"https:\/\/www.pressenza.com\/es\/\"},{\"@type\":\"ListItem\",\"position\":2,\"name\":\"La mitolog\u00eda de Israel moderno\"}]},{\"@type\":\"WebSite\",\"@id\":\"https:\/\/www.pressenza.com\/es\/#website\",\"url\":\"https:\/\/www.pressenza.com\/es\/\",\"name\":\"Pressenza\",\"description\":\"International Press Agency\",\"publisher\":{\"@id\":\"https:\/\/www.pressenza.com\/es\/#organization\"},\"potentialAction\":[{\"@type\":\"SearchAction\",\"target\":{\"@type\":\"EntryPoint\",\"urlTemplate\":\"https:\/\/www.pressenza.com\/es\/?s={search_term_string}\"},\"query-input\":{\"@type\":\"PropertyValueSpecification\",\"valueRequired\":true,\"valueName\":\"search_term_string\"}}],\"inLanguage\":\"es\"},{\"@type\":\"Organization\",\"@id\":\"https:\/\/www.pressenza.com\/es\/#organization\",\"name\":\"Pressenza\",\"url\":\"https:\/\/www.pressenza.com\/es\/\",\"logo\":{\"@type\":\"ImageObject\",\"inLanguage\":\"es\",\"@id\":\"https:\/\/www.pressenza.com\/es\/#\/schema\/logo\/image\/\",\"url\":\"https:\/\/www.pressenza.com\/wp-content\/uploads\/2022\/10\/pressenza_logo_200x200.jpg\",\"contentUrl\":\"https:\/\/www.pressenza.com\/wp-content\/uploads\/2022\/10\/pressenza_logo_200x200.jpg\",\"width\":200,\"height\":200,\"caption\":\"Pressenza\"},\"image\":{\"@id\":\"https:\/\/www.pressenza.com\/es\/#\/schema\/logo\/image\/\"},\"sameAs\":[\"https:\/\/www.facebook.com\/PressenzaItalia\",\"https:\/\/x.com\/PressenzaIPA\"]},{\"@type\":\"Person\",\"@id\":\"https:\/\/www.pressenza.com\/es\/#\/schema\/person\/d983e81827ae24f2c7b1a2123d197f8d\",\"name\":\"Redazione Italia\",\"description\":\"News from the Pressenza Bureau in Italy\",\"sameAs\":[\"https:\/\/www.pressenza.com\/it\/author\/redazione-italia\/\",\"https:\/\/www.facebook.com\/PressenzaItalia\",\"https:\/\/www.instagram.com\/pressenza_italia\/\",\"https:\/\/x.com\/pressenza_it\",\"https:\/\/www.youtube.com\/channel\/UCSalEIWjE1RSxkwjfftFuqg\"],\"url\":\"https:\/\/www.pressenza.com\/es\/author\/redazione-italia\/\"}]}<\/script>\n<!-- \/ Yoast SEO plugin. -->","yoast_head_json":{"title":"La mitolog\u00eda de Israel moderno","description":"Por Tariq Ali Este art\u00edculo es una transcripci\u00f3n extra\u00edda de una conferencia en la Capilla Rothko. \u201c\u2026 Para crear un mito que justificara la existencia del","robots":{"index":"index","follow":"follow","max-snippet":"max-snippet:-1","max-image-preview":"max-image-preview:large","max-video-preview":"max-video-preview:-1"},"canonical":"https:\/\/www.pressenza.com\/es\/2019\/01\/la-mitologia-de-israel-moderno\/","og_locale":"es_ES","og_type":"article","og_title":"La mitolog\u00eda de Israel moderno","og_description":"Por Tariq Ali Este art\u00edculo es una transcripci\u00f3n extra\u00edda de una conferencia en la Capilla Rothko. \u201c\u2026 Para crear un mito que justificara la existencia del","og_url":"https:\/\/www.pressenza.com\/es\/2019\/01\/la-mitologia-de-israel-moderno\/","og_site_name":"Pressenza","article_publisher":"https:\/\/www.facebook.com\/PressenzaItalia","article_author":"https:\/\/www.facebook.com\/PressenzaItalia","article_published_time":"2019-01-18T23:44:30+00:00","og_image":[{"width":1248,"height":899,"url":"https:\/\/www.pressenza.com\/wp-content\/uploads\/2019\/01\/Pot-Kettle.png","type":"image\/png"}],"author":"Redazione Italia","twitter_card":"summary_large_image","twitter_creator":"@pressenza_it","twitter_site":"@PressenzaIPA","twitter_misc":{"Escrito por":"Redazione Italia","Tiempo de lectura":"8 minutos"},"schema":{"@context":"https:\/\/schema.org","@graph":[{"@type":"Article","@id":"https:\/\/www.pressenza.com\/es\/2019\/01\/la-mitologia-de-israel-moderno\/#article","isPartOf":{"@id":"https:\/\/www.pressenza.com\/es\/2019\/01\/la-mitologia-de-israel-moderno\/"},"author":{"name":"Redazione Italia","@id":"https:\/\/www.pressenza.com\/es\/#\/schema\/person\/d983e81827ae24f2c7b1a2123d197f8d"},"headline":"La mitolog\u00eda de Israel moderno","datePublished":"2019-01-18T23:44:30+00:00","mainEntityOfPage":{"@id":"https:\/\/www.pressenza.com\/es\/2019\/01\/la-mitologia-de-israel-moderno\/"},"wordCount":1536,"publisher":{"@id":"https:\/\/www.pressenza.com\/es\/#organization"},"image":{"@id":"https:\/\/www.pressenza.com\/es\/2019\/01\/la-mitologia-de-israel-moderno\/#primaryimage"},"thumbnailUrl":"https:\/\/www.pressenza.com\/wp-content\/uploads\/2019\/01\/Pot-Kettle.png","keywords":["di\u00e1spora jud\u00eda","Israel","jud\u00edos","k\u00e1zaros","Palestina","sionismo"],"articleSection":["Asuntos internacionales","Cultura y Medios","Derechos Humanos","Internacional","Medio Oriente","Opiniones","Pueblos Originarios"],"inLanguage":"es"},{"@type":"WebPage","@id":"https:\/\/www.pressenza.com\/es\/2019\/01\/la-mitologia-de-israel-moderno\/","url":"https:\/\/www.pressenza.com\/es\/2019\/01\/la-mitologia-de-israel-moderno\/","name":"La mitolog\u00eda de Israel moderno","isPartOf":{"@id":"https:\/\/www.pressenza.com\/es\/#website"},"primaryImageOfPage":{"@id":"https:\/\/www.pressenza.com\/es\/2019\/01\/la-mitologia-de-israel-moderno\/#primaryimage"},"image":{"@id":"https:\/\/www.pressenza.com\/es\/2019\/01\/la-mitologia-de-israel-moderno\/#primaryimage"},"thumbnailUrl":"https:\/\/www.pressenza.com\/wp-content\/uploads\/2019\/01\/Pot-Kettle.png","datePublished":"2019-01-18T23:44:30+00:00","description":"Por Tariq Ali Este art\u00edculo es una transcripci\u00f3n extra\u00edda de una conferencia en la Capilla Rothko. \u201c\u2026 Para crear un mito que justificara la existencia del","breadcrumb":{"@id":"https:\/\/www.pressenza.com\/es\/2019\/01\/la-mitologia-de-israel-moderno\/#breadcrumb"},"inLanguage":"es","potentialAction":[{"@type":"ReadAction","target":["https:\/\/www.pressenza.com\/es\/2019\/01\/la-mitologia-de-israel-moderno\/"]}]},{"@type":"ImageObject","inLanguage":"es","@id":"https:\/\/www.pressenza.com\/es\/2019\/01\/la-mitologia-de-israel-moderno\/#primaryimage","url":"https:\/\/www.pressenza.com\/wp-content\/uploads\/2019\/01\/Pot-Kettle.png","contentUrl":"https:\/\/www.pressenza.com\/wp-content\/uploads\/2019\/01\/Pot-Kettle.png","width":1248,"height":899},{"@type":"BreadcrumbList","@id":"https:\/\/www.pressenza.com\/es\/2019\/01\/la-mitologia-de-israel-moderno\/#breadcrumb","itemListElement":[{"@type":"ListItem","position":1,"name":"Accueil","item":"https:\/\/www.pressenza.com\/es\/"},{"@type":"ListItem","position":2,"name":"La mitolog\u00eda de Israel moderno"}]},{"@type":"WebSite","@id":"https:\/\/www.pressenza.com\/es\/#website","url":"https:\/\/www.pressenza.com\/es\/","name":"Pressenza","description":"International Press Agency","publisher":{"@id":"https:\/\/www.pressenza.com\/es\/#organization"},"potentialAction":[{"@type":"SearchAction","target":{"@type":"EntryPoint","urlTemplate":"https:\/\/www.pressenza.com\/es\/?s={search_term_string}"},"query-input":{"@type":"PropertyValueSpecification","valueRequired":true,"valueName":"search_term_string"}}],"inLanguage":"es"},{"@type":"Organization","@id":"https:\/\/www.pressenza.com\/es\/#organization","name":"Pressenza","url":"https:\/\/www.pressenza.com\/es\/","logo":{"@type":"ImageObject","inLanguage":"es","@id":"https:\/\/www.pressenza.com\/es\/#\/schema\/logo\/image\/","url":"https:\/\/www.pressenza.com\/wp-content\/uploads\/2022\/10\/pressenza_logo_200x200.jpg","contentUrl":"https:\/\/www.pressenza.com\/wp-content\/uploads\/2022\/10\/pressenza_logo_200x200.jpg","width":200,"height":200,"caption":"Pressenza"},"image":{"@id":"https:\/\/www.pressenza.com\/es\/#\/schema\/logo\/image\/"},"sameAs":["https:\/\/www.facebook.com\/PressenzaItalia","https:\/\/x.com\/PressenzaIPA"]},{"@type":"Person","@id":"https:\/\/www.pressenza.com\/es\/#\/schema\/person\/d983e81827ae24f2c7b1a2123d197f8d","name":"Redazione Italia","description":"News from the Pressenza Bureau in Italy","sameAs":["https:\/\/www.pressenza.com\/it\/author\/redazione-italia\/","https:\/\/www.facebook.com\/PressenzaItalia","https:\/\/www.instagram.com\/pressenza_italia\/","https:\/\/x.com\/pressenza_it","https:\/\/www.youtube.com\/channel\/UCSalEIWjE1RSxkwjfftFuqg"],"url":"https:\/\/www.pressenza.com\/es\/author\/redazione-italia\/"}]}},"place":"","original_article_url":"","_links":{"self":[{"href":"https:\/\/www.pressenza.com\/es\/wp-json\/wp\/v2\/posts\/790950","targetHints":{"allow":["GET"]}}],"collection":[{"href":"https:\/\/www.pressenza.com\/es\/wp-json\/wp\/v2\/posts"}],"about":[{"href":"https:\/\/www.pressenza.com\/es\/wp-json\/wp\/v2\/types\/post"}],"author":[{"embeddable":true,"href":"https:\/\/www.pressenza.com\/es\/wp-json\/wp\/v2\/users\/594"}],"replies":[{"embeddable":true,"href":"https:\/\/www.pressenza.com\/es\/wp-json\/wp\/v2\/comments?post=790950"}],"version-history":[{"count":0,"href":"https:\/\/www.pressenza.com\/es\/wp-json\/wp\/v2\/posts\/790950\/revisions"}],"wp:featuredmedia":[{"embeddable":true,"href":"https:\/\/www.pressenza.com\/es\/wp-json\/wp\/v2\/media\/790737"}],"wp:attachment":[{"href":"https:\/\/www.pressenza.com\/es\/wp-json\/wp\/v2\/media?parent=790950"}],"wp:term":[{"taxonomy":"category","embeddable":true,"href":"https:\/\/www.pressenza.com\/es\/wp-json\/wp\/v2\/categories?post=790950"},{"taxonomy":"post_tag","embeddable":true,"href":"https:\/\/www.pressenza.com\/es\/wp-json\/wp\/v2\/tags?post=790950"}],"curies":[{"name":"wp","href":"https:\/\/api.w.org\/{rel}","templated":true}]}}