{"id":789548,"date":"2019-01-16T01:00:50","date_gmt":"2019-01-16T01:00:50","guid":{"rendered":"https:\/\/www.pressenza.com\/?p=789548"},"modified":"2019-01-16T01:00:50","modified_gmt":"2019-01-16T01:00:50","slug":"evo-morales-denuncia-la-condena-injusta-a-milagro-sala","status":"publish","type":"post","link":"https:\/\/www.pressenza.com\/es\/2019\/01\/evo-morales-denuncia-la-condena-injusta-a-milagro-sala\/","title":{"rendered":"Evo Morales denuncia la \u00abcondena injusta\u201d a Milagro Sala"},"content":{"rendered":"<p>Entre las muchas voces que se han alzado hoy a nivel internacional cuando se dio a conocer la condena de Milagro Sala por la causa \u00abPibe Villeros\u00bb destaca la de Evo Morales, Presidente de Bolivia que en un tweet desde su cuenta personal dice:<\/p>\n<p><em>Nuestra solidaridad con Milagro Sala, injustamente condenada a 13 a\u00f1os de prisi\u00f3n por luchar por una vida mejor para los pobres e ind\u00edgenas de su pa\u00eds. Esperamos que esta situaci\u00f3n se invierta y le deseamos mucha fuerza en estos tiempos dif\u00edciles.<\/em><\/p>\n<p>Evo Morales ya hab\u00eda estado cerca de la causa de la l\u00edder de Tupac Amaru con quien comparte la l\u00ednea general de reivindicaci\u00f3n de la Abya Yala, que es el nombre que algunos pueblos ind\u00edgenas dieron y dan a Am\u00e9rica en el sentido de recuperar y dar vida a las tradiciones de los pueblos originarios.<\/p>\n","protected":false},"excerpt":{"rendered":"<p>Entre las muchas voces que se han alzado hoy a nivel internacional cuando se dio a conocer la condena de Milagro Sala por la causa \u00abPibe Villeros\u00bb destaca la de Evo Morales, Presidente de Bolivia que en un tweet desde&hellip;<\/p>\n","protected":false},"author":594,"featured_media":789185,"comment_status":"closed","ping_status":"closed","sticky":false,"template":"","format":"standard","meta":{"footnotes":""},"categories":[11389,79,39,80,67],"tags":[26,1646,1059,1266,1096],"class_list":["post-789548","post","type-post","status-publish","format-standard","has-post-thumbnail","hentry","category-contenido-original","category-derechos-humanos","category-internacional","category-pueblos-originarios","category-sudamerica","tag-argentina","tag-bolivia","tag-evo-morales","tag-milagro-sala","tag-tupac-amaru"],"yoast_head":"<!-- This site is optimized with the Yoast SEO plugin v27.1.1 - https:\/\/yoast.com\/product\/yoast-seo-wordpress\/ -->\n<title>Evo Morales denuncia la &quot;condena injusta\u201d a Milagro Sala<\/title>\n<meta name=\"description\" content=\"Entre las muchas voces que se han alzado hoy a nivel internacional cuando se dio a conocer la condena de Milagro Sala por la causa &quot;Pibe Villeros&quot; destaca\" \/>\n<meta name=\"robots\" content=\"index, follow, max-snippet:-1, max-image-preview:large, max-video-preview:-1\" \/>\n<link rel=\"canonical\" href=\"https:\/\/www.pressenza.com\/es\/2019\/01\/evo-morales-denuncia-la-condena-injusta-a-milagro-sala\/\" \/>\n<meta property=\"og:locale\" content=\"es_ES\" \/>\n<meta property=\"og:type\" content=\"article\" \/>\n<meta property=\"og:title\" content=\"Evo Morales denuncia la &quot;condena injusta\u201d a Milagro Sala\" \/>\n<meta property=\"og:description\" content=\"Entre las muchas voces que se han alzado hoy a nivel internacional cuando se dio a conocer la condena de Milagro Sala por la causa &quot;Pibe Villeros&quot; destaca\" \/>\n<meta property=\"og:url\" content=\"https:\/\/www.pressenza.com\/es\/2019\/01\/evo-morales-denuncia-la-condena-injusta-a-milagro-sala\/\" \/>\n<meta property=\"og:site_name\" content=\"Pressenza\" \/>\n<meta property=\"article:publisher\" content=\"https:\/\/www.facebook.com\/PressenzaItalia\" \/>\n<meta property=\"article:author\" content=\"https:\/\/www.facebook.com\/PressenzaItalia\" \/>\n<meta property=\"article:published_time\" content=\"2019-01-16T01:00:50+00:00\" \/>\n<meta property=\"og:image\" content=\"https:\/\/www.pressenza.com\/wp-content\/uploads\/2019\/01\/evo-morales.jpg\" \/>\n\t<meta property=\"og:image:width\" content=\"937\" \/>\n\t<meta property=\"og:image:height\" content=\"528\" \/>\n\t<meta property=\"og:image:type\" content=\"image\/jpeg\" \/>\n<meta name=\"author\" content=\"Redazione Italia\" \/>\n<meta name=\"twitter:card\" content=\"summary_large_image\" \/>\n<meta name=\"twitter:creator\" content=\"@pressenza_it\" \/>\n<meta name=\"twitter:site\" content=\"@PressenzaIPA\" \/>\n<meta name=\"twitter:label1\" content=\"Escrito por\" \/>\n\t<meta name=\"twitter:data1\" content=\"Redazione Italia\" \/>\n\t<meta name=\"twitter:label2\" content=\"Tiempo de lectura\" \/>\n\t<meta name=\"twitter:data2\" content=\"1 minuto\" \/>\n<script type=\"application\/ld+json\" class=\"yoast-schema-graph\">{\"@context\":\"https:\/\/schema.org\",\"@graph\":[{\"@type\":\"Article\",\"@id\":\"https:\/\/www.pressenza.com\/es\/2019\/01\/evo-morales-denuncia-la-condena-injusta-a-milagro-sala\/#article\",\"isPartOf\":{\"@id\":\"https:\/\/www.pressenza.com\/es\/2019\/01\/evo-morales-denuncia-la-condena-injusta-a-milagro-sala\/\"},\"author\":{\"name\":\"Redazione Italia\",\"@id\":\"https:\/\/www.pressenza.com\/es\/#\/schema\/person\/d983e81827ae24f2c7b1a2123d197f8d\"},\"headline\":\"Evo Morales denuncia la \u00abcondena injusta\u201d a Milagro Sala\",\"datePublished\":\"2019-01-16T01:00:50+00:00\",\"mainEntityOfPage\":{\"@id\":\"https:\/\/www.pressenza.com\/es\/2019\/01\/evo-morales-denuncia-la-condena-injusta-a-milagro-sala\/\"},\"wordCount\":160,\"publisher\":{\"@id\":\"https:\/\/www.pressenza.com\/es\/#organization\"},\"image\":{\"@id\":\"https:\/\/www.pressenza.com\/es\/2019\/01\/evo-morales-denuncia-la-condena-injusta-a-milagro-sala\/#primaryimage\"},\"thumbnailUrl\":\"https:\/\/www.pressenza.com\/wp-content\/uploads\/2019\/01\/evo-morales.jpg\",\"keywords\":[\"Argentina\",\"Bolivia\",\"Evo Morales\",\"Milagro Sala\",\"Tupac Amaru\"],\"articleSection\":[\"Contenido Original\",\"Derechos Humanos\",\"Internacional\",\"Pueblos Originarios\",\"Sudam\u00e9rica\"],\"inLanguage\":\"es\"},{\"@type\":\"WebPage\",\"@id\":\"https:\/\/www.pressenza.com\/es\/2019\/01\/evo-morales-denuncia-la-condena-injusta-a-milagro-sala\/\",\"url\":\"https:\/\/www.pressenza.com\/es\/2019\/01\/evo-morales-denuncia-la-condena-injusta-a-milagro-sala\/\",\"name\":\"Evo Morales denuncia la \\\"condena injusta\u201d a Milagro Sala\",\"isPartOf\":{\"@id\":\"https:\/\/www.pressenza.com\/es\/#website\"},\"primaryImageOfPage\":{\"@id\":\"https:\/\/www.pressenza.com\/es\/2019\/01\/evo-morales-denuncia-la-condena-injusta-a-milagro-sala\/#primaryimage\"},\"image\":{\"@id\":\"https:\/\/www.pressenza.com\/es\/2019\/01\/evo-morales-denuncia-la-condena-injusta-a-milagro-sala\/#primaryimage\"},\"thumbnailUrl\":\"https:\/\/www.pressenza.com\/wp-content\/uploads\/2019\/01\/evo-morales.jpg\",\"datePublished\":\"2019-01-16T01:00:50+00:00\",\"description\":\"Entre las muchas voces que se han alzado hoy a nivel internacional cuando se dio a conocer la condena de Milagro Sala por la causa \\\"Pibe Villeros\\\" destaca\",\"breadcrumb\":{\"@id\":\"https:\/\/www.pressenza.com\/es\/2019\/01\/evo-morales-denuncia-la-condena-injusta-a-milagro-sala\/#breadcrumb\"},\"inLanguage\":\"es\",\"potentialAction\":[{\"@type\":\"ReadAction\",\"target\":[\"https:\/\/www.pressenza.com\/es\/2019\/01\/evo-morales-denuncia-la-condena-injusta-a-milagro-sala\/\"]}]},{\"@type\":\"ImageObject\",\"inLanguage\":\"es\",\"@id\":\"https:\/\/www.pressenza.com\/es\/2019\/01\/evo-morales-denuncia-la-condena-injusta-a-milagro-sala\/#primaryimage\",\"url\":\"https:\/\/www.pressenza.com\/wp-content\/uploads\/2019\/01\/evo-morales.jpg\",\"contentUrl\":\"https:\/\/www.pressenza.com\/wp-content\/uploads\/2019\/01\/evo-morales.jpg\",\"width\":937,\"height\":528},{\"@type\":\"BreadcrumbList\",\"@id\":\"https:\/\/www.pressenza.com\/es\/2019\/01\/evo-morales-denuncia-la-condena-injusta-a-milagro-sala\/#breadcrumb\",\"itemListElement\":[{\"@type\":\"ListItem\",\"position\":1,\"name\":\"Accueil\",\"item\":\"https:\/\/www.pressenza.com\/es\/\"},{\"@type\":\"ListItem\",\"position\":2,\"name\":\"Evo Morales denuncia la \u00abcondena injusta\u201d a Milagro Sala\"}]},{\"@type\":\"WebSite\",\"@id\":\"https:\/\/www.pressenza.com\/es\/#website\",\"url\":\"https:\/\/www.pressenza.com\/es\/\",\"name\":\"Pressenza\",\"description\":\"International Press Agency\",\"publisher\":{\"@id\":\"https:\/\/www.pressenza.com\/es\/#organization\"},\"potentialAction\":[{\"@type\":\"SearchAction\",\"target\":{\"@type\":\"EntryPoint\",\"urlTemplate\":\"https:\/\/www.pressenza.com\/es\/?s={search_term_string}\"},\"query-input\":{\"@type\":\"PropertyValueSpecification\",\"valueRequired\":true,\"valueName\":\"search_term_string\"}}],\"inLanguage\":\"es\"},{\"@type\":\"Organization\",\"@id\":\"https:\/\/www.pressenza.com\/es\/#organization\",\"name\":\"Pressenza\",\"url\":\"https:\/\/www.pressenza.com\/es\/\",\"logo\":{\"@type\":\"ImageObject\",\"inLanguage\":\"es\",\"@id\":\"https:\/\/www.pressenza.com\/es\/#\/schema\/logo\/image\/\",\"url\":\"https:\/\/www.pressenza.com\/wp-content\/uploads\/2022\/10\/pressenza_logo_200x200.jpg\",\"contentUrl\":\"https:\/\/www.pressenza.com\/wp-content\/uploads\/2022\/10\/pressenza_logo_200x200.jpg\",\"width\":200,\"height\":200,\"caption\":\"Pressenza\"},\"image\":{\"@id\":\"https:\/\/www.pressenza.com\/es\/#\/schema\/logo\/image\/\"},\"sameAs\":[\"https:\/\/www.facebook.com\/PressenzaItalia\",\"https:\/\/x.com\/PressenzaIPA\"]},{\"@type\":\"Person\",\"@id\":\"https:\/\/www.pressenza.com\/es\/#\/schema\/person\/d983e81827ae24f2c7b1a2123d197f8d\",\"name\":\"Redazione Italia\",\"description\":\"News from the Pressenza Bureau in Italy\",\"sameAs\":[\"https:\/\/www.pressenza.com\/it\/author\/redazione-italia\/\",\"https:\/\/www.facebook.com\/PressenzaItalia\",\"https:\/\/www.instagram.com\/pressenza_italia\/\",\"https:\/\/x.com\/pressenza_it\",\"https:\/\/www.youtube.com\/channel\/UCSalEIWjE1RSxkwjfftFuqg\"],\"url\":\"https:\/\/www.pressenza.com\/es\/author\/redazione-italia\/\"}]}<\/script>\n<!-- \/ Yoast SEO plugin. -->","yoast_head_json":{"title":"Evo Morales denuncia la \"condena injusta\u201d a Milagro Sala","description":"Entre las muchas voces que se han alzado hoy a nivel internacional cuando se dio a conocer la condena de Milagro Sala por la causa \"Pibe Villeros\" destaca","robots":{"index":"index","follow":"follow","max-snippet":"max-snippet:-1","max-image-preview":"max-image-preview:large","max-video-preview":"max-video-preview:-1"},"canonical":"https:\/\/www.pressenza.com\/es\/2019\/01\/evo-morales-denuncia-la-condena-injusta-a-milagro-sala\/","og_locale":"es_ES","og_type":"article","og_title":"Evo Morales denuncia la \"condena injusta\u201d a Milagro Sala","og_description":"Entre las muchas voces que se han alzado hoy a nivel internacional cuando se dio a conocer la condena de Milagro Sala por la causa \"Pibe Villeros\" destaca","og_url":"https:\/\/www.pressenza.com\/es\/2019\/01\/evo-morales-denuncia-la-condena-injusta-a-milagro-sala\/","og_site_name":"Pressenza","article_publisher":"https:\/\/www.facebook.com\/PressenzaItalia","article_author":"https:\/\/www.facebook.com\/PressenzaItalia","article_published_time":"2019-01-16T01:00:50+00:00","og_image":[{"width":937,"height":528,"url":"https:\/\/www.pressenza.com\/wp-content\/uploads\/2019\/01\/evo-morales.jpg","type":"image\/jpeg"}],"author":"Redazione Italia","twitter_card":"summary_large_image","twitter_creator":"@pressenza_it","twitter_site":"@PressenzaIPA","twitter_misc":{"Escrito por":"Redazione Italia","Tiempo de lectura":"1 minuto"},"schema":{"@context":"https:\/\/schema.org","@graph":[{"@type":"Article","@id":"https:\/\/www.pressenza.com\/es\/2019\/01\/evo-morales-denuncia-la-condena-injusta-a-milagro-sala\/#article","isPartOf":{"@id":"https:\/\/www.pressenza.com\/es\/2019\/01\/evo-morales-denuncia-la-condena-injusta-a-milagro-sala\/"},"author":{"name":"Redazione Italia","@id":"https:\/\/www.pressenza.com\/es\/#\/schema\/person\/d983e81827ae24f2c7b1a2123d197f8d"},"headline":"Evo Morales denuncia la \u00abcondena injusta\u201d a Milagro Sala","datePublished":"2019-01-16T01:00:50+00:00","mainEntityOfPage":{"@id":"https:\/\/www.pressenza.com\/es\/2019\/01\/evo-morales-denuncia-la-condena-injusta-a-milagro-sala\/"},"wordCount":160,"publisher":{"@id":"https:\/\/www.pressenza.com\/es\/#organization"},"image":{"@id":"https:\/\/www.pressenza.com\/es\/2019\/01\/evo-morales-denuncia-la-condena-injusta-a-milagro-sala\/#primaryimage"},"thumbnailUrl":"https:\/\/www.pressenza.com\/wp-content\/uploads\/2019\/01\/evo-morales.jpg","keywords":["Argentina","Bolivia","Evo Morales","Milagro Sala","Tupac Amaru"],"articleSection":["Contenido Original","Derechos Humanos","Internacional","Pueblos Originarios","Sudam\u00e9rica"],"inLanguage":"es"},{"@type":"WebPage","@id":"https:\/\/www.pressenza.com\/es\/2019\/01\/evo-morales-denuncia-la-condena-injusta-a-milagro-sala\/","url":"https:\/\/www.pressenza.com\/es\/2019\/01\/evo-morales-denuncia-la-condena-injusta-a-milagro-sala\/","name":"Evo Morales denuncia la \"condena injusta\u201d a Milagro Sala","isPartOf":{"@id":"https:\/\/www.pressenza.com\/es\/#website"},"primaryImageOfPage":{"@id":"https:\/\/www.pressenza.com\/es\/2019\/01\/evo-morales-denuncia-la-condena-injusta-a-milagro-sala\/#primaryimage"},"image":{"@id":"https:\/\/www.pressenza.com\/es\/2019\/01\/evo-morales-denuncia-la-condena-injusta-a-milagro-sala\/#primaryimage"},"thumbnailUrl":"https:\/\/www.pressenza.com\/wp-content\/uploads\/2019\/01\/evo-morales.jpg","datePublished":"2019-01-16T01:00:50+00:00","description":"Entre las muchas voces que se han alzado hoy a nivel internacional cuando se dio a conocer la condena de Milagro Sala por la causa \"Pibe Villeros\" destaca","breadcrumb":{"@id":"https:\/\/www.pressenza.com\/es\/2019\/01\/evo-morales-denuncia-la-condena-injusta-a-milagro-sala\/#breadcrumb"},"inLanguage":"es","potentialAction":[{"@type":"ReadAction","target":["https:\/\/www.pressenza.com\/es\/2019\/01\/evo-morales-denuncia-la-condena-injusta-a-milagro-sala\/"]}]},{"@type":"ImageObject","inLanguage":"es","@id":"https:\/\/www.pressenza.com\/es\/2019\/01\/evo-morales-denuncia-la-condena-injusta-a-milagro-sala\/#primaryimage","url":"https:\/\/www.pressenza.com\/wp-content\/uploads\/2019\/01\/evo-morales.jpg","contentUrl":"https:\/\/www.pressenza.com\/wp-content\/uploads\/2019\/01\/evo-morales.jpg","width":937,"height":528},{"@type":"BreadcrumbList","@id":"https:\/\/www.pressenza.com\/es\/2019\/01\/evo-morales-denuncia-la-condena-injusta-a-milagro-sala\/#breadcrumb","itemListElement":[{"@type":"ListItem","position":1,"name":"Accueil","item":"https:\/\/www.pressenza.com\/es\/"},{"@type":"ListItem","position":2,"name":"Evo Morales denuncia la \u00abcondena injusta\u201d a Milagro Sala"}]},{"@type":"WebSite","@id":"https:\/\/www.pressenza.com\/es\/#website","url":"https:\/\/www.pressenza.com\/es\/","name":"Pressenza","description":"International Press Agency","publisher":{"@id":"https:\/\/www.pressenza.com\/es\/#organization"},"potentialAction":[{"@type":"SearchAction","target":{"@type":"EntryPoint","urlTemplate":"https:\/\/www.pressenza.com\/es\/?s={search_term_string}"},"query-input":{"@type":"PropertyValueSpecification","valueRequired":true,"valueName":"search_term_string"}}],"inLanguage":"es"},{"@type":"Organization","@id":"https:\/\/www.pressenza.com\/es\/#organization","name":"Pressenza","url":"https:\/\/www.pressenza.com\/es\/","logo":{"@type":"ImageObject","inLanguage":"es","@id":"https:\/\/www.pressenza.com\/es\/#\/schema\/logo\/image\/","url":"https:\/\/www.pressenza.com\/wp-content\/uploads\/2022\/10\/pressenza_logo_200x200.jpg","contentUrl":"https:\/\/www.pressenza.com\/wp-content\/uploads\/2022\/10\/pressenza_logo_200x200.jpg","width":200,"height":200,"caption":"Pressenza"},"image":{"@id":"https:\/\/www.pressenza.com\/es\/#\/schema\/logo\/image\/"},"sameAs":["https:\/\/www.facebook.com\/PressenzaItalia","https:\/\/x.com\/PressenzaIPA"]},{"@type":"Person","@id":"https:\/\/www.pressenza.com\/es\/#\/schema\/person\/d983e81827ae24f2c7b1a2123d197f8d","name":"Redazione Italia","description":"News from the Pressenza Bureau in Italy","sameAs":["https:\/\/www.pressenza.com\/it\/author\/redazione-italia\/","https:\/\/www.facebook.com\/PressenzaItalia","https:\/\/www.instagram.com\/pressenza_italia\/","https:\/\/x.com\/pressenza_it","https:\/\/www.youtube.com\/channel\/UCSalEIWjE1RSxkwjfftFuqg"],"url":"https:\/\/www.pressenza.com\/es\/author\/redazione-italia\/"}]}},"place":"","original_article_url":"","_links":{"self":[{"href":"https:\/\/www.pressenza.com\/es\/wp-json\/wp\/v2\/posts\/789548","targetHints":{"allow":["GET"]}}],"collection":[{"href":"https:\/\/www.pressenza.com\/es\/wp-json\/wp\/v2\/posts"}],"about":[{"href":"https:\/\/www.pressenza.com\/es\/wp-json\/wp\/v2\/types\/post"}],"author":[{"embeddable":true,"href":"https:\/\/www.pressenza.com\/es\/wp-json\/wp\/v2\/users\/594"}],"replies":[{"embeddable":true,"href":"https:\/\/www.pressenza.com\/es\/wp-json\/wp\/v2\/comments?post=789548"}],"version-history":[{"count":0,"href":"https:\/\/www.pressenza.com\/es\/wp-json\/wp\/v2\/posts\/789548\/revisions"}],"wp:featuredmedia":[{"embeddable":true,"href":"https:\/\/www.pressenza.com\/es\/wp-json\/wp\/v2\/media\/789185"}],"wp:attachment":[{"href":"https:\/\/www.pressenza.com\/es\/wp-json\/wp\/v2\/media?parent=789548"}],"wp:term":[{"taxonomy":"category","embeddable":true,"href":"https:\/\/www.pressenza.com\/es\/wp-json\/wp\/v2\/categories?post=789548"},{"taxonomy":"post_tag","embeddable":true,"href":"https:\/\/www.pressenza.com\/es\/wp-json\/wp\/v2\/tags?post=789548"}],"curies":[{"name":"wp","href":"https:\/\/api.w.org\/{rel}","templated":true}]}}