{"id":789167,"date":"2019-01-15T16:18:03","date_gmt":"2019-01-15T16:18:03","guid":{"rendered":"https:\/\/www.pressenza.com\/?p=789167"},"modified":"2019-01-15T16:20:05","modified_gmt":"2019-01-15T16:20:05","slug":"la-izquierda-necesaria-mucho-mas-que-gasto-social","status":"publish","type":"post","link":"https:\/\/www.pressenza.com\/es\/2019\/01\/la-izquierda-necesaria-mucho-mas-que-gasto-social\/","title":{"rendered":"La izquierda necesaria: mucho m\u00e1s que gasto social"},"content":{"rendered":"<p><em><strong>Por Ignacio Muro de Economistas Frente a la Crisis<\/strong><\/em><\/p>\n<p>Los estragos de la crisis y c\u00f3mo recuperar los d\u00e9ficits sociales que ha provocado siguen determinando, diez a\u00f1os despu\u00e9s, las pol\u00edticas de la izquierda. Ocurre que el momento actual no tiene esa \u00fanica lectura, que prioriza la recuperaci\u00f3n de las p\u00e9rdidas en el gasto social como par\u00e1metro b\u00e1sico de referencia, sino que nos confronta tambi\u00e9n con una reconversi\u00f3n estrat\u00e9gica del capitalismo con convulsas consecuencias sobre el sistema productivo y las relaciones sociales.<\/p>\n<p>La digitalizaci\u00f3n (precariedad, uberizaci\u00f3n), la crisis demogr\u00e1fica (inmigraci\u00f3n, envejecimiento) y sus consecuencias sobre la igualdad de genero (crisis de los cuidados) o, por \u00faltimo, la descarbonizaci\u00f3n (cambio clim\u00e1tico, fin de los combustibles f\u00f3siles), son cuatro tsunamis que muerden la realidad diaria y los comportamientos pol\u00edticos de la ciudadan\u00eda cada vez m\u00e1s, tanto m\u00e1s que los d\u00e9ficits sociales que provoc\u00f3 la crisis.<\/p>\n<p>Todo ello incita a un cambio cultural con la sensaci\u00f3n creciente de fin de \u00e9poca que alimenta un imaginario de decadencia, de riesgos frecuentes, con un mundo que se aleja del sentido com\u00fan y de la sensatez. Ese ambiente, convenientemente manipulado, moldea los miedos de los colectivos m\u00e1s apegados a las tradiciones, especialmente en entornos rurales pero tambi\u00e9n en capas urbanas centrales, que recelan de las m\u00faltiples demandas dispersas de otros grupos sociales que desean una adaptaci\u00f3n r\u00e1pida al nuevo entorno. Es en ese conflicto donde anidan los s\u00fabitos \u00e9xitos obtenidos por los marcos ideol\u00f3gicos de Vox en Andaluc\u00eda, como antes lo fueron Trump en EEUU o Bolsonaro en Brasil.<\/p>\n<p>La dispersi\u00f3n y volatilidad de posiciones que ello acarrea en sus aspectos ideol\u00f3gicos y sociales genera liderazgos ef\u00edmeros y abona un escenario tremendamente dif\u00edcil para las izquierdas: cuando en medio de una batalla cultural acelerada, asume las posiciones m\u00e1s avanzadas y vanguardistas de las nuevas demandas, corre el riesgo de caer en posturas elitistas o de contaminarse de gestos percibidos por ciertos grupos como extravagantes. Por otro, cuando vincula su se\u00f1a de identidad al incremento del gasto social y la redistribuci\u00f3n de rentas se enfrenta con una realidad tozuda: que la elusi\u00f3n fiscal de las grandes corporaciones y de las clases acomodadas que caracteriza la globalizaci\u00f3n neoliberal ha acentuado la capacidad del capitalismo para generar desigualdades mientas dificulta la capacidad para corregirlas v\u00eda pol\u00edticas redistributivas.<\/p>\n<p><strong>De la batalla cultural al enfrentamiento interclasista<\/strong><\/p>\n<p>En ese contexto, la capacidad de ara\u00f1ar recursos equivalentes a tres puntos de PIB a unas \u00e9lites blindadas mediante relaciones de poder globales, que es de lo que se trata, requiere una alta determinaci\u00f3n y una gran habilidad para concentrar fuerzas dispersas capaces de vencer resistencias. Pero, del mismo modo, el discurso distributivo de la izquierda se percibe como ret\u00f3rico y vac\u00edo, cuando se insiste en \u00e9l mientras se evidencia que no dispone de fuerzas (o de voluntad) para el cambio. Es entonces, cuando aparece como buenista o falta de realismo.<\/p>\n<p>Es sabido que el sistema impositivo ha virado en los pa\u00edses de la OCDE desde la fiscalidad a las empresas a la fiscalidad a las familias y, dentro de ellas, ha descargado a las grandes fortunas y desplazado sobre las rentas del trabajo de las clases medias el peso de la tributaci\u00f3n. La redistribuci\u00f3n de rentas desde las \u00e9lites econ\u00f3micas hacia abajo se limita y sustituye por otra m\u00e1s horizontal, que favorece el enfrentamiento entre clases medias y trabajadoras en funci\u00f3n de lo que perciben es su balance hacia lo p\u00fablico.<\/p>\n<p>De un lado, las que agobiadas por la merma del poder adquisitivo, asumen un futuro de dependencia de las redes p\u00fablicas y demandan m\u00e1s recursos en sanidad, en educaci\u00f3n y dependencia; de otro, las que se sienten contribuyentes netos, porque no reciben contraprestaciones p\u00fablicas suficientes en relaci\u00f3n con los impuestos que pagan y sienten que el \u201cascenso de los otros\u201d se hace a costa de su sacrificio.<\/p>\n<p><strong>Una izquierda doblemente \u00abculpable\u00bb: por lo que hace mal y por lo que hace bien<\/strong><\/p>\n<p>Esa percepci\u00f3n hace que en Andaluc\u00eda se haya reproducido el camino de otras realidades europeas o americanas, como la reciente de Brasil. Los recelos contra parados, pobres e inmigrantes que reclaman subsidio o derechos, son rasgos de la creciente radicalizaci\u00f3n y el desplazamiento hacia el autoritarismo de parte de las clases medias en todo el mundo. De modo que, mirando la distribuci\u00f3n de la renta en clave de barrios, justifica, por ejemplo, que, en Sevilla, el gasto social que reclaman desde el marginado pol\u00edgono Sur de las 3000 viviendas se sienta que procede no de las el\u00e9ctricas ni de la banca sino de los vecinos de Los Remedios o del Casco Antiguo.<\/p>\n<p>La paradoja del momento es que la izquierda es atacada no solo por lo que no hace o hace mal, sino por lo que intenta hacer o hace bien. Sufre el enfriamiento de sectores populares por su incapacidad para vencer resistencias de los lobbies poderosos mientras recibe, simult\u00e1neamente, ataques furibundos desde sectores de las clases medias por defender a los m\u00e1s d\u00e9biles, por promover la justicia social. Y es que, a pesar de su ret\u00f3rica meritocr\u00e1tica, buena parte de esas clases medias est\u00e1n ya renegando de la igualdad de oportunidades porque entienden que les perjudica al capacitar a \u201clos otros\u201d para competir por los escasos puestos del ascensor social que el capitalismo actual deja vacantes.<\/p>\n<p>La situaci\u00f3n genera una batalla de todos contra todos: no solo de los pen\u00faltimos (trabajadores marginados) contra los \u00faltimos, (inmigrantes) sino de las clases medias contra los trabajadores dependientes de las redes p\u00fablicas.<\/p>\n<p><strong>La necesidad de una nueva agenda reformista<\/strong><\/p>\n<p>Revertir esa situaci\u00f3n mediante un programa que cohesione a los diferentes grupos de trabajadores exige una nueva agenda reformista que contemple tres tipos de medidas.<\/p>\n<p>En primer lugar, hay que actualizar los programas b\u00e1sicos de gasto social para garantizar un soporte de m\u00ednimos a las poblaciones mientras se incorporan una nueva bater\u00eda de servicios y transferencias de segunda generaci\u00f3n m\u00e1s conectados con las demandadas por las capas profesionales medias: prestaciones familiares, guarder\u00edas decentes, alquileres accesibles, formaci\u00f3n de calidad\u2026<\/p>\n<p>Hay que complementar las pol\u00edticas redistributivas posibles con otras que aborden, en su origen, las crecientes desigualdades primarias que surgen de la relaci\u00f3n entre trabajo y capital del nuevo sistema productivo del siglo XXI. Siguiendo a Corbyn, hay que abrir un nuevo camino hacia la democratizaci\u00f3n de las relaciones econ\u00f3micas a partir de iniciativas de participaci\u00f3n del trabajo en el capital.<\/p>\n<p>Por \u00faltimo, hay que impulsar una nueva Agenda Reformista que incluya un nuevo sentido com\u00fan sobre las transiciones tecnol\u00f3gicas, energ\u00e9ticas y sociales en curso y elaborar un proyecto de sociedad que abra un nuevo horizonte de oportunidades para las empresas m\u00e1s din\u00e1micas y para las clases medias, es decir, para las fuerzas del trabajo m\u00e1s cualificadas.<\/p>\n<p>Las izquierdas deben ocupar esos espacios con realismo y alejarse del discurso recurrente del gasto social percibido como ret\u00f3rico. Dice Dany Rodrick que m\u00e1s que un listado de medidas espec\u00edficas, lo importante en estos momentos es capacidad de crear un \u201cestado de animo\u201d una voluntad colectiva en torno a un horizonte deseable.<\/p>\n<p>Es sin duda, una tarea dif\u00edcil. Pero es la que nos toca.<\/p>\n","protected":false},"excerpt":{"rendered":"<p>Por Ignacio Muro de Economistas Frente a la Crisis Los estragos de la crisis y c\u00f3mo recuperar los d\u00e9ficits sociales que ha provocado siguen determinando, diez a\u00f1os despu\u00e9s, las pol\u00edticas de la izquierda. Ocurre que el momento actual no tiene&hellip;<\/p>\n","protected":false},"author":19,"featured_media":789187,"comment_status":"closed","ping_status":"closed","sticky":false,"template":"","format":"standard","meta":{"footnotes":""},"categories":[81,66,161],"tags":[696,737,53693,953,1375,53694],"class_list":["post-789167","post","type-post","status-publish","format-standard","has-post-thumbnail","hentry","category-economia-es","category-europa-es","category-opiniones","tag-democracia","tag-economia-2","tag-estado-de-animo","tag-europa-es-2","tag-izquierda","tag-reformismo"],"yoast_head":"<!-- This site is optimized with the Yoast SEO plugin v27.1.1 - https:\/\/yoast.com\/product\/yoast-seo-wordpress\/ -->\n<title>La izquierda necesaria: mucho m\u00e1s que gasto social<\/title>\n<meta name=\"description\" content=\"Por Ignacio Muro de Economistas Frente a la Crisis Los estragos de la crisis y c\u00f3mo recuperar los d\u00e9ficits sociales que ha provocado siguen determinando,\" \/>\n<meta name=\"robots\" content=\"index, follow, max-snippet:-1, max-image-preview:large, max-video-preview:-1\" \/>\n<link rel=\"canonical\" href=\"https:\/\/www.pressenza.com\/es\/2019\/01\/la-izquierda-necesaria-mucho-mas-que-gasto-social\/\" \/>\n<meta property=\"og:locale\" content=\"es_ES\" \/>\n<meta property=\"og:type\" content=\"article\" \/>\n<meta property=\"og:title\" content=\"La izquierda necesaria: mucho m\u00e1s que gasto social\" \/>\n<meta property=\"og:description\" content=\"Por Ignacio Muro de Economistas Frente a la Crisis Los estragos de la crisis y c\u00f3mo recuperar los d\u00e9ficits sociales que ha provocado siguen determinando,\" \/>\n<meta property=\"og:url\" content=\"https:\/\/www.pressenza.com\/es\/2019\/01\/la-izquierda-necesaria-mucho-mas-que-gasto-social\/\" \/>\n<meta property=\"og:site_name\" content=\"Pressenza\" \/>\n<meta property=\"article:publisher\" content=\"https:\/\/www.facebook.com\/PressenzaItalia\" \/>\n<meta property=\"article:author\" content=\"https:\/\/www.facebook.com\/pressenza\" \/>\n<meta property=\"article:published_time\" content=\"2019-01-15T16:18:03+00:00\" \/>\n<meta property=\"article:modified_time\" content=\"2019-01-15T16:20:05+00:00\" \/>\n<meta property=\"og:image\" content=\"https:\/\/www.pressenza.com\/wp-content\/uploads\/2019\/01\/Chessboard-by-Robbert-van-der-Steeg-25-03-2009-flickr.jpg\" \/>\n\t<meta property=\"og:image:width\" content=\"1017\" \/>\n\t<meta property=\"og:image:height\" content=\"1024\" \/>\n\t<meta property=\"og:image:type\" content=\"image\/jpeg\" \/>\n<meta name=\"author\" content=\"Pressenza IPA\" \/>\n<meta name=\"twitter:card\" content=\"summary_large_image\" \/>\n<meta name=\"twitter:creator\" content=\"@PressenzaIPA\" \/>\n<meta name=\"twitter:site\" content=\"@PressenzaIPA\" \/>\n<meta name=\"twitter:label1\" content=\"Escrito por\" \/>\n\t<meta name=\"twitter:data1\" content=\"Pressenza IPA\" \/>\n\t<meta name=\"twitter:label2\" content=\"Tiempo de lectura\" \/>\n\t<meta name=\"twitter:data2\" content=\"6 minutos\" \/>\n<script type=\"application\/ld+json\" class=\"yoast-schema-graph\">{\"@context\":\"https:\/\/schema.org\",\"@graph\":[{\"@type\":\"Article\",\"@id\":\"https:\/\/www.pressenza.com\/es\/2019\/01\/la-izquierda-necesaria-mucho-mas-que-gasto-social\/#article\",\"isPartOf\":{\"@id\":\"https:\/\/www.pressenza.com\/es\/2019\/01\/la-izquierda-necesaria-mucho-mas-que-gasto-social\/\"},\"author\":{\"name\":\"Pressenza IPA\",\"@id\":\"https:\/\/www.pressenza.com\/es\/#\/schema\/person\/010e5d02bcf40965427a1289a4cc8d75\"},\"headline\":\"La izquierda necesaria: mucho m\u00e1s que gasto social\",\"datePublished\":\"2019-01-15T16:18:03+00:00\",\"dateModified\":\"2019-01-15T16:20:05+00:00\",\"mainEntityOfPage\":{\"@id\":\"https:\/\/www.pressenza.com\/es\/2019\/01\/la-izquierda-necesaria-mucho-mas-que-gasto-social\/\"},\"wordCount\":1281,\"publisher\":{\"@id\":\"https:\/\/www.pressenza.com\/es\/#organization\"},\"image\":{\"@id\":\"https:\/\/www.pressenza.com\/es\/2019\/01\/la-izquierda-necesaria-mucho-mas-que-gasto-social\/#primaryimage\"},\"thumbnailUrl\":\"https:\/\/www.pressenza.com\/wp-content\/uploads\/2019\/01\/Chessboard-by-Robbert-van-der-Steeg-25-03-2009-flickr.jpg\",\"keywords\":[\"Democracia\",\"econom\u00eda\",\"estado de \u00e1nimo\",\"Europa\",\"izquierda\",\"reformismo\"],\"articleSection\":[\"Econom\u00eda\",\"Europa\",\"Opiniones\"],\"inLanguage\":\"es\"},{\"@type\":\"WebPage\",\"@id\":\"https:\/\/www.pressenza.com\/es\/2019\/01\/la-izquierda-necesaria-mucho-mas-que-gasto-social\/\",\"url\":\"https:\/\/www.pressenza.com\/es\/2019\/01\/la-izquierda-necesaria-mucho-mas-que-gasto-social\/\",\"name\":\"La izquierda necesaria: mucho m\u00e1s que gasto social\",\"isPartOf\":{\"@id\":\"https:\/\/www.pressenza.com\/es\/#website\"},\"primaryImageOfPage\":{\"@id\":\"https:\/\/www.pressenza.com\/es\/2019\/01\/la-izquierda-necesaria-mucho-mas-que-gasto-social\/#primaryimage\"},\"image\":{\"@id\":\"https:\/\/www.pressenza.com\/es\/2019\/01\/la-izquierda-necesaria-mucho-mas-que-gasto-social\/#primaryimage\"},\"thumbnailUrl\":\"https:\/\/www.pressenza.com\/wp-content\/uploads\/2019\/01\/Chessboard-by-Robbert-van-der-Steeg-25-03-2009-flickr.jpg\",\"datePublished\":\"2019-01-15T16:18:03+00:00\",\"dateModified\":\"2019-01-15T16:20:05+00:00\",\"description\":\"Por Ignacio Muro de Economistas Frente a la Crisis Los estragos de la crisis y c\u00f3mo recuperar los d\u00e9ficits sociales que ha provocado siguen determinando,\",\"breadcrumb\":{\"@id\":\"https:\/\/www.pressenza.com\/es\/2019\/01\/la-izquierda-necesaria-mucho-mas-que-gasto-social\/#breadcrumb\"},\"inLanguage\":\"es\",\"potentialAction\":[{\"@type\":\"ReadAction\",\"target\":[\"https:\/\/www.pressenza.com\/es\/2019\/01\/la-izquierda-necesaria-mucho-mas-que-gasto-social\/\"]}]},{\"@type\":\"ImageObject\",\"inLanguage\":\"es\",\"@id\":\"https:\/\/www.pressenza.com\/es\/2019\/01\/la-izquierda-necesaria-mucho-mas-que-gasto-social\/#primaryimage\",\"url\":\"https:\/\/www.pressenza.com\/wp-content\/uploads\/2019\/01\/Chessboard-by-Robbert-van-der-Steeg-25-03-2009-flickr.jpg\",\"contentUrl\":\"https:\/\/www.pressenza.com\/wp-content\/uploads\/2019\/01\/Chessboard-by-Robbert-van-der-Steeg-25-03-2009-flickr.jpg\",\"width\":1017,\"height\":1024},{\"@type\":\"BreadcrumbList\",\"@id\":\"https:\/\/www.pressenza.com\/es\/2019\/01\/la-izquierda-necesaria-mucho-mas-que-gasto-social\/#breadcrumb\",\"itemListElement\":[{\"@type\":\"ListItem\",\"position\":1,\"name\":\"Accueil\",\"item\":\"https:\/\/www.pressenza.com\/es\/\"},{\"@type\":\"ListItem\",\"position\":2,\"name\":\"La izquierda necesaria: mucho m\u00e1s que gasto social\"}]},{\"@type\":\"WebSite\",\"@id\":\"https:\/\/www.pressenza.com\/es\/#website\",\"url\":\"https:\/\/www.pressenza.com\/es\/\",\"name\":\"Pressenza\",\"description\":\"International Press Agency\",\"publisher\":{\"@id\":\"https:\/\/www.pressenza.com\/es\/#organization\"},\"potentialAction\":[{\"@type\":\"SearchAction\",\"target\":{\"@type\":\"EntryPoint\",\"urlTemplate\":\"https:\/\/www.pressenza.com\/es\/?s={search_term_string}\"},\"query-input\":{\"@type\":\"PropertyValueSpecification\",\"valueRequired\":true,\"valueName\":\"search_term_string\"}}],\"inLanguage\":\"es\"},{\"@type\":\"Organization\",\"@id\":\"https:\/\/www.pressenza.com\/es\/#organization\",\"name\":\"Pressenza\",\"url\":\"https:\/\/www.pressenza.com\/es\/\",\"logo\":{\"@type\":\"ImageObject\",\"inLanguage\":\"es\",\"@id\":\"https:\/\/www.pressenza.com\/es\/#\/schema\/logo\/image\/\",\"url\":\"https:\/\/www.pressenza.com\/wp-content\/uploads\/2022\/10\/pressenza_logo_200x200.jpg\",\"contentUrl\":\"https:\/\/www.pressenza.com\/wp-content\/uploads\/2022\/10\/pressenza_logo_200x200.jpg\",\"width\":200,\"height\":200,\"caption\":\"Pressenza\"},\"image\":{\"@id\":\"https:\/\/www.pressenza.com\/es\/#\/schema\/logo\/image\/\"},\"sameAs\":[\"https:\/\/www.facebook.com\/PressenzaItalia\",\"https:\/\/x.com\/PressenzaIPA\"]},{\"@type\":\"Person\",\"@id\":\"https:\/\/www.pressenza.com\/es\/#\/schema\/person\/010e5d02bcf40965427a1289a4cc8d75\",\"name\":\"Pressenza IPA\",\"description\":\"News from Pressenza IPA correspondents\",\"sameAs\":[\"https:\/\/www.facebook.com\/pressenza\",\"https:\/\/x.com\/PressenzaIPA\"],\"url\":\"https:\/\/www.pressenza.com\/es\/author\/pressenza-ipa\/\"}]}<\/script>\n<!-- \/ Yoast SEO plugin. -->","yoast_head_json":{"title":"La izquierda necesaria: mucho m\u00e1s que gasto social","description":"Por Ignacio Muro de Economistas Frente a la Crisis Los estragos de la crisis y c\u00f3mo recuperar los d\u00e9ficits sociales que ha provocado siguen determinando,","robots":{"index":"index","follow":"follow","max-snippet":"max-snippet:-1","max-image-preview":"max-image-preview:large","max-video-preview":"max-video-preview:-1"},"canonical":"https:\/\/www.pressenza.com\/es\/2019\/01\/la-izquierda-necesaria-mucho-mas-que-gasto-social\/","og_locale":"es_ES","og_type":"article","og_title":"La izquierda necesaria: mucho m\u00e1s que gasto social","og_description":"Por Ignacio Muro de Economistas Frente a la Crisis Los estragos de la crisis y c\u00f3mo recuperar los d\u00e9ficits sociales que ha provocado siguen determinando,","og_url":"https:\/\/www.pressenza.com\/es\/2019\/01\/la-izquierda-necesaria-mucho-mas-que-gasto-social\/","og_site_name":"Pressenza","article_publisher":"https:\/\/www.facebook.com\/PressenzaItalia","article_author":"https:\/\/www.facebook.com\/pressenza","article_published_time":"2019-01-15T16:18:03+00:00","article_modified_time":"2019-01-15T16:20:05+00:00","og_image":[{"width":1017,"height":1024,"url":"https:\/\/www.pressenza.com\/wp-content\/uploads\/2019\/01\/Chessboard-by-Robbert-van-der-Steeg-25-03-2009-flickr.jpg","type":"image\/jpeg"}],"author":"Pressenza IPA","twitter_card":"summary_large_image","twitter_creator":"@PressenzaIPA","twitter_site":"@PressenzaIPA","twitter_misc":{"Escrito por":"Pressenza IPA","Tiempo de lectura":"6 minutos"},"schema":{"@context":"https:\/\/schema.org","@graph":[{"@type":"Article","@id":"https:\/\/www.pressenza.com\/es\/2019\/01\/la-izquierda-necesaria-mucho-mas-que-gasto-social\/#article","isPartOf":{"@id":"https:\/\/www.pressenza.com\/es\/2019\/01\/la-izquierda-necesaria-mucho-mas-que-gasto-social\/"},"author":{"name":"Pressenza IPA","@id":"https:\/\/www.pressenza.com\/es\/#\/schema\/person\/010e5d02bcf40965427a1289a4cc8d75"},"headline":"La izquierda necesaria: mucho m\u00e1s que gasto social","datePublished":"2019-01-15T16:18:03+00:00","dateModified":"2019-01-15T16:20:05+00:00","mainEntityOfPage":{"@id":"https:\/\/www.pressenza.com\/es\/2019\/01\/la-izquierda-necesaria-mucho-mas-que-gasto-social\/"},"wordCount":1281,"publisher":{"@id":"https:\/\/www.pressenza.com\/es\/#organization"},"image":{"@id":"https:\/\/www.pressenza.com\/es\/2019\/01\/la-izquierda-necesaria-mucho-mas-que-gasto-social\/#primaryimage"},"thumbnailUrl":"https:\/\/www.pressenza.com\/wp-content\/uploads\/2019\/01\/Chessboard-by-Robbert-van-der-Steeg-25-03-2009-flickr.jpg","keywords":["Democracia","econom\u00eda","estado de \u00e1nimo","Europa","izquierda","reformismo"],"articleSection":["Econom\u00eda","Europa","Opiniones"],"inLanguage":"es"},{"@type":"WebPage","@id":"https:\/\/www.pressenza.com\/es\/2019\/01\/la-izquierda-necesaria-mucho-mas-que-gasto-social\/","url":"https:\/\/www.pressenza.com\/es\/2019\/01\/la-izquierda-necesaria-mucho-mas-que-gasto-social\/","name":"La izquierda necesaria: mucho m\u00e1s que gasto social","isPartOf":{"@id":"https:\/\/www.pressenza.com\/es\/#website"},"primaryImageOfPage":{"@id":"https:\/\/www.pressenza.com\/es\/2019\/01\/la-izquierda-necesaria-mucho-mas-que-gasto-social\/#primaryimage"},"image":{"@id":"https:\/\/www.pressenza.com\/es\/2019\/01\/la-izquierda-necesaria-mucho-mas-que-gasto-social\/#primaryimage"},"thumbnailUrl":"https:\/\/www.pressenza.com\/wp-content\/uploads\/2019\/01\/Chessboard-by-Robbert-van-der-Steeg-25-03-2009-flickr.jpg","datePublished":"2019-01-15T16:18:03+00:00","dateModified":"2019-01-15T16:20:05+00:00","description":"Por Ignacio Muro de Economistas Frente a la Crisis Los estragos de la crisis y c\u00f3mo recuperar los d\u00e9ficits sociales que ha provocado siguen determinando,","breadcrumb":{"@id":"https:\/\/www.pressenza.com\/es\/2019\/01\/la-izquierda-necesaria-mucho-mas-que-gasto-social\/#breadcrumb"},"inLanguage":"es","potentialAction":[{"@type":"ReadAction","target":["https:\/\/www.pressenza.com\/es\/2019\/01\/la-izquierda-necesaria-mucho-mas-que-gasto-social\/"]}]},{"@type":"ImageObject","inLanguage":"es","@id":"https:\/\/www.pressenza.com\/es\/2019\/01\/la-izquierda-necesaria-mucho-mas-que-gasto-social\/#primaryimage","url":"https:\/\/www.pressenza.com\/wp-content\/uploads\/2019\/01\/Chessboard-by-Robbert-van-der-Steeg-25-03-2009-flickr.jpg","contentUrl":"https:\/\/www.pressenza.com\/wp-content\/uploads\/2019\/01\/Chessboard-by-Robbert-van-der-Steeg-25-03-2009-flickr.jpg","width":1017,"height":1024},{"@type":"BreadcrumbList","@id":"https:\/\/www.pressenza.com\/es\/2019\/01\/la-izquierda-necesaria-mucho-mas-que-gasto-social\/#breadcrumb","itemListElement":[{"@type":"ListItem","position":1,"name":"Accueil","item":"https:\/\/www.pressenza.com\/es\/"},{"@type":"ListItem","position":2,"name":"La izquierda necesaria: mucho m\u00e1s que gasto social"}]},{"@type":"WebSite","@id":"https:\/\/www.pressenza.com\/es\/#website","url":"https:\/\/www.pressenza.com\/es\/","name":"Pressenza","description":"International Press Agency","publisher":{"@id":"https:\/\/www.pressenza.com\/es\/#organization"},"potentialAction":[{"@type":"SearchAction","target":{"@type":"EntryPoint","urlTemplate":"https:\/\/www.pressenza.com\/es\/?s={search_term_string}"},"query-input":{"@type":"PropertyValueSpecification","valueRequired":true,"valueName":"search_term_string"}}],"inLanguage":"es"},{"@type":"Organization","@id":"https:\/\/www.pressenza.com\/es\/#organization","name":"Pressenza","url":"https:\/\/www.pressenza.com\/es\/","logo":{"@type":"ImageObject","inLanguage":"es","@id":"https:\/\/www.pressenza.com\/es\/#\/schema\/logo\/image\/","url":"https:\/\/www.pressenza.com\/wp-content\/uploads\/2022\/10\/pressenza_logo_200x200.jpg","contentUrl":"https:\/\/www.pressenza.com\/wp-content\/uploads\/2022\/10\/pressenza_logo_200x200.jpg","width":200,"height":200,"caption":"Pressenza"},"image":{"@id":"https:\/\/www.pressenza.com\/es\/#\/schema\/logo\/image\/"},"sameAs":["https:\/\/www.facebook.com\/PressenzaItalia","https:\/\/x.com\/PressenzaIPA"]},{"@type":"Person","@id":"https:\/\/www.pressenza.com\/es\/#\/schema\/person\/010e5d02bcf40965427a1289a4cc8d75","name":"Pressenza IPA","description":"News from Pressenza IPA correspondents","sameAs":["https:\/\/www.facebook.com\/pressenza","https:\/\/x.com\/PressenzaIPA"],"url":"https:\/\/www.pressenza.com\/es\/author\/pressenza-ipa\/"}]}},"place":"Economistas Frente a la Crisis","original_article_url":"https:\/\/economistasfrentealacrisis.com\/la-izquierda-necesaria-mucho-mas-que-gasto-social\/","_links":{"self":[{"href":"https:\/\/www.pressenza.com\/es\/wp-json\/wp\/v2\/posts\/789167","targetHints":{"allow":["GET"]}}],"collection":[{"href":"https:\/\/www.pressenza.com\/es\/wp-json\/wp\/v2\/posts"}],"about":[{"href":"https:\/\/www.pressenza.com\/es\/wp-json\/wp\/v2\/types\/post"}],"author":[{"embeddable":true,"href":"https:\/\/www.pressenza.com\/es\/wp-json\/wp\/v2\/users\/19"}],"replies":[{"embeddable":true,"href":"https:\/\/www.pressenza.com\/es\/wp-json\/wp\/v2\/comments?post=789167"}],"version-history":[{"count":0,"href":"https:\/\/www.pressenza.com\/es\/wp-json\/wp\/v2\/posts\/789167\/revisions"}],"wp:featuredmedia":[{"embeddable":true,"href":"https:\/\/www.pressenza.com\/es\/wp-json\/wp\/v2\/media\/789187"}],"wp:attachment":[{"href":"https:\/\/www.pressenza.com\/es\/wp-json\/wp\/v2\/media?parent=789167"}],"wp:term":[{"taxonomy":"category","embeddable":true,"href":"https:\/\/www.pressenza.com\/es\/wp-json\/wp\/v2\/categories?post=789167"},{"taxonomy":"post_tag","embeddable":true,"href":"https:\/\/www.pressenza.com\/es\/wp-json\/wp\/v2\/tags?post=789167"}],"curies":[{"name":"wp","href":"https:\/\/api.w.org\/{rel}","templated":true}]}}