{"id":789046,"date":"2019-01-15T14:00:10","date_gmt":"2019-01-15T14:00:10","guid":{"rendered":"https:\/\/www.pressenza.com\/?p=789046"},"modified":"2019-01-16T01:12:59","modified_gmt":"2019-01-16T01:12:59","slug":"argentina-condenan-a-milagro-sala-a-horas-de-llegar-al-limite-de-la-prision-preventiva","status":"publish","type":"post","link":"https:\/\/www.pressenza.com\/es\/2019\/01\/argentina-condenan-a-milagro-sala-a-horas-de-llegar-al-limite-de-la-prision-preventiva\/","title":{"rendered":"Argentina: Condenan a Milagro Sala a horas de llegar al l\u00edmite de la prisi\u00f3n preventiva"},"content":{"rendered":"<p>Mauricio Macri, el presidente argentino, retom\u00f3 sus labores, tras m\u00e1s de tres semanas de vacaciones. No fue a Corrientes, a interiorizarse de la situaci\u00f3n de las casi 10 mil familias que debieron ser evacuadas por las inundaciones, ni tampoco se ocup\u00f3 de la epidemia de hantavirus que afecta a m\u00e1s de cien personas, por la descomposici\u00f3n del desaparecido ministerio de Salud.<\/p>\n<p>Fue a visitar a los sobrevivientes de la masacre industrial que cierra cientos de empresas por d\u00eda en la Argentina. Estuvo en Tierra del Fuego y pidi\u00f3 que todos los argentinos y argentinas trabajen m\u00e1s, porque el \u00fanico camino posible es el marcado por el equipo econ\u00f3mico del Fondo Monetario Internacional.<\/p>\n<p>Sin embargo, la noticia del d\u00eda en la Argentina ocurri\u00f3 en Jujuy. El s\u00e1bado, el gobernador de la provincia, Gerardo Morales se reuni\u00f3 con la jueza que coloc\u00f3 para juzgar a la dirigente social Milagro Sala en la causa conocida como \u201cPibes Villeros\u201d.<\/p>\n<p>El pol\u00edtico le record\u00f3 a la jueza Mar\u00eda Alejandra Tolaba que Sala no puede ser declarada inocente, ya que este 16 de enero se cumplen los tres a\u00f1os de prisi\u00f3n preventiva, que es el l\u00edmite que estipula la Constituci\u00f3n Argentina. Para facilitar la condena, la polic\u00eda juje\u00f1a detuvo al hijo de la diputada provincial Mabel Balconte, denunciante de Milagro Sala, a la que finalmente condenaron a 13 a\u00f1os de prisi\u00f3n como l\u00edder una asociaci\u00f3n il\u00edcita.<\/p>\n<p>Pese a la ausencia de pruebas, el tribunal que digita el gobernador de Jujuy mantendr\u00e1 encerrada a la principal dirigente de la oposici\u00f3n y al resto de presos pol\u00edticos de la Organizaci\u00f3n Tupac Amaru.<\/p>\n<p>Al marido de Sala, Ra\u00fal Noro, se lo conden\u00f3 a tres a\u00f1os de prisi\u00f3n en suspenso.<\/p>\n","protected":false},"excerpt":{"rendered":"<p>Mauricio Macri, el presidente argentino, retom\u00f3 sus labores, tras m\u00e1s de tres semanas de vacaciones. No fue a Corrientes, a interiorizarse de la situaci\u00f3n de las casi 10 mil familias que debieron ser evacuadas por las inundaciones, ni tampoco se&hellip;<\/p>\n","protected":false},"author":96,"featured_media":789057,"comment_status":"closed","ping_status":"closed","sticky":false,"template":"","format":"standard","meta":{"footnotes":""},"categories":[11389,79,74,67],"tags":[26,19264,7399,28506,1266,3411,1096],"class_list":["post-789046","post","type-post","status-publish","format-standard","has-post-thumbnail","hentry","category-contenido-original","category-derechos-humanos","category-politica-es","category-sudamerica","tag-argentina","tag-gerardo-morales","tag-jujuy","tag-libertad-a-milagro-sala","tag-milagro-sala","tag-presos-politicos","tag-tupac-amaru"],"yoast_head":"<!-- This site is optimized with the Yoast SEO plugin v27.1.1 - https:\/\/yoast.com\/product\/yoast-seo-wordpress\/ -->\n<title>Argentina: Condenan a Milagro Sala a horas de llegar al l\u00edmite de la prisi\u00f3n preventiva<\/title>\n<meta name=\"description\" content=\"Mauricio Macri, el presidente argentino, retom\u00f3 sus labores, tras m\u00e1s de tres semanas de vacaciones. No fue a Corrientes, a interiorizarse de la situaci\u00f3n\" \/>\n<meta name=\"robots\" content=\"index, follow, max-snippet:-1, max-image-preview:large, max-video-preview:-1\" \/>\n<link rel=\"canonical\" href=\"https:\/\/www.pressenza.com\/es\/2019\/01\/argentina-condenan-a-milagro-sala-a-horas-de-llegar-al-limite-de-la-prision-preventiva\/\" \/>\n<meta property=\"og:locale\" content=\"es_ES\" \/>\n<meta property=\"og:type\" content=\"article\" \/>\n<meta property=\"og:title\" content=\"Argentina: Condenan a Milagro Sala a horas de llegar al l\u00edmite de la prisi\u00f3n preventiva\" \/>\n<meta property=\"og:description\" content=\"Mauricio Macri, el presidente argentino, retom\u00f3 sus labores, tras m\u00e1s de tres semanas de vacaciones. No fue a Corrientes, a interiorizarse de la situaci\u00f3n\" \/>\n<meta property=\"og:url\" content=\"https:\/\/www.pressenza.com\/es\/2019\/01\/argentina-condenan-a-milagro-sala-a-horas-de-llegar-al-limite-de-la-prision-preventiva\/\" \/>\n<meta property=\"og:site_name\" content=\"Pressenza\" \/>\n<meta property=\"article:publisher\" content=\"https:\/\/www.facebook.com\/PressenzaItalia\" \/>\n<meta property=\"article:author\" content=\"https:\/\/www.facebook.com\/mariano.quiroga.779\" \/>\n<meta property=\"article:published_time\" content=\"2019-01-15T14:00:10+00:00\" \/>\n<meta property=\"article:modified_time\" content=\"2019-01-16T01:12:59+00:00\" \/>\n<meta property=\"og:image\" content=\"https:\/\/www.pressenza.com\/wp-content\/uploads\/2019\/01\/WhatsApp-Image-2019-01-15-at-11.08.04.jpeg\" \/>\n\t<meta property=\"og:image:width\" content=\"1280\" \/>\n\t<meta property=\"og:image:height\" content=\"720\" \/>\n\t<meta property=\"og:image:type\" content=\"image\/jpeg\" \/>\n<meta name=\"author\" content=\"Mariano Quiroga\" \/>\n<meta name=\"twitter:card\" content=\"summary_large_image\" \/>\n<meta name=\"twitter:creator\" content=\"@MaruchoQuiroga\" \/>\n<meta name=\"twitter:site\" content=\"@PressenzaIPA\" \/>\n<meta name=\"twitter:label1\" content=\"Escrito por\" \/>\n\t<meta name=\"twitter:data1\" content=\"Mariano Quiroga\" \/>\n\t<meta name=\"twitter:label2\" content=\"Tiempo de lectura\" \/>\n\t<meta name=\"twitter:data2\" content=\"2 minutos\" \/>\n<script type=\"application\/ld+json\" class=\"yoast-schema-graph\">{\"@context\":\"https:\/\/schema.org\",\"@graph\":[{\"@type\":\"Article\",\"@id\":\"https:\/\/www.pressenza.com\/es\/2019\/01\/argentina-condenan-a-milagro-sala-a-horas-de-llegar-al-limite-de-la-prision-preventiva\/#article\",\"isPartOf\":{\"@id\":\"https:\/\/www.pressenza.com\/es\/2019\/01\/argentina-condenan-a-milagro-sala-a-horas-de-llegar-al-limite-de-la-prision-preventiva\/\"},\"author\":{\"name\":\"Mariano Quiroga\",\"@id\":\"https:\/\/www.pressenza.com\/es\/#\/schema\/person\/a0856fe41d8234b92503e6b28dc2585e\"},\"headline\":\"Argentina: Condenan a Milagro Sala a horas de llegar al l\u00edmite de la prisi\u00f3n preventiva\",\"datePublished\":\"2019-01-15T14:00:10+00:00\",\"dateModified\":\"2019-01-16T01:12:59+00:00\",\"mainEntityOfPage\":{\"@id\":\"https:\/\/www.pressenza.com\/es\/2019\/01\/argentina-condenan-a-milagro-sala-a-horas-de-llegar-al-limite-de-la-prision-preventiva\/\"},\"wordCount\":322,\"publisher\":{\"@id\":\"https:\/\/www.pressenza.com\/es\/#organization\"},\"image\":{\"@id\":\"https:\/\/www.pressenza.com\/es\/2019\/01\/argentina-condenan-a-milagro-sala-a-horas-de-llegar-al-limite-de-la-prision-preventiva\/#primaryimage\"},\"thumbnailUrl\":\"https:\/\/www.pressenza.com\/wp-content\/uploads\/2019\/01\/WhatsApp-Image-2019-01-15-at-11.08.04.jpeg\",\"keywords\":[\"Argentina\",\"Gerardo Morales\",\"Jujuy\",\"Libertad a Milagro Sala\",\"Milagro Sala\",\"presos pol\u00edticos\",\"Tupac Amaru\"],\"articleSection\":[\"Contenido Original\",\"Derechos Humanos\",\"Pol\u00edtica\",\"Sudam\u00e9rica\"],\"inLanguage\":\"es\"},{\"@type\":\"WebPage\",\"@id\":\"https:\/\/www.pressenza.com\/es\/2019\/01\/argentina-condenan-a-milagro-sala-a-horas-de-llegar-al-limite-de-la-prision-preventiva\/\",\"url\":\"https:\/\/www.pressenza.com\/es\/2019\/01\/argentina-condenan-a-milagro-sala-a-horas-de-llegar-al-limite-de-la-prision-preventiva\/\",\"name\":\"Argentina: Condenan a Milagro Sala a horas de llegar al l\u00edmite de la prisi\u00f3n preventiva\",\"isPartOf\":{\"@id\":\"https:\/\/www.pressenza.com\/es\/#website\"},\"primaryImageOfPage\":{\"@id\":\"https:\/\/www.pressenza.com\/es\/2019\/01\/argentina-condenan-a-milagro-sala-a-horas-de-llegar-al-limite-de-la-prision-preventiva\/#primaryimage\"},\"image\":{\"@id\":\"https:\/\/www.pressenza.com\/es\/2019\/01\/argentina-condenan-a-milagro-sala-a-horas-de-llegar-al-limite-de-la-prision-preventiva\/#primaryimage\"},\"thumbnailUrl\":\"https:\/\/www.pressenza.com\/wp-content\/uploads\/2019\/01\/WhatsApp-Image-2019-01-15-at-11.08.04.jpeg\",\"datePublished\":\"2019-01-15T14:00:10+00:00\",\"dateModified\":\"2019-01-16T01:12:59+00:00\",\"description\":\"Mauricio Macri, el presidente argentino, retom\u00f3 sus labores, tras m\u00e1s de tres semanas de vacaciones. No fue a Corrientes, a interiorizarse de la situaci\u00f3n\",\"breadcrumb\":{\"@id\":\"https:\/\/www.pressenza.com\/es\/2019\/01\/argentina-condenan-a-milagro-sala-a-horas-de-llegar-al-limite-de-la-prision-preventiva\/#breadcrumb\"},\"inLanguage\":\"es\",\"potentialAction\":[{\"@type\":\"ReadAction\",\"target\":[\"https:\/\/www.pressenza.com\/es\/2019\/01\/argentina-condenan-a-milagro-sala-a-horas-de-llegar-al-limite-de-la-prision-preventiva\/\"]}]},{\"@type\":\"ImageObject\",\"inLanguage\":\"es\",\"@id\":\"https:\/\/www.pressenza.com\/es\/2019\/01\/argentina-condenan-a-milagro-sala-a-horas-de-llegar-al-limite-de-la-prision-preventiva\/#primaryimage\",\"url\":\"https:\/\/www.pressenza.com\/wp-content\/uploads\/2019\/01\/WhatsApp-Image-2019-01-15-at-11.08.04.jpeg\",\"contentUrl\":\"https:\/\/www.pressenza.com\/wp-content\/uploads\/2019\/01\/WhatsApp-Image-2019-01-15-at-11.08.04.jpeg\",\"width\":1280,\"height\":720},{\"@type\":\"BreadcrumbList\",\"@id\":\"https:\/\/www.pressenza.com\/es\/2019\/01\/argentina-condenan-a-milagro-sala-a-horas-de-llegar-al-limite-de-la-prision-preventiva\/#breadcrumb\",\"itemListElement\":[{\"@type\":\"ListItem\",\"position\":1,\"name\":\"Accueil\",\"item\":\"https:\/\/www.pressenza.com\/es\/\"},{\"@type\":\"ListItem\",\"position\":2,\"name\":\"Argentina: Condenan a Milagro Sala a horas de llegar al l\u00edmite de la prisi\u00f3n preventiva\"}]},{\"@type\":\"WebSite\",\"@id\":\"https:\/\/www.pressenza.com\/es\/#website\",\"url\":\"https:\/\/www.pressenza.com\/es\/\",\"name\":\"Pressenza\",\"description\":\"International Press Agency\",\"publisher\":{\"@id\":\"https:\/\/www.pressenza.com\/es\/#organization\"},\"potentialAction\":[{\"@type\":\"SearchAction\",\"target\":{\"@type\":\"EntryPoint\",\"urlTemplate\":\"https:\/\/www.pressenza.com\/es\/?s={search_term_string}\"},\"query-input\":{\"@type\":\"PropertyValueSpecification\",\"valueRequired\":true,\"valueName\":\"search_term_string\"}}],\"inLanguage\":\"es\"},{\"@type\":\"Organization\",\"@id\":\"https:\/\/www.pressenza.com\/es\/#organization\",\"name\":\"Pressenza\",\"url\":\"https:\/\/www.pressenza.com\/es\/\",\"logo\":{\"@type\":\"ImageObject\",\"inLanguage\":\"es\",\"@id\":\"https:\/\/www.pressenza.com\/es\/#\/schema\/logo\/image\/\",\"url\":\"https:\/\/www.pressenza.com\/wp-content\/uploads\/2022\/10\/pressenza_logo_200x200.jpg\",\"contentUrl\":\"https:\/\/www.pressenza.com\/wp-content\/uploads\/2022\/10\/pressenza_logo_200x200.jpg\",\"width\":200,\"height\":200,\"caption\":\"Pressenza\"},\"image\":{\"@id\":\"https:\/\/www.pressenza.com\/es\/#\/schema\/logo\/image\/\"},\"sameAs\":[\"https:\/\/www.facebook.com\/PressenzaItalia\",\"https:\/\/x.com\/PressenzaIPA\"]},{\"@type\":\"Person\",\"@id\":\"https:\/\/www.pressenza.com\/es\/#\/schema\/person\/a0856fe41d8234b92503e6b28dc2585e\",\"name\":\"Mariano Quiroga\",\"description\":\"Born in Buenos Aires, Argentina, in 1976, Mariano is a journalist, poet and international editor for Pressenza. His career includes publications in different countries and languages. Currently he is presenter on radio programmes in Ecuador and Argentina. A humanist communicator specialising in international politics, his vocation has led him to seek to build bridges that allow relationships to be made between data, events, people and contexts in order to create an inclusive look that synthesises the noblest searches for social justice and humanisation of the planet.\",\"sameAs\":[\"https:\/\/www.facebook.com\/mariano.quiroga.779\",\"https:\/\/x.com\/MaruchoQuiroga\"],\"url\":\"https:\/\/www.pressenza.com\/es\/author\/mariano-quiroga\/\"}]}<\/script>\n<!-- \/ Yoast SEO plugin. -->","yoast_head_json":{"title":"Argentina: Condenan a Milagro Sala a horas de llegar al l\u00edmite de la prisi\u00f3n preventiva","description":"Mauricio Macri, el presidente argentino, retom\u00f3 sus labores, tras m\u00e1s de tres semanas de vacaciones. No fue a Corrientes, a interiorizarse de la situaci\u00f3n","robots":{"index":"index","follow":"follow","max-snippet":"max-snippet:-1","max-image-preview":"max-image-preview:large","max-video-preview":"max-video-preview:-1"},"canonical":"https:\/\/www.pressenza.com\/es\/2019\/01\/argentina-condenan-a-milagro-sala-a-horas-de-llegar-al-limite-de-la-prision-preventiva\/","og_locale":"es_ES","og_type":"article","og_title":"Argentina: Condenan a Milagro Sala a horas de llegar al l\u00edmite de la prisi\u00f3n preventiva","og_description":"Mauricio Macri, el presidente argentino, retom\u00f3 sus labores, tras m\u00e1s de tres semanas de vacaciones. No fue a Corrientes, a interiorizarse de la situaci\u00f3n","og_url":"https:\/\/www.pressenza.com\/es\/2019\/01\/argentina-condenan-a-milagro-sala-a-horas-de-llegar-al-limite-de-la-prision-preventiva\/","og_site_name":"Pressenza","article_publisher":"https:\/\/www.facebook.com\/PressenzaItalia","article_author":"https:\/\/www.facebook.com\/mariano.quiroga.779","article_published_time":"2019-01-15T14:00:10+00:00","article_modified_time":"2019-01-16T01:12:59+00:00","og_image":[{"width":1280,"height":720,"url":"https:\/\/www.pressenza.com\/wp-content\/uploads\/2019\/01\/WhatsApp-Image-2019-01-15-at-11.08.04.jpeg","type":"image\/jpeg"}],"author":"Mariano Quiroga","twitter_card":"summary_large_image","twitter_creator":"@MaruchoQuiroga","twitter_site":"@PressenzaIPA","twitter_misc":{"Escrito por":"Mariano Quiroga","Tiempo de lectura":"2 minutos"},"schema":{"@context":"https:\/\/schema.org","@graph":[{"@type":"Article","@id":"https:\/\/www.pressenza.com\/es\/2019\/01\/argentina-condenan-a-milagro-sala-a-horas-de-llegar-al-limite-de-la-prision-preventiva\/#article","isPartOf":{"@id":"https:\/\/www.pressenza.com\/es\/2019\/01\/argentina-condenan-a-milagro-sala-a-horas-de-llegar-al-limite-de-la-prision-preventiva\/"},"author":{"name":"Mariano Quiroga","@id":"https:\/\/www.pressenza.com\/es\/#\/schema\/person\/a0856fe41d8234b92503e6b28dc2585e"},"headline":"Argentina: Condenan a Milagro Sala a horas de llegar al l\u00edmite de la prisi\u00f3n preventiva","datePublished":"2019-01-15T14:00:10+00:00","dateModified":"2019-01-16T01:12:59+00:00","mainEntityOfPage":{"@id":"https:\/\/www.pressenza.com\/es\/2019\/01\/argentina-condenan-a-milagro-sala-a-horas-de-llegar-al-limite-de-la-prision-preventiva\/"},"wordCount":322,"publisher":{"@id":"https:\/\/www.pressenza.com\/es\/#organization"},"image":{"@id":"https:\/\/www.pressenza.com\/es\/2019\/01\/argentina-condenan-a-milagro-sala-a-horas-de-llegar-al-limite-de-la-prision-preventiva\/#primaryimage"},"thumbnailUrl":"https:\/\/www.pressenza.com\/wp-content\/uploads\/2019\/01\/WhatsApp-Image-2019-01-15-at-11.08.04.jpeg","keywords":["Argentina","Gerardo Morales","Jujuy","Libertad a Milagro Sala","Milagro Sala","presos pol\u00edticos","Tupac Amaru"],"articleSection":["Contenido Original","Derechos Humanos","Pol\u00edtica","Sudam\u00e9rica"],"inLanguage":"es"},{"@type":"WebPage","@id":"https:\/\/www.pressenza.com\/es\/2019\/01\/argentina-condenan-a-milagro-sala-a-horas-de-llegar-al-limite-de-la-prision-preventiva\/","url":"https:\/\/www.pressenza.com\/es\/2019\/01\/argentina-condenan-a-milagro-sala-a-horas-de-llegar-al-limite-de-la-prision-preventiva\/","name":"Argentina: Condenan a Milagro Sala a horas de llegar al l\u00edmite de la prisi\u00f3n preventiva","isPartOf":{"@id":"https:\/\/www.pressenza.com\/es\/#website"},"primaryImageOfPage":{"@id":"https:\/\/www.pressenza.com\/es\/2019\/01\/argentina-condenan-a-milagro-sala-a-horas-de-llegar-al-limite-de-la-prision-preventiva\/#primaryimage"},"image":{"@id":"https:\/\/www.pressenza.com\/es\/2019\/01\/argentina-condenan-a-milagro-sala-a-horas-de-llegar-al-limite-de-la-prision-preventiva\/#primaryimage"},"thumbnailUrl":"https:\/\/www.pressenza.com\/wp-content\/uploads\/2019\/01\/WhatsApp-Image-2019-01-15-at-11.08.04.jpeg","datePublished":"2019-01-15T14:00:10+00:00","dateModified":"2019-01-16T01:12:59+00:00","description":"Mauricio Macri, el presidente argentino, retom\u00f3 sus labores, tras m\u00e1s de tres semanas de vacaciones. No fue a Corrientes, a interiorizarse de la situaci\u00f3n","breadcrumb":{"@id":"https:\/\/www.pressenza.com\/es\/2019\/01\/argentina-condenan-a-milagro-sala-a-horas-de-llegar-al-limite-de-la-prision-preventiva\/#breadcrumb"},"inLanguage":"es","potentialAction":[{"@type":"ReadAction","target":["https:\/\/www.pressenza.com\/es\/2019\/01\/argentina-condenan-a-milagro-sala-a-horas-de-llegar-al-limite-de-la-prision-preventiva\/"]}]},{"@type":"ImageObject","inLanguage":"es","@id":"https:\/\/www.pressenza.com\/es\/2019\/01\/argentina-condenan-a-milagro-sala-a-horas-de-llegar-al-limite-de-la-prision-preventiva\/#primaryimage","url":"https:\/\/www.pressenza.com\/wp-content\/uploads\/2019\/01\/WhatsApp-Image-2019-01-15-at-11.08.04.jpeg","contentUrl":"https:\/\/www.pressenza.com\/wp-content\/uploads\/2019\/01\/WhatsApp-Image-2019-01-15-at-11.08.04.jpeg","width":1280,"height":720},{"@type":"BreadcrumbList","@id":"https:\/\/www.pressenza.com\/es\/2019\/01\/argentina-condenan-a-milagro-sala-a-horas-de-llegar-al-limite-de-la-prision-preventiva\/#breadcrumb","itemListElement":[{"@type":"ListItem","position":1,"name":"Accueil","item":"https:\/\/www.pressenza.com\/es\/"},{"@type":"ListItem","position":2,"name":"Argentina: Condenan a Milagro Sala a horas de llegar al l\u00edmite de la prisi\u00f3n preventiva"}]},{"@type":"WebSite","@id":"https:\/\/www.pressenza.com\/es\/#website","url":"https:\/\/www.pressenza.com\/es\/","name":"Pressenza","description":"International Press Agency","publisher":{"@id":"https:\/\/www.pressenza.com\/es\/#organization"},"potentialAction":[{"@type":"SearchAction","target":{"@type":"EntryPoint","urlTemplate":"https:\/\/www.pressenza.com\/es\/?s={search_term_string}"},"query-input":{"@type":"PropertyValueSpecification","valueRequired":true,"valueName":"search_term_string"}}],"inLanguage":"es"},{"@type":"Organization","@id":"https:\/\/www.pressenza.com\/es\/#organization","name":"Pressenza","url":"https:\/\/www.pressenza.com\/es\/","logo":{"@type":"ImageObject","inLanguage":"es","@id":"https:\/\/www.pressenza.com\/es\/#\/schema\/logo\/image\/","url":"https:\/\/www.pressenza.com\/wp-content\/uploads\/2022\/10\/pressenza_logo_200x200.jpg","contentUrl":"https:\/\/www.pressenza.com\/wp-content\/uploads\/2022\/10\/pressenza_logo_200x200.jpg","width":200,"height":200,"caption":"Pressenza"},"image":{"@id":"https:\/\/www.pressenza.com\/es\/#\/schema\/logo\/image\/"},"sameAs":["https:\/\/www.facebook.com\/PressenzaItalia","https:\/\/x.com\/PressenzaIPA"]},{"@type":"Person","@id":"https:\/\/www.pressenza.com\/es\/#\/schema\/person\/a0856fe41d8234b92503e6b28dc2585e","name":"Mariano Quiroga","description":"Born in Buenos Aires, Argentina, in 1976, Mariano is a journalist, poet and international editor for Pressenza. His career includes publications in different countries and languages. Currently he is presenter on radio programmes in Ecuador and Argentina. A humanist communicator specialising in international politics, his vocation has led him to seek to build bridges that allow relationships to be made between data, events, people and contexts in order to create an inclusive look that synthesises the noblest searches for social justice and humanisation of the planet.","sameAs":["https:\/\/www.facebook.com\/mariano.quiroga.779","https:\/\/x.com\/MaruchoQuiroga"],"url":"https:\/\/www.pressenza.com\/es\/author\/mariano-quiroga\/"}]}},"place":"Ciudad de Buenos Aires, Argentina","original_article_url":"https:\/\/www.pichinchauniversal.com.ec\/argentina-condenan-a-milagro-sala-a-horas-de-llegar-al-limite-de-la-prision-preventiva\/","_links":{"self":[{"href":"https:\/\/www.pressenza.com\/es\/wp-json\/wp\/v2\/posts\/789046","targetHints":{"allow":["GET"]}}],"collection":[{"href":"https:\/\/www.pressenza.com\/es\/wp-json\/wp\/v2\/posts"}],"about":[{"href":"https:\/\/www.pressenza.com\/es\/wp-json\/wp\/v2\/types\/post"}],"author":[{"embeddable":true,"href":"https:\/\/www.pressenza.com\/es\/wp-json\/wp\/v2\/users\/96"}],"replies":[{"embeddable":true,"href":"https:\/\/www.pressenza.com\/es\/wp-json\/wp\/v2\/comments?post=789046"}],"version-history":[{"count":0,"href":"https:\/\/www.pressenza.com\/es\/wp-json\/wp\/v2\/posts\/789046\/revisions"}],"wp:featuredmedia":[{"embeddable":true,"href":"https:\/\/www.pressenza.com\/es\/wp-json\/wp\/v2\/media\/789057"}],"wp:attachment":[{"href":"https:\/\/www.pressenza.com\/es\/wp-json\/wp\/v2\/media?parent=789046"}],"wp:term":[{"taxonomy":"category","embeddable":true,"href":"https:\/\/www.pressenza.com\/es\/wp-json\/wp\/v2\/categories?post=789046"},{"taxonomy":"post_tag","embeddable":true,"href":"https:\/\/www.pressenza.com\/es\/wp-json\/wp\/v2\/tags?post=789046"}],"curies":[{"name":"wp","href":"https:\/\/api.w.org\/{rel}","templated":true}]}}