{"id":788742,"date":"2019-01-14T21:07:27","date_gmt":"2019-01-14T21:07:27","guid":{"rendered":"https:\/\/www.pressenza.com\/?p=788742"},"modified":"2019-01-14T21:33:07","modified_gmt":"2019-01-14T21:33:07","slug":"quem-e-joao-camilo-primeiro-general-a-assumir-a-seguranca-de-sao-paulo-em-40-anos","status":"publish","type":"post","link":"https:\/\/www.pressenza.com\/es\/2019\/01\/quem-e-joao-camilo-primeiro-general-a-assumir-a-seguranca-de-sao-paulo-em-40-anos\/","title":{"rendered":"\u00bfQui\u00e9n es Jo\u00e3o Camilo, el primer general en asumir la Seguridad de S\u00e3o Paulo en 40 a\u00f1os?"},"content":{"rendered":"<p><em>Por<strong> Marcos Hermanosn |\u00a0Brasil de Fato <\/strong>| Traducci\u00f3n de Pressenza<\/em><\/p>\n<p><strong>Militar de reserva militar asume bajo las promesas (del intendente paulista) Jo\u00e3o Doria de endurecer la lucha contra el crimen y mandar \u201ca los bandidos al cementerio\u00bb.<\/strong><\/p>\n<p>El nuevo Secretario de Seguridad P\u00fablica del Estado de S\u00e3o Paulo (SSP-SP), Jo\u00e3o Camilo Pires de Campos, tiene 64 a\u00f1os y es el primer general que dirige la SSP desde Erasmo Dias, que ocup\u00f3 este cargo durante el r\u00e9gimen militar entre 1974 y 1979, y se hizo conocido por liderar la represi\u00f3n pol\u00edtica contra los estudiantes reunidos en la Pontificia Universidad Cat\u00f3lica de S\u00e3o Paulo (PUC-SP).<\/p>\n<p>Pires de Campos tiene una amplia trayectoria en las Fuerzas Armadas: comenz\u00f3 su carrera en el Ej\u00e9rcito en 1970, a la edad de 16 a\u00f1os y lleg\u00f3 a dirigir el Comando Militar del Sudeste y la Escuela de Comandos, responsable por la formaci\u00f3n de generales. El a\u00f1o pasado, tambi\u00e9n fue asesor de la campa\u00f1a de Geraldo Alckmin (PSDB) a la presidencia de la rep\u00fablica.<\/p>\n<p>Jo\u00e3o Camilo asciende al puesto de comandante de la polic\u00eda estatal con la idea de endurecer la lucha contra el crimen, una de las banderas de campa\u00f1a del gobernador tucano* Jo\u00e3o D\u00f3ria, quien fue electo \u201csubi\u00e9ndose a la ola de Bolsonaro\u00bb y prometiendo que el polic\u00eda que matara en servicio tendr\u00eda \u00abacceso a los mejores abogados\u00bb.<\/p>\n<p>\u00abPolic\u00eda en la calle y delincuentes en la c\u00e1rcel. Aqu\u00ed en S\u00e3o Paulo el delincuente no tendr\u00e1 trato suave. Los derechos humanos significa proteger a las familias, la proteger la propiedad. El criminal ser\u00e1 inmovilizado, arrestado y si es necesario, al reaccionar entre la vida de un polic\u00eda y la de un bandido, yo como gobernador decido que vamos a salvar la vida del polic\u00eda y que el bandido se ir\u00e1 al cementerio\u00bb, dijo el gobernador Jo\u00e3o D\u00f3ria antes de pasar la palabra al nuevo secretario.<\/p>\n<p>Doria propuso invertir en equipamiento para la polic\u00eda y crear nuevas unidades del Batall\u00f3n de Operaciones Especiales (BAEP) como una forma de reducir los \u00edndices de criminalidad.<\/p>\n<p>\u00abEs in\u00fatil que la polic\u00eda los detenga si la ley manda soltarlos\u00bb, dijo el gobernador en una de sus largas participaciones en televisi\u00f3n, a\u00fan en la segunda vuelta, justo antes de prometer que, de ser elegido, luchar\u00eda por la reducci\u00f3n de la edad de responsabilidad penal y el endurecimiento de las leyes de encarcelamiento en el pa\u00eds. Adem\u00e1s, como forma de dialogar con el electorado femenino, prometi\u00f3 construir m\u00e1s comisar\u00edas de la mujer y crear una aplicaci\u00f3n con \u00abbot\u00f3n de p\u00e1nico\u00bb para que una mujer en peligro inminente pudiera conectar a la patrulla m\u00e1s cercana.<\/p>\n<h4>Soluciones vagas<\/h4>\n<p>Al incorporarse a la secretar\u00eda, Pires de Campos hereda buenos indicadores en relaci\u00f3n con los homicidios, que han ca\u00eddo consistentemente desde 1999 y ahora se sit\u00faan en ocho por cada 100.000 habitantes, la mitad de la media nacional. La situaci\u00f3n es similar en los casos de robo y apropiaci\u00f3nn de veh\u00edculos. Pero no todas son rosas.<\/p>\n<p>Entre los problemas que tendr\u00e1 que enfrentar el nuevo secretario, est\u00e1n el aumento del n\u00famero de violaciones, la creciente letalidad policial y los conflictos entre las polic\u00edas civil, cient\u00edfica y militar. Datos de la propia SSP muestran que entre 2017 y 2018, hubo un aumento del 11% en los casos de violencia sexual en el estado. Al mismo tiempo, 2017 registr\u00f3 el mayor n\u00famero de muertes causadas por agentes policiales en los \u00faltimos 21 a\u00f1os: 939 en total.<\/p>\n<p>A pesar de la experiencia, el general Pires de Campos parece tener pocas ideas concretas sobre c\u00f3mo resolver los problemas que afligen al \u00e1rea de seguridad en el estado, como se demostr\u00f3 en una sesi\u00f3n informativa con periodistas, celebrada justo despu\u00e9s de la conferencia de prensa en la que fue presentado, en noviembre del a\u00f1o pasado.<\/p>\n<p>En este sentido, reproducimos aqu\u00ed las preguntas formuladas por los reporteros y las respuestas del general:<\/p>\n<p><strong>\u2013General, \u00bfesta va a ser una gesti\u00f3n de l\u00ednea dura? <\/strong><br \/>\n\u2013Una gesti\u00f3n serena. Sereno y segura.<\/p>\n<p><strong>\u2013El grado de letalidad policial ha sido muy alto. \u00bfA Usted le preocupa eso? <\/strong><br \/>\n\u2013Tengo la convicci\u00f3n de que no se mata por matar.<\/p>\n<p><strong>\u2013Pero hay algunos casos de ejecuci\u00f3n\u2026 <\/strong><br \/>\n\u2013Eso tiene que ser tratado caso por caso.<\/p>\n<p><strong>\u2013\u00bfDeber\u00edan la polic\u00eda y el Estado pagar a abogados a loa polic\u00edas incluso en casos de ejecuci\u00f3n? <\/strong><br \/>\n\u2013Cada caso es un caso. Estoy de acuerdo con lo que dice el gobernador. El polic\u00eda debe ser valorado y apoyado por el Estado.<\/p>\n<p><strong>\u2013Los delitos contra la mujer son los que m\u00e1s r\u00e1pidamente crecen en S\u00e3o Paulo. \u00bfC\u00f3mo cree posible revertir esas estad\u00edsticas? <\/strong><br \/>\n\u2013Hay que combatirlo. Combatirlos con tecnolog\u00eda. Estamos viendo a la Municipalidad de S\u00e3o Paulo implementando un espectacular programa de tecnolog\u00eda, que tiene que ser ampliado, y que ser\u00e1 ampliado de forma conveniente. Ellas tienen que ser protegidas.<\/p>\n<h4>Relaci\u00f3n con los movimientos sociales<\/h4>\n<p>Durante la segunda vuelta de las elecciones de 2018, el actual gobernador hizo esfuerzos para acercarse al discurso de Bolsonaro, siguiendo el mismo tono de declaraciones agresivas contra los movimientos sociales, especialmente el Movimiento de Trabajadores Rurales Sin Tierra (MST). En un tweet, Doria escribi\u00f3: \u00abA diferencia de mi oponente, quiero distancia de movimientos criminales como el MST. Nuestra gesti\u00f3n va a valorizar el agronegocio y aportar\u00e1 m\u00e1s seguridad al hombre de campo\u00bb.<\/p>\n<p>Declaraciones como \u00e9sta fueron ampliamente utilizadas, tanto en apariciones televisivas como en debates y redes sociales. El general Camilo, por su parte, baj\u00f3 el tono en relaci\u00f3n al nuevo gobernador. Cuando los periodistas le preguntaron sobre su relaci\u00f3n con el MST, respondi\u00f3: \u00abSi permanece en condiciones normales de temperatura y presi\u00f3n, no es un problema de seguridad p\u00fablica; cuando cruza la barrera del orden y la disciplina, se convierte en un problema de seguridad p\u00fablica\u00bb. El problema ser\u00e1 determinar qu\u00e9 son el \u00aborden\u00bb y la \u00abdisciplina\u00bb de que hablaba el general.<\/p>\n<p>Gilmar Mauro, miembro de la Coordinaci\u00f3n Nacional del MST, coment\u00f3 las declaraciones y present\u00f3 un an\u00e1lisis de las \u00faltimas elecciones: \u00abNo es necesario ser soci\u00f3logo para saber que fueron los problemas sociales los que produjeron los movimientos populares. El MST no cre\u00f3 el problema agrario en Brasil. La l\u00f3gica para acabar con los sin tierra es resolver los problemas sociales, mientras que [la idea de D\u00f3ria] es como hacer una presa sobre un r\u00edo: si no hay caudal suficiente, en alg\u00fan momento va a explotar\u00bb, dice Mauro.<\/p>\n<p>\u00abEsta criminalizaci\u00f3n, desde el punto de vista ideol\u00f3gico, oculta la intenci\u00f3n principal de Doria y los suyos: ganar dinero, apropiarse del Estado para promover una serie de privatizaciones y aperturas al capital\u00bb, agrega.<\/p>\n<p>Cuando se le pregunta si las recientes declaraciones preocupan a la direcci\u00f3n del movimiento, Gilmar dice que, para que el movimiento sobreviva, ser\u00e1 necesario seguir movi\u00e9ndose, a pesar de todas las dificultades: \u00ab\u00bfCu\u00e1l ser\u00e1 nuestro comportamiento? De mucho cuidado, pero vamos a seguir luchando y presionando. La Constituci\u00f3n establece que cualquier tierra que no cumpla su funci\u00f3n social puede ser expropiada. Entonce, el movimiento popular seguir\u00e1 organiz\u00e1ndose, luchando y expresando sus reivindicaciones. Si el movimiento no hace eso, pierde su sentido de ser\u00bb.<\/p>\n<h4>Sangre Bandeirante<\/h4>\n<p>El general Pires de Campos es al mismo tiempo descendiente de las familias Bandeirantes Pires y Camargo que, entre 1640 y 1660, protagonizaron una sangrienta \u00abguerra civil\u00bb dentro de S\u00e3o Paulo, conocida como la <a href=\"https:\/\/pt.wikipedia.org\/wiki\/Pires_contra_Camargo\" target=\"_blank\" rel=\"noopener\">Guerra de los Pires contra los Camargo<\/a>, por el control de las instituciones pol\u00edticas de la ciudad.<\/p>\n<hr \/>\n<p>\u00b9 Nombre con que se conoce a los miembros del PSDB (Partido de la Social Democracia Brasile\u00f1a), por la mascota que los identifica: un tuc\u00e1n azul y amarillo.<\/p>\n","protected":false},"excerpt":{"rendered":"<p>Por Marcos Hermanosn |\u00a0Brasil de Fato | Traducci\u00f3n de Pressenza Militar de reserva militar asume bajo las promesas (del intendente paulista) Jo\u00e3o Doria de endurecer la lucha contra el crimen y mandar \u201ca los bandidos al cementerio\u00bb. El nuevo Secretario&hellip;<\/p>\n","protected":false},"author":44,"featured_media":788752,"comment_status":"closed","ping_status":"closed","sticky":false,"template":"","format":"standard","meta":{"footnotes":""},"categories":[79,74,67],"tags":[2749,31429,53672,5053,17495],"class_list":["post-788742","post","type-post","status-publish","format-standard","has-post-thumbnail","hentry","category-derechos-humanos","category-politica-es","category-sudamerica","tag-brasil-es","tag-doria","tag-pires-de-campos","tag-sao-paulo","tag-seguridad"],"yoast_head":"<!-- This site is optimized with the Yoast SEO plugin v27.1.1 - https:\/\/yoast.com\/product\/yoast-seo-wordpress\/ -->\n<title>\u00bfQui\u00e9n es Jo\u00e3o Camilo, el primer general en asumir la Seguridad de S\u00e3o Paulo en 40 a\u00f1os?<\/title>\n<meta name=\"description\" content=\"Por Marcos Hermanosn |\u00a0Brasil de Fato | Traducci\u00f3n de Pressenza Militar de reserva militar asume bajo las promesas (del intendente paulista) Jo\u00e3o Doria de\" \/>\n<meta name=\"robots\" content=\"index, follow, max-snippet:-1, max-image-preview:large, max-video-preview:-1\" \/>\n<link rel=\"canonical\" href=\"https:\/\/www.pressenza.com\/es\/2019\/01\/quem-e-joao-camilo-primeiro-general-a-assumir-a-seguranca-de-sao-paulo-em-40-anos\/\" \/>\n<meta property=\"og:locale\" content=\"es_ES\" \/>\n<meta property=\"og:type\" content=\"article\" \/>\n<meta property=\"og:title\" content=\"\u00bfQui\u00e9n es Jo\u00e3o Camilo, el primer general en asumir la Seguridad de S\u00e3o Paulo en 40 a\u00f1os?\" \/>\n<meta property=\"og:description\" content=\"Por Marcos Hermanosn |\u00a0Brasil de Fato | Traducci\u00f3n de Pressenza Militar de reserva militar asume bajo las promesas (del intendente paulista) Jo\u00e3o Doria de\" \/>\n<meta property=\"og:url\" content=\"https:\/\/www.pressenza.com\/es\/2019\/01\/quem-e-joao-camilo-primeiro-general-a-assumir-a-seguranca-de-sao-paulo-em-40-anos\/\" \/>\n<meta property=\"og:site_name\" content=\"Pressenza\" \/>\n<meta property=\"article:publisher\" content=\"https:\/\/www.facebook.com\/PressenzaItalia\" \/>\n<meta property=\"article:author\" content=\"https:\/\/www.facebook.com\/PressenzaPortugues\" \/>\n<meta property=\"article:published_time\" content=\"2019-01-14T21:07:27+00:00\" \/>\n<meta property=\"article:modified_time\" content=\"2019-01-14T21:33:07+00:00\" \/>\n<meta property=\"og:image\" content=\"https:\/\/www.pressenza.com\/wp-content\/uploads\/2019\/01\/Joa--o-Camilo-Pires-de-Campos-na-posse-dos-secreta--rios-do-Estado-janeiro-2019-Governo-do-Estado-de-Sao-Paulo.jpg\" \/>\n\t<meta property=\"og:image:width\" content=\"1024\" \/>\n\t<meta property=\"og:image:height\" content=\"683\" \/>\n\t<meta property=\"og:image:type\" content=\"image\/jpeg\" \/>\n<meta name=\"author\" content=\"Reda\u00e7\u00e3o S\u00e3o Paulo\" \/>\n<meta name=\"twitter:card\" content=\"summary_large_image\" \/>\n<meta name=\"twitter:creator\" content=\"@pressenza_pt\" \/>\n<meta name=\"twitter:site\" content=\"@PressenzaIPA\" \/>\n<meta name=\"twitter:label1\" content=\"Escrito por\" \/>\n\t<meta name=\"twitter:data1\" content=\"Reda\u00e7\u00e3o S\u00e3o Paulo\" \/>\n\t<meta name=\"twitter:label2\" content=\"Tiempo de lectura\" \/>\n\t<meta name=\"twitter:data2\" content=\"7 minutos\" \/>\n<script type=\"application\/ld+json\" class=\"yoast-schema-graph\">{\"@context\":\"https:\/\/schema.org\",\"@graph\":[{\"@type\":\"Article\",\"@id\":\"https:\/\/www.pressenza.com\/es\/2019\/01\/quem-e-joao-camilo-primeiro-general-a-assumir-a-seguranca-de-sao-paulo-em-40-anos\/#article\",\"isPartOf\":{\"@id\":\"https:\/\/www.pressenza.com\/es\/2019\/01\/quem-e-joao-camilo-primeiro-general-a-assumir-a-seguranca-de-sao-paulo-em-40-anos\/\"},\"author\":{\"name\":\"Reda\u00e7\u00e3o S\u00e3o Paulo\",\"@id\":\"https:\/\/www.pressenza.com\/es\/#\/schema\/person\/d171826afb7693cfc394da95892bfd93\"},\"headline\":\"\u00bfQui\u00e9n es Jo\u00e3o Camilo, el primer general en asumir la Seguridad de S\u00e3o Paulo en 40 a\u00f1os?\",\"datePublished\":\"2019-01-14T21:07:27+00:00\",\"dateModified\":\"2019-01-14T21:33:07+00:00\",\"mainEntityOfPage\":{\"@id\":\"https:\/\/www.pressenza.com\/es\/2019\/01\/quem-e-joao-camilo-primeiro-general-a-assumir-a-seguranca-de-sao-paulo-em-40-anos\/\"},\"wordCount\":1358,\"publisher\":{\"@id\":\"https:\/\/www.pressenza.com\/es\/#organization\"},\"image\":{\"@id\":\"https:\/\/www.pressenza.com\/es\/2019\/01\/quem-e-joao-camilo-primeiro-general-a-assumir-a-seguranca-de-sao-paulo-em-40-anos\/#primaryimage\"},\"thumbnailUrl\":\"https:\/\/www.pressenza.com\/wp-content\/uploads\/2019\/01\/Joa--o-Camilo-Pires-de-Campos-na-posse-dos-secreta--rios-do-Estado-janeiro-2019-Governo-do-Estado-de-Sao-Paulo.jpg\",\"keywords\":[\"Brasil\",\"D\u00f3ria\",\"Pires de Campos\",\"S\u00e3o Paulo\",\"Seguridad\"],\"articleSection\":[\"Derechos Humanos\",\"Pol\u00edtica\",\"Sudam\u00e9rica\"],\"inLanguage\":\"es\"},{\"@type\":\"WebPage\",\"@id\":\"https:\/\/www.pressenza.com\/es\/2019\/01\/quem-e-joao-camilo-primeiro-general-a-assumir-a-seguranca-de-sao-paulo-em-40-anos\/\",\"url\":\"https:\/\/www.pressenza.com\/es\/2019\/01\/quem-e-joao-camilo-primeiro-general-a-assumir-a-seguranca-de-sao-paulo-em-40-anos\/\",\"name\":\"\u00bfQui\u00e9n es Jo\u00e3o Camilo, el primer general en asumir la Seguridad de S\u00e3o Paulo en 40 a\u00f1os?\",\"isPartOf\":{\"@id\":\"https:\/\/www.pressenza.com\/es\/#website\"},\"primaryImageOfPage\":{\"@id\":\"https:\/\/www.pressenza.com\/es\/2019\/01\/quem-e-joao-camilo-primeiro-general-a-assumir-a-seguranca-de-sao-paulo-em-40-anos\/#primaryimage\"},\"image\":{\"@id\":\"https:\/\/www.pressenza.com\/es\/2019\/01\/quem-e-joao-camilo-primeiro-general-a-assumir-a-seguranca-de-sao-paulo-em-40-anos\/#primaryimage\"},\"thumbnailUrl\":\"https:\/\/www.pressenza.com\/wp-content\/uploads\/2019\/01\/Joa--o-Camilo-Pires-de-Campos-na-posse-dos-secreta--rios-do-Estado-janeiro-2019-Governo-do-Estado-de-Sao-Paulo.jpg\",\"datePublished\":\"2019-01-14T21:07:27+00:00\",\"dateModified\":\"2019-01-14T21:33:07+00:00\",\"description\":\"Por Marcos Hermanosn |\u00a0Brasil de Fato | Traducci\u00f3n de Pressenza Militar de reserva militar asume bajo las promesas (del intendente paulista) Jo\u00e3o Doria de\",\"breadcrumb\":{\"@id\":\"https:\/\/www.pressenza.com\/es\/2019\/01\/quem-e-joao-camilo-primeiro-general-a-assumir-a-seguranca-de-sao-paulo-em-40-anos\/#breadcrumb\"},\"inLanguage\":\"es\",\"potentialAction\":[{\"@type\":\"ReadAction\",\"target\":[\"https:\/\/www.pressenza.com\/es\/2019\/01\/quem-e-joao-camilo-primeiro-general-a-assumir-a-seguranca-de-sao-paulo-em-40-anos\/\"]}]},{\"@type\":\"ImageObject\",\"inLanguage\":\"es\",\"@id\":\"https:\/\/www.pressenza.com\/es\/2019\/01\/quem-e-joao-camilo-primeiro-general-a-assumir-a-seguranca-de-sao-paulo-em-40-anos\/#primaryimage\",\"url\":\"https:\/\/www.pressenza.com\/wp-content\/uploads\/2019\/01\/Joa--o-Camilo-Pires-de-Campos-na-posse-dos-secreta--rios-do-Estado-janeiro-2019-Governo-do-Estado-de-Sao-Paulo.jpg\",\"contentUrl\":\"https:\/\/www.pressenza.com\/wp-content\/uploads\/2019\/01\/Joa--o-Camilo-Pires-de-Campos-na-posse-dos-secreta--rios-do-Estado-janeiro-2019-Governo-do-Estado-de-Sao-Paulo.jpg\",\"width\":1024,\"height\":683},{\"@type\":\"BreadcrumbList\",\"@id\":\"https:\/\/www.pressenza.com\/es\/2019\/01\/quem-e-joao-camilo-primeiro-general-a-assumir-a-seguranca-de-sao-paulo-em-40-anos\/#breadcrumb\",\"itemListElement\":[{\"@type\":\"ListItem\",\"position\":1,\"name\":\"Accueil\",\"item\":\"https:\/\/www.pressenza.com\/es\/\"},{\"@type\":\"ListItem\",\"position\":2,\"name\":\"\u00bfQui\u00e9n es Jo\u00e3o Camilo, el primer general en asumir la Seguridad de S\u00e3o Paulo en 40 a\u00f1os?\"}]},{\"@type\":\"WebSite\",\"@id\":\"https:\/\/www.pressenza.com\/es\/#website\",\"url\":\"https:\/\/www.pressenza.com\/es\/\",\"name\":\"Pressenza\",\"description\":\"International Press Agency\",\"publisher\":{\"@id\":\"https:\/\/www.pressenza.com\/es\/#organization\"},\"potentialAction\":[{\"@type\":\"SearchAction\",\"target\":{\"@type\":\"EntryPoint\",\"urlTemplate\":\"https:\/\/www.pressenza.com\/es\/?s={search_term_string}\"},\"query-input\":{\"@type\":\"PropertyValueSpecification\",\"valueRequired\":true,\"valueName\":\"search_term_string\"}}],\"inLanguage\":\"es\"},{\"@type\":\"Organization\",\"@id\":\"https:\/\/www.pressenza.com\/es\/#organization\",\"name\":\"Pressenza\",\"url\":\"https:\/\/www.pressenza.com\/es\/\",\"logo\":{\"@type\":\"ImageObject\",\"inLanguage\":\"es\",\"@id\":\"https:\/\/www.pressenza.com\/es\/#\/schema\/logo\/image\/\",\"url\":\"https:\/\/www.pressenza.com\/wp-content\/uploads\/2022\/10\/pressenza_logo_200x200.jpg\",\"contentUrl\":\"https:\/\/www.pressenza.com\/wp-content\/uploads\/2022\/10\/pressenza_logo_200x200.jpg\",\"width\":200,\"height\":200,\"caption\":\"Pressenza\"},\"image\":{\"@id\":\"https:\/\/www.pressenza.com\/es\/#\/schema\/logo\/image\/\"},\"sameAs\":[\"https:\/\/www.facebook.com\/PressenzaItalia\",\"https:\/\/x.com\/PressenzaIPA\"]},{\"@type\":\"Person\",\"@id\":\"https:\/\/www.pressenza.com\/es\/#\/schema\/person\/d171826afb7693cfc394da95892bfd93\",\"name\":\"Reda\u00e7\u00e3o S\u00e3o Paulo\",\"description\":\"News from the Pressenza bureau in Sao Paulo, Brazil\",\"sameAs\":[\"https:\/\/www.facebook.com\/PressenzaPortugues\",\"https:\/\/x.com\/pressenza_pt\"],\"url\":\"https:\/\/www.pressenza.com\/es\/author\/redaccao-sao-paulo\/\"}]}<\/script>\n<!-- \/ Yoast SEO plugin. -->","yoast_head_json":{"title":"\u00bfQui\u00e9n es Jo\u00e3o Camilo, el primer general en asumir la Seguridad de S\u00e3o Paulo en 40 a\u00f1os?","description":"Por Marcos Hermanosn |\u00a0Brasil de Fato | Traducci\u00f3n de Pressenza Militar de reserva militar asume bajo las promesas (del intendente paulista) Jo\u00e3o Doria de","robots":{"index":"index","follow":"follow","max-snippet":"max-snippet:-1","max-image-preview":"max-image-preview:large","max-video-preview":"max-video-preview:-1"},"canonical":"https:\/\/www.pressenza.com\/es\/2019\/01\/quem-e-joao-camilo-primeiro-general-a-assumir-a-seguranca-de-sao-paulo-em-40-anos\/","og_locale":"es_ES","og_type":"article","og_title":"\u00bfQui\u00e9n es Jo\u00e3o Camilo, el primer general en asumir la Seguridad de S\u00e3o Paulo en 40 a\u00f1os?","og_description":"Por Marcos Hermanosn |\u00a0Brasil de Fato | Traducci\u00f3n de Pressenza Militar de reserva militar asume bajo las promesas (del intendente paulista) Jo\u00e3o Doria de","og_url":"https:\/\/www.pressenza.com\/es\/2019\/01\/quem-e-joao-camilo-primeiro-general-a-assumir-a-seguranca-de-sao-paulo-em-40-anos\/","og_site_name":"Pressenza","article_publisher":"https:\/\/www.facebook.com\/PressenzaItalia","article_author":"https:\/\/www.facebook.com\/PressenzaPortugues","article_published_time":"2019-01-14T21:07:27+00:00","article_modified_time":"2019-01-14T21:33:07+00:00","og_image":[{"width":1024,"height":683,"url":"https:\/\/www.pressenza.com\/wp-content\/uploads\/2019\/01\/Joa--o-Camilo-Pires-de-Campos-na-posse-dos-secreta--rios-do-Estado-janeiro-2019-Governo-do-Estado-de-Sao-Paulo.jpg","type":"image\/jpeg"}],"author":"Reda\u00e7\u00e3o S\u00e3o Paulo","twitter_card":"summary_large_image","twitter_creator":"@pressenza_pt","twitter_site":"@PressenzaIPA","twitter_misc":{"Escrito por":"Reda\u00e7\u00e3o S\u00e3o Paulo","Tiempo de lectura":"7 minutos"},"schema":{"@context":"https:\/\/schema.org","@graph":[{"@type":"Article","@id":"https:\/\/www.pressenza.com\/es\/2019\/01\/quem-e-joao-camilo-primeiro-general-a-assumir-a-seguranca-de-sao-paulo-em-40-anos\/#article","isPartOf":{"@id":"https:\/\/www.pressenza.com\/es\/2019\/01\/quem-e-joao-camilo-primeiro-general-a-assumir-a-seguranca-de-sao-paulo-em-40-anos\/"},"author":{"name":"Reda\u00e7\u00e3o S\u00e3o Paulo","@id":"https:\/\/www.pressenza.com\/es\/#\/schema\/person\/d171826afb7693cfc394da95892bfd93"},"headline":"\u00bfQui\u00e9n es Jo\u00e3o Camilo, el primer general en asumir la Seguridad de S\u00e3o Paulo en 40 a\u00f1os?","datePublished":"2019-01-14T21:07:27+00:00","dateModified":"2019-01-14T21:33:07+00:00","mainEntityOfPage":{"@id":"https:\/\/www.pressenza.com\/es\/2019\/01\/quem-e-joao-camilo-primeiro-general-a-assumir-a-seguranca-de-sao-paulo-em-40-anos\/"},"wordCount":1358,"publisher":{"@id":"https:\/\/www.pressenza.com\/es\/#organization"},"image":{"@id":"https:\/\/www.pressenza.com\/es\/2019\/01\/quem-e-joao-camilo-primeiro-general-a-assumir-a-seguranca-de-sao-paulo-em-40-anos\/#primaryimage"},"thumbnailUrl":"https:\/\/www.pressenza.com\/wp-content\/uploads\/2019\/01\/Joa--o-Camilo-Pires-de-Campos-na-posse-dos-secreta--rios-do-Estado-janeiro-2019-Governo-do-Estado-de-Sao-Paulo.jpg","keywords":["Brasil","D\u00f3ria","Pires de Campos","S\u00e3o Paulo","Seguridad"],"articleSection":["Derechos Humanos","Pol\u00edtica","Sudam\u00e9rica"],"inLanguage":"es"},{"@type":"WebPage","@id":"https:\/\/www.pressenza.com\/es\/2019\/01\/quem-e-joao-camilo-primeiro-general-a-assumir-a-seguranca-de-sao-paulo-em-40-anos\/","url":"https:\/\/www.pressenza.com\/es\/2019\/01\/quem-e-joao-camilo-primeiro-general-a-assumir-a-seguranca-de-sao-paulo-em-40-anos\/","name":"\u00bfQui\u00e9n es Jo\u00e3o Camilo, el primer general en asumir la Seguridad de S\u00e3o Paulo en 40 a\u00f1os?","isPartOf":{"@id":"https:\/\/www.pressenza.com\/es\/#website"},"primaryImageOfPage":{"@id":"https:\/\/www.pressenza.com\/es\/2019\/01\/quem-e-joao-camilo-primeiro-general-a-assumir-a-seguranca-de-sao-paulo-em-40-anos\/#primaryimage"},"image":{"@id":"https:\/\/www.pressenza.com\/es\/2019\/01\/quem-e-joao-camilo-primeiro-general-a-assumir-a-seguranca-de-sao-paulo-em-40-anos\/#primaryimage"},"thumbnailUrl":"https:\/\/www.pressenza.com\/wp-content\/uploads\/2019\/01\/Joa--o-Camilo-Pires-de-Campos-na-posse-dos-secreta--rios-do-Estado-janeiro-2019-Governo-do-Estado-de-Sao-Paulo.jpg","datePublished":"2019-01-14T21:07:27+00:00","dateModified":"2019-01-14T21:33:07+00:00","description":"Por Marcos Hermanosn |\u00a0Brasil de Fato | Traducci\u00f3n de Pressenza Militar de reserva militar asume bajo las promesas (del intendente paulista) Jo\u00e3o Doria de","breadcrumb":{"@id":"https:\/\/www.pressenza.com\/es\/2019\/01\/quem-e-joao-camilo-primeiro-general-a-assumir-a-seguranca-de-sao-paulo-em-40-anos\/#breadcrumb"},"inLanguage":"es","potentialAction":[{"@type":"ReadAction","target":["https:\/\/www.pressenza.com\/es\/2019\/01\/quem-e-joao-camilo-primeiro-general-a-assumir-a-seguranca-de-sao-paulo-em-40-anos\/"]}]},{"@type":"ImageObject","inLanguage":"es","@id":"https:\/\/www.pressenza.com\/es\/2019\/01\/quem-e-joao-camilo-primeiro-general-a-assumir-a-seguranca-de-sao-paulo-em-40-anos\/#primaryimage","url":"https:\/\/www.pressenza.com\/wp-content\/uploads\/2019\/01\/Joa--o-Camilo-Pires-de-Campos-na-posse-dos-secreta--rios-do-Estado-janeiro-2019-Governo-do-Estado-de-Sao-Paulo.jpg","contentUrl":"https:\/\/www.pressenza.com\/wp-content\/uploads\/2019\/01\/Joa--o-Camilo-Pires-de-Campos-na-posse-dos-secreta--rios-do-Estado-janeiro-2019-Governo-do-Estado-de-Sao-Paulo.jpg","width":1024,"height":683},{"@type":"BreadcrumbList","@id":"https:\/\/www.pressenza.com\/es\/2019\/01\/quem-e-joao-camilo-primeiro-general-a-assumir-a-seguranca-de-sao-paulo-em-40-anos\/#breadcrumb","itemListElement":[{"@type":"ListItem","position":1,"name":"Accueil","item":"https:\/\/www.pressenza.com\/es\/"},{"@type":"ListItem","position":2,"name":"\u00bfQui\u00e9n es Jo\u00e3o Camilo, el primer general en asumir la Seguridad de S\u00e3o Paulo en 40 a\u00f1os?"}]},{"@type":"WebSite","@id":"https:\/\/www.pressenza.com\/es\/#website","url":"https:\/\/www.pressenza.com\/es\/","name":"Pressenza","description":"International Press Agency","publisher":{"@id":"https:\/\/www.pressenza.com\/es\/#organization"},"potentialAction":[{"@type":"SearchAction","target":{"@type":"EntryPoint","urlTemplate":"https:\/\/www.pressenza.com\/es\/?s={search_term_string}"},"query-input":{"@type":"PropertyValueSpecification","valueRequired":true,"valueName":"search_term_string"}}],"inLanguage":"es"},{"@type":"Organization","@id":"https:\/\/www.pressenza.com\/es\/#organization","name":"Pressenza","url":"https:\/\/www.pressenza.com\/es\/","logo":{"@type":"ImageObject","inLanguage":"es","@id":"https:\/\/www.pressenza.com\/es\/#\/schema\/logo\/image\/","url":"https:\/\/www.pressenza.com\/wp-content\/uploads\/2022\/10\/pressenza_logo_200x200.jpg","contentUrl":"https:\/\/www.pressenza.com\/wp-content\/uploads\/2022\/10\/pressenza_logo_200x200.jpg","width":200,"height":200,"caption":"Pressenza"},"image":{"@id":"https:\/\/www.pressenza.com\/es\/#\/schema\/logo\/image\/"},"sameAs":["https:\/\/www.facebook.com\/PressenzaItalia","https:\/\/x.com\/PressenzaIPA"]},{"@type":"Person","@id":"https:\/\/www.pressenza.com\/es\/#\/schema\/person\/d171826afb7693cfc394da95892bfd93","name":"Reda\u00e7\u00e3o S\u00e3o Paulo","description":"News from the Pressenza bureau in Sao Paulo, Brazil","sameAs":["https:\/\/www.facebook.com\/PressenzaPortugues","https:\/\/x.com\/pressenza_pt"],"url":"https:\/\/www.pressenza.com\/es\/author\/redaccao-sao-paulo\/"}]}},"place":"S\u00e3o Paulo, Brasil","original_article_url":"https:\/\/www.brasildefato.com.br\/2019\/01\/14\/quem-e-o-primeiro-general-a-assumir-a-seguranca-de-sao-paulo-desde-1979\/","_links":{"self":[{"href":"https:\/\/www.pressenza.com\/es\/wp-json\/wp\/v2\/posts\/788742","targetHints":{"allow":["GET"]}}],"collection":[{"href":"https:\/\/www.pressenza.com\/es\/wp-json\/wp\/v2\/posts"}],"about":[{"href":"https:\/\/www.pressenza.com\/es\/wp-json\/wp\/v2\/types\/post"}],"author":[{"embeddable":true,"href":"https:\/\/www.pressenza.com\/es\/wp-json\/wp\/v2\/users\/44"}],"replies":[{"embeddable":true,"href":"https:\/\/www.pressenza.com\/es\/wp-json\/wp\/v2\/comments?post=788742"}],"version-history":[{"count":0,"href":"https:\/\/www.pressenza.com\/es\/wp-json\/wp\/v2\/posts\/788742\/revisions"}],"wp:featuredmedia":[{"embeddable":true,"href":"https:\/\/www.pressenza.com\/es\/wp-json\/wp\/v2\/media\/788752"}],"wp:attachment":[{"href":"https:\/\/www.pressenza.com\/es\/wp-json\/wp\/v2\/media?parent=788742"}],"wp:term":[{"taxonomy":"category","embeddable":true,"href":"https:\/\/www.pressenza.com\/es\/wp-json\/wp\/v2\/categories?post=788742"},{"taxonomy":"post_tag","embeddable":true,"href":"https:\/\/www.pressenza.com\/es\/wp-json\/wp\/v2\/tags?post=788742"}],"curies":[{"name":"wp","href":"https:\/\/api.w.org\/{rel}","templated":true}]}}