{"id":787108,"date":"2019-01-10T17:21:11","date_gmt":"2019-01-10T17:21:11","guid":{"rendered":"https:\/\/www.pressenza.com\/?p=787108"},"modified":"2019-01-11T08:09:02","modified_gmt":"2019-01-11T08:09:02","slug":"brasil-un-punado-de-dias","status":"publish","type":"post","link":"https:\/\/www.pressenza.com\/es\/2019\/01\/brasil-un-punado-de-dias\/","title":{"rendered":"Brasil: un pu\u00f1ado de d\u00edas"},"content":{"rendered":"<p>El discurso vomitado en el Parlamento con todas los crismas del Poder no dijo nada nuevo, una repetici\u00f3n est\u00e9ril de lo que se declar\u00f3 mil veces en la campa\u00f1a electoral. Unos minutos m\u00e1s tarde, desde el escenario frente al palacio presidencial, el horror verbal comenz\u00f3 con un emblem\u00e1tico \u00abVamos a liberar al pa\u00eds del socialismo\u00bb. Este es el enemigo de todos los tiempos, un socialismo que nunca existi\u00f3, un marxismo cultural fantasma que ha dominado y socavado el tejido social. Las palabras utilizadas como cortina de humo para enmascarar el proyecto econ\u00f3mico implementado en tan s\u00f3lo veinticuatro horas. Reducci\u00f3n del salario m\u00ednimo; extinci\u00f3n de la secretar\u00eda especial para las minor\u00edas \u00e9tnicas; prohibici\u00f3n de que la FUNAI (el \u00f3rgano institucional para la protecci\u00f3n de la poblaci\u00f3n ind\u00edgena) demarque nuevos territorios para los ind\u00edgenas, confiando la funci\u00f3n al Ministerio de Agricultura (en manos de las grandes empresas de las agroindustrias); preparaci\u00f3n del decreto para facilitar la posesi\u00f3n de armas de fuego; confirmaci\u00f3n de las sentencias en apelaci\u00f3n sin esperar la sentencia de casaci\u00f3n (decisi\u00f3n contraria a las normas constitucionales); extinci\u00f3n del Ministerio de Trabajo, el Ministerio de Deportes e Integraci\u00f3n Racial y el Ministerio de Cultura; confirmaci\u00f3n del traslado de la embajada de Tel Aviv a Jerusal\u00e9n; dimisi\u00f3n sumaria de funcionarios p\u00fablicos que en sus p\u00e1ginas privadas de facebook se mostraron hostiles a la pol\u00edtica presidencial: 320 funcionarios ministeriales exonerados en el acto; extinci\u00f3n del Consejo de Seguridad Alimentaria, \u00f3rgano que estudia y define la prioridad de acci\u00f3n contra el hambre y que gu\u00eda la acci\u00f3n del famoso y premiado programa Bolsa Fam\u00edlia.<\/p>\n<p>S\u00f3lo me llev\u00f3 24 horas o\u00edr el primer latigazo cerebral. Veinticuatro horas. Lo sab\u00edamos, lo esper\u00e1bamos, pero a\u00fan as\u00ed duele. La t\u00e9cnica es la misma de siempre: anunciar para negar inmediatamente y acusar a la oposici\u00f3n de haber fabricado la noticia. Una t\u00e9cnica salviniana (referencia al Ministro del Interior italiano, Matteo Salvini, n.d.t.) elevada a la en\u00e9sima potencia. Algunos de los lugares clave del estado est\u00e1n literalmente en manos de fan\u00e1ticos religiosos o nost\u00e1lgicos de un pasado oscuro: el Ministro de Asuntos Exteriores en su primer discurso oficial saluda a los presentes, incluyendo a su alteza imperial&#8230;. \u00a1s\u00ed, el heredero al trono! El S\u00faper Ministro Moro agradeci\u00f3 al ej\u00e9rcito como \u00abgarante de la estabilidad\u00bb. Los fundamentalistas de las sectas evang\u00e9licas declaran que Darwin ha contaminado las escuelas y a partir de ahora los ni\u00f1os se vestir\u00e1n de azul y las ni\u00f1as de rosa porque el marxismo cultural hab\u00eda preparado una estrategia de iniciaci\u00f3n de los ni\u00f1os al culto sat\u00e1nico, gracias a Dios interrumpido por el nuevo presidente.<\/p>\n<p>Hace unos a\u00f1os, el primer astronauta brasile\u00f1o particip\u00f3 en una misi\u00f3n de la NASA. Su tarea en la estaci\u00f3n espacial era plantar frijoles y observar su crecimiento a gravedad cero. Plantando frijoles. No hay nada a lo que objetar. Para ser astronauta se necesita: un graduado en f\u00edsica, un piloto de combate militar, un programa de entrenamiento en Am\u00e9rica, entrenamiento t\u00e9cnico y psicol\u00f3gico, en resumen, el primer astronauta brasile\u00f1o que va a plantar frijoles en el espacio. A su regreso, fiesta con gran pompa, premios y varios comandos. Hoy, en su nuevo cargo de Ministro de \u00abCiencia, Tecnolog\u00eda, Innovaci\u00f3n y Comunicaciones\u00bb, convoca a la comunidad cient\u00edfica y habla\u00a0 de psicolog\u00eda motivacional: nunca abandones tus sue\u00f1os, debes mirar hacia adelante con optimismo. Los profesores que han sido llamados entienden que a partir de ahora ser\u00e1 muy dif\u00edcil. Un periodista pregunta si la tierra es redonda. El ministro lo confirma. S\u00ed, confirma. De hecho, es necesario confirmarlo: la tierra es redonda. Otros ministros lo dudan. A\u00fan otros declaran que la ense\u00f1anza de la iglesia de Dios ha sido desafortunadamente suplantada por la ciencia. El suelo es redondo. Pero de ahora en adelante, Darwin nunca volver\u00e1 a estudiar. Tampoco lo es la teor\u00eda de Einstein, que, como la teor\u00eda de Darwin, sigue siendo una teor\u00eda, mientras que la Biblia es la palabra de Dios y no hay discusi\u00f3n al respecto: el marxismo cultural ha terminado. Justo cuando terminaba el paquete para los inmigrantes. No me refiero a los que se quedan a la deriva por un ministro del interior fl\u00e1cido, sino a los pocos haitianos que de vez en cuando se presentan en nuestras fronteras, o a los venezolanos hambrientos que cruzan la frontera en busca de un pedazo de pan. El presidente ha retirado su adhesi\u00f3n al Pacto Mundial para las Migraciones. Se ha olvidado que nuestra historia es la de un pa\u00eds formado por pueblos originarios y millones de personas de otras partes, algunos voluntariamente de Europa, otros arrastrados por la fuerza desde \u00c1frica, un pa\u00eds cuyas ra\u00edces est\u00e1n dispersas por todo el mundo y destino de gigantescos flujos migratorios que han formado su esencia. El presidente, asustado por esos que llam\u00f3 \u00abla escoria de la humanidad\u00bb, ha olvidado que en estos momentos hay miles de brasile\u00f1os viviendo en el extranjero para no renunciar a su sue\u00f1o, como dir\u00eda el ministro astronauta.<\/p>\n<p>La continua humillaci\u00f3n y el estado de amenaza permanente a que estamos sometidos se ve coronado por las palabras del General Heleno, jefe del gabinete de los servicios secretos. En su discurso de investidura, acusa a la expresidenta Dilma de no creer nunca en la capacidad de los servicios y de oponerse a ellos con todas sus fuerzas. La respuesta del expresidente no deja lugar a dudas sobre qui\u00e9n fue directamente responsable del espionaje de su tel\u00e9fono a favor del Departamento de Estado de Estados Unidos, seg\u00fan revel\u00f3 Edward Snowden. Fue en ese momento cuando se decidi\u00f3 utilizar los pozos petroleros reci\u00e9n descubiertos, tanto petr\u00f3leo que Brasil se volvi\u00f3 totalmente independiente desde el punto de vista energ\u00e9tico. El tel\u00e9fono presidencial bajo control, las decisiones estrat\u00e9gicas espiadas, un proceso de impugnaci\u00f3n con la acusaci\u00f3n de haber violado una norma contable que al d\u00eda siguiente de la declaraci\u00f3n fue definitivamente derogada. Acceso al petr\u00f3leo nacional por parte de grandes empresas internacionales a trav\u00e9s de la destrucci\u00f3n sistem\u00e1tica de Petrobras, el juicio pol\u00edtico de Dilma y el arresto de Lula. El expresidente responde al general que no confi\u00f3 en los servicios y todav\u00eda no conf\u00eda en ellos. Frente a la sede de la Polic\u00eda Federal donde Lula est\u00e1 preso, cientos de personas abrazan al presidente en un abrazo simb\u00f3lico.<\/p>\n<p>Entre generales y banqueros, fan\u00e1ticos religiosos, nost\u00e1lgicos y empresarios sin escr\u00fapulos, Brasil comienza el a\u00f1o de rodillas, postrado y con los nervios tensos. La esposa y portavoz del super ministro Moro, a trav\u00e9s de su p\u00e1gina en Facebook, pide a los brasile\u00f1os que dejen de criticar al gobierno y que por el bien com\u00fan se re\u00fanan en torno a nuestro querido presidente. Al d\u00eda siguiente, la Sra. Moro borra el mensaje. La t\u00e9cnica de morder y correr, de hacer y deshacer, decir y no decir, contin\u00faa. Ya es suficiente.<\/p>\n","protected":false},"excerpt":{"rendered":"<p>El discurso vomitado en el Parlamento con todas los crismas del Poder no dijo nada nuevo, una repetici\u00f3n est\u00e9ril de lo que se declar\u00f3 mil veces en la campa\u00f1a electoral. Unos minutos m\u00e1s tarde, desde el escenario frente al palacio&hellip;<\/p>\n","protected":false},"author":1567,"featured_media":786973,"comment_status":"closed","ping_status":"closed","sticky":false,"template":"","format":"standard","meta":{"footnotes":""},"categories":[11389,39,161,74,67],"tags":[53547,2749,5776,34037,27112,26314,43266,10674,22210],"class_list":["post-787108","post","type-post","status-publish","format-standard","has-post-thumbnail","hentry","category-contenido-original","category-internacional","category-opiniones","category-politica-es","category-sudamerica","tag-bolsa-familiar","tag-brasil-es","tag-conai","tag-darwin","tag-dilma-roussef","tag-jair-bolsonaro","tag-luis-inacio-lula-da-silva","tag-marxismo","tag-pueblos-originarios"],"yoast_head":"<!-- This site is optimized with the Yoast SEO plugin v27.1.1 - https:\/\/yoast.com\/product\/yoast-seo-wordpress\/ -->\n<title>Brasil: un pu\u00f1ado de d\u00edas<\/title>\n<meta name=\"description\" content=\"El discurso vomitado en el Parlamento con todas los crismas del Poder no dijo nada nuevo, una repetici\u00f3n est\u00e9ril de lo que se declar\u00f3 mil veces en la\" \/>\n<meta name=\"robots\" content=\"index, follow, max-snippet:-1, max-image-preview:large, max-video-preview:-1\" \/>\n<link rel=\"canonical\" href=\"https:\/\/www.pressenza.com\/es\/2019\/01\/brasil-un-punado-de-dias\/\" \/>\n<meta property=\"og:locale\" content=\"es_ES\" \/>\n<meta property=\"og:type\" content=\"article\" \/>\n<meta property=\"og:title\" content=\"Brasil: un pu\u00f1ado de d\u00edas\" \/>\n<meta property=\"og:description\" content=\"El discurso vomitado en el Parlamento con todas los crismas del Poder no dijo nada nuevo, una repetici\u00f3n est\u00e9ril de lo que se declar\u00f3 mil veces en la\" \/>\n<meta property=\"og:url\" content=\"https:\/\/www.pressenza.com\/es\/2019\/01\/brasil-un-punado-de-dias\/\" \/>\n<meta property=\"og:site_name\" content=\"Pressenza\" \/>\n<meta property=\"article:publisher\" content=\"https:\/\/www.facebook.com\/PressenzaItalia\" \/>\n<meta property=\"article:published_time\" content=\"2019-01-10T17:21:11+00:00\" \/>\n<meta property=\"article:modified_time\" content=\"2019-01-11T08:09:02+00:00\" \/>\n<meta property=\"og:image\" content=\"https:\/\/www.pressenza.com\/wp-content\/uploads\/2019\/01\/heleno-dilma.jpg\" \/>\n\t<meta property=\"og:image:width\" content=\"997\" \/>\n\t<meta property=\"og:image:height\" content=\"420\" \/>\n\t<meta property=\"og:image:type\" content=\"image\/jpeg\" \/>\n<meta name=\"author\" content=\"Paolo D&#039;Aprile\" \/>\n<meta name=\"twitter:card\" content=\"summary_large_image\" \/>\n<meta name=\"twitter:creator\" content=\"@PressenzaIPA\" \/>\n<meta name=\"twitter:site\" content=\"@PressenzaIPA\" \/>\n<meta name=\"twitter:label1\" content=\"Escrito por\" \/>\n\t<meta name=\"twitter:data1\" content=\"Paolo D&#039;Aprile\" \/>\n\t<meta name=\"twitter:label2\" content=\"Tiempo de lectura\" \/>\n\t<meta name=\"twitter:data2\" content=\"6 minutos\" \/>\n<script type=\"application\/ld+json\" class=\"yoast-schema-graph\">{\"@context\":\"https:\/\/schema.org\",\"@graph\":[{\"@type\":\"Article\",\"@id\":\"https:\/\/www.pressenza.com\/es\/2019\/01\/brasil-un-punado-de-dias\/#article\",\"isPartOf\":{\"@id\":\"https:\/\/www.pressenza.com\/es\/2019\/01\/brasil-un-punado-de-dias\/\"},\"author\":{\"name\":\"Paolo D'Aprile\",\"@id\":\"https:\/\/www.pressenza.com\/es\/#\/schema\/person\/b7683f6cc5b4992d9641abb1dd2b2c7a\"},\"headline\":\"Brasil: un pu\u00f1ado de d\u00edas\",\"datePublished\":\"2019-01-10T17:21:11+00:00\",\"dateModified\":\"2019-01-11T08:09:02+00:00\",\"mainEntityOfPage\":{\"@id\":\"https:\/\/www.pressenza.com\/es\/2019\/01\/brasil-un-punado-de-dias\/\"},\"wordCount\":1255,\"publisher\":{\"@id\":\"https:\/\/www.pressenza.com\/es\/#organization\"},\"image\":{\"@id\":\"https:\/\/www.pressenza.com\/es\/2019\/01\/brasil-un-punado-de-dias\/#primaryimage\"},\"thumbnailUrl\":\"https:\/\/www.pressenza.com\/wp-content\/uploads\/2019\/01\/heleno-dilma.jpg\",\"keywords\":[\"bolsa familiar\",\"Brasil\",\"CONAI\",\"Darwin\",\"Dilma Roussef\",\"Jair Bolsonaro\",\"Luis In\u00e1cio Lula da Silva\",\"marxismo\",\"Pueblos Originarios\"],\"articleSection\":[\"Contenido Original\",\"Internacional\",\"Opiniones\",\"Pol\u00edtica\",\"Sudam\u00e9rica\"],\"inLanguage\":\"es\"},{\"@type\":\"WebPage\",\"@id\":\"https:\/\/www.pressenza.com\/es\/2019\/01\/brasil-un-punado-de-dias\/\",\"url\":\"https:\/\/www.pressenza.com\/es\/2019\/01\/brasil-un-punado-de-dias\/\",\"name\":\"Brasil: un pu\u00f1ado de d\u00edas\",\"isPartOf\":{\"@id\":\"https:\/\/www.pressenza.com\/es\/#website\"},\"primaryImageOfPage\":{\"@id\":\"https:\/\/www.pressenza.com\/es\/2019\/01\/brasil-un-punado-de-dias\/#primaryimage\"},\"image\":{\"@id\":\"https:\/\/www.pressenza.com\/es\/2019\/01\/brasil-un-punado-de-dias\/#primaryimage\"},\"thumbnailUrl\":\"https:\/\/www.pressenza.com\/wp-content\/uploads\/2019\/01\/heleno-dilma.jpg\",\"datePublished\":\"2019-01-10T17:21:11+00:00\",\"dateModified\":\"2019-01-11T08:09:02+00:00\",\"description\":\"El discurso vomitado en el Parlamento con todas los crismas del Poder no dijo nada nuevo, una repetici\u00f3n est\u00e9ril de lo que se declar\u00f3 mil veces en la\",\"breadcrumb\":{\"@id\":\"https:\/\/www.pressenza.com\/es\/2019\/01\/brasil-un-punado-de-dias\/#breadcrumb\"},\"inLanguage\":\"es\",\"potentialAction\":[{\"@type\":\"ReadAction\",\"target\":[\"https:\/\/www.pressenza.com\/es\/2019\/01\/brasil-un-punado-de-dias\/\"]}]},{\"@type\":\"ImageObject\",\"inLanguage\":\"es\",\"@id\":\"https:\/\/www.pressenza.com\/es\/2019\/01\/brasil-un-punado-de-dias\/#primaryimage\",\"url\":\"https:\/\/www.pressenza.com\/wp-content\/uploads\/2019\/01\/heleno-dilma.jpg\",\"contentUrl\":\"https:\/\/www.pressenza.com\/wp-content\/uploads\/2019\/01\/heleno-dilma.jpg\",\"width\":997,\"height\":420},{\"@type\":\"BreadcrumbList\",\"@id\":\"https:\/\/www.pressenza.com\/es\/2019\/01\/brasil-un-punado-de-dias\/#breadcrumb\",\"itemListElement\":[{\"@type\":\"ListItem\",\"position\":1,\"name\":\"Accueil\",\"item\":\"https:\/\/www.pressenza.com\/es\/\"},{\"@type\":\"ListItem\",\"position\":2,\"name\":\"Brasil: un pu\u00f1ado de d\u00edas\"}]},{\"@type\":\"WebSite\",\"@id\":\"https:\/\/www.pressenza.com\/es\/#website\",\"url\":\"https:\/\/www.pressenza.com\/es\/\",\"name\":\"Pressenza\",\"description\":\"International Press Agency\",\"publisher\":{\"@id\":\"https:\/\/www.pressenza.com\/es\/#organization\"},\"potentialAction\":[{\"@type\":\"SearchAction\",\"target\":{\"@type\":\"EntryPoint\",\"urlTemplate\":\"https:\/\/www.pressenza.com\/es\/?s={search_term_string}\"},\"query-input\":{\"@type\":\"PropertyValueSpecification\",\"valueRequired\":true,\"valueName\":\"search_term_string\"}}],\"inLanguage\":\"es\"},{\"@type\":\"Organization\",\"@id\":\"https:\/\/www.pressenza.com\/es\/#organization\",\"name\":\"Pressenza\",\"url\":\"https:\/\/www.pressenza.com\/es\/\",\"logo\":{\"@type\":\"ImageObject\",\"inLanguage\":\"es\",\"@id\":\"https:\/\/www.pressenza.com\/es\/#\/schema\/logo\/image\/\",\"url\":\"https:\/\/www.pressenza.com\/wp-content\/uploads\/2022\/10\/pressenza_logo_200x200.jpg\",\"contentUrl\":\"https:\/\/www.pressenza.com\/wp-content\/uploads\/2022\/10\/pressenza_logo_200x200.jpg\",\"width\":200,\"height\":200,\"caption\":\"Pressenza\"},\"image\":{\"@id\":\"https:\/\/www.pressenza.com\/es\/#\/schema\/logo\/image\/\"},\"sameAs\":[\"https:\/\/www.facebook.com\/PressenzaItalia\",\"https:\/\/x.com\/PressenzaIPA\"]},{\"@type\":\"Person\",\"@id\":\"https:\/\/www.pressenza.com\/es\/#\/schema\/person\/b7683f6cc5b4992d9641abb1dd2b2c7a\",\"name\":\"Paolo D'Aprile\",\"description\":\"Nasco nel 1963... sono un uomo di mezza et\u00e0! Vivo a S\u00e3o Paulo dal 1989 e il mio lavoro di fisioterapista mi ha portato in contatto con le situazioni estreme della citt\u00e0, dalle favelas ai \\\"meninos de rua\\\". Ho partecipato a vari progetti di inclusione attraverso l'esercizio dei diritti civili. Da grande voglio fare il calciatore, l'astronauta e il pompiere.\",\"url\":\"https:\/\/www.pressenza.com\/es\/author\/paolo-daprile\/\"}]}<\/script>\n<!-- \/ Yoast SEO plugin. -->","yoast_head_json":{"title":"Brasil: un pu\u00f1ado de d\u00edas","description":"El discurso vomitado en el Parlamento con todas los crismas del Poder no dijo nada nuevo, una repetici\u00f3n est\u00e9ril de lo que se declar\u00f3 mil veces en la","robots":{"index":"index","follow":"follow","max-snippet":"max-snippet:-1","max-image-preview":"max-image-preview:large","max-video-preview":"max-video-preview:-1"},"canonical":"https:\/\/www.pressenza.com\/es\/2019\/01\/brasil-un-punado-de-dias\/","og_locale":"es_ES","og_type":"article","og_title":"Brasil: un pu\u00f1ado de d\u00edas","og_description":"El discurso vomitado en el Parlamento con todas los crismas del Poder no dijo nada nuevo, una repetici\u00f3n est\u00e9ril de lo que se declar\u00f3 mil veces en la","og_url":"https:\/\/www.pressenza.com\/es\/2019\/01\/brasil-un-punado-de-dias\/","og_site_name":"Pressenza","article_publisher":"https:\/\/www.facebook.com\/PressenzaItalia","article_published_time":"2019-01-10T17:21:11+00:00","article_modified_time":"2019-01-11T08:09:02+00:00","og_image":[{"width":997,"height":420,"url":"https:\/\/www.pressenza.com\/wp-content\/uploads\/2019\/01\/heleno-dilma.jpg","type":"image\/jpeg"}],"author":"Paolo D'Aprile","twitter_card":"summary_large_image","twitter_creator":"@PressenzaIPA","twitter_site":"@PressenzaIPA","twitter_misc":{"Escrito por":"Paolo D'Aprile","Tiempo de lectura":"6 minutos"},"schema":{"@context":"https:\/\/schema.org","@graph":[{"@type":"Article","@id":"https:\/\/www.pressenza.com\/es\/2019\/01\/brasil-un-punado-de-dias\/#article","isPartOf":{"@id":"https:\/\/www.pressenza.com\/es\/2019\/01\/brasil-un-punado-de-dias\/"},"author":{"name":"Paolo D'Aprile","@id":"https:\/\/www.pressenza.com\/es\/#\/schema\/person\/b7683f6cc5b4992d9641abb1dd2b2c7a"},"headline":"Brasil: un pu\u00f1ado de d\u00edas","datePublished":"2019-01-10T17:21:11+00:00","dateModified":"2019-01-11T08:09:02+00:00","mainEntityOfPage":{"@id":"https:\/\/www.pressenza.com\/es\/2019\/01\/brasil-un-punado-de-dias\/"},"wordCount":1255,"publisher":{"@id":"https:\/\/www.pressenza.com\/es\/#organization"},"image":{"@id":"https:\/\/www.pressenza.com\/es\/2019\/01\/brasil-un-punado-de-dias\/#primaryimage"},"thumbnailUrl":"https:\/\/www.pressenza.com\/wp-content\/uploads\/2019\/01\/heleno-dilma.jpg","keywords":["bolsa familiar","Brasil","CONAI","Darwin","Dilma Roussef","Jair Bolsonaro","Luis In\u00e1cio Lula da Silva","marxismo","Pueblos Originarios"],"articleSection":["Contenido Original","Internacional","Opiniones","Pol\u00edtica","Sudam\u00e9rica"],"inLanguage":"es"},{"@type":"WebPage","@id":"https:\/\/www.pressenza.com\/es\/2019\/01\/brasil-un-punado-de-dias\/","url":"https:\/\/www.pressenza.com\/es\/2019\/01\/brasil-un-punado-de-dias\/","name":"Brasil: un pu\u00f1ado de d\u00edas","isPartOf":{"@id":"https:\/\/www.pressenza.com\/es\/#website"},"primaryImageOfPage":{"@id":"https:\/\/www.pressenza.com\/es\/2019\/01\/brasil-un-punado-de-dias\/#primaryimage"},"image":{"@id":"https:\/\/www.pressenza.com\/es\/2019\/01\/brasil-un-punado-de-dias\/#primaryimage"},"thumbnailUrl":"https:\/\/www.pressenza.com\/wp-content\/uploads\/2019\/01\/heleno-dilma.jpg","datePublished":"2019-01-10T17:21:11+00:00","dateModified":"2019-01-11T08:09:02+00:00","description":"El discurso vomitado en el Parlamento con todas los crismas del Poder no dijo nada nuevo, una repetici\u00f3n est\u00e9ril de lo que se declar\u00f3 mil veces en la","breadcrumb":{"@id":"https:\/\/www.pressenza.com\/es\/2019\/01\/brasil-un-punado-de-dias\/#breadcrumb"},"inLanguage":"es","potentialAction":[{"@type":"ReadAction","target":["https:\/\/www.pressenza.com\/es\/2019\/01\/brasil-un-punado-de-dias\/"]}]},{"@type":"ImageObject","inLanguage":"es","@id":"https:\/\/www.pressenza.com\/es\/2019\/01\/brasil-un-punado-de-dias\/#primaryimage","url":"https:\/\/www.pressenza.com\/wp-content\/uploads\/2019\/01\/heleno-dilma.jpg","contentUrl":"https:\/\/www.pressenza.com\/wp-content\/uploads\/2019\/01\/heleno-dilma.jpg","width":997,"height":420},{"@type":"BreadcrumbList","@id":"https:\/\/www.pressenza.com\/es\/2019\/01\/brasil-un-punado-de-dias\/#breadcrumb","itemListElement":[{"@type":"ListItem","position":1,"name":"Accueil","item":"https:\/\/www.pressenza.com\/es\/"},{"@type":"ListItem","position":2,"name":"Brasil: un pu\u00f1ado de d\u00edas"}]},{"@type":"WebSite","@id":"https:\/\/www.pressenza.com\/es\/#website","url":"https:\/\/www.pressenza.com\/es\/","name":"Pressenza","description":"International Press Agency","publisher":{"@id":"https:\/\/www.pressenza.com\/es\/#organization"},"potentialAction":[{"@type":"SearchAction","target":{"@type":"EntryPoint","urlTemplate":"https:\/\/www.pressenza.com\/es\/?s={search_term_string}"},"query-input":{"@type":"PropertyValueSpecification","valueRequired":true,"valueName":"search_term_string"}}],"inLanguage":"es"},{"@type":"Organization","@id":"https:\/\/www.pressenza.com\/es\/#organization","name":"Pressenza","url":"https:\/\/www.pressenza.com\/es\/","logo":{"@type":"ImageObject","inLanguage":"es","@id":"https:\/\/www.pressenza.com\/es\/#\/schema\/logo\/image\/","url":"https:\/\/www.pressenza.com\/wp-content\/uploads\/2022\/10\/pressenza_logo_200x200.jpg","contentUrl":"https:\/\/www.pressenza.com\/wp-content\/uploads\/2022\/10\/pressenza_logo_200x200.jpg","width":200,"height":200,"caption":"Pressenza"},"image":{"@id":"https:\/\/www.pressenza.com\/es\/#\/schema\/logo\/image\/"},"sameAs":["https:\/\/www.facebook.com\/PressenzaItalia","https:\/\/x.com\/PressenzaIPA"]},{"@type":"Person","@id":"https:\/\/www.pressenza.com\/es\/#\/schema\/person\/b7683f6cc5b4992d9641abb1dd2b2c7a","name":"Paolo D'Aprile","description":"Nasco nel 1963... sono un uomo di mezza et\u00e0! Vivo a S\u00e3o Paulo dal 1989 e il mio lavoro di fisioterapista mi ha portato in contatto con le situazioni estreme della citt\u00e0, dalle favelas ai \"meninos de rua\". Ho partecipato a vari progetti di inclusione attraverso l'esercizio dei diritti civili. Da grande voglio fare il calciatore, l'astronauta e il pompiere.","url":"https:\/\/www.pressenza.com\/es\/author\/paolo-daprile\/"}]}},"place":"","original_article_url":"","_links":{"self":[{"href":"https:\/\/www.pressenza.com\/es\/wp-json\/wp\/v2\/posts\/787108","targetHints":{"allow":["GET"]}}],"collection":[{"href":"https:\/\/www.pressenza.com\/es\/wp-json\/wp\/v2\/posts"}],"about":[{"href":"https:\/\/www.pressenza.com\/es\/wp-json\/wp\/v2\/types\/post"}],"author":[{"embeddable":true,"href":"https:\/\/www.pressenza.com\/es\/wp-json\/wp\/v2\/users\/1567"}],"replies":[{"embeddable":true,"href":"https:\/\/www.pressenza.com\/es\/wp-json\/wp\/v2\/comments?post=787108"}],"version-history":[{"count":0,"href":"https:\/\/www.pressenza.com\/es\/wp-json\/wp\/v2\/posts\/787108\/revisions"}],"wp:featuredmedia":[{"embeddable":true,"href":"https:\/\/www.pressenza.com\/es\/wp-json\/wp\/v2\/media\/786973"}],"wp:attachment":[{"href":"https:\/\/www.pressenza.com\/es\/wp-json\/wp\/v2\/media?parent=787108"}],"wp:term":[{"taxonomy":"category","embeddable":true,"href":"https:\/\/www.pressenza.com\/es\/wp-json\/wp\/v2\/categories?post=787108"},{"taxonomy":"post_tag","embeddable":true,"href":"https:\/\/www.pressenza.com\/es\/wp-json\/wp\/v2\/tags?post=787108"}],"curies":[{"name":"wp","href":"https:\/\/api.w.org\/{rel}","templated":true}]}}