{"id":787038,"date":"2019-01-10T17:07:36","date_gmt":"2019-01-10T17:07:36","guid":{"rendered":"https:\/\/www.pressenza.com\/?p=787038"},"modified":"2019-01-10T17:16:39","modified_gmt":"2019-01-10T17:16:39","slug":"maduro-jura-su-cargo-ante-el-tribunal-supremo-de-justicia","status":"publish","type":"post","link":"https:\/\/www.pressenza.com\/es\/2019\/01\/maduro-jura-su-cargo-ante-el-tribunal-supremo-de-justicia\/","title":{"rendered":"Maduro jura su cargo ante el Tribunal Supremo de Justicia"},"content":{"rendered":"<h3>El presidente venezolano asumir\u00e1 el nuevo periodo constitucional 2019-2025<\/h3>\n<p>El\u00a0mandatario de Venezuela, <a href=\"https:\/\/actualidad.rt.com\/actualidad\/166278-venezuela-nicolas-maduro\" target=\"_blank\" rel=\"noopener noreferrer\">Nicol\u00e1s Maduro<\/a>,\u00a0fue juramentado como\u00a0presidente constitucional para el nuevo periodo 2019-2025, luego de ser <a href=\"https:\/\/actualidad.rt.com\/actualidad\/272287-maduro-gana-presidenciales-venezuela\" target=\"_blank\" rel=\"noopener noreferrer\">reelecto<\/a> el pasado 20 de mayo, en la sede del Tribunal Supremo de Justicia (TSJ), en Caracas.<\/p>\n<p>El presidente Maduro fue juramentado por Maikel Moreno, presidente del m\u00e1ximo tribunal, en la sala plenaria del TSJ. En la toma de juramento, el mandatario venezolano expres\u00f3: \u00abJuro por el legado de nuestros antepasados, por el Libertador Sim\u00f3n Bol\u00edvar, por el legado de nuestro comandante Hugo Ch\u00e1vez, por los ni\u00f1os de Venezuela, que cumplir\u00e9 y har\u00e9 cumplir todos los postulados y mandatos de la Constituci\u00f3n para defender la independencia de la patria, construir el socialismo del siglo XXI. Lo juro por nuestra patria, por nuestro pueblo, por Dios y por mi vida. \u00a1Lo cumplir\u00e9!\u00bb.<\/p>\n<p>Posteriormente, Moreno le impuso la banda presidencial, que tiene impresa la bandera de Venezuela, y le coloc\u00f3 el collar con las llaves del arca donde reposa el libro de acta de la Independencia, correspondiente al Congreso de 1811, y del sarc\u00f3fago donde se encuentran los restos de Bol\u00edvar.<\/p>\n<p>El acta de juramentaci\u00f3n fue firmada por el presidente de la Asamblea Nacional Constituyente, Diosdado Cabello; el presidente del TSJ, Maikel Moreno; el fiscal general, Tarek William Saab; la presidenta del Consejo Nacional Electoral, Tibisay Lucena. El documento posteriormente le fue entregado a Maduro.<\/p>\n<p>El presidente del TSJ, Maikel Moreno, en el pre\u00e1mbulo de la investidura, record\u00f3 que este acto \u00abno es una mera formalidad. Es una tradici\u00f3n con amplio arraigo en la historia de Venezuela\u00bb.<\/p>\n<p>La Constituci\u00f3n venezolana, record\u00f3 Moreno, en su art\u00edculo 231 establece que el 10 de enero del primer a\u00f1o del periodo constitucional, el presidente electo deber\u00e1 ser juramentado ante AN, sin embargo, como esta se encuentra en desacato desde 2016, y sus actos son nulos seg\u00fan varias sentencias del m\u00e1ximo tribunal, le corresponde al TSJ tomar juramento del jefe de Estado, seg\u00fan la Carta Magna.<\/p>\n<p>Este acto se inici\u00f3 con una movilizaci\u00f3n de personas que desde tempranas horas de este jueves se encuentran en las calles de la capital venezolana para acompa\u00f1ar a Maduro a la sede del TSJ.<\/p>\n<p><a href=\"https:\/\/youtu.be\/gGsW-p51SW0\">https:\/\/youtu.be\/gGsW-p51SW0<\/a><\/p>\n<p>En la sede del poder judicial venezolano se encuentran los mandatarios de Bolivia, Evo Morales; Cuba, Miguel D\u00edaz-Canel; Nicaragua, Daniel Ortega; El Salvador, Salvador S\u00e1nchez Cer\u00e9n; Osetia del Sur, Anatoli Bib\u00edlov; Abjasia, Raul Jadyimba; los primeros ministro de San Crist\u00f3bal y Nieves, Timothy Harris; San Vicente y las Granadinas, Ralph Gonsalves; el vicepresidente de Turqu\u00eda, Fuat Otkay y el secretario general de la Organizaci\u00f3n de Pa\u00edses Exportadores de Petr\u00f3leo(OPEP), Mohammed Barkindo, entre otros altos funcionarios. Tambi\u00e9n est\u00e1n presentes delegaciones de 49 pa\u00edses Am\u00e9rica, Asia, \u00c1frica y Europa compuestas por ministros, miembros de organismos internacionales, cuerpo diplom\u00e1tico, organizaciones pol\u00edticas y movimientos sociales.<\/p>\n<p><img loading=\"lazy\" decoding=\"async\" class=\"alignnone size-full wp-image-787110\" src=\"https:\/\/www.pressenza.com\/wp-content\/uploads\/2019\/01\/DwjAuCLUYAASWz1.jpg\" alt=\"\" width=\"768\" height=\"1024\" srcset=\"https:\/\/www.pressenza.com\/wp-content\/uploads\/2019\/01\/DwjAuCLUYAASWz1.jpg 768w, https:\/\/www.pressenza.com\/wp-content\/uploads\/2019\/01\/DwjAuCLUYAASWz1-225x300.jpg 225w, https:\/\/www.pressenza.com\/wp-content\/uploads\/2019\/01\/DwjAuCLUYAASWz1-720x960.jpg 720w\" sizes=\"auto, (max-width: 768px) 100vw, 768px\" \/><\/p>\n<p>&nbsp;<\/p>\n<p><a class=\"read-more__link\" href=\"https:\/\/actualidad.rt.com\/actualidad\/301581-nuevo-periodo-maduro-claves-juramentacion-elecciones\" target=\"_blank\" rel=\"noopener\"><span class=\"read-more__footer\">Maduro se juramenta para un nuevo per\u00edodo presidencial: \u00bfPor qu\u00e9 hay controversia?<\/span><\/a><\/p>\n","protected":false},"excerpt":{"rendered":"<p>El presidente venezolano asumir\u00e1 el nuevo periodo constitucional 2019-2025 El\u00a0mandatario de Venezuela, Nicol\u00e1s Maduro,\u00a0fue juramentado como\u00a0presidente constitucional para el nuevo periodo 2019-2025, luego de ser reelecto el pasado 20 de mayo, en la sede del Tribunal Supremo de Justicia (TSJ),&hellip;<\/p>\n","protected":false},"author":1333,"featured_media":787076,"comment_status":"closed","ping_status":"closed","sticky":false,"template":"","format":"standard","meta":{"footnotes":""},"categories":[69,76,149,1240,39,1242,1243,74,67,25678],"tags":[37068,696,25705,1059,3096,45497,53540],"class_list":["post-787038","post","type-post","status-publish","format-standard","has-post-thumbnail","hentry","category-america-central","category-relaciones-exteriores","category-comunicados-de-prensa","category-humanismo-espiritualidad","category-internacional","category-noviolencia-tema","category-paz-desarme","category-politica-es","category-sudamerica","category-video-es","tag-asamblea-nacional-constituyente","tag-democracia","tag-eeuu","tag-evo-morales","tag-imperialismo","tag-miguel-diaz-canel","tag-venezuea"],"yoast_head":"<!-- This site is optimized with the Yoast SEO plugin v27.1.1 - https:\/\/yoast.com\/product\/yoast-seo-wordpress\/ -->\n<title>Maduro jura su cargo ante el Tribunal Supremo de Justicia<\/title>\n<meta name=\"description\" content=\"El presidente venezolano asumir\u00e1 el nuevo periodo constitucional 2019-2025 El\u00a0mandatario de Venezuela, Nicol\u00e1s Maduro,\u00a0fue juramentado como\u00a0presidente\" \/>\n<meta name=\"robots\" content=\"index, follow, max-snippet:-1, max-image-preview:large, max-video-preview:-1\" \/>\n<link rel=\"canonical\" href=\"https:\/\/www.pressenza.com\/es\/2019\/01\/maduro-jura-su-cargo-ante-el-tribunal-supremo-de-justicia\/\" \/>\n<meta property=\"og:locale\" content=\"es_ES\" \/>\n<meta property=\"og:type\" content=\"article\" \/>\n<meta property=\"og:title\" content=\"Maduro jura su cargo ante el Tribunal Supremo de Justicia\" \/>\n<meta property=\"og:description\" content=\"El presidente venezolano asumir\u00e1 el nuevo periodo constitucional 2019-2025 El\u00a0mandatario de Venezuela, Nicol\u00e1s Maduro,\u00a0fue juramentado como\u00a0presidente\" \/>\n<meta property=\"og:url\" content=\"https:\/\/www.pressenza.com\/es\/2019\/01\/maduro-jura-su-cargo-ante-el-tribunal-supremo-de-justicia\/\" \/>\n<meta property=\"og:site_name\" content=\"Pressenza\" \/>\n<meta property=\"article:publisher\" content=\"https:\/\/www.facebook.com\/PressenzaItalia\" \/>\n<meta property=\"article:published_time\" content=\"2019-01-10T17:07:36+00:00\" \/>\n<meta property=\"article:modified_time\" content=\"2019-01-10T17:16:39+00:00\" \/>\n<meta property=\"og:image\" content=\"https:\/\/www.pressenza.com\/wp-content\/uploads\/2019\/01\/madu.jpg\" \/>\n\t<meta property=\"og:image:width\" content=\"847\" \/>\n\t<meta property=\"og:image:height\" content=\"477\" \/>\n\t<meta property=\"og:image:type\" content=\"image\/jpeg\" \/>\n<meta name=\"author\" content=\"Redacci\u00f3n Cuba\" \/>\n<meta name=\"twitter:card\" content=\"summary_large_image\" \/>\n<meta name=\"twitter:creator\" content=\"@PressenzaIPA\" \/>\n<meta name=\"twitter:site\" content=\"@PressenzaIPA\" \/>\n<meta name=\"twitter:label1\" content=\"Escrito por\" \/>\n\t<meta name=\"twitter:data1\" content=\"Redacci\u00f3n Cuba\" \/>\n\t<meta name=\"twitter:label2\" content=\"Tiempo de lectura\" \/>\n\t<meta name=\"twitter:data2\" content=\"3 minutos\" \/>\n<script type=\"application\/ld+json\" class=\"yoast-schema-graph\">{\"@context\":\"https:\/\/schema.org\",\"@graph\":[{\"@type\":\"Article\",\"@id\":\"https:\/\/www.pressenza.com\/es\/2019\/01\/maduro-jura-su-cargo-ante-el-tribunal-supremo-de-justicia\/#article\",\"isPartOf\":{\"@id\":\"https:\/\/www.pressenza.com\/es\/2019\/01\/maduro-jura-su-cargo-ante-el-tribunal-supremo-de-justicia\/\"},\"author\":{\"name\":\"Redacci\u00f3n Cuba\",\"@id\":\"https:\/\/www.pressenza.com\/es\/#\/schema\/person\/8ae9fb86616bf7972df5aa651a73f542\"},\"headline\":\"Maduro jura su cargo ante el Tribunal Supremo de Justicia\",\"datePublished\":\"2019-01-10T17:07:36+00:00\",\"dateModified\":\"2019-01-10T17:16:39+00:00\",\"mainEntityOfPage\":{\"@id\":\"https:\/\/www.pressenza.com\/es\/2019\/01\/maduro-jura-su-cargo-ante-el-tribunal-supremo-de-justicia\/\"},\"wordCount\":523,\"publisher\":{\"@id\":\"https:\/\/www.pressenza.com\/es\/#organization\"},\"image\":{\"@id\":\"https:\/\/www.pressenza.com\/es\/2019\/01\/maduro-jura-su-cargo-ante-el-tribunal-supremo-de-justicia\/#primaryimage\"},\"thumbnailUrl\":\"https:\/\/www.pressenza.com\/wp-content\/uploads\/2019\/01\/madu.jpg\",\"keywords\":[\"Asamblea Nacional Constituyente\",\"Democracia\",\"EEUU\",\"Evo Morales\",\"imperialismo\",\"Miguel Diaz-Canel\",\"Venezuea\"],\"articleSection\":[\"Am\u00e9rica Central\",\"Asuntos internacionales\",\"Comunicados de Prensa\",\"Humanismo y Espiritualidad\",\"Internacional\",\"Noviolencia\",\"Paz y Desarme\",\"Pol\u00edtica\",\"Sudam\u00e9rica\",\"Video\"],\"inLanguage\":\"es\"},{\"@type\":\"WebPage\",\"@id\":\"https:\/\/www.pressenza.com\/es\/2019\/01\/maduro-jura-su-cargo-ante-el-tribunal-supremo-de-justicia\/\",\"url\":\"https:\/\/www.pressenza.com\/es\/2019\/01\/maduro-jura-su-cargo-ante-el-tribunal-supremo-de-justicia\/\",\"name\":\"Maduro jura su cargo ante el Tribunal Supremo de Justicia\",\"isPartOf\":{\"@id\":\"https:\/\/www.pressenza.com\/es\/#website\"},\"primaryImageOfPage\":{\"@id\":\"https:\/\/www.pressenza.com\/es\/2019\/01\/maduro-jura-su-cargo-ante-el-tribunal-supremo-de-justicia\/#primaryimage\"},\"image\":{\"@id\":\"https:\/\/www.pressenza.com\/es\/2019\/01\/maduro-jura-su-cargo-ante-el-tribunal-supremo-de-justicia\/#primaryimage\"},\"thumbnailUrl\":\"https:\/\/www.pressenza.com\/wp-content\/uploads\/2019\/01\/madu.jpg\",\"datePublished\":\"2019-01-10T17:07:36+00:00\",\"dateModified\":\"2019-01-10T17:16:39+00:00\",\"description\":\"El presidente venezolano asumir\u00e1 el nuevo periodo constitucional 2019-2025 El\u00a0mandatario de Venezuela, Nicol\u00e1s Maduro,\u00a0fue juramentado como\u00a0presidente\",\"breadcrumb\":{\"@id\":\"https:\/\/www.pressenza.com\/es\/2019\/01\/maduro-jura-su-cargo-ante-el-tribunal-supremo-de-justicia\/#breadcrumb\"},\"inLanguage\":\"es\",\"potentialAction\":[{\"@type\":\"ReadAction\",\"target\":[\"https:\/\/www.pressenza.com\/es\/2019\/01\/maduro-jura-su-cargo-ante-el-tribunal-supremo-de-justicia\/\"]}]},{\"@type\":\"ImageObject\",\"inLanguage\":\"es\",\"@id\":\"https:\/\/www.pressenza.com\/es\/2019\/01\/maduro-jura-su-cargo-ante-el-tribunal-supremo-de-justicia\/#primaryimage\",\"url\":\"https:\/\/www.pressenza.com\/wp-content\/uploads\/2019\/01\/madu.jpg\",\"contentUrl\":\"https:\/\/www.pressenza.com\/wp-content\/uploads\/2019\/01\/madu.jpg\",\"width\":847,\"height\":477},{\"@type\":\"BreadcrumbList\",\"@id\":\"https:\/\/www.pressenza.com\/es\/2019\/01\/maduro-jura-su-cargo-ante-el-tribunal-supremo-de-justicia\/#breadcrumb\",\"itemListElement\":[{\"@type\":\"ListItem\",\"position\":1,\"name\":\"Accueil\",\"item\":\"https:\/\/www.pressenza.com\/es\/\"},{\"@type\":\"ListItem\",\"position\":2,\"name\":\"Maduro jura su cargo ante el Tribunal Supremo de Justicia\"}]},{\"@type\":\"WebSite\",\"@id\":\"https:\/\/www.pressenza.com\/es\/#website\",\"url\":\"https:\/\/www.pressenza.com\/es\/\",\"name\":\"Pressenza\",\"description\":\"International Press Agency\",\"publisher\":{\"@id\":\"https:\/\/www.pressenza.com\/es\/#organization\"},\"potentialAction\":[{\"@type\":\"SearchAction\",\"target\":{\"@type\":\"EntryPoint\",\"urlTemplate\":\"https:\/\/www.pressenza.com\/es\/?s={search_term_string}\"},\"query-input\":{\"@type\":\"PropertyValueSpecification\",\"valueRequired\":true,\"valueName\":\"search_term_string\"}}],\"inLanguage\":\"es\"},{\"@type\":\"Organization\",\"@id\":\"https:\/\/www.pressenza.com\/es\/#organization\",\"name\":\"Pressenza\",\"url\":\"https:\/\/www.pressenza.com\/es\/\",\"logo\":{\"@type\":\"ImageObject\",\"inLanguage\":\"es\",\"@id\":\"https:\/\/www.pressenza.com\/es\/#\/schema\/logo\/image\/\",\"url\":\"https:\/\/www.pressenza.com\/wp-content\/uploads\/2022\/10\/pressenza_logo_200x200.jpg\",\"contentUrl\":\"https:\/\/www.pressenza.com\/wp-content\/uploads\/2022\/10\/pressenza_logo_200x200.jpg\",\"width\":200,\"height\":200,\"caption\":\"Pressenza\"},\"image\":{\"@id\":\"https:\/\/www.pressenza.com\/es\/#\/schema\/logo\/image\/\"},\"sameAs\":[\"https:\/\/www.facebook.com\/PressenzaItalia\",\"https:\/\/x.com\/PressenzaIPA\"]},{\"@type\":\"Person\",\"@id\":\"https:\/\/www.pressenza.com\/es\/#\/schema\/person\/8ae9fb86616bf7972df5aa651a73f542\",\"name\":\"Redacci\u00f3n Cuba\",\"description\":\"News published by the Pressenza bureau in Cuba\",\"url\":\"https:\/\/www.pressenza.com\/es\/author\/redaccion-cuba\/\"}]}<\/script>\n<!-- \/ Yoast SEO plugin. -->","yoast_head_json":{"title":"Maduro jura su cargo ante el Tribunal Supremo de Justicia","description":"El presidente venezolano asumir\u00e1 el nuevo periodo constitucional 2019-2025 El\u00a0mandatario de Venezuela, Nicol\u00e1s Maduro,\u00a0fue juramentado como\u00a0presidente","robots":{"index":"index","follow":"follow","max-snippet":"max-snippet:-1","max-image-preview":"max-image-preview:large","max-video-preview":"max-video-preview:-1"},"canonical":"https:\/\/www.pressenza.com\/es\/2019\/01\/maduro-jura-su-cargo-ante-el-tribunal-supremo-de-justicia\/","og_locale":"es_ES","og_type":"article","og_title":"Maduro jura su cargo ante el Tribunal Supremo de Justicia","og_description":"El presidente venezolano asumir\u00e1 el nuevo periodo constitucional 2019-2025 El\u00a0mandatario de Venezuela, Nicol\u00e1s Maduro,\u00a0fue juramentado como\u00a0presidente","og_url":"https:\/\/www.pressenza.com\/es\/2019\/01\/maduro-jura-su-cargo-ante-el-tribunal-supremo-de-justicia\/","og_site_name":"Pressenza","article_publisher":"https:\/\/www.facebook.com\/PressenzaItalia","article_published_time":"2019-01-10T17:07:36+00:00","article_modified_time":"2019-01-10T17:16:39+00:00","og_image":[{"width":847,"height":477,"url":"https:\/\/www.pressenza.com\/wp-content\/uploads\/2019\/01\/madu.jpg","type":"image\/jpeg"}],"author":"Redacci\u00f3n Cuba","twitter_card":"summary_large_image","twitter_creator":"@PressenzaIPA","twitter_site":"@PressenzaIPA","twitter_misc":{"Escrito por":"Redacci\u00f3n Cuba","Tiempo de lectura":"3 minutos"},"schema":{"@context":"https:\/\/schema.org","@graph":[{"@type":"Article","@id":"https:\/\/www.pressenza.com\/es\/2019\/01\/maduro-jura-su-cargo-ante-el-tribunal-supremo-de-justicia\/#article","isPartOf":{"@id":"https:\/\/www.pressenza.com\/es\/2019\/01\/maduro-jura-su-cargo-ante-el-tribunal-supremo-de-justicia\/"},"author":{"name":"Redacci\u00f3n Cuba","@id":"https:\/\/www.pressenza.com\/es\/#\/schema\/person\/8ae9fb86616bf7972df5aa651a73f542"},"headline":"Maduro jura su cargo ante el Tribunal Supremo de Justicia","datePublished":"2019-01-10T17:07:36+00:00","dateModified":"2019-01-10T17:16:39+00:00","mainEntityOfPage":{"@id":"https:\/\/www.pressenza.com\/es\/2019\/01\/maduro-jura-su-cargo-ante-el-tribunal-supremo-de-justicia\/"},"wordCount":523,"publisher":{"@id":"https:\/\/www.pressenza.com\/es\/#organization"},"image":{"@id":"https:\/\/www.pressenza.com\/es\/2019\/01\/maduro-jura-su-cargo-ante-el-tribunal-supremo-de-justicia\/#primaryimage"},"thumbnailUrl":"https:\/\/www.pressenza.com\/wp-content\/uploads\/2019\/01\/madu.jpg","keywords":["Asamblea Nacional Constituyente","Democracia","EEUU","Evo Morales","imperialismo","Miguel Diaz-Canel","Venezuea"],"articleSection":["Am\u00e9rica Central","Asuntos internacionales","Comunicados de Prensa","Humanismo y Espiritualidad","Internacional","Noviolencia","Paz y Desarme","Pol\u00edtica","Sudam\u00e9rica","Video"],"inLanguage":"es"},{"@type":"WebPage","@id":"https:\/\/www.pressenza.com\/es\/2019\/01\/maduro-jura-su-cargo-ante-el-tribunal-supremo-de-justicia\/","url":"https:\/\/www.pressenza.com\/es\/2019\/01\/maduro-jura-su-cargo-ante-el-tribunal-supremo-de-justicia\/","name":"Maduro jura su cargo ante el Tribunal Supremo de Justicia","isPartOf":{"@id":"https:\/\/www.pressenza.com\/es\/#website"},"primaryImageOfPage":{"@id":"https:\/\/www.pressenza.com\/es\/2019\/01\/maduro-jura-su-cargo-ante-el-tribunal-supremo-de-justicia\/#primaryimage"},"image":{"@id":"https:\/\/www.pressenza.com\/es\/2019\/01\/maduro-jura-su-cargo-ante-el-tribunal-supremo-de-justicia\/#primaryimage"},"thumbnailUrl":"https:\/\/www.pressenza.com\/wp-content\/uploads\/2019\/01\/madu.jpg","datePublished":"2019-01-10T17:07:36+00:00","dateModified":"2019-01-10T17:16:39+00:00","description":"El presidente venezolano asumir\u00e1 el nuevo periodo constitucional 2019-2025 El\u00a0mandatario de Venezuela, Nicol\u00e1s Maduro,\u00a0fue juramentado como\u00a0presidente","breadcrumb":{"@id":"https:\/\/www.pressenza.com\/es\/2019\/01\/maduro-jura-su-cargo-ante-el-tribunal-supremo-de-justicia\/#breadcrumb"},"inLanguage":"es","potentialAction":[{"@type":"ReadAction","target":["https:\/\/www.pressenza.com\/es\/2019\/01\/maduro-jura-su-cargo-ante-el-tribunal-supremo-de-justicia\/"]}]},{"@type":"ImageObject","inLanguage":"es","@id":"https:\/\/www.pressenza.com\/es\/2019\/01\/maduro-jura-su-cargo-ante-el-tribunal-supremo-de-justicia\/#primaryimage","url":"https:\/\/www.pressenza.com\/wp-content\/uploads\/2019\/01\/madu.jpg","contentUrl":"https:\/\/www.pressenza.com\/wp-content\/uploads\/2019\/01\/madu.jpg","width":847,"height":477},{"@type":"BreadcrumbList","@id":"https:\/\/www.pressenza.com\/es\/2019\/01\/maduro-jura-su-cargo-ante-el-tribunal-supremo-de-justicia\/#breadcrumb","itemListElement":[{"@type":"ListItem","position":1,"name":"Accueil","item":"https:\/\/www.pressenza.com\/es\/"},{"@type":"ListItem","position":2,"name":"Maduro jura su cargo ante el Tribunal Supremo de Justicia"}]},{"@type":"WebSite","@id":"https:\/\/www.pressenza.com\/es\/#website","url":"https:\/\/www.pressenza.com\/es\/","name":"Pressenza","description":"International Press Agency","publisher":{"@id":"https:\/\/www.pressenza.com\/es\/#organization"},"potentialAction":[{"@type":"SearchAction","target":{"@type":"EntryPoint","urlTemplate":"https:\/\/www.pressenza.com\/es\/?s={search_term_string}"},"query-input":{"@type":"PropertyValueSpecification","valueRequired":true,"valueName":"search_term_string"}}],"inLanguage":"es"},{"@type":"Organization","@id":"https:\/\/www.pressenza.com\/es\/#organization","name":"Pressenza","url":"https:\/\/www.pressenza.com\/es\/","logo":{"@type":"ImageObject","inLanguage":"es","@id":"https:\/\/www.pressenza.com\/es\/#\/schema\/logo\/image\/","url":"https:\/\/www.pressenza.com\/wp-content\/uploads\/2022\/10\/pressenza_logo_200x200.jpg","contentUrl":"https:\/\/www.pressenza.com\/wp-content\/uploads\/2022\/10\/pressenza_logo_200x200.jpg","width":200,"height":200,"caption":"Pressenza"},"image":{"@id":"https:\/\/www.pressenza.com\/es\/#\/schema\/logo\/image\/"},"sameAs":["https:\/\/www.facebook.com\/PressenzaItalia","https:\/\/x.com\/PressenzaIPA"]},{"@type":"Person","@id":"https:\/\/www.pressenza.com\/es\/#\/schema\/person\/8ae9fb86616bf7972df5aa651a73f542","name":"Redacci\u00f3n Cuba","description":"News published by the Pressenza bureau in Cuba","url":"https:\/\/www.pressenza.com\/es\/author\/redaccion-cuba\/"}]}},"place":"Caracas","original_article_url":"https:\/\/actualidad.rt.com\/actualidad\/301606-maduro-jura-cargo-tribunal-supremo-justicia?utm_source=browser&utm_medium=push_notifications&utm_campaign=push_notifications","_links":{"self":[{"href":"https:\/\/www.pressenza.com\/es\/wp-json\/wp\/v2\/posts\/787038","targetHints":{"allow":["GET"]}}],"collection":[{"href":"https:\/\/www.pressenza.com\/es\/wp-json\/wp\/v2\/posts"}],"about":[{"href":"https:\/\/www.pressenza.com\/es\/wp-json\/wp\/v2\/types\/post"}],"author":[{"embeddable":true,"href":"https:\/\/www.pressenza.com\/es\/wp-json\/wp\/v2\/users\/1333"}],"replies":[{"embeddable":true,"href":"https:\/\/www.pressenza.com\/es\/wp-json\/wp\/v2\/comments?post=787038"}],"version-history":[{"count":0,"href":"https:\/\/www.pressenza.com\/es\/wp-json\/wp\/v2\/posts\/787038\/revisions"}],"wp:featuredmedia":[{"embeddable":true,"href":"https:\/\/www.pressenza.com\/es\/wp-json\/wp\/v2\/media\/787076"}],"wp:attachment":[{"href":"https:\/\/www.pressenza.com\/es\/wp-json\/wp\/v2\/media?parent=787038"}],"wp:term":[{"taxonomy":"category","embeddable":true,"href":"https:\/\/www.pressenza.com\/es\/wp-json\/wp\/v2\/categories?post=787038"},{"taxonomy":"post_tag","embeddable":true,"href":"https:\/\/www.pressenza.com\/es\/wp-json\/wp\/v2\/tags?post=787038"}],"curies":[{"name":"wp","href":"https:\/\/api.w.org\/{rel}","templated":true}]}}