{"id":786950,"date":"2019-01-10T13:40:56","date_gmt":"2019-01-10T13:40:56","guid":{"rendered":"https:\/\/www.pressenza.com\/?p=786950"},"modified":"2019-01-10T13:40:56","modified_gmt":"2019-01-10T13:40:56","slug":"gabriela-bravo-los-chalecos-amarillos-son-todos-los-perdedores-de-la-mundializacion","status":"publish","type":"post","link":"https:\/\/www.pressenza.com\/es\/2019\/01\/gabriela-bravo-los-chalecos-amarillos-son-todos-los-perdedores-de-la-mundializacion\/","title":{"rendered":"Gabriela Bravo \u201cLos chalecos amarillos son todos los perdedores de la mundializaci\u00f3n\u201d"},"content":{"rendered":"<p><em>La periodista chilena Gabriela Bravo, corresponsal de Pressenza y de Radio Cooperativa en Par\u00eds, en el programa del 4 de enero 2019 de Pressenza Internacional En La Oreja nos habla de los logros y de las perspectivas futuras del movimiento de los chalecos amarillos y de la actitud represiva del gobierno franc\u00e9s frente a ello.<\/em><\/p>\n<!--[if lt IE 9]><script>document.createElement('audio');<\/script><![endif]-->\n<audio class=\"wp-audio-shortcode\" id=\"audio-786950-1\" preload=\"none\" style=\"width: 100%;\" controls=\"controls\"><source type=\"audio\/mpeg\" src=\"https:\/\/cl.ivoox.com\/es\/gabriela-bravo-chalecos-amarillos-francia_md_31352634_wp_1.mp3?_=1\" \/><a href=\"https:\/\/cl.ivoox.com\/es\/gabriela-bravo-chalecos-amarillos-francia_md_31352634_wp_1.mp3\">https:\/\/cl.ivoox.com\/es\/gabriela-bravo-chalecos-amarillos-francia_md_31352634_wp_1.mp3<\/a><\/audio>\n<p><a title=\"Gabriela Bravo y los chalecos amarillos de Francia\" href=\"https:\/\/cl.ivoox.com\/es\/gabriela-bravo-chalecos-amarillos-francia-audios-mp3_rf_31352634_1.html\">Ir a descargar<\/a><\/p>\n<p><strong>Gabriela Bravo es corresponsal de Pressenza y de Radio Cooperativa de Chile en Par\u00eds y ya estuvo con nosotros a finales de noviembre y nos habl\u00f3 de los or\u00edgenes del movimiento de los chalecos amarrillos. Como es costumbre en Pressenza Internacional En la Oreja vamos a tratar de dar seguimiento a los fen\u00f3menos y a los acontecimientos internacionales.<\/strong><\/p>\n<p><strong>Gabriela, t\u00fa nos hablaste, justamente ya hace m\u00e1s de un mes, de un movimiento espont\u00e1neo, transversal, heterog\u00e9neo, que naci\u00f3 en principio para protestar contra las alzas de combustible para luego ampliar su contenido y difundirse en las redes sociales a lo largo y ancho de Francia y tambi\u00e9n ha habido imitaciones en otros pa\u00edses, quer\u00eda preguntarte de noviembre hasta el momento, \u00bfcu\u00e1les han sido los logros de esta movilizaci\u00f3n?<\/strong><\/p>\n<p>Bueno, hay que recordar solamente que el movimiento se inicia en octubre a trav\u00e9s de las redes sociales, pero que la primera manifestaci\u00f3n es el 17 de noviembre y se han hecho 7 jornadas de protesta y se ha hecho un llamado para que este s\u00e1bado sea la octava jornada, lo que aqu\u00ed se ha llamado el acto n\u00ba 8. Entre lo que han ganado los chalecos amarillos es la anulaci\u00f3n de la alza de los combustibles, tambi\u00e9n han obtenido el aumento de un bono de trabajo que podr\u00eda ascender hasta 100 euros y que las horas extraordinarias no van a ser sometidas a impuestos y tambi\u00e9n pudieron lograr que se d\u00e9 un debate nacional sobre el estado social y fiscal del pa\u00eds, que se llevar\u00e1 a cabo dentro de los pr\u00f3ximos meses y que tendr\u00e1 una duraci\u00f3n de tres meses, para poder debatir sobre los contenidos que quieren hablar los chalecos amarillos.<\/p>\n<p>Estas son las victorias m\u00e1s grandes, sin embargo esto no ha sido suficiente para que el movimiento cese, ya que la gente est\u00e1 pidiendo una mayor justicia social, una mayor justicia econ\u00f3mica y una mejor repartici\u00f3n de las riquezas y lo que los chalecos amarillos est\u00e1n pidiendo hoy en d\u00eda es lo que ellos llaman el \u201cRIC\u201d, el refer\u00e9ndum de iniciativa ciudadana donde ellos puedan decidir los temas que quieran tratar y poder votar ciertas leyes que tengan derecho por ejemplo a revocar ciertas leyes o a poder proponer leyes al Parlamento.<\/p>\n<p><strong>En su mensaje de fin de a\u00f1o, Gabriela, el presidente franc\u00e9s Emmanuel Macron sin embargo defendi\u00f3 las reformas de su primer a\u00f1o y medio de mandato y tambi\u00e9n confirm\u00f3 el rumbo de su pol\u00edtica a pesar de todo el descontento que se manifest\u00f3 a trav\u00e9s de este movimiento de los chalecos amarillos, es m\u00e1s, atac\u00f3 directamente al movimiento defini\u00e9ndolo como \u201cvoceros de una masa llenos de odio\u201d. \u00bfCu\u00e1l es la reacci\u00f3n del movimiento frente a esta actitud del gobierno y c\u00f3mo crees que van a seguir las movilizaciones? <\/strong><\/p>\n<p>Hay que decir que luego de que el presidente decidiera estas reformas, se hab\u00eda calmado un poco el movimiento. Sin embargo, nunca ha cesado de estar presente porque lo que pasa es que en las noticias se ve mucho lo que pasa en Par\u00eds, pero en otras regiones todos los d\u00edas, no ha habido ning\u00fan d\u00eda, en que no haya manifestaciones en las calles no est\u00e9n los chalecos amarillos expres\u00e1ndose.<\/p>\n<p>Con respecto a lo que ha dicho el presidente, realmente, yo que sigo las informaciones a diario, muchos expertos no entienden cu\u00e1l es la estrategia del presidente que deber\u00eda llamar un poco a la calma, al di\u00e1logo, sin embargo sigue apuntando con el dedo a los chalecos amarillos, a esta poblaci\u00f3n que es mayoritaria hay que decirlo, hasta el d\u00eda de hoy hay un 55 % de aprobaci\u00f3n y 55 % de la poblaci\u00f3n quieren que las protestas sigan, entonces desde el 17 de noviembre de protestas la mayor\u00eda de la poblaci\u00f3n apoyan a los chalecos amarillos. La gente, incluso los expertos y los pol\u00edticos, se preguntan cu\u00e1l es la estrategia del gobierno al seguir insistiendo en esta divisi\u00f3n, un poco insultando a este movimiento, llam\u00e1ndola \u201cuna gran cantidad de personas llenas de ira, de rabia\u201d. Yo personalmente no estoy comprendiendo cu\u00e1l es la estrategia del Estado, del gobierno de seguir ech\u00e1ndole aceite al fuego.<\/p>\n<p>Lo que s\u00ed podemos decir es que hoy mismo el portavoz del gobierno ha dicho que la represi\u00f3n va a endurecerse, yo les quiero presentar una cifra que es muy importante en un mes de manifestaci\u00f3n hubo 4.570 personas detenidas, detenidas, no en control de identidad. Es un r\u00e9cord absoluto y hace no se cuantos a\u00f1os que no se ve\u00eda una represi\u00f3n tan fuerte y el gobierno en estos momentos est\u00e1 apostando por endurecer aun m\u00e1s la represi\u00f3n. Esto podr\u00eda generar aun un clima m\u00e1s tenso y una radicalizaci\u00f3n del movimiento, si los chalecos amarillos no obtienen lo que ellos quieren que es una mejor justicia social y mejor distribuci\u00f3n de las riquezas.<\/p>\n<p><strong>Gabriela, si est\u00e1s haciendo esta puntualizaci\u00f3n es porque adem\u00e1s de la gente que se llevan detenida, se han llevado tambi\u00e9n a miles de personas, no en calidad de detenidos, sino en calidad de averiguaci\u00f3n de identidad y dem\u00e1s, \u00bfno? <\/strong><\/p>\n<p>Exactamente. Est\u00e1n los controles de identidad que son muchos mayores, que todav\u00eda el ministerio de Justicia no ha entregado las cifras, pero s\u00ed las detenciones porque estas detenciones algunas derivan en juicios u otras est\u00e1n detenidos en recintos carcelarios, es una cifra enorme para solo un mes, estamos hablando entre el 17 de noviembre y el 17 de diciembre, es decir, ni siquiera es la cifra total hasta el d\u00eda de hoy de las detenciones.<\/p>\n<p><strong>Estamos hablando porque las im\u00e1genes que se han visto mayoritariamente tienen que ver con lo sucedido en Par\u00eds, pero me imagino que esto debe estar ocurriendo en muchas ciudades de Francia. <\/strong><\/p>\n<p>Exactamente, es un movimiento altamente arraigado en las peque\u00f1as ciudades y en las regiones, en lo que se ha llamado aqu\u00ed \u201ctodos los perdedores de la mundializaci\u00f3n\u201d, es decir todos los lugares que se han visto afectados por el cierre del correo, el cierre de las estaciones de tren, las deslocalizaciones de empresas donde todas las familias trabajaban. Todos estos \u201cperdedores\u201d que son las peque\u00f1as ciudades las que no tienen acceso a internet o todos los beneficios de la mundializaci\u00f3n, en estos lugares nunca han cesado las protestas, ellos est\u00e1n todos los d\u00edas sin embargo hoy acaba de decir el portavoz del gobierno que todos esos puntos en donde se encuentran los chalecos amarillos van a ser desalojados por la fuerza.<\/p>\n<p><strong>Justamente, quer\u00eda recordar que hace dos d\u00edas, t\u00fa hablabas justamente de la detenci\u00f3n, del gran numero de detenidos y tambi\u00e9n uno de los lideres de los chalecos amarillos Eric Drouet, \u00e9l tambi\u00e9n ha sido detenido, la raz\u00f3n oficial es que estaba organizando al parecer una manifestaci\u00f3n no autorizada en la capital, en Par\u00eds, esta se\u00f1al una vez m\u00e1s de la voluntad represiva del gobierno es bastante espantosa tambi\u00e9n, por lo que Francia que se considera normalmente como \u201cestado de derecho\u201d.<\/strong><\/p>\n<p>S\u00ed, exactamente, es decir cuando yo dec\u00eda que los analistas pol\u00edticos y las personas que est\u00e1n viendo el cotidiano no entienden porque se detuvo a esta persona, que es un l\u00edder. No es un l\u00edder, porque no existen l\u00edderes en este movimiento, sino que es una figura emblem\u00e1tica, es uno de los precursores de este movimiento, Eric Drouet, lo que \u00e9l fue a hacer a la plaza de la Concordia fue dejar velas y flores en homenaje a las personas que han muerto en este movimiento, van 10 personas muertas entre las personas que han sido atropelladas y por violencia y tambi\u00e9n los mutilados porque hay muchas personas que han perdido las manos y diez personas han perdido ojos o han sido mutiladas por las violencias policiales.<\/p>\n<p>Entonces, solamente un grupo de cien personas fueron a rendir homenaje a estas personas que han muerto o han sido mutiladas y fueron reprimidas violentamente y esta persona fue detenida. Lo que nadie entiende es por qu\u00e9, ya que no hubo violencia, no hubo desmanes, no se rompi\u00f3 nada, se estaba haciendo un homenaje, ni siquiera era una protesta, era un acto de homenaje y al haberlo detenido mucha de la opini\u00f3n publica se ha puesto en contra del gobierno porque est\u00e1n viendo que se est\u00e1 dando una vuelta autoritaria, ya que si Francia no es capaz de permitir un homenaje a las personas que se han muerto, \u00bfqu\u00e9 es lo que va a pasar? Mucha gente habl\u00f3 de una detenci\u00f3n pol\u00edtica.<\/p>\n<p><strong>Claro, una suerte de provocaci\u00f3n por parte del gobierno. \u00bfCu\u00e1nto han participado o est\u00e1n participando los j\u00f3venes en estas protestas, es decir, los j\u00f3venes son parte de lo que t\u00fa llamabas \u201cperdedores de la mundializaci\u00f3n\u201d? Y, \u00bflos movimientos estudiantiles solidarizaron con este movimiento, se involucran? <\/strong><\/p>\n<p>Para ser sincera, este movimiento es m\u00e1s que nada de trabajadores precarios, es decir que ganan el sueldo m\u00ednimo o que tienen trabajos de medio tiempo, muchas mujeres, pero sobre todo jubilados, que les han aumentado los impuestos y que ya no pueden vivir.<\/p>\n<p>Los j\u00f3venes est\u00e1n un poco comenzando a introducirse, sin embargo, los j\u00f3venes no es la masa que m\u00e1s moviliza este movimiento, sinceramente, es un movimiento de trabajadores precarios, de jubilados y de todas las personas precarias que en este caso son muchas mujeres, hay que hacer notar que este movimiento es sumamente transversal en g\u00e9nero, hay tanto hombres como mujeres, pero sobre todo muchos mayores, jubilados que ellos est\u00e1n todos los d\u00edas manifest\u00e1ndose. Los j\u00f3venes est\u00e1n introduci\u00e9ndose lentamente, tibiamente, pero todav\u00eda no podemos decir que es una masa que haga la diferencia en este movimiento, lo que s\u00ed podemos decir es de jubilados y de trabadores precarios.<\/p>\n<p><strong>\u00bfComo ves t\u00fa, qu\u00e9 viene para las pr\u00f3ximas semanas, cu\u00e1les son las perspectivas?<\/strong><\/p>\n<p>Personalmente, creo que este acto n\u00ba 8 va a ser m\u00e1s grande que el 6 y el 7, porque recordemos que estuvimos en un periodo de fiestas, navidad, a\u00f1o nuevo y pese a ello la gente no dej\u00f3 de protestar, hay que decir que todos los d\u00edas se producen protestas aqu\u00ed en Francia. Sin embargo hubo una baja que me parece normal debido a que son fiestas familiares, los ni\u00f1os est\u00e1n todav\u00eda de vacaciones, por lo tanto hay una nueva configuraci\u00f3n de este movimiento, pero esta detenci\u00f3n de Eric Drouet ha provocado una rabia y bastantes personas que se hab\u00edan alejado un poco de las protestas f\u00edsicas, han dicho luego de esto \u201cYo voy a protestar\u201d porque no es posible que haya una injusticia social, haya una injusticia econ\u00f3mica y adem\u00e1s haya una represi\u00f3n tan fuerte, que estemos llegando a niveles de otros pa\u00edses donde en una manifestaci\u00f3n se llevan a mil, dos mil personas detenidas.<\/p>\n<p>Lo otro que me gustar\u00eda hacer hincapi\u00e9 es que hay una desconfianza tremenda de los medios de comunicaci\u00f3n, la gente no est\u00e1 creyendo lo que dicen los medios de comunicaci\u00f3n, lo que est\u00e1n informando, debido a que hay bastante propaganda, bastantes informaciones que est\u00e1n tratando de arreglar un poco el discurso del presidente, del gobierno y ya las personas no est\u00e1n creyendo en eso, se est\u00e1n informando de manera personal en las calles, la gente est\u00e1 haciendo asambleas, se est\u00e1n informando unos con otros y est\u00e1n poniendo en duda no solo la palabra del presidente, sino tambi\u00e9n la palabra de los medios de comunicaci\u00f3n, de quienes hab\u00edan prometido un mundo mejor, un mundo nuevo, como lo hab\u00eda dicho Emmanuel Macron y la gente ya est\u00e1 creyendo m\u00e1s que nada en la inteligencia del pueblo.<\/p>\n<p>Hay una reforma, la reforma de la recaudaci\u00f3n del impuesto que va a hacerse presente a final de enero, yo personalmente pienso que tambi\u00e9n puede causar una nueva inflamaci\u00f3n de este movimiento, debido a que el impuesto que antes era recaudado en noviembre, va a ser recaudado mensualmente y la gente que estaba esperando que estos 100 euros se vieran en su ficha de salario, van a encontrarse en que van a tener menos sueldo y eso podr\u00eda volver a poner a la gente en la calle, tenemos que estar analizando.<\/p>\n","protected":false},"excerpt":{"rendered":"<p>La periodista chilena Gabriela Bravo, corresponsal de Pressenza y de Radio Cooperativa en Par\u00eds, en el programa del 4 de enero 2019 de Pressenza Internacional En La Oreja nos habla de los logros y de las perspectivas futuras del movimiento&hellip;<\/p>\n","protected":false},"author":1011,"featured_media":786951,"comment_status":"closed","ping_status":"closed","sticky":false,"template":"","format":"standard","meta":{"footnotes":""},"categories":[11389,155,66,74],"tags":[52398,18785,28255,15617,1432,526,25779],"class_list":["post-786950","post","type-post","status-publish","format-standard","has-post-thumbnail","hentry","category-contenido-original","category-entrevistas","category-europa-es","category-politica-es","tag-chalecos-amarillos","tag-crisis-economica","tag-deshumanizacion","tag-distribucion-de-la-riqueza","tag-francia","tag-manifestacion","tag-protesta-social"],"yoast_head":"<!-- This site is optimized with the Yoast SEO plugin v27.1.1 - https:\/\/yoast.com\/product\/yoast-seo-wordpress\/ -->\n<title>Gabriela Bravo \u201cLos chalecos amarillos son todos los perdedores de la mundializaci\u00f3n\u201d<\/title>\n<meta name=\"description\" content=\"La periodista chilena Gabriela Bravo, corresponsal de Pressenza y de Radio Cooperativa en Par\u00eds, en el programa del 4 de enero 2019 de Pressenza\" \/>\n<meta name=\"robots\" content=\"index, follow, max-snippet:-1, max-image-preview:large, max-video-preview:-1\" \/>\n<link rel=\"canonical\" href=\"https:\/\/www.pressenza.com\/es\/2019\/01\/gabriela-bravo-los-chalecos-amarillos-son-todos-los-perdedores-de-la-mundializacion\/\" \/>\n<meta property=\"og:locale\" content=\"es_ES\" \/>\n<meta property=\"og:type\" content=\"article\" \/>\n<meta property=\"og:title\" content=\"Gabriela Bravo \u201cLos chalecos amarillos son todos los perdedores de la mundializaci\u00f3n\u201d\" \/>\n<meta property=\"og:description\" content=\"La periodista chilena Gabriela Bravo, corresponsal de Pressenza y de Radio Cooperativa en Par\u00eds, en el programa del 4 de enero 2019 de Pressenza\" \/>\n<meta property=\"og:url\" content=\"https:\/\/www.pressenza.com\/es\/2019\/01\/gabriela-bravo-los-chalecos-amarillos-son-todos-los-perdedores-de-la-mundializacion\/\" \/>\n<meta property=\"og:site_name\" content=\"Pressenza\" \/>\n<meta property=\"article:publisher\" content=\"https:\/\/www.facebook.com\/PressenzaItalia\" \/>\n<meta property=\"article:published_time\" content=\"2019-01-10T13:40:56+00:00\" \/>\n<meta property=\"og:image\" content=\"https:\/\/www.pressenza.com\/wp-content\/uploads\/2019\/01\/46183402282_4ba3fab99d_k.jpg\" \/>\n\t<meta property=\"og:image:width\" content=\"2048\" \/>\n\t<meta property=\"og:image:height\" content=\"1365\" \/>\n\t<meta property=\"og:image:type\" content=\"image\/jpeg\" \/>\n<meta name=\"author\" content=\"Redacci\u00f3n Ecuador\" \/>\n<meta name=\"twitter:card\" content=\"summary_large_image\" \/>\n<meta name=\"twitter:creator\" content=\"@PressenzaIPA\" \/>\n<meta name=\"twitter:site\" content=\"@PressenzaIPA\" \/>\n<meta name=\"twitter:label1\" content=\"Escrito por\" \/>\n\t<meta name=\"twitter:data1\" content=\"Redacci\u00f3n Ecuador\" \/>\n\t<meta name=\"twitter:label2\" content=\"Tiempo de lectura\" \/>\n\t<meta name=\"twitter:data2\" content=\"11 minutos\" \/>\n<script type=\"application\/ld+json\" class=\"yoast-schema-graph\">{\"@context\":\"https:\/\/schema.org\",\"@graph\":[{\"@type\":\"Article\",\"@id\":\"https:\/\/www.pressenza.com\/es\/2019\/01\/gabriela-bravo-los-chalecos-amarillos-son-todos-los-perdedores-de-la-mundializacion\/#article\",\"isPartOf\":{\"@id\":\"https:\/\/www.pressenza.com\/es\/2019\/01\/gabriela-bravo-los-chalecos-amarillos-son-todos-los-perdedores-de-la-mundializacion\/\"},\"author\":{\"name\":\"Redacci\u00f3n Ecuador\",\"@id\":\"https:\/\/www.pressenza.com\/es\/#\/schema\/person\/883a735c40665759bcc6fe0c26bcb46f\"},\"headline\":\"Gabriela Bravo \u201cLos chalecos amarillos son todos los perdedores de la mundializaci\u00f3n\u201d\",\"datePublished\":\"2019-01-10T13:40:56+00:00\",\"mainEntityOfPage\":{\"@id\":\"https:\/\/www.pressenza.com\/es\/2019\/01\/gabriela-bravo-los-chalecos-amarillos-son-todos-los-perdedores-de-la-mundializacion\/\"},\"wordCount\":2216,\"publisher\":{\"@id\":\"https:\/\/www.pressenza.com\/es\/#organization\"},\"image\":{\"@id\":\"https:\/\/www.pressenza.com\/es\/2019\/01\/gabriela-bravo-los-chalecos-amarillos-son-todos-los-perdedores-de-la-mundializacion\/#primaryimage\"},\"thumbnailUrl\":\"https:\/\/www.pressenza.com\/wp-content\/uploads\/2019\/01\/46183402282_4ba3fab99d_k.jpg\",\"keywords\":[\"Chalecos amarillos\",\"crisis econ\u00f3mica\",\"Deshumanizaci\u00f3n\",\"distribuci\u00f3n de la riqueza\",\"Francia\",\"manifestaci\u00f3n\",\"protesta social\"],\"articleSection\":[\"Contenido Original\",\"Entrevistas\",\"Europa\",\"Pol\u00edtica\"],\"inLanguage\":\"es\"},{\"@type\":\"WebPage\",\"@id\":\"https:\/\/www.pressenza.com\/es\/2019\/01\/gabriela-bravo-los-chalecos-amarillos-son-todos-los-perdedores-de-la-mundializacion\/\",\"url\":\"https:\/\/www.pressenza.com\/es\/2019\/01\/gabriela-bravo-los-chalecos-amarillos-son-todos-los-perdedores-de-la-mundializacion\/\",\"name\":\"Gabriela Bravo \u201cLos chalecos amarillos son todos los perdedores de la mundializaci\u00f3n\u201d\",\"isPartOf\":{\"@id\":\"https:\/\/www.pressenza.com\/es\/#website\"},\"primaryImageOfPage\":{\"@id\":\"https:\/\/www.pressenza.com\/es\/2019\/01\/gabriela-bravo-los-chalecos-amarillos-son-todos-los-perdedores-de-la-mundializacion\/#primaryimage\"},\"image\":{\"@id\":\"https:\/\/www.pressenza.com\/es\/2019\/01\/gabriela-bravo-los-chalecos-amarillos-son-todos-los-perdedores-de-la-mundializacion\/#primaryimage\"},\"thumbnailUrl\":\"https:\/\/www.pressenza.com\/wp-content\/uploads\/2019\/01\/46183402282_4ba3fab99d_k.jpg\",\"datePublished\":\"2019-01-10T13:40:56+00:00\",\"description\":\"La periodista chilena Gabriela Bravo, corresponsal de Pressenza y de Radio Cooperativa en Par\u00eds, en el programa del 4 de enero 2019 de Pressenza\",\"breadcrumb\":{\"@id\":\"https:\/\/www.pressenza.com\/es\/2019\/01\/gabriela-bravo-los-chalecos-amarillos-son-todos-los-perdedores-de-la-mundializacion\/#breadcrumb\"},\"inLanguage\":\"es\",\"potentialAction\":[{\"@type\":\"ReadAction\",\"target\":[\"https:\/\/www.pressenza.com\/es\/2019\/01\/gabriela-bravo-los-chalecos-amarillos-son-todos-los-perdedores-de-la-mundializacion\/\"]}]},{\"@type\":\"ImageObject\",\"inLanguage\":\"es\",\"@id\":\"https:\/\/www.pressenza.com\/es\/2019\/01\/gabriela-bravo-los-chalecos-amarillos-son-todos-los-perdedores-de-la-mundializacion\/#primaryimage\",\"url\":\"https:\/\/www.pressenza.com\/wp-content\/uploads\/2019\/01\/46183402282_4ba3fab99d_k.jpg\",\"contentUrl\":\"https:\/\/www.pressenza.com\/wp-content\/uploads\/2019\/01\/46183402282_4ba3fab99d_k.jpg\",\"width\":2048,\"height\":1365},{\"@type\":\"BreadcrumbList\",\"@id\":\"https:\/\/www.pressenza.com\/es\/2019\/01\/gabriela-bravo-los-chalecos-amarillos-son-todos-los-perdedores-de-la-mundializacion\/#breadcrumb\",\"itemListElement\":[{\"@type\":\"ListItem\",\"position\":1,\"name\":\"Accueil\",\"item\":\"https:\/\/www.pressenza.com\/es\/\"},{\"@type\":\"ListItem\",\"position\":2,\"name\":\"Gabriela Bravo \u201cLos chalecos amarillos son todos los perdedores de la mundializaci\u00f3n\u201d\"}]},{\"@type\":\"WebSite\",\"@id\":\"https:\/\/www.pressenza.com\/es\/#website\",\"url\":\"https:\/\/www.pressenza.com\/es\/\",\"name\":\"Pressenza\",\"description\":\"International Press Agency\",\"publisher\":{\"@id\":\"https:\/\/www.pressenza.com\/es\/#organization\"},\"potentialAction\":[{\"@type\":\"SearchAction\",\"target\":{\"@type\":\"EntryPoint\",\"urlTemplate\":\"https:\/\/www.pressenza.com\/es\/?s={search_term_string}\"},\"query-input\":{\"@type\":\"PropertyValueSpecification\",\"valueRequired\":true,\"valueName\":\"search_term_string\"}}],\"inLanguage\":\"es\"},{\"@type\":\"Organization\",\"@id\":\"https:\/\/www.pressenza.com\/es\/#organization\",\"name\":\"Pressenza\",\"url\":\"https:\/\/www.pressenza.com\/es\/\",\"logo\":{\"@type\":\"ImageObject\",\"inLanguage\":\"es\",\"@id\":\"https:\/\/www.pressenza.com\/es\/#\/schema\/logo\/image\/\",\"url\":\"https:\/\/www.pressenza.com\/wp-content\/uploads\/2022\/10\/pressenza_logo_200x200.jpg\",\"contentUrl\":\"https:\/\/www.pressenza.com\/wp-content\/uploads\/2022\/10\/pressenza_logo_200x200.jpg\",\"width\":200,\"height\":200,\"caption\":\"Pressenza\"},\"image\":{\"@id\":\"https:\/\/www.pressenza.com\/es\/#\/schema\/logo\/image\/\"},\"sameAs\":[\"https:\/\/www.facebook.com\/PressenzaItalia\",\"https:\/\/x.com\/PressenzaIPA\"]},{\"@type\":\"Person\",\"@id\":\"https:\/\/www.pressenza.com\/es\/#\/schema\/person\/883a735c40665759bcc6fe0c26bcb46f\",\"name\":\"Redacci\u00f3n Ecuador\",\"description\":\"News published by the Pressenza bureau in Quito, Ecuador\",\"url\":\"https:\/\/www.pressenza.com\/es\/author\/redaccion-ecuador\/\"}]}<\/script>\n<!-- \/ Yoast SEO plugin. -->","yoast_head_json":{"title":"Gabriela Bravo \u201cLos chalecos amarillos son todos los perdedores de la mundializaci\u00f3n\u201d","description":"La periodista chilena Gabriela Bravo, corresponsal de Pressenza y de Radio Cooperativa en Par\u00eds, en el programa del 4 de enero 2019 de Pressenza","robots":{"index":"index","follow":"follow","max-snippet":"max-snippet:-1","max-image-preview":"max-image-preview:large","max-video-preview":"max-video-preview:-1"},"canonical":"https:\/\/www.pressenza.com\/es\/2019\/01\/gabriela-bravo-los-chalecos-amarillos-son-todos-los-perdedores-de-la-mundializacion\/","og_locale":"es_ES","og_type":"article","og_title":"Gabriela Bravo \u201cLos chalecos amarillos son todos los perdedores de la mundializaci\u00f3n\u201d","og_description":"La periodista chilena Gabriela Bravo, corresponsal de Pressenza y de Radio Cooperativa en Par\u00eds, en el programa del 4 de enero 2019 de Pressenza","og_url":"https:\/\/www.pressenza.com\/es\/2019\/01\/gabriela-bravo-los-chalecos-amarillos-son-todos-los-perdedores-de-la-mundializacion\/","og_site_name":"Pressenza","article_publisher":"https:\/\/www.facebook.com\/PressenzaItalia","article_published_time":"2019-01-10T13:40:56+00:00","og_image":[{"width":2048,"height":1365,"url":"https:\/\/www.pressenza.com\/wp-content\/uploads\/2019\/01\/46183402282_4ba3fab99d_k.jpg","type":"image\/jpeg"}],"author":"Redacci\u00f3n Ecuador","twitter_card":"summary_large_image","twitter_creator":"@PressenzaIPA","twitter_site":"@PressenzaIPA","twitter_misc":{"Escrito por":"Redacci\u00f3n Ecuador","Tiempo de lectura":"11 minutos"},"schema":{"@context":"https:\/\/schema.org","@graph":[{"@type":"Article","@id":"https:\/\/www.pressenza.com\/es\/2019\/01\/gabriela-bravo-los-chalecos-amarillos-son-todos-los-perdedores-de-la-mundializacion\/#article","isPartOf":{"@id":"https:\/\/www.pressenza.com\/es\/2019\/01\/gabriela-bravo-los-chalecos-amarillos-son-todos-los-perdedores-de-la-mundializacion\/"},"author":{"name":"Redacci\u00f3n Ecuador","@id":"https:\/\/www.pressenza.com\/es\/#\/schema\/person\/883a735c40665759bcc6fe0c26bcb46f"},"headline":"Gabriela Bravo \u201cLos chalecos amarillos son todos los perdedores de la mundializaci\u00f3n\u201d","datePublished":"2019-01-10T13:40:56+00:00","mainEntityOfPage":{"@id":"https:\/\/www.pressenza.com\/es\/2019\/01\/gabriela-bravo-los-chalecos-amarillos-son-todos-los-perdedores-de-la-mundializacion\/"},"wordCount":2216,"publisher":{"@id":"https:\/\/www.pressenza.com\/es\/#organization"},"image":{"@id":"https:\/\/www.pressenza.com\/es\/2019\/01\/gabriela-bravo-los-chalecos-amarillos-son-todos-los-perdedores-de-la-mundializacion\/#primaryimage"},"thumbnailUrl":"https:\/\/www.pressenza.com\/wp-content\/uploads\/2019\/01\/46183402282_4ba3fab99d_k.jpg","keywords":["Chalecos amarillos","crisis econ\u00f3mica","Deshumanizaci\u00f3n","distribuci\u00f3n de la riqueza","Francia","manifestaci\u00f3n","protesta social"],"articleSection":["Contenido Original","Entrevistas","Europa","Pol\u00edtica"],"inLanguage":"es"},{"@type":"WebPage","@id":"https:\/\/www.pressenza.com\/es\/2019\/01\/gabriela-bravo-los-chalecos-amarillos-son-todos-los-perdedores-de-la-mundializacion\/","url":"https:\/\/www.pressenza.com\/es\/2019\/01\/gabriela-bravo-los-chalecos-amarillos-son-todos-los-perdedores-de-la-mundializacion\/","name":"Gabriela Bravo \u201cLos chalecos amarillos son todos los perdedores de la mundializaci\u00f3n\u201d","isPartOf":{"@id":"https:\/\/www.pressenza.com\/es\/#website"},"primaryImageOfPage":{"@id":"https:\/\/www.pressenza.com\/es\/2019\/01\/gabriela-bravo-los-chalecos-amarillos-son-todos-los-perdedores-de-la-mundializacion\/#primaryimage"},"image":{"@id":"https:\/\/www.pressenza.com\/es\/2019\/01\/gabriela-bravo-los-chalecos-amarillos-son-todos-los-perdedores-de-la-mundializacion\/#primaryimage"},"thumbnailUrl":"https:\/\/www.pressenza.com\/wp-content\/uploads\/2019\/01\/46183402282_4ba3fab99d_k.jpg","datePublished":"2019-01-10T13:40:56+00:00","description":"La periodista chilena Gabriela Bravo, corresponsal de Pressenza y de Radio Cooperativa en Par\u00eds, en el programa del 4 de enero 2019 de Pressenza","breadcrumb":{"@id":"https:\/\/www.pressenza.com\/es\/2019\/01\/gabriela-bravo-los-chalecos-amarillos-son-todos-los-perdedores-de-la-mundializacion\/#breadcrumb"},"inLanguage":"es","potentialAction":[{"@type":"ReadAction","target":["https:\/\/www.pressenza.com\/es\/2019\/01\/gabriela-bravo-los-chalecos-amarillos-son-todos-los-perdedores-de-la-mundializacion\/"]}]},{"@type":"ImageObject","inLanguage":"es","@id":"https:\/\/www.pressenza.com\/es\/2019\/01\/gabriela-bravo-los-chalecos-amarillos-son-todos-los-perdedores-de-la-mundializacion\/#primaryimage","url":"https:\/\/www.pressenza.com\/wp-content\/uploads\/2019\/01\/46183402282_4ba3fab99d_k.jpg","contentUrl":"https:\/\/www.pressenza.com\/wp-content\/uploads\/2019\/01\/46183402282_4ba3fab99d_k.jpg","width":2048,"height":1365},{"@type":"BreadcrumbList","@id":"https:\/\/www.pressenza.com\/es\/2019\/01\/gabriela-bravo-los-chalecos-amarillos-son-todos-los-perdedores-de-la-mundializacion\/#breadcrumb","itemListElement":[{"@type":"ListItem","position":1,"name":"Accueil","item":"https:\/\/www.pressenza.com\/es\/"},{"@type":"ListItem","position":2,"name":"Gabriela Bravo \u201cLos chalecos amarillos son todos los perdedores de la mundializaci\u00f3n\u201d"}]},{"@type":"WebSite","@id":"https:\/\/www.pressenza.com\/es\/#website","url":"https:\/\/www.pressenza.com\/es\/","name":"Pressenza","description":"International Press Agency","publisher":{"@id":"https:\/\/www.pressenza.com\/es\/#organization"},"potentialAction":[{"@type":"SearchAction","target":{"@type":"EntryPoint","urlTemplate":"https:\/\/www.pressenza.com\/es\/?s={search_term_string}"},"query-input":{"@type":"PropertyValueSpecification","valueRequired":true,"valueName":"search_term_string"}}],"inLanguage":"es"},{"@type":"Organization","@id":"https:\/\/www.pressenza.com\/es\/#organization","name":"Pressenza","url":"https:\/\/www.pressenza.com\/es\/","logo":{"@type":"ImageObject","inLanguage":"es","@id":"https:\/\/www.pressenza.com\/es\/#\/schema\/logo\/image\/","url":"https:\/\/www.pressenza.com\/wp-content\/uploads\/2022\/10\/pressenza_logo_200x200.jpg","contentUrl":"https:\/\/www.pressenza.com\/wp-content\/uploads\/2022\/10\/pressenza_logo_200x200.jpg","width":200,"height":200,"caption":"Pressenza"},"image":{"@id":"https:\/\/www.pressenza.com\/es\/#\/schema\/logo\/image\/"},"sameAs":["https:\/\/www.facebook.com\/PressenzaItalia","https:\/\/x.com\/PressenzaIPA"]},{"@type":"Person","@id":"https:\/\/www.pressenza.com\/es\/#\/schema\/person\/883a735c40665759bcc6fe0c26bcb46f","name":"Redacci\u00f3n Ecuador","description":"News published by the Pressenza bureau in Quito, Ecuador","url":"https:\/\/www.pressenza.com\/es\/author\/redaccion-ecuador\/"}]}},"place":"Par\u00eds, Francia","original_article_url":"","_links":{"self":[{"href":"https:\/\/www.pressenza.com\/es\/wp-json\/wp\/v2\/posts\/786950","targetHints":{"allow":["GET"]}}],"collection":[{"href":"https:\/\/www.pressenza.com\/es\/wp-json\/wp\/v2\/posts"}],"about":[{"href":"https:\/\/www.pressenza.com\/es\/wp-json\/wp\/v2\/types\/post"}],"author":[{"embeddable":true,"href":"https:\/\/www.pressenza.com\/es\/wp-json\/wp\/v2\/users\/1011"}],"replies":[{"embeddable":true,"href":"https:\/\/www.pressenza.com\/es\/wp-json\/wp\/v2\/comments?post=786950"}],"version-history":[{"count":0,"href":"https:\/\/www.pressenza.com\/es\/wp-json\/wp\/v2\/posts\/786950\/revisions"}],"wp:featuredmedia":[{"embeddable":true,"href":"https:\/\/www.pressenza.com\/es\/wp-json\/wp\/v2\/media\/786951"}],"wp:attachment":[{"href":"https:\/\/www.pressenza.com\/es\/wp-json\/wp\/v2\/media?parent=786950"}],"wp:term":[{"taxonomy":"category","embeddable":true,"href":"https:\/\/www.pressenza.com\/es\/wp-json\/wp\/v2\/categories?post=786950"},{"taxonomy":"post_tag","embeddable":true,"href":"https:\/\/www.pressenza.com\/es\/wp-json\/wp\/v2\/tags?post=786950"}],"curies":[{"name":"wp","href":"https:\/\/api.w.org\/{rel}","templated":true}]}}