{"id":786894,"date":"2019-01-10T11:43:37","date_gmt":"2019-01-10T11:43:37","guid":{"rendered":"https:\/\/www.pressenza.com\/?p=786894"},"modified":"2019-01-10T11:43:37","modified_gmt":"2019-01-10T11:43:37","slug":"el-futuro-se-impondra-a-los-nuevos-fascismos","status":"publish","type":"post","link":"https:\/\/www.pressenza.com\/es\/2019\/01\/el-futuro-se-impondra-a-los-nuevos-fascismos\/","title":{"rendered":"El futuro se impondr\u00e1 a los nuevos fascismos"},"content":{"rendered":"<p>El auge del neofascismo en Europa lleva ya varios a\u00f1os, desde el Frente Nacional franc\u00e9s, que fue quiz\u00e1s el primero en cobrar relevancia, hasta el reciente despunte de VOX en Espa\u00f1a, pasando por los gobiernos de Hungr\u00eda o Polonia, o el m\u00e1s reciente en Italia. Para colmo de males, el mal ejemplo ya se ha extendido a Am\u00e9rica, siendo punta de lanza el Brasil de Bolsonaro y los EEUU de Trump.<\/p>\n<p>Frente a esta situaci\u00f3n, mucha gente se siente, leg\u00edtimamente, muy preocupada. No es para menos, ya que estos partidos hacen propuestas que son m\u00e1s propias de la Edad Media que del siglo XXI. Por poner el ejemplo que mejor conozco, VOX propone defender a los cazadores y a los toreros, mientras que quiere echar a todos los inmigrantes (ilegales de momento) y quitar protecci\u00f3n a las mujeres y a los colectivos LGTB.<\/p>\n<p>Algunos activistas progresistas llaman a resistir o combatir el fascismo. Yo me pregunto cu\u00e1l es la causa de este auge, porque si no lo comprendemos, tampoco podremos levantar alternativas v\u00e1lidas.<\/p>\n<p>Desde mi punto de vista, este auge es en realidad el s\u00edntoma que demuestra que hay un cambio civilizatorio planetario en marcha. L\u00f3gicamente, ante un cambio de tama\u00f1a magnitud, mucha gente se siente atemorizada. El futuro no est\u00e1 ni mucho menos claro, y las instituciones que otrora ofrec\u00edan cierta referencia (sobre todo los partidos y movimientos pol\u00edticos) no saben hacia d\u00f3nde orientarse, adem\u00e1s de sufrir un gran desprestigio. Los neofascismos son el intento de poner orden frente al caos que representa todo cambio. En esta etapa de la humanidad, cuando el proceso de mundializaci\u00f3n ya ha superado las divisiones pol\u00edticas y geogr\u00e1ficas, el cambio que se est\u00e1 incubando es muy profundo, y consecuentemente la reacci\u00f3n tambi\u00e9n es fuerte.<\/p>\n<p>Este neofascismo actual es la versi\u00f3n occidental del radicalismo islamista que ha ido cobrando fuerza desde finales del siglo pasado. Ambos dicen combatirse entre s\u00ed, pero en realidad usan las mismas armas y tienen las mismas propuestas, s\u00f3lo que unos son de un color y los otros de otro. En ambos casos se trata de intentos desesperados por evitar lo inevitable, por poner un orden artificial en una crisis de la cual, no hay ninguna duda, saldr\u00e1 una humanidad mucho m\u00e1s fortalecida, solidaria e igualitaria. La civilizaci\u00f3n planetaria avanza hacia la justicia, el amor y la compasi\u00f3n, pero todo cambio tiene su precio.<\/p>\n<p>En este caso, se trata de deshacerse de los viejos ropajes producto del racionalismo moderno, heredado de la revoluci\u00f3n francesa, para avanzar hacia una nueva organizaci\u00f3n social, m\u00e1s justa y descentralizada, a nivel mundial. As\u00ed, por un lado, tenemos al poder de turno que busca conservar lo que tiene, y de paso obtener m\u00e1s si puede, y por otro tenemos a un sector importante de la poblaci\u00f3n, completamente abandonado por las instituciones, empobrecido, atemorizado por un futuro que dice que habr\u00e1 cada vez m\u00e1s movimientos migratorios y cada vez menos trabajo (por causa de la bendita automatizaci\u00f3n). Buena parte de esta poblaci\u00f3n quiere creer las promesas de los nuevos fascistas y (de momento) los apoya, mientras que de parte del poder, un sector los combate por temor a perder privilegios, mientras que otro sector los apoya, porque al final saben que acabar\u00e1n favorecidos (y porque tambi\u00e9n comparten los temores antes expuestos).<\/p>\n<p>Pero los nuevos fascismos no podr\u00e1n resolver nada, y llegar\u00e1 un momento en que ya no tendr\u00e1n a qui\u00e9n echarle la culpa; entonces, las poblaciones los ir\u00e1n abandonando paulatinamente. Adem\u00e1s, est\u00e1n combatiendo contra un proceso hist\u00f3rico que seguir\u00e1 avanzando, pese a las dificultades. Los derechos que las mujeres van consiguiendo se ir\u00e1n consolidando y ampliando, la libertad sexual se ir\u00e1 propagando, la automatizaci\u00f3n nos ir\u00e1 liberando paulatinamente del yugo del trabajo alienante.<\/p>\n<p>Sintetizando, hay un gran proceso mundial de cambio en marcha, y ser\u00e1 muy positivo para todos. Lamentablemente, frente a esto hay una oleada de conservadurismo que pretende frenar las ruedas inexorables de la historia; esta oleada est\u00e1 abocada al fracaso, pero por el camino causar\u00e1 dolor y sufrimiento. Combatamos a los adalides del pasado, pero sin perder de vista que el futuro es del ser humano, que superar\u00e1 estos \u201cinconvenientes\u201d pasajeros para continuar con su liberaci\u00f3n de las condiciones de origen.<\/p>\n","protected":false},"excerpt":{"rendered":"<p>Hay un gran proceso mundial de cambio en marcha, y ser\u00e1 muy positivo para todos. Lamentablemente, frente a esto hay una oleada de conservadurismo que pretende frenar las ruedas inexorables de la historia; esta oleada est\u00e1 abocada al fracaso, pero por el camino causar\u00e1 dolor y sufrimiento. Combatamos a los adalides del pasado, pero sin perder de vista que el futuro es del ser humano, que superar\u00e1 estos \u201cinconvenientes\u201d pasajeros para continuar con su liberaci\u00f3n de las condiciones de origen.<\/p>\n","protected":false},"author":1205,"featured_media":786897,"comment_status":"closed","ping_status":"closed","sticky":false,"template":"","format":"standard","meta":{"footnotes":""},"categories":[11389,79,1241,1240,1242,161,74],"tags":[953,3075,19289],"class_list":["post-786894","post","type-post","status-publish","format-standard","has-post-thumbnail","hentry","category-contenido-original","category-derechos-humanos","category-diversidad","category-humanismo-espiritualidad","category-noviolencia-tema","category-opiniones","category-politica-es","tag-europa-es-2","tag-futuro","tag-neofascismo"],"yoast_head":"<!-- This site is optimized with the Yoast SEO plugin v27.1.1 - https:\/\/yoast.com\/product\/yoast-seo-wordpress\/ -->\n<title>El futuro se impondr\u00e1 a los nuevos fascismos<\/title>\n<meta name=\"description\" content=\"Hay un gran proceso mundial de cambio en marcha, y ser\u00e1 muy positivo para todos. Lamentablemente, frente a esto hay una oleada de conservadurismo que pretende frenar las ruedas inexorables de la historia; esta oleada est\u00e1 abocada al fracaso, pero por el camino causar\u00e1 dolor y sufrimiento. Combatamos a los adalides del pasado, pero sin perder de vista que el futuro es del ser humano, que superar\u00e1 estos \u201cinconvenientes\u201d pasajeros para continuar con su liberaci\u00f3n de las condiciones de origen.\" \/>\n<meta name=\"robots\" content=\"index, follow, max-snippet:-1, max-image-preview:large, max-video-preview:-1\" \/>\n<link rel=\"canonical\" href=\"https:\/\/www.pressenza.com\/es\/2019\/01\/el-futuro-se-impondra-a-los-nuevos-fascismos\/\" \/>\n<meta property=\"og:locale\" content=\"es_ES\" \/>\n<meta property=\"og:type\" content=\"article\" \/>\n<meta property=\"og:title\" content=\"El futuro se impondr\u00e1 a los nuevos fascismos\" \/>\n<meta property=\"og:description\" content=\"Hay un gran proceso mundial de cambio en marcha, y ser\u00e1 muy positivo para todos. Lamentablemente, frente a esto hay una oleada de conservadurismo que pretende frenar las ruedas inexorables de la historia; esta oleada est\u00e1 abocada al fracaso, pero por el camino causar\u00e1 dolor y sufrimiento. Combatamos a los adalides del pasado, pero sin perder de vista que el futuro es del ser humano, que superar\u00e1 estos \u201cinconvenientes\u201d pasajeros para continuar con su liberaci\u00f3n de las condiciones de origen.\" \/>\n<meta property=\"og:url\" content=\"https:\/\/www.pressenza.com\/es\/2019\/01\/el-futuro-se-impondra-a-los-nuevos-fascismos\/\" \/>\n<meta property=\"og:site_name\" content=\"Pressenza\" \/>\n<meta property=\"article:publisher\" content=\"https:\/\/www.facebook.com\/PressenzaItalia\" \/>\n<meta property=\"article:author\" content=\"https:\/\/www.facebook.com\/sasha.volkoff.3\" \/>\n<meta property=\"article:published_time\" content=\"2019-01-10T11:43:37+00:00\" \/>\n<meta property=\"og:image\" content=\"https:\/\/www.pressenza.com\/wp-content\/uploads\/2019\/01\/technology-3393239_960_720.jpg\" \/>\n\t<meta property=\"og:image:width\" content=\"960\" \/>\n\t<meta property=\"og:image:height\" content=\"576\" \/>\n\t<meta property=\"og:image:type\" content=\"image\/jpeg\" \/>\n<meta name=\"author\" content=\"Sasha Volkoff\" \/>\n<meta name=\"twitter:card\" content=\"summary_large_image\" \/>\n<meta name=\"twitter:creator\" content=\"@sashavolkoff\" \/>\n<meta name=\"twitter:site\" content=\"@PressenzaIPA\" \/>\n<meta name=\"twitter:label1\" content=\"Escrito por\" \/>\n\t<meta name=\"twitter:data1\" content=\"Sasha Volkoff\" \/>\n\t<meta name=\"twitter:label2\" content=\"Tiempo de lectura\" \/>\n\t<meta name=\"twitter:data2\" content=\"4 minutos\" \/>\n<script type=\"application\/ld+json\" class=\"yoast-schema-graph\">{\"@context\":\"https:\/\/schema.org\",\"@graph\":[{\"@type\":\"Article\",\"@id\":\"https:\/\/www.pressenza.com\/es\/2019\/01\/el-futuro-se-impondra-a-los-nuevos-fascismos\/#article\",\"isPartOf\":{\"@id\":\"https:\/\/www.pressenza.com\/es\/2019\/01\/el-futuro-se-impondra-a-los-nuevos-fascismos\/\"},\"author\":{\"name\":\"Sasha Volkoff\",\"@id\":\"https:\/\/www.pressenza.com\/es\/#\/schema\/person\/069e9732b414bfce94f3eb6924e276e3\"},\"headline\":\"El futuro se impondr\u00e1 a los nuevos fascismos\",\"datePublished\":\"2019-01-10T11:43:37+00:00\",\"mainEntityOfPage\":{\"@id\":\"https:\/\/www.pressenza.com\/es\/2019\/01\/el-futuro-se-impondra-a-los-nuevos-fascismos\/\"},\"wordCount\":756,\"publisher\":{\"@id\":\"https:\/\/www.pressenza.com\/es\/#organization\"},\"image\":{\"@id\":\"https:\/\/www.pressenza.com\/es\/2019\/01\/el-futuro-se-impondra-a-los-nuevos-fascismos\/#primaryimage\"},\"thumbnailUrl\":\"https:\/\/www.pressenza.com\/wp-content\/uploads\/2019\/01\/technology-3393239_960_720.jpg\",\"keywords\":[\"Europa\",\"futuro\",\"Neofascismo\"],\"articleSection\":[\"Contenido Original\",\"Derechos Humanos\",\"Diversidad\",\"Humanismo y Espiritualidad\",\"Noviolencia\",\"Opiniones\",\"Pol\u00edtica\"],\"inLanguage\":\"es\"},{\"@type\":\"WebPage\",\"@id\":\"https:\/\/www.pressenza.com\/es\/2019\/01\/el-futuro-se-impondra-a-los-nuevos-fascismos\/\",\"url\":\"https:\/\/www.pressenza.com\/es\/2019\/01\/el-futuro-se-impondra-a-los-nuevos-fascismos\/\",\"name\":\"El futuro se impondr\u00e1 a los nuevos fascismos\",\"isPartOf\":{\"@id\":\"https:\/\/www.pressenza.com\/es\/#website\"},\"primaryImageOfPage\":{\"@id\":\"https:\/\/www.pressenza.com\/es\/2019\/01\/el-futuro-se-impondra-a-los-nuevos-fascismos\/#primaryimage\"},\"image\":{\"@id\":\"https:\/\/www.pressenza.com\/es\/2019\/01\/el-futuro-se-impondra-a-los-nuevos-fascismos\/#primaryimage\"},\"thumbnailUrl\":\"https:\/\/www.pressenza.com\/wp-content\/uploads\/2019\/01\/technology-3393239_960_720.jpg\",\"datePublished\":\"2019-01-10T11:43:37+00:00\",\"description\":\"Hay un gran proceso mundial de cambio en marcha, y ser\u00e1 muy positivo para todos. Lamentablemente, frente a esto hay una oleada de conservadurismo que pretende frenar las ruedas inexorables de la historia; esta oleada est\u00e1 abocada al fracaso, pero por el camino causar\u00e1 dolor y sufrimiento. Combatamos a los adalides del pasado, pero sin perder de vista que el futuro es del ser humano, que superar\u00e1 estos \u201cinconvenientes\u201d pasajeros para continuar con su liberaci\u00f3n de las condiciones de origen.\",\"breadcrumb\":{\"@id\":\"https:\/\/www.pressenza.com\/es\/2019\/01\/el-futuro-se-impondra-a-los-nuevos-fascismos\/#breadcrumb\"},\"inLanguage\":\"es\",\"potentialAction\":[{\"@type\":\"ReadAction\",\"target\":[\"https:\/\/www.pressenza.com\/es\/2019\/01\/el-futuro-se-impondra-a-los-nuevos-fascismos\/\"]}]},{\"@type\":\"ImageObject\",\"inLanguage\":\"es\",\"@id\":\"https:\/\/www.pressenza.com\/es\/2019\/01\/el-futuro-se-impondra-a-los-nuevos-fascismos\/#primaryimage\",\"url\":\"https:\/\/www.pressenza.com\/wp-content\/uploads\/2019\/01\/technology-3393239_960_720.jpg\",\"contentUrl\":\"https:\/\/www.pressenza.com\/wp-content\/uploads\/2019\/01\/technology-3393239_960_720.jpg\",\"width\":960,\"height\":576},{\"@type\":\"BreadcrumbList\",\"@id\":\"https:\/\/www.pressenza.com\/es\/2019\/01\/el-futuro-se-impondra-a-los-nuevos-fascismos\/#breadcrumb\",\"itemListElement\":[{\"@type\":\"ListItem\",\"position\":1,\"name\":\"Accueil\",\"item\":\"https:\/\/www.pressenza.com\/es\/\"},{\"@type\":\"ListItem\",\"position\":2,\"name\":\"El futuro se impondr\u00e1 a los nuevos fascismos\"}]},{\"@type\":\"WebSite\",\"@id\":\"https:\/\/www.pressenza.com\/es\/#website\",\"url\":\"https:\/\/www.pressenza.com\/es\/\",\"name\":\"Pressenza\",\"description\":\"International Press Agency\",\"publisher\":{\"@id\":\"https:\/\/www.pressenza.com\/es\/#organization\"},\"potentialAction\":[{\"@type\":\"SearchAction\",\"target\":{\"@type\":\"EntryPoint\",\"urlTemplate\":\"https:\/\/www.pressenza.com\/es\/?s={search_term_string}\"},\"query-input\":{\"@type\":\"PropertyValueSpecification\",\"valueRequired\":true,\"valueName\":\"search_term_string\"}}],\"inLanguage\":\"es\"},{\"@type\":\"Organization\",\"@id\":\"https:\/\/www.pressenza.com\/es\/#organization\",\"name\":\"Pressenza\",\"url\":\"https:\/\/www.pressenza.com\/es\/\",\"logo\":{\"@type\":\"ImageObject\",\"inLanguage\":\"es\",\"@id\":\"https:\/\/www.pressenza.com\/es\/#\/schema\/logo\/image\/\",\"url\":\"https:\/\/www.pressenza.com\/wp-content\/uploads\/2022\/10\/pressenza_logo_200x200.jpg\",\"contentUrl\":\"https:\/\/www.pressenza.com\/wp-content\/uploads\/2022\/10\/pressenza_logo_200x200.jpg\",\"width\":200,\"height\":200,\"caption\":\"Pressenza\"},\"image\":{\"@id\":\"https:\/\/www.pressenza.com\/es\/#\/schema\/logo\/image\/\"},\"sameAs\":[\"https:\/\/www.facebook.com\/PressenzaItalia\",\"https:\/\/x.com\/PressenzaIPA\"]},{\"@type\":\"Person\",\"@id\":\"https:\/\/www.pressenza.com\/es\/#\/schema\/person\/069e9732b414bfce94f3eb6924e276e3\",\"name\":\"Sasha Volkoff\",\"description\":\"Born in Argentina, living in Barcelona. He is an Humanist Movement activist since 1984 and part of the team that led to the refounding of the World Centre of Humanist Studies this century. Currently a member of the Noesis Humanist Centre of Studies. http:\/\/movimientoforma.blogspot.com\",\"sameAs\":[\"http:\/\/movimientoforma.blogspot.com\",\"https:\/\/www.facebook.com\/sasha.volkoff.3\",\"https:\/\/x.com\/sashavolkoff\"],\"url\":\"https:\/\/www.pressenza.com\/es\/author\/sasha-volkoff\/\"}]}<\/script>\n<!-- \/ Yoast SEO plugin. -->","yoast_head_json":{"title":"El futuro se impondr\u00e1 a los nuevos fascismos","description":"Hay un gran proceso mundial de cambio en marcha, y ser\u00e1 muy positivo para todos. Lamentablemente, frente a esto hay una oleada de conservadurismo que pretende frenar las ruedas inexorables de la historia; esta oleada est\u00e1 abocada al fracaso, pero por el camino causar\u00e1 dolor y sufrimiento. Combatamos a los adalides del pasado, pero sin perder de vista que el futuro es del ser humano, que superar\u00e1 estos \u201cinconvenientes\u201d pasajeros para continuar con su liberaci\u00f3n de las condiciones de origen.","robots":{"index":"index","follow":"follow","max-snippet":"max-snippet:-1","max-image-preview":"max-image-preview:large","max-video-preview":"max-video-preview:-1"},"canonical":"https:\/\/www.pressenza.com\/es\/2019\/01\/el-futuro-se-impondra-a-los-nuevos-fascismos\/","og_locale":"es_ES","og_type":"article","og_title":"El futuro se impondr\u00e1 a los nuevos fascismos","og_description":"Hay un gran proceso mundial de cambio en marcha, y ser\u00e1 muy positivo para todos. Lamentablemente, frente a esto hay una oleada de conservadurismo que pretende frenar las ruedas inexorables de la historia; esta oleada est\u00e1 abocada al fracaso, pero por el camino causar\u00e1 dolor y sufrimiento. Combatamos a los adalides del pasado, pero sin perder de vista que el futuro es del ser humano, que superar\u00e1 estos \u201cinconvenientes\u201d pasajeros para continuar con su liberaci\u00f3n de las condiciones de origen.","og_url":"https:\/\/www.pressenza.com\/es\/2019\/01\/el-futuro-se-impondra-a-los-nuevos-fascismos\/","og_site_name":"Pressenza","article_publisher":"https:\/\/www.facebook.com\/PressenzaItalia","article_author":"https:\/\/www.facebook.com\/sasha.volkoff.3","article_published_time":"2019-01-10T11:43:37+00:00","og_image":[{"width":960,"height":576,"url":"https:\/\/www.pressenza.com\/wp-content\/uploads\/2019\/01\/technology-3393239_960_720.jpg","type":"image\/jpeg"}],"author":"Sasha Volkoff","twitter_card":"summary_large_image","twitter_creator":"@sashavolkoff","twitter_site":"@PressenzaIPA","twitter_misc":{"Escrito por":"Sasha Volkoff","Tiempo de lectura":"4 minutos"},"schema":{"@context":"https:\/\/schema.org","@graph":[{"@type":"Article","@id":"https:\/\/www.pressenza.com\/es\/2019\/01\/el-futuro-se-impondra-a-los-nuevos-fascismos\/#article","isPartOf":{"@id":"https:\/\/www.pressenza.com\/es\/2019\/01\/el-futuro-se-impondra-a-los-nuevos-fascismos\/"},"author":{"name":"Sasha Volkoff","@id":"https:\/\/www.pressenza.com\/es\/#\/schema\/person\/069e9732b414bfce94f3eb6924e276e3"},"headline":"El futuro se impondr\u00e1 a los nuevos fascismos","datePublished":"2019-01-10T11:43:37+00:00","mainEntityOfPage":{"@id":"https:\/\/www.pressenza.com\/es\/2019\/01\/el-futuro-se-impondra-a-los-nuevos-fascismos\/"},"wordCount":756,"publisher":{"@id":"https:\/\/www.pressenza.com\/es\/#organization"},"image":{"@id":"https:\/\/www.pressenza.com\/es\/2019\/01\/el-futuro-se-impondra-a-los-nuevos-fascismos\/#primaryimage"},"thumbnailUrl":"https:\/\/www.pressenza.com\/wp-content\/uploads\/2019\/01\/technology-3393239_960_720.jpg","keywords":["Europa","futuro","Neofascismo"],"articleSection":["Contenido Original","Derechos Humanos","Diversidad","Humanismo y Espiritualidad","Noviolencia","Opiniones","Pol\u00edtica"],"inLanguage":"es"},{"@type":"WebPage","@id":"https:\/\/www.pressenza.com\/es\/2019\/01\/el-futuro-se-impondra-a-los-nuevos-fascismos\/","url":"https:\/\/www.pressenza.com\/es\/2019\/01\/el-futuro-se-impondra-a-los-nuevos-fascismos\/","name":"El futuro se impondr\u00e1 a los nuevos fascismos","isPartOf":{"@id":"https:\/\/www.pressenza.com\/es\/#website"},"primaryImageOfPage":{"@id":"https:\/\/www.pressenza.com\/es\/2019\/01\/el-futuro-se-impondra-a-los-nuevos-fascismos\/#primaryimage"},"image":{"@id":"https:\/\/www.pressenza.com\/es\/2019\/01\/el-futuro-se-impondra-a-los-nuevos-fascismos\/#primaryimage"},"thumbnailUrl":"https:\/\/www.pressenza.com\/wp-content\/uploads\/2019\/01\/technology-3393239_960_720.jpg","datePublished":"2019-01-10T11:43:37+00:00","description":"Hay un gran proceso mundial de cambio en marcha, y ser\u00e1 muy positivo para todos. Lamentablemente, frente a esto hay una oleada de conservadurismo que pretende frenar las ruedas inexorables de la historia; esta oleada est\u00e1 abocada al fracaso, pero por el camino causar\u00e1 dolor y sufrimiento. Combatamos a los adalides del pasado, pero sin perder de vista que el futuro es del ser humano, que superar\u00e1 estos \u201cinconvenientes\u201d pasajeros para continuar con su liberaci\u00f3n de las condiciones de origen.","breadcrumb":{"@id":"https:\/\/www.pressenza.com\/es\/2019\/01\/el-futuro-se-impondra-a-los-nuevos-fascismos\/#breadcrumb"},"inLanguage":"es","potentialAction":[{"@type":"ReadAction","target":["https:\/\/www.pressenza.com\/es\/2019\/01\/el-futuro-se-impondra-a-los-nuevos-fascismos\/"]}]},{"@type":"ImageObject","inLanguage":"es","@id":"https:\/\/www.pressenza.com\/es\/2019\/01\/el-futuro-se-impondra-a-los-nuevos-fascismos\/#primaryimage","url":"https:\/\/www.pressenza.com\/wp-content\/uploads\/2019\/01\/technology-3393239_960_720.jpg","contentUrl":"https:\/\/www.pressenza.com\/wp-content\/uploads\/2019\/01\/technology-3393239_960_720.jpg","width":960,"height":576},{"@type":"BreadcrumbList","@id":"https:\/\/www.pressenza.com\/es\/2019\/01\/el-futuro-se-impondra-a-los-nuevos-fascismos\/#breadcrumb","itemListElement":[{"@type":"ListItem","position":1,"name":"Accueil","item":"https:\/\/www.pressenza.com\/es\/"},{"@type":"ListItem","position":2,"name":"El futuro se impondr\u00e1 a los nuevos fascismos"}]},{"@type":"WebSite","@id":"https:\/\/www.pressenza.com\/es\/#website","url":"https:\/\/www.pressenza.com\/es\/","name":"Pressenza","description":"International Press Agency","publisher":{"@id":"https:\/\/www.pressenza.com\/es\/#organization"},"potentialAction":[{"@type":"SearchAction","target":{"@type":"EntryPoint","urlTemplate":"https:\/\/www.pressenza.com\/es\/?s={search_term_string}"},"query-input":{"@type":"PropertyValueSpecification","valueRequired":true,"valueName":"search_term_string"}}],"inLanguage":"es"},{"@type":"Organization","@id":"https:\/\/www.pressenza.com\/es\/#organization","name":"Pressenza","url":"https:\/\/www.pressenza.com\/es\/","logo":{"@type":"ImageObject","inLanguage":"es","@id":"https:\/\/www.pressenza.com\/es\/#\/schema\/logo\/image\/","url":"https:\/\/www.pressenza.com\/wp-content\/uploads\/2022\/10\/pressenza_logo_200x200.jpg","contentUrl":"https:\/\/www.pressenza.com\/wp-content\/uploads\/2022\/10\/pressenza_logo_200x200.jpg","width":200,"height":200,"caption":"Pressenza"},"image":{"@id":"https:\/\/www.pressenza.com\/es\/#\/schema\/logo\/image\/"},"sameAs":["https:\/\/www.facebook.com\/PressenzaItalia","https:\/\/x.com\/PressenzaIPA"]},{"@type":"Person","@id":"https:\/\/www.pressenza.com\/es\/#\/schema\/person\/069e9732b414bfce94f3eb6924e276e3","name":"Sasha Volkoff","description":"Born in Argentina, living in Barcelona. He is an Humanist Movement activist since 1984 and part of the team that led to the refounding of the World Centre of Humanist Studies this century. Currently a member of the Noesis Humanist Centre of Studies. http:\/\/movimientoforma.blogspot.com","sameAs":["http:\/\/movimientoforma.blogspot.com","https:\/\/www.facebook.com\/sasha.volkoff.3","https:\/\/x.com\/sashavolkoff"],"url":"https:\/\/www.pressenza.com\/es\/author\/sasha-volkoff\/"}]}},"place":"Barcelona","original_article_url":"","_links":{"self":[{"href":"https:\/\/www.pressenza.com\/es\/wp-json\/wp\/v2\/posts\/786894","targetHints":{"allow":["GET"]}}],"collection":[{"href":"https:\/\/www.pressenza.com\/es\/wp-json\/wp\/v2\/posts"}],"about":[{"href":"https:\/\/www.pressenza.com\/es\/wp-json\/wp\/v2\/types\/post"}],"author":[{"embeddable":true,"href":"https:\/\/www.pressenza.com\/es\/wp-json\/wp\/v2\/users\/1205"}],"replies":[{"embeddable":true,"href":"https:\/\/www.pressenza.com\/es\/wp-json\/wp\/v2\/comments?post=786894"}],"version-history":[{"count":0,"href":"https:\/\/www.pressenza.com\/es\/wp-json\/wp\/v2\/posts\/786894\/revisions"}],"wp:featuredmedia":[{"embeddable":true,"href":"https:\/\/www.pressenza.com\/es\/wp-json\/wp\/v2\/media\/786897"}],"wp:attachment":[{"href":"https:\/\/www.pressenza.com\/es\/wp-json\/wp\/v2\/media?parent=786894"}],"wp:term":[{"taxonomy":"category","embeddable":true,"href":"https:\/\/www.pressenza.com\/es\/wp-json\/wp\/v2\/categories?post=786894"},{"taxonomy":"post_tag","embeddable":true,"href":"https:\/\/www.pressenza.com\/es\/wp-json\/wp\/v2\/tags?post=786894"}],"curies":[{"name":"wp","href":"https:\/\/api.w.org\/{rel}","templated":true}]}}