{"id":786736,"date":"2019-01-09T22:39:56","date_gmt":"2019-01-09T22:39:56","guid":{"rendered":"https:\/\/www.pressenza.com\/?p=786736"},"modified":"2019-01-09T22:39:56","modified_gmt":"2019-01-09T22:39:56","slug":"china-en-2019-la-desaceleracion-de-la-economia-y-la-desigualdad-imponen-nuevas-prioridades","status":"publish","type":"post","link":"https:\/\/www.pressenza.com\/es\/2019\/01\/china-en-2019-la-desaceleracion-de-la-economia-y-la-desigualdad-imponen-nuevas-prioridades\/","title":{"rendered":"China en 2019: la desaceleraci\u00f3n de la econom\u00eda y la desigualdad imponen nuevas prioridades"},"content":{"rendered":"<p><em>Por<strong> Lily Kuo*<\/strong><\/em><\/p>\n<p>Los l\u00edderes de la segunda mayor econom\u00eda del mundo se enfrentan a algunas de sus decisiones pol\u00edticas m\u00e1s dif\u00edciles en a\u00f1os en 2019.<\/p>\n<p>Para llegar a fin de mes, Xu Yuan, de 33 a\u00f1os, tiene que compartir la cama con su mejor amiga en Shanghai, donde trabaja en marketing. Una cortina marca su mitad de la cama. Se queda en el trabajo lo m\u00e1s tarde posible todos los d\u00edas, y solo va a casa para dormir. \u201cNinguna de las dos es feliz, pero tenemos que ser tolerantes,\u201d dice ella.<\/p>\n<p>Liu Xun, 26 a\u00f1os, un editor de v\u00eddeo en Pek\u00edn, no ve pel\u00edculas en salas de cine, ni compra ropa nueva ni tiene citas. \u201cPara ser honesto, creo que tener una novia es demasiado caro\u201d. Hillary Pan, que trabaja en los medios de comunicaci\u00f3n, dice que ya no come nunca en restaurantes y que compra su comida en una tienda 7-11 casi todos los d\u00edas.<\/p>\n<p>La econom\u00eda de China se est\u00e1 desacelerando y es gente como Xu, Liu, y Pan las que lo sufren. Son parte de los muchos chinos de a pie que han tenido que recortar gastos como consecuencia de que la segunda mayor econom\u00eda del mundo este experimentando su peor recesi\u00f3n desde la crisis financiera mundial de 2008.<\/p>\n<p>\u201cLa gente ha empezado a recortar o incluso a dejar de gastar dinero, porque no creen que la econom\u00eda vaya bien\u201d, dijo Ye Tan, un economista independiente que vive en Shanghai. \u201cLas empresas y los individuos son pesimistas sobre la econom\u00eda\u201d.<\/p>\n<p>Al comenzar 2019, China se enfrenta no s\u00f3lo a una desaceleraci\u00f3n de la econom\u00eda, sino tambi\u00e9n a una guerra comercial prolongada con los EE.UU., un mont\u00f3n de deuda que amenaza a la econom\u00eda mundial adem\u00e1s del sistema financiero chino, y una poblaci\u00f3n que exige una mejor protecci\u00f3n del medio ambiente, del trabajo y de la salud.<\/p>\n<p>El pr\u00f3ximo a\u00f1o, los dirigentes de China se enfrentan a algunas de las decisiones pol\u00edticas m\u00e1s dif\u00edciles de los \u00faltimos a\u00f1os. Seg\u00fan los analistas tendr\u00e1n que elegir entre impulsar el crecimiento recurriendo a las palancas tradicionales de Beijing como la construcci\u00f3n de infraestructuras financiadas con deuda, o dolorosas reformas que reduzcan el riesgo financiero, aunque aumenten la posibilidad de paro y de inestabilidad social en \u00faltima instancia.<\/p>\n<div id=\"attachment_786748\" class=\"wp-caption alignnone\"><img loading=\"lazy\" decoding=\"async\" aria-describedby=\"caption-attachment-786748\" class=\"size-large wp-image-786748\" src=\"https:\/\/www.pressenza.com\/wp-content\/uploads\/2019\/01\/Shangai-Terry-Chapman-720x480.jpg\" alt=\"\" width=\"720\" height=\"480\" srcset=\"https:\/\/www.pressenza.com\/wp-content\/uploads\/2019\/01\/Shangai-Terry-Chapman-720x480.jpg 720w, https:\/\/www.pressenza.com\/wp-content\/uploads\/2019\/01\/Shangai-Terry-Chapman-300x200.jpg 300w, https:\/\/www.pressenza.com\/wp-content\/uploads\/2019\/01\/Shangai-Terry-Chapman-768x512.jpg 768w, https:\/\/www.pressenza.com\/wp-content\/uploads\/2019\/01\/Shangai-Terry-Chapman.jpg 1024w\" sizes=\"auto, (max-width: 720px) 100vw, 720px\" \/><p id=\"caption-attachment-786748\" class=\"wp-caption-text\">Shangai. Foto Terry Chapman<\/p><\/div>\n<p>Oficialmente, la econom\u00eda de China marcha a buen ritmo. Se espera que el crecimiento econ\u00f3mico se desacelere a un 6,3% el pr\u00f3ximo a\u00f1o, despu\u00e9s de alcanzar el 6,6% en 2018. La econom\u00eda creci\u00f3 un 6,5% en el tercer trimestre, el trimestre m\u00e1s lento del pa\u00eds desde 2009.<\/p>\n<p>Sin embargo, los indicadores econ\u00f3micos, desde las ventas de autom\u00f3viles a la producci\u00f3n industrial est\u00e1n parpadeando en rojo. En noviembre, el crecimiento del sector manufacturero de China se estanc\u00f3 por primera vez en m\u00e1s de dos a\u00f1os. Las ventas anuales de autom\u00f3viles en el mayor mercado de autom\u00f3viles del mundo est\u00e1n a punto de caer por primera vez desde 1990.<\/p>\n<p>Las acciones de bolsa chinas, una medida de la confianza mayor que la econom\u00eda real, han sufrido algunos de los peores resultados de este a\u00f1o, perdiendo $ 2 billones en su valor. Las f\u00e1bricas han despedido a trabajadores meses antes de las vacaciones del A\u00f1o Nuevo Chino en febrero. El sector inmobiliario, una de las pocas \u00e1reas en las que los chinos de a pie pueden invertir, tambi\u00e9n ha sufrido, forzando a\u00a0 los promotores a reducir precios.<\/p>\n<p>Una desaceleraci\u00f3n econ\u00f3mica es especialmente sensible en China, donde la estabilidad social a menudo se condiciona a la capacidad del gobierno de asegurar un crecimiento continuo. En septiembre, las autoridades responsables de la propaganda ordenaron a los periodistas chinos que se abstengan de informar sobre las se\u00f1ales de una desaceleraci\u00f3n de la econom\u00eda, la guerra comercial entre Estados Unidos y China, o de cualquier cosa que describa las \u201cdificultades de vida de las personas\u201d.<\/p>\n<p>Pero esas dificultades son dif\u00edciles de ocultar. De la misma manera que los promotores inmobiliarios han reducido los precios para estimular las ventas, los propietarios de viviendas en ciudades de toda China han realizado protestas. Las protestas de los trabajadores tambi\u00e9n est\u00e1 muy extendidas.\u00a0<a href=\"https:\/\/clb.org.hk\/\" target=\"_blank\" rel=\"noopener\">China Labour Bulletin<\/a> (CLB), que rastrea el activismo laboral en el pa\u00eds, se\u00f1ala que las huelgas y protestas se han extendido m\u00e1s all\u00e1 del sector industrial al de servicios y al comercio minorista entre 2013 y 2017, durante el primer mandato del presidente chino Xi Jinping.<\/p>\n<p>CLB registr\u00f3 1.640 huelgas o protestas industriales en 2018, alrededor de 400 m\u00e1s que el a\u00f1o pasado, una cifra que no es representativa de todas las huelgas en el pa\u00eds.<\/p>\n<p>\u201cSi nos fijamos en la naturaleza de estas protestas, la gran mayor\u00eda est\u00e1n vinculadas de alguna manera a la desaceleraci\u00f3n de la econom\u00eda. Las protestas son provocadas por la incapacidad de los empleadores de pagar los salarios a tiempo, el cierre de f\u00e1bricas y el colapso de las empresas en el sector servicios\u201d, dijo Geoffrey Crothall de CLB.<\/p>\n<div id=\"attachment_786757\" class=\"wp-caption alignnone\"><img loading=\"lazy\" decoding=\"async\" aria-describedby=\"caption-attachment-786757\" class=\"size-large wp-image-786757\" src=\"https:\/\/www.pressenza.com\/wp-content\/uploads\/2019\/01\/Nanjing-Lu-Jonathan-720x480.jpg\" alt=\"\" width=\"720\" height=\"480\" srcset=\"https:\/\/www.pressenza.com\/wp-content\/uploads\/2019\/01\/Nanjing-Lu-Jonathan-720x480.jpg 720w, https:\/\/www.pressenza.com\/wp-content\/uploads\/2019\/01\/Nanjing-Lu-Jonathan-300x200.jpg 300w, https:\/\/www.pressenza.com\/wp-content\/uploads\/2019\/01\/Nanjing-Lu-Jonathan-768x512.jpg 768w, https:\/\/www.pressenza.com\/wp-content\/uploads\/2019\/01\/Nanjing-Lu-Jonathan.jpg 1024w\" sizes=\"auto, (max-width: 720px) 100vw, 720px\" \/><p id=\"caption-attachment-786757\" class=\"wp-caption-text\">Nanjing Lu. Foto Jonathan<\/p><\/div>\n<p>China ha iniciado la aplicaci\u00f3n de medidas para apuntalar la econom\u00eda mediante recortes de impuestos a los consumidores para fomentar el gasto, los subsidios a los j\u00f3venes sin empleo, y dando subvenciones fiscales en el pago del seguro de desempleo a las empresas que no despiden gente.<\/p>\n<p>Pero puede que no sea suficiente para hacer frente a otro problema que amenaza a la econom\u00eda: la distribuci\u00f3n desigual de la riqueza. Durante los \u00faltimos 30 a\u00f1os de crecimiento econ\u00f3mico en China, la riqueza ha ido a parar a manos de los gobiernos y las \u00e9lites locales que se aferran al dinero en vez de gastarlo, argumenta el economista Michael Pettis, profesor de finanzas en la escuela de gesti\u00f3n Guanghua de la Universidad de Pek\u00edn .<\/p>\n<p>\u201cSi se desea corregir los problemas de China, es muy sencillo. Hay\u00a0 que transferir la riqueza de las \u00e9lites a los chinos de a pie\u201d, dice. \u201cEsa ha sido siempre la parte m\u00e1s dif\u00edcil, la gesti\u00f3n de la transferencia de la riqueza\u201d.<\/p>\n<p>En cierto modo, China ha vuelto a su vieja f\u00f3rmula de abrir el grifo. A principios de este a\u00f1o, China orden\u00f3 a los bancos estatales prestar a las peque\u00f1as y medianas empresas, que previamente han tenido problemas para acceder al cr\u00e9dito. En el tercer trimestre, los planificadores aprobaron 45 nuevos proyectos de infraestructura por valor de 437.400 millones de yuanes ($ 63 mil millones), frente a 90.5oo millones de yuanes en el trimestre anterior.<\/p>\n<p>Los analistas, en su optimismo de que China va a cumplir las reformas prometidas y continuar\u00e1 su campa\u00f1a para reducir la morosidad, dicen que estas medidas muestran la restricci\u00f3n de China y las nuevas prioridades.<\/p>\n<p>\u201cCreo que el objetivo de crecimiento del PIB, que ha sido fijado para 20, 30 a\u00f1os ya no representa el consenso a todos los niveles del gobierno. Creo que son mucho m\u00e1s los dispuestos a tolerar tasas de crecimiento m\u00e1s lentas\u201d, dijo Damien Ma, co-fundador del centro de estudios MacroPolo del Paulson Institute de Chicago.<\/p>\n<p>Seg\u00fan Ma: \u201cEl contrato social ha evolucionado bajo Xi Jinping. Ya no se trata de crecimiento &#8230; sino de asistencia sanitaria, educaci\u00f3n, aire limpio, agua potable, calidad de vida\u201d. Refiri\u00e9ndose a la tasa de part\u00edculas en el aire, un indicador de la contaminaci\u00f3n, a\u00f1ade: \u201cEn los pr\u00f3ximos 5 a 10 a\u00f1os, los objetivos de PM2.5 ser\u00e1n m\u00e1s importantes que el objetivo del PIB \u201c.<\/p>\n<hr \/>\n<p>* Lily Kuo\u00a0es corresponsal de The Guardian en Beijing, RPCh.<\/p>\n","protected":false},"excerpt":{"rendered":"<p>Por Lily Kuo* Los l\u00edderes de la segunda mayor econom\u00eda del mundo se enfrentan a algunas de sus decisiones pol\u00edticas m\u00e1s dif\u00edciles en a\u00f1os en 2019. Para llegar a fin de mes, Xu Yuan, de 33 a\u00f1os, tiene que compartir&hellip;<\/p>\n","protected":false},"author":1512,"featured_media":786737,"comment_status":"closed","ping_status":"closed","sticky":false,"template":"","format":"standard","meta":{"footnotes":""},"categories":[65,81,161,74],"tags":[1421,35469,19050,48054,22913,1496],"class_list":["post-786736","post","type-post","status-publish","format-standard","has-post-thumbnail","hentry","category-asia-es","category-economia-es","category-opiniones","category-politica-es","tag-china-es","tag-crecimiento","tag-estabilidad","tag-guerra-comercial","tag-pib","tag-xi-jinping"],"yoast_head":"<!-- This site is optimized with the Yoast SEO plugin v27.1.1 - https:\/\/yoast.com\/product\/yoast-seo-wordpress\/ -->\n<title>China en 2019: la desaceleraci\u00f3n de la econom\u00eda y la desigualdad imponen nuevas prioridades<\/title>\n<meta name=\"description\" content=\"Por Lily Kuo* Los l\u00edderes de la segunda mayor econom\u00eda del mundo se enfrentan a algunas de sus decisiones pol\u00edticas m\u00e1s dif\u00edciles en a\u00f1os en 2019. Para\" \/>\n<meta name=\"robots\" content=\"index, follow, max-snippet:-1, max-image-preview:large, max-video-preview:-1\" \/>\n<link rel=\"canonical\" href=\"https:\/\/www.pressenza.com\/es\/2019\/01\/china-en-2019-la-desaceleracion-de-la-economia-y-la-desigualdad-imponen-nuevas-prioridades\/\" \/>\n<meta property=\"og:locale\" content=\"es_ES\" \/>\n<meta property=\"og:type\" content=\"article\" \/>\n<meta property=\"og:title\" content=\"China en 2019: la desaceleraci\u00f3n de la econom\u00eda y la desigualdad imponen nuevas prioridades\" \/>\n<meta property=\"og:description\" content=\"Por Lily Kuo* Los l\u00edderes de la segunda mayor econom\u00eda del mundo se enfrentan a algunas de sus decisiones pol\u00edticas m\u00e1s dif\u00edciles en a\u00f1os en 2019. Para\" \/>\n<meta property=\"og:url\" content=\"https:\/\/www.pressenza.com\/es\/2019\/01\/china-en-2019-la-desaceleracion-de-la-economia-y-la-desigualdad-imponen-nuevas-prioridades\/\" \/>\n<meta property=\"og:site_name\" content=\"Pressenza\" \/>\n<meta property=\"article:publisher\" content=\"https:\/\/www.facebook.com\/PressenzaItalia\" \/>\n<meta property=\"article:published_time\" content=\"2019-01-09T22:39:56+00:00\" \/>\n<meta property=\"og:image\" content=\"https:\/\/www.pressenza.com\/wp-content\/uploads\/2019\/01\/National-Centre-for-the-Performing-Arts-Beiiing-Wojtek-Gurak.jpg\" \/>\n\t<meta property=\"og:image:width\" content=\"1024\" \/>\n\t<meta property=\"og:image:height\" content=\"614\" \/>\n\t<meta property=\"og:image:type\" content=\"image\/jpeg\" \/>\n<meta name=\"author\" content=\"Sin Permiso\" \/>\n<meta name=\"twitter:card\" content=\"summary_large_image\" \/>\n<meta name=\"twitter:creator\" content=\"@PressenzaIPA\" \/>\n<meta name=\"twitter:site\" content=\"@PressenzaIPA\" \/>\n<meta name=\"twitter:label1\" content=\"Escrito por\" \/>\n\t<meta name=\"twitter:data1\" content=\"Sin Permiso\" \/>\n\t<meta name=\"twitter:label2\" content=\"Tiempo de lectura\" \/>\n\t<meta name=\"twitter:data2\" content=\"7 minutos\" \/>\n<script type=\"application\/ld+json\" class=\"yoast-schema-graph\">{\"@context\":\"https:\/\/schema.org\",\"@graph\":[{\"@type\":\"Article\",\"@id\":\"https:\/\/www.pressenza.com\/es\/2019\/01\/china-en-2019-la-desaceleracion-de-la-economia-y-la-desigualdad-imponen-nuevas-prioridades\/#article\",\"isPartOf\":{\"@id\":\"https:\/\/www.pressenza.com\/es\/2019\/01\/china-en-2019-la-desaceleracion-de-la-economia-y-la-desigualdad-imponen-nuevas-prioridades\/\"},\"author\":{\"name\":\"Sin Permiso\",\"@id\":\"https:\/\/www.pressenza.com\/es\/#\/schema\/person\/e79f15b3a6dc0da487a62b60e88a9e8d\"},\"headline\":\"China en 2019: la desaceleraci\u00f3n de la econom\u00eda y la desigualdad imponen nuevas prioridades\",\"datePublished\":\"2019-01-09T22:39:56+00:00\",\"mainEntityOfPage\":{\"@id\":\"https:\/\/www.pressenza.com\/es\/2019\/01\/china-en-2019-la-desaceleracion-de-la-economia-y-la-desigualdad-imponen-nuevas-prioridades\/\"},\"wordCount\":1334,\"publisher\":{\"@id\":\"https:\/\/www.pressenza.com\/es\/#organization\"},\"image\":{\"@id\":\"https:\/\/www.pressenza.com\/es\/2019\/01\/china-en-2019-la-desaceleracion-de-la-economia-y-la-desigualdad-imponen-nuevas-prioridades\/#primaryimage\"},\"thumbnailUrl\":\"https:\/\/www.pressenza.com\/wp-content\/uploads\/2019\/01\/National-Centre-for-the-Performing-Arts-Beiiing-Wojtek-Gurak.jpg\",\"keywords\":[\"China\",\"crecimiento\",\"Estabilidad\",\"guerra comercial\",\"PIB\",\"Xi Jinping\"],\"articleSection\":[\"Asia\",\"Econom\u00eda\",\"Opiniones\",\"Pol\u00edtica\"],\"inLanguage\":\"es\"},{\"@type\":\"WebPage\",\"@id\":\"https:\/\/www.pressenza.com\/es\/2019\/01\/china-en-2019-la-desaceleracion-de-la-economia-y-la-desigualdad-imponen-nuevas-prioridades\/\",\"url\":\"https:\/\/www.pressenza.com\/es\/2019\/01\/china-en-2019-la-desaceleracion-de-la-economia-y-la-desigualdad-imponen-nuevas-prioridades\/\",\"name\":\"China en 2019: la desaceleraci\u00f3n de la econom\u00eda y la desigualdad imponen nuevas prioridades\",\"isPartOf\":{\"@id\":\"https:\/\/www.pressenza.com\/es\/#website\"},\"primaryImageOfPage\":{\"@id\":\"https:\/\/www.pressenza.com\/es\/2019\/01\/china-en-2019-la-desaceleracion-de-la-economia-y-la-desigualdad-imponen-nuevas-prioridades\/#primaryimage\"},\"image\":{\"@id\":\"https:\/\/www.pressenza.com\/es\/2019\/01\/china-en-2019-la-desaceleracion-de-la-economia-y-la-desigualdad-imponen-nuevas-prioridades\/#primaryimage\"},\"thumbnailUrl\":\"https:\/\/www.pressenza.com\/wp-content\/uploads\/2019\/01\/National-Centre-for-the-Performing-Arts-Beiiing-Wojtek-Gurak.jpg\",\"datePublished\":\"2019-01-09T22:39:56+00:00\",\"description\":\"Por Lily Kuo* Los l\u00edderes de la segunda mayor econom\u00eda del mundo se enfrentan a algunas de sus decisiones pol\u00edticas m\u00e1s dif\u00edciles en a\u00f1os en 2019. Para\",\"breadcrumb\":{\"@id\":\"https:\/\/www.pressenza.com\/es\/2019\/01\/china-en-2019-la-desaceleracion-de-la-economia-y-la-desigualdad-imponen-nuevas-prioridades\/#breadcrumb\"},\"inLanguage\":\"es\",\"potentialAction\":[{\"@type\":\"ReadAction\",\"target\":[\"https:\/\/www.pressenza.com\/es\/2019\/01\/china-en-2019-la-desaceleracion-de-la-economia-y-la-desigualdad-imponen-nuevas-prioridades\/\"]}]},{\"@type\":\"ImageObject\",\"inLanguage\":\"es\",\"@id\":\"https:\/\/www.pressenza.com\/es\/2019\/01\/china-en-2019-la-desaceleracion-de-la-economia-y-la-desigualdad-imponen-nuevas-prioridades\/#primaryimage\",\"url\":\"https:\/\/www.pressenza.com\/wp-content\/uploads\/2019\/01\/National-Centre-for-the-Performing-Arts-Beiiing-Wojtek-Gurak.jpg\",\"contentUrl\":\"https:\/\/www.pressenza.com\/wp-content\/uploads\/2019\/01\/National-Centre-for-the-Performing-Arts-Beiiing-Wojtek-Gurak.jpg\",\"width\":1024,\"height\":614},{\"@type\":\"BreadcrumbList\",\"@id\":\"https:\/\/www.pressenza.com\/es\/2019\/01\/china-en-2019-la-desaceleracion-de-la-economia-y-la-desigualdad-imponen-nuevas-prioridades\/#breadcrumb\",\"itemListElement\":[{\"@type\":\"ListItem\",\"position\":1,\"name\":\"Accueil\",\"item\":\"https:\/\/www.pressenza.com\/es\/\"},{\"@type\":\"ListItem\",\"position\":2,\"name\":\"China en 2019: la desaceleraci\u00f3n de la econom\u00eda y la desigualdad imponen nuevas prioridades\"}]},{\"@type\":\"WebSite\",\"@id\":\"https:\/\/www.pressenza.com\/es\/#website\",\"url\":\"https:\/\/www.pressenza.com\/es\/\",\"name\":\"Pressenza\",\"description\":\"International Press Agency\",\"publisher\":{\"@id\":\"https:\/\/www.pressenza.com\/es\/#organization\"},\"potentialAction\":[{\"@type\":\"SearchAction\",\"target\":{\"@type\":\"EntryPoint\",\"urlTemplate\":\"https:\/\/www.pressenza.com\/es\/?s={search_term_string}\"},\"query-input\":{\"@type\":\"PropertyValueSpecification\",\"valueRequired\":true,\"valueName\":\"search_term_string\"}}],\"inLanguage\":\"es\"},{\"@type\":\"Organization\",\"@id\":\"https:\/\/www.pressenza.com\/es\/#organization\",\"name\":\"Pressenza\",\"url\":\"https:\/\/www.pressenza.com\/es\/\",\"logo\":{\"@type\":\"ImageObject\",\"inLanguage\":\"es\",\"@id\":\"https:\/\/www.pressenza.com\/es\/#\/schema\/logo\/image\/\",\"url\":\"https:\/\/www.pressenza.com\/wp-content\/uploads\/2022\/10\/pressenza_logo_200x200.jpg\",\"contentUrl\":\"https:\/\/www.pressenza.com\/wp-content\/uploads\/2022\/10\/pressenza_logo_200x200.jpg\",\"width\":200,\"height\":200,\"caption\":\"Pressenza\"},\"image\":{\"@id\":\"https:\/\/www.pressenza.com\/es\/#\/schema\/logo\/image\/\"},\"sameAs\":[\"https:\/\/www.facebook.com\/PressenzaItalia\",\"https:\/\/x.com\/PressenzaIPA\"]},{\"@type\":\"Person\",\"@id\":\"https:\/\/www.pressenza.com\/es\/#\/schema\/person\/e79f15b3a6dc0da487a62b60e88a9e8d\",\"name\":\"Sin Permiso\",\"description\":\"Sin Permiso (rep\u00fablica y socialismo tambi\u00e9n para el siglo XXI) es un proyecto pol\u00edtico de cr\u00edtica de la cultura, material e intelectual, del capitalismo contrarreformado, desregulado, remundializado y reliberalizado del siglo XXI. Es una revista electr\u00f3nica semanal y se articula en torno a una revista semestral del mismo nombre, cuyo primer n\u00famero en soporte papel apareci\u00f3 a principios de 2006.\",\"sameAs\":[\"http:\/\/www.sinpermiso.info\/\"],\"url\":\"https:\/\/www.pressenza.com\/es\/author\/sin-permiso\/\"}]}<\/script>\n<!-- \/ Yoast SEO plugin. -->","yoast_head_json":{"title":"China en 2019: la desaceleraci\u00f3n de la econom\u00eda y la desigualdad imponen nuevas prioridades","description":"Por Lily Kuo* Los l\u00edderes de la segunda mayor econom\u00eda del mundo se enfrentan a algunas de sus decisiones pol\u00edticas m\u00e1s dif\u00edciles en a\u00f1os en 2019. Para","robots":{"index":"index","follow":"follow","max-snippet":"max-snippet:-1","max-image-preview":"max-image-preview:large","max-video-preview":"max-video-preview:-1"},"canonical":"https:\/\/www.pressenza.com\/es\/2019\/01\/china-en-2019-la-desaceleracion-de-la-economia-y-la-desigualdad-imponen-nuevas-prioridades\/","og_locale":"es_ES","og_type":"article","og_title":"China en 2019: la desaceleraci\u00f3n de la econom\u00eda y la desigualdad imponen nuevas prioridades","og_description":"Por Lily Kuo* Los l\u00edderes de la segunda mayor econom\u00eda del mundo se enfrentan a algunas de sus decisiones pol\u00edticas m\u00e1s dif\u00edciles en a\u00f1os en 2019. Para","og_url":"https:\/\/www.pressenza.com\/es\/2019\/01\/china-en-2019-la-desaceleracion-de-la-economia-y-la-desigualdad-imponen-nuevas-prioridades\/","og_site_name":"Pressenza","article_publisher":"https:\/\/www.facebook.com\/PressenzaItalia","article_published_time":"2019-01-09T22:39:56+00:00","og_image":[{"width":1024,"height":614,"url":"https:\/\/www.pressenza.com\/wp-content\/uploads\/2019\/01\/National-Centre-for-the-Performing-Arts-Beiiing-Wojtek-Gurak.jpg","type":"image\/jpeg"}],"author":"Sin Permiso","twitter_card":"summary_large_image","twitter_creator":"@PressenzaIPA","twitter_site":"@PressenzaIPA","twitter_misc":{"Escrito por":"Sin Permiso","Tiempo de lectura":"7 minutos"},"schema":{"@context":"https:\/\/schema.org","@graph":[{"@type":"Article","@id":"https:\/\/www.pressenza.com\/es\/2019\/01\/china-en-2019-la-desaceleracion-de-la-economia-y-la-desigualdad-imponen-nuevas-prioridades\/#article","isPartOf":{"@id":"https:\/\/www.pressenza.com\/es\/2019\/01\/china-en-2019-la-desaceleracion-de-la-economia-y-la-desigualdad-imponen-nuevas-prioridades\/"},"author":{"name":"Sin Permiso","@id":"https:\/\/www.pressenza.com\/es\/#\/schema\/person\/e79f15b3a6dc0da487a62b60e88a9e8d"},"headline":"China en 2019: la desaceleraci\u00f3n de la econom\u00eda y la desigualdad imponen nuevas prioridades","datePublished":"2019-01-09T22:39:56+00:00","mainEntityOfPage":{"@id":"https:\/\/www.pressenza.com\/es\/2019\/01\/china-en-2019-la-desaceleracion-de-la-economia-y-la-desigualdad-imponen-nuevas-prioridades\/"},"wordCount":1334,"publisher":{"@id":"https:\/\/www.pressenza.com\/es\/#organization"},"image":{"@id":"https:\/\/www.pressenza.com\/es\/2019\/01\/china-en-2019-la-desaceleracion-de-la-economia-y-la-desigualdad-imponen-nuevas-prioridades\/#primaryimage"},"thumbnailUrl":"https:\/\/www.pressenza.com\/wp-content\/uploads\/2019\/01\/National-Centre-for-the-Performing-Arts-Beiiing-Wojtek-Gurak.jpg","keywords":["China","crecimiento","Estabilidad","guerra comercial","PIB","Xi Jinping"],"articleSection":["Asia","Econom\u00eda","Opiniones","Pol\u00edtica"],"inLanguage":"es"},{"@type":"WebPage","@id":"https:\/\/www.pressenza.com\/es\/2019\/01\/china-en-2019-la-desaceleracion-de-la-economia-y-la-desigualdad-imponen-nuevas-prioridades\/","url":"https:\/\/www.pressenza.com\/es\/2019\/01\/china-en-2019-la-desaceleracion-de-la-economia-y-la-desigualdad-imponen-nuevas-prioridades\/","name":"China en 2019: la desaceleraci\u00f3n de la econom\u00eda y la desigualdad imponen nuevas prioridades","isPartOf":{"@id":"https:\/\/www.pressenza.com\/es\/#website"},"primaryImageOfPage":{"@id":"https:\/\/www.pressenza.com\/es\/2019\/01\/china-en-2019-la-desaceleracion-de-la-economia-y-la-desigualdad-imponen-nuevas-prioridades\/#primaryimage"},"image":{"@id":"https:\/\/www.pressenza.com\/es\/2019\/01\/china-en-2019-la-desaceleracion-de-la-economia-y-la-desigualdad-imponen-nuevas-prioridades\/#primaryimage"},"thumbnailUrl":"https:\/\/www.pressenza.com\/wp-content\/uploads\/2019\/01\/National-Centre-for-the-Performing-Arts-Beiiing-Wojtek-Gurak.jpg","datePublished":"2019-01-09T22:39:56+00:00","description":"Por Lily Kuo* Los l\u00edderes de la segunda mayor econom\u00eda del mundo se enfrentan a algunas de sus decisiones pol\u00edticas m\u00e1s dif\u00edciles en a\u00f1os en 2019. Para","breadcrumb":{"@id":"https:\/\/www.pressenza.com\/es\/2019\/01\/china-en-2019-la-desaceleracion-de-la-economia-y-la-desigualdad-imponen-nuevas-prioridades\/#breadcrumb"},"inLanguage":"es","potentialAction":[{"@type":"ReadAction","target":["https:\/\/www.pressenza.com\/es\/2019\/01\/china-en-2019-la-desaceleracion-de-la-economia-y-la-desigualdad-imponen-nuevas-prioridades\/"]}]},{"@type":"ImageObject","inLanguage":"es","@id":"https:\/\/www.pressenza.com\/es\/2019\/01\/china-en-2019-la-desaceleracion-de-la-economia-y-la-desigualdad-imponen-nuevas-prioridades\/#primaryimage","url":"https:\/\/www.pressenza.com\/wp-content\/uploads\/2019\/01\/National-Centre-for-the-Performing-Arts-Beiiing-Wojtek-Gurak.jpg","contentUrl":"https:\/\/www.pressenza.com\/wp-content\/uploads\/2019\/01\/National-Centre-for-the-Performing-Arts-Beiiing-Wojtek-Gurak.jpg","width":1024,"height":614},{"@type":"BreadcrumbList","@id":"https:\/\/www.pressenza.com\/es\/2019\/01\/china-en-2019-la-desaceleracion-de-la-economia-y-la-desigualdad-imponen-nuevas-prioridades\/#breadcrumb","itemListElement":[{"@type":"ListItem","position":1,"name":"Accueil","item":"https:\/\/www.pressenza.com\/es\/"},{"@type":"ListItem","position":2,"name":"China en 2019: la desaceleraci\u00f3n de la econom\u00eda y la desigualdad imponen nuevas prioridades"}]},{"@type":"WebSite","@id":"https:\/\/www.pressenza.com\/es\/#website","url":"https:\/\/www.pressenza.com\/es\/","name":"Pressenza","description":"International Press Agency","publisher":{"@id":"https:\/\/www.pressenza.com\/es\/#organization"},"potentialAction":[{"@type":"SearchAction","target":{"@type":"EntryPoint","urlTemplate":"https:\/\/www.pressenza.com\/es\/?s={search_term_string}"},"query-input":{"@type":"PropertyValueSpecification","valueRequired":true,"valueName":"search_term_string"}}],"inLanguage":"es"},{"@type":"Organization","@id":"https:\/\/www.pressenza.com\/es\/#organization","name":"Pressenza","url":"https:\/\/www.pressenza.com\/es\/","logo":{"@type":"ImageObject","inLanguage":"es","@id":"https:\/\/www.pressenza.com\/es\/#\/schema\/logo\/image\/","url":"https:\/\/www.pressenza.com\/wp-content\/uploads\/2022\/10\/pressenza_logo_200x200.jpg","contentUrl":"https:\/\/www.pressenza.com\/wp-content\/uploads\/2022\/10\/pressenza_logo_200x200.jpg","width":200,"height":200,"caption":"Pressenza"},"image":{"@id":"https:\/\/www.pressenza.com\/es\/#\/schema\/logo\/image\/"},"sameAs":["https:\/\/www.facebook.com\/PressenzaItalia","https:\/\/x.com\/PressenzaIPA"]},{"@type":"Person","@id":"https:\/\/www.pressenza.com\/es\/#\/schema\/person\/e79f15b3a6dc0da487a62b60e88a9e8d","name":"Sin Permiso","description":"Sin Permiso (rep\u00fablica y socialismo tambi\u00e9n para el siglo XXI) es un proyecto pol\u00edtico de cr\u00edtica de la cultura, material e intelectual, del capitalismo contrarreformado, desregulado, remundializado y reliberalizado del siglo XXI. Es una revista electr\u00f3nica semanal y se articula en torno a una revista semestral del mismo nombre, cuyo primer n\u00famero en soporte papel apareci\u00f3 a principios de 2006.","sameAs":["http:\/\/www.sinpermiso.info\/"],"url":"https:\/\/www.pressenza.com\/es\/author\/sin-permiso\/"}]}},"place":"Beijing, China","original_article_url":"http:\/\/www.sinpermiso.info\/textos\/china-en-2019-la-desaceleracion-de-la-economia-y-la-desigualdad-imponen-nuevas-prioridades","_links":{"self":[{"href":"https:\/\/www.pressenza.com\/es\/wp-json\/wp\/v2\/posts\/786736","targetHints":{"allow":["GET"]}}],"collection":[{"href":"https:\/\/www.pressenza.com\/es\/wp-json\/wp\/v2\/posts"}],"about":[{"href":"https:\/\/www.pressenza.com\/es\/wp-json\/wp\/v2\/types\/post"}],"author":[{"embeddable":true,"href":"https:\/\/www.pressenza.com\/es\/wp-json\/wp\/v2\/users\/1512"}],"replies":[{"embeddable":true,"href":"https:\/\/www.pressenza.com\/es\/wp-json\/wp\/v2\/comments?post=786736"}],"version-history":[{"count":0,"href":"https:\/\/www.pressenza.com\/es\/wp-json\/wp\/v2\/posts\/786736\/revisions"}],"wp:featuredmedia":[{"embeddable":true,"href":"https:\/\/www.pressenza.com\/es\/wp-json\/wp\/v2\/media\/786737"}],"wp:attachment":[{"href":"https:\/\/www.pressenza.com\/es\/wp-json\/wp\/v2\/media?parent=786736"}],"wp:term":[{"taxonomy":"category","embeddable":true,"href":"https:\/\/www.pressenza.com\/es\/wp-json\/wp\/v2\/categories?post=786736"},{"taxonomy":"post_tag","embeddable":true,"href":"https:\/\/www.pressenza.com\/es\/wp-json\/wp\/v2\/tags?post=786736"}],"curies":[{"name":"wp","href":"https:\/\/api.w.org\/{rel}","templated":true}]}}