{"id":786498,"date":"2019-01-09T22:50:03","date_gmt":"2019-01-09T22:50:03","guid":{"rendered":"https:\/\/www.pressenza.com\/?p=786498"},"modified":"2019-01-09T13:45:48","modified_gmt":"2019-01-09T13:45:48","slug":"acnur-le-pide-a-australia-que-acoja-a-joven-saudi-perseguida","status":"publish","type":"post","link":"https:\/\/www.pressenza.com\/es\/2019\/01\/acnur-le-pide-a-australia-que-acoja-a-joven-saudi-perseguida\/","title":{"rendered":"ACNUR le pide a Australia que acoja a joven saud\u00ed perseguida"},"content":{"rendered":"<p><strong>Las autoridades australianas informaron que el proceso para darle asilo a Rahaf Mohamed Al Qunun ya se inici\u00f3<\/strong><\/p>\n<p>La historia de Rahaf Mohamed Al-Qunun podr\u00eda tener fin con el asilo concedido por parte del Gobierno de Australia, luego que el Alto Comisionado de las Naciones Unidas (ACNUR) solicitara formalmente a la administraci\u00f3n australiana que den refugio a la joven saud\u00ed que escap\u00f3 de su familia luego de renegar del Islam y rechazar un matrimonio arreglado.<\/p>\n<p>\u00abACNUR ha remitido el caso de Rahaf Mohammed Al-Qunun a Australia para que considere su acogida como refugiada. El Ministerio del Interior considerar\u00e1 esta solicitud de la forma habitual, como hace con todas las propuestas de ACNUR\u00bb, indic\u00f3 el Ministerio del Interior australiano, corroborando el inicio del proceso que podr\u00eda tener a Rahaf a salvo dentro de las fronteras de la isla.<\/p>\n<p>La saud\u00ed, de 18 a\u00f1os, lleg\u00f3 el s\u00e1bado (04.01.2019) al aeropuerto de Suvarnabhumi en Bangkok en un vuelo proveniente de Kuwait, donde aprovech\u00f3 que las mujeres no necesitan autorizaci\u00f3n de sus \u00abguardianes masculinos\u00bb para viajar. Su intenci\u00f3n era llegar a Australia, donde quer\u00eda pedir asilo, tras recibir amenazas de muerte de su familia.<\/p>\n<p><a href=\"https:\/\/www.dw.com\/es\/acnur-le-pide-a-australia-que-acoja-a-joven-saud%C3%AD-perseguida\/a-47004333\" target=\"_blank\" rel=\"noopener\">Continuar \u00a0leyendo en DW<\/a><\/p>\n","protected":false},"excerpt":{"rendered":"<p>Las autoridades australianas informaron que el proceso para darle asilo a Rahaf Mohamed Al Qunun ya se inici\u00f3 La historia de Rahaf Mohamed Al-Qunun podr\u00eda tener fin con el asilo concedido por parte del Gobierno de Australia, luego que el&hellip;<\/p>\n","protected":false},"author":993,"featured_media":786501,"comment_status":"closed","ping_status":"closed","sticky":false,"template":"","format":"standard","meta":{"footnotes":""},"categories":[149,79,39,70],"tags":[53490,53491,503,27815,1025,53489],"class_list":["post-786498","post","type-post","status-publish","format-standard","has-post-thumbnail","hentry","category-comunicados-de-prensa","category-derechos-humanos","category-internacional","category-oceania-region-es","tag-derechos-de-genero","tag-derechos-humanos-acnur","tag-genero","tag-mujer","tag-mujeres","tag-rahaf-mohammed"],"yoast_head":"<!-- This site is optimized with the Yoast SEO plugin v27.1.1 - https:\/\/yoast.com\/product\/yoast-seo-wordpress\/ -->\n<title>ACNUR le pide a Australia que acoja a joven saud\u00ed perseguida<\/title>\n<meta name=\"description\" content=\"Las autoridades australianas informaron que el proceso para darle asilo a Rahaf Mohamed Al Qunun ya se inici\u00f3 La historia de Rahaf Mohamed Al-Qunun podr\u00eda\" \/>\n<meta name=\"robots\" content=\"index, follow, max-snippet:-1, max-image-preview:large, max-video-preview:-1\" \/>\n<link rel=\"canonical\" href=\"https:\/\/www.pressenza.com\/es\/2019\/01\/acnur-le-pide-a-australia-que-acoja-a-joven-saudi-perseguida\/\" \/>\n<meta property=\"og:locale\" content=\"es_ES\" \/>\n<meta property=\"og:type\" content=\"article\" \/>\n<meta property=\"og:title\" content=\"ACNUR le pide a Australia que acoja a joven saud\u00ed perseguida\" \/>\n<meta property=\"og:description\" content=\"Las autoridades australianas informaron que el proceso para darle asilo a Rahaf Mohamed Al Qunun ya se inici\u00f3 La historia de Rahaf Mohamed Al-Qunun podr\u00eda\" \/>\n<meta property=\"og:url\" content=\"https:\/\/www.pressenza.com\/es\/2019\/01\/acnur-le-pide-a-australia-que-acoja-a-joven-saudi-perseguida\/\" \/>\n<meta property=\"og:site_name\" content=\"Pressenza\" \/>\n<meta property=\"article:publisher\" content=\"https:\/\/www.facebook.com\/PressenzaItalia\" \/>\n<meta property=\"article:published_time\" content=\"2019-01-09T22:50:03+00:00\" \/>\n<meta property=\"og:image\" content=\"https:\/\/www.pressenza.com\/wp-content\/uploads\/2019\/01\/imagen-del-twitter-de-Rahaf-Mohammed.jpg\" \/>\n\t<meta property=\"og:image:width\" content=\"1024\" \/>\n\t<meta property=\"og:image:height\" content=\"423\" \/>\n\t<meta property=\"og:image:type\" content=\"image\/jpeg\" \/>\n<meta name=\"author\" content=\"Deutsche Welle\" \/>\n<meta name=\"twitter:card\" content=\"summary_large_image\" \/>\n<meta name=\"twitter:creator\" content=\"@PressenzaIPA\" \/>\n<meta name=\"twitter:site\" content=\"@PressenzaIPA\" \/>\n<meta name=\"twitter:label1\" content=\"Escrito por\" \/>\n\t<meta name=\"twitter:data1\" content=\"Deutsche Welle\" \/>\n\t<meta name=\"twitter:label2\" content=\"Tiempo de lectura\" \/>\n\t<meta name=\"twitter:data2\" content=\"1 minuto\" \/>\n<script type=\"application\/ld+json\" class=\"yoast-schema-graph\">{\"@context\":\"https:\/\/schema.org\",\"@graph\":[{\"@type\":\"Article\",\"@id\":\"https:\/\/www.pressenza.com\/es\/2019\/01\/acnur-le-pide-a-australia-que-acoja-a-joven-saudi-perseguida\/#article\",\"isPartOf\":{\"@id\":\"https:\/\/www.pressenza.com\/es\/2019\/01\/acnur-le-pide-a-australia-que-acoja-a-joven-saudi-perseguida\/\"},\"author\":{\"name\":\"Deutsche Welle\",\"@id\":\"https:\/\/www.pressenza.com\/es\/#\/schema\/person\/b7c775911f2c9a1b8c7225b94e2e9f37\"},\"headline\":\"ACNUR le pide a Australia que acoja a joven saud\u00ed perseguida\",\"datePublished\":\"2019-01-09T22:50:03+00:00\",\"mainEntityOfPage\":{\"@id\":\"https:\/\/www.pressenza.com\/es\/2019\/01\/acnur-le-pide-a-australia-que-acoja-a-joven-saudi-perseguida\/\"},\"wordCount\":211,\"publisher\":{\"@id\":\"https:\/\/www.pressenza.com\/es\/#organization\"},\"image\":{\"@id\":\"https:\/\/www.pressenza.com\/es\/2019\/01\/acnur-le-pide-a-australia-que-acoja-a-joven-saudi-perseguida\/#primaryimage\"},\"thumbnailUrl\":\"https:\/\/www.pressenza.com\/wp-content\/uploads\/2019\/01\/imagen-del-twitter-de-Rahaf-Mohammed.jpg\",\"keywords\":[\"derechos de g\u00e9nero\",\"derechos humanos ACNUR\",\"G\u00e9nero\",\"mujer\",\"Mujeres\",\"Rahaf Mohammed\"],\"articleSection\":[\"Comunicados de Prensa\",\"Derechos Humanos\",\"Internacional\",\"Oceania\"],\"inLanguage\":\"es\"},{\"@type\":\"WebPage\",\"@id\":\"https:\/\/www.pressenza.com\/es\/2019\/01\/acnur-le-pide-a-australia-que-acoja-a-joven-saudi-perseguida\/\",\"url\":\"https:\/\/www.pressenza.com\/es\/2019\/01\/acnur-le-pide-a-australia-que-acoja-a-joven-saudi-perseguida\/\",\"name\":\"ACNUR le pide a Australia que acoja a joven saud\u00ed perseguida\",\"isPartOf\":{\"@id\":\"https:\/\/www.pressenza.com\/es\/#website\"},\"primaryImageOfPage\":{\"@id\":\"https:\/\/www.pressenza.com\/es\/2019\/01\/acnur-le-pide-a-australia-que-acoja-a-joven-saudi-perseguida\/#primaryimage\"},\"image\":{\"@id\":\"https:\/\/www.pressenza.com\/es\/2019\/01\/acnur-le-pide-a-australia-que-acoja-a-joven-saudi-perseguida\/#primaryimage\"},\"thumbnailUrl\":\"https:\/\/www.pressenza.com\/wp-content\/uploads\/2019\/01\/imagen-del-twitter-de-Rahaf-Mohammed.jpg\",\"datePublished\":\"2019-01-09T22:50:03+00:00\",\"description\":\"Las autoridades australianas informaron que el proceso para darle asilo a Rahaf Mohamed Al Qunun ya se inici\u00f3 La historia de Rahaf Mohamed Al-Qunun podr\u00eda\",\"breadcrumb\":{\"@id\":\"https:\/\/www.pressenza.com\/es\/2019\/01\/acnur-le-pide-a-australia-que-acoja-a-joven-saudi-perseguida\/#breadcrumb\"},\"inLanguage\":\"es\",\"potentialAction\":[{\"@type\":\"ReadAction\",\"target\":[\"https:\/\/www.pressenza.com\/es\/2019\/01\/acnur-le-pide-a-australia-que-acoja-a-joven-saudi-perseguida\/\"]}]},{\"@type\":\"ImageObject\",\"inLanguage\":\"es\",\"@id\":\"https:\/\/www.pressenza.com\/es\/2019\/01\/acnur-le-pide-a-australia-que-acoja-a-joven-saudi-perseguida\/#primaryimage\",\"url\":\"https:\/\/www.pressenza.com\/wp-content\/uploads\/2019\/01\/imagen-del-twitter-de-Rahaf-Mohammed.jpg\",\"contentUrl\":\"https:\/\/www.pressenza.com\/wp-content\/uploads\/2019\/01\/imagen-del-twitter-de-Rahaf-Mohammed.jpg\",\"width\":1024,\"height\":423},{\"@type\":\"BreadcrumbList\",\"@id\":\"https:\/\/www.pressenza.com\/es\/2019\/01\/acnur-le-pide-a-australia-que-acoja-a-joven-saudi-perseguida\/#breadcrumb\",\"itemListElement\":[{\"@type\":\"ListItem\",\"position\":1,\"name\":\"Accueil\",\"item\":\"https:\/\/www.pressenza.com\/es\/\"},{\"@type\":\"ListItem\",\"position\":2,\"name\":\"ACNUR le pide a Australia que acoja a joven saud\u00ed perseguida\"}]},{\"@type\":\"WebSite\",\"@id\":\"https:\/\/www.pressenza.com\/es\/#website\",\"url\":\"https:\/\/www.pressenza.com\/es\/\",\"name\":\"Pressenza\",\"description\":\"International Press Agency\",\"publisher\":{\"@id\":\"https:\/\/www.pressenza.com\/es\/#organization\"},\"potentialAction\":[{\"@type\":\"SearchAction\",\"target\":{\"@type\":\"EntryPoint\",\"urlTemplate\":\"https:\/\/www.pressenza.com\/es\/?s={search_term_string}\"},\"query-input\":{\"@type\":\"PropertyValueSpecification\",\"valueRequired\":true,\"valueName\":\"search_term_string\"}}],\"inLanguage\":\"es\"},{\"@type\":\"Organization\",\"@id\":\"https:\/\/www.pressenza.com\/es\/#organization\",\"name\":\"Pressenza\",\"url\":\"https:\/\/www.pressenza.com\/es\/\",\"logo\":{\"@type\":\"ImageObject\",\"inLanguage\":\"es\",\"@id\":\"https:\/\/www.pressenza.com\/es\/#\/schema\/logo\/image\/\",\"url\":\"https:\/\/www.pressenza.com\/wp-content\/uploads\/2022\/10\/pressenza_logo_200x200.jpg\",\"contentUrl\":\"https:\/\/www.pressenza.com\/wp-content\/uploads\/2022\/10\/pressenza_logo_200x200.jpg\",\"width\":200,\"height\":200,\"caption\":\"Pressenza\"},\"image\":{\"@id\":\"https:\/\/www.pressenza.com\/es\/#\/schema\/logo\/image\/\"},\"sameAs\":[\"https:\/\/www.facebook.com\/PressenzaItalia\",\"https:\/\/x.com\/PressenzaIPA\"]},{\"@type\":\"Person\",\"@id\":\"https:\/\/www.pressenza.com\/es\/#\/schema\/person\/b7c775911f2c9a1b8c7225b94e2e9f37\",\"name\":\"Deutsche Welle\",\"description\":\"Articles and photographs by Deutsche Welle on Pressenza do not fall under the Creative Commons licence and are not reproducible in any way. www.dw.com\",\"sameAs\":[\"http:\/\/www.dw.com\"],\"url\":\"https:\/\/www.pressenza.com\/es\/author\/deutsche-welle\/\"}]}<\/script>\n<!-- \/ Yoast SEO plugin. -->","yoast_head_json":{"title":"ACNUR le pide a Australia que acoja a joven saud\u00ed perseguida","description":"Las autoridades australianas informaron que el proceso para darle asilo a Rahaf Mohamed Al Qunun ya se inici\u00f3 La historia de Rahaf Mohamed Al-Qunun podr\u00eda","robots":{"index":"index","follow":"follow","max-snippet":"max-snippet:-1","max-image-preview":"max-image-preview:large","max-video-preview":"max-video-preview:-1"},"canonical":"https:\/\/www.pressenza.com\/es\/2019\/01\/acnur-le-pide-a-australia-que-acoja-a-joven-saudi-perseguida\/","og_locale":"es_ES","og_type":"article","og_title":"ACNUR le pide a Australia que acoja a joven saud\u00ed perseguida","og_description":"Las autoridades australianas informaron que el proceso para darle asilo a Rahaf Mohamed Al Qunun ya se inici\u00f3 La historia de Rahaf Mohamed Al-Qunun podr\u00eda","og_url":"https:\/\/www.pressenza.com\/es\/2019\/01\/acnur-le-pide-a-australia-que-acoja-a-joven-saudi-perseguida\/","og_site_name":"Pressenza","article_publisher":"https:\/\/www.facebook.com\/PressenzaItalia","article_published_time":"2019-01-09T22:50:03+00:00","og_image":[{"width":1024,"height":423,"url":"https:\/\/www.pressenza.com\/wp-content\/uploads\/2019\/01\/imagen-del-twitter-de-Rahaf-Mohammed.jpg","type":"image\/jpeg"}],"author":"Deutsche Welle","twitter_card":"summary_large_image","twitter_creator":"@PressenzaIPA","twitter_site":"@PressenzaIPA","twitter_misc":{"Escrito por":"Deutsche Welle","Tiempo de lectura":"1 minuto"},"schema":{"@context":"https:\/\/schema.org","@graph":[{"@type":"Article","@id":"https:\/\/www.pressenza.com\/es\/2019\/01\/acnur-le-pide-a-australia-que-acoja-a-joven-saudi-perseguida\/#article","isPartOf":{"@id":"https:\/\/www.pressenza.com\/es\/2019\/01\/acnur-le-pide-a-australia-que-acoja-a-joven-saudi-perseguida\/"},"author":{"name":"Deutsche Welle","@id":"https:\/\/www.pressenza.com\/es\/#\/schema\/person\/b7c775911f2c9a1b8c7225b94e2e9f37"},"headline":"ACNUR le pide a Australia que acoja a joven saud\u00ed perseguida","datePublished":"2019-01-09T22:50:03+00:00","mainEntityOfPage":{"@id":"https:\/\/www.pressenza.com\/es\/2019\/01\/acnur-le-pide-a-australia-que-acoja-a-joven-saudi-perseguida\/"},"wordCount":211,"publisher":{"@id":"https:\/\/www.pressenza.com\/es\/#organization"},"image":{"@id":"https:\/\/www.pressenza.com\/es\/2019\/01\/acnur-le-pide-a-australia-que-acoja-a-joven-saudi-perseguida\/#primaryimage"},"thumbnailUrl":"https:\/\/www.pressenza.com\/wp-content\/uploads\/2019\/01\/imagen-del-twitter-de-Rahaf-Mohammed.jpg","keywords":["derechos de g\u00e9nero","derechos humanos ACNUR","G\u00e9nero","mujer","Mujeres","Rahaf Mohammed"],"articleSection":["Comunicados de Prensa","Derechos Humanos","Internacional","Oceania"],"inLanguage":"es"},{"@type":"WebPage","@id":"https:\/\/www.pressenza.com\/es\/2019\/01\/acnur-le-pide-a-australia-que-acoja-a-joven-saudi-perseguida\/","url":"https:\/\/www.pressenza.com\/es\/2019\/01\/acnur-le-pide-a-australia-que-acoja-a-joven-saudi-perseguida\/","name":"ACNUR le pide a Australia que acoja a joven saud\u00ed perseguida","isPartOf":{"@id":"https:\/\/www.pressenza.com\/es\/#website"},"primaryImageOfPage":{"@id":"https:\/\/www.pressenza.com\/es\/2019\/01\/acnur-le-pide-a-australia-que-acoja-a-joven-saudi-perseguida\/#primaryimage"},"image":{"@id":"https:\/\/www.pressenza.com\/es\/2019\/01\/acnur-le-pide-a-australia-que-acoja-a-joven-saudi-perseguida\/#primaryimage"},"thumbnailUrl":"https:\/\/www.pressenza.com\/wp-content\/uploads\/2019\/01\/imagen-del-twitter-de-Rahaf-Mohammed.jpg","datePublished":"2019-01-09T22:50:03+00:00","description":"Las autoridades australianas informaron que el proceso para darle asilo a Rahaf Mohamed Al Qunun ya se inici\u00f3 La historia de Rahaf Mohamed Al-Qunun podr\u00eda","breadcrumb":{"@id":"https:\/\/www.pressenza.com\/es\/2019\/01\/acnur-le-pide-a-australia-que-acoja-a-joven-saudi-perseguida\/#breadcrumb"},"inLanguage":"es","potentialAction":[{"@type":"ReadAction","target":["https:\/\/www.pressenza.com\/es\/2019\/01\/acnur-le-pide-a-australia-que-acoja-a-joven-saudi-perseguida\/"]}]},{"@type":"ImageObject","inLanguage":"es","@id":"https:\/\/www.pressenza.com\/es\/2019\/01\/acnur-le-pide-a-australia-que-acoja-a-joven-saudi-perseguida\/#primaryimage","url":"https:\/\/www.pressenza.com\/wp-content\/uploads\/2019\/01\/imagen-del-twitter-de-Rahaf-Mohammed.jpg","contentUrl":"https:\/\/www.pressenza.com\/wp-content\/uploads\/2019\/01\/imagen-del-twitter-de-Rahaf-Mohammed.jpg","width":1024,"height":423},{"@type":"BreadcrumbList","@id":"https:\/\/www.pressenza.com\/es\/2019\/01\/acnur-le-pide-a-australia-que-acoja-a-joven-saudi-perseguida\/#breadcrumb","itemListElement":[{"@type":"ListItem","position":1,"name":"Accueil","item":"https:\/\/www.pressenza.com\/es\/"},{"@type":"ListItem","position":2,"name":"ACNUR le pide a Australia que acoja a joven saud\u00ed perseguida"}]},{"@type":"WebSite","@id":"https:\/\/www.pressenza.com\/es\/#website","url":"https:\/\/www.pressenza.com\/es\/","name":"Pressenza","description":"International Press Agency","publisher":{"@id":"https:\/\/www.pressenza.com\/es\/#organization"},"potentialAction":[{"@type":"SearchAction","target":{"@type":"EntryPoint","urlTemplate":"https:\/\/www.pressenza.com\/es\/?s={search_term_string}"},"query-input":{"@type":"PropertyValueSpecification","valueRequired":true,"valueName":"search_term_string"}}],"inLanguage":"es"},{"@type":"Organization","@id":"https:\/\/www.pressenza.com\/es\/#organization","name":"Pressenza","url":"https:\/\/www.pressenza.com\/es\/","logo":{"@type":"ImageObject","inLanguage":"es","@id":"https:\/\/www.pressenza.com\/es\/#\/schema\/logo\/image\/","url":"https:\/\/www.pressenza.com\/wp-content\/uploads\/2022\/10\/pressenza_logo_200x200.jpg","contentUrl":"https:\/\/www.pressenza.com\/wp-content\/uploads\/2022\/10\/pressenza_logo_200x200.jpg","width":200,"height":200,"caption":"Pressenza"},"image":{"@id":"https:\/\/www.pressenza.com\/es\/#\/schema\/logo\/image\/"},"sameAs":["https:\/\/www.facebook.com\/PressenzaItalia","https:\/\/x.com\/PressenzaIPA"]},{"@type":"Person","@id":"https:\/\/www.pressenza.com\/es\/#\/schema\/person\/b7c775911f2c9a1b8c7225b94e2e9f37","name":"Deutsche Welle","description":"Articles and photographs by Deutsche Welle on Pressenza do not fall under the Creative Commons licence and are not reproducible in any way. www.dw.com","sameAs":["http:\/\/www.dw.com"],"url":"https:\/\/www.pressenza.com\/es\/author\/deutsche-welle\/"}]}},"place":"Australia","original_article_url":"https:\/\/www.dw.com\/es\/acnur-le-pide-a-australia-que-acoja-a-joven-saud%C3%AD-perseguida\/a-47004333","_links":{"self":[{"href":"https:\/\/www.pressenza.com\/es\/wp-json\/wp\/v2\/posts\/786498","targetHints":{"allow":["GET"]}}],"collection":[{"href":"https:\/\/www.pressenza.com\/es\/wp-json\/wp\/v2\/posts"}],"about":[{"href":"https:\/\/www.pressenza.com\/es\/wp-json\/wp\/v2\/types\/post"}],"author":[{"embeddable":true,"href":"https:\/\/www.pressenza.com\/es\/wp-json\/wp\/v2\/users\/993"}],"replies":[{"embeddable":true,"href":"https:\/\/www.pressenza.com\/es\/wp-json\/wp\/v2\/comments?post=786498"}],"version-history":[{"count":0,"href":"https:\/\/www.pressenza.com\/es\/wp-json\/wp\/v2\/posts\/786498\/revisions"}],"wp:featuredmedia":[{"embeddable":true,"href":"https:\/\/www.pressenza.com\/es\/wp-json\/wp\/v2\/media\/786501"}],"wp:attachment":[{"href":"https:\/\/www.pressenza.com\/es\/wp-json\/wp\/v2\/media?parent=786498"}],"wp:term":[{"taxonomy":"category","embeddable":true,"href":"https:\/\/www.pressenza.com\/es\/wp-json\/wp\/v2\/categories?post=786498"},{"taxonomy":"post_tag","embeddable":true,"href":"https:\/\/www.pressenza.com\/es\/wp-json\/wp\/v2\/tags?post=786498"}],"curies":[{"name":"wp","href":"https:\/\/api.w.org\/{rel}","templated":true}]}}