{"id":786452,"date":"2019-01-09T23:32:10","date_gmt":"2019-01-09T23:32:10","guid":{"rendered":"https:\/\/www.pressenza.com\/?p=786452"},"modified":"2019-01-09T12:33:29","modified_gmt":"2019-01-09T12:33:29","slug":"cidh-sesionara-por-primera-vez-en-bolivia","status":"publish","type":"post","link":"https:\/\/www.pressenza.com\/es\/2019\/01\/cidh-sesionara-por-primera-vez-en-bolivia\/","title":{"rendered":"CIDH sesionar\u00e1 por primera vez en Bolivia"},"content":{"rendered":"<p>La Comisi\u00f3n Interamericana de Derechos Humanos (CIDH) sesionar\u00e1 por primera vez en Bolivia del 7 al 16 de febrero en Sucre para analizar temas de inter\u00e9s para la regi\u00f3n, en el marco de su 171 periodo de sesiones, inform\u00f3 el martes el canciller Diego Pary.<\/p>\n<p>\u00abSe acord\u00f3 con la Comisi\u00f3n Interamericana de Derechos Humanos para que se pudiera dar una sesi\u00f3n en el pa\u00eds, en ese sentido es que ya se ha acordado la fecha, va a ser del 7 al 16 de febrero en la ciudad de Sucre\u00bb, dijo a los periodistas.<\/p>\n<p>La CIDH anunci\u00f3 en noviembre pasado la realizaci\u00f3n de per\u00edodos de sesiones y del Tercer Foro del Sistema Interamericano de Derechos Humanos durante el a\u00f1o 2019, entre ellos en Bolivia.<\/p>\n<p>Pary explic\u00f3 que la comisi\u00f3n realizar\u00e1 audiencias p\u00fablicas durante los d\u00edas de su permanencia en Bolivia y abordar\u00e1 temas de inter\u00e9s para la regi\u00f3n, no asuntos internos del pa\u00eds.<\/p>\n<p>\u00abLa Comisi\u00f3n tiene una serie de casos que los pa\u00edses presentan y esos casos son los que abordan en el periodo de sesiones. En todo caso, cuando la comisi\u00f3n sesiona en un pa\u00eds no aborda los temas que est\u00e1n relacionados al mismo\u00bb, aclar\u00f3.<\/p>\n<p>La CIDH es un \u00f3rgano principal y aut\u00f3nomo de la Organizaci\u00f3n de los Estados Americanos (OEA), cuyo mandato surge de la Carta de esa instancia y de la Convenci\u00f3n Americana sobre Derechos Humanos.<\/p>\n","protected":false},"excerpt":{"rendered":"<p>La Comisi\u00f3n Interamericana de Derechos Humanos (CIDH) sesionar\u00e1 por primera vez en Bolivia del 7 al 16 de febrero en Sucre para analizar temas de inter\u00e9s para la regi\u00f3n, en el marco de su 171 periodo de sesiones, inform\u00f3 el&hellip;<\/p>\n","protected":false},"author":127,"featured_media":786453,"comment_status":"closed","ping_status":"closed","sticky":false,"template":"","format":"standard","meta":{"footnotes":""},"categories":[149,79,74,67],"tags":[1646,17497,441,5286],"class_list":["post-786452","post","type-post","status-publish","format-standard","has-post-thumbnail","hentry","category-comunicados-de-prensa","category-derechos-humanos","category-politica-es","category-sudamerica","tag-bolivia","tag-cidh","tag-derechos-humanos","tag-oea"],"yoast_head":"<!-- This site is optimized with the Yoast SEO plugin v27.1.1 - https:\/\/yoast.com\/product\/yoast-seo-wordpress\/ -->\n<title>CIDH sesionar\u00e1 por primera vez en Bolivia<\/title>\n<meta name=\"description\" content=\"La Comisi\u00f3n Interamericana de Derechos Humanos (CIDH) sesionar\u00e1 por primera vez en Bolivia del 7 al 16 de febrero en Sucre para analizar temas de inter\u00e9s\" \/>\n<meta name=\"robots\" content=\"index, follow, max-snippet:-1, max-image-preview:large, max-video-preview:-1\" \/>\n<link rel=\"canonical\" href=\"https:\/\/www.pressenza.com\/es\/2019\/01\/cidh-sesionara-por-primera-vez-en-bolivia\/\" \/>\n<meta property=\"og:locale\" content=\"es_ES\" \/>\n<meta property=\"og:type\" content=\"article\" \/>\n<meta property=\"og:title\" content=\"CIDH sesionar\u00e1 por primera vez en Bolivia\" \/>\n<meta property=\"og:description\" content=\"La Comisi\u00f3n Interamericana de Derechos Humanos (CIDH) sesionar\u00e1 por primera vez en Bolivia del 7 al 16 de febrero en Sucre para analizar temas de inter\u00e9s\" \/>\n<meta property=\"og:url\" content=\"https:\/\/www.pressenza.com\/es\/2019\/01\/cidh-sesionara-por-primera-vez-en-bolivia\/\" \/>\n<meta property=\"og:site_name\" content=\"Pressenza\" \/>\n<meta property=\"article:publisher\" content=\"https:\/\/www.facebook.com\/PressenzaItalia\" \/>\n<meta property=\"article:published_time\" content=\"2019-01-09T23:32:10+00:00\" \/>\n<meta property=\"og:image\" content=\"https:\/\/www.pressenza.com\/wp-content\/uploads\/2019\/01\/Diego-Pary-Canciller-Bolivia-Foto-OEA-OAS.jpg\" \/>\n\t<meta property=\"og:image:width\" content=\"1024\" \/>\n\t<meta property=\"og:image:height\" content=\"684\" \/>\n\t<meta property=\"og:image:type\" content=\"image\/jpeg\" \/>\n<meta name=\"author\" content=\"Agencia Boliviana de Informaci\u00f3n - ABI\" \/>\n<meta name=\"twitter:card\" content=\"summary_large_image\" \/>\n<meta name=\"twitter:creator\" content=\"@mincombolivia\" \/>\n<meta name=\"twitter:site\" content=\"@PressenzaIPA\" \/>\n<meta name=\"twitter:label1\" content=\"Escrito por\" \/>\n\t<meta name=\"twitter:data1\" content=\"Agencia Boliviana de Informaci\u00f3n - ABI\" \/>\n\t<meta name=\"twitter:label2\" content=\"Tiempo de lectura\" \/>\n\t<meta name=\"twitter:data2\" content=\"1 minuto\" \/>\n<script type=\"application\/ld+json\" class=\"yoast-schema-graph\">{\"@context\":\"https:\/\/schema.org\",\"@graph\":[{\"@type\":\"Article\",\"@id\":\"https:\/\/www.pressenza.com\/es\/2019\/01\/cidh-sesionara-por-primera-vez-en-bolivia\/#article\",\"isPartOf\":{\"@id\":\"https:\/\/www.pressenza.com\/es\/2019\/01\/cidh-sesionara-por-primera-vez-en-bolivia\/\"},\"author\":{\"name\":\"Agencia Boliviana de Informaci\u00f3n - ABI\",\"@id\":\"https:\/\/www.pressenza.com\/es\/#\/schema\/person\/3fe2a62cf8f5fea54fc87abcec98dcb4\"},\"headline\":\"CIDH sesionar\u00e1 por primera vez en Bolivia\",\"datePublished\":\"2019-01-09T23:32:10+00:00\",\"mainEntityOfPage\":{\"@id\":\"https:\/\/www.pressenza.com\/es\/2019\/01\/cidh-sesionara-por-primera-vez-en-bolivia\/\"},\"wordCount\":252,\"publisher\":{\"@id\":\"https:\/\/www.pressenza.com\/es\/#organization\"},\"image\":{\"@id\":\"https:\/\/www.pressenza.com\/es\/2019\/01\/cidh-sesionara-por-primera-vez-en-bolivia\/#primaryimage\"},\"thumbnailUrl\":\"https:\/\/www.pressenza.com\/wp-content\/uploads\/2019\/01\/Diego-Pary-Canciller-Bolivia-Foto-OEA-OAS.jpg\",\"keywords\":[\"Bolivia\",\"CIDH\",\"Derechos humanos\",\"OEA\"],\"articleSection\":[\"Comunicados de Prensa\",\"Derechos Humanos\",\"Pol\u00edtica\",\"Sudam\u00e9rica\"],\"inLanguage\":\"es\"},{\"@type\":\"WebPage\",\"@id\":\"https:\/\/www.pressenza.com\/es\/2019\/01\/cidh-sesionara-por-primera-vez-en-bolivia\/\",\"url\":\"https:\/\/www.pressenza.com\/es\/2019\/01\/cidh-sesionara-por-primera-vez-en-bolivia\/\",\"name\":\"CIDH sesionar\u00e1 por primera vez en Bolivia\",\"isPartOf\":{\"@id\":\"https:\/\/www.pressenza.com\/es\/#website\"},\"primaryImageOfPage\":{\"@id\":\"https:\/\/www.pressenza.com\/es\/2019\/01\/cidh-sesionara-por-primera-vez-en-bolivia\/#primaryimage\"},\"image\":{\"@id\":\"https:\/\/www.pressenza.com\/es\/2019\/01\/cidh-sesionara-por-primera-vez-en-bolivia\/#primaryimage\"},\"thumbnailUrl\":\"https:\/\/www.pressenza.com\/wp-content\/uploads\/2019\/01\/Diego-Pary-Canciller-Bolivia-Foto-OEA-OAS.jpg\",\"datePublished\":\"2019-01-09T23:32:10+00:00\",\"description\":\"La Comisi\u00f3n Interamericana de Derechos Humanos (CIDH) sesionar\u00e1 por primera vez en Bolivia del 7 al 16 de febrero en Sucre para analizar temas de inter\u00e9s\",\"breadcrumb\":{\"@id\":\"https:\/\/www.pressenza.com\/es\/2019\/01\/cidh-sesionara-por-primera-vez-en-bolivia\/#breadcrumb\"},\"inLanguage\":\"es\",\"potentialAction\":[{\"@type\":\"ReadAction\",\"target\":[\"https:\/\/www.pressenza.com\/es\/2019\/01\/cidh-sesionara-por-primera-vez-en-bolivia\/\"]}]},{\"@type\":\"ImageObject\",\"inLanguage\":\"es\",\"@id\":\"https:\/\/www.pressenza.com\/es\/2019\/01\/cidh-sesionara-por-primera-vez-en-bolivia\/#primaryimage\",\"url\":\"https:\/\/www.pressenza.com\/wp-content\/uploads\/2019\/01\/Diego-Pary-Canciller-Bolivia-Foto-OEA-OAS.jpg\",\"contentUrl\":\"https:\/\/www.pressenza.com\/wp-content\/uploads\/2019\/01\/Diego-Pary-Canciller-Bolivia-Foto-OEA-OAS.jpg\",\"width\":1024,\"height\":684},{\"@type\":\"BreadcrumbList\",\"@id\":\"https:\/\/www.pressenza.com\/es\/2019\/01\/cidh-sesionara-por-primera-vez-en-bolivia\/#breadcrumb\",\"itemListElement\":[{\"@type\":\"ListItem\",\"position\":1,\"name\":\"Accueil\",\"item\":\"https:\/\/www.pressenza.com\/es\/\"},{\"@type\":\"ListItem\",\"position\":2,\"name\":\"CIDH sesionar\u00e1 por primera vez en Bolivia\"}]},{\"@type\":\"WebSite\",\"@id\":\"https:\/\/www.pressenza.com\/es\/#website\",\"url\":\"https:\/\/www.pressenza.com\/es\/\",\"name\":\"Pressenza\",\"description\":\"International Press Agency\",\"publisher\":{\"@id\":\"https:\/\/www.pressenza.com\/es\/#organization\"},\"potentialAction\":[{\"@type\":\"SearchAction\",\"target\":{\"@type\":\"EntryPoint\",\"urlTemplate\":\"https:\/\/www.pressenza.com\/es\/?s={search_term_string}\"},\"query-input\":{\"@type\":\"PropertyValueSpecification\",\"valueRequired\":true,\"valueName\":\"search_term_string\"}}],\"inLanguage\":\"es\"},{\"@type\":\"Organization\",\"@id\":\"https:\/\/www.pressenza.com\/es\/#organization\",\"name\":\"Pressenza\",\"url\":\"https:\/\/www.pressenza.com\/es\/\",\"logo\":{\"@type\":\"ImageObject\",\"inLanguage\":\"es\",\"@id\":\"https:\/\/www.pressenza.com\/es\/#\/schema\/logo\/image\/\",\"url\":\"https:\/\/www.pressenza.com\/wp-content\/uploads\/2022\/10\/pressenza_logo_200x200.jpg\",\"contentUrl\":\"https:\/\/www.pressenza.com\/wp-content\/uploads\/2022\/10\/pressenza_logo_200x200.jpg\",\"width\":200,\"height\":200,\"caption\":\"Pressenza\"},\"image\":{\"@id\":\"https:\/\/www.pressenza.com\/es\/#\/schema\/logo\/image\/\"},\"sameAs\":[\"https:\/\/www.facebook.com\/PressenzaItalia\",\"https:\/\/x.com\/PressenzaIPA\"]},{\"@type\":\"Person\",\"@id\":\"https:\/\/www.pressenza.com\/es\/#\/schema\/person\/3fe2a62cf8f5fea54fc87abcec98dcb4\",\"name\":\"Agencia Boliviana de Informaci\u00f3n - ABI\",\"description\":\"www.abi.bo\",\"sameAs\":[\"https:\/\/x.com\/mincombolivia\"],\"url\":\"https:\/\/www.pressenza.com\/es\/author\/agencia-boliviana-de-informacion-abi\/\"}]}<\/script>\n<!-- \/ Yoast SEO plugin. -->","yoast_head_json":{"title":"CIDH sesionar\u00e1 por primera vez en Bolivia","description":"La Comisi\u00f3n Interamericana de Derechos Humanos (CIDH) sesionar\u00e1 por primera vez en Bolivia del 7 al 16 de febrero en Sucre para analizar temas de inter\u00e9s","robots":{"index":"index","follow":"follow","max-snippet":"max-snippet:-1","max-image-preview":"max-image-preview:large","max-video-preview":"max-video-preview:-1"},"canonical":"https:\/\/www.pressenza.com\/es\/2019\/01\/cidh-sesionara-por-primera-vez-en-bolivia\/","og_locale":"es_ES","og_type":"article","og_title":"CIDH sesionar\u00e1 por primera vez en Bolivia","og_description":"La Comisi\u00f3n Interamericana de Derechos Humanos (CIDH) sesionar\u00e1 por primera vez en Bolivia del 7 al 16 de febrero en Sucre para analizar temas de inter\u00e9s","og_url":"https:\/\/www.pressenza.com\/es\/2019\/01\/cidh-sesionara-por-primera-vez-en-bolivia\/","og_site_name":"Pressenza","article_publisher":"https:\/\/www.facebook.com\/PressenzaItalia","article_published_time":"2019-01-09T23:32:10+00:00","og_image":[{"width":1024,"height":684,"url":"https:\/\/www.pressenza.com\/wp-content\/uploads\/2019\/01\/Diego-Pary-Canciller-Bolivia-Foto-OEA-OAS.jpg","type":"image\/jpeg"}],"author":"Agencia Boliviana de Informaci\u00f3n - ABI","twitter_card":"summary_large_image","twitter_creator":"@mincombolivia","twitter_site":"@PressenzaIPA","twitter_misc":{"Escrito por":"Agencia Boliviana de Informaci\u00f3n - ABI","Tiempo de lectura":"1 minuto"},"schema":{"@context":"https:\/\/schema.org","@graph":[{"@type":"Article","@id":"https:\/\/www.pressenza.com\/es\/2019\/01\/cidh-sesionara-por-primera-vez-en-bolivia\/#article","isPartOf":{"@id":"https:\/\/www.pressenza.com\/es\/2019\/01\/cidh-sesionara-por-primera-vez-en-bolivia\/"},"author":{"name":"Agencia Boliviana de Informaci\u00f3n - ABI","@id":"https:\/\/www.pressenza.com\/es\/#\/schema\/person\/3fe2a62cf8f5fea54fc87abcec98dcb4"},"headline":"CIDH sesionar\u00e1 por primera vez en Bolivia","datePublished":"2019-01-09T23:32:10+00:00","mainEntityOfPage":{"@id":"https:\/\/www.pressenza.com\/es\/2019\/01\/cidh-sesionara-por-primera-vez-en-bolivia\/"},"wordCount":252,"publisher":{"@id":"https:\/\/www.pressenza.com\/es\/#organization"},"image":{"@id":"https:\/\/www.pressenza.com\/es\/2019\/01\/cidh-sesionara-por-primera-vez-en-bolivia\/#primaryimage"},"thumbnailUrl":"https:\/\/www.pressenza.com\/wp-content\/uploads\/2019\/01\/Diego-Pary-Canciller-Bolivia-Foto-OEA-OAS.jpg","keywords":["Bolivia","CIDH","Derechos humanos","OEA"],"articleSection":["Comunicados de Prensa","Derechos Humanos","Pol\u00edtica","Sudam\u00e9rica"],"inLanguage":"es"},{"@type":"WebPage","@id":"https:\/\/www.pressenza.com\/es\/2019\/01\/cidh-sesionara-por-primera-vez-en-bolivia\/","url":"https:\/\/www.pressenza.com\/es\/2019\/01\/cidh-sesionara-por-primera-vez-en-bolivia\/","name":"CIDH sesionar\u00e1 por primera vez en Bolivia","isPartOf":{"@id":"https:\/\/www.pressenza.com\/es\/#website"},"primaryImageOfPage":{"@id":"https:\/\/www.pressenza.com\/es\/2019\/01\/cidh-sesionara-por-primera-vez-en-bolivia\/#primaryimage"},"image":{"@id":"https:\/\/www.pressenza.com\/es\/2019\/01\/cidh-sesionara-por-primera-vez-en-bolivia\/#primaryimage"},"thumbnailUrl":"https:\/\/www.pressenza.com\/wp-content\/uploads\/2019\/01\/Diego-Pary-Canciller-Bolivia-Foto-OEA-OAS.jpg","datePublished":"2019-01-09T23:32:10+00:00","description":"La Comisi\u00f3n Interamericana de Derechos Humanos (CIDH) sesionar\u00e1 por primera vez en Bolivia del 7 al 16 de febrero en Sucre para analizar temas de inter\u00e9s","breadcrumb":{"@id":"https:\/\/www.pressenza.com\/es\/2019\/01\/cidh-sesionara-por-primera-vez-en-bolivia\/#breadcrumb"},"inLanguage":"es","potentialAction":[{"@type":"ReadAction","target":["https:\/\/www.pressenza.com\/es\/2019\/01\/cidh-sesionara-por-primera-vez-en-bolivia\/"]}]},{"@type":"ImageObject","inLanguage":"es","@id":"https:\/\/www.pressenza.com\/es\/2019\/01\/cidh-sesionara-por-primera-vez-en-bolivia\/#primaryimage","url":"https:\/\/www.pressenza.com\/wp-content\/uploads\/2019\/01\/Diego-Pary-Canciller-Bolivia-Foto-OEA-OAS.jpg","contentUrl":"https:\/\/www.pressenza.com\/wp-content\/uploads\/2019\/01\/Diego-Pary-Canciller-Bolivia-Foto-OEA-OAS.jpg","width":1024,"height":684},{"@type":"BreadcrumbList","@id":"https:\/\/www.pressenza.com\/es\/2019\/01\/cidh-sesionara-por-primera-vez-en-bolivia\/#breadcrumb","itemListElement":[{"@type":"ListItem","position":1,"name":"Accueil","item":"https:\/\/www.pressenza.com\/es\/"},{"@type":"ListItem","position":2,"name":"CIDH sesionar\u00e1 por primera vez en Bolivia"}]},{"@type":"WebSite","@id":"https:\/\/www.pressenza.com\/es\/#website","url":"https:\/\/www.pressenza.com\/es\/","name":"Pressenza","description":"International Press Agency","publisher":{"@id":"https:\/\/www.pressenza.com\/es\/#organization"},"potentialAction":[{"@type":"SearchAction","target":{"@type":"EntryPoint","urlTemplate":"https:\/\/www.pressenza.com\/es\/?s={search_term_string}"},"query-input":{"@type":"PropertyValueSpecification","valueRequired":true,"valueName":"search_term_string"}}],"inLanguage":"es"},{"@type":"Organization","@id":"https:\/\/www.pressenza.com\/es\/#organization","name":"Pressenza","url":"https:\/\/www.pressenza.com\/es\/","logo":{"@type":"ImageObject","inLanguage":"es","@id":"https:\/\/www.pressenza.com\/es\/#\/schema\/logo\/image\/","url":"https:\/\/www.pressenza.com\/wp-content\/uploads\/2022\/10\/pressenza_logo_200x200.jpg","contentUrl":"https:\/\/www.pressenza.com\/wp-content\/uploads\/2022\/10\/pressenza_logo_200x200.jpg","width":200,"height":200,"caption":"Pressenza"},"image":{"@id":"https:\/\/www.pressenza.com\/es\/#\/schema\/logo\/image\/"},"sameAs":["https:\/\/www.facebook.com\/PressenzaItalia","https:\/\/x.com\/PressenzaIPA"]},{"@type":"Person","@id":"https:\/\/www.pressenza.com\/es\/#\/schema\/person\/3fe2a62cf8f5fea54fc87abcec98dcb4","name":"Agencia Boliviana de Informaci\u00f3n - ABI","description":"www.abi.bo","sameAs":["https:\/\/x.com\/mincombolivia"],"url":"https:\/\/www.pressenza.com\/es\/author\/agencia-boliviana-de-informacion-abi\/"}]}},"place":"La Paz, Bolivia","original_article_url":"https:\/\/www1.abi.bo\/abi_\/","_links":{"self":[{"href":"https:\/\/www.pressenza.com\/es\/wp-json\/wp\/v2\/posts\/786452","targetHints":{"allow":["GET"]}}],"collection":[{"href":"https:\/\/www.pressenza.com\/es\/wp-json\/wp\/v2\/posts"}],"about":[{"href":"https:\/\/www.pressenza.com\/es\/wp-json\/wp\/v2\/types\/post"}],"author":[{"embeddable":true,"href":"https:\/\/www.pressenza.com\/es\/wp-json\/wp\/v2\/users\/127"}],"replies":[{"embeddable":true,"href":"https:\/\/www.pressenza.com\/es\/wp-json\/wp\/v2\/comments?post=786452"}],"version-history":[{"count":0,"href":"https:\/\/www.pressenza.com\/es\/wp-json\/wp\/v2\/posts\/786452\/revisions"}],"wp:featuredmedia":[{"embeddable":true,"href":"https:\/\/www.pressenza.com\/es\/wp-json\/wp\/v2\/media\/786453"}],"wp:attachment":[{"href":"https:\/\/www.pressenza.com\/es\/wp-json\/wp\/v2\/media?parent=786452"}],"wp:term":[{"taxonomy":"category","embeddable":true,"href":"https:\/\/www.pressenza.com\/es\/wp-json\/wp\/v2\/categories?post=786452"},{"taxonomy":"post_tag","embeddable":true,"href":"https:\/\/www.pressenza.com\/es\/wp-json\/wp\/v2\/tags?post=786452"}],"curies":[{"name":"wp","href":"https:\/\/api.w.org\/{rel}","templated":true}]}}