{"id":784221,"date":"2019-01-04T14:42:31","date_gmt":"2019-01-04T14:42:31","guid":{"rendered":"https:\/\/www.pressenza.com\/?p=784221"},"modified":"2019-01-04T14:42:31","modified_gmt":"2019-01-04T14:42:31","slug":"lo-que-se-viene","status":"publish","type":"post","link":"https:\/\/www.pressenza.com\/es\/2019\/01\/lo-que-se-viene\/","title":{"rendered":"Lo que se viene"},"content":{"rendered":"<p>Se puede vaticinar que se nos viene un a\u00f1o movido, con ribetes especiales y que sacar\u00e1n m\u00e1s de una roncha. De alguna manera lo que se dio el 2018 fue un anticipo y no es para menos. Mal que mal se trata de tendencias. Y de lo que no cabe duda es que hay un cambio de eje a nivel mundial, global. La comunicaci\u00f3n instant\u00e1nea, las redes sociales, est\u00e1n posibilitando el \u201ccontagio\u201d como reguero de p\u00f3lvora. Incluso las mentiras, medias verdades, noticias falsas.<\/p>\n<p>Resulta sintom\u00e1tico que luego de d\u00e9cadas intentando girar hacia la izquierda, buscando profundizar la democracia en lo pol\u00edtico, combatir la pobreza junto con reducir la desigualdad en lo econ\u00f3mico, e incrementar las libertades individuales en lo val\u00f3rico, hoy se est\u00e1 observando un suerte de orden de \u201cvirar hacia la derecha\u201d. Un giro hacia el autoritarismo en lo pol\u00edtico con miras a imponer orden y seguridad, hacia el neoliberalismo en lo econ\u00f3mico, y hacia el conservadurismo en lo val\u00f3rico. Todo ello a como d\u00e9 lugar.<\/p>\n<p>Las razones que impulsan este viraje var\u00edan seg\u00fan el pa\u00eds que se trate, aunque muy probablemente tengan alg\u00fan tronco com\u00fan. Estos motivos son m\u00faltiples \u2013la inmigraci\u00f3n, inseguridad, precariedad del empleo, corrupci\u00f3n, entre otras-, pero en esta ocasi\u00f3n solo har\u00e9 menci\u00f3n a dos de ellas: la corrupci\u00f3n y la infiltraci\u00f3n.<\/p>\n<p>La corrupci\u00f3n sol\u00eda estar asociada a la derecha, y de hecho la sigue afectando. El tema es que se ha expandido a la izquierda, perdiendo la superioridad moral que ten\u00eda en este plano. Se asum\u00eda que desde el gobierno la izquierda deb\u00eda combatir la corrupci\u00f3n, y en no pocos casos ha ca\u00eddo en tentaci\u00f3n, terminado cooptada. Eso lo est\u00e1 pagando caro, mucho m\u00e1s que la derecha porque la gente que confi\u00f3 en la izquierda se ha sentido defraudada, y por lo mismo vota con rabia. No le importa tanto que la derecha sea mucho m\u00e1s corrupta, como que \u00e9sta haya \u201cpisado el palito\u201d. De hecho, lo m\u00e1s probable que al final de este nuevo ciclo que se abre los actuales niveles de corrupci\u00f3n sean irrisorios al lado de los que se vienen. En no pocos casos, quienes se han erigido como jueces son tantos o m\u00e1s corruptos que aquellos a quienes han condenado. Por la boca muere el pez.<\/p>\n<p>La infiltraci\u00f3n comunista es otro argumento que se ha estado levantando, al igual que en la d\u00e9cada de los 70 cuando se inici\u00f3 el ciclo de las dictaduras militares, todas ellas encaminadas a extirpar el c\u00e1ncer y yugo marxista. Caballito de batalla que es resucitado en la hora actual aun cuando ya no estamos en tiempos de guerra fr\u00eda ni existe la Uni\u00f3n Sovi\u00e9tica. Pero sirve para aleonar a las FFAA y las distintas corrientes conservadoras religiosas de los pa\u00edses que ven con malos ojos todo lo que huela a comunismo o socialismo. En su reciente discurso inaugural, el nuevo presidente brasile\u00f1o puso \u00e9nfasis en intervenir la educaci\u00f3n con miras a erradicar toda influencia comunista. No deja de llamar la atenci\u00f3n que el foco est\u00e9 puesto en esta infiltraci\u00f3n y no en la creciente influencia del narcotr\u00e1fico en los m\u00e1s diversos niveles de decisi\u00f3n.<\/p>\n<p>Para recuperar el ascendiente que en su momento tuvo la izquierda, necesariamente debe asumir la responsabilidad que le corresponde. Un an\u00e1lisis retrospectivo e introspectivo respecto de las ideas que la conforman, as\u00ed como de su comportamiento, le har\u00eda bien a ella misma y a los pa\u00edses en que act\u00faa.<\/p>\n<p>En s\u00edntesis, lo que se viene es preocupante, por no decir alarmante, y exigir\u00e1 lo mejor de nosotros si es que no queremos convertirnos en ovejas manejadas a su antojo por pastores armados hasta los dientes.<\/p>\n","protected":false},"excerpt":{"rendered":"<p>Se puede vaticinar que se nos viene un a\u00f1o movido, con ribetes especiales y que sacar\u00e1n m\u00e1s de una roncha. De alguna manera lo que se dio el 2018 fue un anticipo y no es para menos. Mal que mal&hellip;<\/p>\n","protected":false},"author":1346,"featured_media":784224,"comment_status":"closed","ping_status":"closed","sticky":false,"template":"","format":"standard","meta":{"footnotes":""},"categories":[11389,161,74,67],"tags":[2749,29,773,1375,10674,11064,20804],"class_list":["post-784221","post","type-post","status-publish","format-standard","has-post-thumbnail","hentry","category-contenido-original","category-opiniones","category-politica-es","category-sudamerica","tag-brasil-es","tag-chile","tag-corrupcion","tag-izquierda","tag-marxismo","tag-neoliberalismo","tag-ultraderecha"],"yoast_head":"<!-- This site is optimized with the Yoast SEO plugin v27.1.1 - https:\/\/yoast.com\/product\/yoast-seo-wordpress\/ -->\n<title>Lo que se viene<\/title>\n<meta name=\"description\" content=\"Se puede vaticinar que se nos viene un a\u00f1o movido, con ribetes especiales y que sacar\u00e1n m\u00e1s de una roncha. De alguna manera lo que se dio el 2018 fue un\" \/>\n<meta name=\"robots\" content=\"index, follow, max-snippet:-1, max-image-preview:large, max-video-preview:-1\" \/>\n<link rel=\"canonical\" href=\"https:\/\/www.pressenza.com\/es\/2019\/01\/lo-que-se-viene\/\" \/>\n<meta property=\"og:locale\" content=\"es_ES\" \/>\n<meta property=\"og:type\" content=\"article\" \/>\n<meta property=\"og:title\" content=\"Lo que se viene\" \/>\n<meta property=\"og:description\" content=\"Se puede vaticinar que se nos viene un a\u00f1o movido, con ribetes especiales y que sacar\u00e1n m\u00e1s de una roncha. De alguna manera lo que se dio el 2018 fue un\" \/>\n<meta property=\"og:url\" content=\"https:\/\/www.pressenza.com\/es\/2019\/01\/lo-que-se-viene\/\" \/>\n<meta property=\"og:site_name\" content=\"Pressenza\" \/>\n<meta property=\"article:publisher\" content=\"https:\/\/www.facebook.com\/PressenzaItalia\" \/>\n<meta property=\"article:published_time\" content=\"2019-01-04T14:42:31+00:00\" \/>\n<meta property=\"og:image\" content=\"https:\/\/www.pressenza.com\/wp-content\/uploads\/2019\/01\/pi--era-bolsonaro.jpg\" \/>\n\t<meta property=\"og:image:width\" content=\"900\" \/>\n\t<meta property=\"og:image:height\" content=\"600\" \/>\n\t<meta property=\"og:image:type\" content=\"image\/jpeg\" \/>\n<meta name=\"author\" content=\"Rodolfo Schmal\" \/>\n<meta name=\"twitter:card\" content=\"summary_large_image\" \/>\n<meta name=\"twitter:creator\" content=\"@PressenzaIPA\" \/>\n<meta name=\"twitter:site\" content=\"@PressenzaIPA\" \/>\n<meta name=\"twitter:label1\" content=\"Escrito por\" \/>\n\t<meta name=\"twitter:data1\" content=\"Rodolfo Schmal\" \/>\n\t<meta name=\"twitter:label2\" content=\"Tiempo de lectura\" \/>\n\t<meta name=\"twitter:data2\" content=\"3 minutos\" \/>\n<script type=\"application\/ld+json\" class=\"yoast-schema-graph\">{\"@context\":\"https:\/\/schema.org\",\"@graph\":[{\"@type\":\"Article\",\"@id\":\"https:\/\/www.pressenza.com\/es\/2019\/01\/lo-que-se-viene\/#article\",\"isPartOf\":{\"@id\":\"https:\/\/www.pressenza.com\/es\/2019\/01\/lo-que-se-viene\/\"},\"author\":{\"name\":\"Rodolfo Schmal\",\"@id\":\"https:\/\/www.pressenza.com\/es\/#\/schema\/person\/f997ea76500c802de8beb920d3db5a96\"},\"headline\":\"Lo que se viene\",\"datePublished\":\"2019-01-04T14:42:31+00:00\",\"mainEntityOfPage\":{\"@id\":\"https:\/\/www.pressenza.com\/es\/2019\/01\/lo-que-se-viene\/\"},\"wordCount\":665,\"publisher\":{\"@id\":\"https:\/\/www.pressenza.com\/es\/#organization\"},\"image\":{\"@id\":\"https:\/\/www.pressenza.com\/es\/2019\/01\/lo-que-se-viene\/#primaryimage\"},\"thumbnailUrl\":\"https:\/\/www.pressenza.com\/wp-content\/uploads\/2019\/01\/pi--era-bolsonaro.jpg\",\"keywords\":[\"Brasil\",\"Chile\",\"corrupci\u00f3n\",\"izquierda\",\"marxismo\",\"neoliberalismo\",\"ultraderecha\"],\"articleSection\":[\"Contenido Original\",\"Opiniones\",\"Pol\u00edtica\",\"Sudam\u00e9rica\"],\"inLanguage\":\"es\"},{\"@type\":\"WebPage\",\"@id\":\"https:\/\/www.pressenza.com\/es\/2019\/01\/lo-que-se-viene\/\",\"url\":\"https:\/\/www.pressenza.com\/es\/2019\/01\/lo-que-se-viene\/\",\"name\":\"Lo que se viene\",\"isPartOf\":{\"@id\":\"https:\/\/www.pressenza.com\/es\/#website\"},\"primaryImageOfPage\":{\"@id\":\"https:\/\/www.pressenza.com\/es\/2019\/01\/lo-que-se-viene\/#primaryimage\"},\"image\":{\"@id\":\"https:\/\/www.pressenza.com\/es\/2019\/01\/lo-que-se-viene\/#primaryimage\"},\"thumbnailUrl\":\"https:\/\/www.pressenza.com\/wp-content\/uploads\/2019\/01\/pi--era-bolsonaro.jpg\",\"datePublished\":\"2019-01-04T14:42:31+00:00\",\"description\":\"Se puede vaticinar que se nos viene un a\u00f1o movido, con ribetes especiales y que sacar\u00e1n m\u00e1s de una roncha. De alguna manera lo que se dio el 2018 fue un\",\"breadcrumb\":{\"@id\":\"https:\/\/www.pressenza.com\/es\/2019\/01\/lo-que-se-viene\/#breadcrumb\"},\"inLanguage\":\"es\",\"potentialAction\":[{\"@type\":\"ReadAction\",\"target\":[\"https:\/\/www.pressenza.com\/es\/2019\/01\/lo-que-se-viene\/\"]}]},{\"@type\":\"ImageObject\",\"inLanguage\":\"es\",\"@id\":\"https:\/\/www.pressenza.com\/es\/2019\/01\/lo-que-se-viene\/#primaryimage\",\"url\":\"https:\/\/www.pressenza.com\/wp-content\/uploads\/2019\/01\/pi--era-bolsonaro.jpg\",\"contentUrl\":\"https:\/\/www.pressenza.com\/wp-content\/uploads\/2019\/01\/pi--era-bolsonaro.jpg\",\"width\":900,\"height\":600,\"caption\":\"Brazil's newly sworn-in President Jair Bolsonaro (C) greets Chile's President Sebastian Pinera (L), during his inauguration ceremony, at the Congress in Brasilia on January 1, 2019. Bolsonaro takes office with promises to radically change the path taken by Latin America's biggest country by trashing decades of centre-left policies. \/ AFP \/ NELSON ALMEIDA BRAZIL-INAUGURATION-BOLSONARO\"},{\"@type\":\"BreadcrumbList\",\"@id\":\"https:\/\/www.pressenza.com\/es\/2019\/01\/lo-que-se-viene\/#breadcrumb\",\"itemListElement\":[{\"@type\":\"ListItem\",\"position\":1,\"name\":\"Accueil\",\"item\":\"https:\/\/www.pressenza.com\/es\/\"},{\"@type\":\"ListItem\",\"position\":2,\"name\":\"Lo que se viene\"}]},{\"@type\":\"WebSite\",\"@id\":\"https:\/\/www.pressenza.com\/es\/#website\",\"url\":\"https:\/\/www.pressenza.com\/es\/\",\"name\":\"Pressenza\",\"description\":\"International Press Agency\",\"publisher\":{\"@id\":\"https:\/\/www.pressenza.com\/es\/#organization\"},\"potentialAction\":[{\"@type\":\"SearchAction\",\"target\":{\"@type\":\"EntryPoint\",\"urlTemplate\":\"https:\/\/www.pressenza.com\/es\/?s={search_term_string}\"},\"query-input\":{\"@type\":\"PropertyValueSpecification\",\"valueRequired\":true,\"valueName\":\"search_term_string\"}}],\"inLanguage\":\"es\"},{\"@type\":\"Organization\",\"@id\":\"https:\/\/www.pressenza.com\/es\/#organization\",\"name\":\"Pressenza\",\"url\":\"https:\/\/www.pressenza.com\/es\/\",\"logo\":{\"@type\":\"ImageObject\",\"inLanguage\":\"es\",\"@id\":\"https:\/\/www.pressenza.com\/es\/#\/schema\/logo\/image\/\",\"url\":\"https:\/\/www.pressenza.com\/wp-content\/uploads\/2022\/10\/pressenza_logo_200x200.jpg\",\"contentUrl\":\"https:\/\/www.pressenza.com\/wp-content\/uploads\/2022\/10\/pressenza_logo_200x200.jpg\",\"width\":200,\"height\":200,\"caption\":\"Pressenza\"},\"image\":{\"@id\":\"https:\/\/www.pressenza.com\/es\/#\/schema\/logo\/image\/\"},\"sameAs\":[\"https:\/\/www.facebook.com\/PressenzaItalia\",\"https:\/\/x.com\/PressenzaIPA\"]},{\"@type\":\"Person\",\"@id\":\"https:\/\/www.pressenza.com\/es\/#\/schema\/person\/f997ea76500c802de8beb920d3db5a96\",\"name\":\"Rodolfo Schmal\",\"description\":\"Rodolfo Schmal Simon es Ingeniero Civil Industrial de la Universidad de Chile y Magister en Inform\u00e1tica de la Universidad Polit\u00e9cnica de Madrid-Espa\u00f1a. Ha sido profesor de las Universidades de Chile, del Norte, de Tarapac\u00e1 y de Talca; socio de las empresas inform\u00e1ticas PRODAT y ALEPH; Director de ZOFRI S.A.; Secretario y Tesorero de la Asociaci\u00f3n de Acad\u00e9micos de la Universidad de Talca. Es autor de textos docentes y art\u00edculos en revistas acad\u00e9micas nacionales e internacionales indexadas. Reside en Talca, Chile.\",\"url\":\"https:\/\/www.pressenza.com\/es\/author\/rodolfo-schmal\/\"}]}<\/script>\n<!-- \/ Yoast SEO plugin. -->","yoast_head_json":{"title":"Lo que se viene","description":"Se puede vaticinar que se nos viene un a\u00f1o movido, con ribetes especiales y que sacar\u00e1n m\u00e1s de una roncha. De alguna manera lo que se dio el 2018 fue un","robots":{"index":"index","follow":"follow","max-snippet":"max-snippet:-1","max-image-preview":"max-image-preview:large","max-video-preview":"max-video-preview:-1"},"canonical":"https:\/\/www.pressenza.com\/es\/2019\/01\/lo-que-se-viene\/","og_locale":"es_ES","og_type":"article","og_title":"Lo que se viene","og_description":"Se puede vaticinar que se nos viene un a\u00f1o movido, con ribetes especiales y que sacar\u00e1n m\u00e1s de una roncha. De alguna manera lo que se dio el 2018 fue un","og_url":"https:\/\/www.pressenza.com\/es\/2019\/01\/lo-que-se-viene\/","og_site_name":"Pressenza","article_publisher":"https:\/\/www.facebook.com\/PressenzaItalia","article_published_time":"2019-01-04T14:42:31+00:00","og_image":[{"width":900,"height":600,"url":"https:\/\/www.pressenza.com\/wp-content\/uploads\/2019\/01\/pi--era-bolsonaro.jpg","type":"image\/jpeg"}],"author":"Rodolfo Schmal","twitter_card":"summary_large_image","twitter_creator":"@PressenzaIPA","twitter_site":"@PressenzaIPA","twitter_misc":{"Escrito por":"Rodolfo Schmal","Tiempo de lectura":"3 minutos"},"schema":{"@context":"https:\/\/schema.org","@graph":[{"@type":"Article","@id":"https:\/\/www.pressenza.com\/es\/2019\/01\/lo-que-se-viene\/#article","isPartOf":{"@id":"https:\/\/www.pressenza.com\/es\/2019\/01\/lo-que-se-viene\/"},"author":{"name":"Rodolfo Schmal","@id":"https:\/\/www.pressenza.com\/es\/#\/schema\/person\/f997ea76500c802de8beb920d3db5a96"},"headline":"Lo que se viene","datePublished":"2019-01-04T14:42:31+00:00","mainEntityOfPage":{"@id":"https:\/\/www.pressenza.com\/es\/2019\/01\/lo-que-se-viene\/"},"wordCount":665,"publisher":{"@id":"https:\/\/www.pressenza.com\/es\/#organization"},"image":{"@id":"https:\/\/www.pressenza.com\/es\/2019\/01\/lo-que-se-viene\/#primaryimage"},"thumbnailUrl":"https:\/\/www.pressenza.com\/wp-content\/uploads\/2019\/01\/pi--era-bolsonaro.jpg","keywords":["Brasil","Chile","corrupci\u00f3n","izquierda","marxismo","neoliberalismo","ultraderecha"],"articleSection":["Contenido Original","Opiniones","Pol\u00edtica","Sudam\u00e9rica"],"inLanguage":"es"},{"@type":"WebPage","@id":"https:\/\/www.pressenza.com\/es\/2019\/01\/lo-que-se-viene\/","url":"https:\/\/www.pressenza.com\/es\/2019\/01\/lo-que-se-viene\/","name":"Lo que se viene","isPartOf":{"@id":"https:\/\/www.pressenza.com\/es\/#website"},"primaryImageOfPage":{"@id":"https:\/\/www.pressenza.com\/es\/2019\/01\/lo-que-se-viene\/#primaryimage"},"image":{"@id":"https:\/\/www.pressenza.com\/es\/2019\/01\/lo-que-se-viene\/#primaryimage"},"thumbnailUrl":"https:\/\/www.pressenza.com\/wp-content\/uploads\/2019\/01\/pi--era-bolsonaro.jpg","datePublished":"2019-01-04T14:42:31+00:00","description":"Se puede vaticinar que se nos viene un a\u00f1o movido, con ribetes especiales y que sacar\u00e1n m\u00e1s de una roncha. De alguna manera lo que se dio el 2018 fue un","breadcrumb":{"@id":"https:\/\/www.pressenza.com\/es\/2019\/01\/lo-que-se-viene\/#breadcrumb"},"inLanguage":"es","potentialAction":[{"@type":"ReadAction","target":["https:\/\/www.pressenza.com\/es\/2019\/01\/lo-que-se-viene\/"]}]},{"@type":"ImageObject","inLanguage":"es","@id":"https:\/\/www.pressenza.com\/es\/2019\/01\/lo-que-se-viene\/#primaryimage","url":"https:\/\/www.pressenza.com\/wp-content\/uploads\/2019\/01\/pi--era-bolsonaro.jpg","contentUrl":"https:\/\/www.pressenza.com\/wp-content\/uploads\/2019\/01\/pi--era-bolsonaro.jpg","width":900,"height":600,"caption":"Brazil's newly sworn-in President Jair Bolsonaro (C) greets Chile's President Sebastian Pinera (L), during his inauguration ceremony, at the Congress in Brasilia on January 1, 2019. Bolsonaro takes office with promises to radically change the path taken by Latin America's biggest country by trashing decades of centre-left policies. \/ AFP \/ NELSON ALMEIDA BRAZIL-INAUGURATION-BOLSONARO"},{"@type":"BreadcrumbList","@id":"https:\/\/www.pressenza.com\/es\/2019\/01\/lo-que-se-viene\/#breadcrumb","itemListElement":[{"@type":"ListItem","position":1,"name":"Accueil","item":"https:\/\/www.pressenza.com\/es\/"},{"@type":"ListItem","position":2,"name":"Lo que se viene"}]},{"@type":"WebSite","@id":"https:\/\/www.pressenza.com\/es\/#website","url":"https:\/\/www.pressenza.com\/es\/","name":"Pressenza","description":"International Press Agency","publisher":{"@id":"https:\/\/www.pressenza.com\/es\/#organization"},"potentialAction":[{"@type":"SearchAction","target":{"@type":"EntryPoint","urlTemplate":"https:\/\/www.pressenza.com\/es\/?s={search_term_string}"},"query-input":{"@type":"PropertyValueSpecification","valueRequired":true,"valueName":"search_term_string"}}],"inLanguage":"es"},{"@type":"Organization","@id":"https:\/\/www.pressenza.com\/es\/#organization","name":"Pressenza","url":"https:\/\/www.pressenza.com\/es\/","logo":{"@type":"ImageObject","inLanguage":"es","@id":"https:\/\/www.pressenza.com\/es\/#\/schema\/logo\/image\/","url":"https:\/\/www.pressenza.com\/wp-content\/uploads\/2022\/10\/pressenza_logo_200x200.jpg","contentUrl":"https:\/\/www.pressenza.com\/wp-content\/uploads\/2022\/10\/pressenza_logo_200x200.jpg","width":200,"height":200,"caption":"Pressenza"},"image":{"@id":"https:\/\/www.pressenza.com\/es\/#\/schema\/logo\/image\/"},"sameAs":["https:\/\/www.facebook.com\/PressenzaItalia","https:\/\/x.com\/PressenzaIPA"]},{"@type":"Person","@id":"https:\/\/www.pressenza.com\/es\/#\/schema\/person\/f997ea76500c802de8beb920d3db5a96","name":"Rodolfo Schmal","description":"Rodolfo Schmal Simon es Ingeniero Civil Industrial de la Universidad de Chile y Magister en Inform\u00e1tica de la Universidad Polit\u00e9cnica de Madrid-Espa\u00f1a. Ha sido profesor de las Universidades de Chile, del Norte, de Tarapac\u00e1 y de Talca; socio de las empresas inform\u00e1ticas PRODAT y ALEPH; Director de ZOFRI S.A.; Secretario y Tesorero de la Asociaci\u00f3n de Acad\u00e9micos de la Universidad de Talca. Es autor de textos docentes y art\u00edculos en revistas acad\u00e9micas nacionales e internacionales indexadas. Reside en Talca, Chile.","url":"https:\/\/www.pressenza.com\/es\/author\/rodolfo-schmal\/"}]}},"place":"Talca, Chile","original_article_url":"","_links":{"self":[{"href":"https:\/\/www.pressenza.com\/es\/wp-json\/wp\/v2\/posts\/784221","targetHints":{"allow":["GET"]}}],"collection":[{"href":"https:\/\/www.pressenza.com\/es\/wp-json\/wp\/v2\/posts"}],"about":[{"href":"https:\/\/www.pressenza.com\/es\/wp-json\/wp\/v2\/types\/post"}],"author":[{"embeddable":true,"href":"https:\/\/www.pressenza.com\/es\/wp-json\/wp\/v2\/users\/1346"}],"replies":[{"embeddable":true,"href":"https:\/\/www.pressenza.com\/es\/wp-json\/wp\/v2\/comments?post=784221"}],"version-history":[{"count":0,"href":"https:\/\/www.pressenza.com\/es\/wp-json\/wp\/v2\/posts\/784221\/revisions"}],"wp:featuredmedia":[{"embeddable":true,"href":"https:\/\/www.pressenza.com\/es\/wp-json\/wp\/v2\/media\/784224"}],"wp:attachment":[{"href":"https:\/\/www.pressenza.com\/es\/wp-json\/wp\/v2\/media?parent=784221"}],"wp:term":[{"taxonomy":"category","embeddable":true,"href":"https:\/\/www.pressenza.com\/es\/wp-json\/wp\/v2\/categories?post=784221"},{"taxonomy":"post_tag","embeddable":true,"href":"https:\/\/www.pressenza.com\/es\/wp-json\/wp\/v2\/tags?post=784221"}],"curies":[{"name":"wp","href":"https:\/\/api.w.org\/{rel}","templated":true}]}}