{"id":783099,"date":"2019-01-01T19:14:14","date_gmt":"2019-01-01T19:14:14","guid":{"rendered":"https:\/\/www.pressenza.com\/?p=783099"},"modified":"2019-01-01T19:14:14","modified_gmt":"2019-01-01T19:14:14","slug":"tratados-como-basura-los-relatos-de-periodistas-brasilenos-en-el-cambio-de-mando-de-bolsonaro","status":"publish","type":"post","link":"https:\/\/www.pressenza.com\/es\/2019\/01\/tratados-como-basura-los-relatos-de-periodistas-brasilenos-en-el-cambio-de-mando-de-bolsonaro\/","title":{"rendered":"Tratados como basura: Los relatos de periodistas brasile\u00f1os en el cambio de mando de Bolsonaro"},"content":{"rendered":"<p>Por Victor Farinelli<\/p>\n<p>Detr\u00e1s de las luces que alumbran la ceremonia de cambio de mando en Brasil se han registrado abusos y amenazas a los profesionales de prensa que trabajan en la cobertura del evento.<\/p>\n<p>No son pocos los relatos que hablan de un absurdo protocolo de restricciones que incluyen no poder acceder siquiera a los ba\u00f1os en determinados y bebederos, la prohibici\u00f3n de llevar alimentos propios y nada peligrosos (como una simple manzana), adem\u00e1s de la amenaza de disparar a los profesionales que no sigan algunas de las reglas. Una norma que jam\u00e1s se hab\u00eda visto en Brasilia desde el retorno de la democracia \u2013 es decir, terminada la dictadura militar brasile\u00f1a, que dur\u00f3 entre 1964 y 1985.<\/p>\n<p>Seg\u00fan el relato de la periodista Iara Lemos, del diario Destak, los grupo de periodistas acreditados para la cobertura son acompa\u00f1ados a todo momento por militares que los han revisado al menos dos veces y les quitaron todos los alimentos y bebidas que llevaron para consumir durante la jornada \u2013 la justificaci\u00f3n es impedir un atentado con una bomba contra el presidente.<\/p>\n<p>El caso m\u00e1s pintoresco en ese sentido lo cuenta Alfredo Benites, reportero del diario espa\u00f1ol El Pa\u00eds: \u201cante la situaci\u00f3n de que algunos de nosotros traen botellas con agua y frutas para consumo personal, los uniformados dicen que est\u00e1 prohibido y las confiscan, alguien insisti\u00f3 con que la manzana no era peligrosa y el jefe de seguridad pidi\u00f3 que la cortara para ver su interior, como nadie pose\u00eda un cuchillo (lo que tambi\u00e9n est\u00e1 prohibidos, aunque en ese caso es comprensible) no se pudo hacerlo, y el destino de las frutas fue el basurero\u201d.<\/p>\n<p>La periodista Amanda Audi, del website The Intercept Brasil (la versi\u00f3n brasile\u00f1a del medio creado por Glenn Greenwald, y tambi\u00e9n administrada por \u00e9l, desde que se asil\u00f3 en el pa\u00eds tras ser considerado persona non grata en su Estados Unidos natal) cuenta que no hay sillas ni mesas en los peque\u00f1os espacios dedicados a los profesionales de prensa que est\u00e1n en el Palacio del Planalto (sede del Ejecutivo). Pero lo peor, seg\u00fan ella, son las restricciones a la movilidad. No se puede ir al sector de ba\u00f1os y bebedero en el momento en que las autoridades est\u00e9n presentes en el Palacio de Planalto (un lapso de no menos 3 horas) y \u201chubo al menos dos amenazas verbales de que nos van a disparar si no cumplimos esta regla\u201d, versi\u00f3n que ha sido confirmada por otros profesionales presentes, como el fot\u00f3grafo Lula Marques.<\/p>\n<p>Tambi\u00e9n hay reclamos sobre la sala de prensa a los periodistas que est\u00e1n en el Congreso Nacional (donde se realiza parte de la ceremonia) no tiene ventanas, por lo que algunos periodistas extranjeros, de medios franceses y chinos, han reclamado por la prohibici\u00f3n de salir del local mientras haya presencia de autoridades del nuevo gobierno, y llegaron a pedir permiso para abandonar el edificio y por consiguiente la cobertura del evento.<\/p>\n<p>Horas despu\u00e9s de los primeros reclamos de los periodistas a trav\u00e9s de sus cuentas de twitter, la organizaci\u00f3n del evento llev\u00f3 una docena de botellas de agua y un par de termos con caf\u00e9 al sector en donde los periodistas estaban sentados en el suelo haciendo su trabajo. Sin embargo, la restricci\u00f3n de acceso a los ba\u00f1os sigui\u00f3 igual.<\/p>\n<p>Cabe recordar que Jair Bolsonaro es uno de los pol\u00edticos de la nueva ola de la extrema derecha mundial que sigue las ideas propagadas por el ex-banquero y estratega pol\u00edtico Steve Bannon, y al igual que el mandatario estadounidense Donald Trump ha elegido a una parte de la prensa (la que le critica) como una de las enemigas internas de su gobierno (quiz\u00e1s por recomendaci\u00f3n de Bannon, en ambos casos).<\/p>\n<p>Ejemplo de ello es que entre los seguidores de Bolsonaro presentes en Brasilia para prestigiar su asunci\u00f3n, muchos gritan \u201cGlobo basura\u201d cuando se acercan las c\u00e1maras y periodistas del canal que es el m\u00e1s poderoso en Brasil, pese a que Globo es un medio conocido por su conservadurismo y su defensa de las pol\u00edticas econ\u00f3micas neoliberales, por lo tanto en sinton\u00eda con las propuestas del nuevo presidente \u2013 incluyendo el fuerte apoyo que la emisora di\u00f3 a la dictadura militar en su momento, la misma que el ex-militar Bolsonaro no cansa de exaltar.<\/p>\n<p>Sin embargo, ese sentimiento anti Globo de los seguidores m\u00e1s fan\u00e1ticos del bolsonarismo parece darse por el acuerdo consolidado por el presidente en la recta final de la campa\u00f1a con la empresa de multimedios Record, ligada al poderoso grupo evang\u00e9lico del Edir Macedo, la Iglesia Universal del Reino de Di\u00f3s. Desde octubre, Record ha tenido todas las preferencias de entrevistas exclusivas desde entonces, convirti\u00e9ndose tambi\u00e9n en el medio que los grupos bolsonaristas recomiendan entre s\u00ed como el m\u00e1s fiel al mandatario.<\/p>\n<p>Cabe se\u00f1alar, que los periodistas que hoy han sido maltratados en Brasilia no son el columnista cuya opini\u00f3n no te gust\u00f3 o el presentador de telediario que usted considera sesgado. Esos son los obreros de la informaci\u00f3n, el tipo cuya pega es solamente ir all\u00e1 y registrar lo que pas\u00f3, es el trabajador de las comunicaciones que no opina nada, solamente relata, con texto, fotos o video. Castigarlos por su discordancia con cierto periodismo es lo mismo que si no te gusta Luksic y te descargas con el cajero del Banco de Chile.<\/p>\n<p>&nbsp;<\/p>\n","protected":false},"excerpt":{"rendered":"<p>Por Victor Farinelli Detr\u00e1s de las luces que alumbran la ceremonia de cambio de mando en Brasil se han registrado abusos y amenazas a los profesionales de prensa que trabajan en la cobertura del evento. No son pocos los relatos&hellip;<\/p>\n","protected":false},"author":1470,"featured_media":783110,"comment_status":"closed","ping_status":"closed","sticky":false,"template":"","format":"standard","meta":{"footnotes":""},"categories":[74,67],"tags":[51308,2749,53284,23485],"class_list":["post-783099","post","type-post","status-publish","format-standard","has-post-thumbnail","hentry","category-politica-es","category-sudamerica","tag-bolsonaro-es","tag-brasil-es","tag-cambio-de-mando","tag-periodistas"],"yoast_head":"<!-- This site is optimized with the Yoast SEO plugin v27.1.1 - https:\/\/yoast.com\/product\/yoast-seo-wordpress\/ -->\n<title>Tratados como basura: Los relatos de periodistas brasile\u00f1os en el cambio de mando de Bolsonaro<\/title>\n<meta name=\"description\" content=\"Por Victor Farinelli Detr\u00e1s de las luces que alumbran la ceremonia de cambio de mando en Brasil se han registrado abusos y amenazas a los profesionales de\" \/>\n<meta name=\"robots\" content=\"index, follow, max-snippet:-1, max-image-preview:large, max-video-preview:-1\" \/>\n<link rel=\"canonical\" href=\"https:\/\/www.pressenza.com\/es\/2019\/01\/tratados-como-basura-los-relatos-de-periodistas-brasilenos-en-el-cambio-de-mando-de-bolsonaro\/\" \/>\n<meta property=\"og:locale\" content=\"es_ES\" \/>\n<meta property=\"og:type\" content=\"article\" \/>\n<meta property=\"og:title\" content=\"Tratados como basura: Los relatos de periodistas brasile\u00f1os en el cambio de mando de Bolsonaro\" \/>\n<meta property=\"og:description\" content=\"Por Victor Farinelli Detr\u00e1s de las luces que alumbran la ceremonia de cambio de mando en Brasil se han registrado abusos y amenazas a los profesionales de\" \/>\n<meta property=\"og:url\" content=\"https:\/\/www.pressenza.com\/es\/2019\/01\/tratados-como-basura-los-relatos-de-periodistas-brasilenos-en-el-cambio-de-mando-de-bolsonaro\/\" \/>\n<meta property=\"og:site_name\" content=\"Pressenza\" \/>\n<meta property=\"article:publisher\" content=\"https:\/\/www.facebook.com\/PressenzaItalia\" \/>\n<meta property=\"article:published_time\" content=\"2019-01-01T19:14:14+00:00\" \/>\n<meta property=\"og:image\" content=\"https:\/\/www.pressenza.com\/wp-content\/uploads\/2019\/01\/bolso-2.jpg\" \/>\n\t<meta property=\"og:image:width\" content=\"750\" \/>\n\t<meta property=\"og:image:height\" content=\"422\" \/>\n\t<meta property=\"og:image:type\" content=\"image\/jpeg\" \/>\n<meta name=\"author\" content=\"El Desconcierto\" \/>\n<meta name=\"twitter:card\" content=\"summary_large_image\" \/>\n<meta name=\"twitter:creator\" content=\"@PressenzaIPA\" \/>\n<meta name=\"twitter:site\" content=\"@PressenzaIPA\" \/>\n<meta name=\"twitter:label1\" content=\"Escrito por\" \/>\n\t<meta name=\"twitter:data1\" content=\"El Desconcierto\" \/>\n\t<meta name=\"twitter:label2\" content=\"Tiempo de lectura\" \/>\n\t<meta name=\"twitter:data2\" content=\"5 minutos\" \/>\n<script type=\"application\/ld+json\" class=\"yoast-schema-graph\">{\"@context\":\"https:\/\/schema.org\",\"@graph\":[{\"@type\":\"Article\",\"@id\":\"https:\/\/www.pressenza.com\/es\/2019\/01\/tratados-como-basura-los-relatos-de-periodistas-brasilenos-en-el-cambio-de-mando-de-bolsonaro\/#article\",\"isPartOf\":{\"@id\":\"https:\/\/www.pressenza.com\/es\/2019\/01\/tratados-como-basura-los-relatos-de-periodistas-brasilenos-en-el-cambio-de-mando-de-bolsonaro\/\"},\"author\":{\"name\":\"El Desconcierto\",\"@id\":\"https:\/\/www.pressenza.com\/es\/#\/schema\/person\/d5cdd4d29826f1ed6d2d96525259c965\"},\"headline\":\"Tratados como basura: Los relatos de periodistas brasile\u00f1os en el cambio de mando de Bolsonaro\",\"datePublished\":\"2019-01-01T19:14:14+00:00\",\"mainEntityOfPage\":{\"@id\":\"https:\/\/www.pressenza.com\/es\/2019\/01\/tratados-como-basura-los-relatos-de-periodistas-brasilenos-en-el-cambio-de-mando-de-bolsonaro\/\"},\"wordCount\":951,\"publisher\":{\"@id\":\"https:\/\/www.pressenza.com\/es\/#organization\"},\"image\":{\"@id\":\"https:\/\/www.pressenza.com\/es\/2019\/01\/tratados-como-basura-los-relatos-de-periodistas-brasilenos-en-el-cambio-de-mando-de-bolsonaro\/#primaryimage\"},\"thumbnailUrl\":\"https:\/\/www.pressenza.com\/wp-content\/uploads\/2019\/01\/bolso-2.jpg\",\"keywords\":[\"Bolsonaro\",\"Brasil\",\"cambio de mando\",\"periodistas\"],\"articleSection\":[\"Pol\u00edtica\",\"Sudam\u00e9rica\"],\"inLanguage\":\"es\"},{\"@type\":\"WebPage\",\"@id\":\"https:\/\/www.pressenza.com\/es\/2019\/01\/tratados-como-basura-los-relatos-de-periodistas-brasilenos-en-el-cambio-de-mando-de-bolsonaro\/\",\"url\":\"https:\/\/www.pressenza.com\/es\/2019\/01\/tratados-como-basura-los-relatos-de-periodistas-brasilenos-en-el-cambio-de-mando-de-bolsonaro\/\",\"name\":\"Tratados como basura: Los relatos de periodistas brasile\u00f1os en el cambio de mando de Bolsonaro\",\"isPartOf\":{\"@id\":\"https:\/\/www.pressenza.com\/es\/#website\"},\"primaryImageOfPage\":{\"@id\":\"https:\/\/www.pressenza.com\/es\/2019\/01\/tratados-como-basura-los-relatos-de-periodistas-brasilenos-en-el-cambio-de-mando-de-bolsonaro\/#primaryimage\"},\"image\":{\"@id\":\"https:\/\/www.pressenza.com\/es\/2019\/01\/tratados-como-basura-los-relatos-de-periodistas-brasilenos-en-el-cambio-de-mando-de-bolsonaro\/#primaryimage\"},\"thumbnailUrl\":\"https:\/\/www.pressenza.com\/wp-content\/uploads\/2019\/01\/bolso-2.jpg\",\"datePublished\":\"2019-01-01T19:14:14+00:00\",\"description\":\"Por Victor Farinelli Detr\u00e1s de las luces que alumbran la ceremonia de cambio de mando en Brasil se han registrado abusos y amenazas a los profesionales de\",\"breadcrumb\":{\"@id\":\"https:\/\/www.pressenza.com\/es\/2019\/01\/tratados-como-basura-los-relatos-de-periodistas-brasilenos-en-el-cambio-de-mando-de-bolsonaro\/#breadcrumb\"},\"inLanguage\":\"es\",\"potentialAction\":[{\"@type\":\"ReadAction\",\"target\":[\"https:\/\/www.pressenza.com\/es\/2019\/01\/tratados-como-basura-los-relatos-de-periodistas-brasilenos-en-el-cambio-de-mando-de-bolsonaro\/\"]}]},{\"@type\":\"ImageObject\",\"inLanguage\":\"es\",\"@id\":\"https:\/\/www.pressenza.com\/es\/2019\/01\/tratados-como-basura-los-relatos-de-periodistas-brasilenos-en-el-cambio-de-mando-de-bolsonaro\/#primaryimage\",\"url\":\"https:\/\/www.pressenza.com\/wp-content\/uploads\/2019\/01\/bolso-2.jpg\",\"contentUrl\":\"https:\/\/www.pressenza.com\/wp-content\/uploads\/2019\/01\/bolso-2.jpg\",\"width\":750,\"height\":422},{\"@type\":\"BreadcrumbList\",\"@id\":\"https:\/\/www.pressenza.com\/es\/2019\/01\/tratados-como-basura-los-relatos-de-periodistas-brasilenos-en-el-cambio-de-mando-de-bolsonaro\/#breadcrumb\",\"itemListElement\":[{\"@type\":\"ListItem\",\"position\":1,\"name\":\"Accueil\",\"item\":\"https:\/\/www.pressenza.com\/es\/\"},{\"@type\":\"ListItem\",\"position\":2,\"name\":\"Tratados como basura: Los relatos de periodistas brasile\u00f1os en el cambio de mando de Bolsonaro\"}]},{\"@type\":\"WebSite\",\"@id\":\"https:\/\/www.pressenza.com\/es\/#website\",\"url\":\"https:\/\/www.pressenza.com\/es\/\",\"name\":\"Pressenza\",\"description\":\"International Press Agency\",\"publisher\":{\"@id\":\"https:\/\/www.pressenza.com\/es\/#organization\"},\"potentialAction\":[{\"@type\":\"SearchAction\",\"target\":{\"@type\":\"EntryPoint\",\"urlTemplate\":\"https:\/\/www.pressenza.com\/es\/?s={search_term_string}\"},\"query-input\":{\"@type\":\"PropertyValueSpecification\",\"valueRequired\":true,\"valueName\":\"search_term_string\"}}],\"inLanguage\":\"es\"},{\"@type\":\"Organization\",\"@id\":\"https:\/\/www.pressenza.com\/es\/#organization\",\"name\":\"Pressenza\",\"url\":\"https:\/\/www.pressenza.com\/es\/\",\"logo\":{\"@type\":\"ImageObject\",\"inLanguage\":\"es\",\"@id\":\"https:\/\/www.pressenza.com\/es\/#\/schema\/logo\/image\/\",\"url\":\"https:\/\/www.pressenza.com\/wp-content\/uploads\/2022\/10\/pressenza_logo_200x200.jpg\",\"contentUrl\":\"https:\/\/www.pressenza.com\/wp-content\/uploads\/2022\/10\/pressenza_logo_200x200.jpg\",\"width\":200,\"height\":200,\"caption\":\"Pressenza\"},\"image\":{\"@id\":\"https:\/\/www.pressenza.com\/es\/#\/schema\/logo\/image\/\"},\"sameAs\":[\"https:\/\/www.facebook.com\/PressenzaItalia\",\"https:\/\/x.com\/PressenzaIPA\"]},{\"@type\":\"Person\",\"@id\":\"https:\/\/www.pressenza.com\/es\/#\/schema\/person\/d5cdd4d29826f1ed6d2d96525259c965\",\"name\":\"El Desconcierto\",\"description\":\"Somos un grupo de profesionales del \u00e1mbito de las ciencias sociales y la industria editorial, que nos reunimos a fines del 2011 con el objetivo de levantar un medio de comunicaci\u00f3n digital conectado con las principales tendencias transformadoras de la sociedad del siglo 21. Nuestros principales focos son las noticias sobre derechos sociales y medio ambiente; los debates de pol\u00edtica, educaci\u00f3n, g\u00e9nero y diversidad sexual; los temas de cultura, transparencia y pueblos originarios. Desarrollamos un periodismo riguroso orientado a personas que valoran contenidos que les permitan reflexionar y descubrir nuevos horizontes de pensamiento, vinculados al fortalecimiento de la democracia participativa, la sustentabilidad y el buen vivir en el planeta. Para hacer sostenible este medio de comunicaci\u00f3n pluralista e independiente hemos lanzado la campa\u00f1a \u2018Hazte Socio\u2019 cuya finalidad es co-crear una comunidad de lectores\/as m\u00e1s cr\u00edtica y propositiva que desea participar colaborativamente en la construcci\u00f3n de un mundo mejor. El periodismo independiente y sin censura en Chile es necesario para todas y todos.\",\"sameAs\":[\"http:\/\/www.eldesconcierto.cl\/\"],\"url\":\"https:\/\/www.pressenza.com\/es\/author\/el-desconcierto\/\"}]}<\/script>\n<!-- \/ Yoast SEO plugin. -->","yoast_head_json":{"title":"Tratados como basura: Los relatos de periodistas brasile\u00f1os en el cambio de mando de Bolsonaro","description":"Por Victor Farinelli Detr\u00e1s de las luces que alumbran la ceremonia de cambio de mando en Brasil se han registrado abusos y amenazas a los profesionales de","robots":{"index":"index","follow":"follow","max-snippet":"max-snippet:-1","max-image-preview":"max-image-preview:large","max-video-preview":"max-video-preview:-1"},"canonical":"https:\/\/www.pressenza.com\/es\/2019\/01\/tratados-como-basura-los-relatos-de-periodistas-brasilenos-en-el-cambio-de-mando-de-bolsonaro\/","og_locale":"es_ES","og_type":"article","og_title":"Tratados como basura: Los relatos de periodistas brasile\u00f1os en el cambio de mando de Bolsonaro","og_description":"Por Victor Farinelli Detr\u00e1s de las luces que alumbran la ceremonia de cambio de mando en Brasil se han registrado abusos y amenazas a los profesionales de","og_url":"https:\/\/www.pressenza.com\/es\/2019\/01\/tratados-como-basura-los-relatos-de-periodistas-brasilenos-en-el-cambio-de-mando-de-bolsonaro\/","og_site_name":"Pressenza","article_publisher":"https:\/\/www.facebook.com\/PressenzaItalia","article_published_time":"2019-01-01T19:14:14+00:00","og_image":[{"width":750,"height":422,"url":"https:\/\/www.pressenza.com\/wp-content\/uploads\/2019\/01\/bolso-2.jpg","type":"image\/jpeg"}],"author":"El Desconcierto","twitter_card":"summary_large_image","twitter_creator":"@PressenzaIPA","twitter_site":"@PressenzaIPA","twitter_misc":{"Escrito por":"El Desconcierto","Tiempo de lectura":"5 minutos"},"schema":{"@context":"https:\/\/schema.org","@graph":[{"@type":"Article","@id":"https:\/\/www.pressenza.com\/es\/2019\/01\/tratados-como-basura-los-relatos-de-periodistas-brasilenos-en-el-cambio-de-mando-de-bolsonaro\/#article","isPartOf":{"@id":"https:\/\/www.pressenza.com\/es\/2019\/01\/tratados-como-basura-los-relatos-de-periodistas-brasilenos-en-el-cambio-de-mando-de-bolsonaro\/"},"author":{"name":"El Desconcierto","@id":"https:\/\/www.pressenza.com\/es\/#\/schema\/person\/d5cdd4d29826f1ed6d2d96525259c965"},"headline":"Tratados como basura: Los relatos de periodistas brasile\u00f1os en el cambio de mando de Bolsonaro","datePublished":"2019-01-01T19:14:14+00:00","mainEntityOfPage":{"@id":"https:\/\/www.pressenza.com\/es\/2019\/01\/tratados-como-basura-los-relatos-de-periodistas-brasilenos-en-el-cambio-de-mando-de-bolsonaro\/"},"wordCount":951,"publisher":{"@id":"https:\/\/www.pressenza.com\/es\/#organization"},"image":{"@id":"https:\/\/www.pressenza.com\/es\/2019\/01\/tratados-como-basura-los-relatos-de-periodistas-brasilenos-en-el-cambio-de-mando-de-bolsonaro\/#primaryimage"},"thumbnailUrl":"https:\/\/www.pressenza.com\/wp-content\/uploads\/2019\/01\/bolso-2.jpg","keywords":["Bolsonaro","Brasil","cambio de mando","periodistas"],"articleSection":["Pol\u00edtica","Sudam\u00e9rica"],"inLanguage":"es"},{"@type":"WebPage","@id":"https:\/\/www.pressenza.com\/es\/2019\/01\/tratados-como-basura-los-relatos-de-periodistas-brasilenos-en-el-cambio-de-mando-de-bolsonaro\/","url":"https:\/\/www.pressenza.com\/es\/2019\/01\/tratados-como-basura-los-relatos-de-periodistas-brasilenos-en-el-cambio-de-mando-de-bolsonaro\/","name":"Tratados como basura: Los relatos de periodistas brasile\u00f1os en el cambio de mando de Bolsonaro","isPartOf":{"@id":"https:\/\/www.pressenza.com\/es\/#website"},"primaryImageOfPage":{"@id":"https:\/\/www.pressenza.com\/es\/2019\/01\/tratados-como-basura-los-relatos-de-periodistas-brasilenos-en-el-cambio-de-mando-de-bolsonaro\/#primaryimage"},"image":{"@id":"https:\/\/www.pressenza.com\/es\/2019\/01\/tratados-como-basura-los-relatos-de-periodistas-brasilenos-en-el-cambio-de-mando-de-bolsonaro\/#primaryimage"},"thumbnailUrl":"https:\/\/www.pressenza.com\/wp-content\/uploads\/2019\/01\/bolso-2.jpg","datePublished":"2019-01-01T19:14:14+00:00","description":"Por Victor Farinelli Detr\u00e1s de las luces que alumbran la ceremonia de cambio de mando en Brasil se han registrado abusos y amenazas a los profesionales de","breadcrumb":{"@id":"https:\/\/www.pressenza.com\/es\/2019\/01\/tratados-como-basura-los-relatos-de-periodistas-brasilenos-en-el-cambio-de-mando-de-bolsonaro\/#breadcrumb"},"inLanguage":"es","potentialAction":[{"@type":"ReadAction","target":["https:\/\/www.pressenza.com\/es\/2019\/01\/tratados-como-basura-los-relatos-de-periodistas-brasilenos-en-el-cambio-de-mando-de-bolsonaro\/"]}]},{"@type":"ImageObject","inLanguage":"es","@id":"https:\/\/www.pressenza.com\/es\/2019\/01\/tratados-como-basura-los-relatos-de-periodistas-brasilenos-en-el-cambio-de-mando-de-bolsonaro\/#primaryimage","url":"https:\/\/www.pressenza.com\/wp-content\/uploads\/2019\/01\/bolso-2.jpg","contentUrl":"https:\/\/www.pressenza.com\/wp-content\/uploads\/2019\/01\/bolso-2.jpg","width":750,"height":422},{"@type":"BreadcrumbList","@id":"https:\/\/www.pressenza.com\/es\/2019\/01\/tratados-como-basura-los-relatos-de-periodistas-brasilenos-en-el-cambio-de-mando-de-bolsonaro\/#breadcrumb","itemListElement":[{"@type":"ListItem","position":1,"name":"Accueil","item":"https:\/\/www.pressenza.com\/es\/"},{"@type":"ListItem","position":2,"name":"Tratados como basura: Los relatos de periodistas brasile\u00f1os en el cambio de mando de Bolsonaro"}]},{"@type":"WebSite","@id":"https:\/\/www.pressenza.com\/es\/#website","url":"https:\/\/www.pressenza.com\/es\/","name":"Pressenza","description":"International Press Agency","publisher":{"@id":"https:\/\/www.pressenza.com\/es\/#organization"},"potentialAction":[{"@type":"SearchAction","target":{"@type":"EntryPoint","urlTemplate":"https:\/\/www.pressenza.com\/es\/?s={search_term_string}"},"query-input":{"@type":"PropertyValueSpecification","valueRequired":true,"valueName":"search_term_string"}}],"inLanguage":"es"},{"@type":"Organization","@id":"https:\/\/www.pressenza.com\/es\/#organization","name":"Pressenza","url":"https:\/\/www.pressenza.com\/es\/","logo":{"@type":"ImageObject","inLanguage":"es","@id":"https:\/\/www.pressenza.com\/es\/#\/schema\/logo\/image\/","url":"https:\/\/www.pressenza.com\/wp-content\/uploads\/2022\/10\/pressenza_logo_200x200.jpg","contentUrl":"https:\/\/www.pressenza.com\/wp-content\/uploads\/2022\/10\/pressenza_logo_200x200.jpg","width":200,"height":200,"caption":"Pressenza"},"image":{"@id":"https:\/\/www.pressenza.com\/es\/#\/schema\/logo\/image\/"},"sameAs":["https:\/\/www.facebook.com\/PressenzaItalia","https:\/\/x.com\/PressenzaIPA"]},{"@type":"Person","@id":"https:\/\/www.pressenza.com\/es\/#\/schema\/person\/d5cdd4d29826f1ed6d2d96525259c965","name":"El Desconcierto","description":"Somos un grupo de profesionales del \u00e1mbito de las ciencias sociales y la industria editorial, que nos reunimos a fines del 2011 con el objetivo de levantar un medio de comunicaci\u00f3n digital conectado con las principales tendencias transformadoras de la sociedad del siglo 21. Nuestros principales focos son las noticias sobre derechos sociales y medio ambiente; los debates de pol\u00edtica, educaci\u00f3n, g\u00e9nero y diversidad sexual; los temas de cultura, transparencia y pueblos originarios. Desarrollamos un periodismo riguroso orientado a personas que valoran contenidos que les permitan reflexionar y descubrir nuevos horizontes de pensamiento, vinculados al fortalecimiento de la democracia participativa, la sustentabilidad y el buen vivir en el planeta. Para hacer sostenible este medio de comunicaci\u00f3n pluralista e independiente hemos lanzado la campa\u00f1a \u2018Hazte Socio\u2019 cuya finalidad es co-crear una comunidad de lectores\/as m\u00e1s cr\u00edtica y propositiva que desea participar colaborativamente en la construcci\u00f3n de un mundo mejor. El periodismo independiente y sin censura en Chile es necesario para todas y todos.","sameAs":["http:\/\/www.eldesconcierto.cl\/"],"url":"https:\/\/www.pressenza.com\/es\/author\/el-desconcierto\/"}]}},"place":"Santiago de Chile","original_article_url":"http:\/\/www.eldesconcierto.cl\/2019\/01\/01\/tratados-como-basura-los-relatos-de-periodistas-brasilenos-en-el-cambio-de-mando-de-bolsonaro\/","_links":{"self":[{"href":"https:\/\/www.pressenza.com\/es\/wp-json\/wp\/v2\/posts\/783099","targetHints":{"allow":["GET"]}}],"collection":[{"href":"https:\/\/www.pressenza.com\/es\/wp-json\/wp\/v2\/posts"}],"about":[{"href":"https:\/\/www.pressenza.com\/es\/wp-json\/wp\/v2\/types\/post"}],"author":[{"embeddable":true,"href":"https:\/\/www.pressenza.com\/es\/wp-json\/wp\/v2\/users\/1470"}],"replies":[{"embeddable":true,"href":"https:\/\/www.pressenza.com\/es\/wp-json\/wp\/v2\/comments?post=783099"}],"version-history":[{"count":0,"href":"https:\/\/www.pressenza.com\/es\/wp-json\/wp\/v2\/posts\/783099\/revisions"}],"wp:featuredmedia":[{"embeddable":true,"href":"https:\/\/www.pressenza.com\/es\/wp-json\/wp\/v2\/media\/783110"}],"wp:attachment":[{"href":"https:\/\/www.pressenza.com\/es\/wp-json\/wp\/v2\/media?parent=783099"}],"wp:term":[{"taxonomy":"category","embeddable":true,"href":"https:\/\/www.pressenza.com\/es\/wp-json\/wp\/v2\/categories?post=783099"},{"taxonomy":"post_tag","embeddable":true,"href":"https:\/\/www.pressenza.com\/es\/wp-json\/wp\/v2\/tags?post=783099"}],"curies":[{"name":"wp","href":"https:\/\/api.w.org\/{rel}","templated":true}]}}