{"id":782429,"date":"2018-12-31T00:29:24","date_gmt":"2018-12-31T00:29:24","guid":{"rendered":"https:\/\/www.pressenza.com\/?p=782429"},"modified":"2018-12-31T00:29:24","modified_gmt":"2018-12-31T00:29:24","slug":"alemania-reconocera-a-partir-de-2019-un-tercer-genero-en-actas-de-nacimiento","status":"publish","type":"post","link":"https:\/\/www.pressenza.com\/es\/2018\/12\/alemania-reconocera-a-partir-de-2019-un-tercer-genero-en-actas-de-nacimiento\/","title":{"rendered":"Alemania reconocer\u00e1 a partir de 2019 un tercer g\u00e9nero en actas de nacimiento"},"content":{"rendered":"<p><em>La medida evitar\u00e1 que beb\u00e9s nacidos con variaciones en sus caracter\u00edsticas sexuales sean sometidos a cirug\u00edas<\/em><\/p>\n<p>Alemania ser\u00e1 el primer pa\u00eds de la Uni\u00f3n Europea en admitir el \u201ctercer g\u00e9nero\u201d en los certificados de nacimiento de los infantes que nazcan como intersexos a partir del primero de enero del a\u00f1o 2019.<\/p>\n<p>La medida busca evitar que como hasta ahora, los beb\u00e9s con variaciones en sus caracter\u00edsticas sexuales sean \u00a0sometidos a cirug\u00edas, para que puedan encajar en la apariencia de una persona de g\u00e9nero masculino o femenino.<\/p>\n<p>Habitualmente, las mujeres tienen dos cromosomas \u00a0X \u00a0y marcan \u201cfemenino\u201d en el casillero que las identifica. Por su parte, los varones tienen un cromosoma X y otro Y, por lo que marcan \u201cmasculino\u201d. Entonces, \u00bfEn qu\u00e9 categor\u00eda deber\u00edan identificarse las personas que posean solamente el cromosoma X? \u00a0Antes de la aplicaci\u00f3n de la ley, los casos como ese, en Alemania quedaba en blanco. Ahora a partir del primero de enero contar\u00e1n con la opci\u00f3n \u201cdiverso\u201d.<\/p>\n<div id=\"attachment_581710\" class=\"wp-caption aligncenter\"><img loading=\"lazy\" decoding=\"async\" class=\"size-full wp-image-581710 jetpack-lazy-image jetpack-lazy-image--handled\" src=\"https:\/\/i1.wp.com\/www.elciudadano.cl\/wp-content\/uploads\/2018\/12\/alemania-intersexualidad-1.jpg?resize=656%2C400&amp;ssl=1\" sizes=\"auto, (max-width: 656px) 100vw, 656px\" srcset=\"https:\/\/i1.wp.com\/www.elciudadano.cl\/wp-content\/uploads\/2018\/12\/alemania-intersexualidad-1.jpg?w=656&amp;ssl=1 656w, https:\/\/i1.wp.com\/www.elciudadano.cl\/wp-content\/uploads\/2018\/12\/alemania-intersexualidad-1.jpg?resize=479%2C292&amp;ssl=1 479w, https:\/\/i1.wp.com\/www.elciudadano.cl\/wp-content\/uploads\/2018\/12\/alemania-intersexualidad-1.jpg?resize=600%2C366&amp;ssl=1 600w\" alt=\"A partir de enero de 2019, Alemania ser\u00e1 el primer pa\u00eds de la UE en reconocer el tercer g\u00e9nero en actas de nacimiento\" width=\"656\" height=\"400\" data-recalc-dims=\"1\" data-lazy-loaded=\"1\" \/><\/p>\n<p class=\"wp-caption-text\">FOTO: WEB<\/p>\n<\/div>\n<h1>Peque\u00f1a Revoluci\u00f3n<\/h1>\n<p>El debate se inici\u00f3 cuando un ciudadano mostr\u00f3 ante el tribunal un an\u00e1lisis gen\u00e9tico en el que solo hab\u00eda un cromosoma X. En virtud de ello la Corte Federal Constitucional emiti\u00f3 un fallo para permitirles a las personas \u00a0identificarse en documentos oficiales con una categor\u00eda diferente a las tradicionales de \u201cfemenino\u201d y \u201cmasculino\u201d.<\/p>\n<p>La sentencia permiti\u00f3 materializar, \u00a0a mediados de agosto, la existencia de una tercera definici\u00f3n de g\u00e9nero, el cual \u00a0fue nombrado \u201cdiverso\u201d. Una conquista que algunos activistas alemanes califican como \u201cpeque\u00f1a revoluci\u00f3n\u201d. Y que concluy\u00f3 con la promulgaci\u00f3n de la ley los primeros d\u00edas del mes de diciembre de este 2018.<\/p>\n<div id=\"attachment_581712\" class=\"wp-caption aligncenter\"><img loading=\"lazy\" decoding=\"async\" class=\"size-full wp-image-581712 jetpack-lazy-image jetpack-lazy-image--handled\" src=\"https:\/\/i2.wp.com\/www.elciudadano.cl\/wp-content\/uploads\/2018\/12\/alemania-inter-1-2.jpg?resize=369%2C274&amp;ssl=1\" alt=\"A partir de enero de 2019, Alemania ser\u00e1 el primer pa\u00eds de la UE en reconocer el tercer g\u00e9nero en actas de nacimiento\" width=\"369\" height=\"274\" data-recalc-dims=\"1\" data-lazy-loaded=\"1\" \/><\/p>\n<p class=\"wp-caption-text\">FOTO: WEB<\/p>\n<\/div>\n<h1>Intersexualidad<\/h1>\n<p>El Intersexual, es una persona que nace con la combinaci\u00f3n de caracter\u00edsticas biol\u00f3gicas masculinas y femeninas, que impiden\u00a0a los m\u00e9dicos la tarea de identificar el sexo distintivo al momento de su nacimiento.<\/p>\n<p>Es una variaci\u00f3n que sucede naturalmente en los seres humanos y no representa un problema de salud.\u00a0Es m\u00e1s com\u00fan de lo que se piensa.\u00a0Aunque es dif\u00edcil determinar cu\u00e1ntas personas son intersexuales, \u00a0se estima por ejemplo, \u00a0que 1 de cada 100 personas nacidas en los Estados Unidos lo son.<\/p>\n<p>Algunas personas intersexuales tienen sus \u00f3rganos sexuales internos o genitales ambiguos; por ejemplo, las personas que tienen tanto tejido ov\u00e1rico como testicular.\u00a0Otras tienen una combinaci\u00f3n cromos\u00f3mica que no es XY (masculina) y XX (femenina); por ejemplo, XXY.\u00a0Mientras que otras \u00a0nacen con genitales que aparentan ser totalmente masculinos o femeninos, pero sus \u00f3rganos internos o las hormonas que segregan durante la pubertad no coinciden.<\/p>\n<div id=\"quads-ad2\" class=\"quads-location quads-ad2\">\n<div id=\"div-gpt-ad-1535121759231-0\" class=\"ads_grumft_desk\" data-google-query-id=\"CKTVgonnyN8CFYcQPwodI3IHhw\">\n<div id=\"google_ads_iframe_\/30128925\/728x90_1_0__container__\">\n<div id=\"attachment_581713\" class=\"wp-caption aligncenter\"><img loading=\"lazy\" decoding=\"async\" class=\"size-large wp-image-581713 jetpack-lazy-image jetpack-lazy-image--handled\" src=\"https:\/\/i2.wp.com\/www.elciudadano.cl\/wp-content\/uploads\/2018\/12\/alemania-inter-2.jpg?resize=750%2C394&amp;ssl=1\" sizes=\"auto, (max-width: 750px) 100vw, 750px\" srcset=\"https:\/\/i2.wp.com\/www.elciudadano.cl\/wp-content\/uploads\/2018\/12\/alemania-inter-2.jpg?resize=750%2C394&amp;ssl=1 750w, https:\/\/i2.wp.com\/www.elciudadano.cl\/wp-content\/uploads\/2018\/12\/alemania-inter-2.jpg?resize=556%2C292&amp;ssl=1 556w, https:\/\/i2.wp.com\/www.elciudadano.cl\/wp-content\/uploads\/2018\/12\/alemania-inter-2.jpg?resize=600%2C315&amp;ssl=1 600w, https:\/\/i2.wp.com\/www.elciudadano.cl\/wp-content\/uploads\/2018\/12\/alemania-inter-2.jpg?w=800&amp;ssl=1 800w\" alt=\"A partir de enero de 2019, Alemania ser\u00e1 el primer pa\u00eds de la UE en reconocer el tercer g\u00e9nero en actas de nacimiento\" width=\"750\" height=\"394\" data-recalc-dims=\"1\" data-lazy-loaded=\"1\" \/><\/p>\n<p class=\"wp-caption-text\">FOTO: WEB<\/p>\n<\/div>\n<h1>Aumenta la Conciencia<\/h1>\n<p>Cada vez hay m\u00e1s conciencia de la condici\u00f3n intersexual.\u00a0En el pasado, cuando nac\u00eda un beb\u00e9 intersexual, la familia decid\u00eda su g\u00e9nero y lo criaban como tal.<\/p>\n<p>Era habitual que se practicara una cirug\u00eda en los genitales y que se administraran hormonas masculinas o femeninas cuando llegara la pubertad.\u00a0Pero, est\u00e1 pr\u00e1ctica tra\u00eda consecuencias adversas, debido a que algunas veces, \u00a0el g\u00e9nero elegido no coincid\u00eda con la identidad de la persona al llegar a la juventud.<\/p>\n<div id=\"attachment_581714\" class=\"wp-caption aligncenter\"><img loading=\"lazy\" decoding=\"async\" class=\"size-full wp-image-581714 jetpack-lazy-image jetpack-lazy-image--handled\" src=\"https:\/\/i1.wp.com\/www.elciudadano.cl\/wp-content\/uploads\/2018\/12\/Alemania-inter-3.jpg?resize=268%2C188&amp;ssl=1\" alt=\"A partir de enero de 2019, Alemania ser\u00e1 el primer pa\u00eds de la UE en reconocer el tercer g\u00e9nero en actas de nacimiento\" width=\"268\" height=\"188\" data-recalc-dims=\"1\" data-lazy-loaded=\"1\" \/><\/p>\n<p class=\"wp-caption-text\">FOTO: WEB<\/p>\n<\/div>\n<p>Actualmente, cada vez m\u00e1s familias posponen las intervenciones hasta que la persona \u00a0intersexual sea lo suficientemente madura para decidir con qu\u00e9 g\u00e9nero se siente identificado y qu\u00e9 tipo de tratamiento quiere seguir.<\/p>\n<\/div>\n<\/div>\n<\/div>\n","protected":false},"excerpt":{"rendered":"<p>La medida evitar\u00e1 que beb\u00e9s nacidos con variaciones en sus caracter\u00edsticas sexuales sean sometidos a cirug\u00edas Alemania ser\u00e1 el primer pa\u00eds de la Uni\u00f3n Europea en admitir el \u201ctercer g\u00e9nero\u201d en los certificados de nacimiento de los infantes que nazcan&hellip;<\/p>\n","protected":false},"author":616,"featured_media":782430,"comment_status":"closed","ping_status":"closed","sticky":false,"template":"","format":"standard","meta":{"footnotes":""},"categories":[1241,66],"tags":[5374,53239,53240,53241,53242,53243,9533],"class_list":["post-782429","post","type-post","status-publish","format-standard","has-post-thumbnail","hentry","category-diversidad","category-europa-es","tag-alemania","tag-diverso","tag-intersexo","tag-intersexualidad","tag-primer-pais","tag-tercer-genero","tag-ue-es"],"yoast_head":"<!-- This site is optimized with the Yoast SEO plugin v27.1.1 - https:\/\/yoast.com\/product\/yoast-seo-wordpress\/ -->\n<title>Alemania reconocer\u00e1 a partir de 2019 un tercer g\u00e9nero en actas de nacimiento<\/title>\n<meta name=\"description\" content=\"La medida evitar\u00e1 que beb\u00e9s nacidos con variaciones en sus caracter\u00edsticas sexuales sean sometidos a cirug\u00edas Alemania ser\u00e1 el primer pa\u00eds de la Uni\u00f3n\" \/>\n<meta name=\"robots\" content=\"index, follow, max-snippet:-1, max-image-preview:large, max-video-preview:-1\" \/>\n<link rel=\"canonical\" href=\"https:\/\/www.pressenza.com\/es\/2018\/12\/alemania-reconocera-a-partir-de-2019-un-tercer-genero-en-actas-de-nacimiento\/\" \/>\n<meta property=\"og:locale\" content=\"es_ES\" \/>\n<meta property=\"og:type\" content=\"article\" \/>\n<meta property=\"og:title\" content=\"Alemania reconocer\u00e1 a partir de 2019 un tercer g\u00e9nero en actas de nacimiento\" \/>\n<meta property=\"og:description\" content=\"La medida evitar\u00e1 que beb\u00e9s nacidos con variaciones en sus caracter\u00edsticas sexuales sean sometidos a cirug\u00edas Alemania ser\u00e1 el primer pa\u00eds de la Uni\u00f3n\" \/>\n<meta property=\"og:url\" content=\"https:\/\/www.pressenza.com\/es\/2018\/12\/alemania-reconocera-a-partir-de-2019-un-tercer-genero-en-actas-de-nacimiento\/\" \/>\n<meta property=\"og:site_name\" content=\"Pressenza\" \/>\n<meta property=\"article:publisher\" content=\"https:\/\/www.facebook.com\/PressenzaItalia\" \/>\n<meta property=\"article:published_time\" content=\"2018-12-31T00:29:24+00:00\" \/>\n<meta property=\"og:image\" content=\"https:\/\/www.pressenza.com\/wp-content\/uploads\/2018\/12\/Alemania-inter-1.jpg\" \/>\n\t<meta property=\"og:image:width\" content=\"759\" \/>\n\t<meta property=\"og:image:height\" content=\"500\" \/>\n\t<meta property=\"og:image:type\" content=\"image\/jpeg\" \/>\n<meta name=\"author\" content=\"El Ciudadano\" \/>\n<meta name=\"twitter:card\" content=\"summary_large_image\" \/>\n<meta name=\"twitter:creator\" content=\"@PressenzaIPA\" \/>\n<meta name=\"twitter:site\" content=\"@PressenzaIPA\" \/>\n<meta name=\"twitter:label1\" content=\"Escrito por\" \/>\n\t<meta name=\"twitter:data1\" content=\"El Ciudadano\" \/>\n\t<meta name=\"twitter:label2\" content=\"Tiempo de lectura\" \/>\n\t<meta name=\"twitter:data2\" content=\"3 minutos\" \/>\n<script type=\"application\/ld+json\" class=\"yoast-schema-graph\">{\"@context\":\"https:\/\/schema.org\",\"@graph\":[{\"@type\":\"Article\",\"@id\":\"https:\/\/www.pressenza.com\/es\/2018\/12\/alemania-reconocera-a-partir-de-2019-un-tercer-genero-en-actas-de-nacimiento\/#article\",\"isPartOf\":{\"@id\":\"https:\/\/www.pressenza.com\/es\/2018\/12\/alemania-reconocera-a-partir-de-2019-un-tercer-genero-en-actas-de-nacimiento\/\"},\"author\":{\"name\":\"El Ciudadano\",\"@id\":\"https:\/\/www.pressenza.com\/es\/#\/schema\/person\/6522eecb4cd68e074b27e251e4b04ef8\"},\"headline\":\"Alemania reconocer\u00e1 a partir de 2019 un tercer g\u00e9nero en actas de nacimiento\",\"datePublished\":\"2018-12-31T00:29:24+00:00\",\"mainEntityOfPage\":{\"@id\":\"https:\/\/www.pressenza.com\/es\/2018\/12\/alemania-reconocera-a-partir-de-2019-un-tercer-genero-en-actas-de-nacimiento\/\"},\"wordCount\":595,\"publisher\":{\"@id\":\"https:\/\/www.pressenza.com\/es\/#organization\"},\"image\":{\"@id\":\"https:\/\/www.pressenza.com\/es\/2018\/12\/alemania-reconocera-a-partir-de-2019-un-tercer-genero-en-actas-de-nacimiento\/#primaryimage\"},\"thumbnailUrl\":\"https:\/\/www.pressenza.com\/wp-content\/uploads\/2018\/12\/Alemania-inter-1.jpg\",\"keywords\":[\"Alemania\",\"DIVERSO\",\"INTERSEXO\",\"INTERSEXUALIDAD\",\"PRIMER PA\u00cdS\",\"TERCER G\u00c9NERO\",\"UE\"],\"articleSection\":[\"Diversidad\",\"Europa\"],\"inLanguage\":\"es\"},{\"@type\":\"WebPage\",\"@id\":\"https:\/\/www.pressenza.com\/es\/2018\/12\/alemania-reconocera-a-partir-de-2019-un-tercer-genero-en-actas-de-nacimiento\/\",\"url\":\"https:\/\/www.pressenza.com\/es\/2018\/12\/alemania-reconocera-a-partir-de-2019-un-tercer-genero-en-actas-de-nacimiento\/\",\"name\":\"Alemania reconocer\u00e1 a partir de 2019 un tercer g\u00e9nero en actas de nacimiento\",\"isPartOf\":{\"@id\":\"https:\/\/www.pressenza.com\/es\/#website\"},\"primaryImageOfPage\":{\"@id\":\"https:\/\/www.pressenza.com\/es\/2018\/12\/alemania-reconocera-a-partir-de-2019-un-tercer-genero-en-actas-de-nacimiento\/#primaryimage\"},\"image\":{\"@id\":\"https:\/\/www.pressenza.com\/es\/2018\/12\/alemania-reconocera-a-partir-de-2019-un-tercer-genero-en-actas-de-nacimiento\/#primaryimage\"},\"thumbnailUrl\":\"https:\/\/www.pressenza.com\/wp-content\/uploads\/2018\/12\/Alemania-inter-1.jpg\",\"datePublished\":\"2018-12-31T00:29:24+00:00\",\"description\":\"La medida evitar\u00e1 que beb\u00e9s nacidos con variaciones en sus caracter\u00edsticas sexuales sean sometidos a cirug\u00edas Alemania ser\u00e1 el primer pa\u00eds de la Uni\u00f3n\",\"breadcrumb\":{\"@id\":\"https:\/\/www.pressenza.com\/es\/2018\/12\/alemania-reconocera-a-partir-de-2019-un-tercer-genero-en-actas-de-nacimiento\/#breadcrumb\"},\"inLanguage\":\"es\",\"potentialAction\":[{\"@type\":\"ReadAction\",\"target\":[\"https:\/\/www.pressenza.com\/es\/2018\/12\/alemania-reconocera-a-partir-de-2019-un-tercer-genero-en-actas-de-nacimiento\/\"]}]},{\"@type\":\"ImageObject\",\"inLanguage\":\"es\",\"@id\":\"https:\/\/www.pressenza.com\/es\/2018\/12\/alemania-reconocera-a-partir-de-2019-un-tercer-genero-en-actas-de-nacimiento\/#primaryimage\",\"url\":\"https:\/\/www.pressenza.com\/wp-content\/uploads\/2018\/12\/Alemania-inter-1.jpg\",\"contentUrl\":\"https:\/\/www.pressenza.com\/wp-content\/uploads\/2018\/12\/Alemania-inter-1.jpg\",\"width\":759,\"height\":500},{\"@type\":\"BreadcrumbList\",\"@id\":\"https:\/\/www.pressenza.com\/es\/2018\/12\/alemania-reconocera-a-partir-de-2019-un-tercer-genero-en-actas-de-nacimiento\/#breadcrumb\",\"itemListElement\":[{\"@type\":\"ListItem\",\"position\":1,\"name\":\"Accueil\",\"item\":\"https:\/\/www.pressenza.com\/es\/\"},{\"@type\":\"ListItem\",\"position\":2,\"name\":\"Alemania reconocer\u00e1 a partir de 2019 un tercer g\u00e9nero en actas de nacimiento\"}]},{\"@type\":\"WebSite\",\"@id\":\"https:\/\/www.pressenza.com\/es\/#website\",\"url\":\"https:\/\/www.pressenza.com\/es\/\",\"name\":\"Pressenza\",\"description\":\"International Press Agency\",\"publisher\":{\"@id\":\"https:\/\/www.pressenza.com\/es\/#organization\"},\"potentialAction\":[{\"@type\":\"SearchAction\",\"target\":{\"@type\":\"EntryPoint\",\"urlTemplate\":\"https:\/\/www.pressenza.com\/es\/?s={search_term_string}\"},\"query-input\":{\"@type\":\"PropertyValueSpecification\",\"valueRequired\":true,\"valueName\":\"search_term_string\"}}],\"inLanguage\":\"es\"},{\"@type\":\"Organization\",\"@id\":\"https:\/\/www.pressenza.com\/es\/#organization\",\"name\":\"Pressenza\",\"url\":\"https:\/\/www.pressenza.com\/es\/\",\"logo\":{\"@type\":\"ImageObject\",\"inLanguage\":\"es\",\"@id\":\"https:\/\/www.pressenza.com\/es\/#\/schema\/logo\/image\/\",\"url\":\"https:\/\/www.pressenza.com\/wp-content\/uploads\/2022\/10\/pressenza_logo_200x200.jpg\",\"contentUrl\":\"https:\/\/www.pressenza.com\/wp-content\/uploads\/2022\/10\/pressenza_logo_200x200.jpg\",\"width\":200,\"height\":200,\"caption\":\"Pressenza\"},\"image\":{\"@id\":\"https:\/\/www.pressenza.com\/es\/#\/schema\/logo\/image\/\"},\"sameAs\":[\"https:\/\/www.facebook.com\/PressenzaItalia\",\"https:\/\/x.com\/PressenzaIPA\"]},{\"@type\":\"Person\",\"@id\":\"https:\/\/www.pressenza.com\/es\/#\/schema\/person\/6522eecb4cd68e074b27e251e4b04ef8\",\"name\":\"El Ciudadano\",\"description\":\"El Ciudadano es un medio de comunicaci\u00f3n de circulaci\u00f3n mensual en papel y de funcionamiento diario en la web. Forma parte de la Red de Medios de los Pueblos por lo que se declara como un medio del Tercer Sector para romper el cerco informativo. El Ciudadano es una publicaci\u00f3n que busca elevar desde lo local a lo global las demandas de la organizaci\u00f3n social chilena como tambi\u00e9n promover la acci\u00f3n directa de la ciudadan\u00eda por su derecho a autodeterminaci\u00f3n. elciudadano.cl\",\"url\":\"https:\/\/www.pressenza.com\/es\/author\/el-ciudadano\/\"}]}<\/script>\n<!-- \/ Yoast SEO plugin. -->","yoast_head_json":{"title":"Alemania reconocer\u00e1 a partir de 2019 un tercer g\u00e9nero en actas de nacimiento","description":"La medida evitar\u00e1 que beb\u00e9s nacidos con variaciones en sus caracter\u00edsticas sexuales sean sometidos a cirug\u00edas Alemania ser\u00e1 el primer pa\u00eds de la Uni\u00f3n","robots":{"index":"index","follow":"follow","max-snippet":"max-snippet:-1","max-image-preview":"max-image-preview:large","max-video-preview":"max-video-preview:-1"},"canonical":"https:\/\/www.pressenza.com\/es\/2018\/12\/alemania-reconocera-a-partir-de-2019-un-tercer-genero-en-actas-de-nacimiento\/","og_locale":"es_ES","og_type":"article","og_title":"Alemania reconocer\u00e1 a partir de 2019 un tercer g\u00e9nero en actas de nacimiento","og_description":"La medida evitar\u00e1 que beb\u00e9s nacidos con variaciones en sus caracter\u00edsticas sexuales sean sometidos a cirug\u00edas Alemania ser\u00e1 el primer pa\u00eds de la Uni\u00f3n","og_url":"https:\/\/www.pressenza.com\/es\/2018\/12\/alemania-reconocera-a-partir-de-2019-un-tercer-genero-en-actas-de-nacimiento\/","og_site_name":"Pressenza","article_publisher":"https:\/\/www.facebook.com\/PressenzaItalia","article_published_time":"2018-12-31T00:29:24+00:00","og_image":[{"width":759,"height":500,"url":"https:\/\/www.pressenza.com\/wp-content\/uploads\/2018\/12\/Alemania-inter-1.jpg","type":"image\/jpeg"}],"author":"El Ciudadano","twitter_card":"summary_large_image","twitter_creator":"@PressenzaIPA","twitter_site":"@PressenzaIPA","twitter_misc":{"Escrito por":"El Ciudadano","Tiempo de lectura":"3 minutos"},"schema":{"@context":"https:\/\/schema.org","@graph":[{"@type":"Article","@id":"https:\/\/www.pressenza.com\/es\/2018\/12\/alemania-reconocera-a-partir-de-2019-un-tercer-genero-en-actas-de-nacimiento\/#article","isPartOf":{"@id":"https:\/\/www.pressenza.com\/es\/2018\/12\/alemania-reconocera-a-partir-de-2019-un-tercer-genero-en-actas-de-nacimiento\/"},"author":{"name":"El Ciudadano","@id":"https:\/\/www.pressenza.com\/es\/#\/schema\/person\/6522eecb4cd68e074b27e251e4b04ef8"},"headline":"Alemania reconocer\u00e1 a partir de 2019 un tercer g\u00e9nero en actas de nacimiento","datePublished":"2018-12-31T00:29:24+00:00","mainEntityOfPage":{"@id":"https:\/\/www.pressenza.com\/es\/2018\/12\/alemania-reconocera-a-partir-de-2019-un-tercer-genero-en-actas-de-nacimiento\/"},"wordCount":595,"publisher":{"@id":"https:\/\/www.pressenza.com\/es\/#organization"},"image":{"@id":"https:\/\/www.pressenza.com\/es\/2018\/12\/alemania-reconocera-a-partir-de-2019-un-tercer-genero-en-actas-de-nacimiento\/#primaryimage"},"thumbnailUrl":"https:\/\/www.pressenza.com\/wp-content\/uploads\/2018\/12\/Alemania-inter-1.jpg","keywords":["Alemania","DIVERSO","INTERSEXO","INTERSEXUALIDAD","PRIMER PA\u00cdS","TERCER G\u00c9NERO","UE"],"articleSection":["Diversidad","Europa"],"inLanguage":"es"},{"@type":"WebPage","@id":"https:\/\/www.pressenza.com\/es\/2018\/12\/alemania-reconocera-a-partir-de-2019-un-tercer-genero-en-actas-de-nacimiento\/","url":"https:\/\/www.pressenza.com\/es\/2018\/12\/alemania-reconocera-a-partir-de-2019-un-tercer-genero-en-actas-de-nacimiento\/","name":"Alemania reconocer\u00e1 a partir de 2019 un tercer g\u00e9nero en actas de nacimiento","isPartOf":{"@id":"https:\/\/www.pressenza.com\/es\/#website"},"primaryImageOfPage":{"@id":"https:\/\/www.pressenza.com\/es\/2018\/12\/alemania-reconocera-a-partir-de-2019-un-tercer-genero-en-actas-de-nacimiento\/#primaryimage"},"image":{"@id":"https:\/\/www.pressenza.com\/es\/2018\/12\/alemania-reconocera-a-partir-de-2019-un-tercer-genero-en-actas-de-nacimiento\/#primaryimage"},"thumbnailUrl":"https:\/\/www.pressenza.com\/wp-content\/uploads\/2018\/12\/Alemania-inter-1.jpg","datePublished":"2018-12-31T00:29:24+00:00","description":"La medida evitar\u00e1 que beb\u00e9s nacidos con variaciones en sus caracter\u00edsticas sexuales sean sometidos a cirug\u00edas Alemania ser\u00e1 el primer pa\u00eds de la Uni\u00f3n","breadcrumb":{"@id":"https:\/\/www.pressenza.com\/es\/2018\/12\/alemania-reconocera-a-partir-de-2019-un-tercer-genero-en-actas-de-nacimiento\/#breadcrumb"},"inLanguage":"es","potentialAction":[{"@type":"ReadAction","target":["https:\/\/www.pressenza.com\/es\/2018\/12\/alemania-reconocera-a-partir-de-2019-un-tercer-genero-en-actas-de-nacimiento\/"]}]},{"@type":"ImageObject","inLanguage":"es","@id":"https:\/\/www.pressenza.com\/es\/2018\/12\/alemania-reconocera-a-partir-de-2019-un-tercer-genero-en-actas-de-nacimiento\/#primaryimage","url":"https:\/\/www.pressenza.com\/wp-content\/uploads\/2018\/12\/Alemania-inter-1.jpg","contentUrl":"https:\/\/www.pressenza.com\/wp-content\/uploads\/2018\/12\/Alemania-inter-1.jpg","width":759,"height":500},{"@type":"BreadcrumbList","@id":"https:\/\/www.pressenza.com\/es\/2018\/12\/alemania-reconocera-a-partir-de-2019-un-tercer-genero-en-actas-de-nacimiento\/#breadcrumb","itemListElement":[{"@type":"ListItem","position":1,"name":"Accueil","item":"https:\/\/www.pressenza.com\/es\/"},{"@type":"ListItem","position":2,"name":"Alemania reconocer\u00e1 a partir de 2019 un tercer g\u00e9nero en actas de nacimiento"}]},{"@type":"WebSite","@id":"https:\/\/www.pressenza.com\/es\/#website","url":"https:\/\/www.pressenza.com\/es\/","name":"Pressenza","description":"International Press Agency","publisher":{"@id":"https:\/\/www.pressenza.com\/es\/#organization"},"potentialAction":[{"@type":"SearchAction","target":{"@type":"EntryPoint","urlTemplate":"https:\/\/www.pressenza.com\/es\/?s={search_term_string}"},"query-input":{"@type":"PropertyValueSpecification","valueRequired":true,"valueName":"search_term_string"}}],"inLanguage":"es"},{"@type":"Organization","@id":"https:\/\/www.pressenza.com\/es\/#organization","name":"Pressenza","url":"https:\/\/www.pressenza.com\/es\/","logo":{"@type":"ImageObject","inLanguage":"es","@id":"https:\/\/www.pressenza.com\/es\/#\/schema\/logo\/image\/","url":"https:\/\/www.pressenza.com\/wp-content\/uploads\/2022\/10\/pressenza_logo_200x200.jpg","contentUrl":"https:\/\/www.pressenza.com\/wp-content\/uploads\/2022\/10\/pressenza_logo_200x200.jpg","width":200,"height":200,"caption":"Pressenza"},"image":{"@id":"https:\/\/www.pressenza.com\/es\/#\/schema\/logo\/image\/"},"sameAs":["https:\/\/www.facebook.com\/PressenzaItalia","https:\/\/x.com\/PressenzaIPA"]},{"@type":"Person","@id":"https:\/\/www.pressenza.com\/es\/#\/schema\/person\/6522eecb4cd68e074b27e251e4b04ef8","name":"El Ciudadano","description":"El Ciudadano es un medio de comunicaci\u00f3n de circulaci\u00f3n mensual en papel y de funcionamiento diario en la web. Forma parte de la Red de Medios de los Pueblos por lo que se declara como un medio del Tercer Sector para romper el cerco informativo. El Ciudadano es una publicaci\u00f3n que busca elevar desde lo local a lo global las demandas de la organizaci\u00f3n social chilena como tambi\u00e9n promover la acci\u00f3n directa de la ciudadan\u00eda por su derecho a autodeterminaci\u00f3n. elciudadano.cl","url":"https:\/\/www.pressenza.com\/es\/author\/el-ciudadano\/"}]}},"place":"","original_article_url":"https:\/\/www.elciudadano.cl\/genero\/alemania-reconocera-a-partir-de-2019-un-tercer-genero-en-actas-de-nacimiento\/12\/30\/","_links":{"self":[{"href":"https:\/\/www.pressenza.com\/es\/wp-json\/wp\/v2\/posts\/782429","targetHints":{"allow":["GET"]}}],"collection":[{"href":"https:\/\/www.pressenza.com\/es\/wp-json\/wp\/v2\/posts"}],"about":[{"href":"https:\/\/www.pressenza.com\/es\/wp-json\/wp\/v2\/types\/post"}],"author":[{"embeddable":true,"href":"https:\/\/www.pressenza.com\/es\/wp-json\/wp\/v2\/users\/616"}],"replies":[{"embeddable":true,"href":"https:\/\/www.pressenza.com\/es\/wp-json\/wp\/v2\/comments?post=782429"}],"version-history":[{"count":0,"href":"https:\/\/www.pressenza.com\/es\/wp-json\/wp\/v2\/posts\/782429\/revisions"}],"wp:featuredmedia":[{"embeddable":true,"href":"https:\/\/www.pressenza.com\/es\/wp-json\/wp\/v2\/media\/782430"}],"wp:attachment":[{"href":"https:\/\/www.pressenza.com\/es\/wp-json\/wp\/v2\/media?parent=782429"}],"wp:term":[{"taxonomy":"category","embeddable":true,"href":"https:\/\/www.pressenza.com\/es\/wp-json\/wp\/v2\/categories?post=782429"},{"taxonomy":"post_tag","embeddable":true,"href":"https:\/\/www.pressenza.com\/es\/wp-json\/wp\/v2\/tags?post=782429"}],"curies":[{"name":"wp","href":"https:\/\/api.w.org\/{rel}","templated":true}]}}