{"id":781970,"date":"2018-12-29T17:08:37","date_gmt":"2018-12-29T17:08:37","guid":{"rendered":"https:\/\/www.pressenza.com\/?p=781970"},"modified":"2018-12-29T18:00:21","modified_gmt":"2018-12-29T18:00:21","slug":"781970","status":"publish","type":"post","link":"https:\/\/www.pressenza.com\/es\/2018\/12\/781970\/","title":{"rendered":"Milagro Sala fue trasladada a su casa de Cuyaya"},"content":{"rendered":"<p>Como ya hab\u00eda ocurrido en otras oportunidades, la l\u00edder social Milagro Sala fue avisada en la ma\u00f1ana de hoy que ser\u00eda trasladado a su casa para completar la prisi\u00f3n domiciliaria en las condiciones que fueron dictadas tanto por la Corte Interamericana de Derechos Humanos, como por la Corte Suprema de la Naci\u00f3n Argentina.<\/p>\n<p>El Poder Judicial juje\u00f1o se pone a derecho, al menos en este detalle, que no es anecd\u00f3tico, ya que Milagro Sala y Ra\u00fal Noro lamentaban estar en el edificio de la Tupac Amaru en El Carmen, donde pensaban inaugurar un centro de rehabilitaci\u00f3n, ya que se encuentra alejado del centro urbano, no cuenta con agua corriente y complica los posibles tratamientos m\u00e9dicos que pudieran necesitar seguir.<\/p>\n<p>Durante la ma\u00f1ana, Milagro Sala lleg\u00f3 a su residencia en el barrio Cuyaya de la capital de Jujuy.<\/p>\n<p><a href=\"https:\/\/www.facebook.com\/RadioHacheHM\/videos\/761713477507081\/\">https:\/\/www.facebook.com\/RadioHacheHM\/videos\/761713477507081\/<\/a><\/p>\n<p>Los atropellos sucesivos de los que ha sido v\u00edctima Milagro Sala y el resto de presos pol\u00edticas en la provincia que gobierna el contador Gerardo Morales, vieron una peque\u00f1a reversi\u00f3n esta semana. Primero con la absoluci\u00f3n de Alberto Cardozo y la propia Milagro de la causa conocida como \u00abBalacera de Azopardo\u00bb, en la cual se denunciaron torturas y extorsiones contra los implicados para obtener testimonios que inculparan a Sala y ahora con la orden de reemplazar la residencia en la que la dirigente social debe cumplir el arresto domiciliario.<\/p>\n<p>As\u00ed describi\u00f3 estas \u00abluces de esperanza\u00bb, Milagro Sala en una breve entrevista que ofreci\u00f3 a <a href=\"https:\/\/www.cynthiagarcia.com.ar\/\">La Garc\u00eda<\/a>.<\/p>\n<p><a href=\"https:\/\/www.facebook.com\/LaGarciaComunicacionPopular\/videos\/999405966927060\/\">https:\/\/www.facebook.com\/LaGarciaComunicacionPopular\/videos\/999405966927060\/<\/a><\/p>\n<p>Seg\u00fan lo estipulado por el Tribunal n\u00ba 3 se dejan atr\u00e1s las restricciones \u00abhechas a medida\u00bb por el juez Pablo Pullen Llermanos, art\u00edfice de los artilugios para quebrar la voluntad de la l\u00edder de la Tupac Amaru. Para las juezas solo se considerar\u00e1 herramienta del control legal de la justicia una pulsera electr\u00f3nica.<\/p>\n<p>Recordemos que Sala fue detenida el 16 de enero, a pocas semanas de asumido en el cargo de gobernador, Gerardo Morales, quien aseguraba que con ella libre, \u00ab\u00e9l no podr\u00eda gobernar\u00bb. Desde entonces, ha digitado el Poder Judicial de manera imp\u00fadica, presentando causas contra la dirigente social de manera escalonada, para que nunca perdiera la arbitrariedad de la prisi\u00f3n domiciliaria.<\/p>\n<p>De hecho, tras la absoluci\u00f3n de Sala por la \u00abBalacera de Azopardo\u00bb, el gobernador objet\u00f3 el fallo y critic\u00f3 con dureza en redes sociales, alimentando el odio y la persecuci\u00f3n contra la dirigente de la Tupac.<\/p>\n<blockquote class=\"twitter-tweet\" data-lang=\"es\">\n<p dir=\"ltr\" lang=\"es\">Vergonzoso fallo que absuelve a dos delincuentes como Milagro Sala y Beto Cardozo. Si hay algo que todos los juje\u00f1os conocemos es la violencia que ejerc\u00edan y cu\u00e1nto le robaron al pueblo. LA LUCHA CONTRA LA IMPUNIDAD SIGUE.<\/p>\n<p>\u2014 Gerardo Morales (@MoralesGerardo1) <a href=\"https:\/\/twitter.com\/MoralesGerardo1\/status\/1078342478900666368?ref_src=twsrc%5Etfw\">27 de diciembre de 2018<\/a><\/p><\/blockquote>\n<p><script async src=\"https:\/\/platform.twitter.com\/widgets.js\" charset=\"utf-8\"><\/script><\/p>\n<p>Un paso adelante hacia la liberaci\u00f3n de los presos pol\u00edticos en la Argentina, aunque la dirigente social contin\u00faa teniendo varias causas abiertas en su contra, como la que tiene que ver con la construcci\u00f3n de viviendas por la organizaci\u00f3n Tupac Amaru.<\/p>\n","protected":false},"excerpt":{"rendered":"<p>Como ya hab\u00eda ocurrido en otras oportunidades, la l\u00edder social Milagro Sala fue avisada en la ma\u00f1ana de hoy que ser\u00eda trasladado a su casa para completar la prisi\u00f3n domiciliaria en las condiciones que fueron dictadas tanto por la Corte&hellip;<\/p>\n","protected":false},"author":87,"featured_media":781983,"comment_status":"closed","ping_status":"closed","sticky":false,"template":"","format":"standard","meta":{"footnotes":""},"categories":[11389,79,67],"tags":[26,19264,7399,398,28506,1266,1096],"class_list":["post-781970","post","type-post","status-publish","format-standard","has-post-thumbnail","hentry","category-contenido-original","category-derechos-humanos","category-sudamerica","tag-argentina","tag-gerardo-morales","tag-jujuy","tag-justicia","tag-libertad-a-milagro-sala","tag-milagro-sala","tag-tupac-amaru"],"yoast_head":"<!-- This site is optimized with the Yoast SEO plugin v27.1.1 - https:\/\/yoast.com\/product\/yoast-seo-wordpress\/ -->\n<title>Milagro Sala fue trasladada a su casa de Cuyaya<\/title>\n<meta name=\"description\" content=\"Como ya hab\u00eda ocurrido en otras oportunidades, la l\u00edder social Milagro Sala fue avisada en la ma\u00f1ana de hoy que ser\u00eda trasladado a su casa para completar\" \/>\n<meta name=\"robots\" content=\"index, follow, max-snippet:-1, max-image-preview:large, max-video-preview:-1\" \/>\n<link rel=\"canonical\" href=\"https:\/\/www.pressenza.com\/es\/2018\/12\/781970\/\" \/>\n<meta property=\"og:locale\" content=\"es_ES\" \/>\n<meta property=\"og:type\" content=\"article\" \/>\n<meta property=\"og:title\" content=\"Milagro Sala fue trasladada a su casa de Cuyaya\" \/>\n<meta property=\"og:description\" content=\"Como ya hab\u00eda ocurrido en otras oportunidades, la l\u00edder social Milagro Sala fue avisada en la ma\u00f1ana de hoy que ser\u00eda trasladado a su casa para completar\" \/>\n<meta property=\"og:url\" content=\"https:\/\/www.pressenza.com\/es\/2018\/12\/781970\/\" \/>\n<meta property=\"og:site_name\" content=\"Pressenza\" \/>\n<meta property=\"article:publisher\" content=\"https:\/\/www.facebook.com\/PressenzaItalia\" \/>\n<meta property=\"article:published_time\" content=\"2018-12-29T17:08:37+00:00\" \/>\n<meta property=\"article:modified_time\" content=\"2018-12-29T18:00:21+00:00\" \/>\n<meta property=\"og:image\" content=\"https:\/\/www.pressenza.com\/wp-content\/uploads\/2018\/12\/foto-cecilia-cecchini.png\" \/>\n\t<meta property=\"og:image:width\" content=\"775\" \/>\n\t<meta property=\"og:image:height\" content=\"635\" \/>\n\t<meta property=\"og:image:type\" content=\"image\/png\" \/>\n<meta name=\"author\" content=\"Redacci\u00f3n Argentina\" \/>\n<meta name=\"twitter:card\" content=\"summary_large_image\" \/>\n<meta name=\"twitter:creator\" content=\"@pressenza\" \/>\n<meta name=\"twitter:site\" content=\"@PressenzaIPA\" \/>\n<meta name=\"twitter:label1\" content=\"Escrito por\" \/>\n\t<meta name=\"twitter:data1\" content=\"Redacci\u00f3n Argentina\" \/>\n\t<meta name=\"twitter:label2\" content=\"Tiempo de lectura\" \/>\n\t<meta name=\"twitter:data2\" content=\"3 minutos\" \/>\n<script type=\"application\/ld+json\" class=\"yoast-schema-graph\">{\"@context\":\"https:\/\/schema.org\",\"@graph\":[{\"@type\":\"Article\",\"@id\":\"https:\/\/www.pressenza.com\/es\/2018\/12\/781970\/#article\",\"isPartOf\":{\"@id\":\"https:\/\/www.pressenza.com\/es\/2018\/12\/781970\/\"},\"author\":{\"name\":\"Redacci\u00f3n Argentina\",\"@id\":\"https:\/\/www.pressenza.com\/es\/#\/schema\/person\/0dda7d1b68267ad95b1e1d83abc98c89\"},\"headline\":\"Milagro Sala fue trasladada a su casa de Cuyaya\",\"datePublished\":\"2018-12-29T17:08:37+00:00\",\"dateModified\":\"2018-12-29T18:00:21+00:00\",\"mainEntityOfPage\":{\"@id\":\"https:\/\/www.pressenza.com\/es\/2018\/12\/781970\/\"},\"wordCount\":536,\"publisher\":{\"@id\":\"https:\/\/www.pressenza.com\/es\/#organization\"},\"image\":{\"@id\":\"https:\/\/www.pressenza.com\/es\/2018\/12\/781970\/#primaryimage\"},\"thumbnailUrl\":\"https:\/\/www.pressenza.com\/wp-content\/uploads\/2018\/12\/foto-cecilia-cecchini.png\",\"keywords\":[\"Argentina\",\"Gerardo Morales\",\"Jujuy\",\"justicia\",\"Libertad a Milagro Sala\",\"Milagro Sala\",\"Tupac Amaru\"],\"articleSection\":[\"Contenido Original\",\"Derechos Humanos\",\"Sudam\u00e9rica\"],\"inLanguage\":\"es\"},{\"@type\":\"WebPage\",\"@id\":\"https:\/\/www.pressenza.com\/es\/2018\/12\/781970\/\",\"url\":\"https:\/\/www.pressenza.com\/es\/2018\/12\/781970\/\",\"name\":\"Milagro Sala fue trasladada a su casa de Cuyaya\",\"isPartOf\":{\"@id\":\"https:\/\/www.pressenza.com\/es\/#website\"},\"primaryImageOfPage\":{\"@id\":\"https:\/\/www.pressenza.com\/es\/2018\/12\/781970\/#primaryimage\"},\"image\":{\"@id\":\"https:\/\/www.pressenza.com\/es\/2018\/12\/781970\/#primaryimage\"},\"thumbnailUrl\":\"https:\/\/www.pressenza.com\/wp-content\/uploads\/2018\/12\/foto-cecilia-cecchini.png\",\"datePublished\":\"2018-12-29T17:08:37+00:00\",\"dateModified\":\"2018-12-29T18:00:21+00:00\",\"description\":\"Como ya hab\u00eda ocurrido en otras oportunidades, la l\u00edder social Milagro Sala fue avisada en la ma\u00f1ana de hoy que ser\u00eda trasladado a su casa para completar\",\"breadcrumb\":{\"@id\":\"https:\/\/www.pressenza.com\/es\/2018\/12\/781970\/#breadcrumb\"},\"inLanguage\":\"es\",\"potentialAction\":[{\"@type\":\"ReadAction\",\"target\":[\"https:\/\/www.pressenza.com\/es\/2018\/12\/781970\/\"]}]},{\"@type\":\"ImageObject\",\"inLanguage\":\"es\",\"@id\":\"https:\/\/www.pressenza.com\/es\/2018\/12\/781970\/#primaryimage\",\"url\":\"https:\/\/www.pressenza.com\/wp-content\/uploads\/2018\/12\/foto-cecilia-cecchini.png\",\"contentUrl\":\"https:\/\/www.pressenza.com\/wp-content\/uploads\/2018\/12\/foto-cecilia-cecchini.png\",\"width\":775,\"height\":635},{\"@type\":\"BreadcrumbList\",\"@id\":\"https:\/\/www.pressenza.com\/es\/2018\/12\/781970\/#breadcrumb\",\"itemListElement\":[{\"@type\":\"ListItem\",\"position\":1,\"name\":\"Accueil\",\"item\":\"https:\/\/www.pressenza.com\/es\/\"},{\"@type\":\"ListItem\",\"position\":2,\"name\":\"Milagro Sala fue trasladada a su casa de Cuyaya\"}]},{\"@type\":\"WebSite\",\"@id\":\"https:\/\/www.pressenza.com\/es\/#website\",\"url\":\"https:\/\/www.pressenza.com\/es\/\",\"name\":\"Pressenza\",\"description\":\"International Press Agency\",\"publisher\":{\"@id\":\"https:\/\/www.pressenza.com\/es\/#organization\"},\"potentialAction\":[{\"@type\":\"SearchAction\",\"target\":{\"@type\":\"EntryPoint\",\"urlTemplate\":\"https:\/\/www.pressenza.com\/es\/?s={search_term_string}\"},\"query-input\":{\"@type\":\"PropertyValueSpecification\",\"valueRequired\":true,\"valueName\":\"search_term_string\"}}],\"inLanguage\":\"es\"},{\"@type\":\"Organization\",\"@id\":\"https:\/\/www.pressenza.com\/es\/#organization\",\"name\":\"Pressenza\",\"url\":\"https:\/\/www.pressenza.com\/es\/\",\"logo\":{\"@type\":\"ImageObject\",\"inLanguage\":\"es\",\"@id\":\"https:\/\/www.pressenza.com\/es\/#\/schema\/logo\/image\/\",\"url\":\"https:\/\/www.pressenza.com\/wp-content\/uploads\/2022\/10\/pressenza_logo_200x200.jpg\",\"contentUrl\":\"https:\/\/www.pressenza.com\/wp-content\/uploads\/2022\/10\/pressenza_logo_200x200.jpg\",\"width\":200,\"height\":200,\"caption\":\"Pressenza\"},\"image\":{\"@id\":\"https:\/\/www.pressenza.com\/es\/#\/schema\/logo\/image\/\"},\"sameAs\":[\"https:\/\/www.facebook.com\/PressenzaItalia\",\"https:\/\/x.com\/PressenzaIPA\"]},{\"@type\":\"Person\",\"@id\":\"https:\/\/www.pressenza.com\/es\/#\/schema\/person\/0dda7d1b68267ad95b1e1d83abc98c89\",\"name\":\"Redacci\u00f3n Argentina\",\"description\":\"News from the Pressenza Bureau in Argentina.\",\"sameAs\":[\"https:\/\/x.com\/pressenza\"],\"url\":\"https:\/\/www.pressenza.com\/es\/author\/redaccion-argentina\/\"}]}<\/script>\n<!-- \/ Yoast SEO plugin. -->","yoast_head_json":{"title":"Milagro Sala fue trasladada a su casa de Cuyaya","description":"Como ya hab\u00eda ocurrido en otras oportunidades, la l\u00edder social Milagro Sala fue avisada en la ma\u00f1ana de hoy que ser\u00eda trasladado a su casa para completar","robots":{"index":"index","follow":"follow","max-snippet":"max-snippet:-1","max-image-preview":"max-image-preview:large","max-video-preview":"max-video-preview:-1"},"canonical":"https:\/\/www.pressenza.com\/es\/2018\/12\/781970\/","og_locale":"es_ES","og_type":"article","og_title":"Milagro Sala fue trasladada a su casa de Cuyaya","og_description":"Como ya hab\u00eda ocurrido en otras oportunidades, la l\u00edder social Milagro Sala fue avisada en la ma\u00f1ana de hoy que ser\u00eda trasladado a su casa para completar","og_url":"https:\/\/www.pressenza.com\/es\/2018\/12\/781970\/","og_site_name":"Pressenza","article_publisher":"https:\/\/www.facebook.com\/PressenzaItalia","article_published_time":"2018-12-29T17:08:37+00:00","article_modified_time":"2018-12-29T18:00:21+00:00","og_image":[{"width":775,"height":635,"url":"https:\/\/www.pressenza.com\/wp-content\/uploads\/2018\/12\/foto-cecilia-cecchini.png","type":"image\/png"}],"author":"Redacci\u00f3n Argentina","twitter_card":"summary_large_image","twitter_creator":"@pressenza","twitter_site":"@PressenzaIPA","twitter_misc":{"Escrito por":"Redacci\u00f3n Argentina","Tiempo de lectura":"3 minutos"},"schema":{"@context":"https:\/\/schema.org","@graph":[{"@type":"Article","@id":"https:\/\/www.pressenza.com\/es\/2018\/12\/781970\/#article","isPartOf":{"@id":"https:\/\/www.pressenza.com\/es\/2018\/12\/781970\/"},"author":{"name":"Redacci\u00f3n Argentina","@id":"https:\/\/www.pressenza.com\/es\/#\/schema\/person\/0dda7d1b68267ad95b1e1d83abc98c89"},"headline":"Milagro Sala fue trasladada a su casa de Cuyaya","datePublished":"2018-12-29T17:08:37+00:00","dateModified":"2018-12-29T18:00:21+00:00","mainEntityOfPage":{"@id":"https:\/\/www.pressenza.com\/es\/2018\/12\/781970\/"},"wordCount":536,"publisher":{"@id":"https:\/\/www.pressenza.com\/es\/#organization"},"image":{"@id":"https:\/\/www.pressenza.com\/es\/2018\/12\/781970\/#primaryimage"},"thumbnailUrl":"https:\/\/www.pressenza.com\/wp-content\/uploads\/2018\/12\/foto-cecilia-cecchini.png","keywords":["Argentina","Gerardo Morales","Jujuy","justicia","Libertad a Milagro Sala","Milagro Sala","Tupac Amaru"],"articleSection":["Contenido Original","Derechos Humanos","Sudam\u00e9rica"],"inLanguage":"es"},{"@type":"WebPage","@id":"https:\/\/www.pressenza.com\/es\/2018\/12\/781970\/","url":"https:\/\/www.pressenza.com\/es\/2018\/12\/781970\/","name":"Milagro Sala fue trasladada a su casa de Cuyaya","isPartOf":{"@id":"https:\/\/www.pressenza.com\/es\/#website"},"primaryImageOfPage":{"@id":"https:\/\/www.pressenza.com\/es\/2018\/12\/781970\/#primaryimage"},"image":{"@id":"https:\/\/www.pressenza.com\/es\/2018\/12\/781970\/#primaryimage"},"thumbnailUrl":"https:\/\/www.pressenza.com\/wp-content\/uploads\/2018\/12\/foto-cecilia-cecchini.png","datePublished":"2018-12-29T17:08:37+00:00","dateModified":"2018-12-29T18:00:21+00:00","description":"Como ya hab\u00eda ocurrido en otras oportunidades, la l\u00edder social Milagro Sala fue avisada en la ma\u00f1ana de hoy que ser\u00eda trasladado a su casa para completar","breadcrumb":{"@id":"https:\/\/www.pressenza.com\/es\/2018\/12\/781970\/#breadcrumb"},"inLanguage":"es","potentialAction":[{"@type":"ReadAction","target":["https:\/\/www.pressenza.com\/es\/2018\/12\/781970\/"]}]},{"@type":"ImageObject","inLanguage":"es","@id":"https:\/\/www.pressenza.com\/es\/2018\/12\/781970\/#primaryimage","url":"https:\/\/www.pressenza.com\/wp-content\/uploads\/2018\/12\/foto-cecilia-cecchini.png","contentUrl":"https:\/\/www.pressenza.com\/wp-content\/uploads\/2018\/12\/foto-cecilia-cecchini.png","width":775,"height":635},{"@type":"BreadcrumbList","@id":"https:\/\/www.pressenza.com\/es\/2018\/12\/781970\/#breadcrumb","itemListElement":[{"@type":"ListItem","position":1,"name":"Accueil","item":"https:\/\/www.pressenza.com\/es\/"},{"@type":"ListItem","position":2,"name":"Milagro Sala fue trasladada a su casa de Cuyaya"}]},{"@type":"WebSite","@id":"https:\/\/www.pressenza.com\/es\/#website","url":"https:\/\/www.pressenza.com\/es\/","name":"Pressenza","description":"International Press Agency","publisher":{"@id":"https:\/\/www.pressenza.com\/es\/#organization"},"potentialAction":[{"@type":"SearchAction","target":{"@type":"EntryPoint","urlTemplate":"https:\/\/www.pressenza.com\/es\/?s={search_term_string}"},"query-input":{"@type":"PropertyValueSpecification","valueRequired":true,"valueName":"search_term_string"}}],"inLanguage":"es"},{"@type":"Organization","@id":"https:\/\/www.pressenza.com\/es\/#organization","name":"Pressenza","url":"https:\/\/www.pressenza.com\/es\/","logo":{"@type":"ImageObject","inLanguage":"es","@id":"https:\/\/www.pressenza.com\/es\/#\/schema\/logo\/image\/","url":"https:\/\/www.pressenza.com\/wp-content\/uploads\/2022\/10\/pressenza_logo_200x200.jpg","contentUrl":"https:\/\/www.pressenza.com\/wp-content\/uploads\/2022\/10\/pressenza_logo_200x200.jpg","width":200,"height":200,"caption":"Pressenza"},"image":{"@id":"https:\/\/www.pressenza.com\/es\/#\/schema\/logo\/image\/"},"sameAs":["https:\/\/www.facebook.com\/PressenzaItalia","https:\/\/x.com\/PressenzaIPA"]},{"@type":"Person","@id":"https:\/\/www.pressenza.com\/es\/#\/schema\/person\/0dda7d1b68267ad95b1e1d83abc98c89","name":"Redacci\u00f3n Argentina","description":"News from the Pressenza Bureau in Argentina.","sameAs":["https:\/\/x.com\/pressenza"],"url":"https:\/\/www.pressenza.com\/es\/author\/redaccion-argentina\/"}]}},"place":"Ciudad de Buenos Aires, Argentina","original_article_url":"","_links":{"self":[{"href":"https:\/\/www.pressenza.com\/es\/wp-json\/wp\/v2\/posts\/781970","targetHints":{"allow":["GET"]}}],"collection":[{"href":"https:\/\/www.pressenza.com\/es\/wp-json\/wp\/v2\/posts"}],"about":[{"href":"https:\/\/www.pressenza.com\/es\/wp-json\/wp\/v2\/types\/post"}],"author":[{"embeddable":true,"href":"https:\/\/www.pressenza.com\/es\/wp-json\/wp\/v2\/users\/87"}],"replies":[{"embeddable":true,"href":"https:\/\/www.pressenza.com\/es\/wp-json\/wp\/v2\/comments?post=781970"}],"version-history":[{"count":0,"href":"https:\/\/www.pressenza.com\/es\/wp-json\/wp\/v2\/posts\/781970\/revisions"}],"wp:featuredmedia":[{"embeddable":true,"href":"https:\/\/www.pressenza.com\/es\/wp-json\/wp\/v2\/media\/781983"}],"wp:attachment":[{"href":"https:\/\/www.pressenza.com\/es\/wp-json\/wp\/v2\/media?parent=781970"}],"wp:term":[{"taxonomy":"category","embeddable":true,"href":"https:\/\/www.pressenza.com\/es\/wp-json\/wp\/v2\/categories?post=781970"},{"taxonomy":"post_tag","embeddable":true,"href":"https:\/\/www.pressenza.com\/es\/wp-json\/wp\/v2\/tags?post=781970"}],"curies":[{"name":"wp","href":"https:\/\/api.w.org\/{rel}","templated":true}]}}