{"id":780930,"date":"2018-12-27T17:20:45","date_gmt":"2018-12-27T17:20:45","guid":{"rendered":"https:\/\/www.pressenza.com\/?p=780930"},"modified":"2018-12-27T17:20:45","modified_gmt":"2018-12-27T17:20:45","slug":"espana-criticas-al-dicurso-navideno-y-al-rey","status":"publish","type":"post","link":"https:\/\/www.pressenza.com\/es\/2018\/12\/espana-criticas-al-dicurso-navideno-y-al-rey\/","title":{"rendered":"Espa\u00f1a: cr\u00edticas al discurso navide\u00f1o real y al rey"},"content":{"rendered":"<div class=\"adn ads\" data-message-id=\"#msg-f:1620846711920493640\" data-legacy-message-id=\"167e677f33618448\">\n<div class=\"gs\">\n<div class=\"\">\n<div id=\":yw\" class=\"ii gt adO\">\n<div id=\":yv\" class=\"a3s aXjCH \">\n<div dir=\"ltr\">\n<p>Como ya hac\u00eda su padre, el rey em\u00e9rito -Juan Carlos I-, siguiendo la estela de los discursos del dictador Franco, el d\u00eda 24 el Rey de Espa\u00f1a -Felipe VI- volvi\u00f3 a \u00abdirigirse al pueblo espa\u00f1ol\u00bb, especialmente a los j\u00f3venes, la mayor\u00eda de los cuales -seg\u00fan una <a href=\"https:\/\/ctxt.es\/es\/20180725\/Politica\/20983\/electomania-encuesta-ctxt-monarquia-referendum.htm\">encuesta de Electoman\u00eda para ctxt<\/a>&#8211; apoyar\u00edan la implantaci\u00f3n de una rep\u00fablica.<\/p>\n<p>En base a esta consulta, el 60% de los encuestados ya en el pasado mes de julio se mostraban a favor de un refer\u00e9ndum sobre el modelo de estado. Las cifras van aumentando.<\/p>\n<p>El <a href=\"http:\/\/www.rtve.es\/alacarta\/videos\/especiales-informativos\/video-mensaje-navidad-su-majestad-rey-2018\/4909380\/\">discurso<\/a>, por falto de verdadero compromiso con los sectores m\u00e1s desfavorecidos; por asociar el rencor con la justa reivindicaci\u00f3n de las v\u00edctimas del franquismo; por atreverse a dar clases de democracia alguien que ha llegado al cargo privilegiado que ostenta por ser \u00abhijo de\u00bb; o permitirse lanzar un mensaje que relaciona la convivencia en paz con no tocar el r\u00e9gimen del &#8217;78 (la vigente Constituci\u00f3n espa\u00f1ola data de 1978 y hoy un sector cada vez mayor de la poblaci\u00f3n la cuestiona), por temor a que se ponga en tela de juicio la monarqu\u00eda y a los sectores econ\u00f3micos-sociales que salieron beneficiados de aqu\u00e9l, demonizando a quienes reivindican su derecho a decidir&#8230; Por todo esto y m\u00e1s, el discurso de Felipe VI ha sido abiertamente criticado desde distintos sectores y ha sido menos escuchado que nunca.<\/p>\n<p>Coincide con las consultas populares que, desde hace semanas, se est\u00e1n llevando adelante en diferentes \u00e1mbitos de distintas ciudades del territorio espa\u00f1ol sobre el modelo de estado. Estas acciones est\u00e1n ayudando, sin duda, a que el tema de decidir entre \u00abMonarqu\u00eda o Rep\u00fablica\u00bb -hasta hace poco tab\u00fa- est\u00e9 en la calle cada d\u00eda con m\u00e1s fuerza.<\/p>\n<p>De tal modo que, por ejemplo, al mismo tiempo que se emit\u00eda el discurso del Rey en los grandes canales televisivos, se llevaba a cabo una campa\u00f1a en redes sociales, invitando a apagar la televisi\u00f3n con el hastag <span style=\"color: #3366ff;\">#ApagaAlBorbonEnciendeLaRepublica<\/span>. Y ayer, mi\u00e9rcoles 26 de diciembre, dentro de la campa\u00f1a por la III Rep\u00fablica, se movi\u00f3 en redes el hastag <span style=\"color: #3366ff;\">#LosBorbonesAElecciones<\/span>.<\/p>\n<p>Las reacciones al discurso del Rey no se hicieron esperar y el d\u00eda 25 se sucedieron los comunicados de prensa. Hemos rescatado y publicamos integramente la nota de la <a href=\"http:\/\/www.memoriahistorica.org.es\/\"><span style=\"color: #333399;\">Asociaci\u00f3n para la Recuperaci\u00f3n de la Memoria Hist\u00f3rica<\/span><\/a> (ARMH) porque no hay pa\u00eds que pueda hablar de democracia si se asienta sobre las v\u00edctimas de una dictadura, si no reconoce el da\u00f1o causado y el sufrimiento de \u00e9stas y si opta por condenarlas al olvido.<\/p>\n<p>Y por otro lado, es destacable de este comunicado, la respuesta que recibe la ARMH del Defensor del Pueblo, ubicando al Rey fuera del estado, m\u00e1s all\u00e1 de la Ley, seg\u00fan interpretamos nosotros. Del mismo modo que es de inter\u00e9s recordar que esta llamada democracia se gest\u00f3 a costa de dejar fuera a los partidos que reclamaban en 1977 la vuelta de una rep\u00fablica. Pero mejor leer el comunicado entero.<\/p>\n<p>&nbsp;<\/p>\n<p><strong>COMUNICADO<\/strong><\/p>\n<p><span style=\"color: #333399;\"><strong>La Asociaci\u00f3n para la Recuperaci\u00f3n de la Memoria Hist\u00f3rica lamenta las declaraciones de Felipe de Borb\u00f3n en las que relaciona el rencor con la recuperaci\u00f3n de la memoria hist\u00f3rica.<\/strong><\/span><\/p>\n<p><span style=\"color: #333399;\"><strong>Es la segunda vez que, en su discurso navide\u00f1o, critica el proceso de recuperaci\u00f3n de la memoria sin respetar los derechos humanos.<\/strong><\/span><\/p>\n<p><span style=\"color: #333399;\"><strong>las v\u00edctimas de la represi\u00f3n franquista quieren justicia, como las del terrorismo o cualquier otro delito <\/strong><\/span><\/p>\n<p><span style=\"color: #333399;\"><strong>A un Jefe de estado no electo tienen que dolerle todos los cr\u00edmenes y tiene el deber de defender y respetar el derecho de las familias de 114.226 desaparecidos del franquismo. <\/strong><\/span><\/p>\n<p>Por segunda ver en su discurso navide\u00f1o Felipe de B\u00f3rb\u00f3n ha hecho declaraciones cr\u00edticas hacia el proceso de recuperaci\u00f3n de la memoria hist\u00f3rica y las reivindicaciones de los familiares de las v\u00edctimas de la dictadura franquista. En esta ocasi\u00f3n afirm\u00f3 que:<\/p>\n<p><em>\u201d&#8230;una convivencia que se basa en la consideraci\u00f3n y en el respeto a las personas, a las ideas y a los derechos de los dem\u00e1s; que requiere que cuidemos y reforcemos los profundos v\u00ednculos que nos unen y que siempre nos deben unir a todos los espa\u00f1oles; que es incompatible con el rencor y el resentimiento, porque estas actitudes forman parte de nuestra peor historia y no debemos permitir que renazcan&#8230;\u201d;<\/em><\/p>\n<p>En el mensaje de 2016 Felipe de Borb\u00f3n llev\u00f3 a cabo declaraciones similares al afirmar que:<\/p>\n<p><em>\u201d&#8230;son tiempos para profundizar en una Espa\u00f1a de brazos abiertos y manos tendidas, donde nadie agite viejos rencores o abra heridas cerradas&#8230;\u00bb.\u00a0 <\/em>En esa ocasi\u00f3n, la Asociaci\u00f3n para la Recuperaci\u00f3n de la Memoria Hist\u00f3rica (ARMH) present\u00f3 una queja ante la oficina del Defensor del Pueblo que asegur\u00f3 en su respuesta que no pod\u00eda llevar a cabo ninguna actuaci\u00f3n porque Felipe de Borb\u00f3n no formaba parte del Estado; es decir, es jefe del Estado, su presupuesto depende del Estado, trabajan a su servicio decenas de personas pagadas por el Estado, pero \u00e9l no tiene nada que ver con el Estado.<\/p>\n<p>Tanto las afirmaciones de 2016, como las que hizo ayer mismo, contravienen la Declaraci\u00f3n Universal de Derechos Humanos (art\u00edculos 8 y 10), as\u00ed como los informes del Alto Comisionado de Naciones Unidas, ya que el Grupo de Trabajo Contra la Desaparici\u00f3n Forzada e Involuntaria y el Relator Especial para la Verdad, la Justicia, la Reparaci\u00f3n y las Garant\u00edas de No Repetici\u00f3n han elaborado contundentes informes exigiendo a la instituciones espa\u00f1olas la garant\u00eda de los derechos de las v\u00edctimas de la dictadura franquista.<\/p>\n<p>El presidente de la ARMH, Emilio Silva, asegura que \u201cun jefe del Estado que no ha pasado por las urnas tiene que mantener una delicada distancia pol\u00edtica y debe sentirse y mostrarse solidario con las v\u00edctimas de cualquier crimen y no dependiendo de qui\u00e9nes sean y qu\u00e9 discurso mantengan los verdugos\u201d.<\/p>\n<p>En su mensaje adem\u00e1s ha hecho numerosas alusiones a qui\u00e9nes construyeron los consensos de la transici\u00f3n, desde las \u00e9lites de la dictadura y las de los partidos de oposici\u00f3n al r\u00e9gimen fueron legalizados para las elecciones constituyentes de 1977. Un consenso que dej\u00f3 sin posibilidad de presentarse a esas elecciones democr\u00e1ticas a las formaciones que reclamaban el retorno de una rep\u00fablica y que no aceptaban una amnist\u00eda para las enormes y terribles violaciones de Derechos Humanos de la Dictadura; es decir, un consenso de los que ya ten\u00edan previamente un acuerdo y no un consenso nacido de un verdadero proceso de negociaci\u00f3n entre posturas diferentes. Adem\u00e1s, ha vuelto a ignorar la lucha y el esfuerzo de miles de personas que se jugaron muchas cosas para que terminase la dictadura y regresara la democracia, un reconocimiento que es un deber democr\u00e1tico.<\/p>\n<div>\n<div id=\":za\" tabindex=\"0\" role=\"button\" data-tooltip=\"Mostrar contenido reducido\" aria-label=\"Mostrar contenido reducido\" aria-expanded=\"false\"><img decoding=\"async\" src=\"https:\/\/ssl.gstatic.com\/ui\/v1\/icons\/mail\/images\/cleardot.gif\" \/><\/div>\n<\/div>\n<\/div>\n<\/div>\n<\/div>\n<\/div>\n<\/div>\n<\/div>\n","protected":false},"excerpt":{"rendered":"<p>Como ya hac\u00eda su padre, el rey em\u00e9rito -Juan Carlos I-, siguiendo la estela de los discursos del dictador Franco, el d\u00eda 24 el Rey de Espa\u00f1a -Felipe VI- volvi\u00f3 a \u00abdirigirse al pueblo espa\u00f1ol\u00bb, especialmente a los j\u00f3venes, la&hellip;<\/p>\n","protected":false},"author":188,"featured_media":781055,"comment_status":"closed","ping_status":"closed","sticky":false,"template":"","format":"standard","meta":{"footnotes":""},"categories":[11389,66,74],"tags":[53176,11057,5511,556,806,53177],"class_list":["post-780930","post","type-post","status-publish","format-standard","has-post-thumbnail","hentry","category-contenido-original","category-europa-es","category-politica-es","tag-discurso-navideno","tag-felipe-vi","tag-monarquia","tag-reino-de-espana","tag-republica","tag-victimas-del-franquismo"],"yoast_head":"<!-- This site is optimized with the Yoast SEO plugin v27.1.1 - https:\/\/yoast.com\/product\/yoast-seo-wordpress\/ -->\n<title>Espa\u00f1a: cr\u00edticas al discurso navide\u00f1o real y al rey<\/title>\n<meta name=\"description\" content=\"Como ya hac\u00eda su padre, el rey em\u00e9rito -Juan Carlos I-, siguiendo la estela de los discursos del dictador Franco, el d\u00eda 24 el Rey de Espa\u00f1a -Felipe VI-\" \/>\n<meta name=\"robots\" content=\"index, follow, max-snippet:-1, max-image-preview:large, max-video-preview:-1\" \/>\n<link rel=\"canonical\" href=\"https:\/\/www.pressenza.com\/es\/2018\/12\/espana-criticas-al-dicurso-navideno-y-al-rey\/\" \/>\n<meta property=\"og:locale\" content=\"es_ES\" \/>\n<meta property=\"og:type\" content=\"article\" \/>\n<meta property=\"og:title\" content=\"Espa\u00f1a: cr\u00edticas al discurso navide\u00f1o real y al rey\" \/>\n<meta property=\"og:description\" content=\"Como ya hac\u00eda su padre, el rey em\u00e9rito -Juan Carlos I-, siguiendo la estela de los discursos del dictador Franco, el d\u00eda 24 el Rey de Espa\u00f1a -Felipe VI-\" \/>\n<meta property=\"og:url\" content=\"https:\/\/www.pressenza.com\/es\/2018\/12\/espana-criticas-al-dicurso-navideno-y-al-rey\/\" \/>\n<meta property=\"og:site_name\" content=\"Pressenza\" \/>\n<meta property=\"article:publisher\" content=\"https:\/\/www.facebook.com\/PressenzaItalia\" \/>\n<meta property=\"article:published_time\" content=\"2018-12-27T17:20:45+00:00\" \/>\n<meta property=\"og:image\" content=\"https:\/\/www.pressenza.com\/wp-content\/uploads\/2018\/12\/imagen-sin-titulo.jpg\" \/>\n\t<meta property=\"og:image:width\" content=\"996\" \/>\n\t<meta property=\"og:image:height\" content=\"560\" \/>\n\t<meta property=\"og:image:type\" content=\"image\/jpeg\" \/>\n<meta name=\"author\" content=\"Gabriela Amaya\" \/>\n<meta name=\"twitter:card\" content=\"summary_large_image\" \/>\n<meta name=\"twitter:creator\" content=\"@PressenzaIPA\" \/>\n<meta name=\"twitter:site\" content=\"@PressenzaIPA\" \/>\n<meta name=\"twitter:label1\" content=\"Escrito por\" \/>\n\t<meta name=\"twitter:data1\" content=\"Gabriela Amaya\" \/>\n\t<meta name=\"twitter:label2\" content=\"Tiempo de lectura\" \/>\n\t<meta name=\"twitter:data2\" content=\"6 minutos\" \/>\n<script type=\"application\/ld+json\" class=\"yoast-schema-graph\">{\"@context\":\"https:\/\/schema.org\",\"@graph\":[{\"@type\":\"Article\",\"@id\":\"https:\/\/www.pressenza.com\/es\/2018\/12\/espana-criticas-al-dicurso-navideno-y-al-rey\/#article\",\"isPartOf\":{\"@id\":\"https:\/\/www.pressenza.com\/es\/2018\/12\/espana-criticas-al-dicurso-navideno-y-al-rey\/\"},\"author\":{\"name\":\"Gabriela Amaya\",\"@id\":\"https:\/\/www.pressenza.com\/es\/#\/schema\/person\/725d47ccbea4c7854f7dd4011b6670b9\"},\"headline\":\"Espa\u00f1a: cr\u00edticas al discurso navide\u00f1o real y al rey\",\"datePublished\":\"2018-12-27T17:20:45+00:00\",\"mainEntityOfPage\":{\"@id\":\"https:\/\/www.pressenza.com\/es\/2018\/12\/espana-criticas-al-dicurso-navideno-y-al-rey\/\"},\"wordCount\":1190,\"publisher\":{\"@id\":\"https:\/\/www.pressenza.com\/es\/#organization\"},\"image\":{\"@id\":\"https:\/\/www.pressenza.com\/es\/2018\/12\/espana-criticas-al-dicurso-navideno-y-al-rey\/#primaryimage\"},\"thumbnailUrl\":\"https:\/\/www.pressenza.com\/wp-content\/uploads\/2018\/12\/imagen-sin-titulo.jpg\",\"keywords\":[\"discurso navide\u00f1o\",\"Felipe VI\",\"monarqu\u00eda\",\"Reino de Espa\u00f1a\",\"Rep\u00fablica\",\"v\u00edctimas del franquismo\"],\"articleSection\":[\"Contenido Original\",\"Europa\",\"Pol\u00edtica\"],\"inLanguage\":\"es\"},{\"@type\":\"WebPage\",\"@id\":\"https:\/\/www.pressenza.com\/es\/2018\/12\/espana-criticas-al-dicurso-navideno-y-al-rey\/\",\"url\":\"https:\/\/www.pressenza.com\/es\/2018\/12\/espana-criticas-al-dicurso-navideno-y-al-rey\/\",\"name\":\"Espa\u00f1a: cr\u00edticas al discurso navide\u00f1o real y al rey\",\"isPartOf\":{\"@id\":\"https:\/\/www.pressenza.com\/es\/#website\"},\"primaryImageOfPage\":{\"@id\":\"https:\/\/www.pressenza.com\/es\/2018\/12\/espana-criticas-al-dicurso-navideno-y-al-rey\/#primaryimage\"},\"image\":{\"@id\":\"https:\/\/www.pressenza.com\/es\/2018\/12\/espana-criticas-al-dicurso-navideno-y-al-rey\/#primaryimage\"},\"thumbnailUrl\":\"https:\/\/www.pressenza.com\/wp-content\/uploads\/2018\/12\/imagen-sin-titulo.jpg\",\"datePublished\":\"2018-12-27T17:20:45+00:00\",\"description\":\"Como ya hac\u00eda su padre, el rey em\u00e9rito -Juan Carlos I-, siguiendo la estela de los discursos del dictador Franco, el d\u00eda 24 el Rey de Espa\u00f1a -Felipe VI-\",\"breadcrumb\":{\"@id\":\"https:\/\/www.pressenza.com\/es\/2018\/12\/espana-criticas-al-dicurso-navideno-y-al-rey\/#breadcrumb\"},\"inLanguage\":\"es\",\"potentialAction\":[{\"@type\":\"ReadAction\",\"target\":[\"https:\/\/www.pressenza.com\/es\/2018\/12\/espana-criticas-al-dicurso-navideno-y-al-rey\/\"]}]},{\"@type\":\"ImageObject\",\"inLanguage\":\"es\",\"@id\":\"https:\/\/www.pressenza.com\/es\/2018\/12\/espana-criticas-al-dicurso-navideno-y-al-rey\/#primaryimage\",\"url\":\"https:\/\/www.pressenza.com\/wp-content\/uploads\/2018\/12\/imagen-sin-titulo.jpg\",\"contentUrl\":\"https:\/\/www.pressenza.com\/wp-content\/uploads\/2018\/12\/imagen-sin-titulo.jpg\",\"width\":996,\"height\":560},{\"@type\":\"BreadcrumbList\",\"@id\":\"https:\/\/www.pressenza.com\/es\/2018\/12\/espana-criticas-al-dicurso-navideno-y-al-rey\/#breadcrumb\",\"itemListElement\":[{\"@type\":\"ListItem\",\"position\":1,\"name\":\"Accueil\",\"item\":\"https:\/\/www.pressenza.com\/es\/\"},{\"@type\":\"ListItem\",\"position\":2,\"name\":\"Espa\u00f1a: cr\u00edticas al discurso navide\u00f1o real y al rey\"}]},{\"@type\":\"WebSite\",\"@id\":\"https:\/\/www.pressenza.com\/es\/#website\",\"url\":\"https:\/\/www.pressenza.com\/es\/\",\"name\":\"Pressenza\",\"description\":\"International Press Agency\",\"publisher\":{\"@id\":\"https:\/\/www.pressenza.com\/es\/#organization\"},\"potentialAction\":[{\"@type\":\"SearchAction\",\"target\":{\"@type\":\"EntryPoint\",\"urlTemplate\":\"https:\/\/www.pressenza.com\/es\/?s={search_term_string}\"},\"query-input\":{\"@type\":\"PropertyValueSpecification\",\"valueRequired\":true,\"valueName\":\"search_term_string\"}}],\"inLanguage\":\"es\"},{\"@type\":\"Organization\",\"@id\":\"https:\/\/www.pressenza.com\/es\/#organization\",\"name\":\"Pressenza\",\"url\":\"https:\/\/www.pressenza.com\/es\/\",\"logo\":{\"@type\":\"ImageObject\",\"inLanguage\":\"es\",\"@id\":\"https:\/\/www.pressenza.com\/es\/#\/schema\/logo\/image\/\",\"url\":\"https:\/\/www.pressenza.com\/wp-content\/uploads\/2022\/10\/pressenza_logo_200x200.jpg\",\"contentUrl\":\"https:\/\/www.pressenza.com\/wp-content\/uploads\/2022\/10\/pressenza_logo_200x200.jpg\",\"width\":200,\"height\":200,\"caption\":\"Pressenza\"},\"image\":{\"@id\":\"https:\/\/www.pressenza.com\/es\/#\/schema\/logo\/image\/\"},\"sameAs\":[\"https:\/\/www.facebook.com\/PressenzaItalia\",\"https:\/\/x.com\/PressenzaIPA\"]},{\"@type\":\"Person\",\"@id\":\"https:\/\/www.pressenza.com\/es\/#\/schema\/person\/725d47ccbea4c7854f7dd4011b6670b9\",\"name\":\"Gabriela Amaya\",\"description\":\"Editor in Spanish, Gabriel Amaya has worked in radio and written press and years ago decided to develop her journalistic work as a professional volunteer at the service of peace and nonviolence. She is also involved with different collectives and platforms which she supports with her journalism.\",\"url\":\"https:\/\/www.pressenza.com\/es\/author\/gabriela-amaya\/\"}]}<\/script>\n<!-- \/ Yoast SEO plugin. -->","yoast_head_json":{"title":"Espa\u00f1a: cr\u00edticas al discurso navide\u00f1o real y al rey","description":"Como ya hac\u00eda su padre, el rey em\u00e9rito -Juan Carlos I-, siguiendo la estela de los discursos del dictador Franco, el d\u00eda 24 el Rey de Espa\u00f1a -Felipe VI-","robots":{"index":"index","follow":"follow","max-snippet":"max-snippet:-1","max-image-preview":"max-image-preview:large","max-video-preview":"max-video-preview:-1"},"canonical":"https:\/\/www.pressenza.com\/es\/2018\/12\/espana-criticas-al-dicurso-navideno-y-al-rey\/","og_locale":"es_ES","og_type":"article","og_title":"Espa\u00f1a: cr\u00edticas al discurso navide\u00f1o real y al rey","og_description":"Como ya hac\u00eda su padre, el rey em\u00e9rito -Juan Carlos I-, siguiendo la estela de los discursos del dictador Franco, el d\u00eda 24 el Rey de Espa\u00f1a -Felipe VI-","og_url":"https:\/\/www.pressenza.com\/es\/2018\/12\/espana-criticas-al-dicurso-navideno-y-al-rey\/","og_site_name":"Pressenza","article_publisher":"https:\/\/www.facebook.com\/PressenzaItalia","article_published_time":"2018-12-27T17:20:45+00:00","og_image":[{"width":996,"height":560,"url":"https:\/\/www.pressenza.com\/wp-content\/uploads\/2018\/12\/imagen-sin-titulo.jpg","type":"image\/jpeg"}],"author":"Gabriela Amaya","twitter_card":"summary_large_image","twitter_creator":"@PressenzaIPA","twitter_site":"@PressenzaIPA","twitter_misc":{"Escrito por":"Gabriela Amaya","Tiempo de lectura":"6 minutos"},"schema":{"@context":"https:\/\/schema.org","@graph":[{"@type":"Article","@id":"https:\/\/www.pressenza.com\/es\/2018\/12\/espana-criticas-al-dicurso-navideno-y-al-rey\/#article","isPartOf":{"@id":"https:\/\/www.pressenza.com\/es\/2018\/12\/espana-criticas-al-dicurso-navideno-y-al-rey\/"},"author":{"name":"Gabriela Amaya","@id":"https:\/\/www.pressenza.com\/es\/#\/schema\/person\/725d47ccbea4c7854f7dd4011b6670b9"},"headline":"Espa\u00f1a: cr\u00edticas al discurso navide\u00f1o real y al rey","datePublished":"2018-12-27T17:20:45+00:00","mainEntityOfPage":{"@id":"https:\/\/www.pressenza.com\/es\/2018\/12\/espana-criticas-al-dicurso-navideno-y-al-rey\/"},"wordCount":1190,"publisher":{"@id":"https:\/\/www.pressenza.com\/es\/#organization"},"image":{"@id":"https:\/\/www.pressenza.com\/es\/2018\/12\/espana-criticas-al-dicurso-navideno-y-al-rey\/#primaryimage"},"thumbnailUrl":"https:\/\/www.pressenza.com\/wp-content\/uploads\/2018\/12\/imagen-sin-titulo.jpg","keywords":["discurso navide\u00f1o","Felipe VI","monarqu\u00eda","Reino de Espa\u00f1a","Rep\u00fablica","v\u00edctimas del franquismo"],"articleSection":["Contenido Original","Europa","Pol\u00edtica"],"inLanguage":"es"},{"@type":"WebPage","@id":"https:\/\/www.pressenza.com\/es\/2018\/12\/espana-criticas-al-dicurso-navideno-y-al-rey\/","url":"https:\/\/www.pressenza.com\/es\/2018\/12\/espana-criticas-al-dicurso-navideno-y-al-rey\/","name":"Espa\u00f1a: cr\u00edticas al discurso navide\u00f1o real y al rey","isPartOf":{"@id":"https:\/\/www.pressenza.com\/es\/#website"},"primaryImageOfPage":{"@id":"https:\/\/www.pressenza.com\/es\/2018\/12\/espana-criticas-al-dicurso-navideno-y-al-rey\/#primaryimage"},"image":{"@id":"https:\/\/www.pressenza.com\/es\/2018\/12\/espana-criticas-al-dicurso-navideno-y-al-rey\/#primaryimage"},"thumbnailUrl":"https:\/\/www.pressenza.com\/wp-content\/uploads\/2018\/12\/imagen-sin-titulo.jpg","datePublished":"2018-12-27T17:20:45+00:00","description":"Como ya hac\u00eda su padre, el rey em\u00e9rito -Juan Carlos I-, siguiendo la estela de los discursos del dictador Franco, el d\u00eda 24 el Rey de Espa\u00f1a -Felipe VI-","breadcrumb":{"@id":"https:\/\/www.pressenza.com\/es\/2018\/12\/espana-criticas-al-dicurso-navideno-y-al-rey\/#breadcrumb"},"inLanguage":"es","potentialAction":[{"@type":"ReadAction","target":["https:\/\/www.pressenza.com\/es\/2018\/12\/espana-criticas-al-dicurso-navideno-y-al-rey\/"]}]},{"@type":"ImageObject","inLanguage":"es","@id":"https:\/\/www.pressenza.com\/es\/2018\/12\/espana-criticas-al-dicurso-navideno-y-al-rey\/#primaryimage","url":"https:\/\/www.pressenza.com\/wp-content\/uploads\/2018\/12\/imagen-sin-titulo.jpg","contentUrl":"https:\/\/www.pressenza.com\/wp-content\/uploads\/2018\/12\/imagen-sin-titulo.jpg","width":996,"height":560},{"@type":"BreadcrumbList","@id":"https:\/\/www.pressenza.com\/es\/2018\/12\/espana-criticas-al-dicurso-navideno-y-al-rey\/#breadcrumb","itemListElement":[{"@type":"ListItem","position":1,"name":"Accueil","item":"https:\/\/www.pressenza.com\/es\/"},{"@type":"ListItem","position":2,"name":"Espa\u00f1a: cr\u00edticas al discurso navide\u00f1o real y al rey"}]},{"@type":"WebSite","@id":"https:\/\/www.pressenza.com\/es\/#website","url":"https:\/\/www.pressenza.com\/es\/","name":"Pressenza","description":"International Press Agency","publisher":{"@id":"https:\/\/www.pressenza.com\/es\/#organization"},"potentialAction":[{"@type":"SearchAction","target":{"@type":"EntryPoint","urlTemplate":"https:\/\/www.pressenza.com\/es\/?s={search_term_string}"},"query-input":{"@type":"PropertyValueSpecification","valueRequired":true,"valueName":"search_term_string"}}],"inLanguage":"es"},{"@type":"Organization","@id":"https:\/\/www.pressenza.com\/es\/#organization","name":"Pressenza","url":"https:\/\/www.pressenza.com\/es\/","logo":{"@type":"ImageObject","inLanguage":"es","@id":"https:\/\/www.pressenza.com\/es\/#\/schema\/logo\/image\/","url":"https:\/\/www.pressenza.com\/wp-content\/uploads\/2022\/10\/pressenza_logo_200x200.jpg","contentUrl":"https:\/\/www.pressenza.com\/wp-content\/uploads\/2022\/10\/pressenza_logo_200x200.jpg","width":200,"height":200,"caption":"Pressenza"},"image":{"@id":"https:\/\/www.pressenza.com\/es\/#\/schema\/logo\/image\/"},"sameAs":["https:\/\/www.facebook.com\/PressenzaItalia","https:\/\/x.com\/PressenzaIPA"]},{"@type":"Person","@id":"https:\/\/www.pressenza.com\/es\/#\/schema\/person\/725d47ccbea4c7854f7dd4011b6670b9","name":"Gabriela Amaya","description":"Editor in Spanish, Gabriel Amaya has worked in radio and written press and years ago decided to develop her journalistic work as a professional volunteer at the service of peace and nonviolence. She is also involved with different collectives and platforms which she supports with her journalism.","url":"https:\/\/www.pressenza.com\/es\/author\/gabriela-amaya\/"}]}},"place":"Madrid","original_article_url":"","_links":{"self":[{"href":"https:\/\/www.pressenza.com\/es\/wp-json\/wp\/v2\/posts\/780930","targetHints":{"allow":["GET"]}}],"collection":[{"href":"https:\/\/www.pressenza.com\/es\/wp-json\/wp\/v2\/posts"}],"about":[{"href":"https:\/\/www.pressenza.com\/es\/wp-json\/wp\/v2\/types\/post"}],"author":[{"embeddable":true,"href":"https:\/\/www.pressenza.com\/es\/wp-json\/wp\/v2\/users\/188"}],"replies":[{"embeddable":true,"href":"https:\/\/www.pressenza.com\/es\/wp-json\/wp\/v2\/comments?post=780930"}],"version-history":[{"count":0,"href":"https:\/\/www.pressenza.com\/es\/wp-json\/wp\/v2\/posts\/780930\/revisions"}],"wp:featuredmedia":[{"embeddable":true,"href":"https:\/\/www.pressenza.com\/es\/wp-json\/wp\/v2\/media\/781055"}],"wp:attachment":[{"href":"https:\/\/www.pressenza.com\/es\/wp-json\/wp\/v2\/media?parent=780930"}],"wp:term":[{"taxonomy":"category","embeddable":true,"href":"https:\/\/www.pressenza.com\/es\/wp-json\/wp\/v2\/categories?post=780930"},{"taxonomy":"post_tag","embeddable":true,"href":"https:\/\/www.pressenza.com\/es\/wp-json\/wp\/v2\/tags?post=780930"}],"curies":[{"name":"wp","href":"https:\/\/api.w.org\/{rel}","templated":true}]}}