{"id":780802,"date":"2018-12-26T21:19:07","date_gmt":"2018-12-26T21:19:07","guid":{"rendered":"https:\/\/www.pressenza.com\/?p=780802"},"modified":"2018-12-26T21:19:07","modified_gmt":"2018-12-26T21:19:07","slug":"palestina-presentara-solicitud-para-membresia-plena-en-la-onu","status":"publish","type":"post","link":"https:\/\/www.pressenza.com\/es\/2018\/12\/palestina-presentara-solicitud-para-membresia-plena-en-la-onu\/","title":{"rendered":"Palestina presentar\u00e1 solicitud para membres\u00eda plena en la ONU"},"content":{"rendered":"<div class=\"fullNewsIntrotext\">El ministro de Asuntos Exteriores y Expatriados, Riyad al-Malki, anunci\u00f3 hoy que Palestina iniciar\u00e1 una solicitud para obtener la membres\u00eda plena del Estado ante las Naciones Unidas.<\/div>\n<div><\/div>\n<div class=\"fullNewsFulltext\">Al-Malki declar\u00f3 que iniciar\u00eda la solicitud para que Palestina pase de un Estado observador a uno miembro en el organismo internacional durante su pr\u00f3xima visita a Nueva York, programada para mediados de enero pr\u00f3ximo.<\/p>\n<p>El Canciller tiene programado realizar el viaje para asumir la posici\u00f3n de Palestina como presidente de los pa\u00edses en desarrollo del Grupo 77 y China para el a\u00f1o 2019.<\/p>\n<p>Para asegurar la membres\u00eda plena del Estado, los palestinos necesitan el apoyo de nueve de los 15 pa\u00edses miembros del Consejo de Seguridad de la ONU, siempre que ninguno de los cinco miembros permanentes utilice el poder del veto.<\/p>\n<p>Al-Malki tambi\u00e9n abordar\u00e1 la \u00faltima decisi\u00f3n de Israel de acelerar la construcci\u00f3n ilegal de asentamientos en Cisjordania luego de una serie de ataques mortales que dejaron a cuatro palestinos y tres israel\u00edes muertos.<\/p>\n<p>Se\u00f1al\u00f3 que exigir\u00eda que el Consejo de Seguridad implemente la Resoluci\u00f3n 2334 de la Corte Penal Internacional para abrir una investigaci\u00f3n oficial sobre la construcci\u00f3n de asentamientos.<\/p>\n<p>La Resoluci\u00f3n 2334 exige al Secretario General de la ONU que presente al Consejo de Seguridad un informe de progreso cada tres meses sobre las actividades de asentamientos israel\u00edes en los territorios palestinos ocupados.<\/p><\/div>\n","protected":false},"excerpt":{"rendered":"<p>El ministro de Asuntos Exteriores y Expatriados, Riyad al-Malki, anunci\u00f3 hoy que Palestina iniciar\u00e1 una solicitud para obtener la membres\u00eda plena del Estado ante las Naciones Unidas. Al-Malki declar\u00f3 que iniciar\u00eda la solicitud para que Palestina pase de un Estado&hellip;<\/p>\n","protected":false},"author":90,"featured_media":780803,"comment_status":"closed","ping_status":"closed","sticky":false,"template":"","format":"standard","meta":{"footnotes":""},"categories":[71,1243],"tags":[20451,46484,649,1105],"class_list":["post-780802","post","type-post","status-publish","format-standard","has-post-thumbnail","hentry","category-medio-oriente-es","category-paz-desarme","tag-autoridad-nacional-palestina","tag-cuestion-israel-palestina","tag-naciones-unidas","tag-territorios-ocupados"],"yoast_head":"<!-- This site is optimized with the Yoast SEO plugin v27.1.1 - https:\/\/yoast.com\/product\/yoast-seo-wordpress\/ -->\n<title>Palestina presentar\u00e1 solicitud para membres\u00eda plena en la ONU<\/title>\n<meta name=\"description\" content=\"El ministro de Asuntos Exteriores y Expatriados, Riyad al-Malki, anunci\u00f3 hoy que Palestina iniciar\u00e1 una solicitud para obtener la membres\u00eda plena del\" \/>\n<meta name=\"robots\" content=\"index, follow, max-snippet:-1, max-image-preview:large, max-video-preview:-1\" \/>\n<link rel=\"canonical\" href=\"https:\/\/www.pressenza.com\/es\/2018\/12\/palestina-presentara-solicitud-para-membresia-plena-en-la-onu\/\" \/>\n<meta property=\"og:locale\" content=\"es_ES\" \/>\n<meta property=\"og:type\" content=\"article\" \/>\n<meta property=\"og:title\" content=\"Palestina presentar\u00e1 solicitud para membres\u00eda plena en la ONU\" \/>\n<meta property=\"og:description\" content=\"El ministro de Asuntos Exteriores y Expatriados, Riyad al-Malki, anunci\u00f3 hoy que Palestina iniciar\u00e1 una solicitud para obtener la membres\u00eda plena del\" \/>\n<meta property=\"og:url\" content=\"https:\/\/www.pressenza.com\/es\/2018\/12\/palestina-presentara-solicitud-para-membresia-plena-en-la-onu\/\" \/>\n<meta property=\"og:site_name\" content=\"Pressenza\" \/>\n<meta property=\"article:publisher\" content=\"https:\/\/www.facebook.com\/PressenzaItalia\" \/>\n<meta property=\"article:author\" content=\"https:\/\/www.facebook.com\/AgenciaPrensaLatina\" \/>\n<meta property=\"article:published_time\" content=\"2018-12-26T21:19:07+00:00\" \/>\n<meta property=\"og:image\" content=\"https:\/\/www.pressenza.com\/wp-content\/uploads\/2018\/12\/Riyad-al-Malki.jpg\" \/>\n\t<meta property=\"og:image:width\" content=\"748\" \/>\n\t<meta property=\"og:image:height\" content=\"498\" \/>\n\t<meta property=\"og:image:type\" content=\"image\/jpeg\" \/>\n<meta name=\"author\" content=\"Prensa Latina\" \/>\n<meta name=\"twitter:card\" content=\"summary_large_image\" \/>\n<meta name=\"twitter:creator\" content=\"@prensalatina_cu\" \/>\n<meta name=\"twitter:site\" content=\"@PressenzaIPA\" \/>\n<meta name=\"twitter:label1\" content=\"Escrito por\" \/>\n\t<meta name=\"twitter:data1\" content=\"Prensa Latina\" \/>\n\t<meta name=\"twitter:label2\" content=\"Tiempo de lectura\" \/>\n\t<meta name=\"twitter:data2\" content=\"1 minuto\" \/>\n<script type=\"application\/ld+json\" class=\"yoast-schema-graph\">{\"@context\":\"https:\/\/schema.org\",\"@graph\":[{\"@type\":\"Article\",\"@id\":\"https:\/\/www.pressenza.com\/es\/2018\/12\/palestina-presentara-solicitud-para-membresia-plena-en-la-onu\/#article\",\"isPartOf\":{\"@id\":\"https:\/\/www.pressenza.com\/es\/2018\/12\/palestina-presentara-solicitud-para-membresia-plena-en-la-onu\/\"},\"author\":{\"name\":\"Prensa Latina\",\"@id\":\"https:\/\/www.pressenza.com\/es\/#\/schema\/person\/e35c78ffa242d98f4f49ccb18c8631de\"},\"headline\":\"Palestina presentar\u00e1 solicitud para membres\u00eda plena en la ONU\",\"datePublished\":\"2018-12-26T21:19:07+00:00\",\"mainEntityOfPage\":{\"@id\":\"https:\/\/www.pressenza.com\/es\/2018\/12\/palestina-presentara-solicitud-para-membresia-plena-en-la-onu\/\"},\"wordCount\":248,\"publisher\":{\"@id\":\"https:\/\/www.pressenza.com\/es\/#organization\"},\"image\":{\"@id\":\"https:\/\/www.pressenza.com\/es\/2018\/12\/palestina-presentara-solicitud-para-membresia-plena-en-la-onu\/#primaryimage\"},\"thumbnailUrl\":\"https:\/\/www.pressenza.com\/wp-content\/uploads\/2018\/12\/Riyad-al-Malki.jpg\",\"keywords\":[\"Autoridad Nacional Palestina\",\"cuesti\u00f3n israel-palestina\",\"Naciones Unidas\",\"territorios ocupados\"],\"articleSection\":[\"Medio Oriente\",\"Paz y Desarme\"],\"inLanguage\":\"es\"},{\"@type\":\"WebPage\",\"@id\":\"https:\/\/www.pressenza.com\/es\/2018\/12\/palestina-presentara-solicitud-para-membresia-plena-en-la-onu\/\",\"url\":\"https:\/\/www.pressenza.com\/es\/2018\/12\/palestina-presentara-solicitud-para-membresia-plena-en-la-onu\/\",\"name\":\"Palestina presentar\u00e1 solicitud para membres\u00eda plena en la ONU\",\"isPartOf\":{\"@id\":\"https:\/\/www.pressenza.com\/es\/#website\"},\"primaryImageOfPage\":{\"@id\":\"https:\/\/www.pressenza.com\/es\/2018\/12\/palestina-presentara-solicitud-para-membresia-plena-en-la-onu\/#primaryimage\"},\"image\":{\"@id\":\"https:\/\/www.pressenza.com\/es\/2018\/12\/palestina-presentara-solicitud-para-membresia-plena-en-la-onu\/#primaryimage\"},\"thumbnailUrl\":\"https:\/\/www.pressenza.com\/wp-content\/uploads\/2018\/12\/Riyad-al-Malki.jpg\",\"datePublished\":\"2018-12-26T21:19:07+00:00\",\"description\":\"El ministro de Asuntos Exteriores y Expatriados, Riyad al-Malki, anunci\u00f3 hoy que Palestina iniciar\u00e1 una solicitud para obtener la membres\u00eda plena del\",\"breadcrumb\":{\"@id\":\"https:\/\/www.pressenza.com\/es\/2018\/12\/palestina-presentara-solicitud-para-membresia-plena-en-la-onu\/#breadcrumb\"},\"inLanguage\":\"es\",\"potentialAction\":[{\"@type\":\"ReadAction\",\"target\":[\"https:\/\/www.pressenza.com\/es\/2018\/12\/palestina-presentara-solicitud-para-membresia-plena-en-la-onu\/\"]}]},{\"@type\":\"ImageObject\",\"inLanguage\":\"es\",\"@id\":\"https:\/\/www.pressenza.com\/es\/2018\/12\/palestina-presentara-solicitud-para-membresia-plena-en-la-onu\/#primaryimage\",\"url\":\"https:\/\/www.pressenza.com\/wp-content\/uploads\/2018\/12\/Riyad-al-Malki.jpg\",\"contentUrl\":\"https:\/\/www.pressenza.com\/wp-content\/uploads\/2018\/12\/Riyad-al-Malki.jpg\",\"width\":748,\"height\":498},{\"@type\":\"BreadcrumbList\",\"@id\":\"https:\/\/www.pressenza.com\/es\/2018\/12\/palestina-presentara-solicitud-para-membresia-plena-en-la-onu\/#breadcrumb\",\"itemListElement\":[{\"@type\":\"ListItem\",\"position\":1,\"name\":\"Accueil\",\"item\":\"https:\/\/www.pressenza.com\/es\/\"},{\"@type\":\"ListItem\",\"position\":2,\"name\":\"Palestina presentar\u00e1 solicitud para membres\u00eda plena en la ONU\"}]},{\"@type\":\"WebSite\",\"@id\":\"https:\/\/www.pressenza.com\/es\/#website\",\"url\":\"https:\/\/www.pressenza.com\/es\/\",\"name\":\"Pressenza\",\"description\":\"International Press Agency\",\"publisher\":{\"@id\":\"https:\/\/www.pressenza.com\/es\/#organization\"},\"potentialAction\":[{\"@type\":\"SearchAction\",\"target\":{\"@type\":\"EntryPoint\",\"urlTemplate\":\"https:\/\/www.pressenza.com\/es\/?s={search_term_string}\"},\"query-input\":{\"@type\":\"PropertyValueSpecification\",\"valueRequired\":true,\"valueName\":\"search_term_string\"}}],\"inLanguage\":\"es\"},{\"@type\":\"Organization\",\"@id\":\"https:\/\/www.pressenza.com\/es\/#organization\",\"name\":\"Pressenza\",\"url\":\"https:\/\/www.pressenza.com\/es\/\",\"logo\":{\"@type\":\"ImageObject\",\"inLanguage\":\"es\",\"@id\":\"https:\/\/www.pressenza.com\/es\/#\/schema\/logo\/image\/\",\"url\":\"https:\/\/www.pressenza.com\/wp-content\/uploads\/2022\/10\/pressenza_logo_200x200.jpg\",\"contentUrl\":\"https:\/\/www.pressenza.com\/wp-content\/uploads\/2022\/10\/pressenza_logo_200x200.jpg\",\"width\":200,\"height\":200,\"caption\":\"Pressenza\"},\"image\":{\"@id\":\"https:\/\/www.pressenza.com\/es\/#\/schema\/logo\/image\/\"},\"sameAs\":[\"https:\/\/www.facebook.com\/PressenzaItalia\",\"https:\/\/x.com\/PressenzaIPA\"]},{\"@type\":\"Person\",\"@id\":\"https:\/\/www.pressenza.com\/es\/#\/schema\/person\/e35c78ffa242d98f4f49ccb18c8631de\",\"name\":\"Prensa Latina\",\"description\":\"www.prensa-latina.cu\",\"sameAs\":[\"https:\/\/www.facebook.com\/AgenciaPrensaLatina\",\"https:\/\/x.com\/prensalatina_cu\"],\"url\":\"https:\/\/www.pressenza.com\/es\/author\/prensa-latina\/\"}]}<\/script>\n<!-- \/ Yoast SEO plugin. -->","yoast_head_json":{"title":"Palestina presentar\u00e1 solicitud para membres\u00eda plena en la ONU","description":"El ministro de Asuntos Exteriores y Expatriados, Riyad al-Malki, anunci\u00f3 hoy que Palestina iniciar\u00e1 una solicitud para obtener la membres\u00eda plena del","robots":{"index":"index","follow":"follow","max-snippet":"max-snippet:-1","max-image-preview":"max-image-preview:large","max-video-preview":"max-video-preview:-1"},"canonical":"https:\/\/www.pressenza.com\/es\/2018\/12\/palestina-presentara-solicitud-para-membresia-plena-en-la-onu\/","og_locale":"es_ES","og_type":"article","og_title":"Palestina presentar\u00e1 solicitud para membres\u00eda plena en la ONU","og_description":"El ministro de Asuntos Exteriores y Expatriados, Riyad al-Malki, anunci\u00f3 hoy que Palestina iniciar\u00e1 una solicitud para obtener la membres\u00eda plena del","og_url":"https:\/\/www.pressenza.com\/es\/2018\/12\/palestina-presentara-solicitud-para-membresia-plena-en-la-onu\/","og_site_name":"Pressenza","article_publisher":"https:\/\/www.facebook.com\/PressenzaItalia","article_author":"https:\/\/www.facebook.com\/AgenciaPrensaLatina","article_published_time":"2018-12-26T21:19:07+00:00","og_image":[{"width":748,"height":498,"url":"https:\/\/www.pressenza.com\/wp-content\/uploads\/2018\/12\/Riyad-al-Malki.jpg","type":"image\/jpeg"}],"author":"Prensa Latina","twitter_card":"summary_large_image","twitter_creator":"@prensalatina_cu","twitter_site":"@PressenzaIPA","twitter_misc":{"Escrito por":"Prensa Latina","Tiempo de lectura":"1 minuto"},"schema":{"@context":"https:\/\/schema.org","@graph":[{"@type":"Article","@id":"https:\/\/www.pressenza.com\/es\/2018\/12\/palestina-presentara-solicitud-para-membresia-plena-en-la-onu\/#article","isPartOf":{"@id":"https:\/\/www.pressenza.com\/es\/2018\/12\/palestina-presentara-solicitud-para-membresia-plena-en-la-onu\/"},"author":{"name":"Prensa Latina","@id":"https:\/\/www.pressenza.com\/es\/#\/schema\/person\/e35c78ffa242d98f4f49ccb18c8631de"},"headline":"Palestina presentar\u00e1 solicitud para membres\u00eda plena en la ONU","datePublished":"2018-12-26T21:19:07+00:00","mainEntityOfPage":{"@id":"https:\/\/www.pressenza.com\/es\/2018\/12\/palestina-presentara-solicitud-para-membresia-plena-en-la-onu\/"},"wordCount":248,"publisher":{"@id":"https:\/\/www.pressenza.com\/es\/#organization"},"image":{"@id":"https:\/\/www.pressenza.com\/es\/2018\/12\/palestina-presentara-solicitud-para-membresia-plena-en-la-onu\/#primaryimage"},"thumbnailUrl":"https:\/\/www.pressenza.com\/wp-content\/uploads\/2018\/12\/Riyad-al-Malki.jpg","keywords":["Autoridad Nacional Palestina","cuesti\u00f3n israel-palestina","Naciones Unidas","territorios ocupados"],"articleSection":["Medio Oriente","Paz y Desarme"],"inLanguage":"es"},{"@type":"WebPage","@id":"https:\/\/www.pressenza.com\/es\/2018\/12\/palestina-presentara-solicitud-para-membresia-plena-en-la-onu\/","url":"https:\/\/www.pressenza.com\/es\/2018\/12\/palestina-presentara-solicitud-para-membresia-plena-en-la-onu\/","name":"Palestina presentar\u00e1 solicitud para membres\u00eda plena en la ONU","isPartOf":{"@id":"https:\/\/www.pressenza.com\/es\/#website"},"primaryImageOfPage":{"@id":"https:\/\/www.pressenza.com\/es\/2018\/12\/palestina-presentara-solicitud-para-membresia-plena-en-la-onu\/#primaryimage"},"image":{"@id":"https:\/\/www.pressenza.com\/es\/2018\/12\/palestina-presentara-solicitud-para-membresia-plena-en-la-onu\/#primaryimage"},"thumbnailUrl":"https:\/\/www.pressenza.com\/wp-content\/uploads\/2018\/12\/Riyad-al-Malki.jpg","datePublished":"2018-12-26T21:19:07+00:00","description":"El ministro de Asuntos Exteriores y Expatriados, Riyad al-Malki, anunci\u00f3 hoy que Palestina iniciar\u00e1 una solicitud para obtener la membres\u00eda plena del","breadcrumb":{"@id":"https:\/\/www.pressenza.com\/es\/2018\/12\/palestina-presentara-solicitud-para-membresia-plena-en-la-onu\/#breadcrumb"},"inLanguage":"es","potentialAction":[{"@type":"ReadAction","target":["https:\/\/www.pressenza.com\/es\/2018\/12\/palestina-presentara-solicitud-para-membresia-plena-en-la-onu\/"]}]},{"@type":"ImageObject","inLanguage":"es","@id":"https:\/\/www.pressenza.com\/es\/2018\/12\/palestina-presentara-solicitud-para-membresia-plena-en-la-onu\/#primaryimage","url":"https:\/\/www.pressenza.com\/wp-content\/uploads\/2018\/12\/Riyad-al-Malki.jpg","contentUrl":"https:\/\/www.pressenza.com\/wp-content\/uploads\/2018\/12\/Riyad-al-Malki.jpg","width":748,"height":498},{"@type":"BreadcrumbList","@id":"https:\/\/www.pressenza.com\/es\/2018\/12\/palestina-presentara-solicitud-para-membresia-plena-en-la-onu\/#breadcrumb","itemListElement":[{"@type":"ListItem","position":1,"name":"Accueil","item":"https:\/\/www.pressenza.com\/es\/"},{"@type":"ListItem","position":2,"name":"Palestina presentar\u00e1 solicitud para membres\u00eda plena en la ONU"}]},{"@type":"WebSite","@id":"https:\/\/www.pressenza.com\/es\/#website","url":"https:\/\/www.pressenza.com\/es\/","name":"Pressenza","description":"International Press Agency","publisher":{"@id":"https:\/\/www.pressenza.com\/es\/#organization"},"potentialAction":[{"@type":"SearchAction","target":{"@type":"EntryPoint","urlTemplate":"https:\/\/www.pressenza.com\/es\/?s={search_term_string}"},"query-input":{"@type":"PropertyValueSpecification","valueRequired":true,"valueName":"search_term_string"}}],"inLanguage":"es"},{"@type":"Organization","@id":"https:\/\/www.pressenza.com\/es\/#organization","name":"Pressenza","url":"https:\/\/www.pressenza.com\/es\/","logo":{"@type":"ImageObject","inLanguage":"es","@id":"https:\/\/www.pressenza.com\/es\/#\/schema\/logo\/image\/","url":"https:\/\/www.pressenza.com\/wp-content\/uploads\/2022\/10\/pressenza_logo_200x200.jpg","contentUrl":"https:\/\/www.pressenza.com\/wp-content\/uploads\/2022\/10\/pressenza_logo_200x200.jpg","width":200,"height":200,"caption":"Pressenza"},"image":{"@id":"https:\/\/www.pressenza.com\/es\/#\/schema\/logo\/image\/"},"sameAs":["https:\/\/www.facebook.com\/PressenzaItalia","https:\/\/x.com\/PressenzaIPA"]},{"@type":"Person","@id":"https:\/\/www.pressenza.com\/es\/#\/schema\/person\/e35c78ffa242d98f4f49ccb18c8631de","name":"Prensa Latina","description":"www.prensa-latina.cu","sameAs":["https:\/\/www.facebook.com\/AgenciaPrensaLatina","https:\/\/x.com\/prensalatina_cu"],"url":"https:\/\/www.pressenza.com\/es\/author\/prensa-latina\/"}]}},"place":"Ramallah, Palestina","original_article_url":"https:\/\/www.prensa-latina.cu\/index.php?o=rn&id=240109&SEO=palestina-presentara-solicitud-para-membresia-plena-en-la-onu","_links":{"self":[{"href":"https:\/\/www.pressenza.com\/es\/wp-json\/wp\/v2\/posts\/780802","targetHints":{"allow":["GET"]}}],"collection":[{"href":"https:\/\/www.pressenza.com\/es\/wp-json\/wp\/v2\/posts"}],"about":[{"href":"https:\/\/www.pressenza.com\/es\/wp-json\/wp\/v2\/types\/post"}],"author":[{"embeddable":true,"href":"https:\/\/www.pressenza.com\/es\/wp-json\/wp\/v2\/users\/90"}],"replies":[{"embeddable":true,"href":"https:\/\/www.pressenza.com\/es\/wp-json\/wp\/v2\/comments?post=780802"}],"version-history":[{"count":0,"href":"https:\/\/www.pressenza.com\/es\/wp-json\/wp\/v2\/posts\/780802\/revisions"}],"wp:featuredmedia":[{"embeddable":true,"href":"https:\/\/www.pressenza.com\/es\/wp-json\/wp\/v2\/media\/780803"}],"wp:attachment":[{"href":"https:\/\/www.pressenza.com\/es\/wp-json\/wp\/v2\/media?parent=780802"}],"wp:term":[{"taxonomy":"category","embeddable":true,"href":"https:\/\/www.pressenza.com\/es\/wp-json\/wp\/v2\/categories?post=780802"},{"taxonomy":"post_tag","embeddable":true,"href":"https:\/\/www.pressenza.com\/es\/wp-json\/wp\/v2\/tags?post=780802"}],"curies":[{"name":"wp","href":"https:\/\/api.w.org\/{rel}","templated":true}]}}