{"id":780580,"date":"2018-12-25T20:09:00","date_gmt":"2018-12-25T20:09:00","guid":{"rendered":"https:\/\/www.pressenza.com\/?p=780580"},"modified":"2018-12-25T20:09:00","modified_gmt":"2018-12-25T20:09:00","slug":"2019-un-nuevo-capitulo-de-la-disputa-por-el-futuro","status":"publish","type":"post","link":"https:\/\/www.pressenza.com\/es\/2018\/12\/2019-un-nuevo-capitulo-de-la-disputa-por-el-futuro\/","title":{"rendered":"2019: un nuevo cap\u00edtulo de la disputa por el futuro"},"content":{"rendered":"<p>por Javier Tolcachier<\/p>\n<p>Por estas \u00e9pocas del a\u00f1o suelen o\u00edrse llamados a la concordia y la convivencia fraterna. Haciendo a un lado la hipocres\u00eda de quienes conciben la \u201cpaz social\u201d como mecanismo para blindar la injusticia, no hay duda que los pueblos en estas fechas se desean honestamente un per\u00edodo de mayor calidez, de cercan\u00eda y humanidad. Del mismo modo que expresan con sinceridad de coraz\u00f3n, augurios de un a\u00f1o mejor.<\/p>\n<p>Pasada la tregua, la ilusi\u00f3n de fin de a\u00f1o se desvanece, dejando ver que ninguno de los conflictos ha desaparecido verdaderamente. Lo que encall\u00f3 a las orillas del nuevo a\u00f1o ah\u00ed est\u00e1, a la espera de la nueva marea de sucesos, de un oleaje que traiga consigo transformaci\u00f3n. Oleaje en el que corremos peligro de ser arrastrados, de no ser capaces de reflexionar, ver con mayor claridad y sentar postura frente a los principales conflictos.<\/p>\n<p>Esto vale del mismo modo para quienes pretenden sostener posiciones de presunta \u201cimparcialidad\u201d, cercana en muchos casos a la fuga o al descompromiso, al cinismo, la indiferencia y \u00bfc\u00f3mo no? tambi\u00e9n al temor, la decepci\u00f3n, la amenaza, la segregaci\u00f3n, el chantaje o la persecuci\u00f3n. A\u00fan fundada, la pasividad, la no elecci\u00f3n, tienen como consecuencia convertirse en objeto y no en sujeto de las circunstancias por venir.<\/p>\n<p><strong>Los conflictos\u00a0 <\/strong><\/p>\n<p>Los conflictos existentes son polaridades, campos de \u201cmagnetismo social\u201d, alrededor de los cuales se agregar\u00e1n los grandes conjuntos humanos en el y los a\u00f1os venideros. Del potencial que cada polaridad acumule, depender\u00e1 la direcci\u00f3n que tomen los acontecimientos.<\/p>\n<p>Las problem\u00e1ticas est\u00e1n \u00edntimamente entrelazadas, conformando una estructura en la que unas piezas engarzan con otras. Sin embargo pueden ser observadas en detalle sin adjudicarles prelaci\u00f3n, linealidad o jerarqu\u00edas.<\/p>\n<p><strong>Igualdad de oportunidades vs exclusi\u00f3n social<\/strong><\/p>\n<p>El art\u00edculo 25 de la Declaraci\u00f3n Universal de los Derechos Humanos enuncia que \u201cToda persona tiene derecho a un nivel de vida adecuado que le asegure, as\u00ed como a su familia, la salud y el bienestar, y en especial la alimentaci\u00f3n, el vestido, la vivienda, la asistencia m\u00e9dica y los servicios sociales necesarios; tiene asimismo derecho a los seguros en caso de desempleo, enfermedad, invalidez, viudez, vejez u otros casos de p\u00e9rdida de sus medios de subsistencia por circunstancias independientes de su voluntad.\u201d<\/p>\n<p>70 a\u00f1os despu\u00e9s de haber sido consagrada esta Declaraci\u00f3n, la realidad es bien distinta. Seg\u00fan el informe \u201cPremiar el trabajo, no la riqueza\u201d (Oxfam Internacional, 2018)<a href=\"#_ftn1\" name=\"_ftnref1\">[1]<\/a> el 1% m\u00e1s rico sigue acumulando m\u00e1s riqueza que el resto de la humanidad. Citando distintas fuentes, el mismo informe se\u00f1ala que \u201ccerca del 43% de la poblaci\u00f3n joven activa no tiene trabajo o, si trabaja, sigue viviendo en la pobreza. M\u00e1s de 500 millones de j\u00f3venes sobreviven con menos de 2 d\u00f3lares al d\u00eda.\u201d<\/p>\n<p>En Am\u00e9rica Latina y el Caribe, en 2017 el 10% m\u00e1s rico de la poblaci\u00f3n concentr\u00f3 el 68% de la riqueza total, mientras que el 50% m\u00e1s pobre cont\u00f3 solamente con un 3.5% para sobrevivir, agrega la citada fuente.<\/p>\n<p>Por otra parte, 821 millones de personas padecen hambre en el mundo -una de cada nueve- y m\u00e1s de 150 millones de ni\u00f1os sufren retraso del crecimiento, indic\u00f3 la ONU en un informe dado a conocer el pasado Septiembre en Roma. <a href=\"#_ftn2\" name=\"_ftnref2\">[2]<\/a> Lejos de retroceder, el hambre ha aumentado en los \u00faltimos tres a\u00f1os, volviendo a los niveles de diez a\u00f1os atr\u00e1s.<\/p>\n<p>Ante esta barbarie, los esfuerzos pol\u00edticos por paliar la desigualdad y el hambre son arteramente combatidos por quienes generan el problema -la banca y las corporaciones de negocios- en una espiral irracional de violencia econ\u00f3mica que arroja a los grandes conjuntos a la asfixia y la desesperaci\u00f3n.<\/p>\n<p>La escala del agravio corresponde a un genocidio social que se parapeta detr\u00e1s de la \u201cinviolabilidad\u201d de la propiedad privada, o sea, de la acumulaci\u00f3n ilimitada. Frente a tama\u00f1o atropello, la articulaci\u00f3n de las mayor\u00edas bajo las banderas de la inclusi\u00f3n social y la desmercantilizaci\u00f3n de la subsistencia digna es hist\u00f3ricamente inevitable, pero debe acelerarse.<\/p>\n<p><strong>Autodeterminaci\u00f3n, cooperaci\u00f3n, integraci\u00f3n vs unilateralismo y nacionalismo<\/strong><\/p>\n<p>La posibilidad de relacionamiento paritario entre naciones, muchas de ellas reci\u00e9n emancipadas del colonialismo luego de la Segunda Guerra Mundial, fue sepultada por la confrontaci\u00f3n de bloques primero y por la globalizaci\u00f3n despu\u00e9s, arrollando toda posible autodeterminaci\u00f3n. Ante esta nueva dependencia los pa\u00edses del Sur global determinados a hacer valer su autonom\u00eda, amplificaron sus relaciones bilaterales y construyeron mecanismos multilaterales diversos. El objetivo de integrar virtudes y debilidades fue hacer fuerza com\u00fan frente a la usurpaci\u00f3n de facto. Al mismo tiempo, actores como China, India y Rusia emergieron o resurgieron en el tablero mundial, socavando la potestad \u00fanica de EEUU (y de Occidente) en la esfera internacional.<\/p>\n<p>Los nacionalismos surgidos en todo el mundo y gobernantes hoy en muchos pa\u00edses resultan de una reacci\u00f3n al intento de dominaci\u00f3n mundial unipolar y la transferencia de poder de los Estados a las corporaciones transnacionales, como resistencia a la centralizaci\u00f3n f\u00e1ctica del poder econ\u00f3mico contraria a las necesidades populares. Al mismo tiempo, la decadencia del poder occidental pretende defenderse de su ocaso definitivo rompiendo las reglas de juego internacionales en el justo momento en que empieza a perder la partida, intentando imponer una vez m\u00e1s el propio inter\u00e9s como \u00fanica regla posible.<\/p>\n<p>Frente a la irracionalidad del poder \u00fanico, la relaci\u00f3n solidaria entre pueblos y estados, la cooperaci\u00f3n, la autodeterminaci\u00f3n de los pueblos y su integraci\u00f3n creciente hacia un nuevo paradigma de \u201cnaci\u00f3n humana universal\u201d, la lucha por la desconcentraci\u00f3n del poder de las corporaciones trasnacionales aparecen como el sendero a transitar.<\/p>\n<p><strong>Guerras o Paz<\/strong><\/p>\n<p>El inter\u00e9s colonial por monopolizar recursos y mercados, por imponer normas culturales \u00fanicas, sigue vigente. Ese inter\u00e9s, junto al gigantesco negocio del armamentismo, contin\u00faa siendo el promotor de guerras. Las rivalidades hist\u00f3ricas existentes, no son las causantes de las masacres b\u00e9licas, sino que son avivadas y propagadas por los poderes para dividir, enfrentar y conquistar.<\/p>\n<p>Frente a ese frenes\u00ed destructivo, el estandarte de la paz supone una propuesta y conducta revolucionaria, ya que constituye un escal\u00f3n de conciencia superior imprescindible para encarar verdaderos desaf\u00edos de unidad popular y liberaci\u00f3n del sometimiento.<\/p>\n<p><strong>Democracia participativa para derrotar al fascismo <\/strong><\/p>\n<p>Los esquemas democr\u00e1ticos est\u00e1n severamente da\u00f1ados. Los pueblos est\u00e1n efectivamente alejados de toda decisi\u00f3n y los funcionarios electos suelen alejarse de sus electores viviendo en espacios autistas, aprovechando adem\u00e1s los beneficios de su posici\u00f3n privilegiada. La excepci\u00f3n, aquellos militantes o dirigentes, que en base a un f\u00e9rreo prop\u00f3sito de servicio al pueblo intentan sustraerse a esa pandemia, son atacados por los medios hegemonizados por el capital, juzgados por causas inexistentes y condenados sin pruebas.<\/p>\n<p>El lawfare, la persecuci\u00f3n y proscripci\u00f3n pol\u00edtica de l\u00edderes populares, el macartismo de los gobiernos ultraderechistas, son anticuerpos de la plutocracia del dinero que rechaza as\u00ed toda \u201cinjerencia democr\u00e1tica en sus asuntos internos\u201d, es decir, en sus negocios.<\/p>\n<p>Los personajes de extrema derecha cuentan con el apoyo del capital para reprimir revueltas y garantizar su protecci\u00f3n. Pero tambi\u00e9n concitan la adhesi\u00f3n de una gran parte del pueblo llano, cegada por un rencor manipulado medi\u00e1ticamente pero tambi\u00e9n hastiada de una parodia de democracia autorreferente. En la percepci\u00f3n de este amplio sector, la democracia \u201crealmente existente\u201d se ha vuelto est\u00e9ril, incoherente, mentirosa, envilecida, incapaz de poner fin a la injusticia y dar soluci\u00f3n a las urgencias populares.<\/p>\n<p>La futura democracia, tendr\u00e1 que ser profunda o no podr\u00e1 reconstituirse. El \u00fanico modo de regenerar el esp\u00edritu democr\u00e1tico, al tiempo de equilibrar el enorme contrapeso antidemocr\u00e1tico del poder econ\u00f3mico, ser\u00e1 dar amplia participaci\u00f3n a los pueblos en las decisiones. La democracia participativa se extender\u00e1, en un aprendizaje de errores y aciertos, para dar finalmente por tierra al \u201cAncien R\u00e9gime\u201d de una representaci\u00f3n cooptada por el poder real.<\/p>\n<p><strong>Soberan\u00eda alimentaria, Buen Vivir y Reforma agraria vs cat\u00e1strofe clim\u00e1tica<\/strong><\/p>\n<p>Capitalismo es sin\u00f3nimo de violencia humana y medioambiental. Los recursos comunes del planeta son enajenados por una minor\u00eda que saca ventajas de posiciones de fuerza para dominar al resto. La irracionalidad del desperdicio, de la desigual utilizaci\u00f3n energ\u00e9tica entre Norte y Sur, de la permanente extracci\u00f3n y contaminaci\u00f3n de suelos, aire, cuencas h\u00eddricas, del monocultivo agrario, de la especulaci\u00f3n inmobiliaria. La exhalaci\u00f3n carb\u00f3nica de un mundo exaltado, la deforestaci\u00f3n, el envenenamiento de los cultivos, el consumo fren\u00e9tico\u2026 \u00bfacaso hay algo sustentable en ello? No existe un \u201ccapitalismo sustentable\u201d, ni \u201ctecnolog\u00eda verde\u201d que lo vuelva sustentable, ya que la maximizaci\u00f3n del beneficio \u2013 energ\u00eda motora del capital \u2013 no tolera limitaciones ecol\u00f3gicas. El r\u00e9dito particular no acepta razones colectivas.<\/p>\n<p>Por tanto, la \u00fanica salvaguarda real del entorno que posibilita la vida en este planeta pasa por la transformaci\u00f3n sist\u00e9mica hacia un modo de vida que ponga como valor central el reparto de la riqueza como bien finito y com\u00fan. Un sistema nuevo que consagre el derecho a compartir, desde\u00f1e el consumo desenfrenado como irrelevante para la felicidad y priorice el bienestar colectivo por sobre el ego\u00edsmo individual.<\/p>\n<p><strong>Feminismo vs patriarcado<\/strong><\/p>\n<p>La masiva movilizaci\u00f3n de mujeres exigiendo el fin de un sistema de dominaci\u00f3n patriarcal continuar\u00e1 siendo uno de los temas centrales en la agenda pol\u00edtica del nuevo a\u00f1o. El conflicto ser\u00e1 uno de los principales ejes de tensi\u00f3n intergeneracional y cobrar\u00e1 una enorme relevancia al poner en discusi\u00f3n h\u00e1bitos arraigados en las distintas culturas, alcanzando una dimensi\u00f3n global in\u00e9dita.<\/p>\n<p>Las mujeres ser\u00e1n un factor clave para la re-definici\u00f3n de relaciones de fuerza frente a la reacci\u00f3n conservadora producida por la vor\u00e1gine de cambios, las incertezas existenciales y la falta de oportunidades de subsistencia y desarrollo humano que presenta el sistema actual.<\/p>\n<p><strong>Ciudadan\u00eda Universal vs criminalizaci\u00f3n y discriminaci\u00f3n de migrantes<\/strong><\/p>\n<p>No habr\u00e1 muro, valla o ej\u00e9rcito que logre contener la migraci\u00f3n desesperada, si no se acaba con las guerras, el hambre, la violencia producida por la miseria, la desigualdad local y entre regiones del mundo.<\/p>\n<p>No habr\u00e1 migraci\u00f3n justa y libre, si las empresas insisten en atraer mano de obra precarizada, en situaci\u00f3n de ilegalidad, para evadir responsabilidades derivadas del derecho laboral vigente. No desaparecer\u00e1 la discriminaci\u00f3n, mientras se culpe a los inmigrantes por la falta de trabajo, en vez de se\u00f1alar el vaciamiento productivo del capitalismo usurero y especulativo.<\/p>\n<p>La ciudadan\u00eda Universal, la libertad de elegir el lugar de pertenencia y la igualdad de derechos para todo ser humano m\u00e1s all\u00e1 de su proveniencia, s\u00f3lo se har\u00e1 realidad en el marco de un nuevo sistema, como ya se esboz\u00f3 en apartados anteriores.<\/p>\n<p><strong>Sentido de comunidad y renovado proyecto transformador vs avance retr\u00f3grado<\/strong><\/p>\n<p>Muchos seres humanos se sienten arrastrados por veloces acontecimientos que no dominan, dejando atr\u00e1s realidades conocidas en el mundo familiar, laboral, profesional y de relaci\u00f3n. Vivimos en un mundo acelerado que borra de la faz de la tierra aquel paisaje que cre\u00edamos que iba a durar para siempre. En pocos a\u00f1os, poco queda de lo anterior, salvo en la memoria\u2026 y los libros de historia.<\/p>\n<p>Ese es uno de los v\u00e9rtices que llevan a a\u00f1orar un mundo perdido, a idealizar con nostalgia el pasado, a criticar las \u201cnuevas costumbres\u201d, a reclamar la devoluci\u00f3n de una realidad irrecuperable. Es uno de los principales factores que motivan la visi\u00f3n retr\u00f3grada.<\/p>\n<p>Alimentan esa visi\u00f3n el c\u00famulo de dificultades sociales presentes ya esbozadas, que presionan por salidas r\u00e1pidas. La angustia personal y social es multiplicada por la soledad, la fugacidad de lazos de relaci\u00f3n y la ruptura de pertenencias que den cobijo en medio del vendaval de inseguridades y violencias. A todo ello se suma la banalidad de un mundo que agota sus opciones en un hedonismo consumista, en un recorrido fatigoso que conduce fatalmente hacia la muerte.<\/p>\n<p>Todo esto explica porqu\u00e9 las opciones eclesi\u00e1sticas conservadoras avanzan, ofreciendo una oferta atrayente ante el desamparo y exclusi\u00f3n de una civilizaci\u00f3n acelerada, vac\u00eda y violenta.<\/p>\n<p>A esta correntada contrahist\u00f3rica se debe contraponer un proyecto fuerte y no transigible de transformaci\u00f3n social, que adem\u00e1s de contemplar las necesidades f\u00edsicas y biol\u00f3gicas, contenga tambi\u00e9n las emocionales y las existenciales. Una pr\u00e1ctica social que sostenga a cada persona en un tejido de comunidad.<\/p>\n<p>Un proyecto que pondere a los seres humanos sobre toda otra consideraci\u00f3n y que en s\u00ed mismo, dote de un nuevo sentido a la vida humana. Un sentido de evoluci\u00f3n, de crecimiento colectivo, que permita el nacimiento de una especie humana renovada, que d\u00e9 alas al viejo mito de la Mujer y el Hombre nuevos.<\/p>\n<p>A lo enunciado deber\u00edamos dedicar nuestros esfuerzos, aunar en ello nuestras luchas, hacia ese horizonte hacer converger la bienvenida diversidad.<\/p>\n<p>Que tengan buenos festejos y renueven energ\u00edas para el a\u00f1o que comienza, un nuevo cap\u00edtulo en la disputa por el futuro.<\/p>\n<p>&nbsp;<\/p>\n<p><a href=\"#_ftnref1\" name=\"_ftn1\">[1]<\/a>\u00a0 Informe \u201c<em>Premiar el trabajo, no la riqueza<\/em>\u201d, Oxfam International (Enero 2018). <a href=\"http:\/\/bit.ly\/2BeZCV1\">http:\/\/bit.ly\/2BeZCV1<\/a><\/p>\n<p><a href=\"#_ftnref2\" name=\"_ftn2\">[2]<\/a> <em>El estado de la seguridad alimentaria y la nutrici\u00f3n en el mundo 2018, Naciones Unidas<\/em><\/p>\n","protected":false},"excerpt":{"rendered":"<p>por Javier Tolcachier Por estas \u00e9pocas del a\u00f1o suelen o\u00edrse llamados a la concordia y la convivencia fraterna. Haciendo a un lado la hipocres\u00eda de quienes conciben la \u201cpaz social\u201d como mecanismo para blindar la injusticia, no hay duda que&hellip;<\/p>\n","protected":false},"author":970,"featured_media":780581,"comment_status":"closed","ping_status":"closed","sticky":false,"template":"","format":"standard","meta":{"footnotes":""},"categories":[11389,1240,161],"tags":[3467,7626,1497,53145],"class_list":["post-780580","post","type-post","status-publish","format-standard","has-post-thumbnail","hentry","category-contenido-original","category-humanismo-espiritualidad","category-opiniones","tag-antifascismo","tag-conflictos","tag-movimientos-sociales","tag-proyecto-humanista"],"yoast_head":"<!-- This site is optimized with the Yoast SEO plugin v27.1.1 - https:\/\/yoast.com\/product\/yoast-seo-wordpress\/ -->\n<title>2019: un nuevo cap\u00edtulo de la disputa por el futuro<\/title>\n<meta name=\"description\" content=\"por Javier Tolcachier Por estas \u00e9pocas del a\u00f1o suelen o\u00edrse llamados a la concordia y la convivencia fraterna. Haciendo a un lado la hipocres\u00eda de quienes\" \/>\n<meta name=\"robots\" content=\"index, follow, max-snippet:-1, max-image-preview:large, max-video-preview:-1\" \/>\n<link rel=\"canonical\" href=\"https:\/\/www.pressenza.com\/es\/2018\/12\/2019-un-nuevo-capitulo-de-la-disputa-por-el-futuro\/\" \/>\n<meta property=\"og:locale\" content=\"es_ES\" \/>\n<meta property=\"og:type\" content=\"article\" \/>\n<meta property=\"og:title\" content=\"2019: un nuevo cap\u00edtulo de la disputa por el futuro\" \/>\n<meta property=\"og:description\" content=\"por Javier Tolcachier Por estas \u00e9pocas del a\u00f1o suelen o\u00edrse llamados a la concordia y la convivencia fraterna. Haciendo a un lado la hipocres\u00eda de quienes\" \/>\n<meta property=\"og:url\" content=\"https:\/\/www.pressenza.com\/es\/2018\/12\/2019-un-nuevo-capitulo-de-la-disputa-por-el-futuro\/\" \/>\n<meta property=\"og:site_name\" content=\"Pressenza\" \/>\n<meta property=\"article:publisher\" content=\"https:\/\/www.facebook.com\/PressenzaItalia\" \/>\n<meta property=\"article:author\" content=\"https:\/\/www.facebook.com\/javier.tolcachier?fref=ts\" \/>\n<meta property=\"article:published_time\" content=\"2018-12-25T20:09:00+00:00\" \/>\n<meta property=\"og:image\" content=\"https:\/\/www.pressenza.com\/wp-content\/uploads\/2018\/12\/balloon-3206530_1920.jpg\" \/>\n\t<meta property=\"og:image:width\" content=\"1920\" \/>\n\t<meta property=\"og:image:height\" content=\"1503\" \/>\n\t<meta property=\"og:image:type\" content=\"image\/jpeg\" \/>\n<meta name=\"author\" content=\"Javier Tolcachier\" \/>\n<meta name=\"twitter:card\" content=\"summary_large_image\" \/>\n<meta name=\"twitter:creator\" content=\"@jtolcachier\" \/>\n<meta name=\"twitter:site\" content=\"@PressenzaIPA\" \/>\n<meta name=\"twitter:label1\" content=\"Escrito por\" \/>\n\t<meta name=\"twitter:data1\" content=\"Javier Tolcachier\" \/>\n\t<meta name=\"twitter:label2\" content=\"Tiempo de lectura\" \/>\n\t<meta name=\"twitter:data2\" content=\"11 minutos\" \/>\n<script type=\"application\/ld+json\" class=\"yoast-schema-graph\">{\"@context\":\"https:\/\/schema.org\",\"@graph\":[{\"@type\":\"Article\",\"@id\":\"https:\/\/www.pressenza.com\/es\/2018\/12\/2019-un-nuevo-capitulo-de-la-disputa-por-el-futuro\/#article\",\"isPartOf\":{\"@id\":\"https:\/\/www.pressenza.com\/es\/2018\/12\/2019-un-nuevo-capitulo-de-la-disputa-por-el-futuro\/\"},\"author\":{\"name\":\"Javier Tolcachier\",\"@id\":\"https:\/\/www.pressenza.com\/es\/#\/schema\/person\/f353f6d4eed144101dedba60e6227564\"},\"headline\":\"2019: un nuevo cap\u00edtulo de la disputa por el futuro\",\"datePublished\":\"2018-12-25T20:09:00+00:00\",\"mainEntityOfPage\":{\"@id\":\"https:\/\/www.pressenza.com\/es\/2018\/12\/2019-un-nuevo-capitulo-de-la-disputa-por-el-futuro\/\"},\"wordCount\":2299,\"publisher\":{\"@id\":\"https:\/\/www.pressenza.com\/es\/#organization\"},\"image\":{\"@id\":\"https:\/\/www.pressenza.com\/es\/2018\/12\/2019-un-nuevo-capitulo-de-la-disputa-por-el-futuro\/#primaryimage\"},\"thumbnailUrl\":\"https:\/\/www.pressenza.com\/wp-content\/uploads\/2018\/12\/balloon-3206530_1920.jpg\",\"keywords\":[\"antifascismo\",\"Conflictos\",\"movimientos sociales\",\"proyecto humanista\"],\"articleSection\":[\"Contenido Original\",\"Humanismo y Espiritualidad\",\"Opiniones\"],\"inLanguage\":\"es\"},{\"@type\":\"WebPage\",\"@id\":\"https:\/\/www.pressenza.com\/es\/2018\/12\/2019-un-nuevo-capitulo-de-la-disputa-por-el-futuro\/\",\"url\":\"https:\/\/www.pressenza.com\/es\/2018\/12\/2019-un-nuevo-capitulo-de-la-disputa-por-el-futuro\/\",\"name\":\"2019: un nuevo cap\u00edtulo de la disputa por el futuro\",\"isPartOf\":{\"@id\":\"https:\/\/www.pressenza.com\/es\/#website\"},\"primaryImageOfPage\":{\"@id\":\"https:\/\/www.pressenza.com\/es\/2018\/12\/2019-un-nuevo-capitulo-de-la-disputa-por-el-futuro\/#primaryimage\"},\"image\":{\"@id\":\"https:\/\/www.pressenza.com\/es\/2018\/12\/2019-un-nuevo-capitulo-de-la-disputa-por-el-futuro\/#primaryimage\"},\"thumbnailUrl\":\"https:\/\/www.pressenza.com\/wp-content\/uploads\/2018\/12\/balloon-3206530_1920.jpg\",\"datePublished\":\"2018-12-25T20:09:00+00:00\",\"description\":\"por Javier Tolcachier Por estas \u00e9pocas del a\u00f1o suelen o\u00edrse llamados a la concordia y la convivencia fraterna. Haciendo a un lado la hipocres\u00eda de quienes\",\"breadcrumb\":{\"@id\":\"https:\/\/www.pressenza.com\/es\/2018\/12\/2019-un-nuevo-capitulo-de-la-disputa-por-el-futuro\/#breadcrumb\"},\"inLanguage\":\"es\",\"potentialAction\":[{\"@type\":\"ReadAction\",\"target\":[\"https:\/\/www.pressenza.com\/es\/2018\/12\/2019-un-nuevo-capitulo-de-la-disputa-por-el-futuro\/\"]}]},{\"@type\":\"ImageObject\",\"inLanguage\":\"es\",\"@id\":\"https:\/\/www.pressenza.com\/es\/2018\/12\/2019-un-nuevo-capitulo-de-la-disputa-por-el-futuro\/#primaryimage\",\"url\":\"https:\/\/www.pressenza.com\/wp-content\/uploads\/2018\/12\/balloon-3206530_1920.jpg\",\"contentUrl\":\"https:\/\/www.pressenza.com\/wp-content\/uploads\/2018\/12\/balloon-3206530_1920.jpg\",\"width\":1920,\"height\":1503},{\"@type\":\"BreadcrumbList\",\"@id\":\"https:\/\/www.pressenza.com\/es\/2018\/12\/2019-un-nuevo-capitulo-de-la-disputa-por-el-futuro\/#breadcrumb\",\"itemListElement\":[{\"@type\":\"ListItem\",\"position\":1,\"name\":\"Accueil\",\"item\":\"https:\/\/www.pressenza.com\/es\/\"},{\"@type\":\"ListItem\",\"position\":2,\"name\":\"2019: un nuevo cap\u00edtulo de la disputa por el futuro\"}]},{\"@type\":\"WebSite\",\"@id\":\"https:\/\/www.pressenza.com\/es\/#website\",\"url\":\"https:\/\/www.pressenza.com\/es\/\",\"name\":\"Pressenza\",\"description\":\"International Press Agency\",\"publisher\":{\"@id\":\"https:\/\/www.pressenza.com\/es\/#organization\"},\"potentialAction\":[{\"@type\":\"SearchAction\",\"target\":{\"@type\":\"EntryPoint\",\"urlTemplate\":\"https:\/\/www.pressenza.com\/es\/?s={search_term_string}\"},\"query-input\":{\"@type\":\"PropertyValueSpecification\",\"valueRequired\":true,\"valueName\":\"search_term_string\"}}],\"inLanguage\":\"es\"},{\"@type\":\"Organization\",\"@id\":\"https:\/\/www.pressenza.com\/es\/#organization\",\"name\":\"Pressenza\",\"url\":\"https:\/\/www.pressenza.com\/es\/\",\"logo\":{\"@type\":\"ImageObject\",\"inLanguage\":\"es\",\"@id\":\"https:\/\/www.pressenza.com\/es\/#\/schema\/logo\/image\/\",\"url\":\"https:\/\/www.pressenza.com\/wp-content\/uploads\/2022\/10\/pressenza_logo_200x200.jpg\",\"contentUrl\":\"https:\/\/www.pressenza.com\/wp-content\/uploads\/2022\/10\/pressenza_logo_200x200.jpg\",\"width\":200,\"height\":200,\"caption\":\"Pressenza\"},\"image\":{\"@id\":\"https:\/\/www.pressenza.com\/es\/#\/schema\/logo\/image\/\"},\"sameAs\":[\"https:\/\/www.facebook.com\/PressenzaItalia\",\"https:\/\/x.com\/PressenzaIPA\"]},{\"@type\":\"Person\",\"@id\":\"https:\/\/www.pressenza.com\/es\/#\/schema\/person\/f353f6d4eed144101dedba60e6227564\",\"name\":\"Javier Tolcachier\",\"description\":\"Javier Tolcachier is a researcher from the World Centre of Humanist Studies, an organism of the Humanist Movement. Mail: javiertolcachier@disroot.org Twitter: @jtolcachier\",\"sameAs\":[\"https:\/\/www.facebook.com\/javier.tolcachier?fref=ts\",\"https:\/\/x.com\/jtolcachier\"],\"url\":\"https:\/\/www.pressenza.com\/es\/author\/javier-tolcachier\/\"}]}<\/script>\n<!-- \/ Yoast SEO plugin. -->","yoast_head_json":{"title":"2019: un nuevo cap\u00edtulo de la disputa por el futuro","description":"por Javier Tolcachier Por estas \u00e9pocas del a\u00f1o suelen o\u00edrse llamados a la concordia y la convivencia fraterna. Haciendo a un lado la hipocres\u00eda de quienes","robots":{"index":"index","follow":"follow","max-snippet":"max-snippet:-1","max-image-preview":"max-image-preview:large","max-video-preview":"max-video-preview:-1"},"canonical":"https:\/\/www.pressenza.com\/es\/2018\/12\/2019-un-nuevo-capitulo-de-la-disputa-por-el-futuro\/","og_locale":"es_ES","og_type":"article","og_title":"2019: un nuevo cap\u00edtulo de la disputa por el futuro","og_description":"por Javier Tolcachier Por estas \u00e9pocas del a\u00f1o suelen o\u00edrse llamados a la concordia y la convivencia fraterna. Haciendo a un lado la hipocres\u00eda de quienes","og_url":"https:\/\/www.pressenza.com\/es\/2018\/12\/2019-un-nuevo-capitulo-de-la-disputa-por-el-futuro\/","og_site_name":"Pressenza","article_publisher":"https:\/\/www.facebook.com\/PressenzaItalia","article_author":"https:\/\/www.facebook.com\/javier.tolcachier?fref=ts","article_published_time":"2018-12-25T20:09:00+00:00","og_image":[{"width":1920,"height":1503,"url":"https:\/\/www.pressenza.com\/wp-content\/uploads\/2018\/12\/balloon-3206530_1920.jpg","type":"image\/jpeg"}],"author":"Javier Tolcachier","twitter_card":"summary_large_image","twitter_creator":"@jtolcachier","twitter_site":"@PressenzaIPA","twitter_misc":{"Escrito por":"Javier Tolcachier","Tiempo de lectura":"11 minutos"},"schema":{"@context":"https:\/\/schema.org","@graph":[{"@type":"Article","@id":"https:\/\/www.pressenza.com\/es\/2018\/12\/2019-un-nuevo-capitulo-de-la-disputa-por-el-futuro\/#article","isPartOf":{"@id":"https:\/\/www.pressenza.com\/es\/2018\/12\/2019-un-nuevo-capitulo-de-la-disputa-por-el-futuro\/"},"author":{"name":"Javier Tolcachier","@id":"https:\/\/www.pressenza.com\/es\/#\/schema\/person\/f353f6d4eed144101dedba60e6227564"},"headline":"2019: un nuevo cap\u00edtulo de la disputa por el futuro","datePublished":"2018-12-25T20:09:00+00:00","mainEntityOfPage":{"@id":"https:\/\/www.pressenza.com\/es\/2018\/12\/2019-un-nuevo-capitulo-de-la-disputa-por-el-futuro\/"},"wordCount":2299,"publisher":{"@id":"https:\/\/www.pressenza.com\/es\/#organization"},"image":{"@id":"https:\/\/www.pressenza.com\/es\/2018\/12\/2019-un-nuevo-capitulo-de-la-disputa-por-el-futuro\/#primaryimage"},"thumbnailUrl":"https:\/\/www.pressenza.com\/wp-content\/uploads\/2018\/12\/balloon-3206530_1920.jpg","keywords":["antifascismo","Conflictos","movimientos sociales","proyecto humanista"],"articleSection":["Contenido Original","Humanismo y Espiritualidad","Opiniones"],"inLanguage":"es"},{"@type":"WebPage","@id":"https:\/\/www.pressenza.com\/es\/2018\/12\/2019-un-nuevo-capitulo-de-la-disputa-por-el-futuro\/","url":"https:\/\/www.pressenza.com\/es\/2018\/12\/2019-un-nuevo-capitulo-de-la-disputa-por-el-futuro\/","name":"2019: un nuevo cap\u00edtulo de la disputa por el futuro","isPartOf":{"@id":"https:\/\/www.pressenza.com\/es\/#website"},"primaryImageOfPage":{"@id":"https:\/\/www.pressenza.com\/es\/2018\/12\/2019-un-nuevo-capitulo-de-la-disputa-por-el-futuro\/#primaryimage"},"image":{"@id":"https:\/\/www.pressenza.com\/es\/2018\/12\/2019-un-nuevo-capitulo-de-la-disputa-por-el-futuro\/#primaryimage"},"thumbnailUrl":"https:\/\/www.pressenza.com\/wp-content\/uploads\/2018\/12\/balloon-3206530_1920.jpg","datePublished":"2018-12-25T20:09:00+00:00","description":"por Javier Tolcachier Por estas \u00e9pocas del a\u00f1o suelen o\u00edrse llamados a la concordia y la convivencia fraterna. Haciendo a un lado la hipocres\u00eda de quienes","breadcrumb":{"@id":"https:\/\/www.pressenza.com\/es\/2018\/12\/2019-un-nuevo-capitulo-de-la-disputa-por-el-futuro\/#breadcrumb"},"inLanguage":"es","potentialAction":[{"@type":"ReadAction","target":["https:\/\/www.pressenza.com\/es\/2018\/12\/2019-un-nuevo-capitulo-de-la-disputa-por-el-futuro\/"]}]},{"@type":"ImageObject","inLanguage":"es","@id":"https:\/\/www.pressenza.com\/es\/2018\/12\/2019-un-nuevo-capitulo-de-la-disputa-por-el-futuro\/#primaryimage","url":"https:\/\/www.pressenza.com\/wp-content\/uploads\/2018\/12\/balloon-3206530_1920.jpg","contentUrl":"https:\/\/www.pressenza.com\/wp-content\/uploads\/2018\/12\/balloon-3206530_1920.jpg","width":1920,"height":1503},{"@type":"BreadcrumbList","@id":"https:\/\/www.pressenza.com\/es\/2018\/12\/2019-un-nuevo-capitulo-de-la-disputa-por-el-futuro\/#breadcrumb","itemListElement":[{"@type":"ListItem","position":1,"name":"Accueil","item":"https:\/\/www.pressenza.com\/es\/"},{"@type":"ListItem","position":2,"name":"2019: un nuevo cap\u00edtulo de la disputa por el futuro"}]},{"@type":"WebSite","@id":"https:\/\/www.pressenza.com\/es\/#website","url":"https:\/\/www.pressenza.com\/es\/","name":"Pressenza","description":"International Press Agency","publisher":{"@id":"https:\/\/www.pressenza.com\/es\/#organization"},"potentialAction":[{"@type":"SearchAction","target":{"@type":"EntryPoint","urlTemplate":"https:\/\/www.pressenza.com\/es\/?s={search_term_string}"},"query-input":{"@type":"PropertyValueSpecification","valueRequired":true,"valueName":"search_term_string"}}],"inLanguage":"es"},{"@type":"Organization","@id":"https:\/\/www.pressenza.com\/es\/#organization","name":"Pressenza","url":"https:\/\/www.pressenza.com\/es\/","logo":{"@type":"ImageObject","inLanguage":"es","@id":"https:\/\/www.pressenza.com\/es\/#\/schema\/logo\/image\/","url":"https:\/\/www.pressenza.com\/wp-content\/uploads\/2022\/10\/pressenza_logo_200x200.jpg","contentUrl":"https:\/\/www.pressenza.com\/wp-content\/uploads\/2022\/10\/pressenza_logo_200x200.jpg","width":200,"height":200,"caption":"Pressenza"},"image":{"@id":"https:\/\/www.pressenza.com\/es\/#\/schema\/logo\/image\/"},"sameAs":["https:\/\/www.facebook.com\/PressenzaItalia","https:\/\/x.com\/PressenzaIPA"]},{"@type":"Person","@id":"https:\/\/www.pressenza.com\/es\/#\/schema\/person\/f353f6d4eed144101dedba60e6227564","name":"Javier Tolcachier","description":"Javier Tolcachier is a researcher from the World Centre of Humanist Studies, an organism of the Humanist Movement. Mail: javiertolcachier@disroot.org Twitter: @jtolcachier","sameAs":["https:\/\/www.facebook.com\/javier.tolcachier?fref=ts","https:\/\/x.com\/jtolcachier"],"url":"https:\/\/www.pressenza.com\/es\/author\/javier-tolcachier\/"}]}},"place":"","original_article_url":"","_links":{"self":[{"href":"https:\/\/www.pressenza.com\/es\/wp-json\/wp\/v2\/posts\/780580","targetHints":{"allow":["GET"]}}],"collection":[{"href":"https:\/\/www.pressenza.com\/es\/wp-json\/wp\/v2\/posts"}],"about":[{"href":"https:\/\/www.pressenza.com\/es\/wp-json\/wp\/v2\/types\/post"}],"author":[{"embeddable":true,"href":"https:\/\/www.pressenza.com\/es\/wp-json\/wp\/v2\/users\/970"}],"replies":[{"embeddable":true,"href":"https:\/\/www.pressenza.com\/es\/wp-json\/wp\/v2\/comments?post=780580"}],"version-history":[{"count":0,"href":"https:\/\/www.pressenza.com\/es\/wp-json\/wp\/v2\/posts\/780580\/revisions"}],"wp:featuredmedia":[{"embeddable":true,"href":"https:\/\/www.pressenza.com\/es\/wp-json\/wp\/v2\/media\/780581"}],"wp:attachment":[{"href":"https:\/\/www.pressenza.com\/es\/wp-json\/wp\/v2\/media?parent=780580"}],"wp:term":[{"taxonomy":"category","embeddable":true,"href":"https:\/\/www.pressenza.com\/es\/wp-json\/wp\/v2\/categories?post=780580"},{"taxonomy":"post_tag","embeddable":true,"href":"https:\/\/www.pressenza.com\/es\/wp-json\/wp\/v2\/tags?post=780580"}],"curies":[{"name":"wp","href":"https:\/\/api.w.org\/{rel}","templated":true}]}}