{"id":780296,"date":"2018-12-24T21:44:25","date_gmt":"2018-12-24T21:44:25","guid":{"rendered":"https:\/\/www.pressenza.com\/?p=780296"},"modified":"2018-12-25T13:21:27","modified_gmt":"2018-12-25T13:21:27","slug":"septimo-encuentro-internacional-hacia-una-educacion-humanizadora-en-mendoza","status":"publish","type":"post","link":"https:\/\/www.pressenza.com\/es\/2018\/12\/septimo-encuentro-internacional-hacia-una-educacion-humanizadora-en-mendoza\/","title":{"rendered":"S\u00e9ptimo Encuentro Internacional \u201cHacia una Educaci\u00f3n Humanizadora\u201d en Mendoza"},"content":{"rendered":"<p>El s\u00e9ptimo Encuentro Internacional \u201cHacia una Educaci\u00f3n Humanizadora\u201d  bajo el lema \u201cAprender sin l\u00edmites, un modo de estar en el mundo\u201d se llevar\u00e1 a cabo el 11, 12 y 13 de enero de 2019 en Parques de Estudio y Reflexi\u00f3n Punta de Vacas (Ruta 7 a 50 km al oeste de Uspallata, Mendoza, Argentina). Desde los talleres experienciales, mesas tem\u00e1ticas, experiencias en la Sala de Meditaci\u00f3n y exposiciones esperamos aportar desde la Corriente Pedag\u00f3gica Humanista Universalista (Copehu) a una renovada educaci\u00f3n que tanto necesitan nuestros pueblos.<\/p>\n<p>Se contar\u00e1 con la exposici\u00f3n del presidente del Colegio de Profesores de Chile, Mario Aguilar, con el panel \u201cAprendizaje y di\u00e1logo generacional\u201d, el s\u00e1bado 12 de enero a las 19. Se realizar\u00e1n adem\u00e1s los talleres \u201cLa mirada\u201d, \u201cExpresi\u00f3n corporal y mundo interno\u201d y se trabajar\u00e1 con el oficio del fuego, para captar un nuevo tono afectivo en el aprender. Tendr\u00e1n lugar tambi\u00e9n ceremonias de El Mensaje de Silo en la Sala de Meditaci\u00f3n. Se espera la presencia de educadores\/as de Chile, Brasil, Bolivia, Per\u00fa, Argentina y distintas provincias y municipios, que relatar\u00e1n sus experiencias en el campo educativo. Para inscripci\u00f3n y m\u00e1s informaci\u00f3n: www.copehu.org<\/p>\n<p>En un contexto social como el actual, en el que se desestructuran instituciones, se transforman sistemas pol\u00edticos y se caen creencias establecidas, el campo de la educaci\u00f3n no queda exento de esta situaci\u00f3n. Porque en un momento de crisis se acrecienta la confusi\u00f3n, pero tambi\u00e9n puede ser una oportunidad para dar lugar a debates que posibiliten verdaderas transformaciones. Es as\u00ed que las formas de aprendizaje, el sentido de educar, los temas que se abordan (como la tan urgente Educaci\u00f3n Sexual Integral), los \u00e1mbitos educativos a generar, son t\u00f3picos indispensables actualmente para un di\u00e1logo profundo y sincero entre toda la comunidad educativa.<\/p>\n<p>Atendiendo a la situaci\u00f3n descripta es que desde la Copehu nos encontramos generando \u00e1mbitos de encuentro, de comunicaci\u00f3n y de participaci\u00f3n entre quienes consideren necesario transformar la educaci\u00f3n en sentido humanizador. En esta oportunidad nos reuniremos bajo el lema \u201cAprender sin l\u00edmites, un modo de estar en el mundo\u201d. \u201cAprender sin l\u00edmites\u201d, como elemento de transformaci\u00f3n educativa, ligado a los distintos aprendizajes, a la intencionalidad y a la franja temporal desde que nacemos hasta que partimos de este plano material y mucho m\u00e1s all\u00e1. <\/p>\n<p>Porque los educadores\/as, pedag\u00f3gos\/as, psic\u00f3logos\/as, comunicadores\/as y estudiantes que conformamos Copehu entendemos que se requiere con suma urgencia redefinir la educaci\u00f3n desde un paradigma humanizador, transformador y liberador en direcci\u00f3n a una sociedad m\u00e1s justa, libre y verdaderamente democr\u00e1tica. Invitamos a participar a todos y todas quienes sientan el compromiso de construir en conjunto en esa direcci\u00f3n. <\/p>\n<p>&#8230;..<br \/>\nContacto de prensa<\/p>\n<p> Ivan Novotny \u2013 ivanovotny@gmail.com \u2013 facebook.com\/Copehu \u2013 www.copehu.org<\/p>\n","protected":false},"excerpt":{"rendered":"<p>El s\u00e9ptimo Encuentro Internacional \u201cHacia una Educaci\u00f3n Humanizadora\u201d bajo el lema \u201cAprender sin l\u00edmites, un modo de estar en el mundo\u201d se llevar\u00e1 a cabo el 11, 12 y 13 de enero de 2019 en Parques de Estudio y Reflexi\u00f3n&hellip;<\/p>\n","protected":false},"author":1046,"featured_media":780297,"comment_status":"closed","ping_status":"closed","sticky":false,"template":"","format":"standard","meta":{"footnotes":""},"categories":[20607],"tags":[26014,1428,393,4755],"class_list":["post-780296","post","type-post","status-publish","format-standard","has-post-thumbnail","hentry","category-sin-categorizar","tag-aprendizaje","tag-copehu","tag-educacion","tag-pedagogia-es"],"yoast_head":"<!-- This site is optimized with the Yoast SEO plugin v27.1.1 - https:\/\/yoast.com\/product\/yoast-seo-wordpress\/ -->\n<title>S\u00e9ptimo Encuentro Internacional \u201cHacia una Educaci\u00f3n Humanizadora\u201d en Mendoza<\/title>\n<meta name=\"description\" content=\"El s\u00e9ptimo Encuentro Internacional \u201cHacia una Educaci\u00f3n Humanizadora\u201d bajo el lema \u201cAprender sin l\u00edmites, un modo de estar en el mundo\u201d se llevar\u00e1 a cabo\" \/>\n<meta name=\"robots\" content=\"index, follow, max-snippet:-1, max-image-preview:large, max-video-preview:-1\" \/>\n<link rel=\"canonical\" href=\"https:\/\/www.pressenza.com\/es\/2018\/12\/septimo-encuentro-internacional-hacia-una-educacion-humanizadora-en-mendoza\/\" \/>\n<meta property=\"og:locale\" content=\"es_ES\" \/>\n<meta property=\"og:type\" content=\"article\" \/>\n<meta property=\"og:title\" content=\"S\u00e9ptimo Encuentro Internacional \u201cHacia una Educaci\u00f3n Humanizadora\u201d en Mendoza\" \/>\n<meta property=\"og:description\" content=\"El s\u00e9ptimo Encuentro Internacional \u201cHacia una Educaci\u00f3n Humanizadora\u201d bajo el lema \u201cAprender sin l\u00edmites, un modo de estar en el mundo\u201d se llevar\u00e1 a cabo\" \/>\n<meta property=\"og:url\" content=\"https:\/\/www.pressenza.com\/es\/2018\/12\/septimo-encuentro-internacional-hacia-una-educacion-humanizadora-en-mendoza\/\" \/>\n<meta property=\"og:site_name\" content=\"Pressenza\" \/>\n<meta property=\"article:publisher\" content=\"https:\/\/www.facebook.com\/PressenzaItalia\" \/>\n<meta property=\"article:author\" content=\"https:\/\/www.facebook.com\/Copehu\/\" \/>\n<meta property=\"article:published_time\" content=\"2018-12-24T21:44:25+00:00\" \/>\n<meta property=\"article:modified_time\" content=\"2018-12-25T13:21:27+00:00\" \/>\n<meta property=\"og:image\" content=\"https:\/\/www.pressenza.com\/wp-content\/uploads\/2018\/12\/FB_IMG_1544811306145.jpg\" \/>\n\t<meta property=\"og:image:width\" content=\"737\" \/>\n\t<meta property=\"og:image:height\" content=\"960\" \/>\n\t<meta property=\"og:image:type\" content=\"image\/jpeg\" \/>\n<meta name=\"author\" content=\"COPEHU\" \/>\n<meta name=\"twitter:card\" content=\"summary_large_image\" \/>\n<meta name=\"twitter:creator\" content=\"@COPEHU1\" \/>\n<meta name=\"twitter:site\" content=\"@PressenzaIPA\" \/>\n<meta name=\"twitter:label1\" content=\"Escrito por\" \/>\n\t<meta name=\"twitter:data1\" content=\"COPEHU\" \/>\n\t<meta name=\"twitter:label2\" content=\"Tiempo de lectura\" \/>\n\t<meta name=\"twitter:data2\" content=\"2 minutos\" \/>\n<script type=\"application\/ld+json\" class=\"yoast-schema-graph\">{\"@context\":\"https:\/\/schema.org\",\"@graph\":[{\"@type\":\"Article\",\"@id\":\"https:\/\/www.pressenza.com\/es\/2018\/12\/septimo-encuentro-internacional-hacia-una-educacion-humanizadora-en-mendoza\/#article\",\"isPartOf\":{\"@id\":\"https:\/\/www.pressenza.com\/es\/2018\/12\/septimo-encuentro-internacional-hacia-una-educacion-humanizadora-en-mendoza\/\"},\"author\":{\"name\":\"COPEHU\",\"@id\":\"https:\/\/www.pressenza.com\/es\/#\/schema\/person\/385bea3cd2facc332ff1bd91c50d777a\"},\"headline\":\"S\u00e9ptimo Encuentro Internacional \u201cHacia una Educaci\u00f3n Humanizadora\u201d en Mendoza\",\"datePublished\":\"2018-12-24T21:44:25+00:00\",\"dateModified\":\"2018-12-25T13:21:27+00:00\",\"mainEntityOfPage\":{\"@id\":\"https:\/\/www.pressenza.com\/es\/2018\/12\/septimo-encuentro-internacional-hacia-una-educacion-humanizadora-en-mendoza\/\"},\"wordCount\":500,\"publisher\":{\"@id\":\"https:\/\/www.pressenza.com\/es\/#organization\"},\"image\":{\"@id\":\"https:\/\/www.pressenza.com\/es\/2018\/12\/septimo-encuentro-internacional-hacia-una-educacion-humanizadora-en-mendoza\/#primaryimage\"},\"thumbnailUrl\":\"https:\/\/www.pressenza.com\/wp-content\/uploads\/2018\/12\/FB_IMG_1544811306145.jpg\",\"keywords\":[\"aprendizaje\",\"COPEHU\",\"Educaci\u00f3n\",\"pedagog\u00eda\"],\"articleSection\":[\"Sin categorizar\"],\"inLanguage\":\"es\"},{\"@type\":\"WebPage\",\"@id\":\"https:\/\/www.pressenza.com\/es\/2018\/12\/septimo-encuentro-internacional-hacia-una-educacion-humanizadora-en-mendoza\/\",\"url\":\"https:\/\/www.pressenza.com\/es\/2018\/12\/septimo-encuentro-internacional-hacia-una-educacion-humanizadora-en-mendoza\/\",\"name\":\"S\u00e9ptimo Encuentro Internacional \u201cHacia una Educaci\u00f3n Humanizadora\u201d en Mendoza\",\"isPartOf\":{\"@id\":\"https:\/\/www.pressenza.com\/es\/#website\"},\"primaryImageOfPage\":{\"@id\":\"https:\/\/www.pressenza.com\/es\/2018\/12\/septimo-encuentro-internacional-hacia-una-educacion-humanizadora-en-mendoza\/#primaryimage\"},\"image\":{\"@id\":\"https:\/\/www.pressenza.com\/es\/2018\/12\/septimo-encuentro-internacional-hacia-una-educacion-humanizadora-en-mendoza\/#primaryimage\"},\"thumbnailUrl\":\"https:\/\/www.pressenza.com\/wp-content\/uploads\/2018\/12\/FB_IMG_1544811306145.jpg\",\"datePublished\":\"2018-12-24T21:44:25+00:00\",\"dateModified\":\"2018-12-25T13:21:27+00:00\",\"description\":\"El s\u00e9ptimo Encuentro Internacional \u201cHacia una Educaci\u00f3n Humanizadora\u201d bajo el lema \u201cAprender sin l\u00edmites, un modo de estar en el mundo\u201d se llevar\u00e1 a cabo\",\"breadcrumb\":{\"@id\":\"https:\/\/www.pressenza.com\/es\/2018\/12\/septimo-encuentro-internacional-hacia-una-educacion-humanizadora-en-mendoza\/#breadcrumb\"},\"inLanguage\":\"es\",\"potentialAction\":[{\"@type\":\"ReadAction\",\"target\":[\"https:\/\/www.pressenza.com\/es\/2018\/12\/septimo-encuentro-internacional-hacia-una-educacion-humanizadora-en-mendoza\/\"]}]},{\"@type\":\"ImageObject\",\"inLanguage\":\"es\",\"@id\":\"https:\/\/www.pressenza.com\/es\/2018\/12\/septimo-encuentro-internacional-hacia-una-educacion-humanizadora-en-mendoza\/#primaryimage\",\"url\":\"https:\/\/www.pressenza.com\/wp-content\/uploads\/2018\/12\/FB_IMG_1544811306145.jpg\",\"contentUrl\":\"https:\/\/www.pressenza.com\/wp-content\/uploads\/2018\/12\/FB_IMG_1544811306145.jpg\",\"width\":737,\"height\":960},{\"@type\":\"BreadcrumbList\",\"@id\":\"https:\/\/www.pressenza.com\/es\/2018\/12\/septimo-encuentro-internacional-hacia-una-educacion-humanizadora-en-mendoza\/#breadcrumb\",\"itemListElement\":[{\"@type\":\"ListItem\",\"position\":1,\"name\":\"Accueil\",\"item\":\"https:\/\/www.pressenza.com\/es\/\"},{\"@type\":\"ListItem\",\"position\":2,\"name\":\"S\u00e9ptimo Encuentro Internacional \u201cHacia una Educaci\u00f3n Humanizadora\u201d en Mendoza\"}]},{\"@type\":\"WebSite\",\"@id\":\"https:\/\/www.pressenza.com\/es\/#website\",\"url\":\"https:\/\/www.pressenza.com\/es\/\",\"name\":\"Pressenza\",\"description\":\"International Press Agency\",\"publisher\":{\"@id\":\"https:\/\/www.pressenza.com\/es\/#organization\"},\"potentialAction\":[{\"@type\":\"SearchAction\",\"target\":{\"@type\":\"EntryPoint\",\"urlTemplate\":\"https:\/\/www.pressenza.com\/es\/?s={search_term_string}\"},\"query-input\":{\"@type\":\"PropertyValueSpecification\",\"valueRequired\":true,\"valueName\":\"search_term_string\"}}],\"inLanguage\":\"es\"},{\"@type\":\"Organization\",\"@id\":\"https:\/\/www.pressenza.com\/es\/#organization\",\"name\":\"Pressenza\",\"url\":\"https:\/\/www.pressenza.com\/es\/\",\"logo\":{\"@type\":\"ImageObject\",\"inLanguage\":\"es\",\"@id\":\"https:\/\/www.pressenza.com\/es\/#\/schema\/logo\/image\/\",\"url\":\"https:\/\/www.pressenza.com\/wp-content\/uploads\/2022\/10\/pressenza_logo_200x200.jpg\",\"contentUrl\":\"https:\/\/www.pressenza.com\/wp-content\/uploads\/2022\/10\/pressenza_logo_200x200.jpg\",\"width\":200,\"height\":200,\"caption\":\"Pressenza\"},\"image\":{\"@id\":\"https:\/\/www.pressenza.com\/es\/#\/schema\/logo\/image\/\"},\"sameAs\":[\"https:\/\/www.facebook.com\/PressenzaItalia\",\"https:\/\/x.com\/PressenzaIPA\"]},{\"@type\":\"Person\",\"@id\":\"https:\/\/www.pressenza.com\/es\/#\/schema\/person\/385bea3cd2facc332ff1bd91c50d777a\",\"name\":\"COPEHU\",\"description\":\"Corriente Pedagogica Humanista Universalista - Courant Pedagogique Humaniste Universaliste - Corrente Pedagogica Umanista Universalista - Universalist Humanist Pedagogical Current www.copehu.net\",\"sameAs\":[\"https:\/\/www.copehu.org\/\",\"https:\/\/www.facebook.com\/Copehu\/\",\"https:\/\/x.com\/COPEHU1\"],\"url\":\"https:\/\/www.pressenza.com\/es\/author\/copehu\/\"}]}<\/script>\n<!-- \/ Yoast SEO plugin. -->","yoast_head_json":{"title":"S\u00e9ptimo Encuentro Internacional \u201cHacia una Educaci\u00f3n Humanizadora\u201d en Mendoza","description":"El s\u00e9ptimo Encuentro Internacional \u201cHacia una Educaci\u00f3n Humanizadora\u201d bajo el lema \u201cAprender sin l\u00edmites, un modo de estar en el mundo\u201d se llevar\u00e1 a cabo","robots":{"index":"index","follow":"follow","max-snippet":"max-snippet:-1","max-image-preview":"max-image-preview:large","max-video-preview":"max-video-preview:-1"},"canonical":"https:\/\/www.pressenza.com\/es\/2018\/12\/septimo-encuentro-internacional-hacia-una-educacion-humanizadora-en-mendoza\/","og_locale":"es_ES","og_type":"article","og_title":"S\u00e9ptimo Encuentro Internacional \u201cHacia una Educaci\u00f3n Humanizadora\u201d en Mendoza","og_description":"El s\u00e9ptimo Encuentro Internacional \u201cHacia una Educaci\u00f3n Humanizadora\u201d bajo el lema \u201cAprender sin l\u00edmites, un modo de estar en el mundo\u201d se llevar\u00e1 a cabo","og_url":"https:\/\/www.pressenza.com\/es\/2018\/12\/septimo-encuentro-internacional-hacia-una-educacion-humanizadora-en-mendoza\/","og_site_name":"Pressenza","article_publisher":"https:\/\/www.facebook.com\/PressenzaItalia","article_author":"https:\/\/www.facebook.com\/Copehu\/","article_published_time":"2018-12-24T21:44:25+00:00","article_modified_time":"2018-12-25T13:21:27+00:00","og_image":[{"width":737,"height":960,"url":"https:\/\/www.pressenza.com\/wp-content\/uploads\/2018\/12\/FB_IMG_1544811306145.jpg","type":"image\/jpeg"}],"author":"COPEHU","twitter_card":"summary_large_image","twitter_creator":"@COPEHU1","twitter_site":"@PressenzaIPA","twitter_misc":{"Escrito por":"COPEHU","Tiempo de lectura":"2 minutos"},"schema":{"@context":"https:\/\/schema.org","@graph":[{"@type":"Article","@id":"https:\/\/www.pressenza.com\/es\/2018\/12\/septimo-encuentro-internacional-hacia-una-educacion-humanizadora-en-mendoza\/#article","isPartOf":{"@id":"https:\/\/www.pressenza.com\/es\/2018\/12\/septimo-encuentro-internacional-hacia-una-educacion-humanizadora-en-mendoza\/"},"author":{"name":"COPEHU","@id":"https:\/\/www.pressenza.com\/es\/#\/schema\/person\/385bea3cd2facc332ff1bd91c50d777a"},"headline":"S\u00e9ptimo Encuentro Internacional \u201cHacia una Educaci\u00f3n Humanizadora\u201d en Mendoza","datePublished":"2018-12-24T21:44:25+00:00","dateModified":"2018-12-25T13:21:27+00:00","mainEntityOfPage":{"@id":"https:\/\/www.pressenza.com\/es\/2018\/12\/septimo-encuentro-internacional-hacia-una-educacion-humanizadora-en-mendoza\/"},"wordCount":500,"publisher":{"@id":"https:\/\/www.pressenza.com\/es\/#organization"},"image":{"@id":"https:\/\/www.pressenza.com\/es\/2018\/12\/septimo-encuentro-internacional-hacia-una-educacion-humanizadora-en-mendoza\/#primaryimage"},"thumbnailUrl":"https:\/\/www.pressenza.com\/wp-content\/uploads\/2018\/12\/FB_IMG_1544811306145.jpg","keywords":["aprendizaje","COPEHU","Educaci\u00f3n","pedagog\u00eda"],"articleSection":["Sin categorizar"],"inLanguage":"es"},{"@type":"WebPage","@id":"https:\/\/www.pressenza.com\/es\/2018\/12\/septimo-encuentro-internacional-hacia-una-educacion-humanizadora-en-mendoza\/","url":"https:\/\/www.pressenza.com\/es\/2018\/12\/septimo-encuentro-internacional-hacia-una-educacion-humanizadora-en-mendoza\/","name":"S\u00e9ptimo Encuentro Internacional \u201cHacia una Educaci\u00f3n Humanizadora\u201d en Mendoza","isPartOf":{"@id":"https:\/\/www.pressenza.com\/es\/#website"},"primaryImageOfPage":{"@id":"https:\/\/www.pressenza.com\/es\/2018\/12\/septimo-encuentro-internacional-hacia-una-educacion-humanizadora-en-mendoza\/#primaryimage"},"image":{"@id":"https:\/\/www.pressenza.com\/es\/2018\/12\/septimo-encuentro-internacional-hacia-una-educacion-humanizadora-en-mendoza\/#primaryimage"},"thumbnailUrl":"https:\/\/www.pressenza.com\/wp-content\/uploads\/2018\/12\/FB_IMG_1544811306145.jpg","datePublished":"2018-12-24T21:44:25+00:00","dateModified":"2018-12-25T13:21:27+00:00","description":"El s\u00e9ptimo Encuentro Internacional \u201cHacia una Educaci\u00f3n Humanizadora\u201d bajo el lema \u201cAprender sin l\u00edmites, un modo de estar en el mundo\u201d se llevar\u00e1 a cabo","breadcrumb":{"@id":"https:\/\/www.pressenza.com\/es\/2018\/12\/septimo-encuentro-internacional-hacia-una-educacion-humanizadora-en-mendoza\/#breadcrumb"},"inLanguage":"es","potentialAction":[{"@type":"ReadAction","target":["https:\/\/www.pressenza.com\/es\/2018\/12\/septimo-encuentro-internacional-hacia-una-educacion-humanizadora-en-mendoza\/"]}]},{"@type":"ImageObject","inLanguage":"es","@id":"https:\/\/www.pressenza.com\/es\/2018\/12\/septimo-encuentro-internacional-hacia-una-educacion-humanizadora-en-mendoza\/#primaryimage","url":"https:\/\/www.pressenza.com\/wp-content\/uploads\/2018\/12\/FB_IMG_1544811306145.jpg","contentUrl":"https:\/\/www.pressenza.com\/wp-content\/uploads\/2018\/12\/FB_IMG_1544811306145.jpg","width":737,"height":960},{"@type":"BreadcrumbList","@id":"https:\/\/www.pressenza.com\/es\/2018\/12\/septimo-encuentro-internacional-hacia-una-educacion-humanizadora-en-mendoza\/#breadcrumb","itemListElement":[{"@type":"ListItem","position":1,"name":"Accueil","item":"https:\/\/www.pressenza.com\/es\/"},{"@type":"ListItem","position":2,"name":"S\u00e9ptimo Encuentro Internacional \u201cHacia una Educaci\u00f3n Humanizadora\u201d en Mendoza"}]},{"@type":"WebSite","@id":"https:\/\/www.pressenza.com\/es\/#website","url":"https:\/\/www.pressenza.com\/es\/","name":"Pressenza","description":"International Press Agency","publisher":{"@id":"https:\/\/www.pressenza.com\/es\/#organization"},"potentialAction":[{"@type":"SearchAction","target":{"@type":"EntryPoint","urlTemplate":"https:\/\/www.pressenza.com\/es\/?s={search_term_string}"},"query-input":{"@type":"PropertyValueSpecification","valueRequired":true,"valueName":"search_term_string"}}],"inLanguage":"es"},{"@type":"Organization","@id":"https:\/\/www.pressenza.com\/es\/#organization","name":"Pressenza","url":"https:\/\/www.pressenza.com\/es\/","logo":{"@type":"ImageObject","inLanguage":"es","@id":"https:\/\/www.pressenza.com\/es\/#\/schema\/logo\/image\/","url":"https:\/\/www.pressenza.com\/wp-content\/uploads\/2022\/10\/pressenza_logo_200x200.jpg","contentUrl":"https:\/\/www.pressenza.com\/wp-content\/uploads\/2022\/10\/pressenza_logo_200x200.jpg","width":200,"height":200,"caption":"Pressenza"},"image":{"@id":"https:\/\/www.pressenza.com\/es\/#\/schema\/logo\/image\/"},"sameAs":["https:\/\/www.facebook.com\/PressenzaItalia","https:\/\/x.com\/PressenzaIPA"]},{"@type":"Person","@id":"https:\/\/www.pressenza.com\/es\/#\/schema\/person\/385bea3cd2facc332ff1bd91c50d777a","name":"COPEHU","description":"Corriente Pedagogica Humanista Universalista - Courant Pedagogique Humaniste Universaliste - Corrente Pedagogica Umanista Universalista - Universalist Humanist Pedagogical Current www.copehu.net","sameAs":["https:\/\/www.copehu.org\/","https:\/\/www.facebook.com\/Copehu\/","https:\/\/x.com\/COPEHU1"],"url":"https:\/\/www.pressenza.com\/es\/author\/copehu\/"}]}},"place":"Punta de Vacas, Mendoza, Argentina","original_article_url":"","_links":{"self":[{"href":"https:\/\/www.pressenza.com\/es\/wp-json\/wp\/v2\/posts\/780296","targetHints":{"allow":["GET"]}}],"collection":[{"href":"https:\/\/www.pressenza.com\/es\/wp-json\/wp\/v2\/posts"}],"about":[{"href":"https:\/\/www.pressenza.com\/es\/wp-json\/wp\/v2\/types\/post"}],"author":[{"embeddable":true,"href":"https:\/\/www.pressenza.com\/es\/wp-json\/wp\/v2\/users\/1046"}],"replies":[{"embeddable":true,"href":"https:\/\/www.pressenza.com\/es\/wp-json\/wp\/v2\/comments?post=780296"}],"version-history":[{"count":0,"href":"https:\/\/www.pressenza.com\/es\/wp-json\/wp\/v2\/posts\/780296\/revisions"}],"wp:featuredmedia":[{"embeddable":true,"href":"https:\/\/www.pressenza.com\/es\/wp-json\/wp\/v2\/media\/780297"}],"wp:attachment":[{"href":"https:\/\/www.pressenza.com\/es\/wp-json\/wp\/v2\/media?parent=780296"}],"wp:term":[{"taxonomy":"category","embeddable":true,"href":"https:\/\/www.pressenza.com\/es\/wp-json\/wp\/v2\/categories?post=780296"},{"taxonomy":"post_tag","embeddable":true,"href":"https:\/\/www.pressenza.com\/es\/wp-json\/wp\/v2\/tags?post=780296"}],"curies":[{"name":"wp","href":"https:\/\/api.w.org\/{rel}","templated":true}]}}