{"id":780119,"date":"2018-12-23T23:59:59","date_gmt":"2018-12-23T23:59:59","guid":{"rendered":"https:\/\/www.pressenza.com\/?p=780119"},"modified":"2019-02-06T18:53:30","modified_gmt":"2019-02-06T18:53:30","slug":"tu-feminismo-incluye-a-las-mujeres-con-discapacidades","status":"publish","type":"post","link":"https:\/\/www.pressenza.com\/es\/2018\/12\/tu-feminismo-incluye-a-las-mujeres-con-discapacidades\/","title":{"rendered":"\u00bfTu feminismo incluye a las mujeres con discapacidades?"},"content":{"rendered":"<p><em><strong>Por Fatine Oliveira\u00a0<\/strong>\/ Traducci\u00f3n de Pressenza<\/em><\/p>\n<p>El fin del a\u00f1o siempre viene con esa atm\u00f3sfera de retrospectiva. No importa d\u00f3nde ni cu\u00e1ndo, de alguna manera reflexionamos sobre nuestras acciones, conquistas, y dificultades enfrentadas durante el per\u00edodo que termina. Hacemos nuestros balances personales con promesas de intentar nuevos pasos el pr\u00f3ximo a\u00f1o. Rituales necesarios para mantenernos en movimiento en esta vida errante.<\/p>\n<p>Tengo el h\u00e1bito de analizar cr\u00edticamente mis experiencias. Quiz\u00e1s porque soy minera\u00b9 estoy acostumbrada a ser desconfiada por naturaleza, pero lo cierto es que la duda es parte m\u00eda.<\/p>\n<p>Nac\u00ed con una enfermedad gen\u00e9tica progresiva incurable, llev\u00e9 adelante mi vida viendo mi cuerpo perder estabilidad f\u00edsica y, en cierto momento, con una esperanza de vida reducida. Algo muy com\u00fan para las personas con diagn\u00f3sticos raros, que viven contra el tiempo. Sin embargo, como la capacidad m\u00e9dica para calcular las existencias no es la m\u00e1s confiable, pude ir m\u00e1s all\u00e1 del per\u00edodo que se me hab\u00eda destinado.<\/p>\n<p>Podr\u00eda decir que es una gran conquista, pero al mismo tiempo es resultado de mi estilo de vida, de mi mirada cr\u00edtica sobre el lugar en que la sociedad insiste en poner a las personas con discapacidad.<\/p>\n<p>Me molesta esa posici\u00f3n marginal, medicada, infantilizada y nebulosa en la que nos pusieron. No nos ven porque estamos aisladas en nuestras casas. No podemos salir porque la sociedad no es accesible. La gente no sabe c\u00f3mo \u00ablidiar\u00bb con nosotros porque no convivimos y tampoco tienen inter\u00e9s en conocer nuestra realidad.<\/p>\n<p>La lista de exclusi\u00f3n es larga\u2026 despu\u00e9s de todo el <em>capacitismo<\/em> (prejuicio contra las personas con discapacidad) no es s\u00f3lo las groser\u00edas y los prejuicios descarados. Son sutilezas. Si el diablo vive en los detalles, tambi\u00e9n vive en nuestras m\u00e1scaras.<\/p>\n<p>2018 fue el a\u00f1o en que nos revelamos, no s\u00f3lo por el voto sino tambi\u00e9n por la actitud. Por pensar en el otro, por no pensar. Hemos visto movimientos, acciones y reacciones de todo tipo. Temas y m\u00e1s temas debatidos y combatidos. Sin embargo, una cosa no cambi\u00f3 este a\u00f1o: el silenciamiento de las personas con discapacidad.<\/p>\n<p>No importa el nombre, el tema o lo que sea. Ning\u00fan movimiento incluye a las personas con discapacidad en su discurso. Es como si nuestra realidad fuera un caso aparte, un lugar que el sol no toca y que no debe ser visitado. El baile contin\u00faa y nunca nos invitan.<\/p>\n<p>Soy feminista. Aprend\u00ed mucho de las teor\u00edas, consiguiendo finalmente reconocerme como mujer con derechos y valores como cualquier otra. Hice ese camino sola, siguiendo mis pensamientos e ignorando la indiferencia dentro del movimiento.<\/p>\n<p>Despu\u00e9s de participar en Ella (Encuentro Latinoamericano de Feministas) en la ciudad de La Plata, Argentina, aprend\u00ed mucho. Tantas historias diferentes aportaron una nueva mirada a esos d\u00edas. No puedes pasar indiferente por este tipo de experiencia.<\/p>\n<p>Aprend\u00ed a luchar por mi espacio en el movimiento.<\/p>\n<p>S\u00ed, hermanitas. Lamento ser tan franca, pero la mayor\u00eda de ustedes no se acuerdan de nosotras. No nos ven como mujeres, ni buscan entender nuestra realidad. Creen, al igual que el resto de la sociedad, que nuestra problem\u00e1tica se resume en la accesibilidad. O mejor dicho, a la rampa y la escalera.<\/p>\n<p>No las juzgo. Tal como el machismo, el <em>capacitismo<\/em> es estructural. La mayor\u00eda de la personas no necesitan lidiar con ciertas capas de prejuicios. Para las mujeres sin discapacidad hay, en la mayor\u00eda de los casos, tres cuestiones a enfrentar: g\u00e9nero, raza y clase social. Para nosotras son: identidad, autonom\u00eda, g\u00e9nero, raza, clase social.<\/p>\n<p>Todo el mundo es visto como persona con deseos, pensamientos, anhelos y dem\u00e1s sentimientos. Por el contrario, las personas con discapacidad son diagn\u00f3sticos, objetos, no seres humanos. A pesar de los derechos garantizados por ley, todav\u00eda no tenemos el potencial de nuestras decisiones; nuestras autonom\u00edas son cuestionadas en detrimento de nuestras capacidades corporales.<\/p>\n<p>Se nos juzga por nuestro cuerpo, por la capacidad de no parecer que tenemos una discapacidad, como si eso fuera una especie de \u00abprivilegio de semejanza\u00bb. Cuanto m\u00e1s est\u00e1ndar sea, mejor ser\u00e1 aceptado por la sociedad.<\/p>\n<p>Por esta raz\u00f3n, no voy a suavizar mi discurso. Lo siento mucho. No puedo hacer eso.<\/p>\n<p>Hay muchas mujeres con discapacidades que sufren en relaciones extremadamente abusivas, porque no se creen merecedoras de un amor verdadero. Del mismo modo en que las mujeres negras sufren la soledad causada por el color, nosotras luchamos con nuestra castraci\u00f3n social por no ser queridas.<\/p>\n<p>Nadie discute la importancia de un examen ginecol\u00f3gico para una mujer con discapacidad, no estamos invitadas a debatir. No se imagina una vida sexual para nosotras o nuestras sexualidades. Somos cis, heteras, bisexuales, lesbianas, trans, no binarias y estamos en las redes hablando de nuestras experiencias en blogs, videos y p\u00e1ginas, pero nuestras voces permanecen atrapadas en las burbujas de amigos y familiares.<\/p>\n<p>Este a\u00f1o dimos algunos pasos t\u00edmidos, lacerantes. Todav\u00eda no sabemos c\u00f3mo ser\u00e1 el pr\u00f3ximo, as\u00ed que estoy lanzando esta provocaci\u00f3n. No es un ataque al feminismo, especialmente porque la indiferencia hacia las personas con discapacidad sucede en TODOS los movimientos sociales. Necesitamos que no den espacio para hablar, una escucha emp\u00e1tica que apoye nuestra lucha.<\/p>\n<p>Si el a\u00f1o que viene nadie le suelta la mano a nadie, espero que algunas manos tambi\u00e9n se extiendan hacia nosotras.<\/p>\n<hr \/>\n<p>\u00b9De Minas Gerais<\/p>\n","protected":false},"excerpt":{"rendered":"<p>Por Fatine Oliveira\u00a0\/ Traducci\u00f3n de Pressenza El fin del a\u00f1o siempre viene con esa atm\u00f3sfera de retrospectiva. No importa d\u00f3nde ni cu\u00e1ndo, de alguna manera reflexionamos sobre nuestras acciones, conquistas, y dificultades enfrentadas durante el per\u00edodo que termina. Hacemos nuestros&hellip;<\/p>\n","protected":false},"author":1225,"featured_media":780115,"comment_status":"closed","ping_status":"closed","sticky":false,"template":"","format":"standard","meta":{"footnotes":""},"categories":[11389,1241,54515,161,67],"tags":[2749,16121,1092,503,16310,1025],"class_list":["post-780119","post","type-post","status-publish","format-standard","has-post-thumbnail","hentry","category-contenido-original","category-diversidad","category-genero-y-feminismos","category-opiniones","category-sudamerica","tag-brasil-es","tag-discapacidad","tag-discriminacion","tag-genero","tag-machismo","tag-mujeres"],"yoast_head":"<!-- This site is optimized with the Yoast SEO plugin v27.1.1 - https:\/\/yoast.com\/product\/yoast-seo-wordpress\/ -->\n<title>\u00bfTu feminismo incluye a las mujeres con discapacidades?<\/title>\n<meta name=\"description\" content=\"Por Fatine Oliveira\u00a0\/ Traducci\u00f3n de Pressenza El fin del a\u00f1o siempre viene con esa atm\u00f3sfera de retrospectiva. No importa d\u00f3nde ni cu\u00e1ndo, de alguna\" \/>\n<meta name=\"robots\" content=\"index, follow, max-snippet:-1, max-image-preview:large, max-video-preview:-1\" \/>\n<link rel=\"canonical\" href=\"https:\/\/www.pressenza.com\/es\/2018\/12\/tu-feminismo-incluye-a-las-mujeres-con-discapacidades\/\" \/>\n<meta property=\"og:locale\" content=\"es_ES\" \/>\n<meta property=\"og:type\" content=\"article\" \/>\n<meta property=\"og:title\" content=\"\u00bfTu feminismo incluye a las mujeres con discapacidades?\" \/>\n<meta property=\"og:description\" content=\"Por Fatine Oliveira\u00a0\/ Traducci\u00f3n de Pressenza El fin del a\u00f1o siempre viene con esa atm\u00f3sfera de retrospectiva. No importa d\u00f3nde ni cu\u00e1ndo, de alguna\" \/>\n<meta property=\"og:url\" content=\"https:\/\/www.pressenza.com\/es\/2018\/12\/tu-feminismo-incluye-a-las-mujeres-con-discapacidades\/\" \/>\n<meta property=\"og:site_name\" content=\"Pressenza\" \/>\n<meta property=\"article:publisher\" content=\"https:\/\/www.facebook.com\/PressenzaItalia\" \/>\n<meta property=\"article:author\" content=\"https:\/\/www.facebook.com\/MidiaNINJA\/\" \/>\n<meta property=\"article:published_time\" content=\"2018-12-23T23:59:59+00:00\" \/>\n<meta property=\"article:modified_time\" content=\"2019-02-06T18:53:30+00:00\" \/>\n<meta property=\"og:image\" content=\"https:\/\/www.pressenza.com\/wp-content\/uploads\/2018\/12\/defice--ncia-MN.jpg\" \/>\n\t<meta property=\"og:image:width\" content=\"1024\" \/>\n\t<meta property=\"og:image:height\" content=\"683\" \/>\n\t<meta property=\"og:image:type\" content=\"image\/jpeg\" \/>\n<meta name=\"author\" content=\"M\u00eddia NINJA\" \/>\n<meta name=\"twitter:card\" content=\"summary_large_image\" \/>\n<meta name=\"twitter:creator\" content=\"@PressenzaIPA\" \/>\n<meta name=\"twitter:site\" content=\"@PressenzaIPA\" \/>\n<meta name=\"twitter:label1\" content=\"Escrito por\" \/>\n\t<meta name=\"twitter:data1\" content=\"M\u00eddia NINJA\" \/>\n\t<meta name=\"twitter:label2\" content=\"Tiempo de lectura\" \/>\n\t<meta name=\"twitter:data2\" content=\"5 minutos\" \/>\n<script type=\"application\/ld+json\" class=\"yoast-schema-graph\">{\"@context\":\"https:\/\/schema.org\",\"@graph\":[{\"@type\":\"Article\",\"@id\":\"https:\/\/www.pressenza.com\/es\/2018\/12\/tu-feminismo-incluye-a-las-mujeres-con-discapacidades\/#article\",\"isPartOf\":{\"@id\":\"https:\/\/www.pressenza.com\/es\/2018\/12\/tu-feminismo-incluye-a-las-mujeres-con-discapacidades\/\"},\"author\":{\"name\":\"M\u00eddia NINJA\",\"@id\":\"https:\/\/www.pressenza.com\/es\/#\/schema\/person\/61b235dea98d4f5f651cc1bd138a88bf\"},\"headline\":\"\u00bfTu feminismo incluye a las mujeres con discapacidades?\",\"datePublished\":\"2018-12-23T23:59:59+00:00\",\"dateModified\":\"2019-02-06T18:53:30+00:00\",\"mainEntityOfPage\":{\"@id\":\"https:\/\/www.pressenza.com\/es\/2018\/12\/tu-feminismo-incluye-a-las-mujeres-con-discapacidades\/\"},\"wordCount\":944,\"publisher\":{\"@id\":\"https:\/\/www.pressenza.com\/es\/#organization\"},\"image\":{\"@id\":\"https:\/\/www.pressenza.com\/es\/2018\/12\/tu-feminismo-incluye-a-las-mujeres-con-discapacidades\/#primaryimage\"},\"thumbnailUrl\":\"https:\/\/www.pressenza.com\/wp-content\/uploads\/2018\/12\/defice--ncia-MN.jpg\",\"keywords\":[\"Brasil\",\"discapacidad\",\"discriminaci\u00f3n\",\"G\u00e9nero\",\"machismo\",\"Mujeres\"],\"articleSection\":[\"Contenido Original\",\"Diversidad\",\"G\u00e9nero y Feminismos\",\"Opiniones\",\"Sudam\u00e9rica\"],\"inLanguage\":\"es\"},{\"@type\":\"WebPage\",\"@id\":\"https:\/\/www.pressenza.com\/es\/2018\/12\/tu-feminismo-incluye-a-las-mujeres-con-discapacidades\/\",\"url\":\"https:\/\/www.pressenza.com\/es\/2018\/12\/tu-feminismo-incluye-a-las-mujeres-con-discapacidades\/\",\"name\":\"\u00bfTu feminismo incluye a las mujeres con discapacidades?\",\"isPartOf\":{\"@id\":\"https:\/\/www.pressenza.com\/es\/#website\"},\"primaryImageOfPage\":{\"@id\":\"https:\/\/www.pressenza.com\/es\/2018\/12\/tu-feminismo-incluye-a-las-mujeres-con-discapacidades\/#primaryimage\"},\"image\":{\"@id\":\"https:\/\/www.pressenza.com\/es\/2018\/12\/tu-feminismo-incluye-a-las-mujeres-con-discapacidades\/#primaryimage\"},\"thumbnailUrl\":\"https:\/\/www.pressenza.com\/wp-content\/uploads\/2018\/12\/defice--ncia-MN.jpg\",\"datePublished\":\"2018-12-23T23:59:59+00:00\",\"dateModified\":\"2019-02-06T18:53:30+00:00\",\"description\":\"Por Fatine Oliveira\u00a0\/ Traducci\u00f3n de Pressenza El fin del a\u00f1o siempre viene con esa atm\u00f3sfera de retrospectiva. No importa d\u00f3nde ni cu\u00e1ndo, de alguna\",\"breadcrumb\":{\"@id\":\"https:\/\/www.pressenza.com\/es\/2018\/12\/tu-feminismo-incluye-a-las-mujeres-con-discapacidades\/#breadcrumb\"},\"inLanguage\":\"es\",\"potentialAction\":[{\"@type\":\"ReadAction\",\"target\":[\"https:\/\/www.pressenza.com\/es\/2018\/12\/tu-feminismo-incluye-a-las-mujeres-con-discapacidades\/\"]}]},{\"@type\":\"ImageObject\",\"inLanguage\":\"es\",\"@id\":\"https:\/\/www.pressenza.com\/es\/2018\/12\/tu-feminismo-incluye-a-las-mujeres-con-discapacidades\/#primaryimage\",\"url\":\"https:\/\/www.pressenza.com\/wp-content\/uploads\/2018\/12\/defice--ncia-MN.jpg\",\"contentUrl\":\"https:\/\/www.pressenza.com\/wp-content\/uploads\/2018\/12\/defice--ncia-MN.jpg\",\"width\":1024,\"height\":683},{\"@type\":\"BreadcrumbList\",\"@id\":\"https:\/\/www.pressenza.com\/es\/2018\/12\/tu-feminismo-incluye-a-las-mujeres-con-discapacidades\/#breadcrumb\",\"itemListElement\":[{\"@type\":\"ListItem\",\"position\":1,\"name\":\"Accueil\",\"item\":\"https:\/\/www.pressenza.com\/es\/\"},{\"@type\":\"ListItem\",\"position\":2,\"name\":\"\u00bfTu feminismo incluye a las mujeres con discapacidades?\"}]},{\"@type\":\"WebSite\",\"@id\":\"https:\/\/www.pressenza.com\/es\/#website\",\"url\":\"https:\/\/www.pressenza.com\/es\/\",\"name\":\"Pressenza\",\"description\":\"International Press Agency\",\"publisher\":{\"@id\":\"https:\/\/www.pressenza.com\/es\/#organization\"},\"potentialAction\":[{\"@type\":\"SearchAction\",\"target\":{\"@type\":\"EntryPoint\",\"urlTemplate\":\"https:\/\/www.pressenza.com\/es\/?s={search_term_string}\"},\"query-input\":{\"@type\":\"PropertyValueSpecification\",\"valueRequired\":true,\"valueName\":\"search_term_string\"}}],\"inLanguage\":\"es\"},{\"@type\":\"Organization\",\"@id\":\"https:\/\/www.pressenza.com\/es\/#organization\",\"name\":\"Pressenza\",\"url\":\"https:\/\/www.pressenza.com\/es\/\",\"logo\":{\"@type\":\"ImageObject\",\"inLanguage\":\"es\",\"@id\":\"https:\/\/www.pressenza.com\/es\/#\/schema\/logo\/image\/\",\"url\":\"https:\/\/www.pressenza.com\/wp-content\/uploads\/2022\/10\/pressenza_logo_200x200.jpg\",\"contentUrl\":\"https:\/\/www.pressenza.com\/wp-content\/uploads\/2022\/10\/pressenza_logo_200x200.jpg\",\"width\":200,\"height\":200,\"caption\":\"Pressenza\"},\"image\":{\"@id\":\"https:\/\/www.pressenza.com\/es\/#\/schema\/logo\/image\/\"},\"sameAs\":[\"https:\/\/www.facebook.com\/PressenzaItalia\",\"https:\/\/x.com\/PressenzaIPA\"]},{\"@type\":\"Person\",\"@id\":\"https:\/\/www.pressenza.com\/es\/#\/schema\/person\/61b235dea98d4f5f651cc1bd138a88bf\",\"name\":\"M\u00eddia NINJA\",\"description\":\"Narrativas independentes, jornalismo e a\u00e7\u00e3o. Uma rede de comunicadores que produzem e distribuem informa\u00e7\u00f5es sobre o movimento, atuando e comunicando. https:\/\/midianinja.org\/\",\"sameAs\":[\"https:\/\/midianinja.org\/\",\"https:\/\/www.facebook.com\/MidiaNINJA\/\"],\"url\":\"https:\/\/www.pressenza.com\/es\/author\/media-ninja\/\"}]}<\/script>\n<!-- \/ Yoast SEO plugin. -->","yoast_head_json":{"title":"\u00bfTu feminismo incluye a las mujeres con discapacidades?","description":"Por Fatine Oliveira\u00a0\/ Traducci\u00f3n de Pressenza El fin del a\u00f1o siempre viene con esa atm\u00f3sfera de retrospectiva. No importa d\u00f3nde ni cu\u00e1ndo, de alguna","robots":{"index":"index","follow":"follow","max-snippet":"max-snippet:-1","max-image-preview":"max-image-preview:large","max-video-preview":"max-video-preview:-1"},"canonical":"https:\/\/www.pressenza.com\/es\/2018\/12\/tu-feminismo-incluye-a-las-mujeres-con-discapacidades\/","og_locale":"es_ES","og_type":"article","og_title":"\u00bfTu feminismo incluye a las mujeres con discapacidades?","og_description":"Por Fatine Oliveira\u00a0\/ Traducci\u00f3n de Pressenza El fin del a\u00f1o siempre viene con esa atm\u00f3sfera de retrospectiva. No importa d\u00f3nde ni cu\u00e1ndo, de alguna","og_url":"https:\/\/www.pressenza.com\/es\/2018\/12\/tu-feminismo-incluye-a-las-mujeres-con-discapacidades\/","og_site_name":"Pressenza","article_publisher":"https:\/\/www.facebook.com\/PressenzaItalia","article_author":"https:\/\/www.facebook.com\/MidiaNINJA\/","article_published_time":"2018-12-23T23:59:59+00:00","article_modified_time":"2019-02-06T18:53:30+00:00","og_image":[{"width":1024,"height":683,"url":"https:\/\/www.pressenza.com\/wp-content\/uploads\/2018\/12\/defice--ncia-MN.jpg","type":"image\/jpeg"}],"author":"M\u00eddia NINJA","twitter_card":"summary_large_image","twitter_creator":"@PressenzaIPA","twitter_site":"@PressenzaIPA","twitter_misc":{"Escrito por":"M\u00eddia NINJA","Tiempo de lectura":"5 minutos"},"schema":{"@context":"https:\/\/schema.org","@graph":[{"@type":"Article","@id":"https:\/\/www.pressenza.com\/es\/2018\/12\/tu-feminismo-incluye-a-las-mujeres-con-discapacidades\/#article","isPartOf":{"@id":"https:\/\/www.pressenza.com\/es\/2018\/12\/tu-feminismo-incluye-a-las-mujeres-con-discapacidades\/"},"author":{"name":"M\u00eddia NINJA","@id":"https:\/\/www.pressenza.com\/es\/#\/schema\/person\/61b235dea98d4f5f651cc1bd138a88bf"},"headline":"\u00bfTu feminismo incluye a las mujeres con discapacidades?","datePublished":"2018-12-23T23:59:59+00:00","dateModified":"2019-02-06T18:53:30+00:00","mainEntityOfPage":{"@id":"https:\/\/www.pressenza.com\/es\/2018\/12\/tu-feminismo-incluye-a-las-mujeres-con-discapacidades\/"},"wordCount":944,"publisher":{"@id":"https:\/\/www.pressenza.com\/es\/#organization"},"image":{"@id":"https:\/\/www.pressenza.com\/es\/2018\/12\/tu-feminismo-incluye-a-las-mujeres-con-discapacidades\/#primaryimage"},"thumbnailUrl":"https:\/\/www.pressenza.com\/wp-content\/uploads\/2018\/12\/defice--ncia-MN.jpg","keywords":["Brasil","discapacidad","discriminaci\u00f3n","G\u00e9nero","machismo","Mujeres"],"articleSection":["Contenido Original","Diversidad","G\u00e9nero y Feminismos","Opiniones","Sudam\u00e9rica"],"inLanguage":"es"},{"@type":"WebPage","@id":"https:\/\/www.pressenza.com\/es\/2018\/12\/tu-feminismo-incluye-a-las-mujeres-con-discapacidades\/","url":"https:\/\/www.pressenza.com\/es\/2018\/12\/tu-feminismo-incluye-a-las-mujeres-con-discapacidades\/","name":"\u00bfTu feminismo incluye a las mujeres con discapacidades?","isPartOf":{"@id":"https:\/\/www.pressenza.com\/es\/#website"},"primaryImageOfPage":{"@id":"https:\/\/www.pressenza.com\/es\/2018\/12\/tu-feminismo-incluye-a-las-mujeres-con-discapacidades\/#primaryimage"},"image":{"@id":"https:\/\/www.pressenza.com\/es\/2018\/12\/tu-feminismo-incluye-a-las-mujeres-con-discapacidades\/#primaryimage"},"thumbnailUrl":"https:\/\/www.pressenza.com\/wp-content\/uploads\/2018\/12\/defice--ncia-MN.jpg","datePublished":"2018-12-23T23:59:59+00:00","dateModified":"2019-02-06T18:53:30+00:00","description":"Por Fatine Oliveira\u00a0\/ Traducci\u00f3n de Pressenza El fin del a\u00f1o siempre viene con esa atm\u00f3sfera de retrospectiva. No importa d\u00f3nde ni cu\u00e1ndo, de alguna","breadcrumb":{"@id":"https:\/\/www.pressenza.com\/es\/2018\/12\/tu-feminismo-incluye-a-las-mujeres-con-discapacidades\/#breadcrumb"},"inLanguage":"es","potentialAction":[{"@type":"ReadAction","target":["https:\/\/www.pressenza.com\/es\/2018\/12\/tu-feminismo-incluye-a-las-mujeres-con-discapacidades\/"]}]},{"@type":"ImageObject","inLanguage":"es","@id":"https:\/\/www.pressenza.com\/es\/2018\/12\/tu-feminismo-incluye-a-las-mujeres-con-discapacidades\/#primaryimage","url":"https:\/\/www.pressenza.com\/wp-content\/uploads\/2018\/12\/defice--ncia-MN.jpg","contentUrl":"https:\/\/www.pressenza.com\/wp-content\/uploads\/2018\/12\/defice--ncia-MN.jpg","width":1024,"height":683},{"@type":"BreadcrumbList","@id":"https:\/\/www.pressenza.com\/es\/2018\/12\/tu-feminismo-incluye-a-las-mujeres-con-discapacidades\/#breadcrumb","itemListElement":[{"@type":"ListItem","position":1,"name":"Accueil","item":"https:\/\/www.pressenza.com\/es\/"},{"@type":"ListItem","position":2,"name":"\u00bfTu feminismo incluye a las mujeres con discapacidades?"}]},{"@type":"WebSite","@id":"https:\/\/www.pressenza.com\/es\/#website","url":"https:\/\/www.pressenza.com\/es\/","name":"Pressenza","description":"International Press Agency","publisher":{"@id":"https:\/\/www.pressenza.com\/es\/#organization"},"potentialAction":[{"@type":"SearchAction","target":{"@type":"EntryPoint","urlTemplate":"https:\/\/www.pressenza.com\/es\/?s={search_term_string}"},"query-input":{"@type":"PropertyValueSpecification","valueRequired":true,"valueName":"search_term_string"}}],"inLanguage":"es"},{"@type":"Organization","@id":"https:\/\/www.pressenza.com\/es\/#organization","name":"Pressenza","url":"https:\/\/www.pressenza.com\/es\/","logo":{"@type":"ImageObject","inLanguage":"es","@id":"https:\/\/www.pressenza.com\/es\/#\/schema\/logo\/image\/","url":"https:\/\/www.pressenza.com\/wp-content\/uploads\/2022\/10\/pressenza_logo_200x200.jpg","contentUrl":"https:\/\/www.pressenza.com\/wp-content\/uploads\/2022\/10\/pressenza_logo_200x200.jpg","width":200,"height":200,"caption":"Pressenza"},"image":{"@id":"https:\/\/www.pressenza.com\/es\/#\/schema\/logo\/image\/"},"sameAs":["https:\/\/www.facebook.com\/PressenzaItalia","https:\/\/x.com\/PressenzaIPA"]},{"@type":"Person","@id":"https:\/\/www.pressenza.com\/es\/#\/schema\/person\/61b235dea98d4f5f651cc1bd138a88bf","name":"M\u00eddia NINJA","description":"Narrativas independentes, jornalismo e a\u00e7\u00e3o. Uma rede de comunicadores que produzem e distribuem informa\u00e7\u00f5es sobre o movimento, atuando e comunicando. https:\/\/midianinja.org\/","sameAs":["https:\/\/midianinja.org\/","https:\/\/www.facebook.com\/MidiaNINJA\/"],"url":"https:\/\/www.pressenza.com\/es\/author\/media-ninja\/"}]}},"place":"S\u00e3o Paulo, Brasil","original_article_url":"http:\/\/midianinja.org\/fatineoliveira\/seu-feminismo-inclui-mulheres-com-deficiencia\/","_links":{"self":[{"href":"https:\/\/www.pressenza.com\/es\/wp-json\/wp\/v2\/posts\/780119","targetHints":{"allow":["GET"]}}],"collection":[{"href":"https:\/\/www.pressenza.com\/es\/wp-json\/wp\/v2\/posts"}],"about":[{"href":"https:\/\/www.pressenza.com\/es\/wp-json\/wp\/v2\/types\/post"}],"author":[{"embeddable":true,"href":"https:\/\/www.pressenza.com\/es\/wp-json\/wp\/v2\/users\/1225"}],"replies":[{"embeddable":true,"href":"https:\/\/www.pressenza.com\/es\/wp-json\/wp\/v2\/comments?post=780119"}],"version-history":[{"count":0,"href":"https:\/\/www.pressenza.com\/es\/wp-json\/wp\/v2\/posts\/780119\/revisions"}],"wp:featuredmedia":[{"embeddable":true,"href":"https:\/\/www.pressenza.com\/es\/wp-json\/wp\/v2\/media\/780115"}],"wp:attachment":[{"href":"https:\/\/www.pressenza.com\/es\/wp-json\/wp\/v2\/media?parent=780119"}],"wp:term":[{"taxonomy":"category","embeddable":true,"href":"https:\/\/www.pressenza.com\/es\/wp-json\/wp\/v2\/categories?post=780119"},{"taxonomy":"post_tag","embeddable":true,"href":"https:\/\/www.pressenza.com\/es\/wp-json\/wp\/v2\/tags?post=780119"}],"curies":[{"name":"wp","href":"https:\/\/api.w.org\/{rel}","templated":true}]}}