{"id":779830,"date":"2018-12-23T00:50:41","date_gmt":"2018-12-23T00:50:41","guid":{"rendered":"https:\/\/www.pressenza.com\/?p=779830"},"modified":"2018-12-23T00:50:41","modified_gmt":"2018-12-23T00:50:41","slug":"convocan-en-cuba-a-referendo-sobre-nueva-constitucion","status":"publish","type":"post","link":"https:\/\/www.pressenza.com\/es\/2018\/12\/convocan-en-cuba-a-referendo-sobre-nueva-constitucion\/","title":{"rendered":"Convocan en Cuba a referendo sobre nueva Constituci\u00f3n"},"content":{"rendered":"<div>La Asamblea Nacional del Poder Popular de Cuba convoc\u00f3 hoy para el domingo 24 de febrero de 2019 a un referendo en el cual los ciudadanos ratificar\u00e1n o no la Constituci\u00f3n aprobada en la plenaria del \u00f3rgano legislativo.<\/div>\n<div><\/div>\n<div class=\"fullNewsFulltext\">El presidente de la Asamblea, Esteban Lazo, record\u00f3 que el art\u00edculo 137 de la actual carta magna establece que para la entrada en vigor de la Constituci\u00f3n se requiere la consulta popular, en la que pueden participar los m\u00e1s de ocho millones de cubanos con derecho al voto.<\/p>\n<p>La pregunta que centrar\u00e1 el referendo ser\u00e1: &#8216;Ratifica usted la nueva Constituci\u00f3n de la Rep\u00fablica&#8217;, cita en las urnas en la que la ley de leyes se considerar\u00e1 ratificada si lo hace la mayor\u00eda de los ciudadanos.<\/p>\n<p>Antes de la convocatoria a la consulta, los 583 diputados presentes en el Palacio de Convenciones de esta capital, en el segundo per\u00edodo ordinario de la IX Legislatura, apoyaron el texto, enriquecido con la opini\u00f3n del pueblo en m\u00e1s de 133 mil reuniones celebradas del 13 de agosto al 15 de noviembre, con la asistencia de casi nueve millones de cubanos.<\/p>\n<p>En la sesi\u00f3n de hoy estuvieron ausentes 19 parlamentarios.<\/p><\/div>\n","protected":false},"excerpt":{"rendered":"<p>La Asamblea Nacional del Poder Popular de Cuba convoc\u00f3 hoy para el domingo 24 de febrero de 2019 a un referendo en el cual los ciudadanos ratificar\u00e1n o no la Constituci\u00f3n aprobada en la plenaria del \u00f3rgano legislativo. El presidente&hellip;<\/p>\n","protected":false},"author":90,"featured_media":779831,"comment_status":"closed","ping_status":"closed","sticky":false,"template":"","format":"standard","meta":{"footnotes":""},"categories":[69,74,63],"tags":[53084,379,696],"class_list":["post-779830","post","type-post","status-publish","format-standard","has-post-thumbnail","hentry","category-america-central","category-politica-es","category-region-es","tag-constitucion-politica","tag-cuba-es","tag-democracia"],"yoast_head":"<!-- This site is optimized with the Yoast SEO plugin v27.1.1 - https:\/\/yoast.com\/product\/yoast-seo-wordpress\/ -->\n<title>Convocan en Cuba a referendo sobre nueva Constituci\u00f3n<\/title>\n<meta name=\"description\" content=\"La Asamblea Nacional del Poder Popular de Cuba convoc\u00f3 hoy para el domingo 24 de febrero de 2019 a un referendo en el cual los ciudadanos ratificar\u00e1n o no\" \/>\n<meta name=\"robots\" content=\"index, follow, max-snippet:-1, max-image-preview:large, max-video-preview:-1\" \/>\n<link rel=\"canonical\" href=\"https:\/\/www.pressenza.com\/es\/2018\/12\/convocan-en-cuba-a-referendo-sobre-nueva-constitucion\/\" \/>\n<meta property=\"og:locale\" content=\"es_ES\" \/>\n<meta property=\"og:type\" content=\"article\" \/>\n<meta property=\"og:title\" content=\"Convocan en Cuba a referendo sobre nueva Constituci\u00f3n\" \/>\n<meta property=\"og:description\" content=\"La Asamblea Nacional del Poder Popular de Cuba convoc\u00f3 hoy para el domingo 24 de febrero de 2019 a un referendo en el cual los ciudadanos ratificar\u00e1n o no\" \/>\n<meta property=\"og:url\" content=\"https:\/\/www.pressenza.com\/es\/2018\/12\/convocan-en-cuba-a-referendo-sobre-nueva-constitucion\/\" \/>\n<meta property=\"og:site_name\" content=\"Pressenza\" \/>\n<meta property=\"article:publisher\" content=\"https:\/\/www.facebook.com\/PressenzaItalia\" \/>\n<meta property=\"article:author\" content=\"https:\/\/www.facebook.com\/AgenciaPrensaLatina\" \/>\n<meta property=\"article:published_time\" content=\"2018-12-23T00:50:41+00:00\" \/>\n<meta property=\"og:image\" content=\"https:\/\/www.pressenza.com\/wp-content\/uploads\/2018\/12\/emilio6.jpg\" \/>\n\t<meta property=\"og:image:width\" content=\"748\" \/>\n\t<meta property=\"og:image:height\" content=\"498\" \/>\n\t<meta property=\"og:image:type\" content=\"image\/jpeg\" \/>\n<meta name=\"author\" content=\"Prensa Latina\" \/>\n<meta name=\"twitter:card\" content=\"summary_large_image\" \/>\n<meta name=\"twitter:creator\" content=\"@prensalatina_cu\" \/>\n<meta name=\"twitter:site\" content=\"@PressenzaIPA\" \/>\n<meta name=\"twitter:label1\" content=\"Escrito por\" \/>\n\t<meta name=\"twitter:data1\" content=\"Prensa Latina\" \/>\n\t<meta name=\"twitter:label2\" content=\"Tiempo de lectura\" \/>\n\t<meta name=\"twitter:data2\" content=\"1 minuto\" \/>\n<script type=\"application\/ld+json\" class=\"yoast-schema-graph\">{\"@context\":\"https:\/\/schema.org\",\"@graph\":[{\"@type\":\"Article\",\"@id\":\"https:\/\/www.pressenza.com\/es\/2018\/12\/convocan-en-cuba-a-referendo-sobre-nueva-constitucion\/#article\",\"isPartOf\":{\"@id\":\"https:\/\/www.pressenza.com\/es\/2018\/12\/convocan-en-cuba-a-referendo-sobre-nueva-constitucion\/\"},\"author\":{\"name\":\"Prensa Latina\",\"@id\":\"https:\/\/www.pressenza.com\/es\/#\/schema\/person\/e35c78ffa242d98f4f49ccb18c8631de\"},\"headline\":\"Convocan en Cuba a referendo sobre nueva Constituci\u00f3n\",\"datePublished\":\"2018-12-23T00:50:41+00:00\",\"mainEntityOfPage\":{\"@id\":\"https:\/\/www.pressenza.com\/es\/2018\/12\/convocan-en-cuba-a-referendo-sobre-nueva-constitucion\/\"},\"wordCount\":206,\"publisher\":{\"@id\":\"https:\/\/www.pressenza.com\/es\/#organization\"},\"image\":{\"@id\":\"https:\/\/www.pressenza.com\/es\/2018\/12\/convocan-en-cuba-a-referendo-sobre-nueva-constitucion\/#primaryimage\"},\"thumbnailUrl\":\"https:\/\/www.pressenza.com\/wp-content\/uploads\/2018\/12\/emilio6.jpg\",\"keywords\":[\"Constituci\u00f3n Pol\u00edtica\",\"Cuba\",\"Democracia\"],\"articleSection\":[\"Am\u00e9rica Central\",\"Pol\u00edtica\",\"Regi\u00f3n\"],\"inLanguage\":\"es\"},{\"@type\":\"WebPage\",\"@id\":\"https:\/\/www.pressenza.com\/es\/2018\/12\/convocan-en-cuba-a-referendo-sobre-nueva-constitucion\/\",\"url\":\"https:\/\/www.pressenza.com\/es\/2018\/12\/convocan-en-cuba-a-referendo-sobre-nueva-constitucion\/\",\"name\":\"Convocan en Cuba a referendo sobre nueva Constituci\u00f3n\",\"isPartOf\":{\"@id\":\"https:\/\/www.pressenza.com\/es\/#website\"},\"primaryImageOfPage\":{\"@id\":\"https:\/\/www.pressenza.com\/es\/2018\/12\/convocan-en-cuba-a-referendo-sobre-nueva-constitucion\/#primaryimage\"},\"image\":{\"@id\":\"https:\/\/www.pressenza.com\/es\/2018\/12\/convocan-en-cuba-a-referendo-sobre-nueva-constitucion\/#primaryimage\"},\"thumbnailUrl\":\"https:\/\/www.pressenza.com\/wp-content\/uploads\/2018\/12\/emilio6.jpg\",\"datePublished\":\"2018-12-23T00:50:41+00:00\",\"description\":\"La Asamblea Nacional del Poder Popular de Cuba convoc\u00f3 hoy para el domingo 24 de febrero de 2019 a un referendo en el cual los ciudadanos ratificar\u00e1n o no\",\"breadcrumb\":{\"@id\":\"https:\/\/www.pressenza.com\/es\/2018\/12\/convocan-en-cuba-a-referendo-sobre-nueva-constitucion\/#breadcrumb\"},\"inLanguage\":\"es\",\"potentialAction\":[{\"@type\":\"ReadAction\",\"target\":[\"https:\/\/www.pressenza.com\/es\/2018\/12\/convocan-en-cuba-a-referendo-sobre-nueva-constitucion\/\"]}]},{\"@type\":\"ImageObject\",\"inLanguage\":\"es\",\"@id\":\"https:\/\/www.pressenza.com\/es\/2018\/12\/convocan-en-cuba-a-referendo-sobre-nueva-constitucion\/#primaryimage\",\"url\":\"https:\/\/www.pressenza.com\/wp-content\/uploads\/2018\/12\/emilio6.jpg\",\"contentUrl\":\"https:\/\/www.pressenza.com\/wp-content\/uploads\/2018\/12\/emilio6.jpg\",\"width\":748,\"height\":498},{\"@type\":\"BreadcrumbList\",\"@id\":\"https:\/\/www.pressenza.com\/es\/2018\/12\/convocan-en-cuba-a-referendo-sobre-nueva-constitucion\/#breadcrumb\",\"itemListElement\":[{\"@type\":\"ListItem\",\"position\":1,\"name\":\"Accueil\",\"item\":\"https:\/\/www.pressenza.com\/es\/\"},{\"@type\":\"ListItem\",\"position\":2,\"name\":\"Convocan en Cuba a referendo sobre nueva Constituci\u00f3n\"}]},{\"@type\":\"WebSite\",\"@id\":\"https:\/\/www.pressenza.com\/es\/#website\",\"url\":\"https:\/\/www.pressenza.com\/es\/\",\"name\":\"Pressenza\",\"description\":\"International Press Agency\",\"publisher\":{\"@id\":\"https:\/\/www.pressenza.com\/es\/#organization\"},\"potentialAction\":[{\"@type\":\"SearchAction\",\"target\":{\"@type\":\"EntryPoint\",\"urlTemplate\":\"https:\/\/www.pressenza.com\/es\/?s={search_term_string}\"},\"query-input\":{\"@type\":\"PropertyValueSpecification\",\"valueRequired\":true,\"valueName\":\"search_term_string\"}}],\"inLanguage\":\"es\"},{\"@type\":\"Organization\",\"@id\":\"https:\/\/www.pressenza.com\/es\/#organization\",\"name\":\"Pressenza\",\"url\":\"https:\/\/www.pressenza.com\/es\/\",\"logo\":{\"@type\":\"ImageObject\",\"inLanguage\":\"es\",\"@id\":\"https:\/\/www.pressenza.com\/es\/#\/schema\/logo\/image\/\",\"url\":\"https:\/\/www.pressenza.com\/wp-content\/uploads\/2022\/10\/pressenza_logo_200x200.jpg\",\"contentUrl\":\"https:\/\/www.pressenza.com\/wp-content\/uploads\/2022\/10\/pressenza_logo_200x200.jpg\",\"width\":200,\"height\":200,\"caption\":\"Pressenza\"},\"image\":{\"@id\":\"https:\/\/www.pressenza.com\/es\/#\/schema\/logo\/image\/\"},\"sameAs\":[\"https:\/\/www.facebook.com\/PressenzaItalia\",\"https:\/\/x.com\/PressenzaIPA\"]},{\"@type\":\"Person\",\"@id\":\"https:\/\/www.pressenza.com\/es\/#\/schema\/person\/e35c78ffa242d98f4f49ccb18c8631de\",\"name\":\"Prensa Latina\",\"description\":\"www.prensa-latina.cu\",\"sameAs\":[\"https:\/\/www.facebook.com\/AgenciaPrensaLatina\",\"https:\/\/x.com\/prensalatina_cu\"],\"url\":\"https:\/\/www.pressenza.com\/es\/author\/prensa-latina\/\"}]}<\/script>\n<!-- \/ Yoast SEO plugin. -->","yoast_head_json":{"title":"Convocan en Cuba a referendo sobre nueva Constituci\u00f3n","description":"La Asamblea Nacional del Poder Popular de Cuba convoc\u00f3 hoy para el domingo 24 de febrero de 2019 a un referendo en el cual los ciudadanos ratificar\u00e1n o no","robots":{"index":"index","follow":"follow","max-snippet":"max-snippet:-1","max-image-preview":"max-image-preview:large","max-video-preview":"max-video-preview:-1"},"canonical":"https:\/\/www.pressenza.com\/es\/2018\/12\/convocan-en-cuba-a-referendo-sobre-nueva-constitucion\/","og_locale":"es_ES","og_type":"article","og_title":"Convocan en Cuba a referendo sobre nueva Constituci\u00f3n","og_description":"La Asamblea Nacional del Poder Popular de Cuba convoc\u00f3 hoy para el domingo 24 de febrero de 2019 a un referendo en el cual los ciudadanos ratificar\u00e1n o no","og_url":"https:\/\/www.pressenza.com\/es\/2018\/12\/convocan-en-cuba-a-referendo-sobre-nueva-constitucion\/","og_site_name":"Pressenza","article_publisher":"https:\/\/www.facebook.com\/PressenzaItalia","article_author":"https:\/\/www.facebook.com\/AgenciaPrensaLatina","article_published_time":"2018-12-23T00:50:41+00:00","og_image":[{"width":748,"height":498,"url":"https:\/\/www.pressenza.com\/wp-content\/uploads\/2018\/12\/emilio6.jpg","type":"image\/jpeg"}],"author":"Prensa Latina","twitter_card":"summary_large_image","twitter_creator":"@prensalatina_cu","twitter_site":"@PressenzaIPA","twitter_misc":{"Escrito por":"Prensa Latina","Tiempo de lectura":"1 minuto"},"schema":{"@context":"https:\/\/schema.org","@graph":[{"@type":"Article","@id":"https:\/\/www.pressenza.com\/es\/2018\/12\/convocan-en-cuba-a-referendo-sobre-nueva-constitucion\/#article","isPartOf":{"@id":"https:\/\/www.pressenza.com\/es\/2018\/12\/convocan-en-cuba-a-referendo-sobre-nueva-constitucion\/"},"author":{"name":"Prensa Latina","@id":"https:\/\/www.pressenza.com\/es\/#\/schema\/person\/e35c78ffa242d98f4f49ccb18c8631de"},"headline":"Convocan en Cuba a referendo sobre nueva Constituci\u00f3n","datePublished":"2018-12-23T00:50:41+00:00","mainEntityOfPage":{"@id":"https:\/\/www.pressenza.com\/es\/2018\/12\/convocan-en-cuba-a-referendo-sobre-nueva-constitucion\/"},"wordCount":206,"publisher":{"@id":"https:\/\/www.pressenza.com\/es\/#organization"},"image":{"@id":"https:\/\/www.pressenza.com\/es\/2018\/12\/convocan-en-cuba-a-referendo-sobre-nueva-constitucion\/#primaryimage"},"thumbnailUrl":"https:\/\/www.pressenza.com\/wp-content\/uploads\/2018\/12\/emilio6.jpg","keywords":["Constituci\u00f3n Pol\u00edtica","Cuba","Democracia"],"articleSection":["Am\u00e9rica Central","Pol\u00edtica","Regi\u00f3n"],"inLanguage":"es"},{"@type":"WebPage","@id":"https:\/\/www.pressenza.com\/es\/2018\/12\/convocan-en-cuba-a-referendo-sobre-nueva-constitucion\/","url":"https:\/\/www.pressenza.com\/es\/2018\/12\/convocan-en-cuba-a-referendo-sobre-nueva-constitucion\/","name":"Convocan en Cuba a referendo sobre nueva Constituci\u00f3n","isPartOf":{"@id":"https:\/\/www.pressenza.com\/es\/#website"},"primaryImageOfPage":{"@id":"https:\/\/www.pressenza.com\/es\/2018\/12\/convocan-en-cuba-a-referendo-sobre-nueva-constitucion\/#primaryimage"},"image":{"@id":"https:\/\/www.pressenza.com\/es\/2018\/12\/convocan-en-cuba-a-referendo-sobre-nueva-constitucion\/#primaryimage"},"thumbnailUrl":"https:\/\/www.pressenza.com\/wp-content\/uploads\/2018\/12\/emilio6.jpg","datePublished":"2018-12-23T00:50:41+00:00","description":"La Asamblea Nacional del Poder Popular de Cuba convoc\u00f3 hoy para el domingo 24 de febrero de 2019 a un referendo en el cual los ciudadanos ratificar\u00e1n o no","breadcrumb":{"@id":"https:\/\/www.pressenza.com\/es\/2018\/12\/convocan-en-cuba-a-referendo-sobre-nueva-constitucion\/#breadcrumb"},"inLanguage":"es","potentialAction":[{"@type":"ReadAction","target":["https:\/\/www.pressenza.com\/es\/2018\/12\/convocan-en-cuba-a-referendo-sobre-nueva-constitucion\/"]}]},{"@type":"ImageObject","inLanguage":"es","@id":"https:\/\/www.pressenza.com\/es\/2018\/12\/convocan-en-cuba-a-referendo-sobre-nueva-constitucion\/#primaryimage","url":"https:\/\/www.pressenza.com\/wp-content\/uploads\/2018\/12\/emilio6.jpg","contentUrl":"https:\/\/www.pressenza.com\/wp-content\/uploads\/2018\/12\/emilio6.jpg","width":748,"height":498},{"@type":"BreadcrumbList","@id":"https:\/\/www.pressenza.com\/es\/2018\/12\/convocan-en-cuba-a-referendo-sobre-nueva-constitucion\/#breadcrumb","itemListElement":[{"@type":"ListItem","position":1,"name":"Accueil","item":"https:\/\/www.pressenza.com\/es\/"},{"@type":"ListItem","position":2,"name":"Convocan en Cuba a referendo sobre nueva Constituci\u00f3n"}]},{"@type":"WebSite","@id":"https:\/\/www.pressenza.com\/es\/#website","url":"https:\/\/www.pressenza.com\/es\/","name":"Pressenza","description":"International Press Agency","publisher":{"@id":"https:\/\/www.pressenza.com\/es\/#organization"},"potentialAction":[{"@type":"SearchAction","target":{"@type":"EntryPoint","urlTemplate":"https:\/\/www.pressenza.com\/es\/?s={search_term_string}"},"query-input":{"@type":"PropertyValueSpecification","valueRequired":true,"valueName":"search_term_string"}}],"inLanguage":"es"},{"@type":"Organization","@id":"https:\/\/www.pressenza.com\/es\/#organization","name":"Pressenza","url":"https:\/\/www.pressenza.com\/es\/","logo":{"@type":"ImageObject","inLanguage":"es","@id":"https:\/\/www.pressenza.com\/es\/#\/schema\/logo\/image\/","url":"https:\/\/www.pressenza.com\/wp-content\/uploads\/2022\/10\/pressenza_logo_200x200.jpg","contentUrl":"https:\/\/www.pressenza.com\/wp-content\/uploads\/2022\/10\/pressenza_logo_200x200.jpg","width":200,"height":200,"caption":"Pressenza"},"image":{"@id":"https:\/\/www.pressenza.com\/es\/#\/schema\/logo\/image\/"},"sameAs":["https:\/\/www.facebook.com\/PressenzaItalia","https:\/\/x.com\/PressenzaIPA"]},{"@type":"Person","@id":"https:\/\/www.pressenza.com\/es\/#\/schema\/person\/e35c78ffa242d98f4f49ccb18c8631de","name":"Prensa Latina","description":"www.prensa-latina.cu","sameAs":["https:\/\/www.facebook.com\/AgenciaPrensaLatina","https:\/\/x.com\/prensalatina_cu"],"url":"https:\/\/www.pressenza.com\/es\/author\/prensa-latina\/"}]}},"place":"La Habana, Cuba","original_article_url":"https:\/\/www.prensa-latina.cu\/index.php?o=rn&id=239121&SEO=convocan-en-cuba-a-referendo-sobre-nueva-constitucion","_links":{"self":[{"href":"https:\/\/www.pressenza.com\/es\/wp-json\/wp\/v2\/posts\/779830","targetHints":{"allow":["GET"]}}],"collection":[{"href":"https:\/\/www.pressenza.com\/es\/wp-json\/wp\/v2\/posts"}],"about":[{"href":"https:\/\/www.pressenza.com\/es\/wp-json\/wp\/v2\/types\/post"}],"author":[{"embeddable":true,"href":"https:\/\/www.pressenza.com\/es\/wp-json\/wp\/v2\/users\/90"}],"replies":[{"embeddable":true,"href":"https:\/\/www.pressenza.com\/es\/wp-json\/wp\/v2\/comments?post=779830"}],"version-history":[{"count":0,"href":"https:\/\/www.pressenza.com\/es\/wp-json\/wp\/v2\/posts\/779830\/revisions"}],"wp:featuredmedia":[{"embeddable":true,"href":"https:\/\/www.pressenza.com\/es\/wp-json\/wp\/v2\/media\/779831"}],"wp:attachment":[{"href":"https:\/\/www.pressenza.com\/es\/wp-json\/wp\/v2\/media?parent=779830"}],"wp:term":[{"taxonomy":"category","embeddable":true,"href":"https:\/\/www.pressenza.com\/es\/wp-json\/wp\/v2\/categories?post=779830"},{"taxonomy":"post_tag","embeddable":true,"href":"https:\/\/www.pressenza.com\/es\/wp-json\/wp\/v2\/tags?post=779830"}],"curies":[{"name":"wp","href":"https:\/\/api.w.org\/{rel}","templated":true}]}}