{"id":778983,"date":"2018-12-20T21:50:02","date_gmt":"2018-12-20T21:50:02","guid":{"rendered":"https:\/\/www.pressenza.com\/?p=778983"},"modified":"2018-12-21T13:25:30","modified_gmt":"2018-12-21T13:25:30","slug":"la-via-campesina-acuerdo-de-pacto-internacional-de-solidaridad-y-la-unidad-de-accion-por-los-derechos-plenos-de-todxs-lxs-migrantes-y-refugiadxs","status":"publish","type":"post","link":"https:\/\/www.pressenza.com\/es\/2018\/12\/la-via-campesina-acuerdo-de-pacto-internacional-de-solidaridad-y-la-unidad-de-accion-por-los-derechos-plenos-de-todxs-lxs-migrantes-y-refugiadxs\/","title":{"rendered":"La V\u00eda Campesina: Acuerdo de Pacto Internacional de Solidaridad y la Unidad de acci\u00f3n por los Derechos Plenos de todxs lxs migrantes y refugiadxs"},"content":{"rendered":"<p>La Cumbre de los Pueblos para un Pacto Mundial de Solidaridad con Migrantes y Refugiados celebrada en Marrakech los d\u00edas 8 y 9 de diciembre del 2018, bajo los auspicios de La V\u00eda Campesina y sus organizaciones miembros del Proceso del Medio Oriente y Norte de \u00c1frica (MENA) y particularmente de la Federaci\u00f3n Nacional del Sector Agr\u00edcola (FNSA) de Marruecos, as\u00ed como la Asociaci\u00f3n Marroqu\u00ed de Derechos Humanos y la Plataforma de las Asociaciones y Comunidades Subsahariana en Marruecos, junto a muchos otros movimientos y comunidades, damos a conocer esta propuesta de un Acuerdo de un Pacto Internacional de la Solidaridad y la Unidad de Acci\u00f3n por los Derechos Plenos de Todas y Todos las y los Migrantes y Refugiados, bajo las siguientes considerandos:<\/p>\n<p><strong><u>Estado actual de la migraci\u00f3n<\/u><\/strong><\/p>\n<p>La crisis de la migraci\u00f3n del presente representa una debacle humanitaria como nunca se hab\u00eda presentado en la historia contempor\u00e1nea de la civilizaci\u00f3n. Nunca la humanidad hab\u00eda sido arrastrada a niveles tales de deshumanizaci\u00f3n y de barbaridad que nos remiten a los per\u00edodos m\u00e1s sombr\u00edos como la \u00e9poca de colonizaci\u00f3n del Sur.<\/p>\n<p>Un vistazo al estado que guarda la llamada crisis de la migraci\u00f3n lo confirma.<\/p>\n<p>Una faceta terrible de este estado actual es la esclavitud moderna de millares de seres humanos tal y como se dio en los momentos m\u00e1s \u00e1lgidos de la brutal colonizaci\u00f3n del Sur para el saqueo de riquezas y la acumulaci\u00f3n de capital para un pu\u00f1ado de pa\u00edses del Norte.<\/p>\n<p>De Marruecos a la frontera con M\u00e9xico, desde el norte de \u00c1frica hasta las explotaciones en el sur de Espa\u00f1a, desde Centroam\u00e9rica hasta Bangladesh, a todo lo largo y ancho del planeta, encontramos el sufrimiento del desplazamiento humano por la devastaci\u00f3n en las familias, comunidades, pueblos y regiones que provoca un incesante \u00e9xodo de despose\u00eddos y despojados. En unas partes, como ocurre en Asia, se trata de los desastres provocados por el trastorno clim\u00e1tico creado por el insaciable empuje de m\u00e1s y m\u00e1s ganancias que es el principal atributo del presente sistema econ\u00f3mico y social salvaje y depredador. En otros es la violencia de los poderosos y las guerras y conflictos inducidos para el acaparamiento de tierra, la ocupaci\u00f3n de territorios y el despojo de los recursos naturales como el petr\u00f3leo, los minerales y los recursos naturales tal y como ocurre en el Medio Oriente, \u00c1frica, Am\u00e9rica y en todas partes. En otros m\u00e1s es el racismo, la intolerancia, el autoritarismo, la impunidad, el narcotr\u00e1fico y las mafias del crimen organizado. Sin embargo, en la mayor\u00eda, las causas siguen siendo la desigualdad y la marginaci\u00f3n con sus secuelas de pobreza y miseria. Pero tambi\u00e9n encontramos una explotaci\u00f3n b\u00e1rbara de la mano de obra barata de las y los migrantes, tanto en el Norte como en la periferia, con sus desenfrenados modos de producci\u00f3n para producir los bienes y mercanc\u00edas para satisfacer el voraz apetito del consumismo moderno de los sectores m\u00e1s privilegiados.<\/p>\n<p>Esta debacle civilizatoria hoy se refleja en una enorme tragedia con m\u00e1s muertes de migrantes en el Mediterr\u00e1neo y en los desiertos del suroeste de la frontera de M\u00e9xico y Estados Unidos y del Sahara por mencionar solamente los focos rojos de este estado de la migraci\u00f3n.<\/p>\n<p><strong><u>Respuesta de los Estados<\/u><\/strong><\/p>\n<p>Por otra parte, los estados m\u00e1s poderosos econ\u00f3micamente, utilizando a muchos pa\u00edses del Sur a trav\u00e9s del chantaje econ\u00f3mico y de la presi\u00f3n pol\u00edtica, han cerrado filas para reprimir la migraci\u00f3n a trav\u00e9s de la militarizaci\u00f3n de las fronteras, la proliferaci\u00f3n de m\u00e1s muros y de centros de detenci\u00f3n que m\u00e1s parecen campos de concentraci\u00f3n, la criminalizaci\u00f3n de las y los migrantes por el simple hecho de ser migrantes seguido de su encarcelamiento y deportaciones masivas. Esta ofensiva antiinmigrante se representa en una estrategia militar de combate, en la criminalizaci\u00f3n de las organizaciones y de las y los activistas de derechos humanos y en la provocaci\u00f3n de la divisi\u00f3n dentro de la clase trabajadora y de los pueblos oprimidos.<\/p>\n<p>Naturalmente que parte fundamental de esta ofensiva contra las y los migrantes y refugiados es el hecho de que los estados siguen implementado pol\u00edticas neoliberales y est\u00e1n principalmente al servicio de las transnacionales y el capital financiero que con toda libertad saquean pueblos, explotan a millones de seres humanos, se apropian de los bienes comunes naturales como la tierra, el agua, los bosques, las semillas, el conocimiento y las culturas causando desolaci\u00f3n y muerte.<\/p>\n<p>Para agravarlo todo, por todos lados crece un poder pol\u00edtico cuasi fascista que se apodera de los gobiernos, de instituciones y de la vida p\u00fablica.<\/p>\n<p>Pero tambi\u00e9n lo agrava una desilusi\u00f3n generalizada ante la falta de una democracia genuina donde los pueblos puedan ejercer libremente su soberan\u00eda y fortalecer su esperanza de la construcci\u00f3n de mejores condiciones de vida con justicia social, paz y dignidad.<\/p>\n<p><strong>El Pacto Global para la Migraci\u00f3n<\/strong><\/p>\n<p>Como una aparente respuesta a la crisis de la migraci\u00f3n, los estados se han volcado a la firma del Pacto Global para la Migraci\u00f3n (Global Compact for Migration) el 11 de diciembre en Marrakech. As\u00ed que las mujeres y los hombres que hemos participado en la Cumbre de los Pueblos para un Pacto Mundial de Solidaridad con Migrantes y Refugiados, en estos d\u00edas hemos estudiado colectivamente y debatido cuidadosamente sus implicaciones para nuestros pueblos y para las y los migrantes y refugiados y hemos hecho nuestras propias conclusiones.<\/p>\n<blockquote><p>En esta cumbre, hemos llegado a la conclusi\u00f3n que el Pacto Global para la Migraci\u00f3n no representa un cambio en las pol\u00edticas y las acciones anti migrantes de la ofensiva actual contra las y los migrantes y refugiados, emprendida por muchos estados, principalmente del Norte. Se trata de m\u00e1s de lo mismo; las y los migrantes como mano de obra barata y criminalizados por el solo hecho de ser migrantes.<\/p><\/blockquote>\n<p>Aun m\u00e1s, consideramos que el Pacto Global para la Migraci\u00f3n es un retroceso en materia de derechos humanos y en la protecci\u00f3n de las y los migrantes y sus familias tal y como se establece en las pasadas Convenciones Internacionales aprobadas en el seno de las Naciones Unidas y en otras instituciones como la Organizaci\u00f3n Mundial del Trabajo.<\/p>\n<blockquote><p>Es cierto que algunos pa\u00edses han decidido no firmar el Pacto Global para la Migraci\u00f3n, pero no lo hacen porque no est\u00e9n de acuerdo con \u00e9l, sino que lo hacen porque no va m\u00e1s all\u00e1 de sus estrategias de discriminaci\u00f3n y represi\u00f3n contra las y los migrantes y refugiados y, adem\u00e1s, porque consideran que sus intereses no son debidamente satisfechos por instituciones como Naciones Unidas y se niegan a asumir responsabilidades ante la comunidad internacional.<\/p><\/blockquote>\n<p>El Pacto Global para la Migraci\u00f3n propone la disciplina y la organizaci\u00f3n de la migraci\u00f3n en funci\u00f3n de los intereses de los estados y sus verdaderos jefes de las trasnacionales y del capital financiero. Salvo algunas aparentes menciones a las y los migrantes con eufemismos como el de \u201clas necesidades de los migrantes en situaciones de vulnerabilidad\u201d, los derechos humanos est\u00e1n supeditados a las pol\u00edticas de seguridad y a la econom\u00eda de las naciones.<\/p>\n<p>Es as\u00ed como manifestamos p\u00fablicamente nuestro <strong>rechazo<\/strong> al Pacto Global para la Migraci\u00f3n y depositamos en las manos de los movimientos sociales, de los colectivos para la protecci\u00f3n de los derechos humanos de los migrantes, de los estados progresistas y de la sociedad civil, nuestra propia alternativa que recoge el esp\u00edritu, las conclusiones y las recomendaciones de nuestra cumbre.<\/p>\n<p><strong><u>III. Nuestra alternativa<\/u><u><br \/>\n<\/u><\/strong><\/p>\n<p>Para nosotras y nosotros, la migraci\u00f3n es un acto individual y colectivo de resistencia y rebeld\u00eda contra un sistema, por lo que nuestra alternativa es tambi\u00e9n un acto profundo de unidad en la resistencia y la lucha. Venimos luchado desde hace mucho por la defensa de los derechos humanos y contra la esclavitud, el colonialismo y las pol\u00edticas anti-migrantes. Hemos alcanzado importantes victorias y hemos aprendido que no podemos avanzar ni defendernos si lo hacemos aislados y desarticulados. La reciente aprobaci\u00f3n de la Declaraci\u00f3n de Derechos Campesinos en la ONU, as\u00ed como la Convenci\u00f3n por los Derechos de los Pueblos Ind\u00edgenas, la Convenci\u00f3n Internacional para la Protecci\u00f3n de los Migrantes y sus Familias o las Directrices por la Gobernanza de la Tierra en la FAO, son logros importantes que hemos alcanzado y que le damos su valor con unidad, tenacidad, convicci\u00f3n y sacrificios.<\/p>\n<blockquote><p>En base a ello proponemos un <strong>Acuerdo de un<\/strong> <strong>Pacto Mundial de Solidaridad y por los Derechos de los Migrantes<\/strong> que restablezca la primac\u00eda de los derechos humanos de las personas y de los pueblos, por sobre los beneficios e intereses de los Estados, las oligarqu\u00edas y las transnacionales, garantizando la multilateralidad y la democracia en las Naciones Unidas.<\/p><\/blockquote>\n<p>Un Acuerdo que promueva la autodeterminaci\u00f3n, la democracia y la soberan\u00eda alimentaria de los pueblos, posibilitando la construcci\u00f3n de econom\u00edas locales sostenibles, solidarias y justas que garanticen a las poblaciones su derecho a vivir dignamente en sus territorios sin verse obligada a ning\u00fan tipo de desplazamiento forzado.<\/p>\n<p>Un pacto que garantice asimismo el derecho inalienable a la libre circulaci\u00f3n de todas las personas, promoviendo la cooperaci\u00f3n regional e internacional para establecer pol\u00edticas p\u00fablicas que lo garanticen y protejan a quienes hayan optado por la migraci\u00f3n, de toda vulneraci\u00f3n de sus derechos, en especial contra las mujeres, los ni\u00f1os y las personas refugiadas por causas pol\u00edticas, econ\u00f3micas, clim\u00e1ticas y sociales.<\/p>\n<p>El respeto a los derechos humanos y asumir su responsabilidad por parte de los Estados puede impedir la criminalizaci\u00f3n, la represi\u00f3n o el encarcelamiento de las personas migrantes por el hecho de serlo, tanto en su trayecto migratorio como en sus pa\u00edses de destino y estancia, garantizando tambi\u00e9n la documentaci\u00f3n y regularizaci\u00f3n de todas las personas, as\u00ed como la ratificaci\u00f3n y cumplimiento estricto de toda la normativa internacional que protege a las personas refugiadas, a las trabajadoras y a las migrantes y sus familias. La cooperaci\u00f3n y solidaridad entre los Estados pudiera permitir pol\u00edticas econ\u00f3micas que garanticen la cobertura de las necesidades b\u00e1sicas de toda la poblaci\u00f3n, el combate al racismo, la xenofobia y a tipo de discriminaci\u00f3n.<\/p>\n<p>Este nuevo pacto requiere para su implementaci\u00f3n del esfuerzo unitario e internacional de movimientos, organizaciones, colectivos y fuerzas sociales, y ser\u00e1 construido desde abajo, desde nuestras familias, territorios y comunidades. Por ello hacemos un llamamiento a todas las personas y organizaciones que est\u00e1n de acuerdo en enfrentar el Pacto Global para el control de las migraciones de los estados, a apoyar y unirse a esta alternativa de pacto de solidaridad y unidad cuyo eje central es la defensa de los derechos plenos de las y los migrantes y refugiados de todo el planeta.<\/p>\n<p><strong>Marrakech, domingo 9 de diciembre, 2018<\/strong><\/p>\n<p><strong>Fotos:<\/strong> <a href=\"https:\/\/www.facebook.com\/eduleonphoto?ref=br_rs\">Edu Le\u00f3n<\/a><\/p>\n<p>La V\u00eda Campesina<\/p>\n<p>Asociaci\u00f3n Marroqu\u00ed de Derechos Humanos y<\/p>\n<p>Asociaciones de Derechos Humanos del Maghreb<\/p>\n<p>Plataforma de las Asociaciones y Comunidades Subsahariana en Marruecos<\/p>\n<p>Alarm Phone Marroqu\u00ed<\/p>\n<p>Alarm Phone Sahara<\/p>\n<p>Consejo de Migrantes Subsaharianos en Marruecos<\/p>\n<p>Colectivo de Mujeres Migrantes de Marruecos<\/p>\n<p>Africa Europe Interact<\/p>\n<p>Comunidad Congolesa en Marruecos<\/p>\n<p>Transnational Migrant Platform Europa<\/p>\n<p>Transnational Institute<\/p>\n<p>Asociaci\u00f3n de Refugiados de Africa Central en Mali<\/p>\n<p>Asociaci\u00f3n por la Defensa de los Inmigrantes de Mali<\/p>\n<p>Asociaci\u00f3n Lumi\u00e8re Sur Emigraci\u00f3n en Marruecos<\/p>\n","protected":false},"excerpt":{"rendered":"<p>La Cumbre de los Pueblos para un Pacto Mundial de Solidaridad con Migrantes y Refugiados celebrada en Marrakech los d\u00edas 8 y 9 de diciembre del 2018, bajo los auspicios de La V\u00eda Campesina y sus organizaciones miembros del Proceso&hellip;<\/p>\n","protected":false},"author":926,"featured_media":778320,"comment_status":"closed","ping_status":"closed","sticky":false,"template":"","format":"standard","meta":{"footnotes":""},"categories":[64,1241,39],"tags":[53036,9024,15715,53037,21624,53038,53035],"class_list":["post-778983","post","type-post","status-publish","format-standard","has-post-thumbnail","hentry","category-africa-es","category-diversidad","category-internacional","tag-desplazamientos-forzados","tag-marruecos","tag-migracion","tag-pacto-de-solidaridad-con-los-migrantes","tag-refugio","tag-sueno-de-los-pueblos","tag-via-campesina-es"],"yoast_head":"<!-- This site is optimized with the Yoast SEO plugin v27.1.1 - https:\/\/yoast.com\/product\/yoast-seo-wordpress\/ -->\n<title>La V\u00eda Campesina: Acuerdo de Pacto Internacional de Solidaridad y la Unidad de acci\u00f3n por los Derechos Plenos de todxs lxs migrantes y refugiadxs<\/title>\n<meta name=\"description\" content=\"La Cumbre de los Pueblos para un Pacto Mundial de Solidaridad con Migrantes y Refugiados celebrada en Marrakech los d\u00edas 8 y 9 de diciembre del 2018, bajo\" \/>\n<meta name=\"robots\" content=\"index, follow, max-snippet:-1, max-image-preview:large, max-video-preview:-1\" \/>\n<link rel=\"canonical\" href=\"https:\/\/www.pressenza.com\/es\/2018\/12\/la-via-campesina-acuerdo-de-pacto-internacional-de-solidaridad-y-la-unidad-de-accion-por-los-derechos-plenos-de-todxs-lxs-migrantes-y-refugiadxs\/\" \/>\n<meta property=\"og:locale\" content=\"es_ES\" \/>\n<meta property=\"og:type\" content=\"article\" \/>\n<meta property=\"og:title\" content=\"La V\u00eda Campesina: Acuerdo de Pacto Internacional de Solidaridad y la Unidad de acci\u00f3n por los Derechos Plenos de todxs lxs migrantes y refugiadxs\" \/>\n<meta property=\"og:description\" content=\"La Cumbre de los Pueblos para un Pacto Mundial de Solidaridad con Migrantes y Refugiados celebrada en Marrakech los d\u00edas 8 y 9 de diciembre del 2018, bajo\" \/>\n<meta property=\"og:url\" content=\"https:\/\/www.pressenza.com\/es\/2018\/12\/la-via-campesina-acuerdo-de-pacto-internacional-de-solidaridad-y-la-unidad-de-accion-por-los-derechos-plenos-de-todxs-lxs-migrantes-y-refugiadxs\/\" \/>\n<meta property=\"og:site_name\" content=\"Pressenza\" \/>\n<meta property=\"article:publisher\" content=\"https:\/\/www.facebook.com\/PressenzaItalia\" \/>\n<meta property=\"article:published_time\" content=\"2018-12-20T21:50:02+00:00\" \/>\n<meta property=\"article:modified_time\" content=\"2018-12-21T13:25:30+00:00\" \/>\n<meta property=\"og:image\" content=\"https:\/\/www.pressenza.com\/wp-content\/uploads\/2018\/12\/La-Via-Campesina.jpeg\" \/>\n\t<meta property=\"og:image:width\" content=\"765\" \/>\n\t<meta property=\"og:image:height\" content=\"265\" \/>\n\t<meta property=\"og:image:type\" content=\"image\/jpeg\" \/>\n<meta name=\"author\" content=\"R\u00e9daction France\" \/>\n<meta name=\"twitter:card\" content=\"summary_large_image\" \/>\n<meta name=\"twitter:creator\" content=\"@PressenzaIPA\" \/>\n<meta name=\"twitter:site\" content=\"@PressenzaIPA\" \/>\n<meta name=\"twitter:label1\" content=\"Escrito por\" \/>\n\t<meta name=\"twitter:data1\" content=\"R\u00e9daction France\" \/>\n\t<meta name=\"twitter:label2\" content=\"Tiempo de lectura\" \/>\n\t<meta name=\"twitter:data2\" content=\"10 minutos\" \/>\n<script type=\"application\/ld+json\" class=\"yoast-schema-graph\">{\"@context\":\"https:\/\/schema.org\",\"@graph\":[{\"@type\":\"Article\",\"@id\":\"https:\/\/www.pressenza.com\/es\/2018\/12\/la-via-campesina-acuerdo-de-pacto-internacional-de-solidaridad-y-la-unidad-de-accion-por-los-derechos-plenos-de-todxs-lxs-migrantes-y-refugiadxs\/#article\",\"isPartOf\":{\"@id\":\"https:\/\/www.pressenza.com\/es\/2018\/12\/la-via-campesina-acuerdo-de-pacto-internacional-de-solidaridad-y-la-unidad-de-accion-por-los-derechos-plenos-de-todxs-lxs-migrantes-y-refugiadxs\/\"},\"author\":{\"name\":\"R\u00e9daction France\",\"@id\":\"https:\/\/www.pressenza.com\/es\/#\/schema\/person\/3c9fe6670cc2cffbd37562f87b98e869\"},\"headline\":\"La V\u00eda Campesina: Acuerdo de Pacto Internacional de Solidaridad y la Unidad de acci\u00f3n por los Derechos Plenos de todxs lxs migrantes y refugiadxs\",\"datePublished\":\"2018-12-20T21:50:02+00:00\",\"dateModified\":\"2018-12-21T13:25:30+00:00\",\"mainEntityOfPage\":{\"@id\":\"https:\/\/www.pressenza.com\/es\/2018\/12\/la-via-campesina-acuerdo-de-pacto-internacional-de-solidaridad-y-la-unidad-de-accion-por-los-derechos-plenos-de-todxs-lxs-migrantes-y-refugiadxs\/\"},\"wordCount\":2015,\"publisher\":{\"@id\":\"https:\/\/www.pressenza.com\/es\/#organization\"},\"image\":{\"@id\":\"https:\/\/www.pressenza.com\/es\/2018\/12\/la-via-campesina-acuerdo-de-pacto-internacional-de-solidaridad-y-la-unidad-de-accion-por-los-derechos-plenos-de-todxs-lxs-migrantes-y-refugiadxs\/#primaryimage\"},\"thumbnailUrl\":\"https:\/\/www.pressenza.com\/wp-content\/uploads\/2018\/12\/La-Via-Campesina.jpeg\",\"keywords\":[\"desplazamientos forzados\",\"Marruecos\",\"migraci\u00f3n\",\"pacto de solidaridad con los migrantes\",\"refugio\",\"sue\u00f1o de los pueblos\",\"via campesina\"],\"articleSection\":[\"Africa\",\"Diversidad\",\"Internacional\"],\"inLanguage\":\"es\"},{\"@type\":\"WebPage\",\"@id\":\"https:\/\/www.pressenza.com\/es\/2018\/12\/la-via-campesina-acuerdo-de-pacto-internacional-de-solidaridad-y-la-unidad-de-accion-por-los-derechos-plenos-de-todxs-lxs-migrantes-y-refugiadxs\/\",\"url\":\"https:\/\/www.pressenza.com\/es\/2018\/12\/la-via-campesina-acuerdo-de-pacto-internacional-de-solidaridad-y-la-unidad-de-accion-por-los-derechos-plenos-de-todxs-lxs-migrantes-y-refugiadxs\/\",\"name\":\"La V\u00eda Campesina: Acuerdo de Pacto Internacional de Solidaridad y la Unidad de acci\u00f3n por los Derechos Plenos de todxs lxs migrantes y refugiadxs\",\"isPartOf\":{\"@id\":\"https:\/\/www.pressenza.com\/es\/#website\"},\"primaryImageOfPage\":{\"@id\":\"https:\/\/www.pressenza.com\/es\/2018\/12\/la-via-campesina-acuerdo-de-pacto-internacional-de-solidaridad-y-la-unidad-de-accion-por-los-derechos-plenos-de-todxs-lxs-migrantes-y-refugiadxs\/#primaryimage\"},\"image\":{\"@id\":\"https:\/\/www.pressenza.com\/es\/2018\/12\/la-via-campesina-acuerdo-de-pacto-internacional-de-solidaridad-y-la-unidad-de-accion-por-los-derechos-plenos-de-todxs-lxs-migrantes-y-refugiadxs\/#primaryimage\"},\"thumbnailUrl\":\"https:\/\/www.pressenza.com\/wp-content\/uploads\/2018\/12\/La-Via-Campesina.jpeg\",\"datePublished\":\"2018-12-20T21:50:02+00:00\",\"dateModified\":\"2018-12-21T13:25:30+00:00\",\"description\":\"La Cumbre de los Pueblos para un Pacto Mundial de Solidaridad con Migrantes y Refugiados celebrada en Marrakech los d\u00edas 8 y 9 de diciembre del 2018, bajo\",\"breadcrumb\":{\"@id\":\"https:\/\/www.pressenza.com\/es\/2018\/12\/la-via-campesina-acuerdo-de-pacto-internacional-de-solidaridad-y-la-unidad-de-accion-por-los-derechos-plenos-de-todxs-lxs-migrantes-y-refugiadxs\/#breadcrumb\"},\"inLanguage\":\"es\",\"potentialAction\":[{\"@type\":\"ReadAction\",\"target\":[\"https:\/\/www.pressenza.com\/es\/2018\/12\/la-via-campesina-acuerdo-de-pacto-internacional-de-solidaridad-y-la-unidad-de-accion-por-los-derechos-plenos-de-todxs-lxs-migrantes-y-refugiadxs\/\"]}]},{\"@type\":\"ImageObject\",\"inLanguage\":\"es\",\"@id\":\"https:\/\/www.pressenza.com\/es\/2018\/12\/la-via-campesina-acuerdo-de-pacto-internacional-de-solidaridad-y-la-unidad-de-accion-por-los-derechos-plenos-de-todxs-lxs-migrantes-y-refugiadxs\/#primaryimage\",\"url\":\"https:\/\/www.pressenza.com\/wp-content\/uploads\/2018\/12\/La-Via-Campesina.jpeg\",\"contentUrl\":\"https:\/\/www.pressenza.com\/wp-content\/uploads\/2018\/12\/La-Via-Campesina.jpeg\",\"width\":765,\"height\":265},{\"@type\":\"BreadcrumbList\",\"@id\":\"https:\/\/www.pressenza.com\/es\/2018\/12\/la-via-campesina-acuerdo-de-pacto-internacional-de-solidaridad-y-la-unidad-de-accion-por-los-derechos-plenos-de-todxs-lxs-migrantes-y-refugiadxs\/#breadcrumb\",\"itemListElement\":[{\"@type\":\"ListItem\",\"position\":1,\"name\":\"Accueil\",\"item\":\"https:\/\/www.pressenza.com\/es\/\"},{\"@type\":\"ListItem\",\"position\":2,\"name\":\"La V\u00eda Campesina: Acuerdo de Pacto Internacional de Solidaridad y la Unidad de acci\u00f3n por los Derechos Plenos de todxs lxs migrantes y refugiadxs\"}]},{\"@type\":\"WebSite\",\"@id\":\"https:\/\/www.pressenza.com\/es\/#website\",\"url\":\"https:\/\/www.pressenza.com\/es\/\",\"name\":\"Pressenza\",\"description\":\"International Press Agency\",\"publisher\":{\"@id\":\"https:\/\/www.pressenza.com\/es\/#organization\"},\"potentialAction\":[{\"@type\":\"SearchAction\",\"target\":{\"@type\":\"EntryPoint\",\"urlTemplate\":\"https:\/\/www.pressenza.com\/es\/?s={search_term_string}\"},\"query-input\":{\"@type\":\"PropertyValueSpecification\",\"valueRequired\":true,\"valueName\":\"search_term_string\"}}],\"inLanguage\":\"es\"},{\"@type\":\"Organization\",\"@id\":\"https:\/\/www.pressenza.com\/es\/#organization\",\"name\":\"Pressenza\",\"url\":\"https:\/\/www.pressenza.com\/es\/\",\"logo\":{\"@type\":\"ImageObject\",\"inLanguage\":\"es\",\"@id\":\"https:\/\/www.pressenza.com\/es\/#\/schema\/logo\/image\/\",\"url\":\"https:\/\/www.pressenza.com\/wp-content\/uploads\/2022\/10\/pressenza_logo_200x200.jpg\",\"contentUrl\":\"https:\/\/www.pressenza.com\/wp-content\/uploads\/2022\/10\/pressenza_logo_200x200.jpg\",\"width\":200,\"height\":200,\"caption\":\"Pressenza\"},\"image\":{\"@id\":\"https:\/\/www.pressenza.com\/es\/#\/schema\/logo\/image\/\"},\"sameAs\":[\"https:\/\/www.facebook.com\/PressenzaItalia\",\"https:\/\/x.com\/PressenzaIPA\"]},{\"@type\":\"Person\",\"@id\":\"https:\/\/www.pressenza.com\/es\/#\/schema\/person\/3c9fe6670cc2cffbd37562f87b98e869\",\"name\":\"R\u00e9daction France\",\"description\":\"News published by the Pressenza bureau in France\",\"sameAs\":[\"http:\/\/www.pressenza.com\/fr\"],\"url\":\"https:\/\/www.pressenza.com\/es\/author\/redactionfrance\/\"}]}<\/script>\n<!-- \/ Yoast SEO plugin. -->","yoast_head_json":{"title":"La V\u00eda Campesina: Acuerdo de Pacto Internacional de Solidaridad y la Unidad de acci\u00f3n por los Derechos Plenos de todxs lxs migrantes y refugiadxs","description":"La Cumbre de los Pueblos para un Pacto Mundial de Solidaridad con Migrantes y Refugiados celebrada en Marrakech los d\u00edas 8 y 9 de diciembre del 2018, bajo","robots":{"index":"index","follow":"follow","max-snippet":"max-snippet:-1","max-image-preview":"max-image-preview:large","max-video-preview":"max-video-preview:-1"},"canonical":"https:\/\/www.pressenza.com\/es\/2018\/12\/la-via-campesina-acuerdo-de-pacto-internacional-de-solidaridad-y-la-unidad-de-accion-por-los-derechos-plenos-de-todxs-lxs-migrantes-y-refugiadxs\/","og_locale":"es_ES","og_type":"article","og_title":"La V\u00eda Campesina: Acuerdo de Pacto Internacional de Solidaridad y la Unidad de acci\u00f3n por los Derechos Plenos de todxs lxs migrantes y refugiadxs","og_description":"La Cumbre de los Pueblos para un Pacto Mundial de Solidaridad con Migrantes y Refugiados celebrada en Marrakech los d\u00edas 8 y 9 de diciembre del 2018, bajo","og_url":"https:\/\/www.pressenza.com\/es\/2018\/12\/la-via-campesina-acuerdo-de-pacto-internacional-de-solidaridad-y-la-unidad-de-accion-por-los-derechos-plenos-de-todxs-lxs-migrantes-y-refugiadxs\/","og_site_name":"Pressenza","article_publisher":"https:\/\/www.facebook.com\/PressenzaItalia","article_published_time":"2018-12-20T21:50:02+00:00","article_modified_time":"2018-12-21T13:25:30+00:00","og_image":[{"width":765,"height":265,"url":"https:\/\/www.pressenza.com\/wp-content\/uploads\/2018\/12\/La-Via-Campesina.jpeg","type":"image\/jpeg"}],"author":"R\u00e9daction France","twitter_card":"summary_large_image","twitter_creator":"@PressenzaIPA","twitter_site":"@PressenzaIPA","twitter_misc":{"Escrito por":"R\u00e9daction France","Tiempo de lectura":"10 minutos"},"schema":{"@context":"https:\/\/schema.org","@graph":[{"@type":"Article","@id":"https:\/\/www.pressenza.com\/es\/2018\/12\/la-via-campesina-acuerdo-de-pacto-internacional-de-solidaridad-y-la-unidad-de-accion-por-los-derechos-plenos-de-todxs-lxs-migrantes-y-refugiadxs\/#article","isPartOf":{"@id":"https:\/\/www.pressenza.com\/es\/2018\/12\/la-via-campesina-acuerdo-de-pacto-internacional-de-solidaridad-y-la-unidad-de-accion-por-los-derechos-plenos-de-todxs-lxs-migrantes-y-refugiadxs\/"},"author":{"name":"R\u00e9daction France","@id":"https:\/\/www.pressenza.com\/es\/#\/schema\/person\/3c9fe6670cc2cffbd37562f87b98e869"},"headline":"La V\u00eda Campesina: Acuerdo de Pacto Internacional de Solidaridad y la Unidad de acci\u00f3n por los Derechos Plenos de todxs lxs migrantes y refugiadxs","datePublished":"2018-12-20T21:50:02+00:00","dateModified":"2018-12-21T13:25:30+00:00","mainEntityOfPage":{"@id":"https:\/\/www.pressenza.com\/es\/2018\/12\/la-via-campesina-acuerdo-de-pacto-internacional-de-solidaridad-y-la-unidad-de-accion-por-los-derechos-plenos-de-todxs-lxs-migrantes-y-refugiadxs\/"},"wordCount":2015,"publisher":{"@id":"https:\/\/www.pressenza.com\/es\/#organization"},"image":{"@id":"https:\/\/www.pressenza.com\/es\/2018\/12\/la-via-campesina-acuerdo-de-pacto-internacional-de-solidaridad-y-la-unidad-de-accion-por-los-derechos-plenos-de-todxs-lxs-migrantes-y-refugiadxs\/#primaryimage"},"thumbnailUrl":"https:\/\/www.pressenza.com\/wp-content\/uploads\/2018\/12\/La-Via-Campesina.jpeg","keywords":["desplazamientos forzados","Marruecos","migraci\u00f3n","pacto de solidaridad con los migrantes","refugio","sue\u00f1o de los pueblos","via campesina"],"articleSection":["Africa","Diversidad","Internacional"],"inLanguage":"es"},{"@type":"WebPage","@id":"https:\/\/www.pressenza.com\/es\/2018\/12\/la-via-campesina-acuerdo-de-pacto-internacional-de-solidaridad-y-la-unidad-de-accion-por-los-derechos-plenos-de-todxs-lxs-migrantes-y-refugiadxs\/","url":"https:\/\/www.pressenza.com\/es\/2018\/12\/la-via-campesina-acuerdo-de-pacto-internacional-de-solidaridad-y-la-unidad-de-accion-por-los-derechos-plenos-de-todxs-lxs-migrantes-y-refugiadxs\/","name":"La V\u00eda Campesina: Acuerdo de Pacto Internacional de Solidaridad y la Unidad de acci\u00f3n por los Derechos Plenos de todxs lxs migrantes y refugiadxs","isPartOf":{"@id":"https:\/\/www.pressenza.com\/es\/#website"},"primaryImageOfPage":{"@id":"https:\/\/www.pressenza.com\/es\/2018\/12\/la-via-campesina-acuerdo-de-pacto-internacional-de-solidaridad-y-la-unidad-de-accion-por-los-derechos-plenos-de-todxs-lxs-migrantes-y-refugiadxs\/#primaryimage"},"image":{"@id":"https:\/\/www.pressenza.com\/es\/2018\/12\/la-via-campesina-acuerdo-de-pacto-internacional-de-solidaridad-y-la-unidad-de-accion-por-los-derechos-plenos-de-todxs-lxs-migrantes-y-refugiadxs\/#primaryimage"},"thumbnailUrl":"https:\/\/www.pressenza.com\/wp-content\/uploads\/2018\/12\/La-Via-Campesina.jpeg","datePublished":"2018-12-20T21:50:02+00:00","dateModified":"2018-12-21T13:25:30+00:00","description":"La Cumbre de los Pueblos para un Pacto Mundial de Solidaridad con Migrantes y Refugiados celebrada en Marrakech los d\u00edas 8 y 9 de diciembre del 2018, bajo","breadcrumb":{"@id":"https:\/\/www.pressenza.com\/es\/2018\/12\/la-via-campesina-acuerdo-de-pacto-internacional-de-solidaridad-y-la-unidad-de-accion-por-los-derechos-plenos-de-todxs-lxs-migrantes-y-refugiadxs\/#breadcrumb"},"inLanguage":"es","potentialAction":[{"@type":"ReadAction","target":["https:\/\/www.pressenza.com\/es\/2018\/12\/la-via-campesina-acuerdo-de-pacto-internacional-de-solidaridad-y-la-unidad-de-accion-por-los-derechos-plenos-de-todxs-lxs-migrantes-y-refugiadxs\/"]}]},{"@type":"ImageObject","inLanguage":"es","@id":"https:\/\/www.pressenza.com\/es\/2018\/12\/la-via-campesina-acuerdo-de-pacto-internacional-de-solidaridad-y-la-unidad-de-accion-por-los-derechos-plenos-de-todxs-lxs-migrantes-y-refugiadxs\/#primaryimage","url":"https:\/\/www.pressenza.com\/wp-content\/uploads\/2018\/12\/La-Via-Campesina.jpeg","contentUrl":"https:\/\/www.pressenza.com\/wp-content\/uploads\/2018\/12\/La-Via-Campesina.jpeg","width":765,"height":265},{"@type":"BreadcrumbList","@id":"https:\/\/www.pressenza.com\/es\/2018\/12\/la-via-campesina-acuerdo-de-pacto-internacional-de-solidaridad-y-la-unidad-de-accion-por-los-derechos-plenos-de-todxs-lxs-migrantes-y-refugiadxs\/#breadcrumb","itemListElement":[{"@type":"ListItem","position":1,"name":"Accueil","item":"https:\/\/www.pressenza.com\/es\/"},{"@type":"ListItem","position":2,"name":"La V\u00eda Campesina: Acuerdo de Pacto Internacional de Solidaridad y la Unidad de acci\u00f3n por los Derechos Plenos de todxs lxs migrantes y refugiadxs"}]},{"@type":"WebSite","@id":"https:\/\/www.pressenza.com\/es\/#website","url":"https:\/\/www.pressenza.com\/es\/","name":"Pressenza","description":"International Press Agency","publisher":{"@id":"https:\/\/www.pressenza.com\/es\/#organization"},"potentialAction":[{"@type":"SearchAction","target":{"@type":"EntryPoint","urlTemplate":"https:\/\/www.pressenza.com\/es\/?s={search_term_string}"},"query-input":{"@type":"PropertyValueSpecification","valueRequired":true,"valueName":"search_term_string"}}],"inLanguage":"es"},{"@type":"Organization","@id":"https:\/\/www.pressenza.com\/es\/#organization","name":"Pressenza","url":"https:\/\/www.pressenza.com\/es\/","logo":{"@type":"ImageObject","inLanguage":"es","@id":"https:\/\/www.pressenza.com\/es\/#\/schema\/logo\/image\/","url":"https:\/\/www.pressenza.com\/wp-content\/uploads\/2022\/10\/pressenza_logo_200x200.jpg","contentUrl":"https:\/\/www.pressenza.com\/wp-content\/uploads\/2022\/10\/pressenza_logo_200x200.jpg","width":200,"height":200,"caption":"Pressenza"},"image":{"@id":"https:\/\/www.pressenza.com\/es\/#\/schema\/logo\/image\/"},"sameAs":["https:\/\/www.facebook.com\/PressenzaItalia","https:\/\/x.com\/PressenzaIPA"]},{"@type":"Person","@id":"https:\/\/www.pressenza.com\/es\/#\/schema\/person\/3c9fe6670cc2cffbd37562f87b98e869","name":"R\u00e9daction France","description":"News published by the Pressenza bureau in France","sameAs":["http:\/\/www.pressenza.com\/fr"],"url":"https:\/\/www.pressenza.com\/es\/author\/redactionfrance\/"}]}},"place":"Marruecos","original_article_url":"https:\/\/viacampesina.org\/es\/la-via-campesina-acuerdo-de-pacto-internacional-de-solidaridad-y-la-unidad-de-accion-por-los-derechos-plenos-de-todxs-lxs-migrantes-y-refugiadxs\/","_links":{"self":[{"href":"https:\/\/www.pressenza.com\/es\/wp-json\/wp\/v2\/posts\/778983","targetHints":{"allow":["GET"]}}],"collection":[{"href":"https:\/\/www.pressenza.com\/es\/wp-json\/wp\/v2\/posts"}],"about":[{"href":"https:\/\/www.pressenza.com\/es\/wp-json\/wp\/v2\/types\/post"}],"author":[{"embeddable":true,"href":"https:\/\/www.pressenza.com\/es\/wp-json\/wp\/v2\/users\/926"}],"replies":[{"embeddable":true,"href":"https:\/\/www.pressenza.com\/es\/wp-json\/wp\/v2\/comments?post=778983"}],"version-history":[{"count":0,"href":"https:\/\/www.pressenza.com\/es\/wp-json\/wp\/v2\/posts\/778983\/revisions"}],"wp:featuredmedia":[{"embeddable":true,"href":"https:\/\/www.pressenza.com\/es\/wp-json\/wp\/v2\/media\/778320"}],"wp:attachment":[{"href":"https:\/\/www.pressenza.com\/es\/wp-json\/wp\/v2\/media?parent=778983"}],"wp:term":[{"taxonomy":"category","embeddable":true,"href":"https:\/\/www.pressenza.com\/es\/wp-json\/wp\/v2\/categories?post=778983"},{"taxonomy":"post_tag","embeddable":true,"href":"https:\/\/www.pressenza.com\/es\/wp-json\/wp\/v2\/tags?post=778983"}],"curies":[{"name":"wp","href":"https:\/\/api.w.org\/{rel}","templated":true}]}}