{"id":777326,"date":"2018-12-18T10:37:15","date_gmt":"2018-12-18T10:37:15","guid":{"rendered":"https:\/\/www.pressenza.com\/?p=777326"},"modified":"2018-12-18T10:37:15","modified_gmt":"2018-12-18T10:37:15","slug":"una-nueva-mirada-sobre-iran","status":"publish","type":"post","link":"https:\/\/www.pressenza.com\/es\/2018\/12\/una-nueva-mirada-sobre-iran\/","title":{"rendered":"Una nueva mirada sobre Ir\u00e1n"},"content":{"rendered":"<blockquote><p>Entrevistamos al colectivo \u201c<a href=\"https:\/\/seeyouiniran.org\/about-see-you-in-iran\/\">See you in Iran<\/a>\u201d, cuyo objetivo es dar a conocer la realidad sociocultural iran\u00ed en el \u00e1mbito internacional y contribuir a cambiar el relato, fundamentado en el odio, que los grandes medios occidentales ofrecen sobre Ir\u00e1n. Adem\u00e1s de las sanciones econ\u00f3micas y pol\u00edticas que se han impuesto a Ir\u00e1n durante decenios, tambi\u00e9n la producci\u00f3n cultural iran\u00ed ha sido ignorada. La agrupaci\u00f3n se propone dar a conocer el material sociocultural producido en el pa\u00eds, as\u00ed como representar a las poblaciones marginadas y a las narrativas ignoradas mediante diversos aparatos como; una\u00a0 casa cultural que organiza eventos, talleres, charlas y exposiciones; una plataforma de viajes; una comunidad online; un hostel y una red de medios de comunicaci\u00f3n. \u00abSee you in Iran\u00bb se propone cambiar la imagen instalada en el imaginario de gran parte de la poblaci\u00f3n occidental, de un territorio sumido en el caos y la represi\u00f3n, por una imagen m\u00e1s cercana a la realidad del pa\u00eds.<\/p><\/blockquote>\n<p><strong>Pressenza-<\/strong> Los medios occidentales ofrecen una imagen de Ir\u00e1n como un pa\u00eds amenazador y desestabilizante de la paz mundial \u00bfC\u00f3mo es la vida de la gente com\u00fan en Ir\u00e1n?<br \/>\n<strong>See you in Iran-<\/strong> La imagen que los principales medios de comunicaci\u00f3n dan sobre Ir\u00e1n est\u00e1 alineada con los intereses de los estados que se benefician de aislar el pa\u00eds y esta imagen est\u00e1 muy lejos de la realidad de pa\u00eds. En realidad, la situaci\u00f3n de vida en Ir\u00e1n, como en cualquier otro pa\u00eds, est\u00e1 mezclada con su historia y geopol\u00edtica, factores sin los cuales es imposible analizar el estado actual.<\/p>\n<p><strong>Pressenza-<\/strong> Durante el \u00faltimo a\u00f1o el rial (moneda iran\u00ed) ha devaluado su valor por tres, el precio de la materia prima importada se ha disparado y la inflaci\u00f3n ha aumentado m\u00e1s del 50%. \u00bfCu\u00e1l es la situaci\u00f3n econ\u00f3mica actual en Ir\u00e1n?<br \/>\n<strong>See you in Iran-<\/strong> La situaci\u00f3n econ\u00f3mica para la mayor\u00eda de la poblaci\u00f3n no es buena.\u00a0 Aunque parte del problema se debe sin duda a una mala gesti\u00f3n interna, la maquinaria propagand\u00edstica ha desempe\u00f1ado un papel importante en la reciente ca\u00edda en picado de la moneda nacional y el aumento de la inflaci\u00f3n.<\/p>\n<p><strong>Pressenza-<\/strong> Despu\u00e9s de que EEUU revocase el acuerdo sobre el programa nuclear en 2015, dicho pa\u00eds inici\u00f3 una serie de sanciones a Ir\u00e1n. \u00bfC\u00f3mo afecta el bloqueo estadounidense a la poblaci\u00f3n iran\u00ed?<br \/>\n<strong>See you in Iran-<\/strong> El restablecimiento de las sanciones es parte de los muchos infowars que han sido lanzados por la administraci\u00f3n Trump. El gobierno de Estados Unidos no ha dejado de desinformar en las redes y en los medios, ha desafiado sin fundamento a los inspectores del OIEA (Agencia Internacional de la Energ\u00eda At\u00f3mica) y ha utilizado un meme de Juego de Tronos para regodearse sobre la desestabilizaci\u00f3n econ\u00f3mica de Ir\u00e1n (Trump mostr\u00f3 su foto en su cuenta de Twitter con el lema <a href=\"https:\/\/twitter.com\/realDonaldTrump\/status\/1058388700617498625\/photo\/1?ref_src=twsrc%5Etfw%7Ctwcamp%5Etweetembed%7Ctwterm%5E1058388700617498625&amp;ref_url=https%3A%2F%2Fas.com%2Fepik%2F2018%2F11%2F05%2Fportada%2F1541435383_282890.html\">&#8216;La sanciones se acercan&#8217;<\/a>, inspirado en el famoso &#8216;Winter is Coming&#8217; de Juego de Tronos). Adem\u00e1s, est\u00e1 reviviendo viejos mitos de que el pueblo iran\u00ed es una v\u00edctima impotente que necesita el m\u00e1ximo salvador blanco. Todo esto recuerda la ret\u00f3rica de Estados Unidos con respecto a Afganist\u00e1n e Irak en 2001 y 2003, respectivamente.<\/p>\n<p><strong>Pressenza-<\/strong> \u00bfCu\u00e1l es vuestra opini\u00f3n sobre la acusaci\u00f3n estadounidense que define a Ir\u00e1n como \u00abel principal patrocinador del terrorismo internacional\u00bb?<br \/>\n<strong>See you in Iran-<\/strong> Ir\u00e1n siempre ha sido considerado como un punto estrat\u00e9gico en la regi\u00f3n, por lo que las potencias occidentales nunca han dejado de interferir en sus asuntos internos en los \u00faltimos doscientos a\u00f1os. Las estrategias entrometidas han ido desde el intervencionismo y la interferencia en el sistema pol\u00edtico iran\u00ed hasta las sanciones econ\u00f3micas y la estigmatizaci\u00f3n del pa\u00eds, principalmente a trav\u00e9s de los principales medios de comunicaci\u00f3n, que han cobrado un enorme impulso en las \u00faltimas d\u00e9cadas. Por lo tanto, etiquetar a Ir\u00e1n como el mayor patrocinador del terrorismo global por Trump y su banda no es una sorpresa, especialmente en un momento en que la innegable presencia destructiva de Estados Unidos en Oriente Medio ha amplificado directamente el caos y la carnicer\u00eda en la regi\u00f3n que se puede presenciar en Libia y Siria.<\/p>\n<p><strong>Pressenza-<\/strong> \u00bfCu\u00e1l es vuestra opini\u00f3n sobre el fallo de la Corte Internacional de Justicia de las Naciones Unidas sobre el levantamiento parcial de las sanciones impuestas a Ir\u00e1n?<br \/>\n<strong>See you in Iran-<\/strong> La actual administraci\u00f3n belicista de los Estados Unidos ha devaluado a todas las instituciones que ten\u00edan un papel que desempe\u00f1ar en materia de derechos humanos y de la sociedad civil. El fallo muestra, una vez m\u00e1s, que un pa\u00eds que se retira de un acuerdo reconocido internacionalmente no est\u00e1 considerando al tribunal de justicia de la ONU.<\/p>\n<p><strong>Pressenza-<\/strong> \u201cSee you in Iran\u201d es un colectivo amplio que realiz\u00e1is numerosas actividades. \u00bfCu\u00e1l es el proyecto de \u00abSee you in Iran\u00bb?<br \/>\n<strong>See you in Iran-<\/strong> Seguridad, orden y democracia en el \u00abNorte Global\u00bb y caos, supresi\u00f3n y guerra en el \u00abSur Global\u00bb, son dos caras de la misma moneda. Esta dicotom\u00eda se deriva de un discurso ego\u00edsta, belicista y supresor que se pone por encima de todo y que considera que su supervivencia depende de la abolici\u00f3n de cualquier otra forma de pensar.<\/p>\n<p>La ideolog\u00eda del \u201cself-other\u201d pronto perjudicar\u00e1 a poblaciones cada vez m\u00e1s grandes, como ya ha ocurrido, hasta cierto punto, cuando los ataques terroristas ya no se limitan a las fronteras y tienen lugar tanto en el \u00abSur Global\u00bb como en el \u00abNorte Global\u00bb. Sin embargo, queda un panorama m\u00e1s amplio, el que est\u00e1 m\u00e1s cerca de la realidad. El retrato de la guerra, el caos y la aniquilaci\u00f3n con respecto a Ir\u00e1n es tan poco realista, como el retrato de un \u00abNorte Global\u00bb seguro, ordenado y democr\u00e1tico, pero los principales medios de comunicaci\u00f3n tratan de \u00a0transmitir este paisaje dicotomizado. La interiorizaci\u00f3n de esta perspectiva hace que los ciudadanos del \u00abNorte Global\u00bb se vuelvan obedientes y satisfechos con las meras ilusiones de libertad y seguridad, y que la poblaci\u00f3n del \u00abSur Global\u00bb se vuelva pasiva e inm\u00f3vil, ya que s\u00f3lo encuentran condenas acechando en cada esquina. Por lo tanto, la percepci\u00f3n del \u00abNorte Global\u00bb en pa\u00edses como Ir\u00e1n es extremadamente sesgada.<\/p>\n<p>El hecho es que cada uno elige una forma de vida de acuerdo a sus circunstancias, pero la brecha en el nivel de vida entre el \u00abSur Global\u00bb y el \u00abNorte Global\u00bb no es tan grande como para que el \u201cSur Global\u201d sea identificado con la \u00abguerra\u00bb y el \u00abcaos\u00bb. Adem\u00e1s, la plaga del neoliberalismo que se ha extendido por todo el planeta no es mucho menos da\u00f1ina en el \u201cNorte Global\u201d de lo que lo es en los pa\u00edses del \u00abSur Global\u00bb. Por lo tanto, nosotros, como habitantes de la tierra, vivimos en momentos en que la fuente del sufrimiento es compartida y se necesita un compromiso mutuo y un frente unificado para cambiar la situaci\u00f3n, ya vivas en Par\u00eds o en Teher\u00e1n.<\/p>\n<p>La situaci\u00f3n actual necesita ser transformada mediante la uni\u00f3n y la afinidad y esa uni\u00f3n debe formarse en torno al objetivo colectivo de cambiar la visi\u00f3n dicot\u00f3mica de los seres humanos. El intento de la organizaci\u00f3n \u201cSee you in Iran\u201d es cambiar el espacio existente a trav\u00e9s de los medios de comunicaci\u00f3n que se alimentan de la ideolog\u00eda polarizada. Al mismo tiempo, tratamos de desafiar y confrontar la \u00abiranofobia\u00bb siendo un aparato que proporciona un espacio para que personas de diferentes partes del mundo se conecten mejor entre s\u00ed y cambien la imagen de Ir\u00e1n a trav\u00e9s de narrativas no filtradas de viajeros.<\/p>\n<p>Tambi\u00e9n intentamos dirigir la organizaci\u00f3n de forma democr\u00e1tica y con un modelo de negocio alternativo. Esperamos que personas de diferentes pa\u00edses nos acompa\u00f1en en este camino y que salgan de su zona de confort para formar una conexi\u00f3n m\u00e1s directa con los habitantes de pa\u00edses como Ir\u00e1n y contribuyan a la causa.<\/p>\n","protected":false},"excerpt":{"rendered":"<p>Entrevistamos al colectivo \u201cSee you in Iran\u201d, cuyo objetivo es dar a conocer la realidad sociocultural iran\u00ed en el \u00e1mbito internacional y contribuir a cambiar el relato, fundamentado en el odio, que los grandes medios occidentales ofrecen sobre Ir\u00e1n. Adem\u00e1s&hellip;<\/p>\n","protected":false},"author":1102,"featured_media":777327,"comment_status":"closed","ping_status":"closed","sticky":false,"template":"","format":"standard","meta":{"footnotes":""},"categories":[76,11389,155,71],"tags":[52913,52912],"class_list":["post-777326","post","type-post","status-publish","format-standard","has-post-thumbnail","hentry","category-relaciones-exteriores","category-contenido-original","category-entrevistas","category-medio-oriente-es","tag-nosanctionnowalls","tag-seeyouiniran"],"yoast_head":"<!-- This site is optimized with the Yoast SEO plugin v27.1.1 - https:\/\/yoast.com\/product\/yoast-seo-wordpress\/ -->\n<title>Una nueva mirada sobre Ir\u00e1n<\/title>\n<meta name=\"description\" content=\"Entrevistamos al colectivo \u201cSee you in Iran\u201d, cuyo objetivo es dar a conocer la realidad sociocultural iran\u00ed en el \u00e1mbito internacional y contribuir a\" \/>\n<meta name=\"robots\" content=\"index, follow, max-snippet:-1, max-image-preview:large, max-video-preview:-1\" \/>\n<link rel=\"canonical\" href=\"https:\/\/www.pressenza.com\/es\/2018\/12\/una-nueva-mirada-sobre-iran\/\" \/>\n<meta property=\"og:locale\" content=\"es_ES\" \/>\n<meta property=\"og:type\" content=\"article\" \/>\n<meta property=\"og:title\" content=\"Una nueva mirada sobre Ir\u00e1n\" \/>\n<meta property=\"og:description\" content=\"Entrevistamos al colectivo \u201cSee you in Iran\u201d, cuyo objetivo es dar a conocer la realidad sociocultural iran\u00ed en el \u00e1mbito internacional y contribuir a\" \/>\n<meta property=\"og:url\" content=\"https:\/\/www.pressenza.com\/es\/2018\/12\/una-nueva-mirada-sobre-iran\/\" \/>\n<meta property=\"og:site_name\" content=\"Pressenza\" \/>\n<meta property=\"article:publisher\" content=\"https:\/\/www.facebook.com\/PressenzaItalia\" \/>\n<meta property=\"article:published_time\" content=\"2018-12-18T10:37:15+00:00\" \/>\n<meta property=\"og:image\" content=\"https:\/\/www.pressenza.com\/wp-content\/uploads\/2018\/12\/Tehran_Skyline.jpg\" \/>\n\t<meta property=\"og:image:width\" content=\"800\" \/>\n\t<meta property=\"og:image:height\" content=\"600\" \/>\n\t<meta property=\"og:image:type\" content=\"image\/jpeg\" \/>\n<meta name=\"author\" content=\"Pilar Paricio\" \/>\n<meta name=\"twitter:card\" content=\"summary_large_image\" \/>\n<meta name=\"twitter:creator\" content=\"@PressenzaIPA\" \/>\n<meta name=\"twitter:site\" content=\"@PressenzaIPA\" \/>\n<meta name=\"twitter:label1\" content=\"Escrito por\" \/>\n\t<meta name=\"twitter:data1\" content=\"Pilar Paricio\" \/>\n\t<meta name=\"twitter:label2\" content=\"Tiempo de lectura\" \/>\n\t<meta name=\"twitter:data2\" content=\"7 minutos\" \/>\n<script type=\"application\/ld+json\" class=\"yoast-schema-graph\">{\"@context\":\"https:\/\/schema.org\",\"@graph\":[{\"@type\":\"Article\",\"@id\":\"https:\/\/www.pressenza.com\/es\/2018\/12\/una-nueva-mirada-sobre-iran\/#article\",\"isPartOf\":{\"@id\":\"https:\/\/www.pressenza.com\/es\/2018\/12\/una-nueva-mirada-sobre-iran\/\"},\"author\":{\"name\":\"Pilar Paricio\",\"@id\":\"https:\/\/www.pressenza.com\/es\/#\/schema\/person\/b38ea2890059fade68f5d3d1713cadfd\"},\"headline\":\"Una nueva mirada sobre Ir\u00e1n\",\"datePublished\":\"2018-12-18T10:37:15+00:00\",\"mainEntityOfPage\":{\"@id\":\"https:\/\/www.pressenza.com\/es\/2018\/12\/una-nueva-mirada-sobre-iran\/\"},\"wordCount\":1425,\"publisher\":{\"@id\":\"https:\/\/www.pressenza.com\/es\/#organization\"},\"image\":{\"@id\":\"https:\/\/www.pressenza.com\/es\/2018\/12\/una-nueva-mirada-sobre-iran\/#primaryimage\"},\"thumbnailUrl\":\"https:\/\/www.pressenza.com\/wp-content\/uploads\/2018\/12\/Tehran_Skyline.jpg\",\"keywords\":[\"#NoSanctionNoWalls\",\"#SeeYouinIran\"],\"articleSection\":[\"Asuntos internacionales\",\"Contenido Original\",\"Entrevistas\",\"Medio Oriente\"],\"inLanguage\":\"es\"},{\"@type\":\"WebPage\",\"@id\":\"https:\/\/www.pressenza.com\/es\/2018\/12\/una-nueva-mirada-sobre-iran\/\",\"url\":\"https:\/\/www.pressenza.com\/es\/2018\/12\/una-nueva-mirada-sobre-iran\/\",\"name\":\"Una nueva mirada sobre Ir\u00e1n\",\"isPartOf\":{\"@id\":\"https:\/\/www.pressenza.com\/es\/#website\"},\"primaryImageOfPage\":{\"@id\":\"https:\/\/www.pressenza.com\/es\/2018\/12\/una-nueva-mirada-sobre-iran\/#primaryimage\"},\"image\":{\"@id\":\"https:\/\/www.pressenza.com\/es\/2018\/12\/una-nueva-mirada-sobre-iran\/#primaryimage\"},\"thumbnailUrl\":\"https:\/\/www.pressenza.com\/wp-content\/uploads\/2018\/12\/Tehran_Skyline.jpg\",\"datePublished\":\"2018-12-18T10:37:15+00:00\",\"description\":\"Entrevistamos al colectivo \u201cSee you in Iran\u201d, cuyo objetivo es dar a conocer la realidad sociocultural iran\u00ed en el \u00e1mbito internacional y contribuir a\",\"breadcrumb\":{\"@id\":\"https:\/\/www.pressenza.com\/es\/2018\/12\/una-nueva-mirada-sobre-iran\/#breadcrumb\"},\"inLanguage\":\"es\",\"potentialAction\":[{\"@type\":\"ReadAction\",\"target\":[\"https:\/\/www.pressenza.com\/es\/2018\/12\/una-nueva-mirada-sobre-iran\/\"]}]},{\"@type\":\"ImageObject\",\"inLanguage\":\"es\",\"@id\":\"https:\/\/www.pressenza.com\/es\/2018\/12\/una-nueva-mirada-sobre-iran\/#primaryimage\",\"url\":\"https:\/\/www.pressenza.com\/wp-content\/uploads\/2018\/12\/Tehran_Skyline.jpg\",\"contentUrl\":\"https:\/\/www.pressenza.com\/wp-content\/uploads\/2018\/12\/Tehran_Skyline.jpg\",\"width\":800,\"height\":600,\"caption\":\"Tehran Skyline\"},{\"@type\":\"BreadcrumbList\",\"@id\":\"https:\/\/www.pressenza.com\/es\/2018\/12\/una-nueva-mirada-sobre-iran\/#breadcrumb\",\"itemListElement\":[{\"@type\":\"ListItem\",\"position\":1,\"name\":\"Accueil\",\"item\":\"https:\/\/www.pressenza.com\/es\/\"},{\"@type\":\"ListItem\",\"position\":2,\"name\":\"Una nueva mirada sobre Ir\u00e1n\"}]},{\"@type\":\"WebSite\",\"@id\":\"https:\/\/www.pressenza.com\/es\/#website\",\"url\":\"https:\/\/www.pressenza.com\/es\/\",\"name\":\"Pressenza\",\"description\":\"International Press Agency\",\"publisher\":{\"@id\":\"https:\/\/www.pressenza.com\/es\/#organization\"},\"potentialAction\":[{\"@type\":\"SearchAction\",\"target\":{\"@type\":\"EntryPoint\",\"urlTemplate\":\"https:\/\/www.pressenza.com\/es\/?s={search_term_string}\"},\"query-input\":{\"@type\":\"PropertyValueSpecification\",\"valueRequired\":true,\"valueName\":\"search_term_string\"}}],\"inLanguage\":\"es\"},{\"@type\":\"Organization\",\"@id\":\"https:\/\/www.pressenza.com\/es\/#organization\",\"name\":\"Pressenza\",\"url\":\"https:\/\/www.pressenza.com\/es\/\",\"logo\":{\"@type\":\"ImageObject\",\"inLanguage\":\"es\",\"@id\":\"https:\/\/www.pressenza.com\/es\/#\/schema\/logo\/image\/\",\"url\":\"https:\/\/www.pressenza.com\/wp-content\/uploads\/2022\/10\/pressenza_logo_200x200.jpg\",\"contentUrl\":\"https:\/\/www.pressenza.com\/wp-content\/uploads\/2022\/10\/pressenza_logo_200x200.jpg\",\"width\":200,\"height\":200,\"caption\":\"Pressenza\"},\"image\":{\"@id\":\"https:\/\/www.pressenza.com\/es\/#\/schema\/logo\/image\/\"},\"sameAs\":[\"https:\/\/www.facebook.com\/PressenzaItalia\",\"https:\/\/x.com\/PressenzaIPA\"]},{\"@type\":\"Person\",\"@id\":\"https:\/\/www.pressenza.com\/es\/#\/schema\/person\/b38ea2890059fade68f5d3d1713cadfd\",\"name\":\"Pilar Paricio\",\"description\":\"Barcelona. Arquitecta, especializada en planificaci\u00f3n urbana. Trabaja por el avance de la poblaci\u00f3n en derechos b\u00e1sicos como el derecho a la vivienda y el derecho a la ciudad. Involucrada con el cambio social y personal, participa en el Nuevo Humanismo.\",\"url\":\"https:\/\/www.pressenza.com\/es\/author\/pilar-paricio\/\"}]}<\/script>\n<!-- \/ Yoast SEO plugin. -->","yoast_head_json":{"title":"Una nueva mirada sobre Ir\u00e1n","description":"Entrevistamos al colectivo \u201cSee you in Iran\u201d, cuyo objetivo es dar a conocer la realidad sociocultural iran\u00ed en el \u00e1mbito internacional y contribuir a","robots":{"index":"index","follow":"follow","max-snippet":"max-snippet:-1","max-image-preview":"max-image-preview:large","max-video-preview":"max-video-preview:-1"},"canonical":"https:\/\/www.pressenza.com\/es\/2018\/12\/una-nueva-mirada-sobre-iran\/","og_locale":"es_ES","og_type":"article","og_title":"Una nueva mirada sobre Ir\u00e1n","og_description":"Entrevistamos al colectivo \u201cSee you in Iran\u201d, cuyo objetivo es dar a conocer la realidad sociocultural iran\u00ed en el \u00e1mbito internacional y contribuir a","og_url":"https:\/\/www.pressenza.com\/es\/2018\/12\/una-nueva-mirada-sobre-iran\/","og_site_name":"Pressenza","article_publisher":"https:\/\/www.facebook.com\/PressenzaItalia","article_published_time":"2018-12-18T10:37:15+00:00","og_image":[{"width":800,"height":600,"url":"https:\/\/www.pressenza.com\/wp-content\/uploads\/2018\/12\/Tehran_Skyline.jpg","type":"image\/jpeg"}],"author":"Pilar Paricio","twitter_card":"summary_large_image","twitter_creator":"@PressenzaIPA","twitter_site":"@PressenzaIPA","twitter_misc":{"Escrito por":"Pilar Paricio","Tiempo de lectura":"7 minutos"},"schema":{"@context":"https:\/\/schema.org","@graph":[{"@type":"Article","@id":"https:\/\/www.pressenza.com\/es\/2018\/12\/una-nueva-mirada-sobre-iran\/#article","isPartOf":{"@id":"https:\/\/www.pressenza.com\/es\/2018\/12\/una-nueva-mirada-sobre-iran\/"},"author":{"name":"Pilar Paricio","@id":"https:\/\/www.pressenza.com\/es\/#\/schema\/person\/b38ea2890059fade68f5d3d1713cadfd"},"headline":"Una nueva mirada sobre Ir\u00e1n","datePublished":"2018-12-18T10:37:15+00:00","mainEntityOfPage":{"@id":"https:\/\/www.pressenza.com\/es\/2018\/12\/una-nueva-mirada-sobre-iran\/"},"wordCount":1425,"publisher":{"@id":"https:\/\/www.pressenza.com\/es\/#organization"},"image":{"@id":"https:\/\/www.pressenza.com\/es\/2018\/12\/una-nueva-mirada-sobre-iran\/#primaryimage"},"thumbnailUrl":"https:\/\/www.pressenza.com\/wp-content\/uploads\/2018\/12\/Tehran_Skyline.jpg","keywords":["#NoSanctionNoWalls","#SeeYouinIran"],"articleSection":["Asuntos internacionales","Contenido Original","Entrevistas","Medio Oriente"],"inLanguage":"es"},{"@type":"WebPage","@id":"https:\/\/www.pressenza.com\/es\/2018\/12\/una-nueva-mirada-sobre-iran\/","url":"https:\/\/www.pressenza.com\/es\/2018\/12\/una-nueva-mirada-sobre-iran\/","name":"Una nueva mirada sobre Ir\u00e1n","isPartOf":{"@id":"https:\/\/www.pressenza.com\/es\/#website"},"primaryImageOfPage":{"@id":"https:\/\/www.pressenza.com\/es\/2018\/12\/una-nueva-mirada-sobre-iran\/#primaryimage"},"image":{"@id":"https:\/\/www.pressenza.com\/es\/2018\/12\/una-nueva-mirada-sobre-iran\/#primaryimage"},"thumbnailUrl":"https:\/\/www.pressenza.com\/wp-content\/uploads\/2018\/12\/Tehran_Skyline.jpg","datePublished":"2018-12-18T10:37:15+00:00","description":"Entrevistamos al colectivo \u201cSee you in Iran\u201d, cuyo objetivo es dar a conocer la realidad sociocultural iran\u00ed en el \u00e1mbito internacional y contribuir a","breadcrumb":{"@id":"https:\/\/www.pressenza.com\/es\/2018\/12\/una-nueva-mirada-sobre-iran\/#breadcrumb"},"inLanguage":"es","potentialAction":[{"@type":"ReadAction","target":["https:\/\/www.pressenza.com\/es\/2018\/12\/una-nueva-mirada-sobre-iran\/"]}]},{"@type":"ImageObject","inLanguage":"es","@id":"https:\/\/www.pressenza.com\/es\/2018\/12\/una-nueva-mirada-sobre-iran\/#primaryimage","url":"https:\/\/www.pressenza.com\/wp-content\/uploads\/2018\/12\/Tehran_Skyline.jpg","contentUrl":"https:\/\/www.pressenza.com\/wp-content\/uploads\/2018\/12\/Tehran_Skyline.jpg","width":800,"height":600,"caption":"Tehran Skyline"},{"@type":"BreadcrumbList","@id":"https:\/\/www.pressenza.com\/es\/2018\/12\/una-nueva-mirada-sobre-iran\/#breadcrumb","itemListElement":[{"@type":"ListItem","position":1,"name":"Accueil","item":"https:\/\/www.pressenza.com\/es\/"},{"@type":"ListItem","position":2,"name":"Una nueva mirada sobre Ir\u00e1n"}]},{"@type":"WebSite","@id":"https:\/\/www.pressenza.com\/es\/#website","url":"https:\/\/www.pressenza.com\/es\/","name":"Pressenza","description":"International Press Agency","publisher":{"@id":"https:\/\/www.pressenza.com\/es\/#organization"},"potentialAction":[{"@type":"SearchAction","target":{"@type":"EntryPoint","urlTemplate":"https:\/\/www.pressenza.com\/es\/?s={search_term_string}"},"query-input":{"@type":"PropertyValueSpecification","valueRequired":true,"valueName":"search_term_string"}}],"inLanguage":"es"},{"@type":"Organization","@id":"https:\/\/www.pressenza.com\/es\/#organization","name":"Pressenza","url":"https:\/\/www.pressenza.com\/es\/","logo":{"@type":"ImageObject","inLanguage":"es","@id":"https:\/\/www.pressenza.com\/es\/#\/schema\/logo\/image\/","url":"https:\/\/www.pressenza.com\/wp-content\/uploads\/2022\/10\/pressenza_logo_200x200.jpg","contentUrl":"https:\/\/www.pressenza.com\/wp-content\/uploads\/2022\/10\/pressenza_logo_200x200.jpg","width":200,"height":200,"caption":"Pressenza"},"image":{"@id":"https:\/\/www.pressenza.com\/es\/#\/schema\/logo\/image\/"},"sameAs":["https:\/\/www.facebook.com\/PressenzaItalia","https:\/\/x.com\/PressenzaIPA"]},{"@type":"Person","@id":"https:\/\/www.pressenza.com\/es\/#\/schema\/person\/b38ea2890059fade68f5d3d1713cadfd","name":"Pilar Paricio","description":"Barcelona. Arquitecta, especializada en planificaci\u00f3n urbana. Trabaja por el avance de la poblaci\u00f3n en derechos b\u00e1sicos como el derecho a la vivienda y el derecho a la ciudad. Involucrada con el cambio social y personal, participa en el Nuevo Humanismo.","url":"https:\/\/www.pressenza.com\/es\/author\/pilar-paricio\/"}]}},"place":"","original_article_url":"","_links":{"self":[{"href":"https:\/\/www.pressenza.com\/es\/wp-json\/wp\/v2\/posts\/777326","targetHints":{"allow":["GET"]}}],"collection":[{"href":"https:\/\/www.pressenza.com\/es\/wp-json\/wp\/v2\/posts"}],"about":[{"href":"https:\/\/www.pressenza.com\/es\/wp-json\/wp\/v2\/types\/post"}],"author":[{"embeddable":true,"href":"https:\/\/www.pressenza.com\/es\/wp-json\/wp\/v2\/users\/1102"}],"replies":[{"embeddable":true,"href":"https:\/\/www.pressenza.com\/es\/wp-json\/wp\/v2\/comments?post=777326"}],"version-history":[{"count":0,"href":"https:\/\/www.pressenza.com\/es\/wp-json\/wp\/v2\/posts\/777326\/revisions"}],"wp:featuredmedia":[{"embeddable":true,"href":"https:\/\/www.pressenza.com\/es\/wp-json\/wp\/v2\/media\/777327"}],"wp:attachment":[{"href":"https:\/\/www.pressenza.com\/es\/wp-json\/wp\/v2\/media?parent=777326"}],"wp:term":[{"taxonomy":"category","embeddable":true,"href":"https:\/\/www.pressenza.com\/es\/wp-json\/wp\/v2\/categories?post=777326"},{"taxonomy":"post_tag","embeddable":true,"href":"https:\/\/www.pressenza.com\/es\/wp-json\/wp\/v2\/tags?post=777326"}],"curies":[{"name":"wp","href":"https:\/\/api.w.org\/{rel}","templated":true}]}}