{"id":77635,"date":"2013-11-19T16:45:57","date_gmt":"2013-11-19T16:45:57","guid":{"rendered":"http:\/\/www.pressenza.com\/?p=77635"},"modified":"2019-02-06T20:36:16","modified_gmt":"2019-02-06T20:36:16","slug":"cumbre-de-mujeres-indigenas-por-paz-e-igualdad","status":"publish","type":"post","link":"https:\/\/www.pressenza.com\/es\/2013\/11\/cumbre-de-mujeres-indigenas-por-paz-e-igualdad\/","title":{"rendered":"Cumbre de mujeres ind\u00edgenas por paz e igualdad"},"content":{"rendered":"<p><em>Por ALAI<\/em><\/p>\n<p>&nbsp;<\/p>\n<div>La V Cumbre Continental de Pueblos Ind\u00edgenas del Abya Yala, que se realiza en el Cauca, Colombia, desde el lunes 11 de noviembre, inici\u00f3 con la II Cumbre Continental de Mujeres Ind\u00edgenas (11-12), donde m\u00e1s de 1500 mujeres definieron propuestas y acuerdos en defensa de sus derechos, de sus pueblos y de la Madre Tierra.\u00a0 Entre los acuerdos centrales, se destaca el apoyo al proceso de paz en Colombia, alternativas frente a la violencia que enfrentan las mujeres y la exigencia de igualdad de participaci\u00f3n en los mecanismos de gobernanza de las comunidades y organizaciones.<\/div>\n<div><\/div>\n<div>A diferencia de la primera Cumbre de Mujeres, realizada hace cuatro a\u00f1os en Puno, Per\u00fa, en esta oportunidad muchas autoridades ind\u00edgenas (mayoritariamente hombres) tambi\u00e9n acompa\u00f1aron el debate, lo que fue visto por las mujeres como un logro.\u00a0 \u201cEn Puno solo trabajamos las mujeres, no sentimos ese respaldo, pero en esta ocasi\u00f3n las autoridades han estado presentes y han apoyado nuestras propuestas\u201d, coment\u00f3 para ALAI una de las organizadoras de la Cumbre, Arelis Uriana.\u00a0 \u201cComo mujeres ind\u00edgenas nos hemos posicionado pol\u00edtica y organizativamente\u201d, acota la consejera de la Organizaci\u00f3n Nacional Ind\u00edgena de Colombia -ONIC-, precisando que \u201cnuestra base tiene que ser desde el principio de unidad y tambi\u00e9n de dualidad y complementariedad entre hombres y mujeres\u201d.<\/div>\n<div><\/div>\n<div>En efecto, en el acto de apertura de la V Cumbre Continental, el d\u00eda mi\u00e9rcoles 13, varios dirigentes destacaron su respaldo al proceso de las mujeres, incluyendo su demanda de participaci\u00f3n en los organismos de conducci\u00f3n.\u00a0 Gerardo Jumi, quien encabeza la Coordinadora Andina de Organizaciones Ind\u00edgenas -CAOI-, propuso precisamente que todas las conclusiones de la Cumbre de Mujeres se integren como conclusiones de la V Cumbre, propuesta que fue recibida con una aclamaci\u00f3n.<\/div>\n<div><\/div>\n<div><b>Derechos humanos, paz y cese a la violencia<\/b><\/div>\n<div><b>\u00a0<\/b><\/div>\n<div>Los intercambios de las mujeres se centraron en delinear estrategias en torno a los derechos humanos y colectivos de las mujeres ind\u00edgenas, como tambi\u00e9n en proponer mecanismos para que ellas se fortalezcan para enfrentar la violencia, la discriminaci\u00f3n, el racismo y las desigualdades.\u00a0 Tambi\u00e9n se abordaron temas como la relaci\u00f3n con la Madre Tierra y el territorio, la cosmovisi\u00f3n, el extractivismo, la militarizaci\u00f3n, la divisi\u00f3n de pueblos por fronteras, la migraci\u00f3n y la comunicaci\u00f3n, entre otros.<\/div>\n<div><\/div>\n<div>Colombia, como pa\u00eds sede, recibi\u00f3 expresiones de solidaridad y respaldo respecto a las negociaciones de paz en curso, para lo cual se acogi\u00f3 la propuesta de pedir al gobierno de ese pa\u00eds que se abra la participaci\u00f3n de los pueblos ind\u00edgenas, y en particular de las mujeres, en este proceso, proponiendo adem\u00e1s un acompa\u00f1amiento continental.<\/div>\n<div><\/div>\n<div>Respecto al tema de la violencia, especial atenci\u00f3n se prest\u00f3 a la situaci\u00f3n en la frontera entre Guatemala y M\u00e9xico, por lo cual se acord\u00f3 apoyar la demanda de organizaciones de Chiapas ante la Secretar\u00eda de Gobernaci\u00f3n de M\u00e9xico para que declare \u201cla alerta de violencia de g\u00e9nero\u201d para el estado de Chiapas, donde solo en este a\u00f1o se cuentan 92 mujeres asesinadas, de las cuales 52 son femicidios, cuyos responsables en su mayor\u00eda siguen libres.<\/div>\n<div><\/div>\n<div>Mercedes Osuna, delegada de M\u00e9xico a la mesa de coordinaci\u00f3n de la II Cumbre, nos cont\u00f3 que las v\u00edctimas son principalmente mujeres, muchas de ellas ind\u00edgenas, que salen de sus comunidades por falta de trabajo.\u00a0 En buena parte son migrantes de pa\u00edses centroamericanos que van por tierra en b\u00fasqueda de trabajo en EEUU. \u201cAs\u00ed como en el norte, entre M\u00e9xico y EEUU, hay un muro f\u00edsico, en el caso de la frontera sur, el gobierno de M\u00e9xico ha creado un muro de violencia que est\u00e1 avalando que las \u201cmaras salvatruchas\u201d est\u00e9n en toda la frontera; y en lugar de que el gobierno los detenga o les expulse del pa\u00eds, les est\u00e1n permitiendo crear terror a los migrantes.\u00a0 Esas mujeres est\u00e1n siendo asesinadas para el tr\u00e1fico de \u00f3rganos, est\u00e1n siendo secuestradas para prostituirlas, incluyendo menores de edad; hay mucha pornograf\u00eda infantil.\u00a0 Entonces, queremos responsabilizar a estos malos gobiernos, de que, por falta de tierras, por tierras contaminadas por agroqu\u00edmicos, por el cambio clim\u00e1tico, por falta de trabajo, ellas tienen que migrar; todo eso es violencia estructural\u201d, se\u00f1al\u00f3 Osuna.<\/div>\n<div><\/div>\n<div><b>Hacia la Coordinadora Continental de Mujeres Ind\u00edgenas<\/b><\/div>\n<div><b>\u00a0<\/b><\/div>\n<div>Entre sus acuerdos(1), la II Cumbre de Mujeres retoma la propuesta formulada en Puno, \u2013a\u00fan no concretado\u2013, de conformar la Coordinadora Continental de Mujeres Ind\u00edgenas del Abya Yala, con el impulso de las coordinadoras subregionales existentes.\u00a0 Tambi\u00e9n se plantea la necesidad de garantizar el ejercicio de alternancia entre hombres y mujeres como autoridades ind\u00edgenas y la participaci\u00f3n en igualdad de condiciones.\u00a0 Es m\u00e1s, se insta a las comunidades a adoptar medidas que regulen el acceso a cargos de autoridad a miembros que tengan antecedentes de violencia contra las mujeres, las ni\u00f1as y ni\u00f1os, as\u00ed como en casos de alcoholismo y drogadicci\u00f3n.<\/div>\n<div><\/div>\n<div>Otras propuestas incluyen la autoconvocatoria a un encuentro de mujeres ind\u00edgenas migrantes, y garantizar la participaci\u00f3n efectiva de las mujeres ind\u00edgenas en los procesos internacionales, con representaci\u00f3n propia.<\/div>\n<div><\/div>\n<div><b>Primeros acuerdos de la V Cumbre<\/b><\/div>\n<div><\/div>\n<div>La V Cumbre Continental de Pueblos Ind\u00edgenas, que termina este viernes 15 de noviembre, en el Resguardo Ind\u00edgena La Mar\u00eda Piendam\u00f3, del Cauca, ya dio a conocer sus primeros acuerdos pol\u00edticos(2), que incluyen principalmente un saludo al fallo logrado por los pueblos ind\u00edgenas amaz\u00f3nicos de Ecuador contra la transnacional Chevron-Texaco, por la\u00a0contaminaci\u00f3n ambiental e impactos sociales, territoriales y culturales, fallo que acaba de ser ratificado por la Corte Nacional de Justicia del pa\u00eds.\u00a0\u00a0\u201cHacemos un llamado a todos los pueblos ind\u00edgenas del continente y el mundo, a iniciar acciones judiciales y colectivas en defensa del territorio y la vida, tomando como referencia la jurisprudencia establecida por la Corte Nacional de Justicia del Ecuador\u201d, reza el pronunciamiento.<\/div>\n<div><\/div>\n<div>Expresa tambi\u00e9n el rechazo a \u201clos proyectos de integraci\u00f3n neoliberal, como la Alianza del Pacifico y el establecimiento de Tratados de Libre Comercio (TLC), que constituyen un atentado contra la soberan\u00eda de los Estados y los pueblos, que afectan la soberan\u00eda alimentaria y la econom\u00eda comunitaria, la salud y el Sumak Kawsay (Buen Vivir) de los Pueblos Ind\u00edgenas\u201d.<\/div>\n<div><\/div>\n<div>Gerardo Jumi coment\u00f3 a ALAI que en la V Cumbre se cuenta poder consensuar y refrendar la unidad continental de los pueblos ind\u00edgenas y las organizaciones de la sociedad civil \u201cpara buscar el mejor estar de los pueblos, la democratizaci\u00f3n, y para seguir luchando contra la criminalizaci\u00f3n, la persecuci\u00f3n y la militarizaci\u00f3n de los territorios ind\u00edgenas\u201d; y tambi\u00e9n unificar criterios de incidencia y lenguaje en los escenarios internacionales, como por ejemplo frente a los Objetivos de Desarrollo del Milenio y la Agenda 2015 de la ONU. \u00a0De manera particular, est\u00e1n las definiciones para la participaci\u00f3n en la Conferencia de Pueblos Ind\u00edgenas que organiza la ONU en Nueva York en 2014, en el marco de la Declaraci\u00f3n Mundial de Derechos de los Pueblos Ind\u00edgenas.<\/div>\n<div><\/div>\n<div>La juventud ind\u00edgena tambi\u00e9n tuvo su encuentro en La Mar\u00eda Piendam\u00f3, los d\u00edas 11 y 12.\u00a0 En su Mandato(3) se compromete a fortalecer\u00a0los procesos juveniles, con el prop\u00f3sito de aportar al fortalecimiento de sus pueblos y organizaciones; en tal sentido establecen crear un consejo de coordinaci\u00f3n de j\u00f3venes y plantean a la V Cumbre la realizaci\u00f3n de la I cumbre continental de j\u00f3venes del Abya Yala, junto con la VI Cumbre de Pueblos.\u00a0 Apuestan tambi\u00e9n a la formaci\u00f3n pol\u00edtica, a articular la comunicaci\u00f3n y a promover una marcha continental por la vida y el territorio.<\/div>\n<div><\/div>\n<div><\/div>\n<div>(1) Declaraci\u00f3n de la II Cumbre de Mujeres:\u00a0<a href=\"http:\/\/www.alainet.org\/active\/68955\">http:\/\/www.alainet.org\/active\/68955<\/a><\/div>\n<div>(2) Declaraci\u00f3n Pol\u00edtica V Cumbre Continental:\u00a0<a href=\"http:\/\/www.movimientos.org\/es\/content\/declaraci%C3%B3n-pol%C3%ADtica-v-cumbre-continental\">http:\/\/www.movimientos.org\/es\/content\/declaraci%C3%B3n-pol%C3%ADtica-v-cumbre-continental<\/a><\/div>\n<div>(3) Mandato de la juventud:\u00a0<a href=\"http:\/\/www.alainet.org\/active\/68970\">http:\/\/www.alainet.org\/active\/68970<\/a><\/div>\n<p>http:\/\/www.alainet.org\/active\/68985<\/p>\n","protected":false},"excerpt":{"rendered":"<p>Por ALAI &nbsp; La V Cumbre Continental de Pueblos Ind\u00edgenas del Abya Yala, que se realiza en el Cauca, Colombia, desde el lunes 11 de noviembre, inici\u00f3 con la II Cumbre Continental de Mujeres Ind\u00edgenas (11-12), donde m\u00e1s de 1500&hellip;<\/p>\n","protected":false},"author":1011,"featured_media":77777,"comment_status":"closed","ping_status":"open","sticky":false,"template":"","format":"standard","meta":{"footnotes":""},"categories":[72,69,79,54515,161,1243,80,63,67],"tags":[],"class_list":["post-77635","post","type-post","status-publish","format-standard","has-post-thumbnail","hentry","category-tema","category-america-central","category-derechos-humanos","category-genero-y-feminismos","category-opiniones","category-paz-desarme","category-pueblos-originarios","category-region-es","category-sudamerica"],"yoast_head":"<!-- This site is optimized with the Yoast SEO plugin v27.1.1 - https:\/\/yoast.com\/product\/yoast-seo-wordpress\/ -->\n<title>Cumbre de mujeres ind\u00edgenas por paz e igualdad<\/title>\n<meta name=\"description\" content=\"Por ALAI &nbsp; La V Cumbre Continental de Pueblos Ind\u00edgenas del Abya Yala, que se realiza en el Cauca, Colombia, desde el lunes 11 de noviembre, inici\u00f3\" \/>\n<meta name=\"robots\" content=\"index, follow, max-snippet:-1, max-image-preview:large, max-video-preview:-1\" \/>\n<link rel=\"canonical\" href=\"https:\/\/www.pressenza.com\/es\/2013\/11\/cumbre-de-mujeres-indigenas-por-paz-e-igualdad\/\" \/>\n<meta property=\"og:locale\" content=\"es_ES\" \/>\n<meta property=\"og:type\" content=\"article\" \/>\n<meta property=\"og:title\" content=\"Cumbre de mujeres ind\u00edgenas por paz e igualdad\" \/>\n<meta property=\"og:description\" content=\"Por ALAI &nbsp; La V Cumbre Continental de Pueblos Ind\u00edgenas del Abya Yala, que se realiza en el Cauca, Colombia, desde el lunes 11 de noviembre, inici\u00f3\" \/>\n<meta property=\"og:url\" content=\"https:\/\/www.pressenza.com\/es\/2013\/11\/cumbre-de-mujeres-indigenas-por-paz-e-igualdad\/\" \/>\n<meta property=\"og:site_name\" content=\"Pressenza\" \/>\n<meta property=\"article:publisher\" content=\"https:\/\/www.facebook.com\/PressenzaItalia\" \/>\n<meta property=\"article:published_time\" content=\"2013-11-19T16:45:57+00:00\" \/>\n<meta property=\"article:modified_time\" content=\"2019-02-06T20:36:16+00:00\" \/>\n<meta property=\"og:image\" content=\"https:\/\/www.pressenza.com\/wp-content\/uploads\/2013\/11\/Cumbre-de-mujeres-ind\u00edgenas-por-paz-e-igualdad.jpg\" \/>\n\t<meta property=\"og:image:width\" content=\"400\" \/>\n\t<meta property=\"og:image:height\" content=\"170\" \/>\n\t<meta property=\"og:image:type\" content=\"image\/jpeg\" \/>\n<meta name=\"author\" content=\"Redacci\u00f3n Ecuador\" \/>\n<meta name=\"twitter:card\" content=\"summary_large_image\" \/>\n<meta name=\"twitter:creator\" content=\"@PressenzaIPA\" \/>\n<meta name=\"twitter:site\" content=\"@PressenzaIPA\" \/>\n<meta name=\"twitter:label1\" content=\"Escrito por\" \/>\n\t<meta name=\"twitter:data1\" content=\"Redacci\u00f3n Ecuador\" \/>\n\t<meta name=\"twitter:label2\" content=\"Tiempo de lectura\" \/>\n\t<meta name=\"twitter:data2\" content=\"7 minutos\" \/>\n<script type=\"application\/ld+json\" class=\"yoast-schema-graph\">{\"@context\":\"https:\/\/schema.org\",\"@graph\":[{\"@type\":\"Article\",\"@id\":\"https:\/\/www.pressenza.com\/es\/2013\/11\/cumbre-de-mujeres-indigenas-por-paz-e-igualdad\/#article\",\"isPartOf\":{\"@id\":\"https:\/\/www.pressenza.com\/es\/2013\/11\/cumbre-de-mujeres-indigenas-por-paz-e-igualdad\/\"},\"author\":{\"name\":\"Redacci\u00f3n Ecuador\",\"@id\":\"https:\/\/www.pressenza.com\/es\/#\/schema\/person\/883a735c40665759bcc6fe0c26bcb46f\"},\"headline\":\"Cumbre de mujeres ind\u00edgenas por paz e igualdad\",\"datePublished\":\"2013-11-19T16:45:57+00:00\",\"dateModified\":\"2019-02-06T20:36:16+00:00\",\"mainEntityOfPage\":{\"@id\":\"https:\/\/www.pressenza.com\/es\/2013\/11\/cumbre-de-mujeres-indigenas-por-paz-e-igualdad\/\"},\"wordCount\":1377,\"publisher\":{\"@id\":\"https:\/\/www.pressenza.com\/es\/#organization\"},\"image\":{\"@id\":\"https:\/\/www.pressenza.com\/es\/2013\/11\/cumbre-de-mujeres-indigenas-por-paz-e-igualdad\/#primaryimage\"},\"thumbnailUrl\":\"https:\/\/www.pressenza.com\/wp-content\/uploads\/2013\/11\/Cumbre-de-mujeres-ind\u00edgenas-por-paz-e-igualdad.jpg\",\"articleSection\":[\"_Tema\",\"Am\u00e9rica Central\",\"Derechos Humanos\",\"G\u00e9nero y Feminismos\",\"Opiniones\",\"Paz y Desarme\",\"Pueblos Originarios\",\"Regi\u00f3n\",\"Sudam\u00e9rica\"],\"inLanguage\":\"es\"},{\"@type\":\"WebPage\",\"@id\":\"https:\/\/www.pressenza.com\/es\/2013\/11\/cumbre-de-mujeres-indigenas-por-paz-e-igualdad\/\",\"url\":\"https:\/\/www.pressenza.com\/es\/2013\/11\/cumbre-de-mujeres-indigenas-por-paz-e-igualdad\/\",\"name\":\"Cumbre de mujeres ind\u00edgenas por paz e igualdad\",\"isPartOf\":{\"@id\":\"https:\/\/www.pressenza.com\/es\/#website\"},\"primaryImageOfPage\":{\"@id\":\"https:\/\/www.pressenza.com\/es\/2013\/11\/cumbre-de-mujeres-indigenas-por-paz-e-igualdad\/#primaryimage\"},\"image\":{\"@id\":\"https:\/\/www.pressenza.com\/es\/2013\/11\/cumbre-de-mujeres-indigenas-por-paz-e-igualdad\/#primaryimage\"},\"thumbnailUrl\":\"https:\/\/www.pressenza.com\/wp-content\/uploads\/2013\/11\/Cumbre-de-mujeres-ind\u00edgenas-por-paz-e-igualdad.jpg\",\"datePublished\":\"2013-11-19T16:45:57+00:00\",\"dateModified\":\"2019-02-06T20:36:16+00:00\",\"description\":\"Por ALAI &nbsp; La V Cumbre Continental de Pueblos Ind\u00edgenas del Abya Yala, que se realiza en el Cauca, Colombia, desde el lunes 11 de noviembre, inici\u00f3\",\"breadcrumb\":{\"@id\":\"https:\/\/www.pressenza.com\/es\/2013\/11\/cumbre-de-mujeres-indigenas-por-paz-e-igualdad\/#breadcrumb\"},\"inLanguage\":\"es\",\"potentialAction\":[{\"@type\":\"ReadAction\",\"target\":[\"https:\/\/www.pressenza.com\/es\/2013\/11\/cumbre-de-mujeres-indigenas-por-paz-e-igualdad\/\"]}]},{\"@type\":\"ImageObject\",\"inLanguage\":\"es\",\"@id\":\"https:\/\/www.pressenza.com\/es\/2013\/11\/cumbre-de-mujeres-indigenas-por-paz-e-igualdad\/#primaryimage\",\"url\":\"https:\/\/www.pressenza.com\/wp-content\/uploads\/2013\/11\/Cumbre-de-mujeres-ind\u00edgenas-por-paz-e-igualdad.jpg\",\"contentUrl\":\"https:\/\/www.pressenza.com\/wp-content\/uploads\/2013\/11\/Cumbre-de-mujeres-ind\u00edgenas-por-paz-e-igualdad.jpg\",\"width\":400,\"height\":170},{\"@type\":\"BreadcrumbList\",\"@id\":\"https:\/\/www.pressenza.com\/es\/2013\/11\/cumbre-de-mujeres-indigenas-por-paz-e-igualdad\/#breadcrumb\",\"itemListElement\":[{\"@type\":\"ListItem\",\"position\":1,\"name\":\"Accueil\",\"item\":\"https:\/\/www.pressenza.com\/es\/\"},{\"@type\":\"ListItem\",\"position\":2,\"name\":\"Cumbre de mujeres ind\u00edgenas por paz e igualdad\"}]},{\"@type\":\"WebSite\",\"@id\":\"https:\/\/www.pressenza.com\/es\/#website\",\"url\":\"https:\/\/www.pressenza.com\/es\/\",\"name\":\"Pressenza\",\"description\":\"International Press Agency\",\"publisher\":{\"@id\":\"https:\/\/www.pressenza.com\/es\/#organization\"},\"potentialAction\":[{\"@type\":\"SearchAction\",\"target\":{\"@type\":\"EntryPoint\",\"urlTemplate\":\"https:\/\/www.pressenza.com\/es\/?s={search_term_string}\"},\"query-input\":{\"@type\":\"PropertyValueSpecification\",\"valueRequired\":true,\"valueName\":\"search_term_string\"}}],\"inLanguage\":\"es\"},{\"@type\":\"Organization\",\"@id\":\"https:\/\/www.pressenza.com\/es\/#organization\",\"name\":\"Pressenza\",\"url\":\"https:\/\/www.pressenza.com\/es\/\",\"logo\":{\"@type\":\"ImageObject\",\"inLanguage\":\"es\",\"@id\":\"https:\/\/www.pressenza.com\/es\/#\/schema\/logo\/image\/\",\"url\":\"https:\/\/www.pressenza.com\/wp-content\/uploads\/2022\/10\/pressenza_logo_200x200.jpg\",\"contentUrl\":\"https:\/\/www.pressenza.com\/wp-content\/uploads\/2022\/10\/pressenza_logo_200x200.jpg\",\"width\":200,\"height\":200,\"caption\":\"Pressenza\"},\"image\":{\"@id\":\"https:\/\/www.pressenza.com\/es\/#\/schema\/logo\/image\/\"},\"sameAs\":[\"https:\/\/www.facebook.com\/PressenzaItalia\",\"https:\/\/x.com\/PressenzaIPA\"]},{\"@type\":\"Person\",\"@id\":\"https:\/\/www.pressenza.com\/es\/#\/schema\/person\/883a735c40665759bcc6fe0c26bcb46f\",\"name\":\"Redacci\u00f3n Ecuador\",\"description\":\"News published by the Pressenza bureau in Quito, Ecuador\",\"url\":\"https:\/\/www.pressenza.com\/es\/author\/redaccion-ecuador\/\"}]}<\/script>\n<!-- \/ Yoast SEO plugin. -->","yoast_head_json":{"title":"Cumbre de mujeres ind\u00edgenas por paz e igualdad","description":"Por ALAI &nbsp; La V Cumbre Continental de Pueblos Ind\u00edgenas del Abya Yala, que se realiza en el Cauca, Colombia, desde el lunes 11 de noviembre, inici\u00f3","robots":{"index":"index","follow":"follow","max-snippet":"max-snippet:-1","max-image-preview":"max-image-preview:large","max-video-preview":"max-video-preview:-1"},"canonical":"https:\/\/www.pressenza.com\/es\/2013\/11\/cumbre-de-mujeres-indigenas-por-paz-e-igualdad\/","og_locale":"es_ES","og_type":"article","og_title":"Cumbre de mujeres ind\u00edgenas por paz e igualdad","og_description":"Por ALAI &nbsp; La V Cumbre Continental de Pueblos Ind\u00edgenas del Abya Yala, que se realiza en el Cauca, Colombia, desde el lunes 11 de noviembre, inici\u00f3","og_url":"https:\/\/www.pressenza.com\/es\/2013\/11\/cumbre-de-mujeres-indigenas-por-paz-e-igualdad\/","og_site_name":"Pressenza","article_publisher":"https:\/\/www.facebook.com\/PressenzaItalia","article_published_time":"2013-11-19T16:45:57+00:00","article_modified_time":"2019-02-06T20:36:16+00:00","og_image":[{"width":400,"height":170,"url":"https:\/\/www.pressenza.com\/wp-content\/uploads\/2013\/11\/Cumbre-de-mujeres-ind\u00edgenas-por-paz-e-igualdad.jpg","type":"image\/jpeg"}],"author":"Redacci\u00f3n Ecuador","twitter_card":"summary_large_image","twitter_creator":"@PressenzaIPA","twitter_site":"@PressenzaIPA","twitter_misc":{"Escrito por":"Redacci\u00f3n Ecuador","Tiempo de lectura":"7 minutos"},"schema":{"@context":"https:\/\/schema.org","@graph":[{"@type":"Article","@id":"https:\/\/www.pressenza.com\/es\/2013\/11\/cumbre-de-mujeres-indigenas-por-paz-e-igualdad\/#article","isPartOf":{"@id":"https:\/\/www.pressenza.com\/es\/2013\/11\/cumbre-de-mujeres-indigenas-por-paz-e-igualdad\/"},"author":{"name":"Redacci\u00f3n Ecuador","@id":"https:\/\/www.pressenza.com\/es\/#\/schema\/person\/883a735c40665759bcc6fe0c26bcb46f"},"headline":"Cumbre de mujeres ind\u00edgenas por paz e igualdad","datePublished":"2013-11-19T16:45:57+00:00","dateModified":"2019-02-06T20:36:16+00:00","mainEntityOfPage":{"@id":"https:\/\/www.pressenza.com\/es\/2013\/11\/cumbre-de-mujeres-indigenas-por-paz-e-igualdad\/"},"wordCount":1377,"publisher":{"@id":"https:\/\/www.pressenza.com\/es\/#organization"},"image":{"@id":"https:\/\/www.pressenza.com\/es\/2013\/11\/cumbre-de-mujeres-indigenas-por-paz-e-igualdad\/#primaryimage"},"thumbnailUrl":"https:\/\/www.pressenza.com\/wp-content\/uploads\/2013\/11\/Cumbre-de-mujeres-ind\u00edgenas-por-paz-e-igualdad.jpg","articleSection":["_Tema","Am\u00e9rica Central","Derechos Humanos","G\u00e9nero y Feminismos","Opiniones","Paz y Desarme","Pueblos Originarios","Regi\u00f3n","Sudam\u00e9rica"],"inLanguage":"es"},{"@type":"WebPage","@id":"https:\/\/www.pressenza.com\/es\/2013\/11\/cumbre-de-mujeres-indigenas-por-paz-e-igualdad\/","url":"https:\/\/www.pressenza.com\/es\/2013\/11\/cumbre-de-mujeres-indigenas-por-paz-e-igualdad\/","name":"Cumbre de mujeres ind\u00edgenas por paz e igualdad","isPartOf":{"@id":"https:\/\/www.pressenza.com\/es\/#website"},"primaryImageOfPage":{"@id":"https:\/\/www.pressenza.com\/es\/2013\/11\/cumbre-de-mujeres-indigenas-por-paz-e-igualdad\/#primaryimage"},"image":{"@id":"https:\/\/www.pressenza.com\/es\/2013\/11\/cumbre-de-mujeres-indigenas-por-paz-e-igualdad\/#primaryimage"},"thumbnailUrl":"https:\/\/www.pressenza.com\/wp-content\/uploads\/2013\/11\/Cumbre-de-mujeres-ind\u00edgenas-por-paz-e-igualdad.jpg","datePublished":"2013-11-19T16:45:57+00:00","dateModified":"2019-02-06T20:36:16+00:00","description":"Por ALAI &nbsp; La V Cumbre Continental de Pueblos Ind\u00edgenas del Abya Yala, que se realiza en el Cauca, Colombia, desde el lunes 11 de noviembre, inici\u00f3","breadcrumb":{"@id":"https:\/\/www.pressenza.com\/es\/2013\/11\/cumbre-de-mujeres-indigenas-por-paz-e-igualdad\/#breadcrumb"},"inLanguage":"es","potentialAction":[{"@type":"ReadAction","target":["https:\/\/www.pressenza.com\/es\/2013\/11\/cumbre-de-mujeres-indigenas-por-paz-e-igualdad\/"]}]},{"@type":"ImageObject","inLanguage":"es","@id":"https:\/\/www.pressenza.com\/es\/2013\/11\/cumbre-de-mujeres-indigenas-por-paz-e-igualdad\/#primaryimage","url":"https:\/\/www.pressenza.com\/wp-content\/uploads\/2013\/11\/Cumbre-de-mujeres-ind\u00edgenas-por-paz-e-igualdad.jpg","contentUrl":"https:\/\/www.pressenza.com\/wp-content\/uploads\/2013\/11\/Cumbre-de-mujeres-ind\u00edgenas-por-paz-e-igualdad.jpg","width":400,"height":170},{"@type":"BreadcrumbList","@id":"https:\/\/www.pressenza.com\/es\/2013\/11\/cumbre-de-mujeres-indigenas-por-paz-e-igualdad\/#breadcrumb","itemListElement":[{"@type":"ListItem","position":1,"name":"Accueil","item":"https:\/\/www.pressenza.com\/es\/"},{"@type":"ListItem","position":2,"name":"Cumbre de mujeres ind\u00edgenas por paz e igualdad"}]},{"@type":"WebSite","@id":"https:\/\/www.pressenza.com\/es\/#website","url":"https:\/\/www.pressenza.com\/es\/","name":"Pressenza","description":"International Press Agency","publisher":{"@id":"https:\/\/www.pressenza.com\/es\/#organization"},"potentialAction":[{"@type":"SearchAction","target":{"@type":"EntryPoint","urlTemplate":"https:\/\/www.pressenza.com\/es\/?s={search_term_string}"},"query-input":{"@type":"PropertyValueSpecification","valueRequired":true,"valueName":"search_term_string"}}],"inLanguage":"es"},{"@type":"Organization","@id":"https:\/\/www.pressenza.com\/es\/#organization","name":"Pressenza","url":"https:\/\/www.pressenza.com\/es\/","logo":{"@type":"ImageObject","inLanguage":"es","@id":"https:\/\/www.pressenza.com\/es\/#\/schema\/logo\/image\/","url":"https:\/\/www.pressenza.com\/wp-content\/uploads\/2022\/10\/pressenza_logo_200x200.jpg","contentUrl":"https:\/\/www.pressenza.com\/wp-content\/uploads\/2022\/10\/pressenza_logo_200x200.jpg","width":200,"height":200,"caption":"Pressenza"},"image":{"@id":"https:\/\/www.pressenza.com\/es\/#\/schema\/logo\/image\/"},"sameAs":["https:\/\/www.facebook.com\/PressenzaItalia","https:\/\/x.com\/PressenzaIPA"]},{"@type":"Person","@id":"https:\/\/www.pressenza.com\/es\/#\/schema\/person\/883a735c40665759bcc6fe0c26bcb46f","name":"Redacci\u00f3n Ecuador","description":"News published by the Pressenza bureau in Quito, Ecuador","url":"https:\/\/www.pressenza.com\/es\/author\/redaccion-ecuador\/"}]}},"place":"","original_article_url":"","_links":{"self":[{"href":"https:\/\/www.pressenza.com\/es\/wp-json\/wp\/v2\/posts\/77635","targetHints":{"allow":["GET"]}}],"collection":[{"href":"https:\/\/www.pressenza.com\/es\/wp-json\/wp\/v2\/posts"}],"about":[{"href":"https:\/\/www.pressenza.com\/es\/wp-json\/wp\/v2\/types\/post"}],"author":[{"embeddable":true,"href":"https:\/\/www.pressenza.com\/es\/wp-json\/wp\/v2\/users\/1011"}],"replies":[{"embeddable":true,"href":"https:\/\/www.pressenza.com\/es\/wp-json\/wp\/v2\/comments?post=77635"}],"version-history":[{"count":0,"href":"https:\/\/www.pressenza.com\/es\/wp-json\/wp\/v2\/posts\/77635\/revisions"}],"wp:featuredmedia":[{"embeddable":true,"href":"https:\/\/www.pressenza.com\/es\/wp-json\/wp\/v2\/media\/77777"}],"wp:attachment":[{"href":"https:\/\/www.pressenza.com\/es\/wp-json\/wp\/v2\/media?parent=77635"}],"wp:term":[{"taxonomy":"category","embeddable":true,"href":"https:\/\/www.pressenza.com\/es\/wp-json\/wp\/v2\/categories?post=77635"},{"taxonomy":"post_tag","embeddable":true,"href":"https:\/\/www.pressenza.com\/es\/wp-json\/wp\/v2\/tags?post=77635"}],"curies":[{"name":"wp","href":"https:\/\/api.w.org\/{rel}","templated":true}]}}