{"id":776058,"date":"2018-12-14T15:14:47","date_gmt":"2018-12-14T15:14:47","guid":{"rendered":"https:\/\/www.pressenza.com\/?p=776058"},"modified":"2018-12-14T15:14:47","modified_gmt":"2018-12-14T15:14:47","slug":"alba-tcp-celebra-cumbre-en-la-habana-frente-a-ataques-contra-la-integracion-de-latinoamerica","status":"publish","type":"post","link":"https:\/\/www.pressenza.com\/es\/2018\/12\/alba-tcp-celebra-cumbre-en-la-habana-frente-a-ataques-contra-la-integracion-de-latinoamerica\/","title":{"rendered":"ALBA-TCP celebra cumbre en La Habana frente a ataques contra la integraci\u00f3n de Latinoam\u00e9rica"},"content":{"rendered":"<p>Los pa\u00edses que conforman la Alianza Bolivariana para los Pueblos de Nuestra Am\u00e9rica-Tratado de Comercio de los Pueblos (ALBA-TCP) celebran este viernes en La Habana una cumbre para defender la integraci\u00f3n de Latinoam\u00e9rica y el Caribe frente a lo que consideran una coyuntura regional marcada por la injerencia de Estados Unidos y la incertidumbre de los cambios econ\u00f3micos y sociales que promueven gobiernos de la derecha.<\/p>\n<p>Fundada en 2004, el ALBA-TCP es una plataforma de integraci\u00f3n de pa\u00edses de Am\u00e9rica Latina y el Caribe con \u00e9nfasis en la solidaridad, la cooperaci\u00f3n, la complementariedad y la justicia.<\/p>\n<p>\u00ab&#8230;Nos reuniremos gobiernos y presidentes que trabajamos junto a nuestros pueblos por la identidad, unidad y dignidad latinoamericana y caribe\u00f1a, frente a ataques del imperialismo norteamericano. Trabajamos por la Patria y no por la plata\u00bb, se\u00f1al\u00f3 el presidente boliviano Evo Morales, que lleg\u00f3 anoche a la capital de Cuba.<\/p>\n<p>En el 14 aniversario de su fundaci\u00f3n, por los ex presidentes de Cuba, Fidel Castro, y de Venezuela, Hugo Ch\u00e1vez, el ALBA-TCP har\u00e1 un balance de su trabajo conjunto por la \u00abpatria grande\u00bb y la autodeterminaci\u00f3n de los pueblos en el \u00e1mbito pol\u00edtico, econ\u00f3mico, social y cultural.<\/p>\n<p>\u00ab&#8230;ratificamos nuestra voluntad para consolidar la integraci\u00f3n latinoamericana y caribe\u00f1a\u00bb, manifest\u00f3 el anfitri\u00f3n del c\u00f3nclave, el presidente cubano, Miguel D\u00edaz-Canel.<\/p>\n<p>Al llegar anoche a La Habana, el presidente de Venezuela, Nicol\u00e1s Maduro, afirm\u00f3 el ALBA-TCP delinear\u00e1 las acciones para fortalecer el bloque integracionista y para remontar un periodo en el que se pretende imponer el neoliberalismo en los pa\u00edses de la regi\u00f3n.<\/p>\n<p>Ante lo que consider\u00f3 la embestida neoliberal, Maduro dijo que la organizaci\u00f3n tiene que fortalecer los programas sociales y las misiones educativas, de salud y culturales.<\/p>\n<p>\u00abPara acelerar la integraci\u00f3n comercial y econ\u00f3mica, se necesita crecer\u00bb, agreg\u00f3, considerando que el ALBA-TCP fue concebida como una alternativa al \u00c1rea de Libre Comercio para las Am\u00e9ricas (ALCA) que impulsaba Estados Unidos en Am\u00e9rica Latina.<\/p>\n<p>En la cita se prev\u00e9 que los pa\u00edses miembros del ALBA-TCP tracen la l\u00ednea de trabajo para el siguiente a\u00f1o en distintas \u00e1reas, adem\u00e1s de pronunciarse para condenar el bloqueo econ\u00f3mico, comercial y financiero de Estados Unidos contra Cuba.<\/p>\n<p>Venezuela, Cuba, Bolivia, Nicaragua, Antigua y Barbuda, Dominica, Granada, San Crist\u00f3bal y Nieves, San Vicente y las Granadinas y Santa Luc\u00eda participar\u00e1n en ese encuentro.<\/p>\n","protected":false},"excerpt":{"rendered":"<p>Los pa\u00edses que conforman la Alianza Bolivariana para los Pueblos de Nuestra Am\u00e9rica-Tratado de Comercio de los Pueblos (ALBA-TCP) celebran este viernes en La Habana una cumbre para defender la integraci\u00f3n de Latinoam\u00e9rica y el Caribe frente a lo que&hellip;<\/p>\n","protected":false},"author":127,"featured_media":776059,"comment_status":"closed","ping_status":"closed","sticky":false,"template":"","format":"standard","meta":{"footnotes":""},"categories":[76,39,74],"tags":[31075,48687,28786,451],"class_list":["post-776058","post","type-post","status-publish","format-standard","has-post-thumbnail","hentry","category-relaciones-exteriores","category-internacional","category-politica-es","tag-alba-tcp","tag-cooperacion","tag-fcina","tag-integracion"],"yoast_head":"<!-- This site is optimized with the Yoast SEO plugin v27.1.1 - https:\/\/yoast.com\/product\/yoast-seo-wordpress\/ -->\n<title>ALBA-TCP celebra cumbre en La Habana frente a ataques contra la integraci\u00f3n de Latinoam\u00e9rica<\/title>\n<meta name=\"description\" content=\"Los pa\u00edses que conforman la Alianza Bolivariana para los Pueblos de Nuestra Am\u00e9rica-Tratado de Comercio de los Pueblos (ALBA-TCP) celebran este viernes en\" \/>\n<meta name=\"robots\" content=\"index, follow, max-snippet:-1, max-image-preview:large, max-video-preview:-1\" \/>\n<link rel=\"canonical\" href=\"https:\/\/www.pressenza.com\/es\/2018\/12\/alba-tcp-celebra-cumbre-en-la-habana-frente-a-ataques-contra-la-integracion-de-latinoamerica\/\" \/>\n<meta property=\"og:locale\" content=\"es_ES\" \/>\n<meta property=\"og:type\" content=\"article\" \/>\n<meta property=\"og:title\" content=\"ALBA-TCP celebra cumbre en La Habana frente a ataques contra la integraci\u00f3n de Latinoam\u00e9rica\" \/>\n<meta property=\"og:description\" content=\"Los pa\u00edses que conforman la Alianza Bolivariana para los Pueblos de Nuestra Am\u00e9rica-Tratado de Comercio de los Pueblos (ALBA-TCP) celebran este viernes en\" \/>\n<meta property=\"og:url\" content=\"https:\/\/www.pressenza.com\/es\/2018\/12\/alba-tcp-celebra-cumbre-en-la-habana-frente-a-ataques-contra-la-integracion-de-latinoamerica\/\" \/>\n<meta property=\"og:site_name\" content=\"Pressenza\" \/>\n<meta property=\"article:publisher\" content=\"https:\/\/www.facebook.com\/PressenzaItalia\" \/>\n<meta property=\"article:published_time\" content=\"2018-12-14T15:14:47+00:00\" \/>\n<meta property=\"og:image\" content=\"https:\/\/www.pressenza.com\/wp-content\/uploads\/2018\/12\/infografias_alba_tcp_logros-03_0.jpg\" \/>\n\t<meta property=\"og:image:width\" content=\"600\" \/>\n\t<meta property=\"og:image:height\" content=\"400\" \/>\n\t<meta property=\"og:image:type\" content=\"image\/jpeg\" \/>\n<meta name=\"author\" content=\"Agencia Boliviana de Informaci\u00f3n - ABI\" \/>\n<meta name=\"twitter:card\" content=\"summary_large_image\" \/>\n<meta name=\"twitter:creator\" content=\"@mincombolivia\" \/>\n<meta name=\"twitter:site\" content=\"@PressenzaIPA\" \/>\n<meta name=\"twitter:label1\" content=\"Escrito por\" \/>\n\t<meta name=\"twitter:data1\" content=\"Agencia Boliviana de Informaci\u00f3n - ABI\" \/>\n\t<meta name=\"twitter:label2\" content=\"Tiempo de lectura\" \/>\n\t<meta name=\"twitter:data2\" content=\"2 minutos\" \/>\n<script type=\"application\/ld+json\" class=\"yoast-schema-graph\">{\"@context\":\"https:\/\/schema.org\",\"@graph\":[{\"@type\":\"Article\",\"@id\":\"https:\/\/www.pressenza.com\/es\/2018\/12\/alba-tcp-celebra-cumbre-en-la-habana-frente-a-ataques-contra-la-integracion-de-latinoamerica\/#article\",\"isPartOf\":{\"@id\":\"https:\/\/www.pressenza.com\/es\/2018\/12\/alba-tcp-celebra-cumbre-en-la-habana-frente-a-ataques-contra-la-integracion-de-latinoamerica\/\"},\"author\":{\"name\":\"Agencia Boliviana de Informaci\u00f3n - ABI\",\"@id\":\"https:\/\/www.pressenza.com\/es\/#\/schema\/person\/3fe2a62cf8f5fea54fc87abcec98dcb4\"},\"headline\":\"ALBA-TCP celebra cumbre en La Habana frente a ataques contra la integraci\u00f3n de Latinoam\u00e9rica\",\"datePublished\":\"2018-12-14T15:14:47+00:00\",\"mainEntityOfPage\":{\"@id\":\"https:\/\/www.pressenza.com\/es\/2018\/12\/alba-tcp-celebra-cumbre-en-la-habana-frente-a-ataques-contra-la-integracion-de-latinoamerica\/\"},\"wordCount\":431,\"publisher\":{\"@id\":\"https:\/\/www.pressenza.com\/es\/#organization\"},\"image\":{\"@id\":\"https:\/\/www.pressenza.com\/es\/2018\/12\/alba-tcp-celebra-cumbre-en-la-habana-frente-a-ataques-contra-la-integracion-de-latinoamerica\/#primaryimage\"},\"thumbnailUrl\":\"https:\/\/www.pressenza.com\/wp-content\/uploads\/2018\/12\/infografias_alba_tcp_logros-03_0.jpg\",\"keywords\":[\"ALBA TCP\",\"cooperaci\u00f3n\",\"FCINA\",\"Integraci\u00f3n\"],\"articleSection\":[\"Asuntos internacionales\",\"Internacional\",\"Pol\u00edtica\"],\"inLanguage\":\"es\"},{\"@type\":\"WebPage\",\"@id\":\"https:\/\/www.pressenza.com\/es\/2018\/12\/alba-tcp-celebra-cumbre-en-la-habana-frente-a-ataques-contra-la-integracion-de-latinoamerica\/\",\"url\":\"https:\/\/www.pressenza.com\/es\/2018\/12\/alba-tcp-celebra-cumbre-en-la-habana-frente-a-ataques-contra-la-integracion-de-latinoamerica\/\",\"name\":\"ALBA-TCP celebra cumbre en La Habana frente a ataques contra la integraci\u00f3n de Latinoam\u00e9rica\",\"isPartOf\":{\"@id\":\"https:\/\/www.pressenza.com\/es\/#website\"},\"primaryImageOfPage\":{\"@id\":\"https:\/\/www.pressenza.com\/es\/2018\/12\/alba-tcp-celebra-cumbre-en-la-habana-frente-a-ataques-contra-la-integracion-de-latinoamerica\/#primaryimage\"},\"image\":{\"@id\":\"https:\/\/www.pressenza.com\/es\/2018\/12\/alba-tcp-celebra-cumbre-en-la-habana-frente-a-ataques-contra-la-integracion-de-latinoamerica\/#primaryimage\"},\"thumbnailUrl\":\"https:\/\/www.pressenza.com\/wp-content\/uploads\/2018\/12\/infografias_alba_tcp_logros-03_0.jpg\",\"datePublished\":\"2018-12-14T15:14:47+00:00\",\"description\":\"Los pa\u00edses que conforman la Alianza Bolivariana para los Pueblos de Nuestra Am\u00e9rica-Tratado de Comercio de los Pueblos (ALBA-TCP) celebran este viernes en\",\"breadcrumb\":{\"@id\":\"https:\/\/www.pressenza.com\/es\/2018\/12\/alba-tcp-celebra-cumbre-en-la-habana-frente-a-ataques-contra-la-integracion-de-latinoamerica\/#breadcrumb\"},\"inLanguage\":\"es\",\"potentialAction\":[{\"@type\":\"ReadAction\",\"target\":[\"https:\/\/www.pressenza.com\/es\/2018\/12\/alba-tcp-celebra-cumbre-en-la-habana-frente-a-ataques-contra-la-integracion-de-latinoamerica\/\"]}]},{\"@type\":\"ImageObject\",\"inLanguage\":\"es\",\"@id\":\"https:\/\/www.pressenza.com\/es\/2018\/12\/alba-tcp-celebra-cumbre-en-la-habana-frente-a-ataques-contra-la-integracion-de-latinoamerica\/#primaryimage\",\"url\":\"https:\/\/www.pressenza.com\/wp-content\/uploads\/2018\/12\/infografias_alba_tcp_logros-03_0.jpg\",\"contentUrl\":\"https:\/\/www.pressenza.com\/wp-content\/uploads\/2018\/12\/infografias_alba_tcp_logros-03_0.jpg\",\"width\":600,\"height\":400},{\"@type\":\"BreadcrumbList\",\"@id\":\"https:\/\/www.pressenza.com\/es\/2018\/12\/alba-tcp-celebra-cumbre-en-la-habana-frente-a-ataques-contra-la-integracion-de-latinoamerica\/#breadcrumb\",\"itemListElement\":[{\"@type\":\"ListItem\",\"position\":1,\"name\":\"Accueil\",\"item\":\"https:\/\/www.pressenza.com\/es\/\"},{\"@type\":\"ListItem\",\"position\":2,\"name\":\"ALBA-TCP celebra cumbre en La Habana frente a ataques contra la integraci\u00f3n de Latinoam\u00e9rica\"}]},{\"@type\":\"WebSite\",\"@id\":\"https:\/\/www.pressenza.com\/es\/#website\",\"url\":\"https:\/\/www.pressenza.com\/es\/\",\"name\":\"Pressenza\",\"description\":\"International Press Agency\",\"publisher\":{\"@id\":\"https:\/\/www.pressenza.com\/es\/#organization\"},\"potentialAction\":[{\"@type\":\"SearchAction\",\"target\":{\"@type\":\"EntryPoint\",\"urlTemplate\":\"https:\/\/www.pressenza.com\/es\/?s={search_term_string}\"},\"query-input\":{\"@type\":\"PropertyValueSpecification\",\"valueRequired\":true,\"valueName\":\"search_term_string\"}}],\"inLanguage\":\"es\"},{\"@type\":\"Organization\",\"@id\":\"https:\/\/www.pressenza.com\/es\/#organization\",\"name\":\"Pressenza\",\"url\":\"https:\/\/www.pressenza.com\/es\/\",\"logo\":{\"@type\":\"ImageObject\",\"inLanguage\":\"es\",\"@id\":\"https:\/\/www.pressenza.com\/es\/#\/schema\/logo\/image\/\",\"url\":\"https:\/\/www.pressenza.com\/wp-content\/uploads\/2022\/10\/pressenza_logo_200x200.jpg\",\"contentUrl\":\"https:\/\/www.pressenza.com\/wp-content\/uploads\/2022\/10\/pressenza_logo_200x200.jpg\",\"width\":200,\"height\":200,\"caption\":\"Pressenza\"},\"image\":{\"@id\":\"https:\/\/www.pressenza.com\/es\/#\/schema\/logo\/image\/\"},\"sameAs\":[\"https:\/\/www.facebook.com\/PressenzaItalia\",\"https:\/\/x.com\/PressenzaIPA\"]},{\"@type\":\"Person\",\"@id\":\"https:\/\/www.pressenza.com\/es\/#\/schema\/person\/3fe2a62cf8f5fea54fc87abcec98dcb4\",\"name\":\"Agencia Boliviana de Informaci\u00f3n - ABI\",\"description\":\"www.abi.bo\",\"sameAs\":[\"https:\/\/x.com\/mincombolivia\"],\"url\":\"https:\/\/www.pressenza.com\/es\/author\/agencia-boliviana-de-informacion-abi\/\"}]}<\/script>\n<!-- \/ Yoast SEO plugin. -->","yoast_head_json":{"title":"ALBA-TCP celebra cumbre en La Habana frente a ataques contra la integraci\u00f3n de Latinoam\u00e9rica","description":"Los pa\u00edses que conforman la Alianza Bolivariana para los Pueblos de Nuestra Am\u00e9rica-Tratado de Comercio de los Pueblos (ALBA-TCP) celebran este viernes en","robots":{"index":"index","follow":"follow","max-snippet":"max-snippet:-1","max-image-preview":"max-image-preview:large","max-video-preview":"max-video-preview:-1"},"canonical":"https:\/\/www.pressenza.com\/es\/2018\/12\/alba-tcp-celebra-cumbre-en-la-habana-frente-a-ataques-contra-la-integracion-de-latinoamerica\/","og_locale":"es_ES","og_type":"article","og_title":"ALBA-TCP celebra cumbre en La Habana frente a ataques contra la integraci\u00f3n de Latinoam\u00e9rica","og_description":"Los pa\u00edses que conforman la Alianza Bolivariana para los Pueblos de Nuestra Am\u00e9rica-Tratado de Comercio de los Pueblos (ALBA-TCP) celebran este viernes en","og_url":"https:\/\/www.pressenza.com\/es\/2018\/12\/alba-tcp-celebra-cumbre-en-la-habana-frente-a-ataques-contra-la-integracion-de-latinoamerica\/","og_site_name":"Pressenza","article_publisher":"https:\/\/www.facebook.com\/PressenzaItalia","article_published_time":"2018-12-14T15:14:47+00:00","og_image":[{"width":600,"height":400,"url":"https:\/\/www.pressenza.com\/wp-content\/uploads\/2018\/12\/infografias_alba_tcp_logros-03_0.jpg","type":"image\/jpeg"}],"author":"Agencia Boliviana de Informaci\u00f3n - ABI","twitter_card":"summary_large_image","twitter_creator":"@mincombolivia","twitter_site":"@PressenzaIPA","twitter_misc":{"Escrito por":"Agencia Boliviana de Informaci\u00f3n - ABI","Tiempo de lectura":"2 minutos"},"schema":{"@context":"https:\/\/schema.org","@graph":[{"@type":"Article","@id":"https:\/\/www.pressenza.com\/es\/2018\/12\/alba-tcp-celebra-cumbre-en-la-habana-frente-a-ataques-contra-la-integracion-de-latinoamerica\/#article","isPartOf":{"@id":"https:\/\/www.pressenza.com\/es\/2018\/12\/alba-tcp-celebra-cumbre-en-la-habana-frente-a-ataques-contra-la-integracion-de-latinoamerica\/"},"author":{"name":"Agencia Boliviana de Informaci\u00f3n - ABI","@id":"https:\/\/www.pressenza.com\/es\/#\/schema\/person\/3fe2a62cf8f5fea54fc87abcec98dcb4"},"headline":"ALBA-TCP celebra cumbre en La Habana frente a ataques contra la integraci\u00f3n de Latinoam\u00e9rica","datePublished":"2018-12-14T15:14:47+00:00","mainEntityOfPage":{"@id":"https:\/\/www.pressenza.com\/es\/2018\/12\/alba-tcp-celebra-cumbre-en-la-habana-frente-a-ataques-contra-la-integracion-de-latinoamerica\/"},"wordCount":431,"publisher":{"@id":"https:\/\/www.pressenza.com\/es\/#organization"},"image":{"@id":"https:\/\/www.pressenza.com\/es\/2018\/12\/alba-tcp-celebra-cumbre-en-la-habana-frente-a-ataques-contra-la-integracion-de-latinoamerica\/#primaryimage"},"thumbnailUrl":"https:\/\/www.pressenza.com\/wp-content\/uploads\/2018\/12\/infografias_alba_tcp_logros-03_0.jpg","keywords":["ALBA TCP","cooperaci\u00f3n","FCINA","Integraci\u00f3n"],"articleSection":["Asuntos internacionales","Internacional","Pol\u00edtica"],"inLanguage":"es"},{"@type":"WebPage","@id":"https:\/\/www.pressenza.com\/es\/2018\/12\/alba-tcp-celebra-cumbre-en-la-habana-frente-a-ataques-contra-la-integracion-de-latinoamerica\/","url":"https:\/\/www.pressenza.com\/es\/2018\/12\/alba-tcp-celebra-cumbre-en-la-habana-frente-a-ataques-contra-la-integracion-de-latinoamerica\/","name":"ALBA-TCP celebra cumbre en La Habana frente a ataques contra la integraci\u00f3n de Latinoam\u00e9rica","isPartOf":{"@id":"https:\/\/www.pressenza.com\/es\/#website"},"primaryImageOfPage":{"@id":"https:\/\/www.pressenza.com\/es\/2018\/12\/alba-tcp-celebra-cumbre-en-la-habana-frente-a-ataques-contra-la-integracion-de-latinoamerica\/#primaryimage"},"image":{"@id":"https:\/\/www.pressenza.com\/es\/2018\/12\/alba-tcp-celebra-cumbre-en-la-habana-frente-a-ataques-contra-la-integracion-de-latinoamerica\/#primaryimage"},"thumbnailUrl":"https:\/\/www.pressenza.com\/wp-content\/uploads\/2018\/12\/infografias_alba_tcp_logros-03_0.jpg","datePublished":"2018-12-14T15:14:47+00:00","description":"Los pa\u00edses que conforman la Alianza Bolivariana para los Pueblos de Nuestra Am\u00e9rica-Tratado de Comercio de los Pueblos (ALBA-TCP) celebran este viernes en","breadcrumb":{"@id":"https:\/\/www.pressenza.com\/es\/2018\/12\/alba-tcp-celebra-cumbre-en-la-habana-frente-a-ataques-contra-la-integracion-de-latinoamerica\/#breadcrumb"},"inLanguage":"es","potentialAction":[{"@type":"ReadAction","target":["https:\/\/www.pressenza.com\/es\/2018\/12\/alba-tcp-celebra-cumbre-en-la-habana-frente-a-ataques-contra-la-integracion-de-latinoamerica\/"]}]},{"@type":"ImageObject","inLanguage":"es","@id":"https:\/\/www.pressenza.com\/es\/2018\/12\/alba-tcp-celebra-cumbre-en-la-habana-frente-a-ataques-contra-la-integracion-de-latinoamerica\/#primaryimage","url":"https:\/\/www.pressenza.com\/wp-content\/uploads\/2018\/12\/infografias_alba_tcp_logros-03_0.jpg","contentUrl":"https:\/\/www.pressenza.com\/wp-content\/uploads\/2018\/12\/infografias_alba_tcp_logros-03_0.jpg","width":600,"height":400},{"@type":"BreadcrumbList","@id":"https:\/\/www.pressenza.com\/es\/2018\/12\/alba-tcp-celebra-cumbre-en-la-habana-frente-a-ataques-contra-la-integracion-de-latinoamerica\/#breadcrumb","itemListElement":[{"@type":"ListItem","position":1,"name":"Accueil","item":"https:\/\/www.pressenza.com\/es\/"},{"@type":"ListItem","position":2,"name":"ALBA-TCP celebra cumbre en La Habana frente a ataques contra la integraci\u00f3n de Latinoam\u00e9rica"}]},{"@type":"WebSite","@id":"https:\/\/www.pressenza.com\/es\/#website","url":"https:\/\/www.pressenza.com\/es\/","name":"Pressenza","description":"International Press Agency","publisher":{"@id":"https:\/\/www.pressenza.com\/es\/#organization"},"potentialAction":[{"@type":"SearchAction","target":{"@type":"EntryPoint","urlTemplate":"https:\/\/www.pressenza.com\/es\/?s={search_term_string}"},"query-input":{"@type":"PropertyValueSpecification","valueRequired":true,"valueName":"search_term_string"}}],"inLanguage":"es"},{"@type":"Organization","@id":"https:\/\/www.pressenza.com\/es\/#organization","name":"Pressenza","url":"https:\/\/www.pressenza.com\/es\/","logo":{"@type":"ImageObject","inLanguage":"es","@id":"https:\/\/www.pressenza.com\/es\/#\/schema\/logo\/image\/","url":"https:\/\/www.pressenza.com\/wp-content\/uploads\/2022\/10\/pressenza_logo_200x200.jpg","contentUrl":"https:\/\/www.pressenza.com\/wp-content\/uploads\/2022\/10\/pressenza_logo_200x200.jpg","width":200,"height":200,"caption":"Pressenza"},"image":{"@id":"https:\/\/www.pressenza.com\/es\/#\/schema\/logo\/image\/"},"sameAs":["https:\/\/www.facebook.com\/PressenzaItalia","https:\/\/x.com\/PressenzaIPA"]},{"@type":"Person","@id":"https:\/\/www.pressenza.com\/es\/#\/schema\/person\/3fe2a62cf8f5fea54fc87abcec98dcb4","name":"Agencia Boliviana de Informaci\u00f3n - ABI","description":"www.abi.bo","sameAs":["https:\/\/x.com\/mincombolivia"],"url":"https:\/\/www.pressenza.com\/es\/author\/agencia-boliviana-de-informacion-abi\/"}]}},"place":"La Habana, Cuba","original_article_url":"https:\/\/www1.abi.bo\/abi_\/?i=417177&k=201703050235","_links":{"self":[{"href":"https:\/\/www.pressenza.com\/es\/wp-json\/wp\/v2\/posts\/776058","targetHints":{"allow":["GET"]}}],"collection":[{"href":"https:\/\/www.pressenza.com\/es\/wp-json\/wp\/v2\/posts"}],"about":[{"href":"https:\/\/www.pressenza.com\/es\/wp-json\/wp\/v2\/types\/post"}],"author":[{"embeddable":true,"href":"https:\/\/www.pressenza.com\/es\/wp-json\/wp\/v2\/users\/127"}],"replies":[{"embeddable":true,"href":"https:\/\/www.pressenza.com\/es\/wp-json\/wp\/v2\/comments?post=776058"}],"version-history":[{"count":0,"href":"https:\/\/www.pressenza.com\/es\/wp-json\/wp\/v2\/posts\/776058\/revisions"}],"wp:featuredmedia":[{"embeddable":true,"href":"https:\/\/www.pressenza.com\/es\/wp-json\/wp\/v2\/media\/776059"}],"wp:attachment":[{"href":"https:\/\/www.pressenza.com\/es\/wp-json\/wp\/v2\/media?parent=776058"}],"wp:term":[{"taxonomy":"category","embeddable":true,"href":"https:\/\/www.pressenza.com\/es\/wp-json\/wp\/v2\/categories?post=776058"},{"taxonomy":"post_tag","embeddable":true,"href":"https:\/\/www.pressenza.com\/es\/wp-json\/wp\/v2\/tags?post=776058"}],"curies":[{"name":"wp","href":"https:\/\/api.w.org\/{rel}","templated":true}]}}