{"id":775562,"date":"2018-12-13T19:39:23","date_gmt":"2018-12-13T19:39:23","guid":{"rendered":"https:\/\/www.pressenza.com\/?p=775562"},"modified":"2018-12-13T19:39:23","modified_gmt":"2018-12-13T19:39:23","slug":"comisiones-del-exterior-camara-y-senado-el-m5s-dejen-de-venderle-armas-a-riad-ahora","status":"publish","type":"post","link":"https:\/\/www.pressenza.com\/es\/2018\/12\/comisiones-del-exterior-camara-y-senado-el-m5s-dejen-de-venderle-armas-a-riad-ahora\/","title":{"rendered":"Comisiones del exterior, C\u00e1mara y Senado. El M5S: \u00abDejen de venderle armas a Riad ahora\u00bb"},"content":{"rendered":"<p>\u00abNo m\u00e1s palabras y anuncios, es hora de tomar medidas concretas para detener la venta de armas italianas a pa\u00edses en guerra que manchan la reputaci\u00f3n internacional de nuestro pa\u00eds. El Ministerio de Asuntos Exteriores debe intervenir inmediatamente para suspender la transferencia de bombas italianas a Arabia Saudita utilizadas en el conflicto de Yemen. As\u00ed comentan, en una nota conjunta del 10 de diciembre, senadores y diputados del M5S de las Comisiones de Asuntos Exteriores del Palacio Madama y Montecitorio, la denuncia de Amnist\u00eda Internacional contra Italia en su informe anual sobre el estado de los derechos humanos en el mundo.<\/p>\n<p>\u00abEs intolerable que Alemania haya decidido detener sus suministros militares a Riad, pero siga vendiendo bombas a trav\u00e9s de la sucursal italiana de una f\u00e1brica alemana, RWM Italy en Domusnovas, con una triangulaci\u00f3n flagrante. Est\u00e1 claro que la ley italiana que proh\u00edbe estas ventas, la 185\/90, tiene algunos \u00abagujeros\u00bb que permiten eludir su aplicaci\u00f3n y de hecho el Movimiento 5 Estrellas va a presentar un proyecto de ley para \u00abtapar\u00bb estos agujeros. Pero mientras esperamos la mejora legislativa de los mecanismos de control, se necesita urgentemente una decisi\u00f3n pol\u00edtica valiente\u00bb.<\/p>\n<p>Esta noticia fue publicada el lunes por la tarde a trav\u00e9s de muy pocos sitios. Por el contrario, en los \u00faltimos tiempos -especialmente tras el asesinato del periodista saud\u00ed Khasshogi- la pol\u00edtica y los medios de comunicaci\u00f3n de casi todos los pa\u00edses occidentales han estado muy preocupados por el suministro de armas a Riad y el apoyo de sus gobiernos a la guerra en Yemen por parte de la coalici\u00f3n liderada por Arabia Saud\u00ed.<\/p>\n<p>Por lo tanto, tem\u00eda que el comentario mencionado en el art\u00edculo, hecho por los miembros del M5S en las comisiones de asuntos exteriores, no fuera genuino. Con m\u00e1s investigaci\u00f3n, sin embargo, encontr\u00e9 la publicaci\u00f3n del sitio Politicamentecorretto.com donde tambi\u00e9n se reporta la fuente de la noticia: Movimiento 5 Estrellas, Oficina de Comunicaci\u00f3n del Senado.<\/p>\n<p><a href=\"http:\/\/www.politicamentecorretto.com\/index.php?news=104223\">http:\/\/www.politicamentecorretto.com\/index.php?news=104223<\/a><\/p>\n<p>Luego llam\u00e9 al n\u00famero indicado y confirmaron la posici\u00f3n de los senadores y diputados pentastrales de las Comisiones de Asuntos Exteriores de la C\u00e1mara y del Senado.<\/p>\n<p>Pero no fue por casualidad que insist\u00ed en tratar de entender la validez de lo que hab\u00eda le\u00eddo. De hecho, el 2 de diciembre, una entrevista con el General Jean fue publicada en el sitio web LeFormiche.it.<\/p>\n<p><a href=\"https:\/\/formiche.net\/2018\/12\/non-si-gioca-con-politica-estera-jean\/\">https:\/\/formiche.net\/2018\/12\/non-si-gioca-con-politica-estera-jean\/<\/a><\/p>\n<p>donde tambi\u00e9n se ley\u00f3:<\/p>\n<p>\u00aby la pr\u00f3xima presentaci\u00f3n de una propuesta del M5S (que se presentar\u00e1 el martes a la Comisi\u00f3n de Asuntos Exteriores de la C\u00e1mara, ndr) para pedir un embargo europeo contra<\/p>\n<p>Arabia Saudita y los pa\u00edses de la coalici\u00f3n que lucha en Yemen\u00bb.<\/p>\n<p>El 30 de noviembre incluso fue posible leer en el mismo sitio web el siguiente t\u00edtulo: \u00abEnfrentamiento de la Liga contra el M5S sobre Arabia Saudita, aqu\u00ed est\u00e1 la resoluci\u00f3n que puede poner a la mayor\u00eda en crisis\u00bb.<\/p>\n<p><a href=\"https:\/\/formiche.net\/2018\/11\/yemen-lega-cinque-stelle-pd-finestra\">https:\/\/formiche.net\/2018\/11\/yemen-lega-cinque-stelle-pd-finestra<\/a>\/<\/p>\n<p>En los d\u00edas siguientes, sin embargo, no encontr\u00e9 ning\u00fan rastro del documento anunciado en los dos art\u00edculos.<\/p>\n<p>Pero el drama no es la falta de discusi\u00f3n italiana, incluso por parte de los antiimperialistas m\u00e1s duros y los pacifistas profesionales m\u00e1s competentes. El drama es la atroz guerra que contin\u00faa en el lejano Yemen y que est\u00e1 causando muertes, mutilaciones, hambre, destrucci\u00f3n y epidemias.<\/p>\n<p>Coraje, pacifistas italianos, j\u00f3venes y viejos; es mejor verse mal tratando de protestar contra el apoyo italiano a la atroz guerra yemen\u00ed que mirar hacia otro lado, criticando tal vez los informes hip\u00f3critas de la televisi\u00f3n en Navidad sobre los soldados italianos en el extranjero comprometidos en llevar la paz.<br \/>\n<em>Traducido del italiano por Mar\u00eda Cristina S\u00e1nchez<\/em><\/p>\n","protected":false},"excerpt":{"rendered":"<p>\u00abNo m\u00e1s palabras y anuncios, es hora de tomar medidas concretas para detener la venta de armas italianas a pa\u00edses en guerra que manchan la reputaci\u00f3n internacional de nuestro pa\u00eds. El Ministerio de Asuntos Exteriores debe intervenir inmediatamente para suspender&hellip;<\/p>\n","protected":false},"author":1288,"featured_media":774513,"comment_status":"closed","ping_status":"closed","sticky":false,"template":"","format":"standard","meta":{"footnotes":""},"categories":[11389,66,71,161,1243,74],"tags":[3514,2944,4550,22453,15530],"class_list":["post-775562","post","type-post","status-publish","format-standard","has-post-thumbnail","hentry","category-contenido-original","category-europa-es","category-medio-oriente-es","category-opiniones","category-paz-desarme","category-politica-es","tag-arabia-saudita-es","tag-armas","tag-m5s","tag-rwm-italia","tag-yemen-es"],"yoast_head":"<!-- This site is optimized with the Yoast SEO plugin v27.1.1 - https:\/\/yoast.com\/product\/yoast-seo-wordpress\/ -->\n<title>Comisiones del exterior, C\u00e1mara y Senado. El M5S: &quot;Dejen de venderle armas a Riad ahora&quot;<\/title>\n<meta name=\"description\" content=\"&quot;No m\u00e1s palabras y anuncios, es hora de tomar medidas concretas para detener la venta de armas italianas a pa\u00edses en guerra que manchan la reputaci\u00f3n\" \/>\n<meta name=\"robots\" content=\"index, follow, max-snippet:-1, max-image-preview:large, max-video-preview:-1\" \/>\n<link rel=\"canonical\" href=\"https:\/\/www.pressenza.com\/es\/2018\/12\/comisiones-del-exterior-camara-y-senado-el-m5s-dejen-de-venderle-armas-a-riad-ahora\/\" \/>\n<meta property=\"og:locale\" content=\"es_ES\" \/>\n<meta property=\"og:type\" content=\"article\" \/>\n<meta property=\"og:title\" content=\"Comisiones del exterior, C\u00e1mara y Senado. El M5S: &quot;Dejen de venderle armas a Riad ahora&quot;\" \/>\n<meta property=\"og:description\" content=\"&quot;No m\u00e1s palabras y anuncios, es hora de tomar medidas concretas para detener la venta de armas italianas a pa\u00edses en guerra que manchan la reputaci\u00f3n\" \/>\n<meta property=\"og:url\" content=\"https:\/\/www.pressenza.com\/es\/2018\/12\/comisiones-del-exterior-camara-y-senado-el-m5s-dejen-de-venderle-armas-a-riad-ahora\/\" \/>\n<meta property=\"og:site_name\" content=\"Pressenza\" \/>\n<meta property=\"article:publisher\" content=\"https:\/\/www.facebook.com\/PressenzaItalia\" \/>\n<meta property=\"article:published_time\" content=\"2018-12-13T19:39:23+00:00\" \/>\n<meta property=\"og:image\" content=\"https:\/\/www.pressenza.com\/wp-content\/uploads\/2018\/12\/cover.jpg\" \/>\n\t<meta property=\"og:image:width\" content=\"1600\" \/>\n\t<meta property=\"og:image:height\" content=\"1044\" \/>\n\t<meta property=\"og:image:type\" content=\"image\/jpeg\" \/>\n<meta name=\"author\" content=\"Marco Palombo\" \/>\n<meta name=\"twitter:card\" content=\"summary_large_image\" \/>\n<meta name=\"twitter:creator\" content=\"@PressenzaIPA\" \/>\n<meta name=\"twitter:site\" content=\"@PressenzaIPA\" \/>\n<meta name=\"twitter:label1\" content=\"Escrito por\" \/>\n\t<meta name=\"twitter:data1\" content=\"Marco Palombo\" \/>\n\t<meta name=\"twitter:label2\" content=\"Tiempo de lectura\" \/>\n\t<meta name=\"twitter:data2\" content=\"3 minutos\" \/>\n<script type=\"application\/ld+json\" class=\"yoast-schema-graph\">{\"@context\":\"https:\/\/schema.org\",\"@graph\":[{\"@type\":\"Article\",\"@id\":\"https:\/\/www.pressenza.com\/es\/2018\/12\/comisiones-del-exterior-camara-y-senado-el-m5s-dejen-de-venderle-armas-a-riad-ahora\/#article\",\"isPartOf\":{\"@id\":\"https:\/\/www.pressenza.com\/es\/2018\/12\/comisiones-del-exterior-camara-y-senado-el-m5s-dejen-de-venderle-armas-a-riad-ahora\/\"},\"author\":{\"name\":\"Marco Palombo\",\"@id\":\"https:\/\/www.pressenza.com\/es\/#\/schema\/person\/47e40ae2d57dd34c48cc32307b478b5c\"},\"headline\":\"Comisiones del exterior, C\u00e1mara y Senado. El M5S: \u00abDejen de venderle armas a Riad ahora\u00bb\",\"datePublished\":\"2018-12-13T19:39:23+00:00\",\"mainEntityOfPage\":{\"@id\":\"https:\/\/www.pressenza.com\/es\/2018\/12\/comisiones-del-exterior-camara-y-senado-el-m5s-dejen-de-venderle-armas-a-riad-ahora\/\"},\"wordCount\":671,\"publisher\":{\"@id\":\"https:\/\/www.pressenza.com\/es\/#organization\"},\"image\":{\"@id\":\"https:\/\/www.pressenza.com\/es\/2018\/12\/comisiones-del-exterior-camara-y-senado-el-m5s-dejen-de-venderle-armas-a-riad-ahora\/#primaryimage\"},\"thumbnailUrl\":\"https:\/\/www.pressenza.com\/wp-content\/uploads\/2018\/12\/cover.jpg\",\"keywords\":[\"Arabia Saudita\",\"armas\",\"M5S\",\"RWM Italia\",\"Yemen\"],\"articleSection\":[\"Contenido Original\",\"Europa\",\"Medio Oriente\",\"Opiniones\",\"Paz y Desarme\",\"Pol\u00edtica\"],\"inLanguage\":\"es\"},{\"@type\":\"WebPage\",\"@id\":\"https:\/\/www.pressenza.com\/es\/2018\/12\/comisiones-del-exterior-camara-y-senado-el-m5s-dejen-de-venderle-armas-a-riad-ahora\/\",\"url\":\"https:\/\/www.pressenza.com\/es\/2018\/12\/comisiones-del-exterior-camara-y-senado-el-m5s-dejen-de-venderle-armas-a-riad-ahora\/\",\"name\":\"Comisiones del exterior, C\u00e1mara y Senado. El M5S: \\\"Dejen de venderle armas a Riad ahora\\\"\",\"isPartOf\":{\"@id\":\"https:\/\/www.pressenza.com\/es\/#website\"},\"primaryImageOfPage\":{\"@id\":\"https:\/\/www.pressenza.com\/es\/2018\/12\/comisiones-del-exterior-camara-y-senado-el-m5s-dejen-de-venderle-armas-a-riad-ahora\/#primaryimage\"},\"image\":{\"@id\":\"https:\/\/www.pressenza.com\/es\/2018\/12\/comisiones-del-exterior-camara-y-senado-el-m5s-dejen-de-venderle-armas-a-riad-ahora\/#primaryimage\"},\"thumbnailUrl\":\"https:\/\/www.pressenza.com\/wp-content\/uploads\/2018\/12\/cover.jpg\",\"datePublished\":\"2018-12-13T19:39:23+00:00\",\"description\":\"\\\"No m\u00e1s palabras y anuncios, es hora de tomar medidas concretas para detener la venta de armas italianas a pa\u00edses en guerra que manchan la reputaci\u00f3n\",\"breadcrumb\":{\"@id\":\"https:\/\/www.pressenza.com\/es\/2018\/12\/comisiones-del-exterior-camara-y-senado-el-m5s-dejen-de-venderle-armas-a-riad-ahora\/#breadcrumb\"},\"inLanguage\":\"es\",\"potentialAction\":[{\"@type\":\"ReadAction\",\"target\":[\"https:\/\/www.pressenza.com\/es\/2018\/12\/comisiones-del-exterior-camara-y-senado-el-m5s-dejen-de-venderle-armas-a-riad-ahora\/\"]}]},{\"@type\":\"ImageObject\",\"inLanguage\":\"es\",\"@id\":\"https:\/\/www.pressenza.com\/es\/2018\/12\/comisiones-del-exterior-camara-y-senado-el-m5s-dejen-de-venderle-armas-a-riad-ahora\/#primaryimage\",\"url\":\"https:\/\/www.pressenza.com\/wp-content\/uploads\/2018\/12\/cover.jpg\",\"contentUrl\":\"https:\/\/www.pressenza.com\/wp-content\/uploads\/2018\/12\/cover.jpg\",\"width\":1600,\"height\":1044},{\"@type\":\"BreadcrumbList\",\"@id\":\"https:\/\/www.pressenza.com\/es\/2018\/12\/comisiones-del-exterior-camara-y-senado-el-m5s-dejen-de-venderle-armas-a-riad-ahora\/#breadcrumb\",\"itemListElement\":[{\"@type\":\"ListItem\",\"position\":1,\"name\":\"Accueil\",\"item\":\"https:\/\/www.pressenza.com\/es\/\"},{\"@type\":\"ListItem\",\"position\":2,\"name\":\"Comisiones del exterior, C\u00e1mara y Senado. El M5S: \u00abDejen de venderle armas a Riad ahora\u00bb\"}]},{\"@type\":\"WebSite\",\"@id\":\"https:\/\/www.pressenza.com\/es\/#website\",\"url\":\"https:\/\/www.pressenza.com\/es\/\",\"name\":\"Pressenza\",\"description\":\"International Press Agency\",\"publisher\":{\"@id\":\"https:\/\/www.pressenza.com\/es\/#organization\"},\"potentialAction\":[{\"@type\":\"SearchAction\",\"target\":{\"@type\":\"EntryPoint\",\"urlTemplate\":\"https:\/\/www.pressenza.com\/es\/?s={search_term_string}\"},\"query-input\":{\"@type\":\"PropertyValueSpecification\",\"valueRequired\":true,\"valueName\":\"search_term_string\"}}],\"inLanguage\":\"es\"},{\"@type\":\"Organization\",\"@id\":\"https:\/\/www.pressenza.com\/es\/#organization\",\"name\":\"Pressenza\",\"url\":\"https:\/\/www.pressenza.com\/es\/\",\"logo\":{\"@type\":\"ImageObject\",\"inLanguage\":\"es\",\"@id\":\"https:\/\/www.pressenza.com\/es\/#\/schema\/logo\/image\/\",\"url\":\"https:\/\/www.pressenza.com\/wp-content\/uploads\/2022\/10\/pressenza_logo_200x200.jpg\",\"contentUrl\":\"https:\/\/www.pressenza.com\/wp-content\/uploads\/2022\/10\/pressenza_logo_200x200.jpg\",\"width\":200,\"height\":200,\"caption\":\"Pressenza\"},\"image\":{\"@id\":\"https:\/\/www.pressenza.com\/es\/#\/schema\/logo\/image\/\"},\"sameAs\":[\"https:\/\/www.facebook.com\/PressenzaItalia\",\"https:\/\/x.com\/PressenzaIPA\"]},{\"@type\":\"Person\",\"@id\":\"https:\/\/www.pressenza.com\/es\/#\/schema\/person\/47e40ae2d57dd34c48cc32307b478b5c\",\"name\":\"Marco Palombo\",\"url\":\"https:\/\/www.pressenza.com\/es\/author\/marco-palombo\/\"}]}<\/script>\n<!-- \/ Yoast SEO plugin. -->","yoast_head_json":{"title":"Comisiones del exterior, C\u00e1mara y Senado. El M5S: \"Dejen de venderle armas a Riad ahora\"","description":"\"No m\u00e1s palabras y anuncios, es hora de tomar medidas concretas para detener la venta de armas italianas a pa\u00edses en guerra que manchan la reputaci\u00f3n","robots":{"index":"index","follow":"follow","max-snippet":"max-snippet:-1","max-image-preview":"max-image-preview:large","max-video-preview":"max-video-preview:-1"},"canonical":"https:\/\/www.pressenza.com\/es\/2018\/12\/comisiones-del-exterior-camara-y-senado-el-m5s-dejen-de-venderle-armas-a-riad-ahora\/","og_locale":"es_ES","og_type":"article","og_title":"Comisiones del exterior, C\u00e1mara y Senado. El M5S: \"Dejen de venderle armas a Riad ahora\"","og_description":"\"No m\u00e1s palabras y anuncios, es hora de tomar medidas concretas para detener la venta de armas italianas a pa\u00edses en guerra que manchan la reputaci\u00f3n","og_url":"https:\/\/www.pressenza.com\/es\/2018\/12\/comisiones-del-exterior-camara-y-senado-el-m5s-dejen-de-venderle-armas-a-riad-ahora\/","og_site_name":"Pressenza","article_publisher":"https:\/\/www.facebook.com\/PressenzaItalia","article_published_time":"2018-12-13T19:39:23+00:00","og_image":[{"width":1600,"height":1044,"url":"https:\/\/www.pressenza.com\/wp-content\/uploads\/2018\/12\/cover.jpg","type":"image\/jpeg"}],"author":"Marco Palombo","twitter_card":"summary_large_image","twitter_creator":"@PressenzaIPA","twitter_site":"@PressenzaIPA","twitter_misc":{"Escrito por":"Marco Palombo","Tiempo de lectura":"3 minutos"},"schema":{"@context":"https:\/\/schema.org","@graph":[{"@type":"Article","@id":"https:\/\/www.pressenza.com\/es\/2018\/12\/comisiones-del-exterior-camara-y-senado-el-m5s-dejen-de-venderle-armas-a-riad-ahora\/#article","isPartOf":{"@id":"https:\/\/www.pressenza.com\/es\/2018\/12\/comisiones-del-exterior-camara-y-senado-el-m5s-dejen-de-venderle-armas-a-riad-ahora\/"},"author":{"name":"Marco Palombo","@id":"https:\/\/www.pressenza.com\/es\/#\/schema\/person\/47e40ae2d57dd34c48cc32307b478b5c"},"headline":"Comisiones del exterior, C\u00e1mara y Senado. El M5S: \u00abDejen de venderle armas a Riad ahora\u00bb","datePublished":"2018-12-13T19:39:23+00:00","mainEntityOfPage":{"@id":"https:\/\/www.pressenza.com\/es\/2018\/12\/comisiones-del-exterior-camara-y-senado-el-m5s-dejen-de-venderle-armas-a-riad-ahora\/"},"wordCount":671,"publisher":{"@id":"https:\/\/www.pressenza.com\/es\/#organization"},"image":{"@id":"https:\/\/www.pressenza.com\/es\/2018\/12\/comisiones-del-exterior-camara-y-senado-el-m5s-dejen-de-venderle-armas-a-riad-ahora\/#primaryimage"},"thumbnailUrl":"https:\/\/www.pressenza.com\/wp-content\/uploads\/2018\/12\/cover.jpg","keywords":["Arabia Saudita","armas","M5S","RWM Italia","Yemen"],"articleSection":["Contenido Original","Europa","Medio Oriente","Opiniones","Paz y Desarme","Pol\u00edtica"],"inLanguage":"es"},{"@type":"WebPage","@id":"https:\/\/www.pressenza.com\/es\/2018\/12\/comisiones-del-exterior-camara-y-senado-el-m5s-dejen-de-venderle-armas-a-riad-ahora\/","url":"https:\/\/www.pressenza.com\/es\/2018\/12\/comisiones-del-exterior-camara-y-senado-el-m5s-dejen-de-venderle-armas-a-riad-ahora\/","name":"Comisiones del exterior, C\u00e1mara y Senado. El M5S: \"Dejen de venderle armas a Riad ahora\"","isPartOf":{"@id":"https:\/\/www.pressenza.com\/es\/#website"},"primaryImageOfPage":{"@id":"https:\/\/www.pressenza.com\/es\/2018\/12\/comisiones-del-exterior-camara-y-senado-el-m5s-dejen-de-venderle-armas-a-riad-ahora\/#primaryimage"},"image":{"@id":"https:\/\/www.pressenza.com\/es\/2018\/12\/comisiones-del-exterior-camara-y-senado-el-m5s-dejen-de-venderle-armas-a-riad-ahora\/#primaryimage"},"thumbnailUrl":"https:\/\/www.pressenza.com\/wp-content\/uploads\/2018\/12\/cover.jpg","datePublished":"2018-12-13T19:39:23+00:00","description":"\"No m\u00e1s palabras y anuncios, es hora de tomar medidas concretas para detener la venta de armas italianas a pa\u00edses en guerra que manchan la reputaci\u00f3n","breadcrumb":{"@id":"https:\/\/www.pressenza.com\/es\/2018\/12\/comisiones-del-exterior-camara-y-senado-el-m5s-dejen-de-venderle-armas-a-riad-ahora\/#breadcrumb"},"inLanguage":"es","potentialAction":[{"@type":"ReadAction","target":["https:\/\/www.pressenza.com\/es\/2018\/12\/comisiones-del-exterior-camara-y-senado-el-m5s-dejen-de-venderle-armas-a-riad-ahora\/"]}]},{"@type":"ImageObject","inLanguage":"es","@id":"https:\/\/www.pressenza.com\/es\/2018\/12\/comisiones-del-exterior-camara-y-senado-el-m5s-dejen-de-venderle-armas-a-riad-ahora\/#primaryimage","url":"https:\/\/www.pressenza.com\/wp-content\/uploads\/2018\/12\/cover.jpg","contentUrl":"https:\/\/www.pressenza.com\/wp-content\/uploads\/2018\/12\/cover.jpg","width":1600,"height":1044},{"@type":"BreadcrumbList","@id":"https:\/\/www.pressenza.com\/es\/2018\/12\/comisiones-del-exterior-camara-y-senado-el-m5s-dejen-de-venderle-armas-a-riad-ahora\/#breadcrumb","itemListElement":[{"@type":"ListItem","position":1,"name":"Accueil","item":"https:\/\/www.pressenza.com\/es\/"},{"@type":"ListItem","position":2,"name":"Comisiones del exterior, C\u00e1mara y Senado. El M5S: \u00abDejen de venderle armas a Riad ahora\u00bb"}]},{"@type":"WebSite","@id":"https:\/\/www.pressenza.com\/es\/#website","url":"https:\/\/www.pressenza.com\/es\/","name":"Pressenza","description":"International Press Agency","publisher":{"@id":"https:\/\/www.pressenza.com\/es\/#organization"},"potentialAction":[{"@type":"SearchAction","target":{"@type":"EntryPoint","urlTemplate":"https:\/\/www.pressenza.com\/es\/?s={search_term_string}"},"query-input":{"@type":"PropertyValueSpecification","valueRequired":true,"valueName":"search_term_string"}}],"inLanguage":"es"},{"@type":"Organization","@id":"https:\/\/www.pressenza.com\/es\/#organization","name":"Pressenza","url":"https:\/\/www.pressenza.com\/es\/","logo":{"@type":"ImageObject","inLanguage":"es","@id":"https:\/\/www.pressenza.com\/es\/#\/schema\/logo\/image\/","url":"https:\/\/www.pressenza.com\/wp-content\/uploads\/2022\/10\/pressenza_logo_200x200.jpg","contentUrl":"https:\/\/www.pressenza.com\/wp-content\/uploads\/2022\/10\/pressenza_logo_200x200.jpg","width":200,"height":200,"caption":"Pressenza"},"image":{"@id":"https:\/\/www.pressenza.com\/es\/#\/schema\/logo\/image\/"},"sameAs":["https:\/\/www.facebook.com\/PressenzaItalia","https:\/\/x.com\/PressenzaIPA"]},{"@type":"Person","@id":"https:\/\/www.pressenza.com\/es\/#\/schema\/person\/47e40ae2d57dd34c48cc32307b478b5c","name":"Marco Palombo","url":"https:\/\/www.pressenza.com\/es\/author\/marco-palombo\/"}]}},"place":"","original_article_url":"","_links":{"self":[{"href":"https:\/\/www.pressenza.com\/es\/wp-json\/wp\/v2\/posts\/775562","targetHints":{"allow":["GET"]}}],"collection":[{"href":"https:\/\/www.pressenza.com\/es\/wp-json\/wp\/v2\/posts"}],"about":[{"href":"https:\/\/www.pressenza.com\/es\/wp-json\/wp\/v2\/types\/post"}],"author":[{"embeddable":true,"href":"https:\/\/www.pressenza.com\/es\/wp-json\/wp\/v2\/users\/1288"}],"replies":[{"embeddable":true,"href":"https:\/\/www.pressenza.com\/es\/wp-json\/wp\/v2\/comments?post=775562"}],"version-history":[{"count":0,"href":"https:\/\/www.pressenza.com\/es\/wp-json\/wp\/v2\/posts\/775562\/revisions"}],"wp:featuredmedia":[{"embeddable":true,"href":"https:\/\/www.pressenza.com\/es\/wp-json\/wp\/v2\/media\/774513"}],"wp:attachment":[{"href":"https:\/\/www.pressenza.com\/es\/wp-json\/wp\/v2\/media?parent=775562"}],"wp:term":[{"taxonomy":"category","embeddable":true,"href":"https:\/\/www.pressenza.com\/es\/wp-json\/wp\/v2\/categories?post=775562"},{"taxonomy":"post_tag","embeddable":true,"href":"https:\/\/www.pressenza.com\/es\/wp-json\/wp\/v2\/tags?post=775562"}],"curies":[{"name":"wp","href":"https:\/\/api.w.org\/{rel}","templated":true}]}}