{"id":775,"date":"2009-07-29T00:00:00","date_gmt":"2009-07-29T00:00:00","guid":{"rendered":""},"modified":"2009-09-28T05:01:03","modified_gmt":"2009-09-28T05:01:03","slug":"panamx-se-suma-a-centenar-de-paxses-que-marcharxn-por-la-paz","status":"publish","type":"post","link":"https:\/\/www.pressenza.com\/es\/2009\/07\/panamx-se-suma-a-centenar-de-paxses-que-marcharxn-por-la-paz\/","title":{"rendered":"Panam\u00e1 se suma a centenar de pa\u00edses que marchar\u00e1n por la paz"},"content":{"rendered":"<p>La marcha, contar\u00e1 con un equipo base de \u201cmensajeros de la paz\u201d, conformado por aproximadamente 30 personas que realizar\u00e1n todo el recorrido por aire, mar y tierra, recorriendo los 5 continentes. El 2 de octubre del 2009 dar\u00e1 inicio en Nueva Zelanda y pasar\u00e1 por Panam\u00e1 el 14 de diciembre de 2009. Luego de su llegada a Paso Canoas, recorrer\u00e1 la V\u00eda Panamericana hasta la capital.<br \/>\nLa marcha culminar\u00e1 en la Cordillera de Los Andes, Punta de Vacas, Argentina el 2 de enero del 2010. <\/p>\n<p>Este evento mundial, planificado con m\u00e1s de un a\u00f1o de anticipaci\u00f3n, es \u00fanico en su g\u00e9nero y propone concretamente:<br \/>\n* El desarme nuclear<br \/>\n* El retiro inmediato de tropas invasoras de los territorios ocupados<br \/>\n* La reducci\u00f3n progresiva y proporcional del armamento convencional<br \/>\n* La firma de los tratados de no agresi\u00f3n entre pa\u00edses y,<br \/>\n* La renuncia de los gobiernos a utilizar las guerras como medio para resolver conflictos.<br \/>\nDurante su recorrido se desarrollar\u00e1n actividades para crear conciencia sobre los problemas puntuales de violencia en cada pa\u00eds y hacer propuestas concretas hacia una cultura no violenta.<\/p>\n<p>La Comunidad para el Desarrollo Humano organiza en la ciudad de Panam\u00e1 eventos en conmemoraci\u00f3n al d\u00eda mundial de la paz (2 de octubre, fecha de nacimiento de Mahatma Gandhi) y durante el paso de la marcha por nuestro pa\u00eds tiene un calendario de actividades previstas:<br \/>\n* Viernes 02 de octubre 6:00 pm Universidad Interamericana<br \/>\n* Lunes 05 de octubre 6:00 pm Auditorio de la Universidad Latina<br \/>\n* Lunes 14 de diciembre 6:00 pm Concierto por la Paz y la No Violencia en el Domo Universitario.<\/p>\n<p>A esta propuesta ya se han sumado numerosas e importantes personalidades internacionales y en nuestro pa\u00eds han adherido la Universidad de Panam\u00e1, la Defensor\u00eda del Pueblo, la Universidad Latina, Karen Peralta, Robert Baum (grupo musical Roba Morena), Randy Cuevas (grupo musical La Chota) y personalidades del mundo art\u00edstico, cultural e intelectual.<\/p>\n","protected":false},"excerpt":{"rendered":"<p>Con el lema \u201cUnidos por una conciencia global en defensa de la paz\u201d, la Comunidad para el Desarrollo Humano, Mundo Sin Guerras y el Centro de Estudios Humanistas, con el apoyo de la Defensor\u00eda del Pueblo, realizaron este martes 21 la presentaci\u00f3n oficial de la Marcha Mundial por la Paz y la No Violencia, a la cual se han sumado m\u00e1s de 100 pa\u00edses, y ahora Panam\u00e1.<\/p>\n","protected":false},"author":19,"featured_media":0,"comment_status":"closed","ping_status":"open","sticky":false,"template":"","format":"standard","meta":{"footnotes":""},"categories":[69,75,39],"tags":[],"class_list":["post-775","post","type-post","status-publish","format-standard","hentry","category-america-central","category-cultura-es","category-internacional"],"yoast_head":"<!-- This site is optimized with the Yoast SEO plugin v27.1.1 - https:\/\/yoast.com\/product\/yoast-seo-wordpress\/ -->\n<title>Panam\u00e1 se suma a centenar de pa\u00edses que marchar\u00e1n por la paz<\/title>\n<meta name=\"description\" content=\"Con el lema \u201cUnidos por una conciencia global en defensa de la paz\u201d, la Comunidad para el Desarrollo Humano, Mundo Sin Guerras y el Centro de Estudios Humanistas, con el apoyo de la Defensor\u00eda del Pueblo, realizaron este martes 21 la presentaci\u00f3n oficial de la Marcha Mundial por la Paz y la No Violencia, a la cual se han sumado m\u00e1s de 100 pa\u00edses, y ahora Panam\u00e1.\" \/>\n<meta name=\"robots\" content=\"index, follow, max-snippet:-1, max-image-preview:large, max-video-preview:-1\" \/>\n<link rel=\"canonical\" href=\"https:\/\/www.pressenza.com\/es\/2009\/07\/panamx-se-suma-a-centenar-de-paxses-que-marcharxn-por-la-paz\/\" \/>\n<meta property=\"og:locale\" content=\"es_ES\" \/>\n<meta property=\"og:type\" content=\"article\" \/>\n<meta property=\"og:title\" content=\"Panam\u00e1 se suma a centenar de pa\u00edses que marchar\u00e1n por la paz\" \/>\n<meta property=\"og:description\" content=\"Con el lema \u201cUnidos por una conciencia global en defensa de la paz\u201d, la Comunidad para el Desarrollo Humano, Mundo Sin Guerras y el Centro de Estudios Humanistas, con el apoyo de la Defensor\u00eda del Pueblo, realizaron este martes 21 la presentaci\u00f3n oficial de la Marcha Mundial por la Paz y la No Violencia, a la cual se han sumado m\u00e1s de 100 pa\u00edses, y ahora Panam\u00e1.\" \/>\n<meta property=\"og:url\" content=\"https:\/\/www.pressenza.com\/es\/2009\/07\/panamx-se-suma-a-centenar-de-paxses-que-marcharxn-por-la-paz\/\" \/>\n<meta property=\"og:site_name\" content=\"Pressenza\" \/>\n<meta property=\"article:publisher\" content=\"https:\/\/www.facebook.com\/PressenzaItalia\" \/>\n<meta property=\"article:author\" content=\"https:\/\/www.facebook.com\/pressenza\" \/>\n<meta property=\"article:published_time\" content=\"2009-07-29T00:00:00+00:00\" \/>\n<meta property=\"article:modified_time\" content=\"2009-09-28T05:01:03+00:00\" \/>\n<meta name=\"author\" content=\"Pressenza IPA\" \/>\n<meta name=\"twitter:card\" content=\"summary_large_image\" \/>\n<meta name=\"twitter:creator\" content=\"@PressenzaIPA\" \/>\n<meta name=\"twitter:site\" content=\"@PressenzaIPA\" \/>\n<meta name=\"twitter:label1\" content=\"Escrito por\" \/>\n\t<meta name=\"twitter:data1\" content=\"Pressenza IPA\" \/>\n\t<meta name=\"twitter:label2\" content=\"Tiempo de lectura\" \/>\n\t<meta name=\"twitter:data2\" content=\"2 minutos\" \/>\n<script type=\"application\/ld+json\" class=\"yoast-schema-graph\">{\"@context\":\"https:\/\/schema.org\",\"@graph\":[{\"@type\":\"Article\",\"@id\":\"https:\/\/www.pressenza.com\/es\/2009\/07\/panamx-se-suma-a-centenar-de-paxses-que-marcharxn-por-la-paz\/#article\",\"isPartOf\":{\"@id\":\"https:\/\/www.pressenza.com\/es\/2009\/07\/panamx-se-suma-a-centenar-de-paxses-que-marcharxn-por-la-paz\/\"},\"author\":{\"name\":\"Pressenza IPA\",\"@id\":\"https:\/\/www.pressenza.com\/es\/#\/schema\/person\/010e5d02bcf40965427a1289a4cc8d75\"},\"headline\":\"Panam\u00e1 se suma a centenar de pa\u00edses que marchar\u00e1n por la paz\",\"datePublished\":\"2009-07-29T00:00:00+00:00\",\"dateModified\":\"2009-09-28T05:01:03+00:00\",\"mainEntityOfPage\":{\"@id\":\"https:\/\/www.pressenza.com\/es\/2009\/07\/panamx-se-suma-a-centenar-de-paxses-que-marcharxn-por-la-paz\/\"},\"wordCount\":327,\"publisher\":{\"@id\":\"https:\/\/www.pressenza.com\/es\/#organization\"},\"articleSection\":[\"Am\u00e9rica Central\",\"Cultura y Medios\",\"Internacional\"],\"inLanguage\":\"es\"},{\"@type\":\"WebPage\",\"@id\":\"https:\/\/www.pressenza.com\/es\/2009\/07\/panamx-se-suma-a-centenar-de-paxses-que-marcharxn-por-la-paz\/\",\"url\":\"https:\/\/www.pressenza.com\/es\/2009\/07\/panamx-se-suma-a-centenar-de-paxses-que-marcharxn-por-la-paz\/\",\"name\":\"Panam\u00e1 se suma a centenar de pa\u00edses que marchar\u00e1n por la paz\",\"isPartOf\":{\"@id\":\"https:\/\/www.pressenza.com\/es\/#website\"},\"datePublished\":\"2009-07-29T00:00:00+00:00\",\"dateModified\":\"2009-09-28T05:01:03+00:00\",\"description\":\"Con el lema \u201cUnidos por una conciencia global en defensa de la paz\u201d, la Comunidad para el Desarrollo Humano, Mundo Sin Guerras y el Centro de Estudios Humanistas, con el apoyo de la Defensor\u00eda del Pueblo, realizaron este martes 21 la presentaci\u00f3n oficial de la Marcha Mundial por la Paz y la No Violencia, a la cual se han sumado m\u00e1s de 100 pa\u00edses, y ahora Panam\u00e1.\",\"breadcrumb\":{\"@id\":\"https:\/\/www.pressenza.com\/es\/2009\/07\/panamx-se-suma-a-centenar-de-paxses-que-marcharxn-por-la-paz\/#breadcrumb\"},\"inLanguage\":\"es\",\"potentialAction\":[{\"@type\":\"ReadAction\",\"target\":[\"https:\/\/www.pressenza.com\/es\/2009\/07\/panamx-se-suma-a-centenar-de-paxses-que-marcharxn-por-la-paz\/\"]}]},{\"@type\":\"BreadcrumbList\",\"@id\":\"https:\/\/www.pressenza.com\/es\/2009\/07\/panamx-se-suma-a-centenar-de-paxses-que-marcharxn-por-la-paz\/#breadcrumb\",\"itemListElement\":[{\"@type\":\"ListItem\",\"position\":1,\"name\":\"Accueil\",\"item\":\"https:\/\/www.pressenza.com\/es\/\"},{\"@type\":\"ListItem\",\"position\":2,\"name\":\"Panam\u00e1 se suma a centenar de pa\u00edses que marchar\u00e1n por la paz\"}]},{\"@type\":\"WebSite\",\"@id\":\"https:\/\/www.pressenza.com\/es\/#website\",\"url\":\"https:\/\/www.pressenza.com\/es\/\",\"name\":\"Pressenza\",\"description\":\"International Press Agency\",\"publisher\":{\"@id\":\"https:\/\/www.pressenza.com\/es\/#organization\"},\"potentialAction\":[{\"@type\":\"SearchAction\",\"target\":{\"@type\":\"EntryPoint\",\"urlTemplate\":\"https:\/\/www.pressenza.com\/es\/?s={search_term_string}\"},\"query-input\":{\"@type\":\"PropertyValueSpecification\",\"valueRequired\":true,\"valueName\":\"search_term_string\"}}],\"inLanguage\":\"es\"},{\"@type\":\"Organization\",\"@id\":\"https:\/\/www.pressenza.com\/es\/#organization\",\"name\":\"Pressenza\",\"url\":\"https:\/\/www.pressenza.com\/es\/\",\"logo\":{\"@type\":\"ImageObject\",\"inLanguage\":\"es\",\"@id\":\"https:\/\/www.pressenza.com\/es\/#\/schema\/logo\/image\/\",\"url\":\"https:\/\/www.pressenza.com\/wp-content\/uploads\/2022\/10\/pressenza_logo_200x200.jpg\",\"contentUrl\":\"https:\/\/www.pressenza.com\/wp-content\/uploads\/2022\/10\/pressenza_logo_200x200.jpg\",\"width\":200,\"height\":200,\"caption\":\"Pressenza\"},\"image\":{\"@id\":\"https:\/\/www.pressenza.com\/es\/#\/schema\/logo\/image\/\"},\"sameAs\":[\"https:\/\/www.facebook.com\/PressenzaItalia\",\"https:\/\/x.com\/PressenzaIPA\"]},{\"@type\":\"Person\",\"@id\":\"https:\/\/www.pressenza.com\/es\/#\/schema\/person\/010e5d02bcf40965427a1289a4cc8d75\",\"name\":\"Pressenza IPA\",\"description\":\"News from Pressenza IPA correspondents\",\"sameAs\":[\"https:\/\/www.facebook.com\/pressenza\",\"https:\/\/x.com\/PressenzaIPA\"],\"url\":\"https:\/\/www.pressenza.com\/es\/author\/pressenza-ipa\/\"}]}<\/script>\n<!-- \/ Yoast SEO plugin. -->","yoast_head_json":{"title":"Panam\u00e1 se suma a centenar de pa\u00edses que marchar\u00e1n por la paz","description":"Con el lema \u201cUnidos por una conciencia global en defensa de la paz\u201d, la Comunidad para el Desarrollo Humano, Mundo Sin Guerras y el Centro de Estudios Humanistas, con el apoyo de la Defensor\u00eda del Pueblo, realizaron este martes 21 la presentaci\u00f3n oficial de la Marcha Mundial por la Paz y la No Violencia, a la cual se han sumado m\u00e1s de 100 pa\u00edses, y ahora Panam\u00e1.","robots":{"index":"index","follow":"follow","max-snippet":"max-snippet:-1","max-image-preview":"max-image-preview:large","max-video-preview":"max-video-preview:-1"},"canonical":"https:\/\/www.pressenza.com\/es\/2009\/07\/panamx-se-suma-a-centenar-de-paxses-que-marcharxn-por-la-paz\/","og_locale":"es_ES","og_type":"article","og_title":"Panam\u00e1 se suma a centenar de pa\u00edses que marchar\u00e1n por la paz","og_description":"Con el lema \u201cUnidos por una conciencia global en defensa de la paz\u201d, la Comunidad para el Desarrollo Humano, Mundo Sin Guerras y el Centro de Estudios Humanistas, con el apoyo de la Defensor\u00eda del Pueblo, realizaron este martes 21 la presentaci\u00f3n oficial de la Marcha Mundial por la Paz y la No Violencia, a la cual se han sumado m\u00e1s de 100 pa\u00edses, y ahora Panam\u00e1.","og_url":"https:\/\/www.pressenza.com\/es\/2009\/07\/panamx-se-suma-a-centenar-de-paxses-que-marcharxn-por-la-paz\/","og_site_name":"Pressenza","article_publisher":"https:\/\/www.facebook.com\/PressenzaItalia","article_author":"https:\/\/www.facebook.com\/pressenza","article_published_time":"2009-07-29T00:00:00+00:00","article_modified_time":"2009-09-28T05:01:03+00:00","author":"Pressenza IPA","twitter_card":"summary_large_image","twitter_creator":"@PressenzaIPA","twitter_site":"@PressenzaIPA","twitter_misc":{"Escrito por":"Pressenza IPA","Tiempo de lectura":"2 minutos"},"schema":{"@context":"https:\/\/schema.org","@graph":[{"@type":"Article","@id":"https:\/\/www.pressenza.com\/es\/2009\/07\/panamx-se-suma-a-centenar-de-paxses-que-marcharxn-por-la-paz\/#article","isPartOf":{"@id":"https:\/\/www.pressenza.com\/es\/2009\/07\/panamx-se-suma-a-centenar-de-paxses-que-marcharxn-por-la-paz\/"},"author":{"name":"Pressenza IPA","@id":"https:\/\/www.pressenza.com\/es\/#\/schema\/person\/010e5d02bcf40965427a1289a4cc8d75"},"headline":"Panam\u00e1 se suma a centenar de pa\u00edses que marchar\u00e1n por la paz","datePublished":"2009-07-29T00:00:00+00:00","dateModified":"2009-09-28T05:01:03+00:00","mainEntityOfPage":{"@id":"https:\/\/www.pressenza.com\/es\/2009\/07\/panamx-se-suma-a-centenar-de-paxses-que-marcharxn-por-la-paz\/"},"wordCount":327,"publisher":{"@id":"https:\/\/www.pressenza.com\/es\/#organization"},"articleSection":["Am\u00e9rica Central","Cultura y Medios","Internacional"],"inLanguage":"es"},{"@type":"WebPage","@id":"https:\/\/www.pressenza.com\/es\/2009\/07\/panamx-se-suma-a-centenar-de-paxses-que-marcharxn-por-la-paz\/","url":"https:\/\/www.pressenza.com\/es\/2009\/07\/panamx-se-suma-a-centenar-de-paxses-que-marcharxn-por-la-paz\/","name":"Panam\u00e1 se suma a centenar de pa\u00edses que marchar\u00e1n por la paz","isPartOf":{"@id":"https:\/\/www.pressenza.com\/es\/#website"},"datePublished":"2009-07-29T00:00:00+00:00","dateModified":"2009-09-28T05:01:03+00:00","description":"Con el lema \u201cUnidos por una conciencia global en defensa de la paz\u201d, la Comunidad para el Desarrollo Humano, Mundo Sin Guerras y el Centro de Estudios Humanistas, con el apoyo de la Defensor\u00eda del Pueblo, realizaron este martes 21 la presentaci\u00f3n oficial de la Marcha Mundial por la Paz y la No Violencia, a la cual se han sumado m\u00e1s de 100 pa\u00edses, y ahora Panam\u00e1.","breadcrumb":{"@id":"https:\/\/www.pressenza.com\/es\/2009\/07\/panamx-se-suma-a-centenar-de-paxses-que-marcharxn-por-la-paz\/#breadcrumb"},"inLanguage":"es","potentialAction":[{"@type":"ReadAction","target":["https:\/\/www.pressenza.com\/es\/2009\/07\/panamx-se-suma-a-centenar-de-paxses-que-marcharxn-por-la-paz\/"]}]},{"@type":"BreadcrumbList","@id":"https:\/\/www.pressenza.com\/es\/2009\/07\/panamx-se-suma-a-centenar-de-paxses-que-marcharxn-por-la-paz\/#breadcrumb","itemListElement":[{"@type":"ListItem","position":1,"name":"Accueil","item":"https:\/\/www.pressenza.com\/es\/"},{"@type":"ListItem","position":2,"name":"Panam\u00e1 se suma a centenar de pa\u00edses que marchar\u00e1n por la paz"}]},{"@type":"WebSite","@id":"https:\/\/www.pressenza.com\/es\/#website","url":"https:\/\/www.pressenza.com\/es\/","name":"Pressenza","description":"International Press Agency","publisher":{"@id":"https:\/\/www.pressenza.com\/es\/#organization"},"potentialAction":[{"@type":"SearchAction","target":{"@type":"EntryPoint","urlTemplate":"https:\/\/www.pressenza.com\/es\/?s={search_term_string}"},"query-input":{"@type":"PropertyValueSpecification","valueRequired":true,"valueName":"search_term_string"}}],"inLanguage":"es"},{"@type":"Organization","@id":"https:\/\/www.pressenza.com\/es\/#organization","name":"Pressenza","url":"https:\/\/www.pressenza.com\/es\/","logo":{"@type":"ImageObject","inLanguage":"es","@id":"https:\/\/www.pressenza.com\/es\/#\/schema\/logo\/image\/","url":"https:\/\/www.pressenza.com\/wp-content\/uploads\/2022\/10\/pressenza_logo_200x200.jpg","contentUrl":"https:\/\/www.pressenza.com\/wp-content\/uploads\/2022\/10\/pressenza_logo_200x200.jpg","width":200,"height":200,"caption":"Pressenza"},"image":{"@id":"https:\/\/www.pressenza.com\/es\/#\/schema\/logo\/image\/"},"sameAs":["https:\/\/www.facebook.com\/PressenzaItalia","https:\/\/x.com\/PressenzaIPA"]},{"@type":"Person","@id":"https:\/\/www.pressenza.com\/es\/#\/schema\/person\/010e5d02bcf40965427a1289a4cc8d75","name":"Pressenza IPA","description":"News from Pressenza IPA correspondents","sameAs":["https:\/\/www.facebook.com\/pressenza","https:\/\/x.com\/PressenzaIPA"],"url":"https:\/\/www.pressenza.com\/es\/author\/pressenza-ipa\/"}]}},"place":"Ciudad de Panam\u00e1","original_article_url":"","_links":{"self":[{"href":"https:\/\/www.pressenza.com\/es\/wp-json\/wp\/v2\/posts\/775","targetHints":{"allow":["GET"]}}],"collection":[{"href":"https:\/\/www.pressenza.com\/es\/wp-json\/wp\/v2\/posts"}],"about":[{"href":"https:\/\/www.pressenza.com\/es\/wp-json\/wp\/v2\/types\/post"}],"author":[{"embeddable":true,"href":"https:\/\/www.pressenza.com\/es\/wp-json\/wp\/v2\/users\/19"}],"replies":[{"embeddable":true,"href":"https:\/\/www.pressenza.com\/es\/wp-json\/wp\/v2\/comments?post=775"}],"version-history":[{"count":0,"href":"https:\/\/www.pressenza.com\/es\/wp-json\/wp\/v2\/posts\/775\/revisions"}],"wp:attachment":[{"href":"https:\/\/www.pressenza.com\/es\/wp-json\/wp\/v2\/media?parent=775"}],"wp:term":[{"taxonomy":"category","embeddable":true,"href":"https:\/\/www.pressenza.com\/es\/wp-json\/wp\/v2\/categories?post=775"},{"taxonomy":"post_tag","embeddable":true,"href":"https:\/\/www.pressenza.com\/es\/wp-json\/wp\/v2\/tags?post=775"}],"curies":[{"name":"wp","href":"https:\/\/api.w.org\/{rel}","templated":true}]}}