{"id":773860,"date":"2018-12-10T15:22:14","date_gmt":"2018-12-10T15:22:14","guid":{"rendered":"https:\/\/www.pressenza.com\/?p=773860"},"modified":"2018-12-10T15:22:14","modified_gmt":"2018-12-10T15:22:14","slug":"brasil-las-palabras-del-presidente","status":"publish","type":"post","link":"https:\/\/www.pressenza.com\/es\/2018\/12\/brasil-las-palabras-del-presidente\/","title":{"rendered":"Brasil: las palabras del presidente"},"content":{"rendered":"<p><i>Sus ojos miran fijamente, su boca bien abierta, sus alas extendidas. El \u00e1ngel de la historia debe verse as\u00ed. Su cara est\u00e1 vuelta hacia el pasado. Donde nosotros percibimos una cadena de acontecimientos, \u00e9l ve s\u00f3lo una cat\u00e1strofe que acumula implacablemente ruinas sobre ruinas y las derrama a sus pies. Bien le gustar\u00eda permanecer, despertar a los muertos y recomponer a los quebrados. Pero sopla del cielo una tormenta que se enreda en sus alas, y es tan fuerte que ya no puede cerrarlas. Esta tormenta lo empuja irresistiblemente hacia el futuro, al que da la espalda, mientras el mont\u00f3n de ruinas se eleva ante \u00e9l hacia el cielo. Lo que llamamos progreso es esta tormenta. <\/i>(Walter Benjamin)<\/p>\n<p>La amenaza es una parte integral de lo que dice y hace el presidente. Hay innumerables frases contra individuos o categor\u00edas enteras: promesas de muerte, tortura, exilio. Una de ellas: \u00ablas minor\u00edas o se someten a la voluntad de la mayor\u00eda o deben desaparecer\u00bb. Ayer se identific\u00f3 el segundo cad\u00e1ver de los 1045 que a\u00fan no tienen nombre. \u201cCad\u00e1ver\u201d es una forma de decir. Trozos de huesos, suficientes para recolectar material gen\u00e9tico para la identificaci\u00f3n. Hace 30 a\u00f1os se encontr\u00f3 una tumba subterr\u00e1nea en un cementerio de S\u00e3o Paulo. Una fosa com\u00fan con restos humanos. Alu\u00edsio Palhano, sindicalista, desapareci\u00f3 en 1971 cuando fue capturado por el ej\u00e9rcito. Ya nadie sab\u00eda nada al respecto. Hasta la fecha, el ej\u00e9rcito ha denegado el acceso a los documentos. De hecho, incluso neg\u00f3 la dictadura misma. La llama \u00abmovimiento\u00bb, \u00abrevoluci\u00f3n\u00bb. Ahora tenemos unos diez ministros militares, generales y coroneles bajo las \u00f3rdenes de un ex capit\u00e1n elegido presidente de la rep\u00fablica. Las minor\u00edas o se someten a la voluntad de la mayor\u00eda o deben \u00abdesaparecer\u00bb. Pobre Alu\u00edsio Palhano, de \u00e9l quedan fragmentos de huesos. Identificado cuando est\u00e1 a pocos d\u00edas de tomar posesi\u00f3n de su cargo un gobierno civil-militar elegido democr\u00e1ticamente.<\/p>\n<p>Normalmente se dice \u00abhechos, no palabras\u00bb. Yo digo lo contrario, quiero palabras. Pero las palabras correctas. El futuro presidente es muy claro en sus intenciones: \u00abNo cederemos ni un cent\u00edmetro m\u00e1s de tierra a las reservas ind\u00edgenas\u00bb. \u00a0\u00abLos indios son como nosotros, no son inferiores, tienen derecho a integrarse en la sociedad y a no seguir viviendo aislados en las reservas como animales de zool\u00f3gico. No es posible que nueve mil indios ocupen un espacio equivalente a un \u00e1rea del doble del tama\u00f1o del estado de R\u00edo de Janeiro\u00bb. Las palabras presidenciales nunca han sido tan claras como ahora. Declarar la igualdad de los indios con el resto de los ciudadanos les priva de la protecci\u00f3n legal de la que s\u00f3lo recientemente han disfrutado. En este caso espec\u00edfico, se refiri\u00f3 a los indios yanomami, en el coraz\u00f3n de la regi\u00f3n amaz\u00f3nica. Tambi\u00e9n hay grupos aislados que nunca han tenido contacto. Declar\u00e1ndolos \u00abiguales a nosotros\u00bb se les privar\u00e1, adem\u00e1s de su identidad, de la tierra sobre la que las grandes compa\u00f1\u00edas mineras ya han extendido su mano peluda. En pocas palabras, el nuevo presidente da inicio al genocidio.<\/p>\n<p>Palabras: en un mitin babeaba as\u00ed: \u00abNo existe esa historia del estado que es secular. Somos un pa\u00eds cristiano y los que no est\u00e1n de acuerdo deben irse: \u00a1Brasil sobre todas las cosas, Dios sobre todos los pueblos! \u00a0Para mostrar al mundo su amor por la democracia, nombra a un ministro de derechos humanos: Damares Alves. Militante evang\u00e9lico, \u00abpastor\u00bb del culto. La primera afirmaci\u00f3n: \u00abLas instituciones del Estado se han vuelto locas, la Iglesia de Dios debe llenar este vac\u00edo, la Iglesia de Dios debe gobernar este pa\u00eds. Si la iglesia de Dios no act\u00faa, el Se\u00f1or vendr\u00e1 a cobrar su deuda\u00bb. Sobre el aborto y las mujeres, lo que ha dicho, no quiero siquiera escribirlo que me duele. Pero es bueno saber que el sexo y el orgasmo femenino son una invenci\u00f3n del PT (Partido de los Trabajadores) cuyo \u00fanico prop\u00f3sito es la extinci\u00f3n de la raza humana. Sobre los indios&#8230; incluso peor. Bolsonaro, sus ministros y quienes los apoyan, han llegado a devastar no s\u00f3lo las instituciones, sino la propia convivencia civil.<\/p>\n<p>Ayer en Salvador, un buey se escap\u00f3 del cami\u00f3n que lo llevaba al matadero, nadie logr\u00f3 detenerlo en su loca carrera que lo condujo al mar donde desapareci\u00f3 entre las olas. Nadie pens\u00f3 en el suicidio. Todo lo contrario. En Salvador saben que los que mueren en el mar son siempre felices. Quiz\u00e1s el buey ha visto a la cara al \u00c1ngel de la Historia de Walter Benjamin. Prefiero pensar que ha escuchado el canto de Iemanj\u00e1, la Dama del Agua, y que ha recordado esa maravillosa canci\u00f3n que todo marinero conoce de memoria: <i>\u00c9 doce morrer no mar, nas ondas verdes do mar &#8211;<\/i> es dulce morir en el mar, entre las ondas verdes del mar.<\/p>\n<p><em>Traducido del italiano por Mar\u00eda Cristina S\u00e1nchez<\/em><\/p>\n","protected":false},"excerpt":{"rendered":"<p>Sus ojos miran fijamente, su boca bien abierta, sus alas extendidas. El \u00e1ngel de la historia debe verse as\u00ed. Su cara est\u00e1 vuelta hacia el pasado. Donde nosotros percibimos una cadena de acontecimientos, \u00e9l ve s\u00f3lo una cat\u00e1strofe que acumula&hellip;<\/p>\n","protected":false},"author":1567,"featured_media":772662,"comment_status":"closed","ping_status":"closed","sticky":false,"template":"","format":"standard","meta":{"footnotes":""},"categories":[11389,75,161,74,80],"tags":[2749,52605,23749,26314,52606],"class_list":["post-773860","post","type-post","status-publish","format-standard","has-post-thumbnail","hentry","category-contenido-original","category-cultura-es","category-opiniones","category-politica-es","category-pueblos-originarios","tag-brasil-es","tag-damares-alves","tag-iemanja","tag-jair-bolsonaro","tag-walter-benjamin"],"yoast_head":"<!-- This site is optimized with the Yoast SEO plugin v27.1.1 - https:\/\/yoast.com\/product\/yoast-seo-wordpress\/ -->\n<title>Brasil: las palabras del presidente<\/title>\n<meta name=\"description\" content=\"Sus ojos miran fijamente, su boca bien abierta, sus alas extendidas. El \u00e1ngel de la historia debe verse as\u00ed. Su cara est\u00e1 vuelta hacia el pasado. Donde\" \/>\n<meta name=\"robots\" content=\"index, follow, max-snippet:-1, max-image-preview:large, max-video-preview:-1\" \/>\n<link rel=\"canonical\" href=\"https:\/\/www.pressenza.com\/es\/2018\/12\/brasil-las-palabras-del-presidente\/\" \/>\n<meta property=\"og:locale\" content=\"es_ES\" \/>\n<meta property=\"og:type\" content=\"article\" \/>\n<meta property=\"og:title\" content=\"Brasil: las palabras del presidente\" \/>\n<meta property=\"og:description\" content=\"Sus ojos miran fijamente, su boca bien abierta, sus alas extendidas. El \u00e1ngel de la historia debe verse as\u00ed. Su cara est\u00e1 vuelta hacia el pasado. Donde\" \/>\n<meta property=\"og:url\" content=\"https:\/\/www.pressenza.com\/es\/2018\/12\/brasil-las-palabras-del-presidente\/\" \/>\n<meta property=\"og:site_name\" content=\"Pressenza\" \/>\n<meta property=\"article:publisher\" content=\"https:\/\/www.facebook.com\/PressenzaItalia\" \/>\n<meta property=\"article:published_time\" content=\"2018-12-10T15:22:14+00:00\" \/>\n<meta property=\"og:image\" content=\"https:\/\/www.pressenza.com\/wp-content\/uploads\/2018\/12\/damares-alves.jpg\" \/>\n\t<meta property=\"og:image:width\" content=\"761\" \/>\n\t<meta property=\"og:image:height\" content=\"415\" \/>\n\t<meta property=\"og:image:type\" content=\"image\/jpeg\" \/>\n<meta name=\"author\" content=\"Paolo D&#039;Aprile\" \/>\n<meta name=\"twitter:card\" content=\"summary_large_image\" \/>\n<meta name=\"twitter:creator\" content=\"@PressenzaIPA\" \/>\n<meta name=\"twitter:site\" content=\"@PressenzaIPA\" \/>\n<meta name=\"twitter:label1\" content=\"Escrito por\" \/>\n\t<meta name=\"twitter:data1\" content=\"Paolo D&#039;Aprile\" \/>\n\t<meta name=\"twitter:label2\" content=\"Tiempo de lectura\" \/>\n\t<meta name=\"twitter:data2\" content=\"4 minutos\" \/>\n<script type=\"application\/ld+json\" class=\"yoast-schema-graph\">{\"@context\":\"https:\/\/schema.org\",\"@graph\":[{\"@type\":\"Article\",\"@id\":\"https:\/\/www.pressenza.com\/es\/2018\/12\/brasil-las-palabras-del-presidente\/#article\",\"isPartOf\":{\"@id\":\"https:\/\/www.pressenza.com\/es\/2018\/12\/brasil-las-palabras-del-presidente\/\"},\"author\":{\"name\":\"Paolo D'Aprile\",\"@id\":\"https:\/\/www.pressenza.com\/es\/#\/schema\/person\/b7683f6cc5b4992d9641abb1dd2b2c7a\"},\"headline\":\"Brasil: las palabras del presidente\",\"datePublished\":\"2018-12-10T15:22:14+00:00\",\"mainEntityOfPage\":{\"@id\":\"https:\/\/www.pressenza.com\/es\/2018\/12\/brasil-las-palabras-del-presidente\/\"},\"wordCount\":863,\"publisher\":{\"@id\":\"https:\/\/www.pressenza.com\/es\/#organization\"},\"image\":{\"@id\":\"https:\/\/www.pressenza.com\/es\/2018\/12\/brasil-las-palabras-del-presidente\/#primaryimage\"},\"thumbnailUrl\":\"https:\/\/www.pressenza.com\/wp-content\/uploads\/2018\/12\/damares-alves.jpg\",\"keywords\":[\"Brasil\",\"Damares Alves\",\"Iemanj\u00e1\",\"Jair Bolsonaro\",\"Walter Benjamin\"],\"articleSection\":[\"Contenido Original\",\"Cultura y Medios\",\"Opiniones\",\"Pol\u00edtica\",\"Pueblos Originarios\"],\"inLanguage\":\"es\"},{\"@type\":\"WebPage\",\"@id\":\"https:\/\/www.pressenza.com\/es\/2018\/12\/brasil-las-palabras-del-presidente\/\",\"url\":\"https:\/\/www.pressenza.com\/es\/2018\/12\/brasil-las-palabras-del-presidente\/\",\"name\":\"Brasil: las palabras del presidente\",\"isPartOf\":{\"@id\":\"https:\/\/www.pressenza.com\/es\/#website\"},\"primaryImageOfPage\":{\"@id\":\"https:\/\/www.pressenza.com\/es\/2018\/12\/brasil-las-palabras-del-presidente\/#primaryimage\"},\"image\":{\"@id\":\"https:\/\/www.pressenza.com\/es\/2018\/12\/brasil-las-palabras-del-presidente\/#primaryimage\"},\"thumbnailUrl\":\"https:\/\/www.pressenza.com\/wp-content\/uploads\/2018\/12\/damares-alves.jpg\",\"datePublished\":\"2018-12-10T15:22:14+00:00\",\"description\":\"Sus ojos miran fijamente, su boca bien abierta, sus alas extendidas. El \u00e1ngel de la historia debe verse as\u00ed. Su cara est\u00e1 vuelta hacia el pasado. Donde\",\"breadcrumb\":{\"@id\":\"https:\/\/www.pressenza.com\/es\/2018\/12\/brasil-las-palabras-del-presidente\/#breadcrumb\"},\"inLanguage\":\"es\",\"potentialAction\":[{\"@type\":\"ReadAction\",\"target\":[\"https:\/\/www.pressenza.com\/es\/2018\/12\/brasil-las-palabras-del-presidente\/\"]}]},{\"@type\":\"ImageObject\",\"inLanguage\":\"es\",\"@id\":\"https:\/\/www.pressenza.com\/es\/2018\/12\/brasil-las-palabras-del-presidente\/#primaryimage\",\"url\":\"https:\/\/www.pressenza.com\/wp-content\/uploads\/2018\/12\/damares-alves.jpg\",\"contentUrl\":\"https:\/\/www.pressenza.com\/wp-content\/uploads\/2018\/12\/damares-alves.jpg\",\"width\":761,\"height\":415},{\"@type\":\"BreadcrumbList\",\"@id\":\"https:\/\/www.pressenza.com\/es\/2018\/12\/brasil-las-palabras-del-presidente\/#breadcrumb\",\"itemListElement\":[{\"@type\":\"ListItem\",\"position\":1,\"name\":\"Accueil\",\"item\":\"https:\/\/www.pressenza.com\/es\/\"},{\"@type\":\"ListItem\",\"position\":2,\"name\":\"Brasil: las palabras del presidente\"}]},{\"@type\":\"WebSite\",\"@id\":\"https:\/\/www.pressenza.com\/es\/#website\",\"url\":\"https:\/\/www.pressenza.com\/es\/\",\"name\":\"Pressenza\",\"description\":\"International Press Agency\",\"publisher\":{\"@id\":\"https:\/\/www.pressenza.com\/es\/#organization\"},\"potentialAction\":[{\"@type\":\"SearchAction\",\"target\":{\"@type\":\"EntryPoint\",\"urlTemplate\":\"https:\/\/www.pressenza.com\/es\/?s={search_term_string}\"},\"query-input\":{\"@type\":\"PropertyValueSpecification\",\"valueRequired\":true,\"valueName\":\"search_term_string\"}}],\"inLanguage\":\"es\"},{\"@type\":\"Organization\",\"@id\":\"https:\/\/www.pressenza.com\/es\/#organization\",\"name\":\"Pressenza\",\"url\":\"https:\/\/www.pressenza.com\/es\/\",\"logo\":{\"@type\":\"ImageObject\",\"inLanguage\":\"es\",\"@id\":\"https:\/\/www.pressenza.com\/es\/#\/schema\/logo\/image\/\",\"url\":\"https:\/\/www.pressenza.com\/wp-content\/uploads\/2022\/10\/pressenza_logo_200x200.jpg\",\"contentUrl\":\"https:\/\/www.pressenza.com\/wp-content\/uploads\/2022\/10\/pressenza_logo_200x200.jpg\",\"width\":200,\"height\":200,\"caption\":\"Pressenza\"},\"image\":{\"@id\":\"https:\/\/www.pressenza.com\/es\/#\/schema\/logo\/image\/\"},\"sameAs\":[\"https:\/\/www.facebook.com\/PressenzaItalia\",\"https:\/\/x.com\/PressenzaIPA\"]},{\"@type\":\"Person\",\"@id\":\"https:\/\/www.pressenza.com\/es\/#\/schema\/person\/b7683f6cc5b4992d9641abb1dd2b2c7a\",\"name\":\"Paolo D'Aprile\",\"description\":\"Nasco nel 1963... sono un uomo di mezza et\u00e0! Vivo a S\u00e3o Paulo dal 1989 e il mio lavoro di fisioterapista mi ha portato in contatto con le situazioni estreme della citt\u00e0, dalle favelas ai \\\"meninos de rua\\\". Ho partecipato a vari progetti di inclusione attraverso l'esercizio dei diritti civili. Da grande voglio fare il calciatore, l'astronauta e il pompiere.\",\"url\":\"https:\/\/www.pressenza.com\/es\/author\/paolo-daprile\/\"}]}<\/script>\n<!-- \/ Yoast SEO plugin. -->","yoast_head_json":{"title":"Brasil: las palabras del presidente","description":"Sus ojos miran fijamente, su boca bien abierta, sus alas extendidas. El \u00e1ngel de la historia debe verse as\u00ed. Su cara est\u00e1 vuelta hacia el pasado. Donde","robots":{"index":"index","follow":"follow","max-snippet":"max-snippet:-1","max-image-preview":"max-image-preview:large","max-video-preview":"max-video-preview:-1"},"canonical":"https:\/\/www.pressenza.com\/es\/2018\/12\/brasil-las-palabras-del-presidente\/","og_locale":"es_ES","og_type":"article","og_title":"Brasil: las palabras del presidente","og_description":"Sus ojos miran fijamente, su boca bien abierta, sus alas extendidas. El \u00e1ngel de la historia debe verse as\u00ed. Su cara est\u00e1 vuelta hacia el pasado. Donde","og_url":"https:\/\/www.pressenza.com\/es\/2018\/12\/brasil-las-palabras-del-presidente\/","og_site_name":"Pressenza","article_publisher":"https:\/\/www.facebook.com\/PressenzaItalia","article_published_time":"2018-12-10T15:22:14+00:00","og_image":[{"width":761,"height":415,"url":"https:\/\/www.pressenza.com\/wp-content\/uploads\/2018\/12\/damares-alves.jpg","type":"image\/jpeg"}],"author":"Paolo D'Aprile","twitter_card":"summary_large_image","twitter_creator":"@PressenzaIPA","twitter_site":"@PressenzaIPA","twitter_misc":{"Escrito por":"Paolo D'Aprile","Tiempo de lectura":"4 minutos"},"schema":{"@context":"https:\/\/schema.org","@graph":[{"@type":"Article","@id":"https:\/\/www.pressenza.com\/es\/2018\/12\/brasil-las-palabras-del-presidente\/#article","isPartOf":{"@id":"https:\/\/www.pressenza.com\/es\/2018\/12\/brasil-las-palabras-del-presidente\/"},"author":{"name":"Paolo D'Aprile","@id":"https:\/\/www.pressenza.com\/es\/#\/schema\/person\/b7683f6cc5b4992d9641abb1dd2b2c7a"},"headline":"Brasil: las palabras del presidente","datePublished":"2018-12-10T15:22:14+00:00","mainEntityOfPage":{"@id":"https:\/\/www.pressenza.com\/es\/2018\/12\/brasil-las-palabras-del-presidente\/"},"wordCount":863,"publisher":{"@id":"https:\/\/www.pressenza.com\/es\/#organization"},"image":{"@id":"https:\/\/www.pressenza.com\/es\/2018\/12\/brasil-las-palabras-del-presidente\/#primaryimage"},"thumbnailUrl":"https:\/\/www.pressenza.com\/wp-content\/uploads\/2018\/12\/damares-alves.jpg","keywords":["Brasil","Damares Alves","Iemanj\u00e1","Jair Bolsonaro","Walter Benjamin"],"articleSection":["Contenido Original","Cultura y Medios","Opiniones","Pol\u00edtica","Pueblos Originarios"],"inLanguage":"es"},{"@type":"WebPage","@id":"https:\/\/www.pressenza.com\/es\/2018\/12\/brasil-las-palabras-del-presidente\/","url":"https:\/\/www.pressenza.com\/es\/2018\/12\/brasil-las-palabras-del-presidente\/","name":"Brasil: las palabras del presidente","isPartOf":{"@id":"https:\/\/www.pressenza.com\/es\/#website"},"primaryImageOfPage":{"@id":"https:\/\/www.pressenza.com\/es\/2018\/12\/brasil-las-palabras-del-presidente\/#primaryimage"},"image":{"@id":"https:\/\/www.pressenza.com\/es\/2018\/12\/brasil-las-palabras-del-presidente\/#primaryimage"},"thumbnailUrl":"https:\/\/www.pressenza.com\/wp-content\/uploads\/2018\/12\/damares-alves.jpg","datePublished":"2018-12-10T15:22:14+00:00","description":"Sus ojos miran fijamente, su boca bien abierta, sus alas extendidas. El \u00e1ngel de la historia debe verse as\u00ed. Su cara est\u00e1 vuelta hacia el pasado. Donde","breadcrumb":{"@id":"https:\/\/www.pressenza.com\/es\/2018\/12\/brasil-las-palabras-del-presidente\/#breadcrumb"},"inLanguage":"es","potentialAction":[{"@type":"ReadAction","target":["https:\/\/www.pressenza.com\/es\/2018\/12\/brasil-las-palabras-del-presidente\/"]}]},{"@type":"ImageObject","inLanguage":"es","@id":"https:\/\/www.pressenza.com\/es\/2018\/12\/brasil-las-palabras-del-presidente\/#primaryimage","url":"https:\/\/www.pressenza.com\/wp-content\/uploads\/2018\/12\/damares-alves.jpg","contentUrl":"https:\/\/www.pressenza.com\/wp-content\/uploads\/2018\/12\/damares-alves.jpg","width":761,"height":415},{"@type":"BreadcrumbList","@id":"https:\/\/www.pressenza.com\/es\/2018\/12\/brasil-las-palabras-del-presidente\/#breadcrumb","itemListElement":[{"@type":"ListItem","position":1,"name":"Accueil","item":"https:\/\/www.pressenza.com\/es\/"},{"@type":"ListItem","position":2,"name":"Brasil: las palabras del presidente"}]},{"@type":"WebSite","@id":"https:\/\/www.pressenza.com\/es\/#website","url":"https:\/\/www.pressenza.com\/es\/","name":"Pressenza","description":"International Press Agency","publisher":{"@id":"https:\/\/www.pressenza.com\/es\/#organization"},"potentialAction":[{"@type":"SearchAction","target":{"@type":"EntryPoint","urlTemplate":"https:\/\/www.pressenza.com\/es\/?s={search_term_string}"},"query-input":{"@type":"PropertyValueSpecification","valueRequired":true,"valueName":"search_term_string"}}],"inLanguage":"es"},{"@type":"Organization","@id":"https:\/\/www.pressenza.com\/es\/#organization","name":"Pressenza","url":"https:\/\/www.pressenza.com\/es\/","logo":{"@type":"ImageObject","inLanguage":"es","@id":"https:\/\/www.pressenza.com\/es\/#\/schema\/logo\/image\/","url":"https:\/\/www.pressenza.com\/wp-content\/uploads\/2022\/10\/pressenza_logo_200x200.jpg","contentUrl":"https:\/\/www.pressenza.com\/wp-content\/uploads\/2022\/10\/pressenza_logo_200x200.jpg","width":200,"height":200,"caption":"Pressenza"},"image":{"@id":"https:\/\/www.pressenza.com\/es\/#\/schema\/logo\/image\/"},"sameAs":["https:\/\/www.facebook.com\/PressenzaItalia","https:\/\/x.com\/PressenzaIPA"]},{"@type":"Person","@id":"https:\/\/www.pressenza.com\/es\/#\/schema\/person\/b7683f6cc5b4992d9641abb1dd2b2c7a","name":"Paolo D'Aprile","description":"Nasco nel 1963... sono un uomo di mezza et\u00e0! Vivo a S\u00e3o Paulo dal 1989 e il mio lavoro di fisioterapista mi ha portato in contatto con le situazioni estreme della citt\u00e0, dalle favelas ai \"meninos de rua\". Ho partecipato a vari progetti di inclusione attraverso l'esercizio dei diritti civili. Da grande voglio fare il calciatore, l'astronauta e il pompiere.","url":"https:\/\/www.pressenza.com\/es\/author\/paolo-daprile\/"}]}},"place":"S\u00e3o Paulo","original_article_url":"","_links":{"self":[{"href":"https:\/\/www.pressenza.com\/es\/wp-json\/wp\/v2\/posts\/773860","targetHints":{"allow":["GET"]}}],"collection":[{"href":"https:\/\/www.pressenza.com\/es\/wp-json\/wp\/v2\/posts"}],"about":[{"href":"https:\/\/www.pressenza.com\/es\/wp-json\/wp\/v2\/types\/post"}],"author":[{"embeddable":true,"href":"https:\/\/www.pressenza.com\/es\/wp-json\/wp\/v2\/users\/1567"}],"replies":[{"embeddable":true,"href":"https:\/\/www.pressenza.com\/es\/wp-json\/wp\/v2\/comments?post=773860"}],"version-history":[{"count":0,"href":"https:\/\/www.pressenza.com\/es\/wp-json\/wp\/v2\/posts\/773860\/revisions"}],"wp:featuredmedia":[{"embeddable":true,"href":"https:\/\/www.pressenza.com\/es\/wp-json\/wp\/v2\/media\/772662"}],"wp:attachment":[{"href":"https:\/\/www.pressenza.com\/es\/wp-json\/wp\/v2\/media?parent=773860"}],"wp:term":[{"taxonomy":"category","embeddable":true,"href":"https:\/\/www.pressenza.com\/es\/wp-json\/wp\/v2\/categories?post=773860"},{"taxonomy":"post_tag","embeddable":true,"href":"https:\/\/www.pressenza.com\/es\/wp-json\/wp\/v2\/tags?post=773860"}],"curies":[{"name":"wp","href":"https:\/\/api.w.org\/{rel}","templated":true}]}}