{"id":772418,"date":"2018-12-08T01:25:27","date_gmt":"2018-12-08T01:25:27","guid":{"rendered":"https:\/\/www.pressenza.com\/?p=772418"},"modified":"2018-12-08T01:25:27","modified_gmt":"2018-12-08T01:25:27","slug":"como-lidiar-con-el-mundo-que-esta-cambiando-de-forma-vertiginosa","status":"publish","type":"post","link":"https:\/\/www.pressenza.com\/es\/2018\/12\/como-lidiar-con-el-mundo-que-esta-cambiando-de-forma-vertiginosa\/","title":{"rendered":"C\u00f3mo lidiar con el mundo que est\u00e1 cambiando de forma vertiginosa"},"content":{"rendered":"<p>Hay una gran variedad de formas de organizaci\u00f3n de las relaciones humanas y, por lo tanto, un n\u00famero considerable de formas de tratar con los dem\u00e1s. Tambi\u00e9n hay algunas \u00e1reas condicionantes que facilitan o no la forma de tratarnos: familia, trabajo, escuela, \u00e1mbitos de amistad y vida social, etc.<\/p>\n<p>Seguramente el viejo mundo que se fue hab\u00eda producido una serie de reglas que establec\u00eda c\u00f3mo tratarnos los unos a los otros: buenos modales, cortes\u00eda, respeto por los ancianos, leyes, costumbres; tambi\u00e9n era un mundo relativamente estable (por ejemplo, en el que me form\u00e9 hace cincuenta a\u00f1os), donde las cosas cambiaban, pero con una lentitud \u00abrazonable\u00bb y donde las nuevas ideas se integraban con la debida calma. En ese mundo, por ejemplo, se formaron los reformistas, es decir, los que cre\u00edan que las cosas pod\u00edan cambiar con reformas prudentes, poco a poco.<\/p>\n<p>Ese mundo ya no existe y las reglas y convenciones que ten\u00eda han sido sustituidas y no siempre est\u00e1 claro para nosotros por qu\u00e9.<\/p>\n<p>A\u00f1adir\u00e9 un elemento importante: las reglas y convenciones de ese viejo mundo proced\u00edan de morales externas al ser humano, de las Tablas de la Ley que Dios da a los hombres, como bien nos dice la Biblia y, cada una a su manera, de los viejos Libros Sagrados (religiosos y ateos).<\/p>\n<p>Pero mientras tanto, nosotros, los seres humanos de todos los d\u00edas, vagando en la oscuridad de esta p\u00e9rdida de referencias y observando un mundo que es cada vez m\u00e1s incomprensible para nosotros, que a menudo nos asombra, nos horroriza, nos preguntamos \u00abc\u00f3mo es posible tal cosa&#8230;\u00bb<\/p>\n<p>En esta oscuridad buscamos una luz, buscamos un amigo en quien confiar, una pareja que no nos traicione, un lugar de trabajo sereno, una sonrisa sincera. Tal vez, yendo un poco m\u00e1s all\u00e1, estamos buscando el sentido de nuestra vida desordenada y ca\u00f3tica, a menudo velada por el sufrimiento.<\/p>\n<p>La moral externa no es suficiente y ya no es necesaria. \u00ab\u00a1Est\u00e1 prohibido prohibir!\u00bb, dijo el provocativo eslogan del 68. No se comprendi\u00f3 que la prohibici\u00f3n era todav\u00eda una prohibici\u00f3n, cuando era necesario dar posibilidades, no prohibiciones.<\/p>\n<p>Pero, como seres humanos buenos y sencillos, seguimos deseando referencias, consejos, algunas reglas a seguir y las que vemos a nuestro alrededor no parecen adecuadas. Parece que, al menos por ahora, los seres humanos, cuando eligen a sus \u00abl\u00edderes\u00bb, no toman buenas decisiones, siempre y cuando elijan libremente.<\/p>\n<p>Pues bien, creo que ha llegado el momento en el cual no se pueden encontrar referencias fuera; creo que, una vez m\u00e1s, se est\u00e1 despertando una b\u00fasqueda de referencias que lleva al Ser Humano a mirar dentro de s\u00ed mismo.<\/p>\n<p>Si me observo, si miro dentro, si me conecto con mi mundo interior y con lo mejor de \u00e9l, puedo descubrir, a nivel existencial, lo que realmente necesito. Puedo descubrir mis t\u00e1cticas de vida en el mundo, muy diferentes del oportunismo de moda. Puedo entender que hacer lo que me conviene, quiz\u00e1s porque me da una aparente ventaja inmediata, es un terrible error si lo comparo con la din\u00e1mica de mi existencia.<\/p>\n<p>Puede ser que al final encuentres algo muy simple y universal, en la b\u00fasqueda de una soluci\u00f3n al problema de c\u00f3mo tratarte en este caos, una soluci\u00f3n existencial (en el sentido literal de estar basada en la existencia) que podr\u00eda expresarse como lo hace Silo en <em>La Mirada Interna<\/em>: \u00abcuando tratas a los dem\u00e1s como quieres ser tratado, te liberas\u00bb. Algo que los sabios han estado diciendo en todas las culturas durante milenios, dir\u00e1 alg\u00fan erudito cr\u00edtico. S\u00ed, por supuesto, algo que duerme en las profundidades del ser humano y que despierta en tiempos de crisis para guiar la transformaci\u00f3n necesaria para ese momento de la historia. Pero, al mismo tiempo, un principio interno del Ser Humano que a\u00fan no hemos integrado como especie, como lo demuestra la profunda violencia que a\u00fan existe en este planeta contra los seres humanos, la naturaleza y las relaciones sociales.<\/p>\n<p>\u00bfPodr\u00eda ser este el momento? \u00bfPodr\u00eda ser el salto evolutivo que el h\u00e9roe de estos tiempos da tratando de conseguirlo? \u00bfPodr\u00eda ser la base de un nuevo Mito que gu\u00ede a las personas hacia la evoluci\u00f3n?<\/p>\n<p>Dif\u00edcil de decir, posible de esperar. Y, en cualquier caso, cada uno de nosotros puede, como m\u00ednimo, tenerlo en cuenta y tratar de aplicarlo en su vida cotidiana.<\/p>\n<p>Traducido del italiano por Mar\u00eda Cristina S\u00e1nchez<\/p>\n","protected":false},"excerpt":{"rendered":"<p>Hay una gran variedad de formas de organizaci\u00f3n de las relaciones humanas y, por lo tanto, un n\u00famero considerable de formas de tratar con los dem\u00e1s. Tambi\u00e9n hay algunas \u00e1reas condicionantes que facilitan o no la forma de tratarnos: familia,&hellip;<\/p>\n","protected":false},"author":10,"featured_media":771550,"comment_status":"closed","ping_status":"closed","sticky":false,"template":"","format":"standard","meta":{"footnotes":""},"categories":[11389,1240,39,161],"tags":[52601,15429,543],"class_list":["post-772418","post","type-post","status-publish","format-standard","has-post-thumbnail","hentry","category-contenido-original","category-humanismo-espiritualidad","category-internacional","category-opiniones","tag-la-mirada-interna","tag-regla-de-oro","tag-silo-es"],"yoast_head":"<!-- This site is optimized with the Yoast SEO plugin v27.1.1 - https:\/\/yoast.com\/product\/yoast-seo-wordpress\/ -->\n<title>C\u00f3mo lidiar con el mundo que est\u00e1 cambiando de forma vertiginosa<\/title>\n<meta name=\"description\" content=\"Hay una gran variedad de formas de organizaci\u00f3n de las relaciones humanas y, por lo tanto, un n\u00famero considerable de formas de tratar con los dem\u00e1s.\" \/>\n<meta name=\"robots\" content=\"index, follow, max-snippet:-1, max-image-preview:large, max-video-preview:-1\" \/>\n<link rel=\"canonical\" href=\"https:\/\/www.pressenza.com\/es\/2018\/12\/como-lidiar-con-el-mundo-que-esta-cambiando-de-forma-vertiginosa\/\" \/>\n<meta property=\"og:locale\" content=\"es_ES\" \/>\n<meta property=\"og:type\" content=\"article\" \/>\n<meta property=\"og:title\" content=\"C\u00f3mo lidiar con el mundo que est\u00e1 cambiando de forma vertiginosa\" \/>\n<meta property=\"og:description\" content=\"Hay una gran variedad de formas de organizaci\u00f3n de las relaciones humanas y, por lo tanto, un n\u00famero considerable de formas de tratar con los dem\u00e1s.\" \/>\n<meta property=\"og:url\" content=\"https:\/\/www.pressenza.com\/es\/2018\/12\/como-lidiar-con-el-mundo-que-esta-cambiando-de-forma-vertiginosa\/\" \/>\n<meta property=\"og:site_name\" content=\"Pressenza\" \/>\n<meta property=\"article:publisher\" content=\"https:\/\/www.facebook.com\/PressenzaItalia\" \/>\n<meta property=\"article:published_time\" content=\"2018-12-08T01:25:27+00:00\" \/>\n<meta property=\"og:image\" content=\"https:\/\/www.pressenza.com\/wp-content\/uploads\/2018\/12\/sollidaridad-02-Copia-1.jpg\" \/>\n\t<meta property=\"og:image:width\" content=\"759\" \/>\n\t<meta property=\"og:image:height\" content=\"415\" \/>\n\t<meta property=\"og:image:type\" content=\"image\/jpeg\" \/>\n<meta name=\"author\" content=\"Olivier Turquet\" \/>\n<meta name=\"twitter:card\" content=\"summary_large_image\" \/>\n<meta name=\"twitter:creator\" content=\"@PressenzaIPA\" \/>\n<meta name=\"twitter:site\" content=\"@PressenzaIPA\" \/>\n<meta name=\"twitter:label1\" content=\"Escrito por\" \/>\n\t<meta name=\"twitter:data1\" content=\"Olivier Turquet\" \/>\n\t<meta name=\"twitter:label2\" content=\"Tiempo de lectura\" \/>\n\t<meta name=\"twitter:data2\" content=\"4 minutos\" \/>\n<script type=\"application\/ld+json\" class=\"yoast-schema-graph\">{\"@context\":\"https:\/\/schema.org\",\"@graph\":[{\"@type\":\"Article\",\"@id\":\"https:\/\/www.pressenza.com\/es\/2018\/12\/como-lidiar-con-el-mundo-que-esta-cambiando-de-forma-vertiginosa\/#article\",\"isPartOf\":{\"@id\":\"https:\/\/www.pressenza.com\/es\/2018\/12\/como-lidiar-con-el-mundo-que-esta-cambiando-de-forma-vertiginosa\/\"},\"author\":{\"name\":\"Olivier Turquet\",\"@id\":\"https:\/\/www.pressenza.com\/es\/#\/schema\/person\/636f8feb51f63f34e7378d5fcdd1de53\"},\"headline\":\"C\u00f3mo lidiar con el mundo que est\u00e1 cambiando de forma vertiginosa\",\"datePublished\":\"2018-12-08T01:25:27+00:00\",\"mainEntityOfPage\":{\"@id\":\"https:\/\/www.pressenza.com\/es\/2018\/12\/como-lidiar-con-el-mundo-que-esta-cambiando-de-forma-vertiginosa\/\"},\"wordCount\":787,\"publisher\":{\"@id\":\"https:\/\/www.pressenza.com\/es\/#organization\"},\"image\":{\"@id\":\"https:\/\/www.pressenza.com\/es\/2018\/12\/como-lidiar-con-el-mundo-que-esta-cambiando-de-forma-vertiginosa\/#primaryimage\"},\"thumbnailUrl\":\"https:\/\/www.pressenza.com\/wp-content\/uploads\/2018\/12\/sollidaridad-02-Copia-1.jpg\",\"keywords\":[\"La Mirada Interna\",\"Regla de Oro\",\"Silo\"],\"articleSection\":[\"Contenido Original\",\"Humanismo y Espiritualidad\",\"Internacional\",\"Opiniones\"],\"inLanguage\":\"es\"},{\"@type\":\"WebPage\",\"@id\":\"https:\/\/www.pressenza.com\/es\/2018\/12\/como-lidiar-con-el-mundo-que-esta-cambiando-de-forma-vertiginosa\/\",\"url\":\"https:\/\/www.pressenza.com\/es\/2018\/12\/como-lidiar-con-el-mundo-que-esta-cambiando-de-forma-vertiginosa\/\",\"name\":\"C\u00f3mo lidiar con el mundo que est\u00e1 cambiando de forma vertiginosa\",\"isPartOf\":{\"@id\":\"https:\/\/www.pressenza.com\/es\/#website\"},\"primaryImageOfPage\":{\"@id\":\"https:\/\/www.pressenza.com\/es\/2018\/12\/como-lidiar-con-el-mundo-que-esta-cambiando-de-forma-vertiginosa\/#primaryimage\"},\"image\":{\"@id\":\"https:\/\/www.pressenza.com\/es\/2018\/12\/como-lidiar-con-el-mundo-que-esta-cambiando-de-forma-vertiginosa\/#primaryimage\"},\"thumbnailUrl\":\"https:\/\/www.pressenza.com\/wp-content\/uploads\/2018\/12\/sollidaridad-02-Copia-1.jpg\",\"datePublished\":\"2018-12-08T01:25:27+00:00\",\"description\":\"Hay una gran variedad de formas de organizaci\u00f3n de las relaciones humanas y, por lo tanto, un n\u00famero considerable de formas de tratar con los dem\u00e1s.\",\"breadcrumb\":{\"@id\":\"https:\/\/www.pressenza.com\/es\/2018\/12\/como-lidiar-con-el-mundo-que-esta-cambiando-de-forma-vertiginosa\/#breadcrumb\"},\"inLanguage\":\"es\",\"potentialAction\":[{\"@type\":\"ReadAction\",\"target\":[\"https:\/\/www.pressenza.com\/es\/2018\/12\/como-lidiar-con-el-mundo-que-esta-cambiando-de-forma-vertiginosa\/\"]}]},{\"@type\":\"ImageObject\",\"inLanguage\":\"es\",\"@id\":\"https:\/\/www.pressenza.com\/es\/2018\/12\/como-lidiar-con-el-mundo-que-esta-cambiando-de-forma-vertiginosa\/#primaryimage\",\"url\":\"https:\/\/www.pressenza.com\/wp-content\/uploads\/2018\/12\/sollidaridad-02-Copia-1.jpg\",\"contentUrl\":\"https:\/\/www.pressenza.com\/wp-content\/uploads\/2018\/12\/sollidaridad-02-Copia-1.jpg\",\"width\":759,\"height\":415},{\"@type\":\"BreadcrumbList\",\"@id\":\"https:\/\/www.pressenza.com\/es\/2018\/12\/como-lidiar-con-el-mundo-que-esta-cambiando-de-forma-vertiginosa\/#breadcrumb\",\"itemListElement\":[{\"@type\":\"ListItem\",\"position\":1,\"name\":\"Accueil\",\"item\":\"https:\/\/www.pressenza.com\/es\/\"},{\"@type\":\"ListItem\",\"position\":2,\"name\":\"C\u00f3mo lidiar con el mundo que est\u00e1 cambiando de forma vertiginosa\"}]},{\"@type\":\"WebSite\",\"@id\":\"https:\/\/www.pressenza.com\/es\/#website\",\"url\":\"https:\/\/www.pressenza.com\/es\/\",\"name\":\"Pressenza\",\"description\":\"International Press Agency\",\"publisher\":{\"@id\":\"https:\/\/www.pressenza.com\/es\/#organization\"},\"potentialAction\":[{\"@type\":\"SearchAction\",\"target\":{\"@type\":\"EntryPoint\",\"urlTemplate\":\"https:\/\/www.pressenza.com\/es\/?s={search_term_string}\"},\"query-input\":{\"@type\":\"PropertyValueSpecification\",\"valueRequired\":true,\"valueName\":\"search_term_string\"}}],\"inLanguage\":\"es\"},{\"@type\":\"Organization\",\"@id\":\"https:\/\/www.pressenza.com\/es\/#organization\",\"name\":\"Pressenza\",\"url\":\"https:\/\/www.pressenza.com\/es\/\",\"logo\":{\"@type\":\"ImageObject\",\"inLanguage\":\"es\",\"@id\":\"https:\/\/www.pressenza.com\/es\/#\/schema\/logo\/image\/\",\"url\":\"https:\/\/www.pressenza.com\/wp-content\/uploads\/2022\/10\/pressenza_logo_200x200.jpg\",\"contentUrl\":\"https:\/\/www.pressenza.com\/wp-content\/uploads\/2022\/10\/pressenza_logo_200x200.jpg\",\"width\":200,\"height\":200,\"caption\":\"Pressenza\"},\"image\":{\"@id\":\"https:\/\/www.pressenza.com\/es\/#\/schema\/logo\/image\/\"},\"sameAs\":[\"https:\/\/www.facebook.com\/PressenzaItalia\",\"https:\/\/x.com\/PressenzaIPA\"]},{\"@type\":\"Person\",\"@id\":\"https:\/\/www.pressenza.com\/es\/#\/schema\/person\/636f8feb51f63f34e7378d5fcdd1de53\",\"name\":\"Olivier Turquet\",\"description\":\"Takes care of writing to tell the reality for about 40 years. He has worked with paper publications, radio and electronic He founded the electronic news agency humanist Good News. He was press secretary to various events such as: the International Humanist, Florence Play, the World March for Peace and Nonviolence. Currently coordinates the Italian team of Pressenza. olivierturquet.wordpress.com\",\"sameAs\":[\"http:\/\/olivierturquet.wordpress.com\"],\"url\":\"https:\/\/www.pressenza.com\/es\/author\/olivier-turquet\/\"}]}<\/script>\n<!-- \/ Yoast SEO plugin. -->","yoast_head_json":{"title":"C\u00f3mo lidiar con el mundo que est\u00e1 cambiando de forma vertiginosa","description":"Hay una gran variedad de formas de organizaci\u00f3n de las relaciones humanas y, por lo tanto, un n\u00famero considerable de formas de tratar con los dem\u00e1s.","robots":{"index":"index","follow":"follow","max-snippet":"max-snippet:-1","max-image-preview":"max-image-preview:large","max-video-preview":"max-video-preview:-1"},"canonical":"https:\/\/www.pressenza.com\/es\/2018\/12\/como-lidiar-con-el-mundo-que-esta-cambiando-de-forma-vertiginosa\/","og_locale":"es_ES","og_type":"article","og_title":"C\u00f3mo lidiar con el mundo que est\u00e1 cambiando de forma vertiginosa","og_description":"Hay una gran variedad de formas de organizaci\u00f3n de las relaciones humanas y, por lo tanto, un n\u00famero considerable de formas de tratar con los dem\u00e1s.","og_url":"https:\/\/www.pressenza.com\/es\/2018\/12\/como-lidiar-con-el-mundo-que-esta-cambiando-de-forma-vertiginosa\/","og_site_name":"Pressenza","article_publisher":"https:\/\/www.facebook.com\/PressenzaItalia","article_published_time":"2018-12-08T01:25:27+00:00","og_image":[{"width":759,"height":415,"url":"https:\/\/www.pressenza.com\/wp-content\/uploads\/2018\/12\/sollidaridad-02-Copia-1.jpg","type":"image\/jpeg"}],"author":"Olivier Turquet","twitter_card":"summary_large_image","twitter_creator":"@PressenzaIPA","twitter_site":"@PressenzaIPA","twitter_misc":{"Escrito por":"Olivier Turquet","Tiempo de lectura":"4 minutos"},"schema":{"@context":"https:\/\/schema.org","@graph":[{"@type":"Article","@id":"https:\/\/www.pressenza.com\/es\/2018\/12\/como-lidiar-con-el-mundo-que-esta-cambiando-de-forma-vertiginosa\/#article","isPartOf":{"@id":"https:\/\/www.pressenza.com\/es\/2018\/12\/como-lidiar-con-el-mundo-que-esta-cambiando-de-forma-vertiginosa\/"},"author":{"name":"Olivier Turquet","@id":"https:\/\/www.pressenza.com\/es\/#\/schema\/person\/636f8feb51f63f34e7378d5fcdd1de53"},"headline":"C\u00f3mo lidiar con el mundo que est\u00e1 cambiando de forma vertiginosa","datePublished":"2018-12-08T01:25:27+00:00","mainEntityOfPage":{"@id":"https:\/\/www.pressenza.com\/es\/2018\/12\/como-lidiar-con-el-mundo-que-esta-cambiando-de-forma-vertiginosa\/"},"wordCount":787,"publisher":{"@id":"https:\/\/www.pressenza.com\/es\/#organization"},"image":{"@id":"https:\/\/www.pressenza.com\/es\/2018\/12\/como-lidiar-con-el-mundo-que-esta-cambiando-de-forma-vertiginosa\/#primaryimage"},"thumbnailUrl":"https:\/\/www.pressenza.com\/wp-content\/uploads\/2018\/12\/sollidaridad-02-Copia-1.jpg","keywords":["La Mirada Interna","Regla de Oro","Silo"],"articleSection":["Contenido Original","Humanismo y Espiritualidad","Internacional","Opiniones"],"inLanguage":"es"},{"@type":"WebPage","@id":"https:\/\/www.pressenza.com\/es\/2018\/12\/como-lidiar-con-el-mundo-que-esta-cambiando-de-forma-vertiginosa\/","url":"https:\/\/www.pressenza.com\/es\/2018\/12\/como-lidiar-con-el-mundo-que-esta-cambiando-de-forma-vertiginosa\/","name":"C\u00f3mo lidiar con el mundo que est\u00e1 cambiando de forma vertiginosa","isPartOf":{"@id":"https:\/\/www.pressenza.com\/es\/#website"},"primaryImageOfPage":{"@id":"https:\/\/www.pressenza.com\/es\/2018\/12\/como-lidiar-con-el-mundo-que-esta-cambiando-de-forma-vertiginosa\/#primaryimage"},"image":{"@id":"https:\/\/www.pressenza.com\/es\/2018\/12\/como-lidiar-con-el-mundo-que-esta-cambiando-de-forma-vertiginosa\/#primaryimage"},"thumbnailUrl":"https:\/\/www.pressenza.com\/wp-content\/uploads\/2018\/12\/sollidaridad-02-Copia-1.jpg","datePublished":"2018-12-08T01:25:27+00:00","description":"Hay una gran variedad de formas de organizaci\u00f3n de las relaciones humanas y, por lo tanto, un n\u00famero considerable de formas de tratar con los dem\u00e1s.","breadcrumb":{"@id":"https:\/\/www.pressenza.com\/es\/2018\/12\/como-lidiar-con-el-mundo-que-esta-cambiando-de-forma-vertiginosa\/#breadcrumb"},"inLanguage":"es","potentialAction":[{"@type":"ReadAction","target":["https:\/\/www.pressenza.com\/es\/2018\/12\/como-lidiar-con-el-mundo-que-esta-cambiando-de-forma-vertiginosa\/"]}]},{"@type":"ImageObject","inLanguage":"es","@id":"https:\/\/www.pressenza.com\/es\/2018\/12\/como-lidiar-con-el-mundo-que-esta-cambiando-de-forma-vertiginosa\/#primaryimage","url":"https:\/\/www.pressenza.com\/wp-content\/uploads\/2018\/12\/sollidaridad-02-Copia-1.jpg","contentUrl":"https:\/\/www.pressenza.com\/wp-content\/uploads\/2018\/12\/sollidaridad-02-Copia-1.jpg","width":759,"height":415},{"@type":"BreadcrumbList","@id":"https:\/\/www.pressenza.com\/es\/2018\/12\/como-lidiar-con-el-mundo-que-esta-cambiando-de-forma-vertiginosa\/#breadcrumb","itemListElement":[{"@type":"ListItem","position":1,"name":"Accueil","item":"https:\/\/www.pressenza.com\/es\/"},{"@type":"ListItem","position":2,"name":"C\u00f3mo lidiar con el mundo que est\u00e1 cambiando de forma vertiginosa"}]},{"@type":"WebSite","@id":"https:\/\/www.pressenza.com\/es\/#website","url":"https:\/\/www.pressenza.com\/es\/","name":"Pressenza","description":"International Press Agency","publisher":{"@id":"https:\/\/www.pressenza.com\/es\/#organization"},"potentialAction":[{"@type":"SearchAction","target":{"@type":"EntryPoint","urlTemplate":"https:\/\/www.pressenza.com\/es\/?s={search_term_string}"},"query-input":{"@type":"PropertyValueSpecification","valueRequired":true,"valueName":"search_term_string"}}],"inLanguage":"es"},{"@type":"Organization","@id":"https:\/\/www.pressenza.com\/es\/#organization","name":"Pressenza","url":"https:\/\/www.pressenza.com\/es\/","logo":{"@type":"ImageObject","inLanguage":"es","@id":"https:\/\/www.pressenza.com\/es\/#\/schema\/logo\/image\/","url":"https:\/\/www.pressenza.com\/wp-content\/uploads\/2022\/10\/pressenza_logo_200x200.jpg","contentUrl":"https:\/\/www.pressenza.com\/wp-content\/uploads\/2022\/10\/pressenza_logo_200x200.jpg","width":200,"height":200,"caption":"Pressenza"},"image":{"@id":"https:\/\/www.pressenza.com\/es\/#\/schema\/logo\/image\/"},"sameAs":["https:\/\/www.facebook.com\/PressenzaItalia","https:\/\/x.com\/PressenzaIPA"]},{"@type":"Person","@id":"https:\/\/www.pressenza.com\/es\/#\/schema\/person\/636f8feb51f63f34e7378d5fcdd1de53","name":"Olivier Turquet","description":"Takes care of writing to tell the reality for about 40 years. He has worked with paper publications, radio and electronic He founded the electronic news agency humanist Good News. He was press secretary to various events such as: the International Humanist, Florence Play, the World March for Peace and Nonviolence. Currently coordinates the Italian team of Pressenza. olivierturquet.wordpress.com","sameAs":["http:\/\/olivierturquet.wordpress.com"],"url":"https:\/\/www.pressenza.com\/es\/author\/olivier-turquet\/"}]}},"place":"","original_article_url":"","_links":{"self":[{"href":"https:\/\/www.pressenza.com\/es\/wp-json\/wp\/v2\/posts\/772418","targetHints":{"allow":["GET"]}}],"collection":[{"href":"https:\/\/www.pressenza.com\/es\/wp-json\/wp\/v2\/posts"}],"about":[{"href":"https:\/\/www.pressenza.com\/es\/wp-json\/wp\/v2\/types\/post"}],"author":[{"embeddable":true,"href":"https:\/\/www.pressenza.com\/es\/wp-json\/wp\/v2\/users\/10"}],"replies":[{"embeddable":true,"href":"https:\/\/www.pressenza.com\/es\/wp-json\/wp\/v2\/comments?post=772418"}],"version-history":[{"count":0,"href":"https:\/\/www.pressenza.com\/es\/wp-json\/wp\/v2\/posts\/772418\/revisions"}],"wp:featuredmedia":[{"embeddable":true,"href":"https:\/\/www.pressenza.com\/es\/wp-json\/wp\/v2\/media\/771550"}],"wp:attachment":[{"href":"https:\/\/www.pressenza.com\/es\/wp-json\/wp\/v2\/media?parent=772418"}],"wp:term":[{"taxonomy":"category","embeddable":true,"href":"https:\/\/www.pressenza.com\/es\/wp-json\/wp\/v2\/categories?post=772418"},{"taxonomy":"post_tag","embeddable":true,"href":"https:\/\/www.pressenza.com\/es\/wp-json\/wp\/v2\/tags?post=772418"}],"curies":[{"name":"wp","href":"https:\/\/api.w.org\/{rel}","templated":true}]}}