{"id":771925,"date":"2018-12-06T20:02:46","date_gmt":"2018-12-06T20:02:46","guid":{"rendered":"https:\/\/www.pressenza.com\/?p=771925"},"modified":"2018-12-06T20:05:23","modified_gmt":"2018-12-06T20:05:23","slug":"la-alfabetizacion-religiosa-clave-para-la-cohesion-social","status":"publish","type":"post","link":"https:\/\/www.pressenza.com\/es\/2018\/12\/la-alfabetizacion-religiosa-clave-para-la-cohesion-social\/","title":{"rendered":"La alfabetizaci\u00f3n religiosa: clave para la cohesi\u00f3n social"},"content":{"rendered":"<blockquote><p><span id=\"m_1335807780371346437gmail-docs-internal-guid-b219d3d4-7fff-5e3c-2c98-f4b827bd18a8\">La <a href=\"http:\/\/lamercedmigraciones.org\/\">Fundaci\u00f3n Mercedes Migraciones<\/a>, dentro de su plan para prevenir la radicalizaci\u00f3n, pone en contacto a colectivos y agentes <\/span><\/p><\/blockquote>\n<p><a href=\"https:\/\/bahai.es\/\"><em><strong>Comunidad Baha\u00e1&#8217;i<\/strong><\/em><\/a><\/p>\n<p>Fortalecer la cohesi\u00f3n social y as\u00ed prevenir conflictos vinculados con la radicalizaci\u00f3n de posturas es complejo. Existen muchos factores relacionados que contribuyen a la misma: los valores compartidos, una cosmovisi\u00f3n com\u00fan, los intereses mutuos, el idioma, el sentido de pertenencia y la identidad colectiva, la efectiva integraci\u00f3n de diferentes colectivos en la vida econ\u00f3mica y social de la sociedad en su conjunto, y un largo etc\u00e9tera.<\/p>\n<p>No obstante, existe un creciente reconocimiento de la necesidad de que la sociedad conozca mejor los fen\u00f3menos vinculados a la religi\u00f3n para evitar generar estigmas, y conflictos y evitar azuzar una radicalizaci\u00f3n de inspiraci\u00f3n religiosa. La Fundaci\u00f3n la Mercedes Migraciones se ha unido a esta ola \u2014presente en ciudades como Barcelona desde hace m\u00e1s tiempo\u2014 y ha propiciado una serie de encuentros en las sedes de las diferentes confesiones a fin de poner en contacto a la poblaci\u00f3n en general con diferentes grupos religiosos.<\/p>\n<p>La comunidad bah\u00e1\u2019\u00ed de Espa\u00f1a, dentro de la red de la Fundaci\u00f3n antes se\u00f1alada, recibi\u00f3 a un grupo de alrededor de veinte personas en su sede nacional de Madrid el pasado mi\u00e9rcoles 21 de noviembre. \u00abFue un encuentro muy agradable, con gente realmente sensible y con ganas de aprender\u00bb, indicaba Carolina Chamorro, Secretaria General de la Comunidad Bah\u00e1\u2019\u00ed de Espa\u00f1a, despu\u00e9s del encuentro. \u00abMe ha dado mucha alegr\u00eda poder compartir con personas tan diversas aspectos de nuestra Fe que puedan ser de relevancia para la sociedad actual\u00bb.<\/p>\n<p>Uno de los grupos representados en ese encuentro fue la polic\u00eda local de Madrid. \u00abLa polic\u00eda local de Madrid tiene un programa sobre gesti\u00f3n de la diversidad en colaboraci\u00f3n con la Fundaci\u00f3n Pluralismo y Convivencia, al que tambi\u00e9n estamos apoyando, en el que se integran diferentes grupos religiosos que quieren contribuir a la cohesi\u00f3n social y a la prevenci\u00f3n de conflictos\u00bb, manifest\u00f3 Leila Sant, de la Oficina de Asuntos P\u00fablicos de la comunidad bah\u00e1\u2019\u00ed.<\/p>\n<p>Un principio que los bah\u00e1\u2019\u00eds promueven y sobre el que est\u00e1n intentando aprender en sus esfuerzos por establecer patrones de vida comunitaria locales \u2014aunque interconectados nacional y mundialmente\u2014 es el de la unidad en diversidad. La sociedades modernas est\u00e1n volvi\u00e9ndose cada vez m\u00e1s plurales, algo que puede ser enriquecedor o problem\u00e1tico, en funci\u00f3n de c\u00f3mo se gestione dicha diversidad.<\/p>\n<p>\u00abFortalecer la unidad y la cohesi\u00f3n social, as\u00ed, solo puede lograrse integrando las diferencias, reconociendo sus particularidades y abriendo espacios para que cada grupo pueda hacer su aportaci\u00f3n \u00fanica a la vida colectiva\u00bb, conclu\u00eda Dunia Donaires de parte de la comunidad bah\u00e1\u2019\u00ed al final del encuentro.<\/p>\n","protected":false},"excerpt":{"rendered":"<p>La Fundaci\u00f3n Mercedes Migraciones, dentro de su plan para prevenir la radicalizaci\u00f3n, pone en contacto a colectivos y agentes Comunidad Baha\u00e1&#8217;i Fortalecer la cohesi\u00f3n social y as\u00ed prevenir conflictos vinculados con la radicalizaci\u00f3n de posturas es complejo. Existen muchos factores&hellip;<\/p>\n","protected":false},"author":94,"featured_media":771978,"comment_status":"closed","ping_status":"closed","sticky":false,"template":"","format":"standard","meta":{"footnotes":""},"categories":[149,66,1240,63],"tags":[52559,32212,15388],"class_list":["post-771925","post","type-post","status-publish","format-standard","has-post-thumbnail","hentry","category-comunicados-de-prensa","category-europa-es","category-humanismo-espiritualidad","category-region-es","tag-cohesion-social","tag-comunidad-bahai","tag-religiones"],"yoast_head":"<!-- This site is optimized with the Yoast SEO plugin v27.1.1 - https:\/\/yoast.com\/product\/yoast-seo-wordpress\/ -->\n<title>La alfabetizaci\u00f3n religiosa: clave para la cohesi\u00f3n social<\/title>\n<meta name=\"description\" content=\"La Fundaci\u00f3n Mercedes Migraciones, dentro de su plan para prevenir la radicalizaci\u00f3n, pone en contacto a colectivos y agentes Comunidad Baha\u00e1&#039;i Fortalecer\" \/>\n<meta name=\"robots\" content=\"index, follow, max-snippet:-1, max-image-preview:large, max-video-preview:-1\" \/>\n<link rel=\"canonical\" href=\"https:\/\/www.pressenza.com\/es\/2018\/12\/la-alfabetizacion-religiosa-clave-para-la-cohesion-social\/\" \/>\n<meta property=\"og:locale\" content=\"es_ES\" \/>\n<meta property=\"og:type\" content=\"article\" \/>\n<meta property=\"og:title\" content=\"La alfabetizaci\u00f3n religiosa: clave para la cohesi\u00f3n social\" \/>\n<meta property=\"og:description\" content=\"La Fundaci\u00f3n Mercedes Migraciones, dentro de su plan para prevenir la radicalizaci\u00f3n, pone en contacto a colectivos y agentes Comunidad Baha\u00e1&#039;i Fortalecer\" \/>\n<meta property=\"og:url\" content=\"https:\/\/www.pressenza.com\/es\/2018\/12\/la-alfabetizacion-religiosa-clave-para-la-cohesion-social\/\" \/>\n<meta property=\"og:site_name\" content=\"Pressenza\" \/>\n<meta property=\"article:publisher\" content=\"https:\/\/www.facebook.com\/PressenzaItalia\" \/>\n<meta property=\"article:author\" content=\"https:\/\/www.facebook.com\/pressenza\" \/>\n<meta property=\"article:published_time\" content=\"2018-12-06T20:02:46+00:00\" \/>\n<meta property=\"article:modified_time\" content=\"2018-12-06T20:05:23+00:00\" \/>\n<meta property=\"og:image\" content=\"https:\/\/www.pressenza.com\/wp-content\/uploads\/2018\/12\/Sede-nacional-bah----.jpg\" \/>\n\t<meta property=\"og:image:width\" content=\"800\" \/>\n\t<meta property=\"og:image:height\" content=\"573\" \/>\n\t<meta property=\"og:image:type\" content=\"image\/jpeg\" \/>\n<meta name=\"author\" content=\"Redacci\u00f3n Madrid\" \/>\n<meta name=\"twitter:card\" content=\"summary_large_image\" \/>\n<meta name=\"twitter:creator\" content=\"@pressenza\" \/>\n<meta name=\"twitter:site\" content=\"@PressenzaIPA\" \/>\n<meta name=\"twitter:label1\" content=\"Escrito por\" \/>\n\t<meta name=\"twitter:data1\" content=\"Redacci\u00f3n Madrid\" \/>\n\t<meta name=\"twitter:label2\" content=\"Tiempo de lectura\" \/>\n\t<meta name=\"twitter:data2\" content=\"2 minutos\" \/>\n<script type=\"application\/ld+json\" class=\"yoast-schema-graph\">{\"@context\":\"https:\/\/schema.org\",\"@graph\":[{\"@type\":\"Article\",\"@id\":\"https:\/\/www.pressenza.com\/es\/2018\/12\/la-alfabetizacion-religiosa-clave-para-la-cohesion-social\/#article\",\"isPartOf\":{\"@id\":\"https:\/\/www.pressenza.com\/es\/2018\/12\/la-alfabetizacion-religiosa-clave-para-la-cohesion-social\/\"},\"author\":{\"name\":\"Redacci\u00f3n Madrid\",\"@id\":\"https:\/\/www.pressenza.com\/es\/#\/schema\/person\/828fc40eeca2ad7be3630e5a46adba94\"},\"headline\":\"La alfabetizaci\u00f3n religiosa: clave para la cohesi\u00f3n social\",\"datePublished\":\"2018-12-06T20:02:46+00:00\",\"dateModified\":\"2018-12-06T20:05:23+00:00\",\"mainEntityOfPage\":{\"@id\":\"https:\/\/www.pressenza.com\/es\/2018\/12\/la-alfabetizacion-religiosa-clave-para-la-cohesion-social\/\"},\"wordCount\":490,\"publisher\":{\"@id\":\"https:\/\/www.pressenza.com\/es\/#organization\"},\"image\":{\"@id\":\"https:\/\/www.pressenza.com\/es\/2018\/12\/la-alfabetizacion-religiosa-clave-para-la-cohesion-social\/#primaryimage\"},\"thumbnailUrl\":\"https:\/\/www.pressenza.com\/wp-content\/uploads\/2018\/12\/Sede-nacional-bah----.jpg\",\"keywords\":[\"cohesi\u00f3n social\",\"Comunidad Bah'ai\",\"religiones\"],\"articleSection\":[\"Comunicados de Prensa\",\"Europa\",\"Humanismo y Espiritualidad\",\"Regi\u00f3n\"],\"inLanguage\":\"es\"},{\"@type\":\"WebPage\",\"@id\":\"https:\/\/www.pressenza.com\/es\/2018\/12\/la-alfabetizacion-religiosa-clave-para-la-cohesion-social\/\",\"url\":\"https:\/\/www.pressenza.com\/es\/2018\/12\/la-alfabetizacion-religiosa-clave-para-la-cohesion-social\/\",\"name\":\"La alfabetizaci\u00f3n religiosa: clave para la cohesi\u00f3n social\",\"isPartOf\":{\"@id\":\"https:\/\/www.pressenza.com\/es\/#website\"},\"primaryImageOfPage\":{\"@id\":\"https:\/\/www.pressenza.com\/es\/2018\/12\/la-alfabetizacion-religiosa-clave-para-la-cohesion-social\/#primaryimage\"},\"image\":{\"@id\":\"https:\/\/www.pressenza.com\/es\/2018\/12\/la-alfabetizacion-religiosa-clave-para-la-cohesion-social\/#primaryimage\"},\"thumbnailUrl\":\"https:\/\/www.pressenza.com\/wp-content\/uploads\/2018\/12\/Sede-nacional-bah----.jpg\",\"datePublished\":\"2018-12-06T20:02:46+00:00\",\"dateModified\":\"2018-12-06T20:05:23+00:00\",\"description\":\"La Fundaci\u00f3n Mercedes Migraciones, dentro de su plan para prevenir la radicalizaci\u00f3n, pone en contacto a colectivos y agentes Comunidad Baha\u00e1'i Fortalecer\",\"breadcrumb\":{\"@id\":\"https:\/\/www.pressenza.com\/es\/2018\/12\/la-alfabetizacion-religiosa-clave-para-la-cohesion-social\/#breadcrumb\"},\"inLanguage\":\"es\",\"potentialAction\":[{\"@type\":\"ReadAction\",\"target\":[\"https:\/\/www.pressenza.com\/es\/2018\/12\/la-alfabetizacion-religiosa-clave-para-la-cohesion-social\/\"]}]},{\"@type\":\"ImageObject\",\"inLanguage\":\"es\",\"@id\":\"https:\/\/www.pressenza.com\/es\/2018\/12\/la-alfabetizacion-religiosa-clave-para-la-cohesion-social\/#primaryimage\",\"url\":\"https:\/\/www.pressenza.com\/wp-content\/uploads\/2018\/12\/Sede-nacional-bah----.jpg\",\"contentUrl\":\"https:\/\/www.pressenza.com\/wp-content\/uploads\/2018\/12\/Sede-nacional-bah----.jpg\",\"width\":800,\"height\":573},{\"@type\":\"BreadcrumbList\",\"@id\":\"https:\/\/www.pressenza.com\/es\/2018\/12\/la-alfabetizacion-religiosa-clave-para-la-cohesion-social\/#breadcrumb\",\"itemListElement\":[{\"@type\":\"ListItem\",\"position\":1,\"name\":\"Accueil\",\"item\":\"https:\/\/www.pressenza.com\/es\/\"},{\"@type\":\"ListItem\",\"position\":2,\"name\":\"La alfabetizaci\u00f3n religiosa: clave para la cohesi\u00f3n social\"}]},{\"@type\":\"WebSite\",\"@id\":\"https:\/\/www.pressenza.com\/es\/#website\",\"url\":\"https:\/\/www.pressenza.com\/es\/\",\"name\":\"Pressenza\",\"description\":\"International Press Agency\",\"publisher\":{\"@id\":\"https:\/\/www.pressenza.com\/es\/#organization\"},\"potentialAction\":[{\"@type\":\"SearchAction\",\"target\":{\"@type\":\"EntryPoint\",\"urlTemplate\":\"https:\/\/www.pressenza.com\/es\/?s={search_term_string}\"},\"query-input\":{\"@type\":\"PropertyValueSpecification\",\"valueRequired\":true,\"valueName\":\"search_term_string\"}}],\"inLanguage\":\"es\"},{\"@type\":\"Organization\",\"@id\":\"https:\/\/www.pressenza.com\/es\/#organization\",\"name\":\"Pressenza\",\"url\":\"https:\/\/www.pressenza.com\/es\/\",\"logo\":{\"@type\":\"ImageObject\",\"inLanguage\":\"es\",\"@id\":\"https:\/\/www.pressenza.com\/es\/#\/schema\/logo\/image\/\",\"url\":\"https:\/\/www.pressenza.com\/wp-content\/uploads\/2022\/10\/pressenza_logo_200x200.jpg\",\"contentUrl\":\"https:\/\/www.pressenza.com\/wp-content\/uploads\/2022\/10\/pressenza_logo_200x200.jpg\",\"width\":200,\"height\":200,\"caption\":\"Pressenza\"},\"image\":{\"@id\":\"https:\/\/www.pressenza.com\/es\/#\/schema\/logo\/image\/\"},\"sameAs\":[\"https:\/\/www.facebook.com\/PressenzaItalia\",\"https:\/\/x.com\/PressenzaIPA\"]},{\"@type\":\"Person\",\"@id\":\"https:\/\/www.pressenza.com\/es\/#\/schema\/person\/828fc40eeca2ad7be3630e5a46adba94\",\"name\":\"Redacci\u00f3n Madrid\",\"description\":\"News from the Pressenza Bureau in Madrid, Spain\",\"sameAs\":[\"https:\/\/www.facebook.com\/pressenza\",\"https:\/\/x.com\/pressenza\"],\"url\":\"https:\/\/www.pressenza.com\/es\/author\/redaccion-madrid\/\"}]}<\/script>\n<!-- \/ Yoast SEO plugin. -->","yoast_head_json":{"title":"La alfabetizaci\u00f3n religiosa: clave para la cohesi\u00f3n social","description":"La Fundaci\u00f3n Mercedes Migraciones, dentro de su plan para prevenir la radicalizaci\u00f3n, pone en contacto a colectivos y agentes Comunidad Baha\u00e1'i Fortalecer","robots":{"index":"index","follow":"follow","max-snippet":"max-snippet:-1","max-image-preview":"max-image-preview:large","max-video-preview":"max-video-preview:-1"},"canonical":"https:\/\/www.pressenza.com\/es\/2018\/12\/la-alfabetizacion-religiosa-clave-para-la-cohesion-social\/","og_locale":"es_ES","og_type":"article","og_title":"La alfabetizaci\u00f3n religiosa: clave para la cohesi\u00f3n social","og_description":"La Fundaci\u00f3n Mercedes Migraciones, dentro de su plan para prevenir la radicalizaci\u00f3n, pone en contacto a colectivos y agentes Comunidad Baha\u00e1'i Fortalecer","og_url":"https:\/\/www.pressenza.com\/es\/2018\/12\/la-alfabetizacion-religiosa-clave-para-la-cohesion-social\/","og_site_name":"Pressenza","article_publisher":"https:\/\/www.facebook.com\/PressenzaItalia","article_author":"https:\/\/www.facebook.com\/pressenza","article_published_time":"2018-12-06T20:02:46+00:00","article_modified_time":"2018-12-06T20:05:23+00:00","og_image":[{"width":800,"height":573,"url":"https:\/\/www.pressenza.com\/wp-content\/uploads\/2018\/12\/Sede-nacional-bah----.jpg","type":"image\/jpeg"}],"author":"Redacci\u00f3n Madrid","twitter_card":"summary_large_image","twitter_creator":"@pressenza","twitter_site":"@PressenzaIPA","twitter_misc":{"Escrito por":"Redacci\u00f3n Madrid","Tiempo de lectura":"2 minutos"},"schema":{"@context":"https:\/\/schema.org","@graph":[{"@type":"Article","@id":"https:\/\/www.pressenza.com\/es\/2018\/12\/la-alfabetizacion-religiosa-clave-para-la-cohesion-social\/#article","isPartOf":{"@id":"https:\/\/www.pressenza.com\/es\/2018\/12\/la-alfabetizacion-religiosa-clave-para-la-cohesion-social\/"},"author":{"name":"Redacci\u00f3n Madrid","@id":"https:\/\/www.pressenza.com\/es\/#\/schema\/person\/828fc40eeca2ad7be3630e5a46adba94"},"headline":"La alfabetizaci\u00f3n religiosa: clave para la cohesi\u00f3n social","datePublished":"2018-12-06T20:02:46+00:00","dateModified":"2018-12-06T20:05:23+00:00","mainEntityOfPage":{"@id":"https:\/\/www.pressenza.com\/es\/2018\/12\/la-alfabetizacion-religiosa-clave-para-la-cohesion-social\/"},"wordCount":490,"publisher":{"@id":"https:\/\/www.pressenza.com\/es\/#organization"},"image":{"@id":"https:\/\/www.pressenza.com\/es\/2018\/12\/la-alfabetizacion-religiosa-clave-para-la-cohesion-social\/#primaryimage"},"thumbnailUrl":"https:\/\/www.pressenza.com\/wp-content\/uploads\/2018\/12\/Sede-nacional-bah----.jpg","keywords":["cohesi\u00f3n social","Comunidad Bah'ai","religiones"],"articleSection":["Comunicados de Prensa","Europa","Humanismo y Espiritualidad","Regi\u00f3n"],"inLanguage":"es"},{"@type":"WebPage","@id":"https:\/\/www.pressenza.com\/es\/2018\/12\/la-alfabetizacion-religiosa-clave-para-la-cohesion-social\/","url":"https:\/\/www.pressenza.com\/es\/2018\/12\/la-alfabetizacion-religiosa-clave-para-la-cohesion-social\/","name":"La alfabetizaci\u00f3n religiosa: clave para la cohesi\u00f3n social","isPartOf":{"@id":"https:\/\/www.pressenza.com\/es\/#website"},"primaryImageOfPage":{"@id":"https:\/\/www.pressenza.com\/es\/2018\/12\/la-alfabetizacion-religiosa-clave-para-la-cohesion-social\/#primaryimage"},"image":{"@id":"https:\/\/www.pressenza.com\/es\/2018\/12\/la-alfabetizacion-religiosa-clave-para-la-cohesion-social\/#primaryimage"},"thumbnailUrl":"https:\/\/www.pressenza.com\/wp-content\/uploads\/2018\/12\/Sede-nacional-bah----.jpg","datePublished":"2018-12-06T20:02:46+00:00","dateModified":"2018-12-06T20:05:23+00:00","description":"La Fundaci\u00f3n Mercedes Migraciones, dentro de su plan para prevenir la radicalizaci\u00f3n, pone en contacto a colectivos y agentes Comunidad Baha\u00e1'i Fortalecer","breadcrumb":{"@id":"https:\/\/www.pressenza.com\/es\/2018\/12\/la-alfabetizacion-religiosa-clave-para-la-cohesion-social\/#breadcrumb"},"inLanguage":"es","potentialAction":[{"@type":"ReadAction","target":["https:\/\/www.pressenza.com\/es\/2018\/12\/la-alfabetizacion-religiosa-clave-para-la-cohesion-social\/"]}]},{"@type":"ImageObject","inLanguage":"es","@id":"https:\/\/www.pressenza.com\/es\/2018\/12\/la-alfabetizacion-religiosa-clave-para-la-cohesion-social\/#primaryimage","url":"https:\/\/www.pressenza.com\/wp-content\/uploads\/2018\/12\/Sede-nacional-bah----.jpg","contentUrl":"https:\/\/www.pressenza.com\/wp-content\/uploads\/2018\/12\/Sede-nacional-bah----.jpg","width":800,"height":573},{"@type":"BreadcrumbList","@id":"https:\/\/www.pressenza.com\/es\/2018\/12\/la-alfabetizacion-religiosa-clave-para-la-cohesion-social\/#breadcrumb","itemListElement":[{"@type":"ListItem","position":1,"name":"Accueil","item":"https:\/\/www.pressenza.com\/es\/"},{"@type":"ListItem","position":2,"name":"La alfabetizaci\u00f3n religiosa: clave para la cohesi\u00f3n social"}]},{"@type":"WebSite","@id":"https:\/\/www.pressenza.com\/es\/#website","url":"https:\/\/www.pressenza.com\/es\/","name":"Pressenza","description":"International Press Agency","publisher":{"@id":"https:\/\/www.pressenza.com\/es\/#organization"},"potentialAction":[{"@type":"SearchAction","target":{"@type":"EntryPoint","urlTemplate":"https:\/\/www.pressenza.com\/es\/?s={search_term_string}"},"query-input":{"@type":"PropertyValueSpecification","valueRequired":true,"valueName":"search_term_string"}}],"inLanguage":"es"},{"@type":"Organization","@id":"https:\/\/www.pressenza.com\/es\/#organization","name":"Pressenza","url":"https:\/\/www.pressenza.com\/es\/","logo":{"@type":"ImageObject","inLanguage":"es","@id":"https:\/\/www.pressenza.com\/es\/#\/schema\/logo\/image\/","url":"https:\/\/www.pressenza.com\/wp-content\/uploads\/2022\/10\/pressenza_logo_200x200.jpg","contentUrl":"https:\/\/www.pressenza.com\/wp-content\/uploads\/2022\/10\/pressenza_logo_200x200.jpg","width":200,"height":200,"caption":"Pressenza"},"image":{"@id":"https:\/\/www.pressenza.com\/es\/#\/schema\/logo\/image\/"},"sameAs":["https:\/\/www.facebook.com\/PressenzaItalia","https:\/\/x.com\/PressenzaIPA"]},{"@type":"Person","@id":"https:\/\/www.pressenza.com\/es\/#\/schema\/person\/828fc40eeca2ad7be3630e5a46adba94","name":"Redacci\u00f3n Madrid","description":"News from the Pressenza Bureau in Madrid, Spain","sameAs":["https:\/\/www.facebook.com\/pressenza","https:\/\/x.com\/pressenza"],"url":"https:\/\/www.pressenza.com\/es\/author\/redaccion-madrid\/"}]}},"place":"Madrid","original_article_url":"","_links":{"self":[{"href":"https:\/\/www.pressenza.com\/es\/wp-json\/wp\/v2\/posts\/771925","targetHints":{"allow":["GET"]}}],"collection":[{"href":"https:\/\/www.pressenza.com\/es\/wp-json\/wp\/v2\/posts"}],"about":[{"href":"https:\/\/www.pressenza.com\/es\/wp-json\/wp\/v2\/types\/post"}],"author":[{"embeddable":true,"href":"https:\/\/www.pressenza.com\/es\/wp-json\/wp\/v2\/users\/94"}],"replies":[{"embeddable":true,"href":"https:\/\/www.pressenza.com\/es\/wp-json\/wp\/v2\/comments?post=771925"}],"version-history":[{"count":0,"href":"https:\/\/www.pressenza.com\/es\/wp-json\/wp\/v2\/posts\/771925\/revisions"}],"wp:featuredmedia":[{"embeddable":true,"href":"https:\/\/www.pressenza.com\/es\/wp-json\/wp\/v2\/media\/771978"}],"wp:attachment":[{"href":"https:\/\/www.pressenza.com\/es\/wp-json\/wp\/v2\/media?parent=771925"}],"wp:term":[{"taxonomy":"category","embeddable":true,"href":"https:\/\/www.pressenza.com\/es\/wp-json\/wp\/v2\/categories?post=771925"},{"taxonomy":"post_tag","embeddable":true,"href":"https:\/\/www.pressenza.com\/es\/wp-json\/wp\/v2\/tags?post=771925"}],"curies":[{"name":"wp","href":"https:\/\/api.w.org\/{rel}","templated":true}]}}