{"id":768808,"date":"2018-12-02T14:16:37","date_gmt":"2018-12-02T14:16:37","guid":{"rendered":"https:\/\/www.pressenza.com\/?p=768808"},"modified":"2018-12-02T14:16:37","modified_gmt":"2018-12-02T14:16:37","slug":"armas-legales-no-frenan-todavia-los-feminicidios-en-america-latina","status":"publish","type":"post","link":"https:\/\/www.pressenza.com\/es\/2018\/12\/armas-legales-no-frenan-todavia-los-feminicidios-en-america-latina\/","title":{"rendered":"Armas legales no frenan todav\u00eda los feminicidios en Am\u00e9rica Latina"},"content":{"rendered":"<p>Por Fabiana Frayssinet<\/p>\n<p>Ciega tras una golpiza de su exmarido, Susana G\u00f3mez se libr\u00f3 de sumarse a la lista de los cerca de 2.800 feminicidios cometidos anualmente en Am\u00e9rica Latina, pero\u00a0 su caso evidencia porqu\u00e9 las pol\u00edticas p\u00fablicas y leyes est\u00e1n lejos de alivianar \u00a0la violencia de g\u00e9nero en la regi\u00f3n.<\/p>\n<p>\u201cHice muchas denuncias (13 penales y cinco civiles) y la justicia jam\u00e1s me dio bolilla (me hizo caso)\u201d, resumi\u00f3 G\u00f3mez a IPS en un di\u00e1logo en una plaza de su barrio en Lisandro Olmos, un suburbio de La Plata, capital de la provincia de Buenos Aires.<\/p>\n<p>Pese a que en Argentina ya exist\u00edan en 2011, cuando se produjo el brutal ataque contra ella, comisar\u00edas de la mujer, no fue suficiente para protegerla de su agresor.<\/p>\n<p>Lo que la salv\u00f3 de la muerte fue La Casa Mar\u00eda Pueblo, una organizaci\u00f3n no gubernamental (ONG) que como otras \u00a0en Am\u00e9rica Latina tratan, con recursos\u00a0 propios, suplir las deficiencias del Estado para proteger y asesorar jur\u00eddicamente a las v\u00edctimas de la violencia machista.<\/p>\n<p>G\u00f3mez, sus cuatro hijos y su madre, tambi\u00e9n amenazados por su expareja, fueron rescatados y cobijados en esa instituci\u00f3n.<\/p>\n<p>\u201cNo ten\u00edamos nada. Entramos con lo que ten\u00edamos puesto, con el documento y nada m\u00e1s porque est\u00e1bamos de aqu\u00ed para all\u00e1. Todos nos cerraban las puertas, la justicia, la polic\u00eda no hac\u00edan nada, la fiscal\u00eda tampoco\u201d, record\u00f3 G\u00f3mez, quien ahora tiene 34 a\u00f1os.<\/p>\n<p>\u201cSi no hay organizaciones como esta yo no estar\u00eda aqu\u00ed para contarlo, no hubiese llegado a juicio. Si no tienes un acompa\u00f1amiento jur\u00eddico, un refugio con identidad reservada, tratamiento psicol\u00f3gico, yo no podr\u00eda haber enfrentado esto que no es f\u00e1cil\u201d, destac\u00f3.<\/p>\n<p>En abril del 2014, un tribunal de La Plata conden\u00f3 a ocho a\u00f1os de prisi\u00f3n a su exmarido, Carlos Goncharuk. Ahora G\u00f3mez reclama judicialmente al gobierno de la provincia de Buenos Aires una reparaci\u00f3n econ\u00f3mica.<\/p>\n<p>\u201cLa vista no me la va a devolver nadie, pero es para que la justicia, el Estado tengan m\u00e1s conciencia para prevenir un antes y un despu\u00e9s\u201d, subray\u00f3 G\u00f3mez que se siente nuevamente amenazada porque el victimario ser\u00e1 liberado el a\u00f1o pr\u00f3ximo.<\/p>\n<p>Seg\u00fan el abogado y fundador de la ONG, Dar\u00edo Witt, G\u00f3mez no qued\u00f3 ciega por accidente o enfermedad sino por las repetidas palizas del entonces su marido. La \u00faltima vez le golpe\u00f3 la cabeza contra una pared de la cocina.<\/p>\n<p>\u201cEste resarcimiento no contiene un objetivo econ\u00f3mico de por s\u00ed. Lo que queremos intentar demostrar para Susana y todas las otras v\u00edctimas como ella es que el Estado, que los Estados en general sean nacionales provinciales o municipales y de distintos pa\u00edses, tienen una alt\u00edsima responsabilidad para que esto ocurra. El Estado no es inocente en estas cuestiones\u201d, argument\u00f3 Witt a IPS.<\/p>\n<p>\u201cCuando qued\u00e9 ciega y vi que no ver\u00eda m\u00e1s a mis hijos dije basta\u201d, record\u00f3.<\/p>\n<p><strong>Cifras que horrorizan<\/strong><\/p>\n<p>Seg\u00fan el Observatorio de Igualdad de G\u00e9nero (OIG) de la Comisi\u00f3n Econ\u00f3mica para Am\u00e9rica Latina y el Caribe (Cepal), al menos 2.795 mujeres fueron asesinadas en 2017 por razones de g\u00e9nero en 23 pa\u00edses de esta regi\u00f3n, en lo que varias legislaciones nacionales de la regi\u00f3n tipifican ya como feminicidio o femicido.<\/p>\n<p>La lista de feminicidios difundida este mes por OIG la lidera Brasil (1.133 v\u00edctimas registradas en 2017), en cifras absolutas, pero en t\u00e9rminos relativos, de la tasa de cr\u00edmenes de g\u00e9nero por cada 100.000 mujeres, es El Salvador el que alcanza una cota sin parang\u00f3n en la regi\u00f3n, con 10,2 feminicidios por cada 100.000 mujeres.<\/p>\n<p><a href=\"https:\/\/www.pressenza.com\/wp-content\/uploads\/2018\/12\/feminicidios-graph-2.jpg\"><img loading=\"lazy\" decoding=\"async\" class=\"aligncenter size-full wp-image-768809\" src=\"https:\/\/www.pressenza.com\/wp-content\/uploads\/2018\/12\/feminicidios-graph-2.jpg\" alt=\"\" width=\"630\" height=\"425\" srcset=\"https:\/\/www.pressenza.com\/wp-content\/uploads\/2018\/12\/feminicidios-graph-2.jpg 630w, https:\/\/www.pressenza.com\/wp-content\/uploads\/2018\/12\/feminicidios-graph-2-300x202.jpg 300w\" sizes=\"auto, (max-width: 630px) 100vw, 630px\" \/><\/a><\/p>\n<p><a href=\"https:\/\/www.pressenza.com\/wp-content\/uploads\/2018\/12\/feminicidios-graph-01.jpg\"><img loading=\"lazy\" decoding=\"async\" class=\"aligncenter size-full wp-image-768818\" src=\"https:\/\/www.pressenza.com\/wp-content\/uploads\/2018\/12\/feminicidios-graph-01.jpg\" alt=\"\" width=\"630\" height=\"429\" srcset=\"https:\/\/www.pressenza.com\/wp-content\/uploads\/2018\/12\/feminicidios-graph-01.jpg 630w, https:\/\/www.pressenza.com\/wp-content\/uploads\/2018\/12\/feminicidios-graph-01-300x204.jpg 300w\" sizes=\"auto, (max-width: 630px) 100vw, 630px\" \/><\/a>Tabla de n\u00famero en t\u00e9rminos absolutos de feminicidios por pa\u00eds en Am\u00e9rica Latina y el Caribe, as\u00ed como la tasa de asesinatos por razones de g\u00e9nero por cada 100.000 mujeres. Cr\u00e9dito: Observatorio de Igualdad de G\u00e9nero de la Cepal<\/p>\n<p>&nbsp;<\/p>\n<p>Honduras (en 2016) registr\u00f3 5,8 feminicidios por cada 100.000 mujeres y en Guatemala, Rep\u00fablica Dominicana y Bolivia tambi\u00e9n se observaron altas tasas en 2017, iguales o superiores a dos casos por cada 100.000 mujeres.<\/p>\n<p>OIG detalla que los asesinatos de mujeres por raz\u00f3n de g\u00e9nero son parte muy mayoritaria de los homicidios intencionales de mujeres en la regi\u00f3n, donde los feminicidios son cometidos por parejas o exparejas de la v\u00edctima, con excepci\u00f3n El Salvador y Honduras.<\/p>\n<p>\u201cEl feminicidio es la expresi\u00f3n m\u00e1s extrema de la violencia contra las mujeres. Ni la tipificaci\u00f3n del delito ni su visibilizaci\u00f3n estad\u00edstica han sido suficientes para erradicar este flagelo que nos alarma y horroriza cada d\u00eda\u201d, dijo Alicia B\u00e1rcena, secretar\u00eda ejecutiva de la Cepal al dar a conocer las nuevas cifras de OIG.<\/p>\n<p>La guatemalteca Ana Silvia Monz\u00f3n, soci\u00f3loga y comunicadora del Programa de Estudios de G\u00e9nero y Feminismos de la Facultad Latinoamericana de Ciencias Sociales (Flacso), record\u00f3 que su pa\u00eds cuenta desde 2008 con una Ley contra el Femicidio y otras Formas de Violencia contra la Mujer y desde un a\u00f1o despu\u00e9s con una Ley contra la Violencia Sexual, Explotaci\u00f3n y Trata de Personas.<\/p>\n<p>\u201cAmbas constituyen instrumentos importantes porque contribuyen a visibilizar una problem\u00e1tica que es grave en Guatemala, y son una herramienta para que las v\u00edctimas puedan iniciar el camino a la justicia\u201d, se\u00f1al\u00f3 a IPS desde Ciudad de Guatemala.<\/p>\n<p>Sin embargo pese a esas leyes que contemplaron la creaci\u00f3n de un modelo de atenci\u00f3n integral a las v\u00edctimas y de tribunales especializados, \u201cno se asignan los recursos necesarios a las entidades y programas que deben promover esa prevenci\u00f3n, menos a\u00fan la atenci\u00f3n especializada a las v\u00edctimas que denuncian esa violencia\u201d, sostuvo.<\/p>\n<p>Adem\u00e1s \u201cpersisten prejuicios y pr\u00e1cticas sesgadas de g\u00e9nero entre quienes aplican la ley\u201d y \u201cpoco se ha hecho para introducir contenidos educativos o programas que contribuyan a cambiar el imaginario social que asume como normal la violencia contra las mujeres\u201d, en especial a las ind\u00edgenas, acot\u00f3.<\/p>\n<p><strong>#NiUnaMenos, #NiUnaM\u00e1s<\/strong><\/p>\n<p>En la regi\u00f3n \u201clos avances son importantes, expresi\u00f3n de un movimiento de mujeres que ha logrado posicionar la violencia de g\u00e9nero como un problema social, pero son insuficientes\u201d, reflexion\u00f3 Monz\u00f3n.<\/p>\n<p><a href=\"https:\/\/www.pressenza.com\/wp-content\/uploads\/2018\/12\/46513972_2074512585925461_7564063489933705216_n.jpg\"><img loading=\"lazy\" decoding=\"async\" class=\"aligncenter size-full wp-image-768827\" src=\"https:\/\/www.pressenza.com\/wp-content\/uploads\/2018\/12\/46513972_2074512585925461_7564063489933705216_n.jpg\" alt=\"\" width=\"960\" height=\"600\" srcset=\"https:\/\/www.pressenza.com\/wp-content\/uploads\/2018\/12\/46513972_2074512585925461_7564063489933705216_n.jpg 960w, https:\/\/www.pressenza.com\/wp-content\/uploads\/2018\/12\/46513972_2074512585925461_7564063489933705216_n-300x188.jpg 300w, https:\/\/www.pressenza.com\/wp-content\/uploads\/2018\/12\/46513972_2074512585925461_7564063489933705216_n-768x480.jpg 768w, https:\/\/www.pressenza.com\/wp-content\/uploads\/2018\/12\/46513972_2074512585925461_7564063489933705216_n-720x450.jpg 720w\" sizes=\"auto, (max-width: 960px) 100vw, 960px\" \/><\/a><\/p>\n<p>Seg\u00fan ONU Mujeres, en total 18 pa\u00edses latinoamericanos y caribe\u00f1os han modificado sus leyes para sancionar los cr\u00edmenes machistas contra las mujeres como feminicidio, femicidio u homicidio agravado por razones de g\u00e9nero.<\/p>\n<p>Pero como concluye G\u00f3mez y otros activistas sociales de su barrio, hace falta m\u00e1s.<\/p>\n<p>El encuentro con esta v\u00edctima se produjo el domingo 25, durante una \u201cmateada\u201d\u00a0 (ronda con hierba mate) en la plaza Juan Manuel de Rosas, convocada por la agrupaci\u00f3n\u00a0 Nuevo Encuentro.<\/p>\n<p>La actividad se convoc\u00f3 por el D\u00eda Internacional para la Eliminaci\u00f3n de la Violencia contra la Mujer, que abri\u00f3 los 16 D\u00edas de Activismo contra la violencia de g\u00e9nero, y que este a\u00f1o tiene como lema #Esc\u00fachameTambi\u00e9n, que llama a que las v\u00edctimas sean o\u00eddas como parte de la soluci\u00f3n de lo que expertas califican como un \u201cgenocidio silencioso\u201d.<\/p>\n<p>Mar\u00eda Eugenia Cruz, referente barrial de Nuevo Encuentro, consider\u00f3 que pese a los nuevos marcos legales y multitudinarias movilizaciones como la del #NiUnaMenos contra la violencia machista y los feminicidios, que se han extendido por Argentina y otros pa\u00edses de la regi\u00f3n,\u00a0 \u201ctodav\u00eda hace falta charlar de lo que nos pasa a las mujeres\u201d.<\/p>\n<p>\u201cEn lugares m\u00e1s cerrados de barrios como este pareciera que la violencia de g\u00e9nero fuera un tema que da verg\u00fcenza contar, se sienten culpables. Visibilizar esto es parte de pensar que herramientas puede brindar el Estado\u201d, analiz\u00f3 IPS.<\/p>\n<p>\u201cO sino ver cu\u00e1les son esas herramientas\u201d, aport\u00f3 interrumpiendo el juego Olivia, su hija de cinco a\u00f1os, quien durante la actividad en la plaza sostuvo orgullosamente un cartel que rezaba: \u201cNi Una Menos\u201d, el lema que ha congregado a las mujeres latinoamericanas junto con el de #NiUnaM\u00e1s.<\/p>\n<p>Ella ejemplifica una nueva generaci\u00f3n femenina latinoamericana que gracias a las masivas movilizaciones \u00a0y a la creciente toma de conciencia social, ya comienza desde temprano a tomar la palabra y a promover cambios culturales.<\/p>\n<p>\u201cHoy las mujeres se van dando cuenta desde el noviazgo de las se\u00f1ales de un hombre violento. Que no le gustan tus amistades, que no le gusta c\u00f3mo te vest\u00eds. Ahora hay m\u00e1s informaci\u00f3n y eso es importante\u201d, reconoci\u00f3 G\u00f3mez que actualmente atiende como voluntaria llamadas de otras v\u00edctimas de la violencia.<\/p>\n<p>\u201cAhora te llaman, te consultan y eso est\u00e1 bueno. Antes, \u00bfa d\u00f3nde llamabas? M\u00e1s all\u00e1 del miedo, si te dan identidad reservada eso te incita a decir: voy a hacer la denuncia y tengo un grupo de gente que me va a ayudar\u201d, concluy\u00f3 esta sobreviviente de la violencia machista.<\/p>\n","protected":false},"excerpt":{"rendered":"<p>Por Fabiana Frayssinet Ciega tras una golpiza de su exmarido, Susana G\u00f3mez se libr\u00f3 de sumarse a la lista de los cerca de 2.800 feminicidios cometidos anualmente en Am\u00e9rica Latina, pero\u00a0 su caso evidencia porqu\u00e9 las pol\u00edticas p\u00fablicas y leyes&hellip;<\/p>\n","protected":false},"author":347,"featured_media":768836,"comment_status":"closed","ping_status":"closed","sticky":false,"template":"","format":"standard","meta":{"footnotes":""},"categories":[1241,1242,20607,67],"tags":[17734,17863,52401,1024],"class_list":["post-768808","post","type-post","status-publish","format-standard","has-post-thumbnail","hentry","category-diversidad","category-noviolencia-tema","category-sin-categorizar","category-sudamerica","tag-niunamenos","tag-femicidios","tag-marcos-legales","tag-violencia-de-genero"],"yoast_head":"<!-- This site is optimized with the Yoast SEO plugin v27.1.1 - https:\/\/yoast.com\/product\/yoast-seo-wordpress\/ -->\n<title>Armas legales no frenan todav\u00eda los feminicidios en Am\u00e9rica Latina<\/title>\n<meta name=\"description\" content=\"Por Fabiana Frayssinet Ciega tras una golpiza de su exmarido, Susana G\u00f3mez se libr\u00f3 de sumarse a la lista de los cerca de 2.800 feminicidios cometidos\" \/>\n<meta name=\"robots\" content=\"index, follow, max-snippet:-1, max-image-preview:large, max-video-preview:-1\" \/>\n<link rel=\"canonical\" href=\"https:\/\/www.pressenza.com\/es\/2018\/12\/armas-legales-no-frenan-todavia-los-feminicidios-en-america-latina\/\" \/>\n<meta property=\"og:locale\" content=\"es_ES\" \/>\n<meta property=\"og:type\" content=\"article\" \/>\n<meta property=\"og:title\" content=\"Armas legales no frenan todav\u00eda los feminicidios en Am\u00e9rica Latina\" \/>\n<meta property=\"og:description\" content=\"Por Fabiana Frayssinet Ciega tras una golpiza de su exmarido, Susana G\u00f3mez se libr\u00f3 de sumarse a la lista de los cerca de 2.800 feminicidios cometidos\" \/>\n<meta property=\"og:url\" content=\"https:\/\/www.pressenza.com\/es\/2018\/12\/armas-legales-no-frenan-todavia-los-feminicidios-en-america-latina\/\" \/>\n<meta property=\"og:site_name\" content=\"Pressenza\" \/>\n<meta property=\"article:publisher\" content=\"https:\/\/www.facebook.com\/PressenzaItalia\" \/>\n<meta property=\"article:author\" content=\"http:\/\/www.facebook.com\/ipsnoticias\" \/>\n<meta property=\"article:published_time\" content=\"2018-12-02T14:16:37+00:00\" \/>\n<meta property=\"og:image\" content=\"https:\/\/www.pressenza.com\/wp-content\/uploads\/2018\/12\/46797592_2074516752591711_3478314792635072512_n.jpg\" \/>\n\t<meta property=\"og:image:width\" content=\"960\" \/>\n\t<meta property=\"og:image:height\" content=\"640\" \/>\n\t<meta property=\"og:image:type\" content=\"image\/jpeg\" \/>\n<meta name=\"author\" content=\"Inter Press Service\" \/>\n<meta name=\"twitter:card\" content=\"summary_large_image\" \/>\n<meta name=\"twitter:creator\" content=\"@ipsnoticias\" \/>\n<meta name=\"twitter:site\" content=\"@PressenzaIPA\" \/>\n<meta name=\"twitter:label1\" content=\"Escrito por\" \/>\n\t<meta name=\"twitter:data1\" content=\"Inter Press Service\" \/>\n\t<meta name=\"twitter:label2\" content=\"Tiempo de lectura\" \/>\n\t<meta name=\"twitter:data2\" content=\"8 minutos\" \/>\n<script type=\"application\/ld+json\" class=\"yoast-schema-graph\">{\"@context\":\"https:\/\/schema.org\",\"@graph\":[{\"@type\":\"Article\",\"@id\":\"https:\/\/www.pressenza.com\/es\/2018\/12\/armas-legales-no-frenan-todavia-los-feminicidios-en-america-latina\/#article\",\"isPartOf\":{\"@id\":\"https:\/\/www.pressenza.com\/es\/2018\/12\/armas-legales-no-frenan-todavia-los-feminicidios-en-america-latina\/\"},\"author\":{\"name\":\"Inter Press Service\",\"@id\":\"https:\/\/www.pressenza.com\/es\/#\/schema\/person\/7467f88f6765c239bdd52f3c432de81a\"},\"headline\":\"Armas legales no frenan todav\u00eda los feminicidios en Am\u00e9rica Latina\",\"datePublished\":\"2018-12-02T14:16:37+00:00\",\"mainEntityOfPage\":{\"@id\":\"https:\/\/www.pressenza.com\/es\/2018\/12\/armas-legales-no-frenan-todavia-los-feminicidios-en-america-latina\/\"},\"wordCount\":1530,\"publisher\":{\"@id\":\"https:\/\/www.pressenza.com\/es\/#organization\"},\"image\":{\"@id\":\"https:\/\/www.pressenza.com\/es\/2018\/12\/armas-legales-no-frenan-todavia-los-feminicidios-en-america-latina\/#primaryimage\"},\"thumbnailUrl\":\"https:\/\/www.pressenza.com\/wp-content\/uploads\/2018\/12\/46797592_2074516752591711_3478314792635072512_n.jpg\",\"keywords\":[\"#NiUnaMenos\",\"femicidios\",\"marcos legales\",\"Violencia de g\u00e9nero\"],\"articleSection\":[\"Diversidad\",\"Noviolencia\",\"Sin categorizar\",\"Sudam\u00e9rica\"],\"inLanguage\":\"es\"},{\"@type\":\"WebPage\",\"@id\":\"https:\/\/www.pressenza.com\/es\/2018\/12\/armas-legales-no-frenan-todavia-los-feminicidios-en-america-latina\/\",\"url\":\"https:\/\/www.pressenza.com\/es\/2018\/12\/armas-legales-no-frenan-todavia-los-feminicidios-en-america-latina\/\",\"name\":\"Armas legales no frenan todav\u00eda los feminicidios en Am\u00e9rica Latina\",\"isPartOf\":{\"@id\":\"https:\/\/www.pressenza.com\/es\/#website\"},\"primaryImageOfPage\":{\"@id\":\"https:\/\/www.pressenza.com\/es\/2018\/12\/armas-legales-no-frenan-todavia-los-feminicidios-en-america-latina\/#primaryimage\"},\"image\":{\"@id\":\"https:\/\/www.pressenza.com\/es\/2018\/12\/armas-legales-no-frenan-todavia-los-feminicidios-en-america-latina\/#primaryimage\"},\"thumbnailUrl\":\"https:\/\/www.pressenza.com\/wp-content\/uploads\/2018\/12\/46797592_2074516752591711_3478314792635072512_n.jpg\",\"datePublished\":\"2018-12-02T14:16:37+00:00\",\"description\":\"Por Fabiana Frayssinet Ciega tras una golpiza de su exmarido, Susana G\u00f3mez se libr\u00f3 de sumarse a la lista de los cerca de 2.800 feminicidios cometidos\",\"breadcrumb\":{\"@id\":\"https:\/\/www.pressenza.com\/es\/2018\/12\/armas-legales-no-frenan-todavia-los-feminicidios-en-america-latina\/#breadcrumb\"},\"inLanguage\":\"es\",\"potentialAction\":[{\"@type\":\"ReadAction\",\"target\":[\"https:\/\/www.pressenza.com\/es\/2018\/12\/armas-legales-no-frenan-todavia-los-feminicidios-en-america-latina\/\"]}]},{\"@type\":\"ImageObject\",\"inLanguage\":\"es\",\"@id\":\"https:\/\/www.pressenza.com\/es\/2018\/12\/armas-legales-no-frenan-todavia-los-feminicidios-en-america-latina\/#primaryimage\",\"url\":\"https:\/\/www.pressenza.com\/wp-content\/uploads\/2018\/12\/46797592_2074516752591711_3478314792635072512_n.jpg\",\"contentUrl\":\"https:\/\/www.pressenza.com\/wp-content\/uploads\/2018\/12\/46797592_2074516752591711_3478314792635072512_n.jpg\",\"width\":960,\"height\":640},{\"@type\":\"BreadcrumbList\",\"@id\":\"https:\/\/www.pressenza.com\/es\/2018\/12\/armas-legales-no-frenan-todavia-los-feminicidios-en-america-latina\/#breadcrumb\",\"itemListElement\":[{\"@type\":\"ListItem\",\"position\":1,\"name\":\"Accueil\",\"item\":\"https:\/\/www.pressenza.com\/es\/\"},{\"@type\":\"ListItem\",\"position\":2,\"name\":\"Armas legales no frenan todav\u00eda los feminicidios en Am\u00e9rica Latina\"}]},{\"@type\":\"WebSite\",\"@id\":\"https:\/\/www.pressenza.com\/es\/#website\",\"url\":\"https:\/\/www.pressenza.com\/es\/\",\"name\":\"Pressenza\",\"description\":\"International Press Agency\",\"publisher\":{\"@id\":\"https:\/\/www.pressenza.com\/es\/#organization\"},\"potentialAction\":[{\"@type\":\"SearchAction\",\"target\":{\"@type\":\"EntryPoint\",\"urlTemplate\":\"https:\/\/www.pressenza.com\/es\/?s={search_term_string}\"},\"query-input\":{\"@type\":\"PropertyValueSpecification\",\"valueRequired\":true,\"valueName\":\"search_term_string\"}}],\"inLanguage\":\"es\"},{\"@type\":\"Organization\",\"@id\":\"https:\/\/www.pressenza.com\/es\/#organization\",\"name\":\"Pressenza\",\"url\":\"https:\/\/www.pressenza.com\/es\/\",\"logo\":{\"@type\":\"ImageObject\",\"inLanguage\":\"es\",\"@id\":\"https:\/\/www.pressenza.com\/es\/#\/schema\/logo\/image\/\",\"url\":\"https:\/\/www.pressenza.com\/wp-content\/uploads\/2022\/10\/pressenza_logo_200x200.jpg\",\"contentUrl\":\"https:\/\/www.pressenza.com\/wp-content\/uploads\/2022\/10\/pressenza_logo_200x200.jpg\",\"width\":200,\"height\":200,\"caption\":\"Pressenza\"},\"image\":{\"@id\":\"https:\/\/www.pressenza.com\/es\/#\/schema\/logo\/image\/\"},\"sameAs\":[\"https:\/\/www.facebook.com\/PressenzaItalia\",\"https:\/\/x.com\/PressenzaIPA\"]},{\"@type\":\"Person\",\"@id\":\"https:\/\/www.pressenza.com\/es\/#\/schema\/person\/7467f88f6765c239bdd52f3c432de81a\",\"name\":\"Inter Press Service\",\"description\":\"IPS is an international communications institution at the heart of a global news agency that amplifies the voices of the South and civil society on development, globalisation, human rights and the environment. www.ipsnews.net\",\"sameAs\":[\"http:\/\/www.facebook.com\/ipsnoticias\",\"https:\/\/x.com\/ipsnoticias\"],\"url\":\"https:\/\/www.pressenza.com\/es\/author\/ips-inter-press-service\/\"}]}<\/script>\n<!-- \/ Yoast SEO plugin. -->","yoast_head_json":{"title":"Armas legales no frenan todav\u00eda los feminicidios en Am\u00e9rica Latina","description":"Por Fabiana Frayssinet Ciega tras una golpiza de su exmarido, Susana G\u00f3mez se libr\u00f3 de sumarse a la lista de los cerca de 2.800 feminicidios cometidos","robots":{"index":"index","follow":"follow","max-snippet":"max-snippet:-1","max-image-preview":"max-image-preview:large","max-video-preview":"max-video-preview:-1"},"canonical":"https:\/\/www.pressenza.com\/es\/2018\/12\/armas-legales-no-frenan-todavia-los-feminicidios-en-america-latina\/","og_locale":"es_ES","og_type":"article","og_title":"Armas legales no frenan todav\u00eda los feminicidios en Am\u00e9rica Latina","og_description":"Por Fabiana Frayssinet Ciega tras una golpiza de su exmarido, Susana G\u00f3mez se libr\u00f3 de sumarse a la lista de los cerca de 2.800 feminicidios cometidos","og_url":"https:\/\/www.pressenza.com\/es\/2018\/12\/armas-legales-no-frenan-todavia-los-feminicidios-en-america-latina\/","og_site_name":"Pressenza","article_publisher":"https:\/\/www.facebook.com\/PressenzaItalia","article_author":"http:\/\/www.facebook.com\/ipsnoticias","article_published_time":"2018-12-02T14:16:37+00:00","og_image":[{"width":960,"height":640,"url":"https:\/\/www.pressenza.com\/wp-content\/uploads\/2018\/12\/46797592_2074516752591711_3478314792635072512_n.jpg","type":"image\/jpeg"}],"author":"Inter Press Service","twitter_card":"summary_large_image","twitter_creator":"@ipsnoticias","twitter_site":"@PressenzaIPA","twitter_misc":{"Escrito por":"Inter Press Service","Tiempo de lectura":"8 minutos"},"schema":{"@context":"https:\/\/schema.org","@graph":[{"@type":"Article","@id":"https:\/\/www.pressenza.com\/es\/2018\/12\/armas-legales-no-frenan-todavia-los-feminicidios-en-america-latina\/#article","isPartOf":{"@id":"https:\/\/www.pressenza.com\/es\/2018\/12\/armas-legales-no-frenan-todavia-los-feminicidios-en-america-latina\/"},"author":{"name":"Inter Press Service","@id":"https:\/\/www.pressenza.com\/es\/#\/schema\/person\/7467f88f6765c239bdd52f3c432de81a"},"headline":"Armas legales no frenan todav\u00eda los feminicidios en Am\u00e9rica Latina","datePublished":"2018-12-02T14:16:37+00:00","mainEntityOfPage":{"@id":"https:\/\/www.pressenza.com\/es\/2018\/12\/armas-legales-no-frenan-todavia-los-feminicidios-en-america-latina\/"},"wordCount":1530,"publisher":{"@id":"https:\/\/www.pressenza.com\/es\/#organization"},"image":{"@id":"https:\/\/www.pressenza.com\/es\/2018\/12\/armas-legales-no-frenan-todavia-los-feminicidios-en-america-latina\/#primaryimage"},"thumbnailUrl":"https:\/\/www.pressenza.com\/wp-content\/uploads\/2018\/12\/46797592_2074516752591711_3478314792635072512_n.jpg","keywords":["#NiUnaMenos","femicidios","marcos legales","Violencia de g\u00e9nero"],"articleSection":["Diversidad","Noviolencia","Sin categorizar","Sudam\u00e9rica"],"inLanguage":"es"},{"@type":"WebPage","@id":"https:\/\/www.pressenza.com\/es\/2018\/12\/armas-legales-no-frenan-todavia-los-feminicidios-en-america-latina\/","url":"https:\/\/www.pressenza.com\/es\/2018\/12\/armas-legales-no-frenan-todavia-los-feminicidios-en-america-latina\/","name":"Armas legales no frenan todav\u00eda los feminicidios en Am\u00e9rica Latina","isPartOf":{"@id":"https:\/\/www.pressenza.com\/es\/#website"},"primaryImageOfPage":{"@id":"https:\/\/www.pressenza.com\/es\/2018\/12\/armas-legales-no-frenan-todavia-los-feminicidios-en-america-latina\/#primaryimage"},"image":{"@id":"https:\/\/www.pressenza.com\/es\/2018\/12\/armas-legales-no-frenan-todavia-los-feminicidios-en-america-latina\/#primaryimage"},"thumbnailUrl":"https:\/\/www.pressenza.com\/wp-content\/uploads\/2018\/12\/46797592_2074516752591711_3478314792635072512_n.jpg","datePublished":"2018-12-02T14:16:37+00:00","description":"Por Fabiana Frayssinet Ciega tras una golpiza de su exmarido, Susana G\u00f3mez se libr\u00f3 de sumarse a la lista de los cerca de 2.800 feminicidios cometidos","breadcrumb":{"@id":"https:\/\/www.pressenza.com\/es\/2018\/12\/armas-legales-no-frenan-todavia-los-feminicidios-en-america-latina\/#breadcrumb"},"inLanguage":"es","potentialAction":[{"@type":"ReadAction","target":["https:\/\/www.pressenza.com\/es\/2018\/12\/armas-legales-no-frenan-todavia-los-feminicidios-en-america-latina\/"]}]},{"@type":"ImageObject","inLanguage":"es","@id":"https:\/\/www.pressenza.com\/es\/2018\/12\/armas-legales-no-frenan-todavia-los-feminicidios-en-america-latina\/#primaryimage","url":"https:\/\/www.pressenza.com\/wp-content\/uploads\/2018\/12\/46797592_2074516752591711_3478314792635072512_n.jpg","contentUrl":"https:\/\/www.pressenza.com\/wp-content\/uploads\/2018\/12\/46797592_2074516752591711_3478314792635072512_n.jpg","width":960,"height":640},{"@type":"BreadcrumbList","@id":"https:\/\/www.pressenza.com\/es\/2018\/12\/armas-legales-no-frenan-todavia-los-feminicidios-en-america-latina\/#breadcrumb","itemListElement":[{"@type":"ListItem","position":1,"name":"Accueil","item":"https:\/\/www.pressenza.com\/es\/"},{"@type":"ListItem","position":2,"name":"Armas legales no frenan todav\u00eda los feminicidios en Am\u00e9rica Latina"}]},{"@type":"WebSite","@id":"https:\/\/www.pressenza.com\/es\/#website","url":"https:\/\/www.pressenza.com\/es\/","name":"Pressenza","description":"International Press Agency","publisher":{"@id":"https:\/\/www.pressenza.com\/es\/#organization"},"potentialAction":[{"@type":"SearchAction","target":{"@type":"EntryPoint","urlTemplate":"https:\/\/www.pressenza.com\/es\/?s={search_term_string}"},"query-input":{"@type":"PropertyValueSpecification","valueRequired":true,"valueName":"search_term_string"}}],"inLanguage":"es"},{"@type":"Organization","@id":"https:\/\/www.pressenza.com\/es\/#organization","name":"Pressenza","url":"https:\/\/www.pressenza.com\/es\/","logo":{"@type":"ImageObject","inLanguage":"es","@id":"https:\/\/www.pressenza.com\/es\/#\/schema\/logo\/image\/","url":"https:\/\/www.pressenza.com\/wp-content\/uploads\/2022\/10\/pressenza_logo_200x200.jpg","contentUrl":"https:\/\/www.pressenza.com\/wp-content\/uploads\/2022\/10\/pressenza_logo_200x200.jpg","width":200,"height":200,"caption":"Pressenza"},"image":{"@id":"https:\/\/www.pressenza.com\/es\/#\/schema\/logo\/image\/"},"sameAs":["https:\/\/www.facebook.com\/PressenzaItalia","https:\/\/x.com\/PressenzaIPA"]},{"@type":"Person","@id":"https:\/\/www.pressenza.com\/es\/#\/schema\/person\/7467f88f6765c239bdd52f3c432de81a","name":"Inter Press Service","description":"IPS is an international communications institution at the heart of a global news agency that amplifies the voices of the South and civil society on development, globalisation, human rights and the environment. www.ipsnews.net","sameAs":["http:\/\/www.facebook.com\/ipsnoticias","https:\/\/x.com\/ipsnoticias"],"url":"https:\/\/www.pressenza.com\/es\/author\/ips-inter-press-service\/"}]}},"place":"La Plata, Argentina","original_article_url":"http:\/\/www.ipsnoticias.net\/2018\/11\/armas-legales-no-frenan-todavia-feminicidios-america-latina\/","_links":{"self":[{"href":"https:\/\/www.pressenza.com\/es\/wp-json\/wp\/v2\/posts\/768808","targetHints":{"allow":["GET"]}}],"collection":[{"href":"https:\/\/www.pressenza.com\/es\/wp-json\/wp\/v2\/posts"}],"about":[{"href":"https:\/\/www.pressenza.com\/es\/wp-json\/wp\/v2\/types\/post"}],"author":[{"embeddable":true,"href":"https:\/\/www.pressenza.com\/es\/wp-json\/wp\/v2\/users\/347"}],"replies":[{"embeddable":true,"href":"https:\/\/www.pressenza.com\/es\/wp-json\/wp\/v2\/comments?post=768808"}],"version-history":[{"count":0,"href":"https:\/\/www.pressenza.com\/es\/wp-json\/wp\/v2\/posts\/768808\/revisions"}],"wp:featuredmedia":[{"embeddable":true,"href":"https:\/\/www.pressenza.com\/es\/wp-json\/wp\/v2\/media\/768836"}],"wp:attachment":[{"href":"https:\/\/www.pressenza.com\/es\/wp-json\/wp\/v2\/media?parent=768808"}],"wp:term":[{"taxonomy":"category","embeddable":true,"href":"https:\/\/www.pressenza.com\/es\/wp-json\/wp\/v2\/categories?post=768808"},{"taxonomy":"post_tag","embeddable":true,"href":"https:\/\/www.pressenza.com\/es\/wp-json\/wp\/v2\/tags?post=768808"}],"curies":[{"name":"wp","href":"https:\/\/api.w.org\/{rel}","templated":true}]}}