{"id":767823,"date":"2018-11-30T00:11:15","date_gmt":"2018-11-30T00:11:15","guid":{"rendered":"https:\/\/www.pressenza.com\/?p=767823"},"modified":"2018-11-30T00:11:15","modified_gmt":"2018-11-30T00:11:15","slug":"colombia-comision-de-la-verdad-inicia-su-mandato-con-un-primer-encuentro","status":"publish","type":"post","link":"https:\/\/www.pressenza.com\/es\/2018\/11\/colombia-comision-de-la-verdad-inicia-su-mandato-con-un-primer-encuentro\/","title":{"rendered":"Colombia: Comisi\u00f3n de la Verdad inicia su mandato con un primer encuentro"},"content":{"rendered":"<p>Con el primer encuentro por la verdad, la Comisi\u00f3n inici\u00f3 este jueves su mandato oficial de tres a\u00f1os en el que la dignificaci\u00f3n de las v\u00edctimas ser\u00e1 el eje central de su trabajo; y los territorios, el escenario privilegiado para la construcci\u00f3n del informe final.<\/p>\n<p>En este periodo, la Comisi\u00f3n deber\u00e1 trabajar por el esclarecimiento de la verdad del conflicto armado interno, el reconocimiento de las v\u00edctimas y las afectaciones y violaciones a sus derechos, el reconocimiento voluntario de responsabilidades individuales, colectivas y de la sociedad, y la promoci\u00f3n de la convivencia en los territorios y la no repetici\u00f3n.<\/p>\n<p>La Comisi\u00f3n considera la verdad como un derecho de los y las colombianas, y como un bien p\u00fablico necesario para que se profundice la democracia y el buen vivir de esta y las pr\u00f3ximas generaciones, por lo que buscar\u00e1 una verdad hist\u00f3rica y humana.<\/p>\n<p><img loading=\"lazy\" decoding=\"async\" class=\"aligncenter size-full wp-image-767846\" src=\"https:\/\/www.pressenza.com\/wp-content\/uploads\/2018\/11\/comision-de-la-verdad2.jpg\" alt=\"\" width=\"1200\" height=\"675\" srcset=\"https:\/\/www.pressenza.com\/wp-content\/uploads\/2018\/11\/comision-de-la-verdad2.jpg 1200w, https:\/\/www.pressenza.com\/wp-content\/uploads\/2018\/11\/comision-de-la-verdad2-300x169.jpg 300w, https:\/\/www.pressenza.com\/wp-content\/uploads\/2018\/11\/comision-de-la-verdad2-768x432.jpg 768w, https:\/\/www.pressenza.com\/wp-content\/uploads\/2018\/11\/comision-de-la-verdad2-720x405.jpg 720w, https:\/\/www.pressenza.com\/wp-content\/uploads\/2018\/11\/comision-de-la-verdad2-750x422.jpg 750w\" sizes=\"auto, (max-width: 1200px) 100vw, 1200px\" \/><\/p>\n<h3>El esclarecimiento<\/h3>\n<p>En su objetivo de esclarecer lo sucedido, la Comisi\u00f3n se propone explicar por qu\u00e9 Colombia se ha visto envuelta en un conflicto armado interno de medio siglo, qui\u00e9n se benefici\u00f3, e identificar los patrones que, combinados entre s\u00ed, han hecho que se repita la violencia.<\/p>\n<h3>Responsabilidades<\/h3>\n<p>El mandato de la Comisi\u00f3n incluye, igualmente, determinar las responsabilidades colectivas que se deriven del esclarecimiento de las violaciones de los derechos humanos y de las infracciones al Derecho Internacional Humanitario.<\/p>\n<p>Para esto, escuchar\u00e1 a los presuntos responsables que deseen contribuir al esclarecimiento de la verdad y garantizar\u00e1 condiciones plenas para la libre narraci\u00f3n.<\/p>\n<h3>La Comisi\u00f3n<\/h3>\n<p>La Comisi\u00f3n de la Verdad fue creada por el Acuerdo Final para la Terminaci\u00f3n del Conflicto y la Construcci\u00f3n de una Paz Estable y Duradera firmado en noviembre de 2016. Hace parte del Sistema Integral de Verdad, Justicia, Reparaci\u00f3n y No Repetici\u00f3n (SIVJRNR), junto con la Jurisdicci\u00f3n Especial para la Paz y la Unidad de B\u00fasqueda de Personas dadas por Desaparecidas.<\/p>\n<p>Es una instituci\u00f3n del Estado de rango constitucional, independiente del gobierno. No tiene facultades judiciales \u2013es decir, no puede juzgar ni condenar a nadie\u2013 y no es la entidad encargada de la reparaci\u00f3n a las v\u00edctimas.<\/p>\n<p>De la Comisi\u00f3n hacen parte cinco mujeres y seis hombres entre ellos el sacerdote Francisco de Roux, quien la preside.<br \/>\nEllos son: Luc\u00eda Gonz\u00e1lez, Alejandra Miller, \u00c1ngela Salazar, Patricia Tob\u00f3n, Marta Ru\u00edz, Alejandro Valencia, Carlos Berista\u00edn, Sa\u00fal Franco, Alfredo Molano y Carlos Ospina.<\/p>\n<h4>#DimeLaVerdad, as\u00ed nos duela<\/h4>\n<p><iframe loading=\"lazy\" title=\"#DimeLaVerdad, as\u00ed nos duela.\" width=\"500\" height=\"281\" src=\"https:\/\/www.youtube.com\/embed\/D5TyexJkfx8?feature=oembed\" frameborder=\"0\" allow=\"accelerometer; autoplay; clipboard-write; encrypted-media; gyroscope; picture-in-picture; web-share\" referrerpolicy=\"strict-origin-when-cross-origin\" allowfullscreen><\/iframe><\/p>\n<p>#DimeLaVerdad es una invitaci\u00f3n para acompa\u00f1ar en los pr\u00f3ximos tres a\u00f1os de mandato a construir un relato que d\u00e9 cuenta de lo que pas\u00f3 en casi 60 a\u00f1os de conflicto armado a colombianas y colombianos.<\/p>\n<p>(*) Nota del sitio oficial de la Comisi\u00f3n por la Verdad<\/p>\n<p>https:\/\/comisiondelaverdad.co\/actualidad\/noticias<\/p>\n","protected":false},"excerpt":{"rendered":"<p>Con el primer encuentro por la verdad, la Comisi\u00f3n inici\u00f3 este jueves su mandato oficial de tres a\u00f1os en el que la dignificaci\u00f3n de las v\u00edctimas ser\u00e1 el eje central de su trabajo; y los territorios, el escenario privilegiado para&hellip;<\/p>\n","protected":false},"author":1053,"featured_media":767837,"comment_status":"closed","ping_status":"closed","sticky":false,"template":"","format":"standard","meta":{"footnotes":""},"categories":[149,79,1243,67,25678],"tags":[45654,25446,398,731],"class_list":["post-767823","post","type-post","status-publish","format-standard","has-post-thumbnail","hentry","category-comunicados-de-prensa","category-derechos-humanos","category-paz-desarme","category-sudamerica","category-video-es","tag-comision-de-verdad","tag-conflicto-colombiano","tag-justicia","tag-reconciliacion"],"yoast_head":"<!-- This site is optimized with the Yoast SEO plugin v27.1.1 - https:\/\/yoast.com\/product\/yoast-seo-wordpress\/ -->\n<title>Colombia: Comisi\u00f3n de la Verdad inicia su mandato con un primer encuentro<\/title>\n<meta name=\"description\" content=\"Con el primer encuentro por la verdad, la Comisi\u00f3n inici\u00f3 este jueves su mandato oficial de tres a\u00f1os en el que la dignificaci\u00f3n de las v\u00edctimas ser\u00e1 el\" \/>\n<meta name=\"robots\" content=\"index, follow, max-snippet:-1, max-image-preview:large, max-video-preview:-1\" \/>\n<link rel=\"canonical\" href=\"https:\/\/www.pressenza.com\/es\/2018\/11\/colombia-comision-de-la-verdad-inicia-su-mandato-con-un-primer-encuentro\/\" \/>\n<meta property=\"og:locale\" content=\"es_ES\" \/>\n<meta property=\"og:type\" content=\"article\" \/>\n<meta property=\"og:title\" content=\"Colombia: Comisi\u00f3n de la Verdad inicia su mandato con un primer encuentro\" \/>\n<meta property=\"og:description\" content=\"Con el primer encuentro por la verdad, la Comisi\u00f3n inici\u00f3 este jueves su mandato oficial de tres a\u00f1os en el que la dignificaci\u00f3n de las v\u00edctimas ser\u00e1 el\" \/>\n<meta property=\"og:url\" content=\"https:\/\/www.pressenza.com\/es\/2018\/11\/colombia-comision-de-la-verdad-inicia-su-mandato-con-un-primer-encuentro\/\" \/>\n<meta property=\"og:site_name\" content=\"Pressenza\" \/>\n<meta property=\"article:publisher\" content=\"https:\/\/www.facebook.com\/PressenzaItalia\" \/>\n<meta property=\"article:published_time\" content=\"2018-11-30T00:11:15+00:00\" \/>\n<meta property=\"og:image\" content=\"https:\/\/www.pressenza.com\/wp-content\/uploads\/2018\/11\/comision-de-la-verdad.jpg\" \/>\n\t<meta property=\"og:image:width\" content=\"1200\" \/>\n\t<meta property=\"og:image:height\" content=\"792\" \/>\n\t<meta property=\"og:image:type\" content=\"image\/jpeg\" \/>\n<meta name=\"author\" content=\"Redacci\u00f3n Colombia\" \/>\n<meta name=\"twitter:card\" content=\"summary_large_image\" \/>\n<meta name=\"twitter:creator\" content=\"@PressenzaIPA\" \/>\n<meta name=\"twitter:site\" content=\"@PressenzaIPA\" \/>\n<meta name=\"twitter:label1\" content=\"Escrito por\" \/>\n\t<meta name=\"twitter:data1\" content=\"Redacci\u00f3n Colombia\" \/>\n\t<meta name=\"twitter:label2\" content=\"Tiempo de lectura\" \/>\n\t<meta name=\"twitter:data2\" content=\"2 minutos\" \/>\n<script type=\"application\/ld+json\" class=\"yoast-schema-graph\">{\"@context\":\"https:\/\/schema.org\",\"@graph\":[{\"@type\":\"Article\",\"@id\":\"https:\/\/www.pressenza.com\/es\/2018\/11\/colombia-comision-de-la-verdad-inicia-su-mandato-con-un-primer-encuentro\/#article\",\"isPartOf\":{\"@id\":\"https:\/\/www.pressenza.com\/es\/2018\/11\/colombia-comision-de-la-verdad-inicia-su-mandato-con-un-primer-encuentro\/\"},\"author\":{\"name\":\"Redacci\u00f3n Colombia\",\"@id\":\"https:\/\/www.pressenza.com\/es\/#\/schema\/person\/7c8ee170a4502d638436c91e385315f2\"},\"headline\":\"Colombia: Comisi\u00f3n de la Verdad inicia su mandato con un primer encuentro\",\"datePublished\":\"2018-11-30T00:11:15+00:00\",\"mainEntityOfPage\":{\"@id\":\"https:\/\/www.pressenza.com\/es\/2018\/11\/colombia-comision-de-la-verdad-inicia-su-mandato-con-un-primer-encuentro\/\"},\"wordCount\":501,\"publisher\":{\"@id\":\"https:\/\/www.pressenza.com\/es\/#organization\"},\"image\":{\"@id\":\"https:\/\/www.pressenza.com\/es\/2018\/11\/colombia-comision-de-la-verdad-inicia-su-mandato-con-un-primer-encuentro\/#primaryimage\"},\"thumbnailUrl\":\"https:\/\/www.pressenza.com\/wp-content\/uploads\/2018\/11\/comision-de-la-verdad.jpg\",\"keywords\":[\"Comisi\u00f3n de Verdad\",\"conflicto colombiano\",\"justicia\",\"reconciliaci\u00f3n\"],\"articleSection\":[\"Comunicados de Prensa\",\"Derechos Humanos\",\"Paz y Desarme\",\"Sudam\u00e9rica\",\"Video\"],\"inLanguage\":\"es\"},{\"@type\":\"WebPage\",\"@id\":\"https:\/\/www.pressenza.com\/es\/2018\/11\/colombia-comision-de-la-verdad-inicia-su-mandato-con-un-primer-encuentro\/\",\"url\":\"https:\/\/www.pressenza.com\/es\/2018\/11\/colombia-comision-de-la-verdad-inicia-su-mandato-con-un-primer-encuentro\/\",\"name\":\"Colombia: Comisi\u00f3n de la Verdad inicia su mandato con un primer encuentro\",\"isPartOf\":{\"@id\":\"https:\/\/www.pressenza.com\/es\/#website\"},\"primaryImageOfPage\":{\"@id\":\"https:\/\/www.pressenza.com\/es\/2018\/11\/colombia-comision-de-la-verdad-inicia-su-mandato-con-un-primer-encuentro\/#primaryimage\"},\"image\":{\"@id\":\"https:\/\/www.pressenza.com\/es\/2018\/11\/colombia-comision-de-la-verdad-inicia-su-mandato-con-un-primer-encuentro\/#primaryimage\"},\"thumbnailUrl\":\"https:\/\/www.pressenza.com\/wp-content\/uploads\/2018\/11\/comision-de-la-verdad.jpg\",\"datePublished\":\"2018-11-30T00:11:15+00:00\",\"description\":\"Con el primer encuentro por la verdad, la Comisi\u00f3n inici\u00f3 este jueves su mandato oficial de tres a\u00f1os en el que la dignificaci\u00f3n de las v\u00edctimas ser\u00e1 el\",\"breadcrumb\":{\"@id\":\"https:\/\/www.pressenza.com\/es\/2018\/11\/colombia-comision-de-la-verdad-inicia-su-mandato-con-un-primer-encuentro\/#breadcrumb\"},\"inLanguage\":\"es\",\"potentialAction\":[{\"@type\":\"ReadAction\",\"target\":[\"https:\/\/www.pressenza.com\/es\/2018\/11\/colombia-comision-de-la-verdad-inicia-su-mandato-con-un-primer-encuentro\/\"]}]},{\"@type\":\"ImageObject\",\"inLanguage\":\"es\",\"@id\":\"https:\/\/www.pressenza.com\/es\/2018\/11\/colombia-comision-de-la-verdad-inicia-su-mandato-con-un-primer-encuentro\/#primaryimage\",\"url\":\"https:\/\/www.pressenza.com\/wp-content\/uploads\/2018\/11\/comision-de-la-verdad.jpg\",\"contentUrl\":\"https:\/\/www.pressenza.com\/wp-content\/uploads\/2018\/11\/comision-de-la-verdad.jpg\",\"width\":1200,\"height\":792},{\"@type\":\"BreadcrumbList\",\"@id\":\"https:\/\/www.pressenza.com\/es\/2018\/11\/colombia-comision-de-la-verdad-inicia-su-mandato-con-un-primer-encuentro\/#breadcrumb\",\"itemListElement\":[{\"@type\":\"ListItem\",\"position\":1,\"name\":\"Accueil\",\"item\":\"https:\/\/www.pressenza.com\/es\/\"},{\"@type\":\"ListItem\",\"position\":2,\"name\":\"Colombia: Comisi\u00f3n de la Verdad inicia su mandato con un primer encuentro\"}]},{\"@type\":\"WebSite\",\"@id\":\"https:\/\/www.pressenza.com\/es\/#website\",\"url\":\"https:\/\/www.pressenza.com\/es\/\",\"name\":\"Pressenza\",\"description\":\"International Press Agency\",\"publisher\":{\"@id\":\"https:\/\/www.pressenza.com\/es\/#organization\"},\"potentialAction\":[{\"@type\":\"SearchAction\",\"target\":{\"@type\":\"EntryPoint\",\"urlTemplate\":\"https:\/\/www.pressenza.com\/es\/?s={search_term_string}\"},\"query-input\":{\"@type\":\"PropertyValueSpecification\",\"valueRequired\":true,\"valueName\":\"search_term_string\"}}],\"inLanguage\":\"es\"},{\"@type\":\"Organization\",\"@id\":\"https:\/\/www.pressenza.com\/es\/#organization\",\"name\":\"Pressenza\",\"url\":\"https:\/\/www.pressenza.com\/es\/\",\"logo\":{\"@type\":\"ImageObject\",\"inLanguage\":\"es\",\"@id\":\"https:\/\/www.pressenza.com\/es\/#\/schema\/logo\/image\/\",\"url\":\"https:\/\/www.pressenza.com\/wp-content\/uploads\/2022\/10\/pressenza_logo_200x200.jpg\",\"contentUrl\":\"https:\/\/www.pressenza.com\/wp-content\/uploads\/2022\/10\/pressenza_logo_200x200.jpg\",\"width\":200,\"height\":200,\"caption\":\"Pressenza\"},\"image\":{\"@id\":\"https:\/\/www.pressenza.com\/es\/#\/schema\/logo\/image\/\"},\"sameAs\":[\"https:\/\/www.facebook.com\/PressenzaItalia\",\"https:\/\/x.com\/PressenzaIPA\"]},{\"@type\":\"Person\",\"@id\":\"https:\/\/www.pressenza.com\/es\/#\/schema\/person\/7c8ee170a4502d638436c91e385315f2\",\"name\":\"Redacci\u00f3n Colombia\",\"description\":\"News published by the Pressenza bureau in Colombia\",\"url\":\"https:\/\/www.pressenza.com\/es\/author\/redaccion-colombia\/\"}]}<\/script>\n<!-- \/ Yoast SEO plugin. -->","yoast_head_json":{"title":"Colombia: Comisi\u00f3n de la Verdad inicia su mandato con un primer encuentro","description":"Con el primer encuentro por la verdad, la Comisi\u00f3n inici\u00f3 este jueves su mandato oficial de tres a\u00f1os en el que la dignificaci\u00f3n de las v\u00edctimas ser\u00e1 el","robots":{"index":"index","follow":"follow","max-snippet":"max-snippet:-1","max-image-preview":"max-image-preview:large","max-video-preview":"max-video-preview:-1"},"canonical":"https:\/\/www.pressenza.com\/es\/2018\/11\/colombia-comision-de-la-verdad-inicia-su-mandato-con-un-primer-encuentro\/","og_locale":"es_ES","og_type":"article","og_title":"Colombia: Comisi\u00f3n de la Verdad inicia su mandato con un primer encuentro","og_description":"Con el primer encuentro por la verdad, la Comisi\u00f3n inici\u00f3 este jueves su mandato oficial de tres a\u00f1os en el que la dignificaci\u00f3n de las v\u00edctimas ser\u00e1 el","og_url":"https:\/\/www.pressenza.com\/es\/2018\/11\/colombia-comision-de-la-verdad-inicia-su-mandato-con-un-primer-encuentro\/","og_site_name":"Pressenza","article_publisher":"https:\/\/www.facebook.com\/PressenzaItalia","article_published_time":"2018-11-30T00:11:15+00:00","og_image":[{"width":1200,"height":792,"url":"https:\/\/www.pressenza.com\/wp-content\/uploads\/2018\/11\/comision-de-la-verdad.jpg","type":"image\/jpeg"}],"author":"Redacci\u00f3n Colombia","twitter_card":"summary_large_image","twitter_creator":"@PressenzaIPA","twitter_site":"@PressenzaIPA","twitter_misc":{"Escrito por":"Redacci\u00f3n Colombia","Tiempo de lectura":"2 minutos"},"schema":{"@context":"https:\/\/schema.org","@graph":[{"@type":"Article","@id":"https:\/\/www.pressenza.com\/es\/2018\/11\/colombia-comision-de-la-verdad-inicia-su-mandato-con-un-primer-encuentro\/#article","isPartOf":{"@id":"https:\/\/www.pressenza.com\/es\/2018\/11\/colombia-comision-de-la-verdad-inicia-su-mandato-con-un-primer-encuentro\/"},"author":{"name":"Redacci\u00f3n Colombia","@id":"https:\/\/www.pressenza.com\/es\/#\/schema\/person\/7c8ee170a4502d638436c91e385315f2"},"headline":"Colombia: Comisi\u00f3n de la Verdad inicia su mandato con un primer encuentro","datePublished":"2018-11-30T00:11:15+00:00","mainEntityOfPage":{"@id":"https:\/\/www.pressenza.com\/es\/2018\/11\/colombia-comision-de-la-verdad-inicia-su-mandato-con-un-primer-encuentro\/"},"wordCount":501,"publisher":{"@id":"https:\/\/www.pressenza.com\/es\/#organization"},"image":{"@id":"https:\/\/www.pressenza.com\/es\/2018\/11\/colombia-comision-de-la-verdad-inicia-su-mandato-con-un-primer-encuentro\/#primaryimage"},"thumbnailUrl":"https:\/\/www.pressenza.com\/wp-content\/uploads\/2018\/11\/comision-de-la-verdad.jpg","keywords":["Comisi\u00f3n de Verdad","conflicto colombiano","justicia","reconciliaci\u00f3n"],"articleSection":["Comunicados de Prensa","Derechos Humanos","Paz y Desarme","Sudam\u00e9rica","Video"],"inLanguage":"es"},{"@type":"WebPage","@id":"https:\/\/www.pressenza.com\/es\/2018\/11\/colombia-comision-de-la-verdad-inicia-su-mandato-con-un-primer-encuentro\/","url":"https:\/\/www.pressenza.com\/es\/2018\/11\/colombia-comision-de-la-verdad-inicia-su-mandato-con-un-primer-encuentro\/","name":"Colombia: Comisi\u00f3n de la Verdad inicia su mandato con un primer encuentro","isPartOf":{"@id":"https:\/\/www.pressenza.com\/es\/#website"},"primaryImageOfPage":{"@id":"https:\/\/www.pressenza.com\/es\/2018\/11\/colombia-comision-de-la-verdad-inicia-su-mandato-con-un-primer-encuentro\/#primaryimage"},"image":{"@id":"https:\/\/www.pressenza.com\/es\/2018\/11\/colombia-comision-de-la-verdad-inicia-su-mandato-con-un-primer-encuentro\/#primaryimage"},"thumbnailUrl":"https:\/\/www.pressenza.com\/wp-content\/uploads\/2018\/11\/comision-de-la-verdad.jpg","datePublished":"2018-11-30T00:11:15+00:00","description":"Con el primer encuentro por la verdad, la Comisi\u00f3n inici\u00f3 este jueves su mandato oficial de tres a\u00f1os en el que la dignificaci\u00f3n de las v\u00edctimas ser\u00e1 el","breadcrumb":{"@id":"https:\/\/www.pressenza.com\/es\/2018\/11\/colombia-comision-de-la-verdad-inicia-su-mandato-con-un-primer-encuentro\/#breadcrumb"},"inLanguage":"es","potentialAction":[{"@type":"ReadAction","target":["https:\/\/www.pressenza.com\/es\/2018\/11\/colombia-comision-de-la-verdad-inicia-su-mandato-con-un-primer-encuentro\/"]}]},{"@type":"ImageObject","inLanguage":"es","@id":"https:\/\/www.pressenza.com\/es\/2018\/11\/colombia-comision-de-la-verdad-inicia-su-mandato-con-un-primer-encuentro\/#primaryimage","url":"https:\/\/www.pressenza.com\/wp-content\/uploads\/2018\/11\/comision-de-la-verdad.jpg","contentUrl":"https:\/\/www.pressenza.com\/wp-content\/uploads\/2018\/11\/comision-de-la-verdad.jpg","width":1200,"height":792},{"@type":"BreadcrumbList","@id":"https:\/\/www.pressenza.com\/es\/2018\/11\/colombia-comision-de-la-verdad-inicia-su-mandato-con-un-primer-encuentro\/#breadcrumb","itemListElement":[{"@type":"ListItem","position":1,"name":"Accueil","item":"https:\/\/www.pressenza.com\/es\/"},{"@type":"ListItem","position":2,"name":"Colombia: Comisi\u00f3n de la Verdad inicia su mandato con un primer encuentro"}]},{"@type":"WebSite","@id":"https:\/\/www.pressenza.com\/es\/#website","url":"https:\/\/www.pressenza.com\/es\/","name":"Pressenza","description":"International Press Agency","publisher":{"@id":"https:\/\/www.pressenza.com\/es\/#organization"},"potentialAction":[{"@type":"SearchAction","target":{"@type":"EntryPoint","urlTemplate":"https:\/\/www.pressenza.com\/es\/?s={search_term_string}"},"query-input":{"@type":"PropertyValueSpecification","valueRequired":true,"valueName":"search_term_string"}}],"inLanguage":"es"},{"@type":"Organization","@id":"https:\/\/www.pressenza.com\/es\/#organization","name":"Pressenza","url":"https:\/\/www.pressenza.com\/es\/","logo":{"@type":"ImageObject","inLanguage":"es","@id":"https:\/\/www.pressenza.com\/es\/#\/schema\/logo\/image\/","url":"https:\/\/www.pressenza.com\/wp-content\/uploads\/2022\/10\/pressenza_logo_200x200.jpg","contentUrl":"https:\/\/www.pressenza.com\/wp-content\/uploads\/2022\/10\/pressenza_logo_200x200.jpg","width":200,"height":200,"caption":"Pressenza"},"image":{"@id":"https:\/\/www.pressenza.com\/es\/#\/schema\/logo\/image\/"},"sameAs":["https:\/\/www.facebook.com\/PressenzaItalia","https:\/\/x.com\/PressenzaIPA"]},{"@type":"Person","@id":"https:\/\/www.pressenza.com\/es\/#\/schema\/person\/7c8ee170a4502d638436c91e385315f2","name":"Redacci\u00f3n Colombia","description":"News published by the Pressenza bureau in Colombia","url":"https:\/\/www.pressenza.com\/es\/author\/redaccion-colombia\/"}]}},"place":"Bogot\u00e1, Colombia","original_article_url":"","_links":{"self":[{"href":"https:\/\/www.pressenza.com\/es\/wp-json\/wp\/v2\/posts\/767823","targetHints":{"allow":["GET"]}}],"collection":[{"href":"https:\/\/www.pressenza.com\/es\/wp-json\/wp\/v2\/posts"}],"about":[{"href":"https:\/\/www.pressenza.com\/es\/wp-json\/wp\/v2\/types\/post"}],"author":[{"embeddable":true,"href":"https:\/\/www.pressenza.com\/es\/wp-json\/wp\/v2\/users\/1053"}],"replies":[{"embeddable":true,"href":"https:\/\/www.pressenza.com\/es\/wp-json\/wp\/v2\/comments?post=767823"}],"version-history":[{"count":0,"href":"https:\/\/www.pressenza.com\/es\/wp-json\/wp\/v2\/posts\/767823\/revisions"}],"wp:featuredmedia":[{"embeddable":true,"href":"https:\/\/www.pressenza.com\/es\/wp-json\/wp\/v2\/media\/767837"}],"wp:attachment":[{"href":"https:\/\/www.pressenza.com\/es\/wp-json\/wp\/v2\/media?parent=767823"}],"wp:term":[{"taxonomy":"category","embeddable":true,"href":"https:\/\/www.pressenza.com\/es\/wp-json\/wp\/v2\/categories?post=767823"},{"taxonomy":"post_tag","embeddable":true,"href":"https:\/\/www.pressenza.com\/es\/wp-json\/wp\/v2\/tags?post=767823"}],"curies":[{"name":"wp","href":"https:\/\/api.w.org\/{rel}","templated":true}]}}