{"id":767,"date":"2009-07-29T00:00:00","date_gmt":"2009-07-29T00:00:00","guid":{"rendered":""},"modified":"2009-09-28T05:01:03","modified_gmt":"2009-09-28T05:01:03","slug":"suu-kyix-xembajadora-de-concienciax-de-amnistxa-internacional","status":"publish","type":"post","link":"https:\/\/www.pressenza.com\/es\/2009\/07\/suu-kyix-xembajadora-de-concienciax-de-amnistxa-internacional\/","title":{"rendered":"Suu Kyi: \u00abEmbajadora de Conciencia\u00bb de Amnist\u00eda Internacional"},"content":{"rendered":"<p>Amnist\u00eda Internacional anunci\u00f3 ayer que Daw Aung San Suu Kyi ha sido galardonada con el Premio Embajador de Conciencia 2009.<\/p>\n<p>El premio de este a\u00f1o fue dado a conocer en Dubl\u00edn por Amnist\u00eda Internacional y el grupo de rock U2, galardonado anteriormente, y que apoya desde hace tiempo a la Nobel de la Paz Daw Aung San Suu Kyi.<\/p>\n<p>\u201cEste mes se cumple el 20 aniversario de la detenci\u00f3n de Daw Aung San Suu Kyi y tambi\u00e9n se cumplen 20 a\u00f1os desde que Amnist\u00eda Internacional la declarara presa de conciencia. En estos largos y a menudo oscuros a\u00f1os, Daw Aung San Suu Kyi ha seguido siendo un s\u00edmbolo de esperanza, valor y de eterna defensa de los derechos humanos, no s\u00f3lo para los habitantes de Myanmar, sino para personas de todo el mundo\u201d, ha dicho Irene Khan, secretaria general de Amnist\u00eda Internacional.<\/p>\n<p>Vaclav Havel, ganador en 2003 de la primera edici\u00f3n del Premio Embajador de Conciencia, tambi\u00e9n expres\u00f3 su felicitaci\u00f3n:<\/p>\n<p>    \u00abS\u00e9 por propia experiencia que la atenci\u00f3n internacional puede, hasta cierto punto, proteger a las personas perseguidas injustamente de castigos que se les impondr\u00edan si no la recibieran. Por ese motivo, poco despu\u00e9s de ser elegido presidente de mi pa\u00eds present\u00e9 a la se\u00f1ora Suu Kyi como candidata al premio Nobel de la Paz, que posteriormente se le concedi\u00f3. Qui\u00e9n sabe cu\u00e1l hubiera sido su destino de no haber recibido la atenci\u00f3n de la opini\u00f3n p\u00fablica, como vuelve a suceder hoy. Me alegro de la decisi\u00f3n de Amnist\u00eda y de la solidaridad que U2 y todos ustedes est\u00e1n mostrando hacia esta valiente mujer, embajadora de conciencia de cada uno de nosotros\u00bb<\/p>\n<p>Daw Aung San Suu Kyi, dirigente de la Liga Nacional para la Democracia, partido de oposici\u00f3n en Myanmar, lleva bajo detenci\u00f3n domiciliaria m\u00e1s de 13 de los \u00faltimos 20 a\u00f1os. Su orden de detenci\u00f3n domiciliaria expiraba el 27 de mayo de 2009, pero el 18 de mayo fue acusada de violar las condiciones de su detenci\u00f3n domiciliaria y juzgada. En Myanmar hay actualmente otras 2.100 personas encarceladas por sus opiniones pol\u00edticas que deben ser puestas en libertad.<\/p>\n<p>El juicio de Daw Aung San Suu Kyi por violar las condiciones de su detenci\u00f3n domiciliaria se reanud\u00f3 el 24 de julio. Si es declarada culpable, podr\u00eda ser condenada hasta a cinco a\u00f1os de c\u00e1rcel.<\/p>\n<p>Informaci\u00f3n complementaria<br \/>\nEl Premio Embajador de Conciencia, que este a\u00f1o llega a su sexta edici\u00f3n, reconoce el testimonio y el liderazgo excepcional en la lucha para proteger y promover los derechos humanos.<br \/>\nEste premio, inspirado en un poema escrito por el premio Nobel Seamus Heaney para Amnist\u00eda Internacional, tiene como objetivo promover el trabajo de la organizaci\u00f3n asoci\u00e1ndolo a la vida, la obra y el ejemplo de sus \u201cembajadores\u201d, que tanto han hecho para inspirar al mundo con su labor y su ejemplo personal.<\/p>\n","protected":false},"excerpt":{"rendered":"<p>Amnist\u00eda Internacional anunci\u00f3 ayer que Daw Aung San Suu Kyi, la opositora pol\u00edtica birmana y Nobel de la Paz, ha sido galardonada con el Premio Embajador de Conciencia 2009, el mayor galard\u00f3n en reconocimiento a la defensa de los derechos humanos que otorga la organizaci\u00f3n. Peter Gabriel, Nelson Mandela y Mary Robinson fueron ganadores en anteriores ediciones. <\/p>\n","protected":false},"author":19,"featured_media":0,"comment_status":"closed","ping_status":"open","sticky":false,"template":"","format":"standard","meta":{"footnotes":""},"categories":[76,66,39],"tags":[],"class_list":["post-767","post","type-post","status-publish","format-standard","hentry","category-relaciones-exteriores","category-europa-es","category-internacional"],"yoast_head":"<!-- This site is optimized with the Yoast SEO plugin v27.1.1 - https:\/\/yoast.com\/product\/yoast-seo-wordpress\/ -->\n<title>Suu Kyi: &quot;Embajadora de Conciencia&quot; de Amnist\u00eda Internacional<\/title>\n<meta name=\"description\" content=\"Amnist\u00eda Internacional anunci\u00f3 ayer que Daw Aung San Suu Kyi, la opositora pol\u00edtica birmana y Nobel de la Paz, ha sido galardonada con el Premio Embajador de Conciencia 2009, el mayor galard\u00f3n en reconocimiento a la defensa de los derechos humanos que otorga la organizaci\u00f3n. Peter Gabriel, Nelson Mandela y Mary Robinson fueron ganadores en anteriores ediciones.\" \/>\n<meta name=\"robots\" content=\"index, follow, max-snippet:-1, max-image-preview:large, max-video-preview:-1\" \/>\n<link rel=\"canonical\" href=\"https:\/\/www.pressenza.com\/es\/2009\/07\/suu-kyix-xembajadora-de-concienciax-de-amnistxa-internacional\/\" \/>\n<meta property=\"og:locale\" content=\"es_ES\" \/>\n<meta property=\"og:type\" content=\"article\" \/>\n<meta property=\"og:title\" content=\"Suu Kyi: &quot;Embajadora de Conciencia&quot; de Amnist\u00eda Internacional\" \/>\n<meta property=\"og:description\" content=\"Amnist\u00eda Internacional anunci\u00f3 ayer que Daw Aung San Suu Kyi, la opositora pol\u00edtica birmana y Nobel de la Paz, ha sido galardonada con el Premio Embajador de Conciencia 2009, el mayor galard\u00f3n en reconocimiento a la defensa de los derechos humanos que otorga la organizaci\u00f3n. Peter Gabriel, Nelson Mandela y Mary Robinson fueron ganadores en anteriores ediciones.\" \/>\n<meta property=\"og:url\" content=\"https:\/\/www.pressenza.com\/es\/2009\/07\/suu-kyix-xembajadora-de-concienciax-de-amnistxa-internacional\/\" \/>\n<meta property=\"og:site_name\" content=\"Pressenza\" \/>\n<meta property=\"article:publisher\" content=\"https:\/\/www.facebook.com\/PressenzaItalia\" \/>\n<meta property=\"article:author\" content=\"https:\/\/www.facebook.com\/pressenza\" \/>\n<meta property=\"article:published_time\" content=\"2009-07-29T00:00:00+00:00\" \/>\n<meta property=\"article:modified_time\" content=\"2009-09-28T05:01:03+00:00\" \/>\n<meta name=\"author\" content=\"Pressenza IPA\" \/>\n<meta name=\"twitter:card\" content=\"summary_large_image\" \/>\n<meta name=\"twitter:creator\" content=\"@PressenzaIPA\" \/>\n<meta name=\"twitter:site\" content=\"@PressenzaIPA\" \/>\n<meta name=\"twitter:label1\" content=\"Escrito por\" \/>\n\t<meta name=\"twitter:data1\" content=\"Pressenza IPA\" \/>\n\t<meta name=\"twitter:label2\" content=\"Tiempo de lectura\" \/>\n\t<meta name=\"twitter:data2\" content=\"3 minutos\" \/>\n<script type=\"application\/ld+json\" class=\"yoast-schema-graph\">{\"@context\":\"https:\/\/schema.org\",\"@graph\":[{\"@type\":\"Article\",\"@id\":\"https:\/\/www.pressenza.com\/es\/2009\/07\/suu-kyix-xembajadora-de-concienciax-de-amnistxa-internacional\/#article\",\"isPartOf\":{\"@id\":\"https:\/\/www.pressenza.com\/es\/2009\/07\/suu-kyix-xembajadora-de-concienciax-de-amnistxa-internacional\/\"},\"author\":{\"name\":\"Pressenza IPA\",\"@id\":\"https:\/\/www.pressenza.com\/es\/#\/schema\/person\/010e5d02bcf40965427a1289a4cc8d75\"},\"headline\":\"Suu Kyi: \u00abEmbajadora de Conciencia\u00bb de Amnist\u00eda Internacional\",\"datePublished\":\"2009-07-29T00:00:00+00:00\",\"dateModified\":\"2009-09-28T05:01:03+00:00\",\"mainEntityOfPage\":{\"@id\":\"https:\/\/www.pressenza.com\/es\/2009\/07\/suu-kyix-xembajadora-de-concienciax-de-amnistxa-internacional\/\"},\"wordCount\":510,\"publisher\":{\"@id\":\"https:\/\/www.pressenza.com\/es\/#organization\"},\"articleSection\":[\"Asuntos internacionales\",\"Europa\",\"Internacional\"],\"inLanguage\":\"es\"},{\"@type\":\"WebPage\",\"@id\":\"https:\/\/www.pressenza.com\/es\/2009\/07\/suu-kyix-xembajadora-de-concienciax-de-amnistxa-internacional\/\",\"url\":\"https:\/\/www.pressenza.com\/es\/2009\/07\/suu-kyix-xembajadora-de-concienciax-de-amnistxa-internacional\/\",\"name\":\"Suu Kyi: \\\"Embajadora de Conciencia\\\" de Amnist\u00eda Internacional\",\"isPartOf\":{\"@id\":\"https:\/\/www.pressenza.com\/es\/#website\"},\"datePublished\":\"2009-07-29T00:00:00+00:00\",\"dateModified\":\"2009-09-28T05:01:03+00:00\",\"description\":\"Amnist\u00eda Internacional anunci\u00f3 ayer que Daw Aung San Suu Kyi, la opositora pol\u00edtica birmana y Nobel de la Paz, ha sido galardonada con el Premio Embajador de Conciencia 2009, el mayor galard\u00f3n en reconocimiento a la defensa de los derechos humanos que otorga la organizaci\u00f3n. Peter Gabriel, Nelson Mandela y Mary Robinson fueron ganadores en anteriores ediciones.\",\"breadcrumb\":{\"@id\":\"https:\/\/www.pressenza.com\/es\/2009\/07\/suu-kyix-xembajadora-de-concienciax-de-amnistxa-internacional\/#breadcrumb\"},\"inLanguage\":\"es\",\"potentialAction\":[{\"@type\":\"ReadAction\",\"target\":[\"https:\/\/www.pressenza.com\/es\/2009\/07\/suu-kyix-xembajadora-de-concienciax-de-amnistxa-internacional\/\"]}]},{\"@type\":\"BreadcrumbList\",\"@id\":\"https:\/\/www.pressenza.com\/es\/2009\/07\/suu-kyix-xembajadora-de-concienciax-de-amnistxa-internacional\/#breadcrumb\",\"itemListElement\":[{\"@type\":\"ListItem\",\"position\":1,\"name\":\"Accueil\",\"item\":\"https:\/\/www.pressenza.com\/es\/\"},{\"@type\":\"ListItem\",\"position\":2,\"name\":\"Suu Kyi: \u00abEmbajadora de Conciencia\u00bb de Amnist\u00eda Internacional\"}]},{\"@type\":\"WebSite\",\"@id\":\"https:\/\/www.pressenza.com\/es\/#website\",\"url\":\"https:\/\/www.pressenza.com\/es\/\",\"name\":\"Pressenza\",\"description\":\"International Press Agency\",\"publisher\":{\"@id\":\"https:\/\/www.pressenza.com\/es\/#organization\"},\"potentialAction\":[{\"@type\":\"SearchAction\",\"target\":{\"@type\":\"EntryPoint\",\"urlTemplate\":\"https:\/\/www.pressenza.com\/es\/?s={search_term_string}\"},\"query-input\":{\"@type\":\"PropertyValueSpecification\",\"valueRequired\":true,\"valueName\":\"search_term_string\"}}],\"inLanguage\":\"es\"},{\"@type\":\"Organization\",\"@id\":\"https:\/\/www.pressenza.com\/es\/#organization\",\"name\":\"Pressenza\",\"url\":\"https:\/\/www.pressenza.com\/es\/\",\"logo\":{\"@type\":\"ImageObject\",\"inLanguage\":\"es\",\"@id\":\"https:\/\/www.pressenza.com\/es\/#\/schema\/logo\/image\/\",\"url\":\"https:\/\/www.pressenza.com\/wp-content\/uploads\/2022\/10\/pressenza_logo_200x200.jpg\",\"contentUrl\":\"https:\/\/www.pressenza.com\/wp-content\/uploads\/2022\/10\/pressenza_logo_200x200.jpg\",\"width\":200,\"height\":200,\"caption\":\"Pressenza\"},\"image\":{\"@id\":\"https:\/\/www.pressenza.com\/es\/#\/schema\/logo\/image\/\"},\"sameAs\":[\"https:\/\/www.facebook.com\/PressenzaItalia\",\"https:\/\/x.com\/PressenzaIPA\"]},{\"@type\":\"Person\",\"@id\":\"https:\/\/www.pressenza.com\/es\/#\/schema\/person\/010e5d02bcf40965427a1289a4cc8d75\",\"name\":\"Pressenza IPA\",\"description\":\"News from Pressenza IPA correspondents\",\"sameAs\":[\"https:\/\/www.facebook.com\/pressenza\",\"https:\/\/x.com\/PressenzaIPA\"],\"url\":\"https:\/\/www.pressenza.com\/es\/author\/pressenza-ipa\/\"}]}<\/script>\n<!-- \/ Yoast SEO plugin. -->","yoast_head_json":{"title":"Suu Kyi: \"Embajadora de Conciencia\" de Amnist\u00eda Internacional","description":"Amnist\u00eda Internacional anunci\u00f3 ayer que Daw Aung San Suu Kyi, la opositora pol\u00edtica birmana y Nobel de la Paz, ha sido galardonada con el Premio Embajador de Conciencia 2009, el mayor galard\u00f3n en reconocimiento a la defensa de los derechos humanos que otorga la organizaci\u00f3n. Peter Gabriel, Nelson Mandela y Mary Robinson fueron ganadores en anteriores ediciones.","robots":{"index":"index","follow":"follow","max-snippet":"max-snippet:-1","max-image-preview":"max-image-preview:large","max-video-preview":"max-video-preview:-1"},"canonical":"https:\/\/www.pressenza.com\/es\/2009\/07\/suu-kyix-xembajadora-de-concienciax-de-amnistxa-internacional\/","og_locale":"es_ES","og_type":"article","og_title":"Suu Kyi: \"Embajadora de Conciencia\" de Amnist\u00eda Internacional","og_description":"Amnist\u00eda Internacional anunci\u00f3 ayer que Daw Aung San Suu Kyi, la opositora pol\u00edtica birmana y Nobel de la Paz, ha sido galardonada con el Premio Embajador de Conciencia 2009, el mayor galard\u00f3n en reconocimiento a la defensa de los derechos humanos que otorga la organizaci\u00f3n. Peter Gabriel, Nelson Mandela y Mary Robinson fueron ganadores en anteriores ediciones.","og_url":"https:\/\/www.pressenza.com\/es\/2009\/07\/suu-kyix-xembajadora-de-concienciax-de-amnistxa-internacional\/","og_site_name":"Pressenza","article_publisher":"https:\/\/www.facebook.com\/PressenzaItalia","article_author":"https:\/\/www.facebook.com\/pressenza","article_published_time":"2009-07-29T00:00:00+00:00","article_modified_time":"2009-09-28T05:01:03+00:00","author":"Pressenza IPA","twitter_card":"summary_large_image","twitter_creator":"@PressenzaIPA","twitter_site":"@PressenzaIPA","twitter_misc":{"Escrito por":"Pressenza IPA","Tiempo de lectura":"3 minutos"},"schema":{"@context":"https:\/\/schema.org","@graph":[{"@type":"Article","@id":"https:\/\/www.pressenza.com\/es\/2009\/07\/suu-kyix-xembajadora-de-concienciax-de-amnistxa-internacional\/#article","isPartOf":{"@id":"https:\/\/www.pressenza.com\/es\/2009\/07\/suu-kyix-xembajadora-de-concienciax-de-amnistxa-internacional\/"},"author":{"name":"Pressenza IPA","@id":"https:\/\/www.pressenza.com\/es\/#\/schema\/person\/010e5d02bcf40965427a1289a4cc8d75"},"headline":"Suu Kyi: \u00abEmbajadora de Conciencia\u00bb de Amnist\u00eda Internacional","datePublished":"2009-07-29T00:00:00+00:00","dateModified":"2009-09-28T05:01:03+00:00","mainEntityOfPage":{"@id":"https:\/\/www.pressenza.com\/es\/2009\/07\/suu-kyix-xembajadora-de-concienciax-de-amnistxa-internacional\/"},"wordCount":510,"publisher":{"@id":"https:\/\/www.pressenza.com\/es\/#organization"},"articleSection":["Asuntos internacionales","Europa","Internacional"],"inLanguage":"es"},{"@type":"WebPage","@id":"https:\/\/www.pressenza.com\/es\/2009\/07\/suu-kyix-xembajadora-de-concienciax-de-amnistxa-internacional\/","url":"https:\/\/www.pressenza.com\/es\/2009\/07\/suu-kyix-xembajadora-de-concienciax-de-amnistxa-internacional\/","name":"Suu Kyi: \"Embajadora de Conciencia\" de Amnist\u00eda Internacional","isPartOf":{"@id":"https:\/\/www.pressenza.com\/es\/#website"},"datePublished":"2009-07-29T00:00:00+00:00","dateModified":"2009-09-28T05:01:03+00:00","description":"Amnist\u00eda Internacional anunci\u00f3 ayer que Daw Aung San Suu Kyi, la opositora pol\u00edtica birmana y Nobel de la Paz, ha sido galardonada con el Premio Embajador de Conciencia 2009, el mayor galard\u00f3n en reconocimiento a la defensa de los derechos humanos que otorga la organizaci\u00f3n. Peter Gabriel, Nelson Mandela y Mary Robinson fueron ganadores en anteriores ediciones.","breadcrumb":{"@id":"https:\/\/www.pressenza.com\/es\/2009\/07\/suu-kyix-xembajadora-de-concienciax-de-amnistxa-internacional\/#breadcrumb"},"inLanguage":"es","potentialAction":[{"@type":"ReadAction","target":["https:\/\/www.pressenza.com\/es\/2009\/07\/suu-kyix-xembajadora-de-concienciax-de-amnistxa-internacional\/"]}]},{"@type":"BreadcrumbList","@id":"https:\/\/www.pressenza.com\/es\/2009\/07\/suu-kyix-xembajadora-de-concienciax-de-amnistxa-internacional\/#breadcrumb","itemListElement":[{"@type":"ListItem","position":1,"name":"Accueil","item":"https:\/\/www.pressenza.com\/es\/"},{"@type":"ListItem","position":2,"name":"Suu Kyi: \u00abEmbajadora de Conciencia\u00bb de Amnist\u00eda Internacional"}]},{"@type":"WebSite","@id":"https:\/\/www.pressenza.com\/es\/#website","url":"https:\/\/www.pressenza.com\/es\/","name":"Pressenza","description":"International Press Agency","publisher":{"@id":"https:\/\/www.pressenza.com\/es\/#organization"},"potentialAction":[{"@type":"SearchAction","target":{"@type":"EntryPoint","urlTemplate":"https:\/\/www.pressenza.com\/es\/?s={search_term_string}"},"query-input":{"@type":"PropertyValueSpecification","valueRequired":true,"valueName":"search_term_string"}}],"inLanguage":"es"},{"@type":"Organization","@id":"https:\/\/www.pressenza.com\/es\/#organization","name":"Pressenza","url":"https:\/\/www.pressenza.com\/es\/","logo":{"@type":"ImageObject","inLanguage":"es","@id":"https:\/\/www.pressenza.com\/es\/#\/schema\/logo\/image\/","url":"https:\/\/www.pressenza.com\/wp-content\/uploads\/2022\/10\/pressenza_logo_200x200.jpg","contentUrl":"https:\/\/www.pressenza.com\/wp-content\/uploads\/2022\/10\/pressenza_logo_200x200.jpg","width":200,"height":200,"caption":"Pressenza"},"image":{"@id":"https:\/\/www.pressenza.com\/es\/#\/schema\/logo\/image\/"},"sameAs":["https:\/\/www.facebook.com\/PressenzaItalia","https:\/\/x.com\/PressenzaIPA"]},{"@type":"Person","@id":"https:\/\/www.pressenza.com\/es\/#\/schema\/person\/010e5d02bcf40965427a1289a4cc8d75","name":"Pressenza IPA","description":"News from Pressenza IPA correspondents","sameAs":["https:\/\/www.facebook.com\/pressenza","https:\/\/x.com\/PressenzaIPA"],"url":"https:\/\/www.pressenza.com\/es\/author\/pressenza-ipa\/"}]}},"place":"Ginebra","original_article_url":"","_links":{"self":[{"href":"https:\/\/www.pressenza.com\/es\/wp-json\/wp\/v2\/posts\/767","targetHints":{"allow":["GET"]}}],"collection":[{"href":"https:\/\/www.pressenza.com\/es\/wp-json\/wp\/v2\/posts"}],"about":[{"href":"https:\/\/www.pressenza.com\/es\/wp-json\/wp\/v2\/types\/post"}],"author":[{"embeddable":true,"href":"https:\/\/www.pressenza.com\/es\/wp-json\/wp\/v2\/users\/19"}],"replies":[{"embeddable":true,"href":"https:\/\/www.pressenza.com\/es\/wp-json\/wp\/v2\/comments?post=767"}],"version-history":[{"count":0,"href":"https:\/\/www.pressenza.com\/es\/wp-json\/wp\/v2\/posts\/767\/revisions"}],"wp:attachment":[{"href":"https:\/\/www.pressenza.com\/es\/wp-json\/wp\/v2\/media?parent=767"}],"wp:term":[{"taxonomy":"category","embeddable":true,"href":"https:\/\/www.pressenza.com\/es\/wp-json\/wp\/v2\/categories?post=767"},{"taxonomy":"post_tag","embeddable":true,"href":"https:\/\/www.pressenza.com\/es\/wp-json\/wp\/v2\/tags?post=767"}],"curies":[{"name":"wp","href":"https:\/\/api.w.org\/{rel}","templated":true}]}}