{"id":76657,"date":"2013-11-14T14:15:20","date_gmt":"2013-11-14T14:15:20","guid":{"rendered":"http:\/\/www.pressenza.com\/?p=76657"},"modified":"2013-11-14T14:17:01","modified_gmt":"2013-11-14T14:17:01","slug":"primer-dia-del-foro-universitario-por-la-paz-en-guayaquil","status":"publish","type":"post","link":"https:\/\/www.pressenza.com\/es\/2013\/11\/primer-dia-del-foro-universitario-por-la-paz-en-guayaquil\/","title":{"rendered":"Primer d\u00eda del Foro universitario por la Paz en Guayaquil"},"content":{"rendered":"<p style=\"text-align: justify;\">Con un lleno total (algunos no pudieron acceder al sal\u00f3n de actos) hoy se inaugur\u00f3 el Primer Foro Universitario por la Paz y la NoViolencia de Guayaquil. Fue en la Universidad Salesiana. El evento cont\u00f3 con ponentes internacionales llegados de Espa\u00f1a y Honduras y un nutrido cuerpo de profesores de diferentes universidades y centros educativos. La compositiva m\u00e1s numerosa eran estudiantes universitarios y algunos alumnos de secundaria.<\/p>\n<p>Abri\u00f3 el acto Sonia Venegas de Mundo Sin Guerras Internacional (MSGySV) \u2013 Cap\u00edtulo Ecuador, asociaci\u00f3n que organiz\u00f3 el evento, despu\u00e9s el profesor Ricardo L\u00f3pez de la FACSO disert\u00f3 sobre el tema \u201cLa b\u00fasqueda de la Paz\u201d. El fundador de la asociaci\u00f3n MSGySV, el espa\u00f1ol Rafael de la Rubia, habl\u00f3 sobre la crisis sist\u00e9mica actual, c\u00f3mo de ella hab\u00edan surgido los movimientos sociales emergentes en los \u00faltimos a\u00f1os, en especial el 15M, los Occupy, indignados y el 132, para detallar algunos de los valores que aportaban, la horizontalidad, la inclusividad, el respeto, el rechazo al poder, la metodolog\u00eda de la no violencia, como algunas de sus se\u00f1as de identidad.<\/p>\n<p>La licenciada Dalia Palomeque habl\u00f3 de los \u201cDerechos Humanos en la tercera edad\u201d y el tema del \u201cTratado de Tlatelolco y su incidencia en la paz Latinoamericana\u201d fue desarrollado por la licenciada Mar\u00eda Lourdes Valdivieso.<\/p>\n<p>Este Foro Universitario se desarrollar\u00e1 tambi\u00e9n los d\u00edas 14 y 15 finalizando con una ceremonia recordando aquel 15 de noviembre de 1922 cuando trabajadores que iniciaron una huelga reclamando sus derechos fueron masacrados y arrojados al rio Guayas.<\/p>\n<p>\u201cMundo sin guerras y sin violencia\u201d Cap\u00edtulo Guayaquil trabaja por ir creando conciencia social sobre la necesidad de visibilizar, denunciar, desaprender y combatir todas la formas de violencia. Es una organizaci\u00f3n con estatus consultivo de Naciones Unidas.<\/p>\n","protected":false},"excerpt":{"rendered":"<p>Con un lleno total (algunos no pudieron acceder al sal\u00f3n de actos) hoy se inaugur\u00f3 el Primer Foro Universitario por la Paz y la NoViolencia de Guayaquil. Fue en la Universidad Salesiana. El evento cont\u00f3 con ponentes internacionales llegados de&hellip;<\/p>\n","protected":false},"author":634,"featured_media":76659,"comment_status":"closed","ping_status":"open","sticky":false,"template":"","format":"standard","meta":{"footnotes":""},"categories":[149,1242,67],"tags":[3087,7752],"class_list":["post-76657","post","type-post","status-publish","format-standard","has-post-thumbnail","hentry","category-comunicados-de-prensa","category-noviolencia-tema","category-sudamerica","tag-mundo-sin-guerras-y-sin-violencia","tag-rafael-de-la-rubia-2"],"yoast_head":"<!-- This site is optimized with the Yoast SEO plugin v27.1.1 - https:\/\/yoast.com\/product\/yoast-seo-wordpress\/ -->\n<title>Primer d\u00eda del Foro universitario por la Paz en Guayaquil<\/title>\n<meta name=\"description\" content=\"Con un lleno total (algunos no pudieron acceder al sal\u00f3n de actos) hoy se inaugur\u00f3 el Primer Foro Universitario por la Paz y la NoViolencia de Guayaquil.\" \/>\n<meta name=\"robots\" content=\"index, follow, max-snippet:-1, max-image-preview:large, max-video-preview:-1\" \/>\n<link rel=\"canonical\" href=\"https:\/\/www.pressenza.com\/es\/2013\/11\/primer-dia-del-foro-universitario-por-la-paz-en-guayaquil\/\" \/>\n<meta property=\"og:locale\" content=\"es_ES\" \/>\n<meta property=\"og:type\" content=\"article\" \/>\n<meta property=\"og:title\" content=\"Primer d\u00eda del Foro universitario por la Paz en Guayaquil\" \/>\n<meta property=\"og:description\" content=\"Con un lleno total (algunos no pudieron acceder al sal\u00f3n de actos) hoy se inaugur\u00f3 el Primer Foro Universitario por la Paz y la NoViolencia de Guayaquil.\" \/>\n<meta property=\"og:url\" content=\"https:\/\/www.pressenza.com\/es\/2013\/11\/primer-dia-del-foro-universitario-por-la-paz-en-guayaquil\/\" \/>\n<meta property=\"og:site_name\" content=\"Pressenza\" \/>\n<meta property=\"article:publisher\" content=\"https:\/\/www.facebook.com\/PressenzaItalia\" \/>\n<meta property=\"article:author\" content=\"https:\/\/www.facebook.com\/MundoSinGuerrasYSinViolencia\" \/>\n<meta property=\"article:published_time\" content=\"2013-11-14T14:15:20+00:00\" \/>\n<meta property=\"article:modified_time\" content=\"2013-11-14T14:17:01+00:00\" \/>\n<meta property=\"og:image\" content=\"https:\/\/www.pressenza.com\/wp-content\/uploads\/2013\/11\/foro.jpg\" \/>\n\t<meta property=\"og:image:width\" content=\"640\" \/>\n\t<meta property=\"og:image:height\" content=\"480\" \/>\n\t<meta property=\"og:image:type\" content=\"image\/jpeg\" \/>\n<meta name=\"author\" content=\"Mundo sin Guerras y sin Violencia\" \/>\n<meta name=\"twitter:card\" content=\"summary_large_image\" \/>\n<meta name=\"twitter:creator\" content=\"@msgysv\" \/>\n<meta name=\"twitter:site\" content=\"@PressenzaIPA\" \/>\n<meta name=\"twitter:label1\" content=\"Escrito por\" \/>\n\t<meta name=\"twitter:data1\" content=\"Mundo sin Guerras y sin Violencia\" \/>\n\t<meta name=\"twitter:label2\" content=\"Tiempo de lectura\" \/>\n\t<meta name=\"twitter:data2\" content=\"2 minutos\" \/>\n<script type=\"application\/ld+json\" class=\"yoast-schema-graph\">{\"@context\":\"https:\/\/schema.org\",\"@graph\":[{\"@type\":\"Article\",\"@id\":\"https:\/\/www.pressenza.com\/es\/2013\/11\/primer-dia-del-foro-universitario-por-la-paz-en-guayaquil\/#article\",\"isPartOf\":{\"@id\":\"https:\/\/www.pressenza.com\/es\/2013\/11\/primer-dia-del-foro-universitario-por-la-paz-en-guayaquil\/\"},\"author\":{\"name\":\"Mundo sin Guerras y sin Violencia\",\"@id\":\"https:\/\/www.pressenza.com\/es\/#\/schema\/person\/d47d804d04b08f58c790fbabcbbf9670\"},\"headline\":\"Primer d\u00eda del Foro universitario por la Paz en Guayaquil\",\"datePublished\":\"2013-11-14T14:15:20+00:00\",\"dateModified\":\"2013-11-14T14:17:01+00:00\",\"mainEntityOfPage\":{\"@id\":\"https:\/\/www.pressenza.com\/es\/2013\/11\/primer-dia-del-foro-universitario-por-la-paz-en-guayaquil\/\"},\"wordCount\":311,\"publisher\":{\"@id\":\"https:\/\/www.pressenza.com\/es\/#organization\"},\"image\":{\"@id\":\"https:\/\/www.pressenza.com\/es\/2013\/11\/primer-dia-del-foro-universitario-por-la-paz-en-guayaquil\/#primaryimage\"},\"thumbnailUrl\":\"https:\/\/www.pressenza.com\/wp-content\/uploads\/2013\/11\/foro.jpg\",\"keywords\":[\"Mundo sin Guerras y sin Violencia\",\"Rafael de la Rubia\"],\"articleSection\":[\"Comunicados de Prensa\",\"Noviolencia\",\"Sudam\u00e9rica\"],\"inLanguage\":\"es\"},{\"@type\":\"WebPage\",\"@id\":\"https:\/\/www.pressenza.com\/es\/2013\/11\/primer-dia-del-foro-universitario-por-la-paz-en-guayaquil\/\",\"url\":\"https:\/\/www.pressenza.com\/es\/2013\/11\/primer-dia-del-foro-universitario-por-la-paz-en-guayaquil\/\",\"name\":\"Primer d\u00eda del Foro universitario por la Paz en Guayaquil\",\"isPartOf\":{\"@id\":\"https:\/\/www.pressenza.com\/es\/#website\"},\"primaryImageOfPage\":{\"@id\":\"https:\/\/www.pressenza.com\/es\/2013\/11\/primer-dia-del-foro-universitario-por-la-paz-en-guayaquil\/#primaryimage\"},\"image\":{\"@id\":\"https:\/\/www.pressenza.com\/es\/2013\/11\/primer-dia-del-foro-universitario-por-la-paz-en-guayaquil\/#primaryimage\"},\"thumbnailUrl\":\"https:\/\/www.pressenza.com\/wp-content\/uploads\/2013\/11\/foro.jpg\",\"datePublished\":\"2013-11-14T14:15:20+00:00\",\"dateModified\":\"2013-11-14T14:17:01+00:00\",\"description\":\"Con un lleno total (algunos no pudieron acceder al sal\u00f3n de actos) hoy se inaugur\u00f3 el Primer Foro Universitario por la Paz y la NoViolencia de Guayaquil.\",\"breadcrumb\":{\"@id\":\"https:\/\/www.pressenza.com\/es\/2013\/11\/primer-dia-del-foro-universitario-por-la-paz-en-guayaquil\/#breadcrumb\"},\"inLanguage\":\"es\",\"potentialAction\":[{\"@type\":\"ReadAction\",\"target\":[\"https:\/\/www.pressenza.com\/es\/2013\/11\/primer-dia-del-foro-universitario-por-la-paz-en-guayaquil\/\"]}]},{\"@type\":\"ImageObject\",\"inLanguage\":\"es\",\"@id\":\"https:\/\/www.pressenza.com\/es\/2013\/11\/primer-dia-del-foro-universitario-por-la-paz-en-guayaquil\/#primaryimage\",\"url\":\"https:\/\/www.pressenza.com\/wp-content\/uploads\/2013\/11\/foro.jpg\",\"contentUrl\":\"https:\/\/www.pressenza.com\/wp-content\/uploads\/2013\/11\/foro.jpg\",\"width\":640,\"height\":480},{\"@type\":\"BreadcrumbList\",\"@id\":\"https:\/\/www.pressenza.com\/es\/2013\/11\/primer-dia-del-foro-universitario-por-la-paz-en-guayaquil\/#breadcrumb\",\"itemListElement\":[{\"@type\":\"ListItem\",\"position\":1,\"name\":\"Accueil\",\"item\":\"https:\/\/www.pressenza.com\/es\/\"},{\"@type\":\"ListItem\",\"position\":2,\"name\":\"Primer d\u00eda del Foro universitario por la Paz en Guayaquil\"}]},{\"@type\":\"WebSite\",\"@id\":\"https:\/\/www.pressenza.com\/es\/#website\",\"url\":\"https:\/\/www.pressenza.com\/es\/\",\"name\":\"Pressenza\",\"description\":\"International Press Agency\",\"publisher\":{\"@id\":\"https:\/\/www.pressenza.com\/es\/#organization\"},\"potentialAction\":[{\"@type\":\"SearchAction\",\"target\":{\"@type\":\"EntryPoint\",\"urlTemplate\":\"https:\/\/www.pressenza.com\/es\/?s={search_term_string}\"},\"query-input\":{\"@type\":\"PropertyValueSpecification\",\"valueRequired\":true,\"valueName\":\"search_term_string\"}}],\"inLanguage\":\"es\"},{\"@type\":\"Organization\",\"@id\":\"https:\/\/www.pressenza.com\/es\/#organization\",\"name\":\"Pressenza\",\"url\":\"https:\/\/www.pressenza.com\/es\/\",\"logo\":{\"@type\":\"ImageObject\",\"inLanguage\":\"es\",\"@id\":\"https:\/\/www.pressenza.com\/es\/#\/schema\/logo\/image\/\",\"url\":\"https:\/\/www.pressenza.com\/wp-content\/uploads\/2022\/10\/pressenza_logo_200x200.jpg\",\"contentUrl\":\"https:\/\/www.pressenza.com\/wp-content\/uploads\/2022\/10\/pressenza_logo_200x200.jpg\",\"width\":200,\"height\":200,\"caption\":\"Pressenza\"},\"image\":{\"@id\":\"https:\/\/www.pressenza.com\/es\/#\/schema\/logo\/image\/\"},\"sameAs\":[\"https:\/\/www.facebook.com\/PressenzaItalia\",\"https:\/\/x.com\/PressenzaIPA\"]},{\"@type\":\"Person\",\"@id\":\"https:\/\/www.pressenza.com\/es\/#\/schema\/person\/d47d804d04b08f58c790fbabcbbf9670\",\"name\":\"Mundo sin Guerras y sin Violencia\",\"description\":\"World without Wars and Violence has been a non-profit organisation for more than 20 years and receives no funding from any government. It has \\\"Special Consultative Status\\\" with the UN Economic and Social Council. https:\/\/worldwwars.org\/\",\"sameAs\":[\"https:\/\/worldwwars.org\/\",\"https:\/\/www.facebook.com\/MundoSinGuerrasYSinViolencia\",\"https:\/\/x.com\/msgysv\"],\"url\":\"https:\/\/www.pressenza.com\/es\/author\/mundo-sin-guerras\/\"}]}<\/script>\n<!-- \/ Yoast SEO plugin. -->","yoast_head_json":{"title":"Primer d\u00eda del Foro universitario por la Paz en Guayaquil","description":"Con un lleno total (algunos no pudieron acceder al sal\u00f3n de actos) hoy se inaugur\u00f3 el Primer Foro Universitario por la Paz y la NoViolencia de Guayaquil.","robots":{"index":"index","follow":"follow","max-snippet":"max-snippet:-1","max-image-preview":"max-image-preview:large","max-video-preview":"max-video-preview:-1"},"canonical":"https:\/\/www.pressenza.com\/es\/2013\/11\/primer-dia-del-foro-universitario-por-la-paz-en-guayaquil\/","og_locale":"es_ES","og_type":"article","og_title":"Primer d\u00eda del Foro universitario por la Paz en Guayaquil","og_description":"Con un lleno total (algunos no pudieron acceder al sal\u00f3n de actos) hoy se inaugur\u00f3 el Primer Foro Universitario por la Paz y la NoViolencia de Guayaquil.","og_url":"https:\/\/www.pressenza.com\/es\/2013\/11\/primer-dia-del-foro-universitario-por-la-paz-en-guayaquil\/","og_site_name":"Pressenza","article_publisher":"https:\/\/www.facebook.com\/PressenzaItalia","article_author":"https:\/\/www.facebook.com\/MundoSinGuerrasYSinViolencia","article_published_time":"2013-11-14T14:15:20+00:00","article_modified_time":"2013-11-14T14:17:01+00:00","og_image":[{"width":640,"height":480,"url":"https:\/\/www.pressenza.com\/wp-content\/uploads\/2013\/11\/foro.jpg","type":"image\/jpeg"}],"author":"Mundo sin Guerras y sin Violencia","twitter_card":"summary_large_image","twitter_creator":"@msgysv","twitter_site":"@PressenzaIPA","twitter_misc":{"Escrito por":"Mundo sin Guerras y sin Violencia","Tiempo de lectura":"2 minutos"},"schema":{"@context":"https:\/\/schema.org","@graph":[{"@type":"Article","@id":"https:\/\/www.pressenza.com\/es\/2013\/11\/primer-dia-del-foro-universitario-por-la-paz-en-guayaquil\/#article","isPartOf":{"@id":"https:\/\/www.pressenza.com\/es\/2013\/11\/primer-dia-del-foro-universitario-por-la-paz-en-guayaquil\/"},"author":{"name":"Mundo sin Guerras y sin Violencia","@id":"https:\/\/www.pressenza.com\/es\/#\/schema\/person\/d47d804d04b08f58c790fbabcbbf9670"},"headline":"Primer d\u00eda del Foro universitario por la Paz en Guayaquil","datePublished":"2013-11-14T14:15:20+00:00","dateModified":"2013-11-14T14:17:01+00:00","mainEntityOfPage":{"@id":"https:\/\/www.pressenza.com\/es\/2013\/11\/primer-dia-del-foro-universitario-por-la-paz-en-guayaquil\/"},"wordCount":311,"publisher":{"@id":"https:\/\/www.pressenza.com\/es\/#organization"},"image":{"@id":"https:\/\/www.pressenza.com\/es\/2013\/11\/primer-dia-del-foro-universitario-por-la-paz-en-guayaquil\/#primaryimage"},"thumbnailUrl":"https:\/\/www.pressenza.com\/wp-content\/uploads\/2013\/11\/foro.jpg","keywords":["Mundo sin Guerras y sin Violencia","Rafael de la Rubia"],"articleSection":["Comunicados de Prensa","Noviolencia","Sudam\u00e9rica"],"inLanguage":"es"},{"@type":"WebPage","@id":"https:\/\/www.pressenza.com\/es\/2013\/11\/primer-dia-del-foro-universitario-por-la-paz-en-guayaquil\/","url":"https:\/\/www.pressenza.com\/es\/2013\/11\/primer-dia-del-foro-universitario-por-la-paz-en-guayaquil\/","name":"Primer d\u00eda del Foro universitario por la Paz en Guayaquil","isPartOf":{"@id":"https:\/\/www.pressenza.com\/es\/#website"},"primaryImageOfPage":{"@id":"https:\/\/www.pressenza.com\/es\/2013\/11\/primer-dia-del-foro-universitario-por-la-paz-en-guayaquil\/#primaryimage"},"image":{"@id":"https:\/\/www.pressenza.com\/es\/2013\/11\/primer-dia-del-foro-universitario-por-la-paz-en-guayaquil\/#primaryimage"},"thumbnailUrl":"https:\/\/www.pressenza.com\/wp-content\/uploads\/2013\/11\/foro.jpg","datePublished":"2013-11-14T14:15:20+00:00","dateModified":"2013-11-14T14:17:01+00:00","description":"Con un lleno total (algunos no pudieron acceder al sal\u00f3n de actos) hoy se inaugur\u00f3 el Primer Foro Universitario por la Paz y la NoViolencia de Guayaquil.","breadcrumb":{"@id":"https:\/\/www.pressenza.com\/es\/2013\/11\/primer-dia-del-foro-universitario-por-la-paz-en-guayaquil\/#breadcrumb"},"inLanguage":"es","potentialAction":[{"@type":"ReadAction","target":["https:\/\/www.pressenza.com\/es\/2013\/11\/primer-dia-del-foro-universitario-por-la-paz-en-guayaquil\/"]}]},{"@type":"ImageObject","inLanguage":"es","@id":"https:\/\/www.pressenza.com\/es\/2013\/11\/primer-dia-del-foro-universitario-por-la-paz-en-guayaquil\/#primaryimage","url":"https:\/\/www.pressenza.com\/wp-content\/uploads\/2013\/11\/foro.jpg","contentUrl":"https:\/\/www.pressenza.com\/wp-content\/uploads\/2013\/11\/foro.jpg","width":640,"height":480},{"@type":"BreadcrumbList","@id":"https:\/\/www.pressenza.com\/es\/2013\/11\/primer-dia-del-foro-universitario-por-la-paz-en-guayaquil\/#breadcrumb","itemListElement":[{"@type":"ListItem","position":1,"name":"Accueil","item":"https:\/\/www.pressenza.com\/es\/"},{"@type":"ListItem","position":2,"name":"Primer d\u00eda del Foro universitario por la Paz en Guayaquil"}]},{"@type":"WebSite","@id":"https:\/\/www.pressenza.com\/es\/#website","url":"https:\/\/www.pressenza.com\/es\/","name":"Pressenza","description":"International Press Agency","publisher":{"@id":"https:\/\/www.pressenza.com\/es\/#organization"},"potentialAction":[{"@type":"SearchAction","target":{"@type":"EntryPoint","urlTemplate":"https:\/\/www.pressenza.com\/es\/?s={search_term_string}"},"query-input":{"@type":"PropertyValueSpecification","valueRequired":true,"valueName":"search_term_string"}}],"inLanguage":"es"},{"@type":"Organization","@id":"https:\/\/www.pressenza.com\/es\/#organization","name":"Pressenza","url":"https:\/\/www.pressenza.com\/es\/","logo":{"@type":"ImageObject","inLanguage":"es","@id":"https:\/\/www.pressenza.com\/es\/#\/schema\/logo\/image\/","url":"https:\/\/www.pressenza.com\/wp-content\/uploads\/2022\/10\/pressenza_logo_200x200.jpg","contentUrl":"https:\/\/www.pressenza.com\/wp-content\/uploads\/2022\/10\/pressenza_logo_200x200.jpg","width":200,"height":200,"caption":"Pressenza"},"image":{"@id":"https:\/\/www.pressenza.com\/es\/#\/schema\/logo\/image\/"},"sameAs":["https:\/\/www.facebook.com\/PressenzaItalia","https:\/\/x.com\/PressenzaIPA"]},{"@type":"Person","@id":"https:\/\/www.pressenza.com\/es\/#\/schema\/person\/d47d804d04b08f58c790fbabcbbf9670","name":"Mundo sin Guerras y sin Violencia","description":"World without Wars and Violence has been a non-profit organisation for more than 20 years and receives no funding from any government. It has \"Special Consultative Status\" with the UN Economic and Social Council. https:\/\/worldwwars.org\/","sameAs":["https:\/\/worldwwars.org\/","https:\/\/www.facebook.com\/MundoSinGuerrasYSinViolencia","https:\/\/x.com\/msgysv"],"url":"https:\/\/www.pressenza.com\/es\/author\/mundo-sin-guerras\/"}]}},"place":"Gayaquil","original_article_url":"","_links":{"self":[{"href":"https:\/\/www.pressenza.com\/es\/wp-json\/wp\/v2\/posts\/76657","targetHints":{"allow":["GET"]}}],"collection":[{"href":"https:\/\/www.pressenza.com\/es\/wp-json\/wp\/v2\/posts"}],"about":[{"href":"https:\/\/www.pressenza.com\/es\/wp-json\/wp\/v2\/types\/post"}],"author":[{"embeddable":true,"href":"https:\/\/www.pressenza.com\/es\/wp-json\/wp\/v2\/users\/634"}],"replies":[{"embeddable":true,"href":"https:\/\/www.pressenza.com\/es\/wp-json\/wp\/v2\/comments?post=76657"}],"version-history":[{"count":0,"href":"https:\/\/www.pressenza.com\/es\/wp-json\/wp\/v2\/posts\/76657\/revisions"}],"wp:featuredmedia":[{"embeddable":true,"href":"https:\/\/www.pressenza.com\/es\/wp-json\/wp\/v2\/media\/76659"}],"wp:attachment":[{"href":"https:\/\/www.pressenza.com\/es\/wp-json\/wp\/v2\/media?parent=76657"}],"wp:term":[{"taxonomy":"category","embeddable":true,"href":"https:\/\/www.pressenza.com\/es\/wp-json\/wp\/v2\/categories?post=76657"},{"taxonomy":"post_tag","embeddable":true,"href":"https:\/\/www.pressenza.com\/es\/wp-json\/wp\/v2\/tags?post=76657"}],"curies":[{"name":"wp","href":"https:\/\/api.w.org\/{rel}","templated":true}]}}