{"id":765,"date":"2009-07-28T00:00:00","date_gmt":"2009-07-28T00:00:00","guid":{"rendered":""},"modified":"2009-09-28T05:01:03","modified_gmt":"2009-09-28T05:01:03","slug":"ahora-sxx-otro-mundo-es-posiblex","status":"publish","type":"post","link":"https:\/\/www.pressenza.com\/es\/2009\/07\/ahora-sxx-otro-mundo-es-posiblex\/","title":{"rendered":"Ahora s\u00ed, otro mundo es posible."},"content":{"rendered":"<p>*\u00bbTenemos la capacidad de lograr el mundo que deseamos si tenemos el valor<br \/>\nde emprender un nuevo comienzo\u00bb*. Barack Obama, El Cairo, 4 de junio de 2009.<\/p>\n<p>Para pasar de una \u00e9poca de cambios a un cambio de \u00e9poca es imprescindible que se produzca la reacci\u00f3n de la sociedad, que ya no puede permanecer impasible, espectadora, testigo de lo que sucede, sino que tiene que participar, activamente, para que los gobiernos sean aut\u00e9nticamente democr\u00e1ticos, es decir, act\u00faen en virtud de la voluntad mayoritaria de los ciudadanos y escuchen y respeten todas las opiniones. No me canso de repetir la importancia que tuvo, al t\u00e9rmino de la Segunda Guerra Mundial, que la Carta de las Naciones Unidas iniciara su pre\u00e1mbulo de este modo: *\u00bbNosotros, los pueblos, hemos resuelto evitar a las generaciones venideras el horror de la guerra\u00bb*. Estaba claro que eran **los pueblos** los que deb\u00edan construir la paz a trav\u00e9s de sus representantes genuinos. Y hacerlo en virtud del supremo compromiso contra\u00eddo con las generaciones venideras.<\/p>\n<p>Sin embargo, no fueron *\u00bblos pueblos\u00bb* sino los Estados, muchos de ellos autoritarios, los que interpretaron la Carta a su modo: la cooperaci\u00f3n pronto se mud\u00f3 en explotaci\u00f3n, las ayudas en pr\u00e9stamos, los valores universales en leyes de mercado. Prevaleci\u00f3 el preparar la guerra para asegurar la paz, en lugar de construir la paz. Abandonadas progresivamente por las grandes potencias, las Naciones Unidas vieron c\u00f3mo su sue\u00f1o de democracia planetaria se convert\u00eda en agrupaciones plutocr\u00e1ticas (G-7, G-8, G-20&#8230;) que enarbolaban, en vez de *\u00bbNosotros, los pueblos\u00bb*, la ense\u00f1a de *\u00bbNosotros, los poderosos\u00bb*.<\/p>\n<p>Una econom\u00eda de guerra, azuzada por los grandes productores de material b\u00e9lico, se fue consolidando hasta alcanzar en el a\u00f1o 2000 inversiones diarias de casi 3.000 millones de d\u00f3lares cuando la pobreza extrema y las muertes por hambre y enfermedades ya evitables se calculaban entre 60.000 y 70.000 personas cada d\u00eda. No existi\u00f3 la voluntad pol\u00edtica entre las grandes potencias de favorecer el desarrollo end\u00f3geno, de garantizar la igual dignidad de todos los seres humanos.<\/p>\n<p>El panorama actual constituye una verg\u00fcenza colectiva, que exige un cambio tan radical como apremiante. Ahora s\u00ed es posible este cambio porque en los \u00faltimos a\u00f1os se ha producido una r\u00e1pida *\u00bbmaduraci\u00f3n\u00bb* de las capacidades necesarias para que los s\u00fabditos se conviertan en ciudadanos del mundo y adquieran una conciencia global y, por tanto, la posibilidad de comparaci\u00f3n, base \u00e9tica fundamental; el incremento de mujeres en el escenario p\u00fablico y en los procesos de toma de decisi\u00f3n, y, por fin, la posibilidad de participaci\u00f3n no presencial, a trav\u00e9s de las modernas tecnolog\u00edas de comunicaci\u00f3n (Internet, SMS&#8230;).<\/p>\n<p>Participaci\u00f3n personal e institucional, anticip\u00e1ndonos para prevenir aquello que aparezca como m\u00e1s nocivo para la calidad de vida. La complejidad de los desaf\u00edos reclama una interacci\u00f3n permanente de los gobiernos, Parlamentos y concejos con la comunidad cient\u00edfica y acad\u00e9mica con el fin de **no aplazar decisiones**, especialmente en procesos potencialmente irreversibles (biol\u00f3gicos, sociales, medioambientales&#8230;).<\/p>\n<p>Ahora s\u00ed es posible: la *\u00bbtensi\u00f3n humana\u00bb* que produce la presente crisis -econ\u00f3mica, medioambiental, alimenticia, energ\u00e9tica, democr\u00e1tica, \u00e9tica&#8230;- **representa una extraordinaria oportunidad** para convertir en acci\u00f3n la sorpresa e indignaci\u00f3n sentida por quienes reclamaban in\u00fatilmente unos fondos razonables para erradicar el hambre o el sida, y han visto c\u00f3mo se abr\u00edan los aliviaderos de inmensos dep\u00f3sitos para el *\u00bbrescate\u00bb* de las mismas instituciones que, con codicia e irresponsabilidad, nos llevaron a la presente situaci\u00f3n.<\/p>\n<p>Ahora s\u00ed es posible, por el *\u00bbdespertar\u00bb* democr\u00e1tico de tantos pa\u00edses sometidos en el este de Europa, Am\u00e9rica Latina, \u00c1frica, Asia. Y tendr\u00e1 que hacerlo la Uni\u00f3n Europea, que sigue siendo una Comunidad Econ\u00f3mica, con mucha inercia de los instalados y la inexplicable tendencia a favorecer fuera de su \u00e1mbito pol\u00edticas que no estima procedentes en casa. Pero, estoy convencido, si de verdad los pa\u00edses que la integran comparten valores esenciales, de que es cosa de poco tiempo.<\/p>\n<p>Las ra\u00edces de esta crisis m\u00faltiple deben situarse, precisamente, en la inmensa equivocaci\u00f3n de sustituir los *\u00bbprincipios democr\u00e1ticos universales\u00bb* de la justicia social, la solidaridad, la igualdad, por el mercado. El resultado ha sido la ampliaci\u00f3n de las asimetr\u00edas econ\u00f3micas propiciando grandes desgarros sociales y poniendo en evidencia la insoportable levedad de la democracia, parafraseando a Kundera. Democracias sometidas, con ciudadanos perplejos pero obedientes y resignados, tanto por la fuerza del poder econ\u00f3mico y militar como medi\u00e1tico. Es preocupante ver c\u00f3mo, en una parte de la sociedad saciada, la pertenencia partidista es fan\u00e1tica, irreflexiva, indiscutible.<\/p>\n<p>Ahora s\u00ed es posible el fortalecimiento democr\u00e1tico para el cambio radical que representa el presidente Obama en el liderazgo mundial: di\u00e1logo, colaboraci\u00f3n, b\u00fasqueda de la paz a trav\u00e9s de la justicia y de la igual dignidad de todos los seres humanos. *\u00bbJuntos\u00bb*, ha proclamado, *\u00bbpodemos\u00bb*. Ahora s\u00ed es posible porque ha quedado claro que es indispensable el **multilateralismo**. Que no se trata de reforzar algunas de las instituciones del Sistema, sino de cambiarlas profundamente.<\/p>\n<p>Ahora s\u00ed, en 10 \u00f3 12 a\u00f1os es posible que tenga lugar el cambio de \u00e9poca tan anhelado, desde una cultura de fuerza e imposici\u00f3n a una cultura de di\u00e1logo, conciliaci\u00f3n, alianza y paz. Ha llegado el momento de la gran transici\u00f3n desde la fuerza a la palabra.<\/p>\n<p>Hasta hace bien poco se han seguido invirtiendo inmensas cantidades en armamento propio de confrontaciones convencionales. La Administraci\u00f3n de Bush ha llevado el gasto militar hasta l\u00edmites inveros\u00edmiles. Pero ahora, por fortuna, el presidente Obama ha decidido liderar el desarme ofreciendo un plan concreto para reducir arsenales, cambiar de enfoque y frenar la proliferaci\u00f3n de ojivas nucleares. *\u00bbHemos de optar\u00bb*, ha dicho Obama, *\u00bbentre inversiones destinadas a mantener la seguridad del pueblo americano y otras elegidas para enriquecer a una compa\u00f1\u00eda fabricante o a un gran contratista\u00bb*.<\/p>\n<p>Ahora s\u00ed es posible que, junto al fortalecimiento del sistema multilateral y la eliminaci\u00f3n inmediata de los para\u00edsos fiscales, puedan sustituirse parcialmente las inversiones en armamentos por **inversiones en desarrollo global sostenible**: energ\u00edas renovables, producci\u00f3n de alimentos (agricultura, acuicultura y biotecnolog\u00eda), obtenci\u00f3n y conducci\u00f3n de agua, salud, transportes, vivienda&#8230; S\u00f3lo as\u00ed aumentar\u00e1 el n\u00famero de *\u00bbclientes\u00bb* en todo el mundo, y se evitar\u00e1n los caldos de cultivo que crean flujos migratorios de personas desesperadas y violencia.<\/p>\n<p>Ahora s\u00ed es posible. Por el sentimiento \u00edntimo de que, de una vez, debe cambiar la mano alzada por la mano tendida. Las palabras clave son involucrarse y compartir. Tengo la seguridad de que, en los momentos actuales, una gran mayor\u00eda de ciudadanos con empleo contribuir\u00edan a un Fondo Voluntario de Solidaridad Social. Lo que no podemos hacer es pensar siempre que los problemas -que hemos consentido en buena parte con nuestro silencio y abstenci\u00f3n- sean solucionados por quienes no supieron atajar oportunamente sistemas basados en la desregulaci\u00f3n y la especulaci\u00f3n.<\/p>\n<p>*\u00bbTodos los seres humanos iguales en dignidad\u00bb*: \u00e9sta es la clave -tan l\u00facidamente establecida en la Constituci\u00f3n de la UNESCO y la Declaraci\u00f3n Universal de los Derechos Humanos- para entrar en la nueva era. Todos los seres humanos capaces de crear, de imaginar, de inventar, de emprender este nuevo comienzo siendo conscientes de que disponemos de las capacidades y voluntad requeridas. Y entonces, frente a los que sigan anclados en el pasado y en sus privilegios, frente a los esc\u00e9pticos y pusil\u00e1nimes, se iniciar\u00e1 el cambio que anhelamos, este otro mundo de nuestros sue\u00f1os. Con serenidad, porque sabemos que podemos. Como tan bellamente lo expres\u00f3 \u00c1lvaro Cunqueiro: *\u00bbEl ave canta aunque la rama cruja porque conoce la fuerza de sus alas\u00bb*.<\/p>\n","protected":false},"excerpt":{"rendered":"<p>La crisis y el liderazgo de Obama son una oportunidad para cambiar el rumbo, para conseguir que primen los valores de la libertad, la igualdad y la solidaridad, pisoteados en la anterior etapa por el culto al mercado.<\/p>\n<p>Columna de Opini\u00f3n aportada por Federico Mayor Zaragoza, Presidente de la Fundaci\u00f3n Cultura de Paz.<\/p>\n<p>LEER M\u00c1S&#8230;<\/p>\n","protected":false},"author":19,"featured_media":0,"comment_status":"closed","ping_status":"open","sticky":false,"template":"","format":"standard","meta":{"footnotes":""},"categories":[75,66,39,161],"tags":[],"class_list":["post-765","post","type-post","status-publish","format-standard","hentry","category-cultura-es","category-europa-es","category-internacional","category-opiniones"],"yoast_head":"<!-- This site is optimized with the Yoast SEO plugin v27.1.1 - https:\/\/yoast.com\/product\/yoast-seo-wordpress\/ -->\n<title>Ahora s\u00ed, otro mundo es posible.<\/title>\n<meta name=\"description\" content=\"La crisis y el liderazgo de Obama son una oportunidad para cambiar el rumbo, para conseguir que primen los valores de la libertad, la igualdad y la solidaridad, pisoteados en la anterior etapa por el culto al mercado.  Columna de Opini\u00f3n aportada por Federico Mayor Zaragoza, Presidente de la Fundaci\u00f3n Cultura de Paz.  LEER M\u00c1S...\" \/>\n<meta name=\"robots\" content=\"index, follow, max-snippet:-1, max-image-preview:large, max-video-preview:-1\" \/>\n<link rel=\"canonical\" href=\"https:\/\/www.pressenza.com\/es\/2009\/07\/ahora-sxx-otro-mundo-es-posiblex\/\" \/>\n<meta property=\"og:locale\" content=\"es_ES\" \/>\n<meta property=\"og:type\" content=\"article\" \/>\n<meta property=\"og:title\" content=\"Ahora s\u00ed, otro mundo es posible.\" \/>\n<meta property=\"og:description\" content=\"La crisis y el liderazgo de Obama son una oportunidad para cambiar el rumbo, para conseguir que primen los valores de la libertad, la igualdad y la solidaridad, pisoteados en la anterior etapa por el culto al mercado.  Columna de Opini\u00f3n aportada por Federico Mayor Zaragoza, Presidente de la Fundaci\u00f3n Cultura de Paz.  LEER M\u00c1S...\" \/>\n<meta property=\"og:url\" content=\"https:\/\/www.pressenza.com\/es\/2009\/07\/ahora-sxx-otro-mundo-es-posiblex\/\" \/>\n<meta property=\"og:site_name\" content=\"Pressenza\" \/>\n<meta property=\"article:publisher\" content=\"https:\/\/www.facebook.com\/PressenzaItalia\" \/>\n<meta property=\"article:author\" content=\"https:\/\/www.facebook.com\/pressenza\" \/>\n<meta property=\"article:published_time\" content=\"2009-07-28T00:00:00+00:00\" \/>\n<meta property=\"article:modified_time\" content=\"2009-09-28T05:01:03+00:00\" \/>\n<meta name=\"author\" content=\"Pressenza IPA\" \/>\n<meta name=\"twitter:card\" content=\"summary_large_image\" \/>\n<meta name=\"twitter:creator\" content=\"@PressenzaIPA\" \/>\n<meta name=\"twitter:site\" content=\"@PressenzaIPA\" \/>\n<meta name=\"twitter:label1\" content=\"Escrito por\" \/>\n\t<meta name=\"twitter:data1\" content=\"Pressenza IPA\" \/>\n\t<meta name=\"twitter:label2\" content=\"Tiempo de lectura\" \/>\n\t<meta name=\"twitter:data2\" content=\"7 minutos\" \/>\n<script type=\"application\/ld+json\" class=\"yoast-schema-graph\">{\"@context\":\"https:\/\/schema.org\",\"@graph\":[{\"@type\":\"Article\",\"@id\":\"https:\/\/www.pressenza.com\/es\/2009\/07\/ahora-sxx-otro-mundo-es-posiblex\/#article\",\"isPartOf\":{\"@id\":\"https:\/\/www.pressenza.com\/es\/2009\/07\/ahora-sxx-otro-mundo-es-posiblex\/\"},\"author\":{\"name\":\"Pressenza IPA\",\"@id\":\"https:\/\/www.pressenza.com\/es\/#\/schema\/person\/010e5d02bcf40965427a1289a4cc8d75\"},\"headline\":\"Ahora s\u00ed, otro mundo es posible.\",\"datePublished\":\"2009-07-28T00:00:00+00:00\",\"dateModified\":\"2009-09-28T05:01:03+00:00\",\"mainEntityOfPage\":{\"@id\":\"https:\/\/www.pressenza.com\/es\/2009\/07\/ahora-sxx-otro-mundo-es-posiblex\/\"},\"wordCount\":1335,\"publisher\":{\"@id\":\"https:\/\/www.pressenza.com\/es\/#organization\"},\"articleSection\":[\"Cultura y Medios\",\"Europa\",\"Internacional\",\"Opiniones\"],\"inLanguage\":\"es\"},{\"@type\":\"WebPage\",\"@id\":\"https:\/\/www.pressenza.com\/es\/2009\/07\/ahora-sxx-otro-mundo-es-posiblex\/\",\"url\":\"https:\/\/www.pressenza.com\/es\/2009\/07\/ahora-sxx-otro-mundo-es-posiblex\/\",\"name\":\"Ahora s\u00ed, otro mundo es posible.\",\"isPartOf\":{\"@id\":\"https:\/\/www.pressenza.com\/es\/#website\"},\"datePublished\":\"2009-07-28T00:00:00+00:00\",\"dateModified\":\"2009-09-28T05:01:03+00:00\",\"description\":\"La crisis y el liderazgo de Obama son una oportunidad para cambiar el rumbo, para conseguir que primen los valores de la libertad, la igualdad y la solidaridad, pisoteados en la anterior etapa por el culto al mercado. Columna de Opini\u00f3n aportada por Federico Mayor Zaragoza, Presidente de la Fundaci\u00f3n Cultura de Paz. LEER M\u00c1S...\",\"breadcrumb\":{\"@id\":\"https:\/\/www.pressenza.com\/es\/2009\/07\/ahora-sxx-otro-mundo-es-posiblex\/#breadcrumb\"},\"inLanguage\":\"es\",\"potentialAction\":[{\"@type\":\"ReadAction\",\"target\":[\"https:\/\/www.pressenza.com\/es\/2009\/07\/ahora-sxx-otro-mundo-es-posiblex\/\"]}]},{\"@type\":\"BreadcrumbList\",\"@id\":\"https:\/\/www.pressenza.com\/es\/2009\/07\/ahora-sxx-otro-mundo-es-posiblex\/#breadcrumb\",\"itemListElement\":[{\"@type\":\"ListItem\",\"position\":1,\"name\":\"Accueil\",\"item\":\"https:\/\/www.pressenza.com\/es\/\"},{\"@type\":\"ListItem\",\"position\":2,\"name\":\"Ahora s\u00ed, otro mundo es posible.\"}]},{\"@type\":\"WebSite\",\"@id\":\"https:\/\/www.pressenza.com\/es\/#website\",\"url\":\"https:\/\/www.pressenza.com\/es\/\",\"name\":\"Pressenza\",\"description\":\"International Press Agency\",\"publisher\":{\"@id\":\"https:\/\/www.pressenza.com\/es\/#organization\"},\"potentialAction\":[{\"@type\":\"SearchAction\",\"target\":{\"@type\":\"EntryPoint\",\"urlTemplate\":\"https:\/\/www.pressenza.com\/es\/?s={search_term_string}\"},\"query-input\":{\"@type\":\"PropertyValueSpecification\",\"valueRequired\":true,\"valueName\":\"search_term_string\"}}],\"inLanguage\":\"es\"},{\"@type\":\"Organization\",\"@id\":\"https:\/\/www.pressenza.com\/es\/#organization\",\"name\":\"Pressenza\",\"url\":\"https:\/\/www.pressenza.com\/es\/\",\"logo\":{\"@type\":\"ImageObject\",\"inLanguage\":\"es\",\"@id\":\"https:\/\/www.pressenza.com\/es\/#\/schema\/logo\/image\/\",\"url\":\"https:\/\/www.pressenza.com\/wp-content\/uploads\/2022\/10\/pressenza_logo_200x200.jpg\",\"contentUrl\":\"https:\/\/www.pressenza.com\/wp-content\/uploads\/2022\/10\/pressenza_logo_200x200.jpg\",\"width\":200,\"height\":200,\"caption\":\"Pressenza\"},\"image\":{\"@id\":\"https:\/\/www.pressenza.com\/es\/#\/schema\/logo\/image\/\"},\"sameAs\":[\"https:\/\/www.facebook.com\/PressenzaItalia\",\"https:\/\/x.com\/PressenzaIPA\"]},{\"@type\":\"Person\",\"@id\":\"https:\/\/www.pressenza.com\/es\/#\/schema\/person\/010e5d02bcf40965427a1289a4cc8d75\",\"name\":\"Pressenza IPA\",\"description\":\"News from Pressenza IPA correspondents\",\"sameAs\":[\"https:\/\/www.facebook.com\/pressenza\",\"https:\/\/x.com\/PressenzaIPA\"],\"url\":\"https:\/\/www.pressenza.com\/es\/author\/pressenza-ipa\/\"}]}<\/script>\n<!-- \/ Yoast SEO plugin. -->","yoast_head_json":{"title":"Ahora s\u00ed, otro mundo es posible.","description":"La crisis y el liderazgo de Obama son una oportunidad para cambiar el rumbo, para conseguir que primen los valores de la libertad, la igualdad y la solidaridad, pisoteados en la anterior etapa por el culto al mercado.  Columna de Opini\u00f3n aportada por Federico Mayor Zaragoza, Presidente de la Fundaci\u00f3n Cultura de Paz.  LEER M\u00c1S...","robots":{"index":"index","follow":"follow","max-snippet":"max-snippet:-1","max-image-preview":"max-image-preview:large","max-video-preview":"max-video-preview:-1"},"canonical":"https:\/\/www.pressenza.com\/es\/2009\/07\/ahora-sxx-otro-mundo-es-posiblex\/","og_locale":"es_ES","og_type":"article","og_title":"Ahora s\u00ed, otro mundo es posible.","og_description":"La crisis y el liderazgo de Obama son una oportunidad para cambiar el rumbo, para conseguir que primen los valores de la libertad, la igualdad y la solidaridad, pisoteados en la anterior etapa por el culto al mercado.  Columna de Opini\u00f3n aportada por Federico Mayor Zaragoza, Presidente de la Fundaci\u00f3n Cultura de Paz.  LEER M\u00c1S...","og_url":"https:\/\/www.pressenza.com\/es\/2009\/07\/ahora-sxx-otro-mundo-es-posiblex\/","og_site_name":"Pressenza","article_publisher":"https:\/\/www.facebook.com\/PressenzaItalia","article_author":"https:\/\/www.facebook.com\/pressenza","article_published_time":"2009-07-28T00:00:00+00:00","article_modified_time":"2009-09-28T05:01:03+00:00","author":"Pressenza IPA","twitter_card":"summary_large_image","twitter_creator":"@PressenzaIPA","twitter_site":"@PressenzaIPA","twitter_misc":{"Escrito por":"Pressenza IPA","Tiempo de lectura":"7 minutos"},"schema":{"@context":"https:\/\/schema.org","@graph":[{"@type":"Article","@id":"https:\/\/www.pressenza.com\/es\/2009\/07\/ahora-sxx-otro-mundo-es-posiblex\/#article","isPartOf":{"@id":"https:\/\/www.pressenza.com\/es\/2009\/07\/ahora-sxx-otro-mundo-es-posiblex\/"},"author":{"name":"Pressenza IPA","@id":"https:\/\/www.pressenza.com\/es\/#\/schema\/person\/010e5d02bcf40965427a1289a4cc8d75"},"headline":"Ahora s\u00ed, otro mundo es posible.","datePublished":"2009-07-28T00:00:00+00:00","dateModified":"2009-09-28T05:01:03+00:00","mainEntityOfPage":{"@id":"https:\/\/www.pressenza.com\/es\/2009\/07\/ahora-sxx-otro-mundo-es-posiblex\/"},"wordCount":1335,"publisher":{"@id":"https:\/\/www.pressenza.com\/es\/#organization"},"articleSection":["Cultura y Medios","Europa","Internacional","Opiniones"],"inLanguage":"es"},{"@type":"WebPage","@id":"https:\/\/www.pressenza.com\/es\/2009\/07\/ahora-sxx-otro-mundo-es-posiblex\/","url":"https:\/\/www.pressenza.com\/es\/2009\/07\/ahora-sxx-otro-mundo-es-posiblex\/","name":"Ahora s\u00ed, otro mundo es posible.","isPartOf":{"@id":"https:\/\/www.pressenza.com\/es\/#website"},"datePublished":"2009-07-28T00:00:00+00:00","dateModified":"2009-09-28T05:01:03+00:00","description":"La crisis y el liderazgo de Obama son una oportunidad para cambiar el rumbo, para conseguir que primen los valores de la libertad, la igualdad y la solidaridad, pisoteados en la anterior etapa por el culto al mercado. Columna de Opini\u00f3n aportada por Federico Mayor Zaragoza, Presidente de la Fundaci\u00f3n Cultura de Paz. LEER M\u00c1S...","breadcrumb":{"@id":"https:\/\/www.pressenza.com\/es\/2009\/07\/ahora-sxx-otro-mundo-es-posiblex\/#breadcrumb"},"inLanguage":"es","potentialAction":[{"@type":"ReadAction","target":["https:\/\/www.pressenza.com\/es\/2009\/07\/ahora-sxx-otro-mundo-es-posiblex\/"]}]},{"@type":"BreadcrumbList","@id":"https:\/\/www.pressenza.com\/es\/2009\/07\/ahora-sxx-otro-mundo-es-posiblex\/#breadcrumb","itemListElement":[{"@type":"ListItem","position":1,"name":"Accueil","item":"https:\/\/www.pressenza.com\/es\/"},{"@type":"ListItem","position":2,"name":"Ahora s\u00ed, otro mundo es posible."}]},{"@type":"WebSite","@id":"https:\/\/www.pressenza.com\/es\/#website","url":"https:\/\/www.pressenza.com\/es\/","name":"Pressenza","description":"International Press Agency","publisher":{"@id":"https:\/\/www.pressenza.com\/es\/#organization"},"potentialAction":[{"@type":"SearchAction","target":{"@type":"EntryPoint","urlTemplate":"https:\/\/www.pressenza.com\/es\/?s={search_term_string}"},"query-input":{"@type":"PropertyValueSpecification","valueRequired":true,"valueName":"search_term_string"}}],"inLanguage":"es"},{"@type":"Organization","@id":"https:\/\/www.pressenza.com\/es\/#organization","name":"Pressenza","url":"https:\/\/www.pressenza.com\/es\/","logo":{"@type":"ImageObject","inLanguage":"es","@id":"https:\/\/www.pressenza.com\/es\/#\/schema\/logo\/image\/","url":"https:\/\/www.pressenza.com\/wp-content\/uploads\/2022\/10\/pressenza_logo_200x200.jpg","contentUrl":"https:\/\/www.pressenza.com\/wp-content\/uploads\/2022\/10\/pressenza_logo_200x200.jpg","width":200,"height":200,"caption":"Pressenza"},"image":{"@id":"https:\/\/www.pressenza.com\/es\/#\/schema\/logo\/image\/"},"sameAs":["https:\/\/www.facebook.com\/PressenzaItalia","https:\/\/x.com\/PressenzaIPA"]},{"@type":"Person","@id":"https:\/\/www.pressenza.com\/es\/#\/schema\/person\/010e5d02bcf40965427a1289a4cc8d75","name":"Pressenza IPA","description":"News from Pressenza IPA correspondents","sameAs":["https:\/\/www.facebook.com\/pressenza","https:\/\/x.com\/PressenzaIPA"],"url":"https:\/\/www.pressenza.com\/es\/author\/pressenza-ipa\/"}]}},"place":"Madrid","original_article_url":"","_links":{"self":[{"href":"https:\/\/www.pressenza.com\/es\/wp-json\/wp\/v2\/posts\/765","targetHints":{"allow":["GET"]}}],"collection":[{"href":"https:\/\/www.pressenza.com\/es\/wp-json\/wp\/v2\/posts"}],"about":[{"href":"https:\/\/www.pressenza.com\/es\/wp-json\/wp\/v2\/types\/post"}],"author":[{"embeddable":true,"href":"https:\/\/www.pressenza.com\/es\/wp-json\/wp\/v2\/users\/19"}],"replies":[{"embeddable":true,"href":"https:\/\/www.pressenza.com\/es\/wp-json\/wp\/v2\/comments?post=765"}],"version-history":[{"count":0,"href":"https:\/\/www.pressenza.com\/es\/wp-json\/wp\/v2\/posts\/765\/revisions"}],"wp:attachment":[{"href":"https:\/\/www.pressenza.com\/es\/wp-json\/wp\/v2\/media?parent=765"}],"wp:term":[{"taxonomy":"category","embeddable":true,"href":"https:\/\/www.pressenza.com\/es\/wp-json\/wp\/v2\/categories?post=765"},{"taxonomy":"post_tag","embeddable":true,"href":"https:\/\/www.pressenza.com\/es\/wp-json\/wp\/v2\/tags?post=765"}],"curies":[{"name":"wp","href":"https:\/\/api.w.org\/{rel}","templated":true}]}}