{"id":763,"date":"2009-07-27T00:00:00","date_gmt":"2009-07-27T00:00:00","guid":{"rendered":""},"modified":"2009-09-28T05:01:03","modified_gmt":"2009-09-28T05:01:03","slug":"zimbabuex-pensar-en-la-reconciliacixn","status":"publish","type":"post","link":"https:\/\/www.pressenza.com\/es\/2009\/07\/zimbabuex-pensar-en-la-reconciliacixn\/","title":{"rendered":"Zimbabue: pensar en la reconciliaci\u00f3n"},"content":{"rendered":"<p>Durante el pasado fin de semana, el gobierno zimbabuense dedic\u00f3 tres jornadas para la oraci\u00f3n y la reflexi\u00f3n en torno a la paz y la reconciliaci\u00f3n nacional, tras la violencia desatada luego de la derrota hist\u00f3rica del r\u00e9gimen del presidente Robert Mugabe en las elecciones de 2008.<\/p>\n<p>John Nkomo ha sido el hombre de voz suave encargado de conducir el proceso y uno de los tres responsables del \u00d3rgano de Integraci\u00f3n y Reconciliaci\u00f3n, creado en abril por Mugabe, en el marco del Acuerdo Pol\u00edtico Global, suscrito el 15 de septiembre de 2008. <\/p>\n<p>El objetivo fue \u00abcrear un mecanismo capaz de proponer medidas necesarias y practicables para lograr la reconciliaci\u00f3n, la cohesi\u00f3n y la unidad\u00bb. <\/p>\n<p>La crisis pol\u00edtica se instal\u00f3 en Zimbabwe con el triunfo del Movimiento para el Cambio Democr\u00e1tico (MDC) en los comicios de marzo de 2008. <\/p>\n<p>Antes de la segunda ronda electoral, la Uni\u00f3n Nacional Africana de Zimbabwe&#8211;Frente Patri\u00f3tico (ZANU-PF), de Mugabe, quien gobierna este pa\u00eds desde 1980, lanz\u00f3 una violenta campa\u00f1a de intimidaci\u00f3n contra la oposici\u00f3n, que llev\u00f3 al l\u00edder de uno de los sectores del MDC, Morgan Tsvangirai, a retirarse de la contienda. <\/p>\n<p>La Comunidad para el Desarrollo de \u00c1frica Austral, encabezada por Sud\u00e1frica, medi\u00f3 para promover un acuerdo hacia un gobierno de unidad, seg\u00fan el cual Mugabe mantendr\u00eda la presidencia, Tsvangirai ser\u00eda primer ministro y el MDC mantendr\u00eda la mayor\u00eda parlamentaria. <\/p>\n<p>El precario gobierno de unidad se concret\u00f3 finalmente el 11 de febrero cuando Mugabe le tom\u00f3 juramento a Tsvangirai como primer ministro. <\/p>\n<p>El gobierno propuso a partir del viernes tres d\u00edas para la oraci\u00f3n y la reflexi\u00f3n sobre la paz y la reconciliaci\u00f3n.<br \/>\n\u00abSer\u00e1n d\u00edas para orar y mirar a Dios y buscar su gu\u00eda espiritual en la b\u00fasqueda de un nuevo Zimbabwe donde vivamos juntos y haya tolerancia\u00bb, dijo Nkomo en entrevista telef\u00f3nica con IPS. <\/p>\n<p>El comienzo de un largo proceso  <\/p>\n<p>Los tres d\u00edas de recogimiento son s\u00f3lo el comienzo de lo que se prev\u00e9 ser\u00e1 un largo proceso. El \u00f3rgano que preside Nkomo iniciar\u00e1 pronto una consulta nacional sobre c\u00f3mo lograr la reconciliaci\u00f3n nacional.<br \/>\n\u00abLa consulta nacional nos permitir\u00e1 conocer las causas de la violencia\u00bb, explic\u00f3. \u00abTenemos que tener la mente tranquila para la tarea, no creemos en la venganza. Si nos inclinamos por ojo por ojo, no quedar\u00e1 ninguno para guiar al pa\u00eds\u00bb.<br \/>\nEl pol\u00edtico de 74 a\u00f1os vivi\u00f3 varios episodios de violencia pol\u00edtica, desde la guerra de independencia en los a\u00f1os 60 y 70, la brutal represi\u00f3n del gobierno contra la oposici\u00f3n en Matabeleland a mediados de los 80, el enfrentamiento en respuesta al programa de confiscaci\u00f3n de tierras a la minor\u00eda blanca de principios de 2000 y la \u00faltima, la de 2008. <\/p>\n<p>Los colaboradores de Nkomo son Gibson Sibanda, ex sindicalista y miembro fundador del MDC, que representa a la facci\u00f3n dirigida por Arthur Mutambara, y el activista de derechos humanos Sekai Holland, tambi\u00e9n vinculado a ese partido desde sus or\u00edgenes y ahora en el sector de Tsvangirai.<br \/>\n\u00abSomos conscientes de que hay mucho dolor, pero perm\u00edtannos encontrar la forma de apaciguar la situaci\u00f3n y reconciliarnos. Estamos creando un sistema que facilite el intercambio de ideas y un mecanismo aceptable que permita cicatrizar las heridas de nuestra naci\u00f3n\u00bb. <\/p>\n<p>No es la primera vez que se solicita la asistencia de Nkomo como pacificador. Ofici\u00f3 de mediador entre el gobierno y una comisi\u00f3n creada para ayudar a las v\u00edctimas del \u00abgukurahundi\u00bb a principios de los 80. <\/p>\n<p>El t\u00e9rmino shona significa \u00ablluvia temprana que se lleva la paja antes de las lluvias primaverales\u00bb y se aplic\u00f3 a la quinta brigada del ej\u00e9rcito, entrenada en Corea del Norte, desplegada en las provincias de Matabeleland y Midlands para poner fin al conflicto armado con grupos de la Uni\u00f3n Popular Africana de Zimbabwe, una de las agrupaciones que luch\u00f3 por la independencia. Miles de personas murieron en los combates. <\/p>\n<p>Nkomo es una de las cuatro figuras que integran el m\u00e1ximo \u00f3rgano de decisi\u00f3n del ZANU-PF. Los otros son Mugabe y los vicepresidentes Joseph Msika y Joyce Mujuru. <\/p>\n<p>El experimentado pol\u00edtico se considera sensato y firme y dice gozar de respeto e influencia pol\u00edtica. Sus allegados dicen que solicita la opini\u00f3n de otros cuando no posee informaci\u00f3n calificada, le gusta jugar en equipo y tiene una relaci\u00f3n estrecha con Mugabe. <\/p>\n<p>De profesi\u00f3n docente, Nkomo particip\u00f3 en las luchas libertadoras y encabez\u00f3 diversos ministerios desde la independencia del pa\u00eds. Fue presidente del parlamento en 2005. No se present\u00f3 a las elecciones de 2008, pero fue designado por Mugabe al Senado. <\/p>\n<p>Partidarios del ZANU-PF son considerados responsables de la violencia previa y posterior a las elecciones de 2008, lo que lleva a algunos cr\u00edticos a cuestionar la idoneidad de los dirigentes de ese partido para conducir la reconciliaci\u00f3n entre los victimarios y sus v\u00edctimas. <\/p>\n<p>Nkomo no se sorprendi\u00f3, pero est\u00e1 decidido a emplear sus conocimientos en aras de la cohesi\u00f3n nacional. <\/p>\n<p>El otrora hombre fuerte del ZANU-PF, Enos Nkala, es uno de los que no est\u00e1n convencidos.<br \/>\n\u00abQu\u00e9 y a qui\u00e9n est\u00e1n reconciliando\u00bb, pregunt\u00f3 Nkala. \u00abTodo tiene que ver con el trabajo que deben cumplir\u00bb.<br \/>\n\u00abAcaso van a restituir las caba\u00f1as que fueron quemadas\u00bb, a\u00f1adi\u00f3. \u00abQu\u00e9 van a hacer con las v\u00edctimas de la violencia que est\u00e1n emocional, espiritual y f\u00edsicamente lastimadas. Tenemos que empezar por crear una comisi\u00f3n de la verdad\u00bb. <\/p>\n<p>Varias organizaciones sociales sostienen que el gobierno debi\u00f3 comenzar por consultar a todos los sectores sobre quienes deben encabezar el proceso de cohesi\u00f3n. <\/p>\n<p>Organizaciones no gubernamentales y otros actores sociales sostienen que debi\u00f3 crearse una comisi\u00f3n de la verdad como primer paso para lograr la reconciliaci\u00f3n nacional. Los responsables de la violencia y las v\u00edctimas deben poder hablar sobre lo que pas\u00f3 para tener una base com\u00fan para poder perdonar. <\/p>\n<p>Nkomo refut\u00f3 las cr\u00edticas de que el equipo no est\u00e1 capacitado para la tarea.<br \/>\n\u00abSomos las personas indicadas porque fuimos v\u00edctimas del r\u00e9gimen colonial. La gente que nos se\u00f1ala con el dedo no son v\u00edctimas, pero quieren hablar por ellas. En tanto pol\u00edticos, sabemos qu\u00e9 es la violencia porque nos enfrentamos entre nosotros y la comprendemos\u00bb, arguy\u00f3. <\/p>\n<p>Pero muchas personas creen que la labor del \u00d3rgano de Integraci\u00f3n y Reconciliaci\u00f3n ser\u00e1 imposible si no hay justicia. <\/p>\n<p>Nkomo se\u00f1al\u00f3 que el organismo escuchar\u00e1 sugerencias, incluida la creaci\u00f3n de una comisi\u00f3n de la verdad, en tanto el proceso sea conducido por los zimbabuenses. <\/p>\n<p>Numerosas organizaciones de la sociedad civil sostienen que con estos tres d\u00edas el gobierno intenta tapar las graves y actuales violaciones a los derechos humanos.<\/p>\n","protected":false},"excerpt":{"rendered":"<p>Durante el fin de semana, el gobierno zimbabuense dedic\u00f3 tres d\u00edas a la oraci\u00f3n y la reflexi\u00f3n en torno a la paz y la reconciliaci\u00f3n nacional, para crear un mecanismo capaz de proponer medidas necesarias y practicables para lograr la reconciliaci\u00f3n, la cohesi\u00f3n y la unidad tras la violencia desatada luego de la derrota del presidente Robert Mugabe en las elecciones de 2008<\/p>\n","protected":false},"author":19,"featured_media":0,"comment_status":"closed","ping_status":"open","sticky":false,"template":"","format":"standard","meta":{"footnotes":""},"categories":[64,75,39],"tags":[],"class_list":["post-763","post","type-post","status-publish","format-standard","hentry","category-africa-es","category-cultura-es","category-internacional"],"yoast_head":"<!-- This site is optimized with the Yoast SEO plugin v27.1.1 - https:\/\/yoast.com\/product\/yoast-seo-wordpress\/ -->\n<title>Zimbabue: pensar en la reconciliaci\u00f3n<\/title>\n<meta name=\"description\" content=\"Durante el fin de semana, el gobierno zimbabuense dedic\u00f3 tres d\u00edas a la oraci\u00f3n y la reflexi\u00f3n en torno a la paz y la reconciliaci\u00f3n nacional, para crear un mecanismo capaz de proponer medidas necesarias y practicables para lograr la reconciliaci\u00f3n, la cohesi\u00f3n y la unidad tras la violencia desatada luego de la derrota del presidente Robert Mugabe en las elecciones de 2008\" \/>\n<meta name=\"robots\" content=\"index, follow, max-snippet:-1, max-image-preview:large, max-video-preview:-1\" \/>\n<link rel=\"canonical\" href=\"https:\/\/www.pressenza.com\/es\/2009\/07\/zimbabuex-pensar-en-la-reconciliacixn\/\" \/>\n<meta property=\"og:locale\" content=\"es_ES\" \/>\n<meta property=\"og:type\" content=\"article\" \/>\n<meta property=\"og:title\" content=\"Zimbabue: pensar en la reconciliaci\u00f3n\" \/>\n<meta property=\"og:description\" content=\"Durante el fin de semana, el gobierno zimbabuense dedic\u00f3 tres d\u00edas a la oraci\u00f3n y la reflexi\u00f3n en torno a la paz y la reconciliaci\u00f3n nacional, para crear un mecanismo capaz de proponer medidas necesarias y practicables para lograr la reconciliaci\u00f3n, la cohesi\u00f3n y la unidad tras la violencia desatada luego de la derrota del presidente Robert Mugabe en las elecciones de 2008\" \/>\n<meta property=\"og:url\" content=\"https:\/\/www.pressenza.com\/es\/2009\/07\/zimbabuex-pensar-en-la-reconciliacixn\/\" \/>\n<meta property=\"og:site_name\" content=\"Pressenza\" \/>\n<meta property=\"article:publisher\" content=\"https:\/\/www.facebook.com\/PressenzaItalia\" \/>\n<meta property=\"article:author\" content=\"https:\/\/www.facebook.com\/pressenza\" \/>\n<meta property=\"article:published_time\" content=\"2009-07-27T00:00:00+00:00\" \/>\n<meta property=\"article:modified_time\" content=\"2009-09-28T05:01:03+00:00\" \/>\n<meta name=\"author\" content=\"Pressenza IPA\" \/>\n<meta name=\"twitter:card\" content=\"summary_large_image\" \/>\n<meta name=\"twitter:creator\" content=\"@PressenzaIPA\" \/>\n<meta name=\"twitter:site\" content=\"@PressenzaIPA\" \/>\n<meta name=\"twitter:label1\" content=\"Escrito por\" \/>\n\t<meta name=\"twitter:data1\" content=\"Pressenza IPA\" \/>\n\t<meta name=\"twitter:label2\" content=\"Tiempo de lectura\" \/>\n\t<meta name=\"twitter:data2\" content=\"6 minutos\" \/>\n<script type=\"application\/ld+json\" class=\"yoast-schema-graph\">{\"@context\":\"https:\/\/schema.org\",\"@graph\":[{\"@type\":\"Article\",\"@id\":\"https:\/\/www.pressenza.com\/es\/2009\/07\/zimbabuex-pensar-en-la-reconciliacixn\/#article\",\"isPartOf\":{\"@id\":\"https:\/\/www.pressenza.com\/es\/2009\/07\/zimbabuex-pensar-en-la-reconciliacixn\/\"},\"author\":{\"name\":\"Pressenza IPA\",\"@id\":\"https:\/\/www.pressenza.com\/es\/#\/schema\/person\/010e5d02bcf40965427a1289a4cc8d75\"},\"headline\":\"Zimbabue: pensar en la reconciliaci\u00f3n\",\"datePublished\":\"2009-07-27T00:00:00+00:00\",\"dateModified\":\"2009-09-28T05:01:03+00:00\",\"mainEntityOfPage\":{\"@id\":\"https:\/\/www.pressenza.com\/es\/2009\/07\/zimbabuex-pensar-en-la-reconciliacixn\/\"},\"wordCount\":1157,\"publisher\":{\"@id\":\"https:\/\/www.pressenza.com\/es\/#organization\"},\"articleSection\":[\"Africa\",\"Cultura y Medios\",\"Internacional\"],\"inLanguage\":\"es\"},{\"@type\":\"WebPage\",\"@id\":\"https:\/\/www.pressenza.com\/es\/2009\/07\/zimbabuex-pensar-en-la-reconciliacixn\/\",\"url\":\"https:\/\/www.pressenza.com\/es\/2009\/07\/zimbabuex-pensar-en-la-reconciliacixn\/\",\"name\":\"Zimbabue: pensar en la reconciliaci\u00f3n\",\"isPartOf\":{\"@id\":\"https:\/\/www.pressenza.com\/es\/#website\"},\"datePublished\":\"2009-07-27T00:00:00+00:00\",\"dateModified\":\"2009-09-28T05:01:03+00:00\",\"description\":\"Durante el fin de semana, el gobierno zimbabuense dedic\u00f3 tres d\u00edas a la oraci\u00f3n y la reflexi\u00f3n en torno a la paz y la reconciliaci\u00f3n nacional, para crear un mecanismo capaz de proponer medidas necesarias y practicables para lograr la reconciliaci\u00f3n, la cohesi\u00f3n y la unidad tras la violencia desatada luego de la derrota del presidente Robert Mugabe en las elecciones de 2008\",\"breadcrumb\":{\"@id\":\"https:\/\/www.pressenza.com\/es\/2009\/07\/zimbabuex-pensar-en-la-reconciliacixn\/#breadcrumb\"},\"inLanguage\":\"es\",\"potentialAction\":[{\"@type\":\"ReadAction\",\"target\":[\"https:\/\/www.pressenza.com\/es\/2009\/07\/zimbabuex-pensar-en-la-reconciliacixn\/\"]}]},{\"@type\":\"BreadcrumbList\",\"@id\":\"https:\/\/www.pressenza.com\/es\/2009\/07\/zimbabuex-pensar-en-la-reconciliacixn\/#breadcrumb\",\"itemListElement\":[{\"@type\":\"ListItem\",\"position\":1,\"name\":\"Accueil\",\"item\":\"https:\/\/www.pressenza.com\/es\/\"},{\"@type\":\"ListItem\",\"position\":2,\"name\":\"Zimbabue: pensar en la reconciliaci\u00f3n\"}]},{\"@type\":\"WebSite\",\"@id\":\"https:\/\/www.pressenza.com\/es\/#website\",\"url\":\"https:\/\/www.pressenza.com\/es\/\",\"name\":\"Pressenza\",\"description\":\"International Press Agency\",\"publisher\":{\"@id\":\"https:\/\/www.pressenza.com\/es\/#organization\"},\"potentialAction\":[{\"@type\":\"SearchAction\",\"target\":{\"@type\":\"EntryPoint\",\"urlTemplate\":\"https:\/\/www.pressenza.com\/es\/?s={search_term_string}\"},\"query-input\":{\"@type\":\"PropertyValueSpecification\",\"valueRequired\":true,\"valueName\":\"search_term_string\"}}],\"inLanguage\":\"es\"},{\"@type\":\"Organization\",\"@id\":\"https:\/\/www.pressenza.com\/es\/#organization\",\"name\":\"Pressenza\",\"url\":\"https:\/\/www.pressenza.com\/es\/\",\"logo\":{\"@type\":\"ImageObject\",\"inLanguage\":\"es\",\"@id\":\"https:\/\/www.pressenza.com\/es\/#\/schema\/logo\/image\/\",\"url\":\"https:\/\/www.pressenza.com\/wp-content\/uploads\/2022\/10\/pressenza_logo_200x200.jpg\",\"contentUrl\":\"https:\/\/www.pressenza.com\/wp-content\/uploads\/2022\/10\/pressenza_logo_200x200.jpg\",\"width\":200,\"height\":200,\"caption\":\"Pressenza\"},\"image\":{\"@id\":\"https:\/\/www.pressenza.com\/es\/#\/schema\/logo\/image\/\"},\"sameAs\":[\"https:\/\/www.facebook.com\/PressenzaItalia\",\"https:\/\/x.com\/PressenzaIPA\"]},{\"@type\":\"Person\",\"@id\":\"https:\/\/www.pressenza.com\/es\/#\/schema\/person\/010e5d02bcf40965427a1289a4cc8d75\",\"name\":\"Pressenza IPA\",\"description\":\"News from Pressenza IPA correspondents\",\"sameAs\":[\"https:\/\/www.facebook.com\/pressenza\",\"https:\/\/x.com\/PressenzaIPA\"],\"url\":\"https:\/\/www.pressenza.com\/es\/author\/pressenza-ipa\/\"}]}<\/script>\n<!-- \/ Yoast SEO plugin. -->","yoast_head_json":{"title":"Zimbabue: pensar en la reconciliaci\u00f3n","description":"Durante el fin de semana, el gobierno zimbabuense dedic\u00f3 tres d\u00edas a la oraci\u00f3n y la reflexi\u00f3n en torno a la paz y la reconciliaci\u00f3n nacional, para crear un mecanismo capaz de proponer medidas necesarias y practicables para lograr la reconciliaci\u00f3n, la cohesi\u00f3n y la unidad tras la violencia desatada luego de la derrota del presidente Robert Mugabe en las elecciones de 2008","robots":{"index":"index","follow":"follow","max-snippet":"max-snippet:-1","max-image-preview":"max-image-preview:large","max-video-preview":"max-video-preview:-1"},"canonical":"https:\/\/www.pressenza.com\/es\/2009\/07\/zimbabuex-pensar-en-la-reconciliacixn\/","og_locale":"es_ES","og_type":"article","og_title":"Zimbabue: pensar en la reconciliaci\u00f3n","og_description":"Durante el fin de semana, el gobierno zimbabuense dedic\u00f3 tres d\u00edas a la oraci\u00f3n y la reflexi\u00f3n en torno a la paz y la reconciliaci\u00f3n nacional, para crear un mecanismo capaz de proponer medidas necesarias y practicables para lograr la reconciliaci\u00f3n, la cohesi\u00f3n y la unidad tras la violencia desatada luego de la derrota del presidente Robert Mugabe en las elecciones de 2008","og_url":"https:\/\/www.pressenza.com\/es\/2009\/07\/zimbabuex-pensar-en-la-reconciliacixn\/","og_site_name":"Pressenza","article_publisher":"https:\/\/www.facebook.com\/PressenzaItalia","article_author":"https:\/\/www.facebook.com\/pressenza","article_published_time":"2009-07-27T00:00:00+00:00","article_modified_time":"2009-09-28T05:01:03+00:00","author":"Pressenza IPA","twitter_card":"summary_large_image","twitter_creator":"@PressenzaIPA","twitter_site":"@PressenzaIPA","twitter_misc":{"Escrito por":"Pressenza IPA","Tiempo de lectura":"6 minutos"},"schema":{"@context":"https:\/\/schema.org","@graph":[{"@type":"Article","@id":"https:\/\/www.pressenza.com\/es\/2009\/07\/zimbabuex-pensar-en-la-reconciliacixn\/#article","isPartOf":{"@id":"https:\/\/www.pressenza.com\/es\/2009\/07\/zimbabuex-pensar-en-la-reconciliacixn\/"},"author":{"name":"Pressenza IPA","@id":"https:\/\/www.pressenza.com\/es\/#\/schema\/person\/010e5d02bcf40965427a1289a4cc8d75"},"headline":"Zimbabue: pensar en la reconciliaci\u00f3n","datePublished":"2009-07-27T00:00:00+00:00","dateModified":"2009-09-28T05:01:03+00:00","mainEntityOfPage":{"@id":"https:\/\/www.pressenza.com\/es\/2009\/07\/zimbabuex-pensar-en-la-reconciliacixn\/"},"wordCount":1157,"publisher":{"@id":"https:\/\/www.pressenza.com\/es\/#organization"},"articleSection":["Africa","Cultura y Medios","Internacional"],"inLanguage":"es"},{"@type":"WebPage","@id":"https:\/\/www.pressenza.com\/es\/2009\/07\/zimbabuex-pensar-en-la-reconciliacixn\/","url":"https:\/\/www.pressenza.com\/es\/2009\/07\/zimbabuex-pensar-en-la-reconciliacixn\/","name":"Zimbabue: pensar en la reconciliaci\u00f3n","isPartOf":{"@id":"https:\/\/www.pressenza.com\/es\/#website"},"datePublished":"2009-07-27T00:00:00+00:00","dateModified":"2009-09-28T05:01:03+00:00","description":"Durante el fin de semana, el gobierno zimbabuense dedic\u00f3 tres d\u00edas a la oraci\u00f3n y la reflexi\u00f3n en torno a la paz y la reconciliaci\u00f3n nacional, para crear un mecanismo capaz de proponer medidas necesarias y practicables para lograr la reconciliaci\u00f3n, la cohesi\u00f3n y la unidad tras la violencia desatada luego de la derrota del presidente Robert Mugabe en las elecciones de 2008","breadcrumb":{"@id":"https:\/\/www.pressenza.com\/es\/2009\/07\/zimbabuex-pensar-en-la-reconciliacixn\/#breadcrumb"},"inLanguage":"es","potentialAction":[{"@type":"ReadAction","target":["https:\/\/www.pressenza.com\/es\/2009\/07\/zimbabuex-pensar-en-la-reconciliacixn\/"]}]},{"@type":"BreadcrumbList","@id":"https:\/\/www.pressenza.com\/es\/2009\/07\/zimbabuex-pensar-en-la-reconciliacixn\/#breadcrumb","itemListElement":[{"@type":"ListItem","position":1,"name":"Accueil","item":"https:\/\/www.pressenza.com\/es\/"},{"@type":"ListItem","position":2,"name":"Zimbabue: pensar en la reconciliaci\u00f3n"}]},{"@type":"WebSite","@id":"https:\/\/www.pressenza.com\/es\/#website","url":"https:\/\/www.pressenza.com\/es\/","name":"Pressenza","description":"International Press Agency","publisher":{"@id":"https:\/\/www.pressenza.com\/es\/#organization"},"potentialAction":[{"@type":"SearchAction","target":{"@type":"EntryPoint","urlTemplate":"https:\/\/www.pressenza.com\/es\/?s={search_term_string}"},"query-input":{"@type":"PropertyValueSpecification","valueRequired":true,"valueName":"search_term_string"}}],"inLanguage":"es"},{"@type":"Organization","@id":"https:\/\/www.pressenza.com\/es\/#organization","name":"Pressenza","url":"https:\/\/www.pressenza.com\/es\/","logo":{"@type":"ImageObject","inLanguage":"es","@id":"https:\/\/www.pressenza.com\/es\/#\/schema\/logo\/image\/","url":"https:\/\/www.pressenza.com\/wp-content\/uploads\/2022\/10\/pressenza_logo_200x200.jpg","contentUrl":"https:\/\/www.pressenza.com\/wp-content\/uploads\/2022\/10\/pressenza_logo_200x200.jpg","width":200,"height":200,"caption":"Pressenza"},"image":{"@id":"https:\/\/www.pressenza.com\/es\/#\/schema\/logo\/image\/"},"sameAs":["https:\/\/www.facebook.com\/PressenzaItalia","https:\/\/x.com\/PressenzaIPA"]},{"@type":"Person","@id":"https:\/\/www.pressenza.com\/es\/#\/schema\/person\/010e5d02bcf40965427a1289a4cc8d75","name":"Pressenza IPA","description":"News from Pressenza IPA correspondents","sameAs":["https:\/\/www.facebook.com\/pressenza","https:\/\/x.com\/PressenzaIPA"],"url":"https:\/\/www.pressenza.com\/es\/author\/pressenza-ipa\/"}]}},"place":"Harare","original_article_url":"","_links":{"self":[{"href":"https:\/\/www.pressenza.com\/es\/wp-json\/wp\/v2\/posts\/763","targetHints":{"allow":["GET"]}}],"collection":[{"href":"https:\/\/www.pressenza.com\/es\/wp-json\/wp\/v2\/posts"}],"about":[{"href":"https:\/\/www.pressenza.com\/es\/wp-json\/wp\/v2\/types\/post"}],"author":[{"embeddable":true,"href":"https:\/\/www.pressenza.com\/es\/wp-json\/wp\/v2\/users\/19"}],"replies":[{"embeddable":true,"href":"https:\/\/www.pressenza.com\/es\/wp-json\/wp\/v2\/comments?post=763"}],"version-history":[{"count":0,"href":"https:\/\/www.pressenza.com\/es\/wp-json\/wp\/v2\/posts\/763\/revisions"}],"wp:attachment":[{"href":"https:\/\/www.pressenza.com\/es\/wp-json\/wp\/v2\/media?parent=763"}],"wp:term":[{"taxonomy":"category","embeddable":true,"href":"https:\/\/www.pressenza.com\/es\/wp-json\/wp\/v2\/categories?post=763"},{"taxonomy":"post_tag","embeddable":true,"href":"https:\/\/www.pressenza.com\/es\/wp-json\/wp\/v2\/tags?post=763"}],"curies":[{"name":"wp","href":"https:\/\/api.w.org\/{rel}","templated":true}]}}