{"id":762127,"date":"2018-11-22T21:28:28","date_gmt":"2018-11-22T21:28:28","guid":{"rendered":"https:\/\/www.pressenza.com\/?p=762127"},"modified":"2018-12-04T13:51:32","modified_gmt":"2018-12-04T13:51:32","slug":"josep-mayoral-alcalde-de-granollers-nunca-mas-aqui-ni-en-ninguna-parte","status":"publish","type":"post","link":"https:\/\/www.pressenza.com\/es\/2018\/11\/josep-mayoral-alcalde-de-granollers-nunca-mas-aqui-ni-en-ninguna-parte\/","title":{"rendered":"Josep Mayoral, alcalde de Granollers: \u201c\u00a1Nunca m\u00e1s, aqu\u00ed&#8230; ni en ninguna parte!\u201d"},"content":{"rendered":"<blockquote><p>As\u00ed se expresa Mayoral, en referencia al <a href=\"http:\/\/www.granollers.cat\/node\/18\/granollers-ciudad-bombardeada\">minuto<\/a> en el que la ciudad que gobierna fuera bombardeada por aviones italianos (31 mayo 1938), en plena Guerra Civil espa\u00f1ola dejando numerosas v\u00edctimas.<\/p>\n<p>Granollers ha rescatado su memoria dignific\u00e1ndola, incorpor\u00e1ndola en la ciudad, en sus calles, en su cotidianidad, con el objetivo de que nunca m\u00e1s se repita aquella barbarie, al tiempo que ha apostado por el di\u00e1logo y la paz.<\/p>\n<p>Mayoral trabaja tambi\u00e9n activamente a favor del <a href=\"https:\/\/news.un.org\/es\/story\/2017\/07\/1382151\">Tratado sobre la Prohibici\u00f3n de Armas Nucleares<\/a>.<\/p><\/blockquote>\n<p>El municipio de Granollers (Barcelona) ha sido galardonado con el premio <a href=\"http:\/\/www.aipaz.org\/content\/agenda\/item\/544-reconocimiento-francisco-a-mu%C3%B1oz\">Francisco A. Mu\u00f1oz Mu\u00f1oz<\/a>, \u201c<em>que tiene por objetivo reconocer p\u00fablicamente a personas, organizaciones de la sociedad civil, instituciones, ciudades, grupos de investigaci\u00f3n o trabajos acad\u00e9micos que hayan contribuido o contribuyan de forma relevante a la construcci\u00f3n y fomento de la paz<\/em>\u201d. El premio lo recibi\u00f3 su alcalde, <a href=\"http:\/\/www.granollers.cat\/alcalde\/biografia-josep-mayoral-i-antigas\">Josep Mayoral<\/a>, durante el <a href=\"http:\/\/www.ciudadesdepaz.com\/\">II Foro sobre las Violencias Urbanas y la Educaci\u00f3n para la Convivencia y la Paz<\/a>, que ha tenido lugar en Madrid en los primeros d\u00edas de noviembre, de mano <a href=\"https:\/\/es.wikipedia.org\/wiki\/Federico_Mayor_Zaragoza\">Federico Mayor Zaragoza<\/a>.<\/p>\n<p>Josep Mayoral Partido Socialista de Catalu\u00f1a) ocupa la alcald\u00eda desde 2004 y es miembro del Comit\u00e9 Ejecutivo de <a href=\"http:\/\/www.mayorsforpeace.org\/english\/\">Alcaldes por la Paz<\/a>, la red de alcaldes de todo el mundo, a la cual se han sumado casi 400 municipios espa\u00f1oles, cuya sede est\u00e1 en Hiroshima.<\/p>\n<p><em>Hemos querido entrevistar a Josep Mayoral, Alcalde de Granollers, por este galard\u00f3n recibido y por su apuesta por la paz y el di\u00e1logo, frente a la violencia.<\/em><\/p>\n<p><strong>Pressenza.-<\/strong> <em><strong>Con este premio, se reconoce la trayectoria de Granollers a favor de la paz&#8230; Imaginamos que esto es un impulso importante en la labor del Ayuntamiento en esta direcci\u00f3n.<\/strong><\/em><\/p>\n<p><strong>Josep Mayoral<\/strong>.- Lo vivo, lo vivimos como un premio a la ciudad, a la trayectoria. Lo he explicado en otras ocasiones, esta ciudad \u2013como dice un poeta granollerense- es fruto de un minuto. Este minuto en que los aviones italianos bombardearon Granollers. Este minuto en que murieron 224 personas casi al momento. Este minuto en que destruyeron la ciudad. Somos hijos de este minuto porque nuestros padres y nuestros abuelos estaban all\u00ed y pod\u00edan haber muerto, como a tanta gente le ocurri\u00f3, y las ciudades que han visto sangre en sus calles, que han visto los efectos de un bombardeo absolutamente incomprensible desde una ciudad que estaba a 300 Km. enfrente\u2026 Esas ciudades tenemos la obligaci\u00f3n de velar a nuestros muertos pero tambi\u00e9n, pensando en ellos, pensando en todo el sufrimiento, trabajar para que nunca m\u00e1s ocurran bombardeos como \u00e9ste, nunca m\u00e1s en nuestra ciudad pero nunca m\u00e1s en ning\u00fan rinc\u00f3n del mundo.<\/p>\n<p>Se ha ido construyendo este relato, primero a partir de los silencios, silencios que vivimos en nuestras casas en \u00e9pocas franquistas, en las que no se pod\u00eda hablar de estos temas, no se pod\u00eda hablar de situaciones provocadas por esta cuesti\u00f3n b\u00e1rbara, fascista y antidemocr\u00e1tica de quienes se levantaron contra la Rep\u00fablica Espa\u00f1ola. De silencio pero tambi\u00e9n de los primeros movimientos que se generaron entre la gente joven, incluso en la clandestinidad, para recordar este minuto tr\u00e1gico, este d\u00eda tr\u00e1gico. Y el compromiso que tambi\u00e9n se asumi\u00f3 de una manera p\u00fablica y colectiva cuando en 1988 representantes ya de la democracia, concejales y concejalas de la ciudad, su alcalde, acompa\u00f1adas con gente que estuvo sufriendo el bombardeo, decidieron conmemorar de una manera expl\u00edcita, de una manera muy potente, el bombardeo, y ya en el \u201888 esta primera conmemoraci\u00f3n, formalmente institucionalizada, ten\u00eda un eje esencial que era el educativo<\/p>\n<p>En el \u201888 muchos ni\u00f1os y muchas ni\u00f1as que son padres y madres plantaron ya un \u00e1rbol, plantaron un olivo, y se puso una placa con el compromiso de \u201cNunca m\u00e1s\u201d. Por tanto, el trabajo, el trabajo es largo y la educaci\u00f3n es un elemento esencial en las escuelas, pero m\u00e1s all\u00e1 de las escuelas; la conexi\u00f3n entre personas de diferentes generaciones, los abuelos con los nietos, en la ciudad, en cada espacio, en cada entidad\u2026 est\u00e1 esta reflexi\u00f3n. Si te paseas por nuestras calles, ver\u00e1s que hay unas baldosas rojas y blancas, son los puntos de las bombas. Una ciudad que hace p\u00fablica su memoria cada d\u00eda, que recuerda a los ni\u00f1os y las ni\u00f1as, a los j\u00f3venes, cada a\u00f1o, que all\u00ed donde juegan, all\u00ed donde pasean, all\u00ed donde se enamoran, hubo gente que muri\u00f3, hubo sangre.<\/p>\n<p>Este es el compromiso de una ciudad que se construye de una manera muy colectiva, en la que Ayuntamiento \u00fanicamente es el portavoz, el coordinador de una historia que necesariamente es del conjunto de la ciudad.<\/p>\n<div id=\"attachment_762152\" class=\"wp-caption aligncenter\"><img loading=\"lazy\" decoding=\"async\" aria-describedby=\"caption-attachment-762152\" class=\"wp-image-762152 \" src=\"https:\/\/www.pressenza.com\/wp-content\/uploads\/2018\/11\/Baldosa-Granollers-e1542920490430-720x405.jpg\" alt=\"\" width=\"951\" height=\"535\" \/><p id=\"caption-attachment-762152\" class=\"wp-caption-text\"><em>Baldosa colocada donde cayera una de las bombas, y que busca recordar el sufrimiento de las v\u00edctimas para que no se repita.<\/em><\/p><\/div>\n<p>&nbsp;<\/p>\n<p><strong>Pressenza.- <em>Entonces, \u00bfEl mensaje ser\u00eda \u201c\u00a1Nunca m\u00e1s!\u201d?<\/em><\/strong><\/p>\n<p><strong>J.M.- <\/strong>El mensaje es \u00a1nunca m\u00e1s aqu\u00ed, y nunca m\u00e1s en ninguna parte!; el mensaje es di\u00e1logo, palabras, no bombas,\u00a0 no violencia, construyamos un mundo a partir del di\u00e1logo.<\/p>\n<p><strong>Pressenza.- \u00bfEst\u00e1 en la ciudadan\u00eda el tema del armamento nuclear en este momento?<br \/>\n<\/strong><\/p>\n<p>No es tema frecuente el tema nuclear pero s\u00ed que la reflexi\u00f3n sobre el \u201cnunca m\u00e1s\u201d te lleva al armamento y obviamente al armamento extremo que es el armamento nuclear.<\/p>\n<p>Esta ciudad tiene una relaci\u00f3n intensa con Hiroshima y Nagasaki a trav\u00e9s de Alcaldes por la Paz. Nosotros, somos miembros del Consejo Ejecutivo de Alcaldes por la Paz, que se reuni\u00f3n aqu\u00ed en el 2011 y esta relaci\u00f3n ha hecho que, cuando se conmemor\u00f3 el 70 aniversario de las bombas sobre Hiroshima y Nagasaki, Granollers liderara la acci\u00f3n y la reflexi\u00f3n no solamente sobre lo que ocurri\u00f3 sino lo que pudo ocurrir, entonces este Ayuntamiento junto con el Museo de la Paz de Hiroshima construy\u00f3 una exposici\u00f3n que ha dado vueltas por toda Catalu\u00f1a, en que en la pon\u00edamos sobre la mesa la necesidad de la abolici\u00f3n de las armas nucleares y obviamente nuestro plan de trabajo, el plan de trabajo de la ciudad.<\/p>\n<blockquote>\n<p style=\"text-align: right;\"><strong><span style=\"color: #0000ff;\"><em>Empezaremos por nosotros y trabajaremos con otros en red, dirigi\u00e9ndonos al Presidente del gobierno para que avance en la direcci\u00f3n de la firma del Tratado de Prohibici\u00f3n de las armas nucleares.<\/em><\/span><\/strong><\/p>\n<\/blockquote>\n<p><strong>Pressenza.- \u00bfComo Ayuntamiento qu\u00e9 papel cumpl\u00eds o pod\u00e9is cumplir para influir en otros ayuntamientos y otras instituciones auton\u00f3micas, estatales\u2026como para que firmen y ratifiquen el Tratado de Prohibici\u00f3n de Armas Nucleares?<\/strong><\/p>\n<p><strong>J-M.-<\/strong> Nosotros debemos empezar por nuestro propio compromiso de la ciudad, que ya expresamos en\u00a0 el Foro de Madrid, hace escasamente tres semanas, y que ratificamos hoy en la reuni\u00f3n que hemos tenido con la gente de <a href=\"http:\/\/es.icanw.org\/\" target=\"_blank\" rel=\"noopener\">ICAN<\/a>. Tenemos ya un documento consensuado con ICAN y <a href=\"http:\/\/fundipau.org\/\" target=\"_blank\" rel=\"noopener\">Fundipau<\/a> que llevaremos al pleno del pr\u00f3ximo martes (27 de noviembre) para su aprobaci\u00f3n. La primera acci\u00f3n es la propia.<\/p>\n<p>A partir de aqu\u00ed, Granollers juega un papel como ciudad que ejerce la coordinaci\u00f3n de Alcaldes por la Paz en Catalu\u00f1a y el impulso de Alcaldes por la Paz en Espa\u00f1a. Nosotros lo que haremos es explicar a nuestros ayuntamientos asociados de Alcaldes por la Paz el acuerdo que adoptaremos y, a partir de ah\u00ed, reforzaremos la labor en red y, con esta voz m\u00faltiple, nos dirigiremos al Presidente del Gobierno para que avance \u2013me parece trascendental- en la direcci\u00f3n de la firma de este Tratado para que se eliminen las armas nucleares.<\/p>\n<p><strong>P.- \u00bfDentro de tu partido [Partido Socialista], tambi\u00e9n?<\/strong><\/p>\n<p><strong>J-M.-<\/strong> \u00a1Por supuesto! -dice muy serio y contundente-. Mi voz es \u00fanica dentro de todos y cada uno de los \u00e1mbitos en los que me muevo, tanto como alcalde como militante del partido, y ejerzo esta obligaci\u00f3n de expresarme con claridad en todos los \u00e1mbitos y de una manera habitual.<\/p>\n<p><strong>P.- Hay una propuesta que se ha planteado desde ICAN, que es la desinversi\u00f3n por parte de instituciones y empresas en lo que se ha llamado banca armada, \u00bfEl Ayuntamiento de Granollers se ha planteado revisar en qu\u00e9 bancos tiene sus cuentas?<\/strong><\/p>\n<p><strong>J.M.- <\/strong>Vamos a ser consecuentes con lo que aprobamos y vamos a iniciar caminos para sintonizar con las propuestas que hay encima de la mesa. Son procesos que hay que irlos haciendo. Ah\u00ed estaremos.<\/p>\n<p><strong>P.- \u00bfC\u00f3mo te parece que se podr\u00eda ir trabajando el tema; tal vez, en conjunto con los movimientos sociales para que el rechazo al armamento nuclear est\u00e9 en la cabeza y el coraz\u00f3n de la ciudadan\u00eda?<\/strong><\/p>\n<p><strong>J.M.- <\/strong>Nosotros estamos convencidos que desde el mundo local, los ayuntamientos, por la proximidad, son elementos fant\u00e1sticos para fortalecer el di\u00e1logo ciudadano. Entendemos que es esencial que la ciudadan\u00eda hable, se exprese, especialmente en momentos en los que hay gobiernos que callan y callan demasiado y algunos hablan, y mejor que no hablaran, pero otros callan y cuando hay silencios, la voz tiene que ejercerse desde la ciudadan\u00eda y el compromiso del mundo local tiene que ser necesariamente ese espacio de relaci\u00f3n, ese espacio de fortalecimiento democr\u00e1tico, ese espacio que nos permita muscular la sociedad para avanzar hacia un mundo m\u00e1s justo y m\u00e1s libre.<\/p>\n<blockquote>\n<p style=\"text-align: right;\"><strong><span style=\"color: #0000ff;\"><em>Apuesto por ser persistente\u2026 y trabajar por un mundo que apueste por resolver sus conflictos a trav\u00e9s del di\u00e1logo.<\/em><\/span><\/strong><\/p>\n<\/blockquote>\n<p><strong>P.- Y respecto a ese mundo m\u00e1s justo y m\u00e1s libre, que est\u00e1 en el futuro pero que se est\u00e1 construyendo tambi\u00e9n desde ciertos \u00e1mbitos \u00bfT\u00fa eres optimista? \u00bfC\u00f3mo lo ves desde el momento actual?<\/strong><\/p>\n<p><strong>J.M.- <\/strong>Eso de optimista es del alma.<\/p>\n<p><strong>P.- Pero el alma es importante, es fundamental\u2026<\/strong><\/p>\n<p><strong>J.M.- <\/strong>Yo lo que prefiero es ser persistente y buscar el compromiso\u2026 y miro hacia atr\u00e1s (se\u00f1alando con la cabeza y la mano en referencia a la Portxada que est\u00e1 en la plaza del Ayuntamiento, que tiene detr\u00e1s y que fue bombardeada aquel 31 de mayo de 1938) \u00a0y recuerdo las im\u00e1genes que he visto mil veces y recuerdo todo destrozado y gente muerta, y recuerdo a la gente que ha perdido su vida por infamias\u2026 y es el compromiso para que estas infamias nunca m\u00e1s existan.<\/p>\n<p>Hablan de utop\u00eda y probablemente hemos de caminar hacia este espacio. Me es dif\u00edcil expresarme con optimismo, tampoco pesimista, pero s\u00ed me gusta insistir en la persistencia. Es imprescindible defender programas coherentes, visiones y direcciones claras. En este caso, trabajar por un mundo que apueste por resolver sus conflictos con el di\u00e1logo, sin violencia y, a partir de aqu\u00ed, hay que \u2013con la prudencia que se quiera pero tambi\u00e9n con la continuidad y la persistencia imprescindibles- avanzar, teniendo en cuenta que hay mil obst\u00e1culos pero que hay que vencerlos.<\/p>\n","protected":false},"excerpt":{"rendered":"<p>As\u00ed se expresa Mayoral, en referencia al minuto en el que la ciudad que gobierna fuera bombardeada por aviones italianos (31 mayo 1938), en plena Guerra Civil espa\u00f1ola dejando numerosas v\u00edctimas. Granollers ha rescatado su memoria dignific\u00e1ndola, incorpor\u00e1ndola en la&hellip;<\/p>\n","protected":false},"author":1561,"featured_media":762169,"comment_status":"closed","ping_status":"closed","sticky":false,"template":"","format":"standard","meta":{"footnotes":""},"categories":[11389,155,1243,74],"tags":[52076,20299,40718,3665,1065,51686,922,4707,52075,419,51552,40880],"class_list":["post-762127","post","type-post","status-publish","format-standard","has-post-thumbnail","hentry","category-contenido-original","category-entrevistas","category-paz-desarme","category-politica-es","tag-alcaldes-por-la-paz","tag-bombardeo","tag-cataluna-es","tag-dialogo","tag-espana","tag-granollers","tag-guerra-es","tag-ican-es","tag-josep-mayoral","tag-paz","tag-premio-nobel-de-la-paz-2017","tag-tratado-prohibicion-armas-nucleares"],"yoast_head":"<!-- This site is optimized with the Yoast SEO plugin v27.1.1 - https:\/\/yoast.com\/product\/yoast-seo-wordpress\/ -->\n<title>Josep Mayoral, alcalde de Granollers: \u201c\u00a1Nunca m\u00e1s, aqu\u00ed... ni en ninguna parte!\u201d<\/title>\n<meta name=\"description\" content=\"As\u00ed se expresa Mayoral, en referencia al minuto en el que la ciudad que gobierna fuera bombardeada por aviones italianos (31 mayo 1938), en plena Guerra\" \/>\n<meta name=\"robots\" content=\"index, follow, max-snippet:-1, max-image-preview:large, max-video-preview:-1\" \/>\n<link rel=\"canonical\" href=\"https:\/\/www.pressenza.com\/es\/2018\/11\/josep-mayoral-alcalde-de-granollers-nunca-mas-aqui-ni-en-ninguna-parte\/\" \/>\n<meta property=\"og:locale\" content=\"es_ES\" \/>\n<meta property=\"og:type\" content=\"article\" \/>\n<meta property=\"og:title\" content=\"Josep Mayoral, alcalde de Granollers: \u201c\u00a1Nunca m\u00e1s, aqu\u00ed... ni en ninguna parte!\u201d\" \/>\n<meta property=\"og:description\" content=\"As\u00ed se expresa Mayoral, en referencia al minuto en el que la ciudad que gobierna fuera bombardeada por aviones italianos (31 mayo 1938), en plena Guerra\" \/>\n<meta property=\"og:url\" content=\"https:\/\/www.pressenza.com\/es\/2018\/11\/josep-mayoral-alcalde-de-granollers-nunca-mas-aqui-ni-en-ninguna-parte\/\" \/>\n<meta property=\"og:site_name\" content=\"Pressenza\" \/>\n<meta property=\"article:publisher\" content=\"https:\/\/www.facebook.com\/PressenzaItalia\" \/>\n<meta property=\"article:published_time\" content=\"2018-11-22T21:28:28+00:00\" \/>\n<meta property=\"article:modified_time\" content=\"2018-12-04T13:51:32+00:00\" \/>\n<meta property=\"og:image\" content=\"https:\/\/www.pressenza.com\/wp-content\/uploads\/2018\/11\/20181121_134236.jpg\" \/>\n\t<meta property=\"og:image:width\" content=\"2048\" \/>\n\t<meta property=\"og:image:height\" content=\"1410\" \/>\n\t<meta property=\"og:image:type\" content=\"image\/jpeg\" \/>\n<meta name=\"author\" content=\"Juana P\u00e9rez Montero\" \/>\n<meta name=\"twitter:card\" content=\"summary_large_image\" \/>\n<meta name=\"twitter:creator\" content=\"@PressenzaIPA\" \/>\n<meta name=\"twitter:site\" content=\"@PressenzaIPA\" \/>\n<meta name=\"twitter:label1\" content=\"Escrito por\" \/>\n\t<meta name=\"twitter:data1\" content=\"Juana P\u00e9rez Montero\" \/>\n\t<meta name=\"twitter:label2\" content=\"Tiempo de lectura\" \/>\n\t<meta name=\"twitter:data2\" content=\"9 minutos\" \/>\n<script type=\"application\/ld+json\" class=\"yoast-schema-graph\">{\"@context\":\"https:\/\/schema.org\",\"@graph\":[{\"@type\":\"Article\",\"@id\":\"https:\/\/www.pressenza.com\/es\/2018\/11\/josep-mayoral-alcalde-de-granollers-nunca-mas-aqui-ni-en-ninguna-parte\/#article\",\"isPartOf\":{\"@id\":\"https:\/\/www.pressenza.com\/es\/2018\/11\/josep-mayoral-alcalde-de-granollers-nunca-mas-aqui-ni-en-ninguna-parte\/\"},\"author\":{\"name\":\"Juana P\u00e9rez Montero\",\"@id\":\"https:\/\/www.pressenza.com\/es\/#\/schema\/person\/606cbea0307458f18c06dd6b1ec227ec\"},\"headline\":\"Josep Mayoral, alcalde de Granollers: \u201c\u00a1Nunca m\u00e1s, aqu\u00ed&#8230; ni en ninguna parte!\u201d\",\"datePublished\":\"2018-11-22T21:28:28+00:00\",\"dateModified\":\"2018-12-04T13:51:32+00:00\",\"mainEntityOfPage\":{\"@id\":\"https:\/\/www.pressenza.com\/es\/2018\/11\/josep-mayoral-alcalde-de-granollers-nunca-mas-aqui-ni-en-ninguna-parte\/\"},\"wordCount\":1878,\"publisher\":{\"@id\":\"https:\/\/www.pressenza.com\/es\/#organization\"},\"image\":{\"@id\":\"https:\/\/www.pressenza.com\/es\/2018\/11\/josep-mayoral-alcalde-de-granollers-nunca-mas-aqui-ni-en-ninguna-parte\/#primaryimage\"},\"thumbnailUrl\":\"https:\/\/www.pressenza.com\/wp-content\/uploads\/2018\/11\/20181121_134236.jpg\",\"keywords\":[\"Alcaldes por la Paz\",\"bombardeo\",\"Catalu\u00f1a\",\"di\u00e1logo\",\"Espa\u00f1a\",\"Granollers\",\"guerra\",\"ICAN\",\"Josep Mayoral\",\"Paz\",\"Premio Nobel de la Paz 2017\",\"tratado prohibici\u00f3n armas nucleares\"],\"articleSection\":[\"Contenido Original\",\"Entrevistas\",\"Paz y Desarme\",\"Pol\u00edtica\"],\"inLanguage\":\"es\"},{\"@type\":\"WebPage\",\"@id\":\"https:\/\/www.pressenza.com\/es\/2018\/11\/josep-mayoral-alcalde-de-granollers-nunca-mas-aqui-ni-en-ninguna-parte\/\",\"url\":\"https:\/\/www.pressenza.com\/es\/2018\/11\/josep-mayoral-alcalde-de-granollers-nunca-mas-aqui-ni-en-ninguna-parte\/\",\"name\":\"Josep Mayoral, alcalde de Granollers: \u201c\u00a1Nunca m\u00e1s, aqu\u00ed... ni en ninguna parte!\u201d\",\"isPartOf\":{\"@id\":\"https:\/\/www.pressenza.com\/es\/#website\"},\"primaryImageOfPage\":{\"@id\":\"https:\/\/www.pressenza.com\/es\/2018\/11\/josep-mayoral-alcalde-de-granollers-nunca-mas-aqui-ni-en-ninguna-parte\/#primaryimage\"},\"image\":{\"@id\":\"https:\/\/www.pressenza.com\/es\/2018\/11\/josep-mayoral-alcalde-de-granollers-nunca-mas-aqui-ni-en-ninguna-parte\/#primaryimage\"},\"thumbnailUrl\":\"https:\/\/www.pressenza.com\/wp-content\/uploads\/2018\/11\/20181121_134236.jpg\",\"datePublished\":\"2018-11-22T21:28:28+00:00\",\"dateModified\":\"2018-12-04T13:51:32+00:00\",\"description\":\"As\u00ed se expresa Mayoral, en referencia al minuto en el que la ciudad que gobierna fuera bombardeada por aviones italianos (31 mayo 1938), en plena Guerra\",\"breadcrumb\":{\"@id\":\"https:\/\/www.pressenza.com\/es\/2018\/11\/josep-mayoral-alcalde-de-granollers-nunca-mas-aqui-ni-en-ninguna-parte\/#breadcrumb\"},\"inLanguage\":\"es\",\"potentialAction\":[{\"@type\":\"ReadAction\",\"target\":[\"https:\/\/www.pressenza.com\/es\/2018\/11\/josep-mayoral-alcalde-de-granollers-nunca-mas-aqui-ni-en-ninguna-parte\/\"]}]},{\"@type\":\"ImageObject\",\"inLanguage\":\"es\",\"@id\":\"https:\/\/www.pressenza.com\/es\/2018\/11\/josep-mayoral-alcalde-de-granollers-nunca-mas-aqui-ni-en-ninguna-parte\/#primaryimage\",\"url\":\"https:\/\/www.pressenza.com\/wp-content\/uploads\/2018\/11\/20181121_134236.jpg\",\"contentUrl\":\"https:\/\/www.pressenza.com\/wp-content\/uploads\/2018\/11\/20181121_134236.jpg\",\"width\":2048,\"height\":1410},{\"@type\":\"BreadcrumbList\",\"@id\":\"https:\/\/www.pressenza.com\/es\/2018\/11\/josep-mayoral-alcalde-de-granollers-nunca-mas-aqui-ni-en-ninguna-parte\/#breadcrumb\",\"itemListElement\":[{\"@type\":\"ListItem\",\"position\":1,\"name\":\"Accueil\",\"item\":\"https:\/\/www.pressenza.com\/es\/\"},{\"@type\":\"ListItem\",\"position\":2,\"name\":\"Josep Mayoral, alcalde de Granollers: \u201c\u00a1Nunca m\u00e1s, aqu\u00ed&#8230; ni en ninguna parte!\u201d\"}]},{\"@type\":\"WebSite\",\"@id\":\"https:\/\/www.pressenza.com\/es\/#website\",\"url\":\"https:\/\/www.pressenza.com\/es\/\",\"name\":\"Pressenza\",\"description\":\"International Press Agency\",\"publisher\":{\"@id\":\"https:\/\/www.pressenza.com\/es\/#organization\"},\"potentialAction\":[{\"@type\":\"SearchAction\",\"target\":{\"@type\":\"EntryPoint\",\"urlTemplate\":\"https:\/\/www.pressenza.com\/es\/?s={search_term_string}\"},\"query-input\":{\"@type\":\"PropertyValueSpecification\",\"valueRequired\":true,\"valueName\":\"search_term_string\"}}],\"inLanguage\":\"es\"},{\"@type\":\"Organization\",\"@id\":\"https:\/\/www.pressenza.com\/es\/#organization\",\"name\":\"Pressenza\",\"url\":\"https:\/\/www.pressenza.com\/es\/\",\"logo\":{\"@type\":\"ImageObject\",\"inLanguage\":\"es\",\"@id\":\"https:\/\/www.pressenza.com\/es\/#\/schema\/logo\/image\/\",\"url\":\"https:\/\/www.pressenza.com\/wp-content\/uploads\/2022\/10\/pressenza_logo_200x200.jpg\",\"contentUrl\":\"https:\/\/www.pressenza.com\/wp-content\/uploads\/2022\/10\/pressenza_logo_200x200.jpg\",\"width\":200,\"height\":200,\"caption\":\"Pressenza\"},\"image\":{\"@id\":\"https:\/\/www.pressenza.com\/es\/#\/schema\/logo\/image\/\"},\"sameAs\":[\"https:\/\/www.facebook.com\/PressenzaItalia\",\"https:\/\/x.com\/PressenzaIPA\"]},{\"@type\":\"Person\",\"@id\":\"https:\/\/www.pressenza.com\/es\/#\/schema\/person\/606cbea0307458f18c06dd6b1ec227ec\",\"name\":\"Juana P\u00e9rez Montero\",\"description\":\"Juana P\u00e9rez Montero es periodista y activista humanista.\",\"url\":\"https:\/\/www.pressenza.com\/es\/author\/juana-perez-montero\/\"}]}<\/script>\n<!-- \/ Yoast SEO plugin. -->","yoast_head_json":{"title":"Josep Mayoral, alcalde de Granollers: \u201c\u00a1Nunca m\u00e1s, aqu\u00ed... ni en ninguna parte!\u201d","description":"As\u00ed se expresa Mayoral, en referencia al minuto en el que la ciudad que gobierna fuera bombardeada por aviones italianos (31 mayo 1938), en plena Guerra","robots":{"index":"index","follow":"follow","max-snippet":"max-snippet:-1","max-image-preview":"max-image-preview:large","max-video-preview":"max-video-preview:-1"},"canonical":"https:\/\/www.pressenza.com\/es\/2018\/11\/josep-mayoral-alcalde-de-granollers-nunca-mas-aqui-ni-en-ninguna-parte\/","og_locale":"es_ES","og_type":"article","og_title":"Josep Mayoral, alcalde de Granollers: \u201c\u00a1Nunca m\u00e1s, aqu\u00ed... ni en ninguna parte!\u201d","og_description":"As\u00ed se expresa Mayoral, en referencia al minuto en el que la ciudad que gobierna fuera bombardeada por aviones italianos (31 mayo 1938), en plena Guerra","og_url":"https:\/\/www.pressenza.com\/es\/2018\/11\/josep-mayoral-alcalde-de-granollers-nunca-mas-aqui-ni-en-ninguna-parte\/","og_site_name":"Pressenza","article_publisher":"https:\/\/www.facebook.com\/PressenzaItalia","article_published_time":"2018-11-22T21:28:28+00:00","article_modified_time":"2018-12-04T13:51:32+00:00","og_image":[{"width":2048,"height":1410,"url":"https:\/\/www.pressenza.com\/wp-content\/uploads\/2018\/11\/20181121_134236.jpg","type":"image\/jpeg"}],"author":"Juana P\u00e9rez Montero","twitter_card":"summary_large_image","twitter_creator":"@PressenzaIPA","twitter_site":"@PressenzaIPA","twitter_misc":{"Escrito por":"Juana P\u00e9rez Montero","Tiempo de lectura":"9 minutos"},"schema":{"@context":"https:\/\/schema.org","@graph":[{"@type":"Article","@id":"https:\/\/www.pressenza.com\/es\/2018\/11\/josep-mayoral-alcalde-de-granollers-nunca-mas-aqui-ni-en-ninguna-parte\/#article","isPartOf":{"@id":"https:\/\/www.pressenza.com\/es\/2018\/11\/josep-mayoral-alcalde-de-granollers-nunca-mas-aqui-ni-en-ninguna-parte\/"},"author":{"name":"Juana P\u00e9rez Montero","@id":"https:\/\/www.pressenza.com\/es\/#\/schema\/person\/606cbea0307458f18c06dd6b1ec227ec"},"headline":"Josep Mayoral, alcalde de Granollers: \u201c\u00a1Nunca m\u00e1s, aqu\u00ed&#8230; ni en ninguna parte!\u201d","datePublished":"2018-11-22T21:28:28+00:00","dateModified":"2018-12-04T13:51:32+00:00","mainEntityOfPage":{"@id":"https:\/\/www.pressenza.com\/es\/2018\/11\/josep-mayoral-alcalde-de-granollers-nunca-mas-aqui-ni-en-ninguna-parte\/"},"wordCount":1878,"publisher":{"@id":"https:\/\/www.pressenza.com\/es\/#organization"},"image":{"@id":"https:\/\/www.pressenza.com\/es\/2018\/11\/josep-mayoral-alcalde-de-granollers-nunca-mas-aqui-ni-en-ninguna-parte\/#primaryimage"},"thumbnailUrl":"https:\/\/www.pressenza.com\/wp-content\/uploads\/2018\/11\/20181121_134236.jpg","keywords":["Alcaldes por la Paz","bombardeo","Catalu\u00f1a","di\u00e1logo","Espa\u00f1a","Granollers","guerra","ICAN","Josep Mayoral","Paz","Premio Nobel de la Paz 2017","tratado prohibici\u00f3n armas nucleares"],"articleSection":["Contenido Original","Entrevistas","Paz y Desarme","Pol\u00edtica"],"inLanguage":"es"},{"@type":"WebPage","@id":"https:\/\/www.pressenza.com\/es\/2018\/11\/josep-mayoral-alcalde-de-granollers-nunca-mas-aqui-ni-en-ninguna-parte\/","url":"https:\/\/www.pressenza.com\/es\/2018\/11\/josep-mayoral-alcalde-de-granollers-nunca-mas-aqui-ni-en-ninguna-parte\/","name":"Josep Mayoral, alcalde de Granollers: \u201c\u00a1Nunca m\u00e1s, aqu\u00ed... ni en ninguna parte!\u201d","isPartOf":{"@id":"https:\/\/www.pressenza.com\/es\/#website"},"primaryImageOfPage":{"@id":"https:\/\/www.pressenza.com\/es\/2018\/11\/josep-mayoral-alcalde-de-granollers-nunca-mas-aqui-ni-en-ninguna-parte\/#primaryimage"},"image":{"@id":"https:\/\/www.pressenza.com\/es\/2018\/11\/josep-mayoral-alcalde-de-granollers-nunca-mas-aqui-ni-en-ninguna-parte\/#primaryimage"},"thumbnailUrl":"https:\/\/www.pressenza.com\/wp-content\/uploads\/2018\/11\/20181121_134236.jpg","datePublished":"2018-11-22T21:28:28+00:00","dateModified":"2018-12-04T13:51:32+00:00","description":"As\u00ed se expresa Mayoral, en referencia al minuto en el que la ciudad que gobierna fuera bombardeada por aviones italianos (31 mayo 1938), en plena Guerra","breadcrumb":{"@id":"https:\/\/www.pressenza.com\/es\/2018\/11\/josep-mayoral-alcalde-de-granollers-nunca-mas-aqui-ni-en-ninguna-parte\/#breadcrumb"},"inLanguage":"es","potentialAction":[{"@type":"ReadAction","target":["https:\/\/www.pressenza.com\/es\/2018\/11\/josep-mayoral-alcalde-de-granollers-nunca-mas-aqui-ni-en-ninguna-parte\/"]}]},{"@type":"ImageObject","inLanguage":"es","@id":"https:\/\/www.pressenza.com\/es\/2018\/11\/josep-mayoral-alcalde-de-granollers-nunca-mas-aqui-ni-en-ninguna-parte\/#primaryimage","url":"https:\/\/www.pressenza.com\/wp-content\/uploads\/2018\/11\/20181121_134236.jpg","contentUrl":"https:\/\/www.pressenza.com\/wp-content\/uploads\/2018\/11\/20181121_134236.jpg","width":2048,"height":1410},{"@type":"BreadcrumbList","@id":"https:\/\/www.pressenza.com\/es\/2018\/11\/josep-mayoral-alcalde-de-granollers-nunca-mas-aqui-ni-en-ninguna-parte\/#breadcrumb","itemListElement":[{"@type":"ListItem","position":1,"name":"Accueil","item":"https:\/\/www.pressenza.com\/es\/"},{"@type":"ListItem","position":2,"name":"Josep Mayoral, alcalde de Granollers: \u201c\u00a1Nunca m\u00e1s, aqu\u00ed&#8230; ni en ninguna parte!\u201d"}]},{"@type":"WebSite","@id":"https:\/\/www.pressenza.com\/es\/#website","url":"https:\/\/www.pressenza.com\/es\/","name":"Pressenza","description":"International Press Agency","publisher":{"@id":"https:\/\/www.pressenza.com\/es\/#organization"},"potentialAction":[{"@type":"SearchAction","target":{"@type":"EntryPoint","urlTemplate":"https:\/\/www.pressenza.com\/es\/?s={search_term_string}"},"query-input":{"@type":"PropertyValueSpecification","valueRequired":true,"valueName":"search_term_string"}}],"inLanguage":"es"},{"@type":"Organization","@id":"https:\/\/www.pressenza.com\/es\/#organization","name":"Pressenza","url":"https:\/\/www.pressenza.com\/es\/","logo":{"@type":"ImageObject","inLanguage":"es","@id":"https:\/\/www.pressenza.com\/es\/#\/schema\/logo\/image\/","url":"https:\/\/www.pressenza.com\/wp-content\/uploads\/2022\/10\/pressenza_logo_200x200.jpg","contentUrl":"https:\/\/www.pressenza.com\/wp-content\/uploads\/2022\/10\/pressenza_logo_200x200.jpg","width":200,"height":200,"caption":"Pressenza"},"image":{"@id":"https:\/\/www.pressenza.com\/es\/#\/schema\/logo\/image\/"},"sameAs":["https:\/\/www.facebook.com\/PressenzaItalia","https:\/\/x.com\/PressenzaIPA"]},{"@type":"Person","@id":"https:\/\/www.pressenza.com\/es\/#\/schema\/person\/606cbea0307458f18c06dd6b1ec227ec","name":"Juana P\u00e9rez Montero","description":"Juana P\u00e9rez Montero es periodista y activista humanista.","url":"https:\/\/www.pressenza.com\/es\/author\/juana-perez-montero\/"}]}},"place":"Granollers (Barcelona)","original_article_url":"","_links":{"self":[{"href":"https:\/\/www.pressenza.com\/es\/wp-json\/wp\/v2\/posts\/762127","targetHints":{"allow":["GET"]}}],"collection":[{"href":"https:\/\/www.pressenza.com\/es\/wp-json\/wp\/v2\/posts"}],"about":[{"href":"https:\/\/www.pressenza.com\/es\/wp-json\/wp\/v2\/types\/post"}],"author":[{"embeddable":true,"href":"https:\/\/www.pressenza.com\/es\/wp-json\/wp\/v2\/users\/1561"}],"replies":[{"embeddable":true,"href":"https:\/\/www.pressenza.com\/es\/wp-json\/wp\/v2\/comments?post=762127"}],"version-history":[{"count":0,"href":"https:\/\/www.pressenza.com\/es\/wp-json\/wp\/v2\/posts\/762127\/revisions"}],"wp:featuredmedia":[{"embeddable":true,"href":"https:\/\/www.pressenza.com\/es\/wp-json\/wp\/v2\/media\/762169"}],"wp:attachment":[{"href":"https:\/\/www.pressenza.com\/es\/wp-json\/wp\/v2\/media?parent=762127"}],"wp:term":[{"taxonomy":"category","embeddable":true,"href":"https:\/\/www.pressenza.com\/es\/wp-json\/wp\/v2\/categories?post=762127"},{"taxonomy":"post_tag","embeddable":true,"href":"https:\/\/www.pressenza.com\/es\/wp-json\/wp\/v2\/tags?post=762127"}],"curies":[{"name":"wp","href":"https:\/\/api.w.org\/{rel}","templated":true}]}}