{"id":762108,"date":"2018-11-22T19:33:23","date_gmt":"2018-11-22T19:33:23","guid":{"rendered":"https:\/\/www.pressenza.com\/?p=762108"},"modified":"2018-11-22T19:33:23","modified_gmt":"2018-11-22T19:33:23","slug":"un-asesinato-puro-y-duro","status":"publish","type":"post","link":"https:\/\/www.pressenza.com\/es\/2018\/11\/un-asesinato-puro-y-duro\/","title":{"rendered":"Un asesinato puro y duro"},"content":{"rendered":"<p>Dig\u00e1moslo sin ambages, sin pelos en la lengua: la muerte de Camilo Catrillanca fue un asesinato puro y duro, cometido por fuerzas especiales del Estado, financiado con recursos de todos los chilenos. Un asesinato por la espalda sin que haya mediado delito, provocaci\u00f3n ni fuga alguna.<\/p>\n<p>Hasta ahora no he encontrado razones que lo expliquen ni justifiquen. Las versiones iniciales lo vinculaban a un robo de veh\u00edculos, avalado por el intendente de la regi\u00f3n, la m\u00e1xima autoridad pol\u00edtica. Incluso lleg\u00f3 a afirmar que ten\u00eda antecedentes penales. Todo falso, de falsedad absoluta.<\/p>\n<p>Un medio de comunicaci\u00f3n verspertino, La Segunda, en su portada afirm\u00f3 que Carabineros ten\u00eda videos que confirmar\u00edan lo se\u00f1alado. Acompa\u00f1aba fotos de las fuerzas especiales uniformadas en cuyos cascos portaban c\u00e1maras filmadoras de los acontecimientos. Al otro d\u00eda, en el diario matutino La Tercera, la portada dice lo contrario: no hay video alguno!<\/p>\n<p>\u00bfQu\u00e9 pas\u00f3 en el inter\u00edn? Las tarjetas de memoria fueron destruidas, \u201ccortadas\u201d con tijera! Se borr\u00f3 todo testimonio de los hechos. \u00bfQu\u00e9 interesaba eliminar? Los comportamientos, los hechos, delitos cometidos, no por los mapuches, sino por los uniformados, por agentes del Estado, por quienes tienen la obligaci\u00f3n de proveernos seguridad, de protegernos de quienes delinquen.<\/p>\n<p>Con la destrucci\u00f3n de las tarjetas de memoria, y las declaraciones del menor que acompa\u00f1aba a Camilo, se derrumb\u00f3 el castillo de mentiras que se estaba construyendo. Cuando el gobierno se percat\u00f3 que todo se le escapaba de las manos, que se ver\u00eda arrastrado al abismo ante hechos que a estas alturas eran indesmentibles, no pudo m\u00e1s que aceptar, reconocer el derrumbe, la sarta de cuentos en los que se hab\u00eda visto envuelto. Y el costo pol\u00edtico lo pag\u00f3 el intendente con su renuncia por comprarse a ciegas las mentiras provenientes desde las fuerzas de carabineros. Su alto mando a\u00fan no paga las consecuencias de sus subordinados. Como siempre, el hilo se est\u00e1 cortando por lo m\u00e1s delgado.<\/p>\n<p>En concreto, el asesinato se produjo en la regi\u00f3n de La Araucan\u00eda donde existe la mayor proporci\u00f3n de mapuche; donde la derecha obtuvo la mayor proporci\u00f3n de votos en las \u00faltimas elecciones presidencial y parlamentarias; la zona m\u00e1s militarizada del pa\u00eds. Una vez m\u00e1s, la v\u00edctima, es un mapuche. Parece masoquismo. Votan por quienes m\u00e1s los reprimen. Como las v\u00edctimas que se enamoran de su victimario, de quien lo tortura. Como para agarrarse la cabeza.<\/p>\n<p>\u00bfHasta cu\u00e1ndo? \u00bfCu\u00e1ndo nos sentaremos a conversar frente a frente, de verdad, con todas las cartas sobre la mesa en vez de armas? Solo entonces, mir\u00e1ndonos a los ojos, sin prejuicios, podremos aspirar a una paz duradera, verdadera. La violencia solo es portadora de m\u00e1s violencia, muertes, y vivir con las manos manchadas de sangre. M\u00e1s vale vivir con las manos limpias.<\/p>\n","protected":false},"excerpt":{"rendered":"<p>Dig\u00e1moslo sin ambages, sin pelos en la lengua: la muerte de Camilo Catrillanca fue un asesinato puro y duro, cometido por fuerzas especiales del Estado, financiado con recursos de todos los chilenos. Un asesinato por la espalda sin que haya&hellip;<\/p>\n","protected":false},"author":1346,"featured_media":762109,"comment_status":"closed","ping_status":"closed","sticky":false,"template":"","format":"standard","meta":{"footnotes":""},"categories":[11389,161,80,67],"tags":[51829,24972,29,52070],"class_list":["post-762108","post","type-post","status-publish","format-standard","has-post-thumbnail","hentry","category-contenido-original","category-opiniones","category-pueblos-originarios","category-sudamerica","tag-camilo-catrillanca","tag-carabineros","tag-chile","tag-la-araucania"],"yoast_head":"<!-- This site is optimized with the Yoast SEO plugin v27.1.1 - https:\/\/yoast.com\/product\/yoast-seo-wordpress\/ -->\n<title>Un asesinato puro y duro<\/title>\n<meta name=\"description\" content=\"Dig\u00e1moslo sin ambages, sin pelos en la lengua: la muerte de Camilo Catrillanca fue un asesinato puro y duro, cometido por fuerzas especiales del Estado,\" \/>\n<meta name=\"robots\" content=\"index, follow, max-snippet:-1, max-image-preview:large, max-video-preview:-1\" \/>\n<link rel=\"canonical\" href=\"https:\/\/www.pressenza.com\/es\/2018\/11\/un-asesinato-puro-y-duro\/\" \/>\n<meta property=\"og:locale\" content=\"es_ES\" \/>\n<meta property=\"og:type\" content=\"article\" \/>\n<meta property=\"og:title\" content=\"Un asesinato puro y duro\" \/>\n<meta property=\"og:description\" content=\"Dig\u00e1moslo sin ambages, sin pelos en la lengua: la muerte de Camilo Catrillanca fue un asesinato puro y duro, cometido por fuerzas especiales del Estado,\" \/>\n<meta property=\"og:url\" content=\"https:\/\/www.pressenza.com\/es\/2018\/11\/un-asesinato-puro-y-duro\/\" \/>\n<meta property=\"og:site_name\" content=\"Pressenza\" \/>\n<meta property=\"article:publisher\" content=\"https:\/\/www.facebook.com\/PressenzaItalia\" \/>\n<meta property=\"article:published_time\" content=\"2018-11-22T19:33:23+00:00\" \/>\n<meta property=\"og:image\" content=\"https:\/\/www.pressenza.com\/wp-content\/uploads\/2018\/11\/PanchaSilvaCatrillanca.jpg\" \/>\n\t<meta property=\"og:image:width\" content=\"960\" \/>\n\t<meta property=\"og:image:height\" content=\"640\" \/>\n\t<meta property=\"og:image:type\" content=\"image\/jpeg\" \/>\n<meta name=\"author\" content=\"Rodolfo Schmal\" \/>\n<meta name=\"twitter:card\" content=\"summary_large_image\" \/>\n<meta name=\"twitter:creator\" content=\"@PressenzaIPA\" \/>\n<meta name=\"twitter:site\" content=\"@PressenzaIPA\" \/>\n<meta name=\"twitter:label1\" content=\"Escrito por\" \/>\n\t<meta name=\"twitter:data1\" content=\"Rodolfo Schmal\" \/>\n\t<meta name=\"twitter:label2\" content=\"Tiempo de lectura\" \/>\n\t<meta name=\"twitter:data2\" content=\"2 minutos\" \/>\n<script type=\"application\/ld+json\" class=\"yoast-schema-graph\">{\"@context\":\"https:\/\/schema.org\",\"@graph\":[{\"@type\":\"Article\",\"@id\":\"https:\/\/www.pressenza.com\/es\/2018\/11\/un-asesinato-puro-y-duro\/#article\",\"isPartOf\":{\"@id\":\"https:\/\/www.pressenza.com\/es\/2018\/11\/un-asesinato-puro-y-duro\/\"},\"author\":{\"name\":\"Rodolfo Schmal\",\"@id\":\"https:\/\/www.pressenza.com\/es\/#\/schema\/person\/f997ea76500c802de8beb920d3db5a96\"},\"headline\":\"Un asesinato puro y duro\",\"datePublished\":\"2018-11-22T19:33:23+00:00\",\"mainEntityOfPage\":{\"@id\":\"https:\/\/www.pressenza.com\/es\/2018\/11\/un-asesinato-puro-y-duro\/\"},\"wordCount\":498,\"publisher\":{\"@id\":\"https:\/\/www.pressenza.com\/es\/#organization\"},\"image\":{\"@id\":\"https:\/\/www.pressenza.com\/es\/2018\/11\/un-asesinato-puro-y-duro\/#primaryimage\"},\"thumbnailUrl\":\"https:\/\/www.pressenza.com\/wp-content\/uploads\/2018\/11\/PanchaSilvaCatrillanca.jpg\",\"keywords\":[\"Camilo Catrillanca\",\"carabineros\",\"Chile\",\"La Araucan\u00eda\"],\"articleSection\":[\"Contenido Original\",\"Opiniones\",\"Pueblos Originarios\",\"Sudam\u00e9rica\"],\"inLanguage\":\"es\"},{\"@type\":\"WebPage\",\"@id\":\"https:\/\/www.pressenza.com\/es\/2018\/11\/un-asesinato-puro-y-duro\/\",\"url\":\"https:\/\/www.pressenza.com\/es\/2018\/11\/un-asesinato-puro-y-duro\/\",\"name\":\"Un asesinato puro y duro\",\"isPartOf\":{\"@id\":\"https:\/\/www.pressenza.com\/es\/#website\"},\"primaryImageOfPage\":{\"@id\":\"https:\/\/www.pressenza.com\/es\/2018\/11\/un-asesinato-puro-y-duro\/#primaryimage\"},\"image\":{\"@id\":\"https:\/\/www.pressenza.com\/es\/2018\/11\/un-asesinato-puro-y-duro\/#primaryimage\"},\"thumbnailUrl\":\"https:\/\/www.pressenza.com\/wp-content\/uploads\/2018\/11\/PanchaSilvaCatrillanca.jpg\",\"datePublished\":\"2018-11-22T19:33:23+00:00\",\"description\":\"Dig\u00e1moslo sin ambages, sin pelos en la lengua: la muerte de Camilo Catrillanca fue un asesinato puro y duro, cometido por fuerzas especiales del Estado,\",\"breadcrumb\":{\"@id\":\"https:\/\/www.pressenza.com\/es\/2018\/11\/un-asesinato-puro-y-duro\/#breadcrumb\"},\"inLanguage\":\"es\",\"potentialAction\":[{\"@type\":\"ReadAction\",\"target\":[\"https:\/\/www.pressenza.com\/es\/2018\/11\/un-asesinato-puro-y-duro\/\"]}]},{\"@type\":\"ImageObject\",\"inLanguage\":\"es\",\"@id\":\"https:\/\/www.pressenza.com\/es\/2018\/11\/un-asesinato-puro-y-duro\/#primaryimage\",\"url\":\"https:\/\/www.pressenza.com\/wp-content\/uploads\/2018\/11\/PanchaSilvaCatrillanca.jpg\",\"contentUrl\":\"https:\/\/www.pressenza.com\/wp-content\/uploads\/2018\/11\/PanchaSilvaCatrillanca.jpg\",\"width\":960,\"height\":640},{\"@type\":\"BreadcrumbList\",\"@id\":\"https:\/\/www.pressenza.com\/es\/2018\/11\/un-asesinato-puro-y-duro\/#breadcrumb\",\"itemListElement\":[{\"@type\":\"ListItem\",\"position\":1,\"name\":\"Accueil\",\"item\":\"https:\/\/www.pressenza.com\/es\/\"},{\"@type\":\"ListItem\",\"position\":2,\"name\":\"Un asesinato puro y duro\"}]},{\"@type\":\"WebSite\",\"@id\":\"https:\/\/www.pressenza.com\/es\/#website\",\"url\":\"https:\/\/www.pressenza.com\/es\/\",\"name\":\"Pressenza\",\"description\":\"International Press Agency\",\"publisher\":{\"@id\":\"https:\/\/www.pressenza.com\/es\/#organization\"},\"potentialAction\":[{\"@type\":\"SearchAction\",\"target\":{\"@type\":\"EntryPoint\",\"urlTemplate\":\"https:\/\/www.pressenza.com\/es\/?s={search_term_string}\"},\"query-input\":{\"@type\":\"PropertyValueSpecification\",\"valueRequired\":true,\"valueName\":\"search_term_string\"}}],\"inLanguage\":\"es\"},{\"@type\":\"Organization\",\"@id\":\"https:\/\/www.pressenza.com\/es\/#organization\",\"name\":\"Pressenza\",\"url\":\"https:\/\/www.pressenza.com\/es\/\",\"logo\":{\"@type\":\"ImageObject\",\"inLanguage\":\"es\",\"@id\":\"https:\/\/www.pressenza.com\/es\/#\/schema\/logo\/image\/\",\"url\":\"https:\/\/www.pressenza.com\/wp-content\/uploads\/2022\/10\/pressenza_logo_200x200.jpg\",\"contentUrl\":\"https:\/\/www.pressenza.com\/wp-content\/uploads\/2022\/10\/pressenza_logo_200x200.jpg\",\"width\":200,\"height\":200,\"caption\":\"Pressenza\"},\"image\":{\"@id\":\"https:\/\/www.pressenza.com\/es\/#\/schema\/logo\/image\/\"},\"sameAs\":[\"https:\/\/www.facebook.com\/PressenzaItalia\",\"https:\/\/x.com\/PressenzaIPA\"]},{\"@type\":\"Person\",\"@id\":\"https:\/\/www.pressenza.com\/es\/#\/schema\/person\/f997ea76500c802de8beb920d3db5a96\",\"name\":\"Rodolfo Schmal\",\"description\":\"Rodolfo Schmal Simon es Ingeniero Civil Industrial de la Universidad de Chile y Magister en Inform\u00e1tica de la Universidad Polit\u00e9cnica de Madrid-Espa\u00f1a. Ha sido profesor de las Universidades de Chile, del Norte, de Tarapac\u00e1 y de Talca; socio de las empresas inform\u00e1ticas PRODAT y ALEPH; Director de ZOFRI S.A.; Secretario y Tesorero de la Asociaci\u00f3n de Acad\u00e9micos de la Universidad de Talca. Es autor de textos docentes y art\u00edculos en revistas acad\u00e9micas nacionales e internacionales indexadas. Reside en Talca, Chile.\",\"url\":\"https:\/\/www.pressenza.com\/es\/author\/rodolfo-schmal\/\"}]}<\/script>\n<!-- \/ Yoast SEO plugin. -->","yoast_head_json":{"title":"Un asesinato puro y duro","description":"Dig\u00e1moslo sin ambages, sin pelos en la lengua: la muerte de Camilo Catrillanca fue un asesinato puro y duro, cometido por fuerzas especiales del Estado,","robots":{"index":"index","follow":"follow","max-snippet":"max-snippet:-1","max-image-preview":"max-image-preview:large","max-video-preview":"max-video-preview:-1"},"canonical":"https:\/\/www.pressenza.com\/es\/2018\/11\/un-asesinato-puro-y-duro\/","og_locale":"es_ES","og_type":"article","og_title":"Un asesinato puro y duro","og_description":"Dig\u00e1moslo sin ambages, sin pelos en la lengua: la muerte de Camilo Catrillanca fue un asesinato puro y duro, cometido por fuerzas especiales del Estado,","og_url":"https:\/\/www.pressenza.com\/es\/2018\/11\/un-asesinato-puro-y-duro\/","og_site_name":"Pressenza","article_publisher":"https:\/\/www.facebook.com\/PressenzaItalia","article_published_time":"2018-11-22T19:33:23+00:00","og_image":[{"width":960,"height":640,"url":"https:\/\/www.pressenza.com\/wp-content\/uploads\/2018\/11\/PanchaSilvaCatrillanca.jpg","type":"image\/jpeg"}],"author":"Rodolfo Schmal","twitter_card":"summary_large_image","twitter_creator":"@PressenzaIPA","twitter_site":"@PressenzaIPA","twitter_misc":{"Escrito por":"Rodolfo Schmal","Tiempo de lectura":"2 minutos"},"schema":{"@context":"https:\/\/schema.org","@graph":[{"@type":"Article","@id":"https:\/\/www.pressenza.com\/es\/2018\/11\/un-asesinato-puro-y-duro\/#article","isPartOf":{"@id":"https:\/\/www.pressenza.com\/es\/2018\/11\/un-asesinato-puro-y-duro\/"},"author":{"name":"Rodolfo Schmal","@id":"https:\/\/www.pressenza.com\/es\/#\/schema\/person\/f997ea76500c802de8beb920d3db5a96"},"headline":"Un asesinato puro y duro","datePublished":"2018-11-22T19:33:23+00:00","mainEntityOfPage":{"@id":"https:\/\/www.pressenza.com\/es\/2018\/11\/un-asesinato-puro-y-duro\/"},"wordCount":498,"publisher":{"@id":"https:\/\/www.pressenza.com\/es\/#organization"},"image":{"@id":"https:\/\/www.pressenza.com\/es\/2018\/11\/un-asesinato-puro-y-duro\/#primaryimage"},"thumbnailUrl":"https:\/\/www.pressenza.com\/wp-content\/uploads\/2018\/11\/PanchaSilvaCatrillanca.jpg","keywords":["Camilo Catrillanca","carabineros","Chile","La Araucan\u00eda"],"articleSection":["Contenido Original","Opiniones","Pueblos Originarios","Sudam\u00e9rica"],"inLanguage":"es"},{"@type":"WebPage","@id":"https:\/\/www.pressenza.com\/es\/2018\/11\/un-asesinato-puro-y-duro\/","url":"https:\/\/www.pressenza.com\/es\/2018\/11\/un-asesinato-puro-y-duro\/","name":"Un asesinato puro y duro","isPartOf":{"@id":"https:\/\/www.pressenza.com\/es\/#website"},"primaryImageOfPage":{"@id":"https:\/\/www.pressenza.com\/es\/2018\/11\/un-asesinato-puro-y-duro\/#primaryimage"},"image":{"@id":"https:\/\/www.pressenza.com\/es\/2018\/11\/un-asesinato-puro-y-duro\/#primaryimage"},"thumbnailUrl":"https:\/\/www.pressenza.com\/wp-content\/uploads\/2018\/11\/PanchaSilvaCatrillanca.jpg","datePublished":"2018-11-22T19:33:23+00:00","description":"Dig\u00e1moslo sin ambages, sin pelos en la lengua: la muerte de Camilo Catrillanca fue un asesinato puro y duro, cometido por fuerzas especiales del Estado,","breadcrumb":{"@id":"https:\/\/www.pressenza.com\/es\/2018\/11\/un-asesinato-puro-y-duro\/#breadcrumb"},"inLanguage":"es","potentialAction":[{"@type":"ReadAction","target":["https:\/\/www.pressenza.com\/es\/2018\/11\/un-asesinato-puro-y-duro\/"]}]},{"@type":"ImageObject","inLanguage":"es","@id":"https:\/\/www.pressenza.com\/es\/2018\/11\/un-asesinato-puro-y-duro\/#primaryimage","url":"https:\/\/www.pressenza.com\/wp-content\/uploads\/2018\/11\/PanchaSilvaCatrillanca.jpg","contentUrl":"https:\/\/www.pressenza.com\/wp-content\/uploads\/2018\/11\/PanchaSilvaCatrillanca.jpg","width":960,"height":640},{"@type":"BreadcrumbList","@id":"https:\/\/www.pressenza.com\/es\/2018\/11\/un-asesinato-puro-y-duro\/#breadcrumb","itemListElement":[{"@type":"ListItem","position":1,"name":"Accueil","item":"https:\/\/www.pressenza.com\/es\/"},{"@type":"ListItem","position":2,"name":"Un asesinato puro y duro"}]},{"@type":"WebSite","@id":"https:\/\/www.pressenza.com\/es\/#website","url":"https:\/\/www.pressenza.com\/es\/","name":"Pressenza","description":"International Press Agency","publisher":{"@id":"https:\/\/www.pressenza.com\/es\/#organization"},"potentialAction":[{"@type":"SearchAction","target":{"@type":"EntryPoint","urlTemplate":"https:\/\/www.pressenza.com\/es\/?s={search_term_string}"},"query-input":{"@type":"PropertyValueSpecification","valueRequired":true,"valueName":"search_term_string"}}],"inLanguage":"es"},{"@type":"Organization","@id":"https:\/\/www.pressenza.com\/es\/#organization","name":"Pressenza","url":"https:\/\/www.pressenza.com\/es\/","logo":{"@type":"ImageObject","inLanguage":"es","@id":"https:\/\/www.pressenza.com\/es\/#\/schema\/logo\/image\/","url":"https:\/\/www.pressenza.com\/wp-content\/uploads\/2022\/10\/pressenza_logo_200x200.jpg","contentUrl":"https:\/\/www.pressenza.com\/wp-content\/uploads\/2022\/10\/pressenza_logo_200x200.jpg","width":200,"height":200,"caption":"Pressenza"},"image":{"@id":"https:\/\/www.pressenza.com\/es\/#\/schema\/logo\/image\/"},"sameAs":["https:\/\/www.facebook.com\/PressenzaItalia","https:\/\/x.com\/PressenzaIPA"]},{"@type":"Person","@id":"https:\/\/www.pressenza.com\/es\/#\/schema\/person\/f997ea76500c802de8beb920d3db5a96","name":"Rodolfo Schmal","description":"Rodolfo Schmal Simon es Ingeniero Civil Industrial de la Universidad de Chile y Magister en Inform\u00e1tica de la Universidad Polit\u00e9cnica de Madrid-Espa\u00f1a. Ha sido profesor de las Universidades de Chile, del Norte, de Tarapac\u00e1 y de Talca; socio de las empresas inform\u00e1ticas PRODAT y ALEPH; Director de ZOFRI S.A.; Secretario y Tesorero de la Asociaci\u00f3n de Acad\u00e9micos de la Universidad de Talca. Es autor de textos docentes y art\u00edculos en revistas acad\u00e9micas nacionales e internacionales indexadas. Reside en Talca, Chile.","url":"https:\/\/www.pressenza.com\/es\/author\/rodolfo-schmal\/"}]}},"place":"Talca, Chile","original_article_url":"","_links":{"self":[{"href":"https:\/\/www.pressenza.com\/es\/wp-json\/wp\/v2\/posts\/762108","targetHints":{"allow":["GET"]}}],"collection":[{"href":"https:\/\/www.pressenza.com\/es\/wp-json\/wp\/v2\/posts"}],"about":[{"href":"https:\/\/www.pressenza.com\/es\/wp-json\/wp\/v2\/types\/post"}],"author":[{"embeddable":true,"href":"https:\/\/www.pressenza.com\/es\/wp-json\/wp\/v2\/users\/1346"}],"replies":[{"embeddable":true,"href":"https:\/\/www.pressenza.com\/es\/wp-json\/wp\/v2\/comments?post=762108"}],"version-history":[{"count":0,"href":"https:\/\/www.pressenza.com\/es\/wp-json\/wp\/v2\/posts\/762108\/revisions"}],"wp:featuredmedia":[{"embeddable":true,"href":"https:\/\/www.pressenza.com\/es\/wp-json\/wp\/v2\/media\/762109"}],"wp:attachment":[{"href":"https:\/\/www.pressenza.com\/es\/wp-json\/wp\/v2\/media?parent=762108"}],"wp:term":[{"taxonomy":"category","embeddable":true,"href":"https:\/\/www.pressenza.com\/es\/wp-json\/wp\/v2\/categories?post=762108"},{"taxonomy":"post_tag","embeddable":true,"href":"https:\/\/www.pressenza.com\/es\/wp-json\/wp\/v2\/tags?post=762108"}],"curies":[{"name":"wp","href":"https:\/\/api.w.org\/{rel}","templated":true}]}}