{"id":762071,"date":"2018-11-22T18:14:41","date_gmt":"2018-11-22T18:14:41","guid":{"rendered":"https:\/\/www.pressenza.com\/?p=762071"},"modified":"2018-11-22T18:14:41","modified_gmt":"2018-11-22T18:14:41","slug":"preocupa-la-nueva-acusacion-contra-el-barco-aquarius","status":"publish","type":"post","link":"https:\/\/www.pressenza.com\/es\/2018\/11\/preocupa-la-nueva-acusacion-contra-el-barco-aquarius\/","title":{"rendered":"Preocupa la nueva acusaci\u00f3n contra el barco Aquarius"},"content":{"rendered":"<p>La Fiscal\u00eda de Catania, tambi\u00e9n por iniciativa de Carmelo Zuccaro, que se ha hecho famoso por sus iniciativas contra las ONG que salvan a los inmigrantes en el Mediterr\u00e1neo, ha abierto una investigaci\u00f3n sobre la posible eliminaci\u00f3n de residuos potencialmente t\u00f3xicos en muchos puertos del Mediterr\u00e1neo.<\/p>\n<p>Esta acusaci\u00f3n, que es curiosa como m\u00ednimo, condujo a la incautaci\u00f3n del barco Aquarius por parte de M\u00e9dicos sin Fronteras.<\/p>\n<p>La organizaci\u00f3n humanitaria respondi\u00f3 inmediatamente con una declaraci\u00f3n que dec\u00eda:<\/p>\n<p>\u00abLa orden de incautaci\u00f3n de Aquarius, que tambi\u00e9n incluye algunas de nuestras cuentas bancarias, se deriva de una larga investigaci\u00f3n del Ministerio P\u00fablico de Catania sobre la eliminaci\u00f3n de los residuos a bordo, con especial referencia a la ropa de los migrantes, los residuos de alimentos y los residuos de nuestras actividades m\u00e9dicas. Pero todas nuestras operaciones portuarias, incluida la gesti\u00f3n de residuos, siempre han seguido procedimientos est\u00e1ndar. Las autoridades competentes no han impugnado estos procedimientos ni identificado ning\u00fan riesgo para la salud p\u00fablica desde que iniciamos nuestras operaciones en el mar en 2015.<\/p>\n<p>\u00abReafirmamos nuestra voluntad de cooperar con las autoridades italianas, pero cuestionamos la reconstrucci\u00f3n del Ministerio P\u00fablico y rechazamos categ\u00f3ricamente la acusaci\u00f3n de haber organizado cualquier actividad ilegal dirigida al tr\u00e1fico il\u00edcito de residuos. Tras la evaluaci\u00f3n de la orden de embargo y un an\u00e1lisis interno, que muestra que las acusaciones son inexactas y enga\u00f1osas, apelaremos al Tribunal de Revisi\u00f3n.<\/p>\n<p>\u00abEstamos dispuestos a aclarar los hechos y a responder por los procedimientos que hemos seguido, pero reafirmamos firmemente la legitimidad y legalidad de nuestra acci\u00f3n humanitaria. El \u00fanico crimen que vemos hoy en d\u00eda en el Mediterr\u00e1neo es el desmantelamiento total del sistema de b\u00fasqueda y rescate, con personas que siguen sin barcos humanitarios para salvar sus vidas, mientras que los que sobreviven al mar son devueltos a la pesadilla de la detenci\u00f3n en Libia, sin tener en cuenta el derecho mar\u00edtimo internacional y el derecho de los refugiados.<\/p>\n<p>Al respecto, Amnist\u00eda Internacional ha declarado: \u00abAl parecer, nos encontramos ante un nuevo intento de desacreditar las operaciones de b\u00fasqueda y rescate llevadas a cabo en el mar por ONG y voluntarios en el Mediterr\u00e1neo central: un intento vergonzoso de justificar el bloqueo deliberado de actividades que salvan vidas\u00bb.<\/p>\n<p>\u00abEn m\u00e1s de dos a\u00f1os, Aquarius ha ayudado a m\u00e1s de 30.000 personas en ese mar donde ahora sufrimos la mayor p\u00e9rdida de vidas porque los gobiernos han impedido que Aquarius y otros barcos de ONGs operen.<\/p>\n<p>\u00abEl secuestro del barco Aquarius por M\u00e9dicos sin Fronteras parece estar motivado por orientaciones pol\u00edticas y persecuci\u00f3n de las ONG\u00bb, as\u00ed comenta Paolo Naso, coordinador de <a href=\"http:\/\/www.nev.it\/nev\/category\/mediterranean-hope\/\">Mediterranean Hope<\/a> (MH), programa de refugiados y migrantes de la <a href=\"http:\/\/www.fcei.it\/\">Federaci\u00f3n de Iglesias Evang\u00e9licas en Italia<\/a> (FCEI), sobre el funcionamiento del Ministerio P\u00fablico de Catania.<\/p>\n<p>\u00abDecepcionado por los hechos y por las investigaciones sobre el trabajo de las ONG que hab\u00eda sometido a investigaci\u00f3n, el Ministerio P\u00fablico de Catania contin\u00faa su lucha contra los que salvan vidas en el Mar Mediterr\u00e1neo. Esta vez lo hace con argumentos rid\u00edculos que denotan una intenci\u00f3n totalmente pol\u00edtica que no s\u00f3lo deber\u00eda preocupar a quienes se dedican al campo de la solidaridad, sino tambi\u00e9n a quienes quieren defender la independencia del poder judicial del poder pol\u00edtico\u00bb, contin\u00faa Naso.<\/p>\n","protected":false},"excerpt":{"rendered":"<p>La Fiscal\u00eda de Catania, tambi\u00e9n por iniciativa de Carmelo Zuccaro, que se ha hecho famoso por sus iniciativas contra las ONG que salvan a los inmigrantes en el Mediterr\u00e1neo, ha abierto una investigaci\u00f3n sobre la posible eliminaci\u00f3n de residuos potencialmente&hellip;<\/p>\n","protected":false},"author":594,"featured_media":758627,"comment_status":"closed","ping_status":"closed","sticky":false,"template":"","format":"standard","meta":{"footnotes":""},"categories":[11389,79,66,39,74],"tags":[42072,18921,52069,20602,15882,51888],"class_list":["post-762071","post","type-post","status-publish","format-standard","has-post-thumbnail","hentry","category-contenido-original","category-derechos-humanos","category-europa-es","category-internacional","category-politica-es","tag-acuario","tag-amnistia-internacional","tag-federacion-de-iglesias-evangelicas-en-italia","tag-medicos-sin-fronteras","tag-ong-es","tag-paolo-naso"],"yoast_head":"<!-- This site is optimized with the Yoast SEO plugin v27.1.1 - https:\/\/yoast.com\/product\/yoast-seo-wordpress\/ -->\n<title>Preocupa la nueva acusaci\u00f3n contra el barco Aquarius<\/title>\n<meta name=\"description\" content=\"La Fiscal\u00eda de Catania, tambi\u00e9n por iniciativa de Carmelo Zuccaro, que se ha hecho famoso por sus iniciativas contra las ONG que salvan a los inmigrantes\" \/>\n<meta name=\"robots\" content=\"index, follow, max-snippet:-1, max-image-preview:large, max-video-preview:-1\" \/>\n<link rel=\"canonical\" href=\"https:\/\/www.pressenza.com\/es\/2018\/11\/preocupa-la-nueva-acusacion-contra-el-barco-aquarius\/\" \/>\n<meta property=\"og:locale\" content=\"es_ES\" \/>\n<meta property=\"og:type\" content=\"article\" \/>\n<meta property=\"og:title\" content=\"Preocupa la nueva acusaci\u00f3n contra el barco Aquarius\" \/>\n<meta property=\"og:description\" content=\"La Fiscal\u00eda de Catania, tambi\u00e9n por iniciativa de Carmelo Zuccaro, que se ha hecho famoso por sus iniciativas contra las ONG que salvan a los inmigrantes\" \/>\n<meta property=\"og:url\" content=\"https:\/\/www.pressenza.com\/es\/2018\/11\/preocupa-la-nueva-acusacion-contra-el-barco-aquarius\/\" \/>\n<meta property=\"og:site_name\" content=\"Pressenza\" \/>\n<meta property=\"article:publisher\" content=\"https:\/\/www.facebook.com\/PressenzaItalia\" \/>\n<meta property=\"article:author\" content=\"https:\/\/www.facebook.com\/PressenzaItalia\" \/>\n<meta property=\"article:published_time\" content=\"2018-11-22T18:14:41+00:00\" \/>\n<meta property=\"og:image\" content=\"https:\/\/www.pressenza.com\/wp-content\/uploads\/2018\/11\/aquarius.jpg\" \/>\n\t<meta property=\"og:image:width\" content=\"1100\" \/>\n\t<meta property=\"og:image:height\" content=\"735\" \/>\n\t<meta property=\"og:image:type\" content=\"image\/jpeg\" \/>\n<meta name=\"author\" content=\"Redazione Italia\" \/>\n<meta name=\"twitter:card\" content=\"summary_large_image\" \/>\n<meta name=\"twitter:creator\" content=\"@pressenza_it\" \/>\n<meta name=\"twitter:site\" content=\"@PressenzaIPA\" \/>\n<meta name=\"twitter:label1\" content=\"Escrito por\" \/>\n\t<meta name=\"twitter:data1\" content=\"Redazione Italia\" \/>\n\t<meta name=\"twitter:label2\" content=\"Tiempo de lectura\" \/>\n\t<meta name=\"twitter:data2\" content=\"3 minutos\" \/>\n<script type=\"application\/ld+json\" class=\"yoast-schema-graph\">{\"@context\":\"https:\/\/schema.org\",\"@graph\":[{\"@type\":\"Article\",\"@id\":\"https:\/\/www.pressenza.com\/es\/2018\/11\/preocupa-la-nueva-acusacion-contra-el-barco-aquarius\/#article\",\"isPartOf\":{\"@id\":\"https:\/\/www.pressenza.com\/es\/2018\/11\/preocupa-la-nueva-acusacion-contra-el-barco-aquarius\/\"},\"author\":{\"name\":\"Redazione Italia\",\"@id\":\"https:\/\/www.pressenza.com\/es\/#\/schema\/person\/d983e81827ae24f2c7b1a2123d197f8d\"},\"headline\":\"Preocupa la nueva acusaci\u00f3n contra el barco Aquarius\",\"datePublished\":\"2018-11-22T18:14:41+00:00\",\"mainEntityOfPage\":{\"@id\":\"https:\/\/www.pressenza.com\/es\/2018\/11\/preocupa-la-nueva-acusacion-contra-el-barco-aquarius\/\"},\"wordCount\":607,\"publisher\":{\"@id\":\"https:\/\/www.pressenza.com\/es\/#organization\"},\"image\":{\"@id\":\"https:\/\/www.pressenza.com\/es\/2018\/11\/preocupa-la-nueva-acusacion-contra-el-barco-aquarius\/#primaryimage\"},\"thumbnailUrl\":\"https:\/\/www.pressenza.com\/wp-content\/uploads\/2018\/11\/aquarius.jpg\",\"keywords\":[\"Acuario\",\"Amnist\u00eda Internacional\",\"Federaci\u00f3n de Iglesias Evang\u00e9licas en Italia\",\"M\u00e9dicos Sin Fronteras\",\"Ong\",\"Paolo Naso\"],\"articleSection\":[\"Contenido Original\",\"Derechos Humanos\",\"Europa\",\"Internacional\",\"Pol\u00edtica\"],\"inLanguage\":\"es\"},{\"@type\":\"WebPage\",\"@id\":\"https:\/\/www.pressenza.com\/es\/2018\/11\/preocupa-la-nueva-acusacion-contra-el-barco-aquarius\/\",\"url\":\"https:\/\/www.pressenza.com\/es\/2018\/11\/preocupa-la-nueva-acusacion-contra-el-barco-aquarius\/\",\"name\":\"Preocupa la nueva acusaci\u00f3n contra el barco Aquarius\",\"isPartOf\":{\"@id\":\"https:\/\/www.pressenza.com\/es\/#website\"},\"primaryImageOfPage\":{\"@id\":\"https:\/\/www.pressenza.com\/es\/2018\/11\/preocupa-la-nueva-acusacion-contra-el-barco-aquarius\/#primaryimage\"},\"image\":{\"@id\":\"https:\/\/www.pressenza.com\/es\/2018\/11\/preocupa-la-nueva-acusacion-contra-el-barco-aquarius\/#primaryimage\"},\"thumbnailUrl\":\"https:\/\/www.pressenza.com\/wp-content\/uploads\/2018\/11\/aquarius.jpg\",\"datePublished\":\"2018-11-22T18:14:41+00:00\",\"description\":\"La Fiscal\u00eda de Catania, tambi\u00e9n por iniciativa de Carmelo Zuccaro, que se ha hecho famoso por sus iniciativas contra las ONG que salvan a los inmigrantes\",\"breadcrumb\":{\"@id\":\"https:\/\/www.pressenza.com\/es\/2018\/11\/preocupa-la-nueva-acusacion-contra-el-barco-aquarius\/#breadcrumb\"},\"inLanguage\":\"es\",\"potentialAction\":[{\"@type\":\"ReadAction\",\"target\":[\"https:\/\/www.pressenza.com\/es\/2018\/11\/preocupa-la-nueva-acusacion-contra-el-barco-aquarius\/\"]}]},{\"@type\":\"ImageObject\",\"inLanguage\":\"es\",\"@id\":\"https:\/\/www.pressenza.com\/es\/2018\/11\/preocupa-la-nueva-acusacion-contra-el-barco-aquarius\/#primaryimage\",\"url\":\"https:\/\/www.pressenza.com\/wp-content\/uploads\/2018\/11\/aquarius.jpg\",\"contentUrl\":\"https:\/\/www.pressenza.com\/wp-content\/uploads\/2018\/11\/aquarius.jpg\",\"width\":1100,\"height\":735,\"caption\":\"Tribunale del Riesame: nessun traffico illecito di rifiuti sulla nave Aquarius\"},{\"@type\":\"BreadcrumbList\",\"@id\":\"https:\/\/www.pressenza.com\/es\/2018\/11\/preocupa-la-nueva-acusacion-contra-el-barco-aquarius\/#breadcrumb\",\"itemListElement\":[{\"@type\":\"ListItem\",\"position\":1,\"name\":\"Accueil\",\"item\":\"https:\/\/www.pressenza.com\/es\/\"},{\"@type\":\"ListItem\",\"position\":2,\"name\":\"Preocupa la nueva acusaci\u00f3n contra el barco Aquarius\"}]},{\"@type\":\"WebSite\",\"@id\":\"https:\/\/www.pressenza.com\/es\/#website\",\"url\":\"https:\/\/www.pressenza.com\/es\/\",\"name\":\"Pressenza\",\"description\":\"International Press Agency\",\"publisher\":{\"@id\":\"https:\/\/www.pressenza.com\/es\/#organization\"},\"potentialAction\":[{\"@type\":\"SearchAction\",\"target\":{\"@type\":\"EntryPoint\",\"urlTemplate\":\"https:\/\/www.pressenza.com\/es\/?s={search_term_string}\"},\"query-input\":{\"@type\":\"PropertyValueSpecification\",\"valueRequired\":true,\"valueName\":\"search_term_string\"}}],\"inLanguage\":\"es\"},{\"@type\":\"Organization\",\"@id\":\"https:\/\/www.pressenza.com\/es\/#organization\",\"name\":\"Pressenza\",\"url\":\"https:\/\/www.pressenza.com\/es\/\",\"logo\":{\"@type\":\"ImageObject\",\"inLanguage\":\"es\",\"@id\":\"https:\/\/www.pressenza.com\/es\/#\/schema\/logo\/image\/\",\"url\":\"https:\/\/www.pressenza.com\/wp-content\/uploads\/2022\/10\/pressenza_logo_200x200.jpg\",\"contentUrl\":\"https:\/\/www.pressenza.com\/wp-content\/uploads\/2022\/10\/pressenza_logo_200x200.jpg\",\"width\":200,\"height\":200,\"caption\":\"Pressenza\"},\"image\":{\"@id\":\"https:\/\/www.pressenza.com\/es\/#\/schema\/logo\/image\/\"},\"sameAs\":[\"https:\/\/www.facebook.com\/PressenzaItalia\",\"https:\/\/x.com\/PressenzaIPA\"]},{\"@type\":\"Person\",\"@id\":\"https:\/\/www.pressenza.com\/es\/#\/schema\/person\/d983e81827ae24f2c7b1a2123d197f8d\",\"name\":\"Redazione Italia\",\"description\":\"News from the Pressenza Bureau in Italy\",\"sameAs\":[\"https:\/\/www.pressenza.com\/it\/author\/redazione-italia\/\",\"https:\/\/www.facebook.com\/PressenzaItalia\",\"https:\/\/www.instagram.com\/pressenza_italia\/\",\"https:\/\/x.com\/pressenza_it\",\"https:\/\/www.youtube.com\/channel\/UCSalEIWjE1RSxkwjfftFuqg\"],\"url\":\"https:\/\/www.pressenza.com\/es\/author\/redazione-italia\/\"}]}<\/script>\n<!-- \/ Yoast SEO plugin. -->","yoast_head_json":{"title":"Preocupa la nueva acusaci\u00f3n contra el barco Aquarius","description":"La Fiscal\u00eda de Catania, tambi\u00e9n por iniciativa de Carmelo Zuccaro, que se ha hecho famoso por sus iniciativas contra las ONG que salvan a los inmigrantes","robots":{"index":"index","follow":"follow","max-snippet":"max-snippet:-1","max-image-preview":"max-image-preview:large","max-video-preview":"max-video-preview:-1"},"canonical":"https:\/\/www.pressenza.com\/es\/2018\/11\/preocupa-la-nueva-acusacion-contra-el-barco-aquarius\/","og_locale":"es_ES","og_type":"article","og_title":"Preocupa la nueva acusaci\u00f3n contra el barco Aquarius","og_description":"La Fiscal\u00eda de Catania, tambi\u00e9n por iniciativa de Carmelo Zuccaro, que se ha hecho famoso por sus iniciativas contra las ONG que salvan a los inmigrantes","og_url":"https:\/\/www.pressenza.com\/es\/2018\/11\/preocupa-la-nueva-acusacion-contra-el-barco-aquarius\/","og_site_name":"Pressenza","article_publisher":"https:\/\/www.facebook.com\/PressenzaItalia","article_author":"https:\/\/www.facebook.com\/PressenzaItalia","article_published_time":"2018-11-22T18:14:41+00:00","og_image":[{"width":1100,"height":735,"url":"https:\/\/www.pressenza.com\/wp-content\/uploads\/2018\/11\/aquarius.jpg","type":"image\/jpeg"}],"author":"Redazione Italia","twitter_card":"summary_large_image","twitter_creator":"@pressenza_it","twitter_site":"@PressenzaIPA","twitter_misc":{"Escrito por":"Redazione Italia","Tiempo de lectura":"3 minutos"},"schema":{"@context":"https:\/\/schema.org","@graph":[{"@type":"Article","@id":"https:\/\/www.pressenza.com\/es\/2018\/11\/preocupa-la-nueva-acusacion-contra-el-barco-aquarius\/#article","isPartOf":{"@id":"https:\/\/www.pressenza.com\/es\/2018\/11\/preocupa-la-nueva-acusacion-contra-el-barco-aquarius\/"},"author":{"name":"Redazione Italia","@id":"https:\/\/www.pressenza.com\/es\/#\/schema\/person\/d983e81827ae24f2c7b1a2123d197f8d"},"headline":"Preocupa la nueva acusaci\u00f3n contra el barco Aquarius","datePublished":"2018-11-22T18:14:41+00:00","mainEntityOfPage":{"@id":"https:\/\/www.pressenza.com\/es\/2018\/11\/preocupa-la-nueva-acusacion-contra-el-barco-aquarius\/"},"wordCount":607,"publisher":{"@id":"https:\/\/www.pressenza.com\/es\/#organization"},"image":{"@id":"https:\/\/www.pressenza.com\/es\/2018\/11\/preocupa-la-nueva-acusacion-contra-el-barco-aquarius\/#primaryimage"},"thumbnailUrl":"https:\/\/www.pressenza.com\/wp-content\/uploads\/2018\/11\/aquarius.jpg","keywords":["Acuario","Amnist\u00eda Internacional","Federaci\u00f3n de Iglesias Evang\u00e9licas en Italia","M\u00e9dicos Sin Fronteras","Ong","Paolo Naso"],"articleSection":["Contenido Original","Derechos Humanos","Europa","Internacional","Pol\u00edtica"],"inLanguage":"es"},{"@type":"WebPage","@id":"https:\/\/www.pressenza.com\/es\/2018\/11\/preocupa-la-nueva-acusacion-contra-el-barco-aquarius\/","url":"https:\/\/www.pressenza.com\/es\/2018\/11\/preocupa-la-nueva-acusacion-contra-el-barco-aquarius\/","name":"Preocupa la nueva acusaci\u00f3n contra el barco Aquarius","isPartOf":{"@id":"https:\/\/www.pressenza.com\/es\/#website"},"primaryImageOfPage":{"@id":"https:\/\/www.pressenza.com\/es\/2018\/11\/preocupa-la-nueva-acusacion-contra-el-barco-aquarius\/#primaryimage"},"image":{"@id":"https:\/\/www.pressenza.com\/es\/2018\/11\/preocupa-la-nueva-acusacion-contra-el-barco-aquarius\/#primaryimage"},"thumbnailUrl":"https:\/\/www.pressenza.com\/wp-content\/uploads\/2018\/11\/aquarius.jpg","datePublished":"2018-11-22T18:14:41+00:00","description":"La Fiscal\u00eda de Catania, tambi\u00e9n por iniciativa de Carmelo Zuccaro, que se ha hecho famoso por sus iniciativas contra las ONG que salvan a los inmigrantes","breadcrumb":{"@id":"https:\/\/www.pressenza.com\/es\/2018\/11\/preocupa-la-nueva-acusacion-contra-el-barco-aquarius\/#breadcrumb"},"inLanguage":"es","potentialAction":[{"@type":"ReadAction","target":["https:\/\/www.pressenza.com\/es\/2018\/11\/preocupa-la-nueva-acusacion-contra-el-barco-aquarius\/"]}]},{"@type":"ImageObject","inLanguage":"es","@id":"https:\/\/www.pressenza.com\/es\/2018\/11\/preocupa-la-nueva-acusacion-contra-el-barco-aquarius\/#primaryimage","url":"https:\/\/www.pressenza.com\/wp-content\/uploads\/2018\/11\/aquarius.jpg","contentUrl":"https:\/\/www.pressenza.com\/wp-content\/uploads\/2018\/11\/aquarius.jpg","width":1100,"height":735,"caption":"Tribunale del Riesame: nessun traffico illecito di rifiuti sulla nave Aquarius"},{"@type":"BreadcrumbList","@id":"https:\/\/www.pressenza.com\/es\/2018\/11\/preocupa-la-nueva-acusacion-contra-el-barco-aquarius\/#breadcrumb","itemListElement":[{"@type":"ListItem","position":1,"name":"Accueil","item":"https:\/\/www.pressenza.com\/es\/"},{"@type":"ListItem","position":2,"name":"Preocupa la nueva acusaci\u00f3n contra el barco Aquarius"}]},{"@type":"WebSite","@id":"https:\/\/www.pressenza.com\/es\/#website","url":"https:\/\/www.pressenza.com\/es\/","name":"Pressenza","description":"International Press Agency","publisher":{"@id":"https:\/\/www.pressenza.com\/es\/#organization"},"potentialAction":[{"@type":"SearchAction","target":{"@type":"EntryPoint","urlTemplate":"https:\/\/www.pressenza.com\/es\/?s={search_term_string}"},"query-input":{"@type":"PropertyValueSpecification","valueRequired":true,"valueName":"search_term_string"}}],"inLanguage":"es"},{"@type":"Organization","@id":"https:\/\/www.pressenza.com\/es\/#organization","name":"Pressenza","url":"https:\/\/www.pressenza.com\/es\/","logo":{"@type":"ImageObject","inLanguage":"es","@id":"https:\/\/www.pressenza.com\/es\/#\/schema\/logo\/image\/","url":"https:\/\/www.pressenza.com\/wp-content\/uploads\/2022\/10\/pressenza_logo_200x200.jpg","contentUrl":"https:\/\/www.pressenza.com\/wp-content\/uploads\/2022\/10\/pressenza_logo_200x200.jpg","width":200,"height":200,"caption":"Pressenza"},"image":{"@id":"https:\/\/www.pressenza.com\/es\/#\/schema\/logo\/image\/"},"sameAs":["https:\/\/www.facebook.com\/PressenzaItalia","https:\/\/x.com\/PressenzaIPA"]},{"@type":"Person","@id":"https:\/\/www.pressenza.com\/es\/#\/schema\/person\/d983e81827ae24f2c7b1a2123d197f8d","name":"Redazione Italia","description":"News from the Pressenza Bureau in Italy","sameAs":["https:\/\/www.pressenza.com\/it\/author\/redazione-italia\/","https:\/\/www.facebook.com\/PressenzaItalia","https:\/\/www.instagram.com\/pressenza_italia\/","https:\/\/x.com\/pressenza_it","https:\/\/www.youtube.com\/channel\/UCSalEIWjE1RSxkwjfftFuqg"],"url":"https:\/\/www.pressenza.com\/es\/author\/redazione-italia\/"}]}},"place":"","original_article_url":"","_links":{"self":[{"href":"https:\/\/www.pressenza.com\/es\/wp-json\/wp\/v2\/posts\/762071","targetHints":{"allow":["GET"]}}],"collection":[{"href":"https:\/\/www.pressenza.com\/es\/wp-json\/wp\/v2\/posts"}],"about":[{"href":"https:\/\/www.pressenza.com\/es\/wp-json\/wp\/v2\/types\/post"}],"author":[{"embeddable":true,"href":"https:\/\/www.pressenza.com\/es\/wp-json\/wp\/v2\/users\/594"}],"replies":[{"embeddable":true,"href":"https:\/\/www.pressenza.com\/es\/wp-json\/wp\/v2\/comments?post=762071"}],"version-history":[{"count":0,"href":"https:\/\/www.pressenza.com\/es\/wp-json\/wp\/v2\/posts\/762071\/revisions"}],"wp:featuredmedia":[{"embeddable":true,"href":"https:\/\/www.pressenza.com\/es\/wp-json\/wp\/v2\/media\/758627"}],"wp:attachment":[{"href":"https:\/\/www.pressenza.com\/es\/wp-json\/wp\/v2\/media?parent=762071"}],"wp:term":[{"taxonomy":"category","embeddable":true,"href":"https:\/\/www.pressenza.com\/es\/wp-json\/wp\/v2\/categories?post=762071"},{"taxonomy":"post_tag","embeddable":true,"href":"https:\/\/www.pressenza.com\/es\/wp-json\/wp\/v2\/tags?post=762071"}],"curies":[{"name":"wp","href":"https:\/\/api.w.org\/{rel}","templated":true}]}}