{"id":762010,"date":"2018-11-22T15:26:57","date_gmt":"2018-11-22T15:26:57","guid":{"rendered":"https:\/\/www.pressenza.com\/?p=762010"},"modified":"2018-11-22T15:30:29","modified_gmt":"2018-11-22T15:30:29","slug":"protesta-rohinya-en-bangladesh-frena-repatriacion-a-birmania","status":"publish","type":"post","link":"https:\/\/www.pressenza.com\/es\/2018\/11\/protesta-rohinya-en-bangladesh-frena-repatriacion-a-birmania\/","title":{"rendered":"Protesta rohiny\u00e1 en Bangladesh frena repatriaci\u00f3n a Birmania"},"content":{"rendered":"<p>Por Naimul Haq para Inter Press Service<\/p>\n<p>Birmania y Bangladesh acordaron la repatriaci\u00f3n de 2.260 refugiados rohiny\u00e1s en dos semanas, unas 150 personas por d\u00eda. Pero la iniciativa debi\u00f3 posponerse por las protestas masivas en varios de los 27 campamentos banglades\u00edes.<span id=\"more-139077\"><\/span><\/p>\n<p>La repatriaci\u00f3n forzada deb\u00eda comenzar el jueves 15 de este mes, el mismo d\u00eda de la protesta en Cox\u2019s Bazar, el distrito costero m\u00e1s al sur de Bangladesh, por la cual lograron frenar su repatriaci\u00f3n a Myanmar (Birmania)<\/p>\n<p>La medida responde a un acuerdo bilateral alcanzado a fines de octubre entre los gobiernos de ambos pa\u00edses.<\/p>\n<p>Los 27 campamentos de Cox\u2019s Bazar albergan a un mill\u00f3n de refugiados.<\/p>\n<p>Hombres, mujeres, ni\u00f1as y ni\u00f1os participaron en las protestas que comenzaron poco despu\u00e9s del mediod\u00eda en uno de los campamentos m\u00e1s peque\u00f1os en Unchiprang, cerca de la frontera con Birmania, y pronto se propagaron a otros, hasta el m\u00e1s grande Kutupalong.<\/p>\n<p>Los manifestantes cantaban esl\u00f3ganes y ten\u00edan pancartas que dec\u00edan: \u201cno volveremos\u201d, \u201creclamamos seguridad\u201d, \u201cqueremos la ciudadan\u00eda\u201d, \u201creclamamos justicia\u201d, cuando los autobuses que deb\u00edan llevarlos a unos 15 kil\u00f3metros de Cox\u2019s Bazar, estacionaban afuera de Unchiprang, desde donde ir\u00edan hasta la frontera de Gundum, para luego trasladarlos a Tumbru, en Birmania.<\/p>\n<p>Los funcionarios banglades\u00edes a cargo de la iniciativa esperaban afuera del campamento y le ped\u00edan a las familias que subieran a los autobuses, pero nadie estaba dispuesto a hacerlo.<\/p>\n<p>Desde agosto, m\u00e1s de 700.000 rohiny\u00e1s, alrededor de 60 por ciento de los cuales eran menores, seg\u00fan inform\u00f3 el Fondo de las Naciones Unidas para la Infancia, huyeron de las atrocidades perpetradas contra su comunidad en el estado birmano de Rakhine<\/p>\n<p>Muchos refugiados todav\u00eda tienen fresca la terrible experiencia, que incluy\u00f3 violencia sexual, violaci\u00f3n y la incineraci\u00f3n de viviendas con sus habitantes adentro.<\/p>\n<p>\u201c\u00bfPor qu\u00e9 tenemos que regresar?\u201d, grit\u00f3 Nahar, de 26 a\u00f1os y con tres hijos, quien lleg\u00f3 al campamento en julio. Para ella volver es regresar a un campo de exterminio.<\/p>\n<p>Yousuf Ali, del campamento de Shamlapur, pregunt\u00f3: \u201c\u00bfQuieren que nos suicidemos?\u201d. Por su parte, otro del campamento de Jamtoli explic\u00f3: \u201cNo hay garant\u00edas de que podamos sobrevivir si regresamos\u201d.<\/p>\n<p>El gobierno banglades\u00ed, junto a organizaciones humanitarias locales e internacionales y agencias de la Organizaci\u00f3n de las Naciones Unidas (ONU), trabaja para proveer refugio, servicios m\u00e9dicos, educaci\u00f3n y alimentos a casi un mill\u00f3n de personas.<\/p>\n<p>Mohammad Abul Kalam, comisario de Refugio, Alivio y Rehabilitaci\u00f3n de Bangladesh, adem\u00e1s de magistrado de Cox\u2019s Bazar, dijo a IPS: \u201cEst\u00e1bamos preparados para la repatriaci\u00f3n\u201d.<\/p>\n<p>\u201cAntes apuntamos a una decisi\u00f3n voluntaria y a una elecci\u00f3n informada, pero nadie respondi\u00f3 y tuvimos que posponer el programa\u201d, explic\u00f3.<\/p>\n<p>El martes 13, 50 de las familias se\u00f1aladas para regresar, fueron entrevistadas por funcionarios de la ONU para saber si acced\u00edan a regresar, pero nadie acept\u00f3, indic\u00f3 Kalam.<\/p>\n<p>\u201cSe negaron a irse ahora, pero seguimos dispuestos a facilitar su retorno. Nuestra contraparte de Myanmar tambi\u00e9n estaba presente del otro lado de la frontera. Sabemos que tambi\u00e9n realiz\u00f3 los preparativos para la tan esperada repatriaci\u00f3n que (iba a comenzar el jueves 15)\u201d, explic\u00f3 Kalam.<\/p>\n<p>La alta comisionada de la ONU para los Derechos Humanos, Michelle Bachelet, urgi\u00f3 a Bangladesh a detener la repatriaci\u00f3n de rohiny\u00e1s porque la iniciativa viola el derecho internacional.<\/p>\n<p>\u201cCon una casi completa falta de responsabilidad, de hecho con violaciones en curso, repatriar a los rohiny\u00e1s a Myanmar en este momento significa devolverlos a un ciclo de violaciones de derechos humanos que esa comunidad sufre desde hace d\u00e9cadas\u201d, explic\u00f3 Bachelet.<\/p>\n<p>En octubre, el jefe de la misi\u00f3n de investigaci\u00f3n de la ONU en Birmania, Marzuki Darusman, dijo que \u201cla endurecida posici\u00f3n (del gobierno birmano) es por lejos el mayor obst\u00e1culo\u201d a la repatriaci\u00f3n.<\/p>\n<p>\u201cMyanmar est\u00e1 destinado a repetir el ciclo de violencia a menos que termine la impunidad\u201d, a\u00f1adi\u00f3. La ONU pidi\u00f3 una investigaci\u00f3n sobre el genocidio, los cr\u00edmenes contra la humanidad y los cr\u00edmenes de guerra perpetrados en el estado de Rakhine.<\/p>\n<p>Mientras, el canciller de Bangladesh, Abul Hassan Mahmood Ali, aclar\u00f3 en conferencia de la prensa el jueves 15 en Daca que su pa\u00eds no repatriar\u00eda a la fuerza a los refugiados.<\/p>\n<div id=\"related_articles\"><\/div>\n<p>Y Mia Seppo, coordinadora residente de la ONU en Daca, acot\u00f3: \u201cel foro mundial celebra el compromiso del gobierno de Bangladesh de atenerse a los principios de la repatriaci\u00f3n voluntaria que ha demostrado hasta hoy\u201d.<\/p>\n<p>\u201cHubo algunos problemas con los planes de repatriaci\u00f3n\u201d, explic\u00f3 a IPS el presidente de la C\u00e1mara de Comercio de este distrito, Abu Morshed Chowdhury, tambi\u00e9n uno de los presidentes de la organizaci\u00f3n Forum.<\/p>\n<p>\u201c\u00bfC\u00f3mo van a regresar los refugiados, aun si es de forma voluntaria, sin garantizar su ciudadan\u00eda?\u201d, cuestion\u00f3. \u201cLas agencias de la ONU tienen la responsabilidad de dar las garant\u00edas\u201d, a\u00f1adi\u00f3.<\/p>\n<p>El director ejecutivo de la organizaci\u00f3n COAST Bangladesh, Rezaul Karim Chouwhury, dijo que el plan no estuvo bien pensado, \u201cporque sabemos que tarde o temprano los rohiny\u00e1s tendr\u00e1n que regresar. El acuerdo bilateral allan\u00f3 el camino para la iniciaci\u00f3n de la repatriaci\u00f3n y la rehabilitaci\u00f3n, pero los actores clave, en mi opini\u00f3n, no han estado tan activos\u201d.<\/p>\n<p>Por su parte, Caroline Gluck, oficial de informaci\u00f3n p\u00fablica de la Agencia de las Naciones Unidas para los Refugiados (Acnur) en Cox\u2019s Bazar, dijo a IPS que cada refugiados tiene el derecho a decidir su futuro y su retorno. Sus decisiones deben basarse en conocimientos confiables sobre las condiciones en su pa\u00eds de origen.<\/p>\n<p>\u201cLas restricciones de acceso en el estado de Rakhine limitan la capacidad de Acnur de brindar esa informaci\u00f3n. Es fundamental que las repatriaciones no sean apresuradas ni prematuras\u201d, subray\u00f3.<\/p>\n<p>Acnur est\u00e1 a favor de la repatriaci\u00f3n voluntaria y sostenible de los refugiados rohiny\u00e1s, con seguridad y dignidad, a su lugar de origen o al de su elecci\u00f3n, precis\u00f3.<\/p>\n<p>\u201cTrabajaremos con todas las partes hacia ese objetivo. Pero no creemos que las condiciones actuales sean conducentes al retorno de acuerdo con los est\u00e1ndares internacionales. La responsabilidad de crear esas condiciones recae en Myanmar, a\u00f1adi\u00f3.<\/p>\n<p><em>*Con aportes de Mohammed Mojibur Rahman, en Cox\u2019s Bazar, en Bangladesh<\/em><\/p>\n<p><em>Traducci\u00f3n: Ver\u00f3nica Firme<\/em><\/p>\n<h4>Art\u00edculos relacionados<\/h4>\n<p><a href=\"http:\/\/www.ipsnoticias.net\/2018\/10\/no-garantias-birmania-repatriar-rohinyas-refugiados\/\">No hay garant\u00edas en Birmania para retorno de rohiny\u00e1s refugiados<\/a><\/p>\n<p><a href=\"http:\/\/www.ipsnoticias.net\/2018\/08\/onu-condena-crimenes-contra-traumatizados-menores-rohinyas\/\">ONU condena cr\u00edmenes contra traumatizados menores rohiny\u00e1s<\/a><\/p>\n<p><a href=\"http:\/\/www.ipsnoticias.net\/2018\/07\/no-figuras-influyentes-pongan-fin-la-crisis-rohinyas\/\">No hay figuras influyentes que pongan fin a la crisis de los rohiny\u00e1s<\/a><\/p>\n<p>&nbsp;<\/p>\n","protected":false},"excerpt":{"rendered":"<p>Por Naimul Haq para Inter Press Service Birmania y Bangladesh acordaron la repatriaci\u00f3n de 2.260 refugiados rohiny\u00e1s en dos semanas, unas 150 personas por d\u00eda. Pero la iniciativa debi\u00f3 posponerse por las protestas masivas en varios de los 27 campamentos&hellip;<\/p>\n","protected":false},"author":347,"featured_media":762059,"comment_status":"closed","ping_status":"closed","sticky":false,"template":"","format":"standard","meta":{"footnotes":""},"categories":[65,79,1241],"tags":[13148,52063,43651,50536,3111],"class_list":["post-762010","post","type-post","status-publish","format-standard","has-post-thumbnail","hentry","category-asia-es","category-derechos-humanos","category-diversidad","tag-birmania-es","tag-discriminacion-religiosa","tag-minorias","tag-rohinya","tag-violencia-religiosa"],"yoast_head":"<!-- This site is optimized with the Yoast SEO plugin v27.1.1 - https:\/\/yoast.com\/product\/yoast-seo-wordpress\/ -->\n<title>Protesta rohiny\u00e1 en Bangladesh frena repatriaci\u00f3n a Birmania<\/title>\n<meta name=\"description\" content=\"Por Naimul Haq para Inter Press Service Birmania y Bangladesh acordaron la repatriaci\u00f3n de 2.260 refugiados rohiny\u00e1s en dos semanas, unas 150 personas por\" \/>\n<meta name=\"robots\" content=\"index, follow, max-snippet:-1, max-image-preview:large, max-video-preview:-1\" \/>\n<link rel=\"canonical\" href=\"https:\/\/www.pressenza.com\/es\/2018\/11\/protesta-rohinya-en-bangladesh-frena-repatriacion-a-birmania\/\" \/>\n<meta property=\"og:locale\" content=\"es_ES\" \/>\n<meta property=\"og:type\" content=\"article\" \/>\n<meta property=\"og:title\" content=\"Protesta rohiny\u00e1 en Bangladesh frena repatriaci\u00f3n a Birmania\" \/>\n<meta property=\"og:description\" content=\"Por Naimul Haq para Inter Press Service Birmania y Bangladesh acordaron la repatriaci\u00f3n de 2.260 refugiados rohiny\u00e1s en dos semanas, unas 150 personas por\" \/>\n<meta property=\"og:url\" content=\"https:\/\/www.pressenza.com\/es\/2018\/11\/protesta-rohinya-en-bangladesh-frena-repatriacion-a-birmania\/\" \/>\n<meta property=\"og:site_name\" content=\"Pressenza\" \/>\n<meta property=\"article:publisher\" content=\"https:\/\/www.facebook.com\/PressenzaItalia\" \/>\n<meta property=\"article:author\" content=\"http:\/\/www.facebook.com\/ipsnoticias\" \/>\n<meta property=\"article:published_time\" content=\"2018-11-22T15:26:57+00:00\" \/>\n<meta property=\"article:modified_time\" content=\"2018-11-22T15:30:29+00:00\" \/>\n<meta property=\"og:image\" content=\"https:\/\/www.pressenza.com\/wp-content\/uploads\/2018\/11\/rohinya1.jpg\" \/>\n\t<meta property=\"og:image:width\" content=\"629\" \/>\n\t<meta property=\"og:image:height\" content=\"419\" \/>\n\t<meta property=\"og:image:type\" content=\"image\/jpeg\" \/>\n<meta name=\"author\" content=\"Inter Press Service\" \/>\n<meta name=\"twitter:card\" content=\"summary_large_image\" \/>\n<meta name=\"twitter:creator\" content=\"@ipsnoticias\" \/>\n<meta name=\"twitter:site\" content=\"@PressenzaIPA\" \/>\n<meta name=\"twitter:label1\" content=\"Escrito por\" \/>\n\t<meta name=\"twitter:data1\" content=\"Inter Press Service\" \/>\n\t<meta name=\"twitter:label2\" content=\"Tiempo de lectura\" \/>\n\t<meta name=\"twitter:data2\" content=\"6 minutos\" \/>\n<script type=\"application\/ld+json\" class=\"yoast-schema-graph\">{\"@context\":\"https:\/\/schema.org\",\"@graph\":[{\"@type\":\"Article\",\"@id\":\"https:\/\/www.pressenza.com\/es\/2018\/11\/protesta-rohinya-en-bangladesh-frena-repatriacion-a-birmania\/#article\",\"isPartOf\":{\"@id\":\"https:\/\/www.pressenza.com\/es\/2018\/11\/protesta-rohinya-en-bangladesh-frena-repatriacion-a-birmania\/\"},\"author\":{\"name\":\"Inter Press Service\",\"@id\":\"https:\/\/www.pressenza.com\/es\/#\/schema\/person\/7467f88f6765c239bdd52f3c432de81a\"},\"headline\":\"Protesta rohiny\u00e1 en Bangladesh frena repatriaci\u00f3n a Birmania\",\"datePublished\":\"2018-11-22T15:26:57+00:00\",\"dateModified\":\"2018-11-22T15:30:29+00:00\",\"mainEntityOfPage\":{\"@id\":\"https:\/\/www.pressenza.com\/es\/2018\/11\/protesta-rohinya-en-bangladesh-frena-repatriacion-a-birmania\/\"},\"wordCount\":1127,\"publisher\":{\"@id\":\"https:\/\/www.pressenza.com\/es\/#organization\"},\"image\":{\"@id\":\"https:\/\/www.pressenza.com\/es\/2018\/11\/protesta-rohinya-en-bangladesh-frena-repatriacion-a-birmania\/#primaryimage\"},\"thumbnailUrl\":\"https:\/\/www.pressenza.com\/wp-content\/uploads\/2018\/11\/rohinya1.jpg\",\"keywords\":[\"Birmania\",\"discriminaci\u00f3n religiosa\",\"Minor\u00edas\",\"rohiny\u00e1\",\"Violencia religiosa\"],\"articleSection\":[\"Asia\",\"Derechos Humanos\",\"Diversidad\"],\"inLanguage\":\"es\"},{\"@type\":\"WebPage\",\"@id\":\"https:\/\/www.pressenza.com\/es\/2018\/11\/protesta-rohinya-en-bangladesh-frena-repatriacion-a-birmania\/\",\"url\":\"https:\/\/www.pressenza.com\/es\/2018\/11\/protesta-rohinya-en-bangladesh-frena-repatriacion-a-birmania\/\",\"name\":\"Protesta rohiny\u00e1 en Bangladesh frena repatriaci\u00f3n a Birmania\",\"isPartOf\":{\"@id\":\"https:\/\/www.pressenza.com\/es\/#website\"},\"primaryImageOfPage\":{\"@id\":\"https:\/\/www.pressenza.com\/es\/2018\/11\/protesta-rohinya-en-bangladesh-frena-repatriacion-a-birmania\/#primaryimage\"},\"image\":{\"@id\":\"https:\/\/www.pressenza.com\/es\/2018\/11\/protesta-rohinya-en-bangladesh-frena-repatriacion-a-birmania\/#primaryimage\"},\"thumbnailUrl\":\"https:\/\/www.pressenza.com\/wp-content\/uploads\/2018\/11\/rohinya1.jpg\",\"datePublished\":\"2018-11-22T15:26:57+00:00\",\"dateModified\":\"2018-11-22T15:30:29+00:00\",\"description\":\"Por Naimul Haq para Inter Press Service Birmania y Bangladesh acordaron la repatriaci\u00f3n de 2.260 refugiados rohiny\u00e1s en dos semanas, unas 150 personas por\",\"breadcrumb\":{\"@id\":\"https:\/\/www.pressenza.com\/es\/2018\/11\/protesta-rohinya-en-bangladesh-frena-repatriacion-a-birmania\/#breadcrumb\"},\"inLanguage\":\"es\",\"potentialAction\":[{\"@type\":\"ReadAction\",\"target\":[\"https:\/\/www.pressenza.com\/es\/2018\/11\/protesta-rohinya-en-bangladesh-frena-repatriacion-a-birmania\/\"]}]},{\"@type\":\"ImageObject\",\"inLanguage\":\"es\",\"@id\":\"https:\/\/www.pressenza.com\/es\/2018\/11\/protesta-rohinya-en-bangladesh-frena-repatriacion-a-birmania\/#primaryimage\",\"url\":\"https:\/\/www.pressenza.com\/wp-content\/uploads\/2018\/11\/rohinya1.jpg\",\"contentUrl\":\"https:\/\/www.pressenza.com\/wp-content\/uploads\/2018\/11\/rohinya1.jpg\",\"width\":629,\"height\":419},{\"@type\":\"BreadcrumbList\",\"@id\":\"https:\/\/www.pressenza.com\/es\/2018\/11\/protesta-rohinya-en-bangladesh-frena-repatriacion-a-birmania\/#breadcrumb\",\"itemListElement\":[{\"@type\":\"ListItem\",\"position\":1,\"name\":\"Accueil\",\"item\":\"https:\/\/www.pressenza.com\/es\/\"},{\"@type\":\"ListItem\",\"position\":2,\"name\":\"Protesta rohiny\u00e1 en Bangladesh frena repatriaci\u00f3n a Birmania\"}]},{\"@type\":\"WebSite\",\"@id\":\"https:\/\/www.pressenza.com\/es\/#website\",\"url\":\"https:\/\/www.pressenza.com\/es\/\",\"name\":\"Pressenza\",\"description\":\"International Press Agency\",\"publisher\":{\"@id\":\"https:\/\/www.pressenza.com\/es\/#organization\"},\"potentialAction\":[{\"@type\":\"SearchAction\",\"target\":{\"@type\":\"EntryPoint\",\"urlTemplate\":\"https:\/\/www.pressenza.com\/es\/?s={search_term_string}\"},\"query-input\":{\"@type\":\"PropertyValueSpecification\",\"valueRequired\":true,\"valueName\":\"search_term_string\"}}],\"inLanguage\":\"es\"},{\"@type\":\"Organization\",\"@id\":\"https:\/\/www.pressenza.com\/es\/#organization\",\"name\":\"Pressenza\",\"url\":\"https:\/\/www.pressenza.com\/es\/\",\"logo\":{\"@type\":\"ImageObject\",\"inLanguage\":\"es\",\"@id\":\"https:\/\/www.pressenza.com\/es\/#\/schema\/logo\/image\/\",\"url\":\"https:\/\/www.pressenza.com\/wp-content\/uploads\/2022\/10\/pressenza_logo_200x200.jpg\",\"contentUrl\":\"https:\/\/www.pressenza.com\/wp-content\/uploads\/2022\/10\/pressenza_logo_200x200.jpg\",\"width\":200,\"height\":200,\"caption\":\"Pressenza\"},\"image\":{\"@id\":\"https:\/\/www.pressenza.com\/es\/#\/schema\/logo\/image\/\"},\"sameAs\":[\"https:\/\/www.facebook.com\/PressenzaItalia\",\"https:\/\/x.com\/PressenzaIPA\"]},{\"@type\":\"Person\",\"@id\":\"https:\/\/www.pressenza.com\/es\/#\/schema\/person\/7467f88f6765c239bdd52f3c432de81a\",\"name\":\"Inter Press Service\",\"description\":\"IPS is an international communications institution at the heart of a global news agency that amplifies the voices of the South and civil society on development, globalisation, human rights and the environment. www.ipsnews.net\",\"sameAs\":[\"http:\/\/www.facebook.com\/ipsnoticias\",\"https:\/\/x.com\/ipsnoticias\"],\"url\":\"https:\/\/www.pressenza.com\/es\/author\/ips-inter-press-service\/\"}]}<\/script>\n<!-- \/ Yoast SEO plugin. -->","yoast_head_json":{"title":"Protesta rohiny\u00e1 en Bangladesh frena repatriaci\u00f3n a Birmania","description":"Por Naimul Haq para Inter Press Service Birmania y Bangladesh acordaron la repatriaci\u00f3n de 2.260 refugiados rohiny\u00e1s en dos semanas, unas 150 personas por","robots":{"index":"index","follow":"follow","max-snippet":"max-snippet:-1","max-image-preview":"max-image-preview:large","max-video-preview":"max-video-preview:-1"},"canonical":"https:\/\/www.pressenza.com\/es\/2018\/11\/protesta-rohinya-en-bangladesh-frena-repatriacion-a-birmania\/","og_locale":"es_ES","og_type":"article","og_title":"Protesta rohiny\u00e1 en Bangladesh frena repatriaci\u00f3n a Birmania","og_description":"Por Naimul Haq para Inter Press Service Birmania y Bangladesh acordaron la repatriaci\u00f3n de 2.260 refugiados rohiny\u00e1s en dos semanas, unas 150 personas por","og_url":"https:\/\/www.pressenza.com\/es\/2018\/11\/protesta-rohinya-en-bangladesh-frena-repatriacion-a-birmania\/","og_site_name":"Pressenza","article_publisher":"https:\/\/www.facebook.com\/PressenzaItalia","article_author":"http:\/\/www.facebook.com\/ipsnoticias","article_published_time":"2018-11-22T15:26:57+00:00","article_modified_time":"2018-11-22T15:30:29+00:00","og_image":[{"width":629,"height":419,"url":"https:\/\/www.pressenza.com\/wp-content\/uploads\/2018\/11\/rohinya1.jpg","type":"image\/jpeg"}],"author":"Inter Press Service","twitter_card":"summary_large_image","twitter_creator":"@ipsnoticias","twitter_site":"@PressenzaIPA","twitter_misc":{"Escrito por":"Inter Press Service","Tiempo de lectura":"6 minutos"},"schema":{"@context":"https:\/\/schema.org","@graph":[{"@type":"Article","@id":"https:\/\/www.pressenza.com\/es\/2018\/11\/protesta-rohinya-en-bangladesh-frena-repatriacion-a-birmania\/#article","isPartOf":{"@id":"https:\/\/www.pressenza.com\/es\/2018\/11\/protesta-rohinya-en-bangladesh-frena-repatriacion-a-birmania\/"},"author":{"name":"Inter Press Service","@id":"https:\/\/www.pressenza.com\/es\/#\/schema\/person\/7467f88f6765c239bdd52f3c432de81a"},"headline":"Protesta rohiny\u00e1 en Bangladesh frena repatriaci\u00f3n a Birmania","datePublished":"2018-11-22T15:26:57+00:00","dateModified":"2018-11-22T15:30:29+00:00","mainEntityOfPage":{"@id":"https:\/\/www.pressenza.com\/es\/2018\/11\/protesta-rohinya-en-bangladesh-frena-repatriacion-a-birmania\/"},"wordCount":1127,"publisher":{"@id":"https:\/\/www.pressenza.com\/es\/#organization"},"image":{"@id":"https:\/\/www.pressenza.com\/es\/2018\/11\/protesta-rohinya-en-bangladesh-frena-repatriacion-a-birmania\/#primaryimage"},"thumbnailUrl":"https:\/\/www.pressenza.com\/wp-content\/uploads\/2018\/11\/rohinya1.jpg","keywords":["Birmania","discriminaci\u00f3n religiosa","Minor\u00edas","rohiny\u00e1","Violencia religiosa"],"articleSection":["Asia","Derechos Humanos","Diversidad"],"inLanguage":"es"},{"@type":"WebPage","@id":"https:\/\/www.pressenza.com\/es\/2018\/11\/protesta-rohinya-en-bangladesh-frena-repatriacion-a-birmania\/","url":"https:\/\/www.pressenza.com\/es\/2018\/11\/protesta-rohinya-en-bangladesh-frena-repatriacion-a-birmania\/","name":"Protesta rohiny\u00e1 en Bangladesh frena repatriaci\u00f3n a Birmania","isPartOf":{"@id":"https:\/\/www.pressenza.com\/es\/#website"},"primaryImageOfPage":{"@id":"https:\/\/www.pressenza.com\/es\/2018\/11\/protesta-rohinya-en-bangladesh-frena-repatriacion-a-birmania\/#primaryimage"},"image":{"@id":"https:\/\/www.pressenza.com\/es\/2018\/11\/protesta-rohinya-en-bangladesh-frena-repatriacion-a-birmania\/#primaryimage"},"thumbnailUrl":"https:\/\/www.pressenza.com\/wp-content\/uploads\/2018\/11\/rohinya1.jpg","datePublished":"2018-11-22T15:26:57+00:00","dateModified":"2018-11-22T15:30:29+00:00","description":"Por Naimul Haq para Inter Press Service Birmania y Bangladesh acordaron la repatriaci\u00f3n de 2.260 refugiados rohiny\u00e1s en dos semanas, unas 150 personas por","breadcrumb":{"@id":"https:\/\/www.pressenza.com\/es\/2018\/11\/protesta-rohinya-en-bangladesh-frena-repatriacion-a-birmania\/#breadcrumb"},"inLanguage":"es","potentialAction":[{"@type":"ReadAction","target":["https:\/\/www.pressenza.com\/es\/2018\/11\/protesta-rohinya-en-bangladesh-frena-repatriacion-a-birmania\/"]}]},{"@type":"ImageObject","inLanguage":"es","@id":"https:\/\/www.pressenza.com\/es\/2018\/11\/protesta-rohinya-en-bangladesh-frena-repatriacion-a-birmania\/#primaryimage","url":"https:\/\/www.pressenza.com\/wp-content\/uploads\/2018\/11\/rohinya1.jpg","contentUrl":"https:\/\/www.pressenza.com\/wp-content\/uploads\/2018\/11\/rohinya1.jpg","width":629,"height":419},{"@type":"BreadcrumbList","@id":"https:\/\/www.pressenza.com\/es\/2018\/11\/protesta-rohinya-en-bangladesh-frena-repatriacion-a-birmania\/#breadcrumb","itemListElement":[{"@type":"ListItem","position":1,"name":"Accueil","item":"https:\/\/www.pressenza.com\/es\/"},{"@type":"ListItem","position":2,"name":"Protesta rohiny\u00e1 en Bangladesh frena repatriaci\u00f3n a Birmania"}]},{"@type":"WebSite","@id":"https:\/\/www.pressenza.com\/es\/#website","url":"https:\/\/www.pressenza.com\/es\/","name":"Pressenza","description":"International Press Agency","publisher":{"@id":"https:\/\/www.pressenza.com\/es\/#organization"},"potentialAction":[{"@type":"SearchAction","target":{"@type":"EntryPoint","urlTemplate":"https:\/\/www.pressenza.com\/es\/?s={search_term_string}"},"query-input":{"@type":"PropertyValueSpecification","valueRequired":true,"valueName":"search_term_string"}}],"inLanguage":"es"},{"@type":"Organization","@id":"https:\/\/www.pressenza.com\/es\/#organization","name":"Pressenza","url":"https:\/\/www.pressenza.com\/es\/","logo":{"@type":"ImageObject","inLanguage":"es","@id":"https:\/\/www.pressenza.com\/es\/#\/schema\/logo\/image\/","url":"https:\/\/www.pressenza.com\/wp-content\/uploads\/2022\/10\/pressenza_logo_200x200.jpg","contentUrl":"https:\/\/www.pressenza.com\/wp-content\/uploads\/2022\/10\/pressenza_logo_200x200.jpg","width":200,"height":200,"caption":"Pressenza"},"image":{"@id":"https:\/\/www.pressenza.com\/es\/#\/schema\/logo\/image\/"},"sameAs":["https:\/\/www.facebook.com\/PressenzaItalia","https:\/\/x.com\/PressenzaIPA"]},{"@type":"Person","@id":"https:\/\/www.pressenza.com\/es\/#\/schema\/person\/7467f88f6765c239bdd52f3c432de81a","name":"Inter Press Service","description":"IPS is an international communications institution at the heart of a global news agency that amplifies the voices of the South and civil society on development, globalisation, human rights and the environment. www.ipsnews.net","sameAs":["http:\/\/www.facebook.com\/ipsnoticias","https:\/\/x.com\/ipsnoticias"],"url":"https:\/\/www.pressenza.com\/es\/author\/ips-inter-press-service\/"}]}},"place":"Cox Bazar \/ Dacca, Bangladesh","original_article_url":"http:\/\/www.ipsnoticias.net\/2018\/11\/protesta-rohinya-bangladesh-frena-repatriacion-birmania\/","_links":{"self":[{"href":"https:\/\/www.pressenza.com\/es\/wp-json\/wp\/v2\/posts\/762010","targetHints":{"allow":["GET"]}}],"collection":[{"href":"https:\/\/www.pressenza.com\/es\/wp-json\/wp\/v2\/posts"}],"about":[{"href":"https:\/\/www.pressenza.com\/es\/wp-json\/wp\/v2\/types\/post"}],"author":[{"embeddable":true,"href":"https:\/\/www.pressenza.com\/es\/wp-json\/wp\/v2\/users\/347"}],"replies":[{"embeddable":true,"href":"https:\/\/www.pressenza.com\/es\/wp-json\/wp\/v2\/comments?post=762010"}],"version-history":[{"count":0,"href":"https:\/\/www.pressenza.com\/es\/wp-json\/wp\/v2\/posts\/762010\/revisions"}],"wp:featuredmedia":[{"embeddable":true,"href":"https:\/\/www.pressenza.com\/es\/wp-json\/wp\/v2\/media\/762059"}],"wp:attachment":[{"href":"https:\/\/www.pressenza.com\/es\/wp-json\/wp\/v2\/media?parent=762010"}],"wp:term":[{"taxonomy":"category","embeddable":true,"href":"https:\/\/www.pressenza.com\/es\/wp-json\/wp\/v2\/categories?post=762010"},{"taxonomy":"post_tag","embeddable":true,"href":"https:\/\/www.pressenza.com\/es\/wp-json\/wp\/v2\/tags?post=762010"}],"curies":[{"name":"wp","href":"https:\/\/api.w.org\/{rel}","templated":true}]}}