{"id":759027,"date":"2018-11-21T16:03:12","date_gmt":"2018-11-21T16:03:12","guid":{"rendered":"https:\/\/www.pressenza.com\/?p=759027"},"modified":"2018-11-21T16:03:12","modified_gmt":"2018-11-21T16:03:12","slug":"a-un-ano-del-asesinato-de-rafael-nahuel-vivos-y-en-territorio-nos-queremos","status":"publish","type":"post","link":"https:\/\/www.pressenza.com\/es\/2018\/11\/a-un-ano-del-asesinato-de-rafael-nahuel-vivos-y-en-territorio-nos-queremos\/","title":{"rendered":"A un a\u00f1o del asesinato de Rafael Nahuel: \u00abVivos y en territorio nos queremos\u00bb"},"content":{"rendered":"<p><strong>\u201cEl asesinato de \u201cRafita\u201d no es un acontecimiento aislado; representa m\u00e1s de cinco siglos de persecuci\u00f3n, despojo territorial y asimilaci\u00f3n violenta (\u2026) Los pueblos ind\u00edgenas son los primeros desaparecidos de un genocidio que a\u00fan contin\u00faa.\u201d<\/strong><\/p>\n<p>La declaraci\u00f3n es parte de un documento emitido al cumplirse este 25 de noviembre un a\u00f1o del asesinato del joven mapuche Rafael Nahuel en Lago Mascardi. Con ese motivo, ese d\u00eda se realizar\u00e1n movilizaciones en Buenos Aires, Bariloche, Rosario, Trelew, El Bols\u00f3n, Esquel, Neuqu\u00e9n, Puerto Madryn, El Mait\u00e9n, Santa cruz y Gral.Roca.<\/p>\n<h4>Convocatoria<\/h4>\n<p>En la Ciudad de Buenos Aires el encuentro se realizar\u00e1 de 12 a 18 hs. en Parque Los Andes, Jorge Newbery 4100.<\/p>\n<p>Las actividades previstas son<\/p>\n<ul>\n<li>12:00 a 13:00 hs Palin Weichan, juego tradicional mapuche y encuentro pol\u00edtico y social.<\/li>\n<li>13.00 hs Mizaw\u00fcn. Compartiremos el almuerzo.\u00a0Traer alimentos para compartir.<\/li>\n<li>14:00 a 18:00 hs Radio Abierta<br \/>\nMuestra fotogr\u00e1fica sobre la impunidad en las Naciones.<br \/>\nPanel de Genocidio y Territorio: 71 a\u00f1os en la b\u00fasqueda de Memoria Verdad y Justicia.<br \/>\nGenocidio Pueblo Pilag\u00e1: La Masacre de Rinc\u00f3n Bomba.<br \/>\nExtractivismo en territorio mapuche.<br \/>\nComunidad Punta Querand\u00ed.<br \/>\nColectivo Tres Ombues de La Matanza.<br \/>\nHermano de Tartagal, Salta.<br \/>\nHermanxs Mapuche.<\/li>\n<li>18.00 hs Cierre<\/li>\n<\/ul>\n<p><img loading=\"lazy\" decoding=\"async\" class=\"alignnone size-large wp-image-759029\" src=\"https:\/\/www.pressenza.com\/wp-content\/uploads\/2018\/11\/1-an--o-Rafa-720x604.jpeg\" alt=\"\" width=\"720\" height=\"604\" srcset=\"https:\/\/www.pressenza.com\/wp-content\/uploads\/2018\/11\/1-an--o-Rafa-720x604.jpeg 720w, https:\/\/www.pressenza.com\/wp-content\/uploads\/2018\/11\/1-an--o-Rafa-300x252.jpeg 300w, https:\/\/www.pressenza.com\/wp-content\/uploads\/2018\/11\/1-an--o-Rafa-768x644.jpeg 768w, https:\/\/www.pressenza.com\/wp-content\/uploads\/2018\/11\/1-an--o-Rafa.jpeg 800w\" sizes=\"auto, (max-width: 720px) 100vw, 720px\" \/><\/p>\n<h4>El documento<\/h4>\n<p>Sigue el texto completo del documento de la Comisi\u00f3n por el a\u00f1o del asesinato al Weychafe Rafael Nahuel Yem<\/p>\n<p><strong>A los Pueblos que habitan los Territorios robados por el actual estado argentino.A \u00a0los pueblos del mundo<\/strong><\/p>\n<p>Frente al aniversario del asesinato a\u00fan impune del Weychafe Rafael Nahuel Yem, en manos de Francisco Javier Pintos, Cabo Primero de la Prefectura Naval Argentina bajo las \u00f3rdenes de la Ministra de Seguridad Patricia Bullrich, en el marco de la represi\u00f3n a Lof Lafken Winkul Mapu en lago Mascardi, territorio mapuche; nos autoconvocamos organizaciones ind\u00edgenas para repudiar este hecho a trav\u00e9s de distintas actividades y acciones en reclamo de Memoria, Verdad y Justicia. El asesinato de \u201cRafita\u201d no es un acontecimiento aislado; representa m\u00e1s de cinco siglos de persecuci\u00f3n, despojo territorial y asimilaci\u00f3n violenta, pero adem\u00e1s, la impunidad del caso simboliza el recrudecimiento de un racismo que fue constituyente de este Estado. Los pueblos ind\u00edgenas son los primeros desaparecidos de un genocidio que a\u00fan contin\u00faa. Somos cr\u00edticos del silencio que la sociedad argentina sostiene incluyendo a sus sectores organizados, en torno a la muerte y la impunidad de hermanos y hermanas originarios de m\u00e1s de 40 naciones ind\u00edgenas en este territorio, que los hacen desaparecer f\u00edsicamente y de la memoria colectiva criminaliz\u00e1ndolos en represiones, torturas, cacer\u00edas y\/o amedrentamientos. Por eso recordamos sus nombres y rostros en cada marcha, espacios de lucha y resistencia para mantenerlos vivos.<\/p>\n<p>El asesinato de un joven mapuche en proceso de reconstrucci\u00f3n identitaria y recuperaci\u00f3n territorial, hizo que cada 25 nos encontr\u00e1ramos tomando los espacios p\u00fablicos para gritar \u201cVivos y en territorio nos queremos\u201d, levantando su imagen en la ronda de las Madres de Plaza de Mayo, de espalda al monumento al genocida Julio Argentino Roca y organizando encuentros de j\u00f3venes donde buscamos recuperar y afirmar nuestras identidades ind\u00edgenas, las cuales quisieron quitarnos desde el principio de la colonizaci\u00f3n pero despu\u00e9s con la imposici\u00f3n de fronteras, nacionalismos, religiones y formas de educaci\u00f3n euroc\u00e9ntrica. El fusilamiento de Rafita simboliza la muerte y exterminio a j\u00f3venes que son racializados por su color de piel y condenados a muerte en manos de las fuerzas represivas o sicarios que obedecen \u00f3rdenes de la corporocracia.<\/p>\n<p>A medida que pasaron los meses, el silencio fue aterrador. El recrudecimiento de las pol\u00edticas represivas hacia las Naciones ind\u00edgenas contin\u00faa\u2026 con desplazamientos forzados, despojo, sometimiento y golpeados tanto en territorio como en la ciudad. Nos ven como extranjeros en nuestra propia tierra pero somos preexistentes a la divisi\u00f3n territorial de los estados actuales y los l\u00edmites fronterizos. Sabemos que el reconocimiento de ser indio, ind\u00edgena, originario, forma parte de un proceso de lucha y resistencia. La historia nos neg\u00f3 y la educaci\u00f3n nos minti\u00f3.<\/p>\n<p>A un a\u00f1o, las voces ind\u00edgenas nos unimos en un solo grito de c\u00e1rcel sin ning\u00fan tipo de privilegios y castigo para los responsables materiales e intelectuales del fusilamiento. Convocamos a organizaciones originarias a que sumen sus voces, sus cuerpos, desde nuestros modos de organizaci\u00f3n basados en el consenso, la reciprocidad y el respeto. Y hacemos un llamamiento a organismos de derechos humanos, a las organizaciones sociales, partidos pol\u00edticos y a la sociedad civil en general a que nos acompa\u00f1en bajo las consignas:<\/p>\n<p>\u201cNo a la impunidad por el asesinato de Rafael Nahuel\u00bb. \u201cSer ind\u00edgena empobrecido no es ser terrorista\u201d.<br \/>\nCese de persecuci\u00f3n pol\u00edtica a Fausto Jones Huala y Lautaro Gonz\u00e1lez. Libertad al Lonko Facundo Jones Huala y a los m\u00e1s de 20 procesados mapuche, como a los presos y presas ind\u00edgenas por luchar en todo el territorio.<\/p>\n<p><strong>Convoca:<\/strong> <em>Comisi\u00f3n por el a\u00f1o del asesinato al Weychafe Rafael Nahuel Yem<\/em><\/p>\n<p><strong>Ciudades que movilizan:<\/strong> Bariloche Buenos Aires Rosario Trelew El Bols\u00f3n Esquel Newenken Puerto madryn El Mait\u00e9n Santa cruz Fiske Menuco (gral.Roca)<\/p>\n<p>Adhesiones al correo electr\u00f3nico: <a href=\"mailto:rafaelnahuelbsas@gmail.com\">rafaelnahuelbsas@gmail.com<\/a><\/p>\n","protected":false},"excerpt":{"rendered":"<p>\u201cEl asesinato de \u201cRafita\u201d no es un acontecimiento aislado; representa m\u00e1s de cinco siglos de persecuci\u00f3n, despojo territorial y asimilaci\u00f3n violenta (\u2026) Los pueblos ind\u00edgenas son los primeros desaparecidos de un genocidio que a\u00fan contin\u00faa.\u201d La declaraci\u00f3n es parte de&hellip;<\/p>\n","protected":false},"author":1273,"featured_media":759038,"comment_status":"closed","ping_status":"closed","sticky":false,"template":"","format":"standard","meta":{"footnotes":""},"categories":[149,80,67],"tags":[30730,5323,936,22210,42025,48221,18507],"class_list":["post-759027","post","type-post","status-publish","format-standard","has-post-thumbnail","hentry","category-comunicados-de-prensa","category-pueblos-originarios","category-sudamerica","tag-bullrich","tag-indigenas","tag-mapuche-es","tag-pueblos-originarios","tag-rafael-nahuel","tag-rafita","tag-territorios"],"yoast_head":"<!-- This site is optimized with the Yoast SEO plugin v27.1.1 - https:\/\/yoast.com\/product\/yoast-seo-wordpress\/ -->\n<title>A un a\u00f1o del asesinato de Rafael Nahuel: &quot;Vivos y en territorio nos queremos&quot;<\/title>\n<meta name=\"description\" content=\"\u201cEl asesinato de \u201cRafita\u201d no es un acontecimiento aislado; representa m\u00e1s de cinco siglos de persecuci\u00f3n, despojo territorial y asimilaci\u00f3n violenta (\u2026)\" \/>\n<meta name=\"robots\" content=\"index, follow, max-snippet:-1, max-image-preview:large, max-video-preview:-1\" \/>\n<link rel=\"canonical\" href=\"https:\/\/www.pressenza.com\/es\/2018\/11\/a-un-ano-del-asesinato-de-rafael-nahuel-vivos-y-en-territorio-nos-queremos\/\" \/>\n<meta property=\"og:locale\" content=\"es_ES\" \/>\n<meta property=\"og:type\" content=\"article\" \/>\n<meta property=\"og:title\" content=\"A un a\u00f1o del asesinato de Rafael Nahuel: &quot;Vivos y en territorio nos queremos&quot;\" \/>\n<meta property=\"og:description\" content=\"\u201cEl asesinato de \u201cRafita\u201d no es un acontecimiento aislado; representa m\u00e1s de cinco siglos de persecuci\u00f3n, despojo territorial y asimilaci\u00f3n violenta (\u2026)\" \/>\n<meta property=\"og:url\" content=\"https:\/\/www.pressenza.com\/es\/2018\/11\/a-un-ano-del-asesinato-de-rafael-nahuel-vivos-y-en-territorio-nos-queremos\/\" \/>\n<meta property=\"og:site_name\" content=\"Pressenza\" \/>\n<meta property=\"article:publisher\" content=\"https:\/\/www.facebook.com\/PressenzaItalia\" \/>\n<meta property=\"article:author\" content=\"https:\/\/www.facebook.com\/Pressenza\/\" \/>\n<meta property=\"article:published_time\" content=\"2018-11-21T16:03:12+00:00\" \/>\n<meta property=\"og:image\" content=\"https:\/\/www.pressenza.com\/wp-content\/uploads\/2018\/11\/Rafa1-Abril-2018.jpg\" \/>\n\t<meta property=\"og:image:width\" content=\"1024\" \/>\n\t<meta property=\"og:image:height\" content=\"609\" \/>\n\t<meta property=\"og:image:type\" content=\"image\/jpeg\" \/>\n<meta name=\"author\" content=\"Redacci\u00f3n Buenos Aires\" \/>\n<meta name=\"twitter:card\" content=\"summary_large_image\" \/>\n<meta name=\"twitter:creator\" content=\"@pressenza\" \/>\n<meta name=\"twitter:site\" content=\"@PressenzaIPA\" \/>\n<meta name=\"twitter:label1\" content=\"Escrito por\" \/>\n\t<meta name=\"twitter:data1\" content=\"Redacci\u00f3n Buenos Aires\" \/>\n\t<meta name=\"twitter:label2\" content=\"Tiempo de lectura\" \/>\n\t<meta name=\"twitter:data2\" content=\"4 minutos\" \/>\n<script type=\"application\/ld+json\" class=\"yoast-schema-graph\">{\"@context\":\"https:\/\/schema.org\",\"@graph\":[{\"@type\":\"Article\",\"@id\":\"https:\/\/www.pressenza.com\/es\/2018\/11\/a-un-ano-del-asesinato-de-rafael-nahuel-vivos-y-en-territorio-nos-queremos\/#article\",\"isPartOf\":{\"@id\":\"https:\/\/www.pressenza.com\/es\/2018\/11\/a-un-ano-del-asesinato-de-rafael-nahuel-vivos-y-en-territorio-nos-queremos\/\"},\"author\":{\"name\":\"Redacci\u00f3n Buenos Aires\",\"@id\":\"https:\/\/www.pressenza.com\/es\/#\/schema\/person\/d61b5f5fc632435ce9db3a31b1f2be87\"},\"headline\":\"A un a\u00f1o del asesinato de Rafael Nahuel: \u00abVivos y en territorio nos queremos\u00bb\",\"datePublished\":\"2018-11-21T16:03:12+00:00\",\"mainEntityOfPage\":{\"@id\":\"https:\/\/www.pressenza.com\/es\/2018\/11\/a-un-ano-del-asesinato-de-rafael-nahuel-vivos-y-en-territorio-nos-queremos\/\"},\"wordCount\":901,\"publisher\":{\"@id\":\"https:\/\/www.pressenza.com\/es\/#organization\"},\"image\":{\"@id\":\"https:\/\/www.pressenza.com\/es\/2018\/11\/a-un-ano-del-asesinato-de-rafael-nahuel-vivos-y-en-territorio-nos-queremos\/#primaryimage\"},\"thumbnailUrl\":\"https:\/\/www.pressenza.com\/wp-content\/uploads\/2018\/11\/Rafa1-Abril-2018.jpg\",\"keywords\":[\"Bullrich\",\"indigenas\",\"mapuche\",\"Pueblos Originarios\",\"Rafael Nahuel\",\"Rafita\",\"territorios\"],\"articleSection\":[\"Comunicados de Prensa\",\"Pueblos Originarios\",\"Sudam\u00e9rica\"],\"inLanguage\":\"es\"},{\"@type\":\"WebPage\",\"@id\":\"https:\/\/www.pressenza.com\/es\/2018\/11\/a-un-ano-del-asesinato-de-rafael-nahuel-vivos-y-en-territorio-nos-queremos\/\",\"url\":\"https:\/\/www.pressenza.com\/es\/2018\/11\/a-un-ano-del-asesinato-de-rafael-nahuel-vivos-y-en-territorio-nos-queremos\/\",\"name\":\"A un a\u00f1o del asesinato de Rafael Nahuel: \\\"Vivos y en territorio nos queremos\\\"\",\"isPartOf\":{\"@id\":\"https:\/\/www.pressenza.com\/es\/#website\"},\"primaryImageOfPage\":{\"@id\":\"https:\/\/www.pressenza.com\/es\/2018\/11\/a-un-ano-del-asesinato-de-rafael-nahuel-vivos-y-en-territorio-nos-queremos\/#primaryimage\"},\"image\":{\"@id\":\"https:\/\/www.pressenza.com\/es\/2018\/11\/a-un-ano-del-asesinato-de-rafael-nahuel-vivos-y-en-territorio-nos-queremos\/#primaryimage\"},\"thumbnailUrl\":\"https:\/\/www.pressenza.com\/wp-content\/uploads\/2018\/11\/Rafa1-Abril-2018.jpg\",\"datePublished\":\"2018-11-21T16:03:12+00:00\",\"description\":\"\u201cEl asesinato de \u201cRafita\u201d no es un acontecimiento aislado; representa m\u00e1s de cinco siglos de persecuci\u00f3n, despojo territorial y asimilaci\u00f3n violenta (\u2026)\",\"breadcrumb\":{\"@id\":\"https:\/\/www.pressenza.com\/es\/2018\/11\/a-un-ano-del-asesinato-de-rafael-nahuel-vivos-y-en-territorio-nos-queremos\/#breadcrumb\"},\"inLanguage\":\"es\",\"potentialAction\":[{\"@type\":\"ReadAction\",\"target\":[\"https:\/\/www.pressenza.com\/es\/2018\/11\/a-un-ano-del-asesinato-de-rafael-nahuel-vivos-y-en-territorio-nos-queremos\/\"]}]},{\"@type\":\"ImageObject\",\"inLanguage\":\"es\",\"@id\":\"https:\/\/www.pressenza.com\/es\/2018\/11\/a-un-ano-del-asesinato-de-rafael-nahuel-vivos-y-en-territorio-nos-queremos\/#primaryimage\",\"url\":\"https:\/\/www.pressenza.com\/wp-content\/uploads\/2018\/11\/Rafa1-Abril-2018.jpg\",\"contentUrl\":\"https:\/\/www.pressenza.com\/wp-content\/uploads\/2018\/11\/Rafa1-Abril-2018.jpg\",\"width\":1024,\"height\":609},{\"@type\":\"BreadcrumbList\",\"@id\":\"https:\/\/www.pressenza.com\/es\/2018\/11\/a-un-ano-del-asesinato-de-rafael-nahuel-vivos-y-en-territorio-nos-queremos\/#breadcrumb\",\"itemListElement\":[{\"@type\":\"ListItem\",\"position\":1,\"name\":\"Accueil\",\"item\":\"https:\/\/www.pressenza.com\/es\/\"},{\"@type\":\"ListItem\",\"position\":2,\"name\":\"A un a\u00f1o del asesinato de Rafael Nahuel: \u00abVivos y en territorio nos queremos\u00bb\"}]},{\"@type\":\"WebSite\",\"@id\":\"https:\/\/www.pressenza.com\/es\/#website\",\"url\":\"https:\/\/www.pressenza.com\/es\/\",\"name\":\"Pressenza\",\"description\":\"International Press Agency\",\"publisher\":{\"@id\":\"https:\/\/www.pressenza.com\/es\/#organization\"},\"potentialAction\":[{\"@type\":\"SearchAction\",\"target\":{\"@type\":\"EntryPoint\",\"urlTemplate\":\"https:\/\/www.pressenza.com\/es\/?s={search_term_string}\"},\"query-input\":{\"@type\":\"PropertyValueSpecification\",\"valueRequired\":true,\"valueName\":\"search_term_string\"}}],\"inLanguage\":\"es\"},{\"@type\":\"Organization\",\"@id\":\"https:\/\/www.pressenza.com\/es\/#organization\",\"name\":\"Pressenza\",\"url\":\"https:\/\/www.pressenza.com\/es\/\",\"logo\":{\"@type\":\"ImageObject\",\"inLanguage\":\"es\",\"@id\":\"https:\/\/www.pressenza.com\/es\/#\/schema\/logo\/image\/\",\"url\":\"https:\/\/www.pressenza.com\/wp-content\/uploads\/2022\/10\/pressenza_logo_200x200.jpg\",\"contentUrl\":\"https:\/\/www.pressenza.com\/wp-content\/uploads\/2022\/10\/pressenza_logo_200x200.jpg\",\"width\":200,\"height\":200,\"caption\":\"Pressenza\"},\"image\":{\"@id\":\"https:\/\/www.pressenza.com\/es\/#\/schema\/logo\/image\/\"},\"sameAs\":[\"https:\/\/www.facebook.com\/PressenzaItalia\",\"https:\/\/x.com\/PressenzaIPA\"]},{\"@type\":\"Person\",\"@id\":\"https:\/\/www.pressenza.com\/es\/#\/schema\/person\/d61b5f5fc632435ce9db3a31b1f2be87\",\"name\":\"Redacci\u00f3n Buenos Aires\",\"description\":\"News published by the Pressenza bureau in Buenos Aires, Argentina\",\"sameAs\":[\"https:\/\/www.facebook.com\/Pressenza\/\",\"https:\/\/x.com\/pressenza\"],\"url\":\"https:\/\/www.pressenza.com\/es\/author\/redaccion-buenos-aires\/\"}]}<\/script>\n<!-- \/ Yoast SEO plugin. -->","yoast_head_json":{"title":"A un a\u00f1o del asesinato de Rafael Nahuel: \"Vivos y en territorio nos queremos\"","description":"\u201cEl asesinato de \u201cRafita\u201d no es un acontecimiento aislado; representa m\u00e1s de cinco siglos de persecuci\u00f3n, despojo territorial y asimilaci\u00f3n violenta (\u2026)","robots":{"index":"index","follow":"follow","max-snippet":"max-snippet:-1","max-image-preview":"max-image-preview:large","max-video-preview":"max-video-preview:-1"},"canonical":"https:\/\/www.pressenza.com\/es\/2018\/11\/a-un-ano-del-asesinato-de-rafael-nahuel-vivos-y-en-territorio-nos-queremos\/","og_locale":"es_ES","og_type":"article","og_title":"A un a\u00f1o del asesinato de Rafael Nahuel: \"Vivos y en territorio nos queremos\"","og_description":"\u201cEl asesinato de \u201cRafita\u201d no es un acontecimiento aislado; representa m\u00e1s de cinco siglos de persecuci\u00f3n, despojo territorial y asimilaci\u00f3n violenta (\u2026)","og_url":"https:\/\/www.pressenza.com\/es\/2018\/11\/a-un-ano-del-asesinato-de-rafael-nahuel-vivos-y-en-territorio-nos-queremos\/","og_site_name":"Pressenza","article_publisher":"https:\/\/www.facebook.com\/PressenzaItalia","article_author":"https:\/\/www.facebook.com\/Pressenza\/","article_published_time":"2018-11-21T16:03:12+00:00","og_image":[{"width":1024,"height":609,"url":"https:\/\/www.pressenza.com\/wp-content\/uploads\/2018\/11\/Rafa1-Abril-2018.jpg","type":"image\/jpeg"}],"author":"Redacci\u00f3n Buenos Aires","twitter_card":"summary_large_image","twitter_creator":"@pressenza","twitter_site":"@PressenzaIPA","twitter_misc":{"Escrito por":"Redacci\u00f3n Buenos Aires","Tiempo de lectura":"4 minutos"},"schema":{"@context":"https:\/\/schema.org","@graph":[{"@type":"Article","@id":"https:\/\/www.pressenza.com\/es\/2018\/11\/a-un-ano-del-asesinato-de-rafael-nahuel-vivos-y-en-territorio-nos-queremos\/#article","isPartOf":{"@id":"https:\/\/www.pressenza.com\/es\/2018\/11\/a-un-ano-del-asesinato-de-rafael-nahuel-vivos-y-en-territorio-nos-queremos\/"},"author":{"name":"Redacci\u00f3n Buenos Aires","@id":"https:\/\/www.pressenza.com\/es\/#\/schema\/person\/d61b5f5fc632435ce9db3a31b1f2be87"},"headline":"A un a\u00f1o del asesinato de Rafael Nahuel: \u00abVivos y en territorio nos queremos\u00bb","datePublished":"2018-11-21T16:03:12+00:00","mainEntityOfPage":{"@id":"https:\/\/www.pressenza.com\/es\/2018\/11\/a-un-ano-del-asesinato-de-rafael-nahuel-vivos-y-en-territorio-nos-queremos\/"},"wordCount":901,"publisher":{"@id":"https:\/\/www.pressenza.com\/es\/#organization"},"image":{"@id":"https:\/\/www.pressenza.com\/es\/2018\/11\/a-un-ano-del-asesinato-de-rafael-nahuel-vivos-y-en-territorio-nos-queremos\/#primaryimage"},"thumbnailUrl":"https:\/\/www.pressenza.com\/wp-content\/uploads\/2018\/11\/Rafa1-Abril-2018.jpg","keywords":["Bullrich","indigenas","mapuche","Pueblos Originarios","Rafael Nahuel","Rafita","territorios"],"articleSection":["Comunicados de Prensa","Pueblos Originarios","Sudam\u00e9rica"],"inLanguage":"es"},{"@type":"WebPage","@id":"https:\/\/www.pressenza.com\/es\/2018\/11\/a-un-ano-del-asesinato-de-rafael-nahuel-vivos-y-en-territorio-nos-queremos\/","url":"https:\/\/www.pressenza.com\/es\/2018\/11\/a-un-ano-del-asesinato-de-rafael-nahuel-vivos-y-en-territorio-nos-queremos\/","name":"A un a\u00f1o del asesinato de Rafael Nahuel: \"Vivos y en territorio nos queremos\"","isPartOf":{"@id":"https:\/\/www.pressenza.com\/es\/#website"},"primaryImageOfPage":{"@id":"https:\/\/www.pressenza.com\/es\/2018\/11\/a-un-ano-del-asesinato-de-rafael-nahuel-vivos-y-en-territorio-nos-queremos\/#primaryimage"},"image":{"@id":"https:\/\/www.pressenza.com\/es\/2018\/11\/a-un-ano-del-asesinato-de-rafael-nahuel-vivos-y-en-territorio-nos-queremos\/#primaryimage"},"thumbnailUrl":"https:\/\/www.pressenza.com\/wp-content\/uploads\/2018\/11\/Rafa1-Abril-2018.jpg","datePublished":"2018-11-21T16:03:12+00:00","description":"\u201cEl asesinato de \u201cRafita\u201d no es un acontecimiento aislado; representa m\u00e1s de cinco siglos de persecuci\u00f3n, despojo territorial y asimilaci\u00f3n violenta (\u2026)","breadcrumb":{"@id":"https:\/\/www.pressenza.com\/es\/2018\/11\/a-un-ano-del-asesinato-de-rafael-nahuel-vivos-y-en-territorio-nos-queremos\/#breadcrumb"},"inLanguage":"es","potentialAction":[{"@type":"ReadAction","target":["https:\/\/www.pressenza.com\/es\/2018\/11\/a-un-ano-del-asesinato-de-rafael-nahuel-vivos-y-en-territorio-nos-queremos\/"]}]},{"@type":"ImageObject","inLanguage":"es","@id":"https:\/\/www.pressenza.com\/es\/2018\/11\/a-un-ano-del-asesinato-de-rafael-nahuel-vivos-y-en-territorio-nos-queremos\/#primaryimage","url":"https:\/\/www.pressenza.com\/wp-content\/uploads\/2018\/11\/Rafa1-Abril-2018.jpg","contentUrl":"https:\/\/www.pressenza.com\/wp-content\/uploads\/2018\/11\/Rafa1-Abril-2018.jpg","width":1024,"height":609},{"@type":"BreadcrumbList","@id":"https:\/\/www.pressenza.com\/es\/2018\/11\/a-un-ano-del-asesinato-de-rafael-nahuel-vivos-y-en-territorio-nos-queremos\/#breadcrumb","itemListElement":[{"@type":"ListItem","position":1,"name":"Accueil","item":"https:\/\/www.pressenza.com\/es\/"},{"@type":"ListItem","position":2,"name":"A un a\u00f1o del asesinato de Rafael Nahuel: \u00abVivos y en territorio nos queremos\u00bb"}]},{"@type":"WebSite","@id":"https:\/\/www.pressenza.com\/es\/#website","url":"https:\/\/www.pressenza.com\/es\/","name":"Pressenza","description":"International Press Agency","publisher":{"@id":"https:\/\/www.pressenza.com\/es\/#organization"},"potentialAction":[{"@type":"SearchAction","target":{"@type":"EntryPoint","urlTemplate":"https:\/\/www.pressenza.com\/es\/?s={search_term_string}"},"query-input":{"@type":"PropertyValueSpecification","valueRequired":true,"valueName":"search_term_string"}}],"inLanguage":"es"},{"@type":"Organization","@id":"https:\/\/www.pressenza.com\/es\/#organization","name":"Pressenza","url":"https:\/\/www.pressenza.com\/es\/","logo":{"@type":"ImageObject","inLanguage":"es","@id":"https:\/\/www.pressenza.com\/es\/#\/schema\/logo\/image\/","url":"https:\/\/www.pressenza.com\/wp-content\/uploads\/2022\/10\/pressenza_logo_200x200.jpg","contentUrl":"https:\/\/www.pressenza.com\/wp-content\/uploads\/2022\/10\/pressenza_logo_200x200.jpg","width":200,"height":200,"caption":"Pressenza"},"image":{"@id":"https:\/\/www.pressenza.com\/es\/#\/schema\/logo\/image\/"},"sameAs":["https:\/\/www.facebook.com\/PressenzaItalia","https:\/\/x.com\/PressenzaIPA"]},{"@type":"Person","@id":"https:\/\/www.pressenza.com\/es\/#\/schema\/person\/d61b5f5fc632435ce9db3a31b1f2be87","name":"Redacci\u00f3n Buenos Aires","description":"News published by the Pressenza bureau in Buenos Aires, Argentina","sameAs":["https:\/\/www.facebook.com\/Pressenza\/","https:\/\/x.com\/pressenza"],"url":"https:\/\/www.pressenza.com\/es\/author\/redaccion-buenos-aires\/"}]}},"place":"Ciudad de Buenos Aires, Argentina","original_article_url":"","_links":{"self":[{"href":"https:\/\/www.pressenza.com\/es\/wp-json\/wp\/v2\/posts\/759027","targetHints":{"allow":["GET"]}}],"collection":[{"href":"https:\/\/www.pressenza.com\/es\/wp-json\/wp\/v2\/posts"}],"about":[{"href":"https:\/\/www.pressenza.com\/es\/wp-json\/wp\/v2\/types\/post"}],"author":[{"embeddable":true,"href":"https:\/\/www.pressenza.com\/es\/wp-json\/wp\/v2\/users\/1273"}],"replies":[{"embeddable":true,"href":"https:\/\/www.pressenza.com\/es\/wp-json\/wp\/v2\/comments?post=759027"}],"version-history":[{"count":0,"href":"https:\/\/www.pressenza.com\/es\/wp-json\/wp\/v2\/posts\/759027\/revisions"}],"wp:featuredmedia":[{"embeddable":true,"href":"https:\/\/www.pressenza.com\/es\/wp-json\/wp\/v2\/media\/759038"}],"wp:attachment":[{"href":"https:\/\/www.pressenza.com\/es\/wp-json\/wp\/v2\/media?parent=759027"}],"wp:term":[{"taxonomy":"category","embeddable":true,"href":"https:\/\/www.pressenza.com\/es\/wp-json\/wp\/v2\/categories?post=759027"},{"taxonomy":"post_tag","embeddable":true,"href":"https:\/\/www.pressenza.com\/es\/wp-json\/wp\/v2\/tags?post=759027"}],"curies":[{"name":"wp","href":"https:\/\/api.w.org\/{rel}","templated":true}]}}