{"id":757166,"date":"2018-11-18T02:10:51","date_gmt":"2018-11-18T02:10:51","guid":{"rendered":"https:\/\/www.pressenza.com\/?p=757166"},"modified":"2018-11-18T02:10:51","modified_gmt":"2018-11-18T02:10:51","slug":"cuba-denuncia-agresion-de-estados-unidos","status":"publish","type":"post","link":"https:\/\/www.pressenza.com\/es\/2018\/11\/cuba-denuncia-agresion-de-estados-unidos\/","title":{"rendered":"Cuba denuncia agresi\u00f3n de Estados Unidos"},"content":{"rendered":"<p>El director general de Estados Unidos en la Canciller\u00eda cubana, Carlos Fern\u00e1ndez, denunci\u00f3 la decisi\u00f3n de Estados Unidos de ampliar la lista de entidades sancionadas de la naci\u00f3n caribe\u00f1a, publica hoy la web de la referida entidad gubernamental.<\/p>\n<p>La nota se\u00f1ala que la incorporaci\u00f3n de 26 nuevas empresas cubanas en la lista arbitraria de entidades prohibidas para cualquier tipo de transacci\u00f3n con empresas y ciudadanos estadounidenses constituye una disposici\u00f3n agresiva del Gobierno del pa\u00eds norte\u00f1o.<\/p>\n<p>Seg\u00fan Fern\u00e1ndez, la &#8216;verdadera naturaleza de esta decisi\u00f3n es continuar endureciendo el bloqueo, asfixiar econ\u00f3micamente a Cuba y tratar de demonizarla con acusaciones deshonestas&#8217;.<\/p>\n<p>El pasado 1 de noviembre la Asamblea General de la Organizaci\u00f3n de Naciones Unidas rechaz\u00f3 casi un\u00e1nimemente el bloqueo econ\u00f3mico de Estados Unidos, como demostraci\u00f3n del aislamiento y el descr\u00e9dito de su pol\u00edtica de agresi\u00f3n contra Cuba, record\u00f3 el diplom\u00e1tico.<\/p>\n<p>Hace dos d\u00edas Fern\u00e1ndez calific\u00f3 de desaf\u00edo a la comunidad internacional la escalada en la hostilidad de Washington hacia la isla.<\/p>\n<p>&#8216;Estados Unidos vuelve a desafiar a la comunidad internacional, que el pasado 1 noviembre rechaz\u00f3 casi un\u00e1nimemente su conducta forajida e irreverente ante el orden entre las naciones&#8217;, se\u00f1al\u00f3 en su cuenta de Twitter a prop\u00f3sito del anuncio por el Departamento de Estado de las nuevas medidas punitivas.<\/p>\n<p>Fern\u00e1ndez hizo alusi\u00f3n en su tuit a la aprobaci\u00f3n en la Asamblea General de la ONU de una resoluci\u00f3n -la vigesimos\u00e9ptima desde 1992- que aboga por el levantamiento del bloqueo econ\u00f3mico, comercial y financiero impuesto a la mayor de las Antillas por casi 60 a\u00f1os.<\/p>\n<p>El texto fue respaldado por 189 de los 193 estados miembros de la organizaci\u00f3n multilateral.<\/p>\n<p>La escalada en las restricciones anticubanas de Washington tambi\u00e9n encontr\u00f3 cr\u00edticas en el pa\u00eds norte\u00f1o, donde crecen las voces que reclaman una relaci\u00f3n de buenos vecinos entre las dos naciones.<\/p>\n","protected":false},"excerpt":{"rendered":"<p>El director general de Estados Unidos en la Canciller\u00eda cubana, Carlos Fern\u00e1ndez, denunci\u00f3 la decisi\u00f3n de Estados Unidos de ampliar la lista de entidades sancionadas de la naci\u00f3n caribe\u00f1a, publica hoy la web de la referida entidad gubernamental. La nota&hellip;<\/p>\n","protected":false},"author":90,"featured_media":757167,"comment_status":"closed","ping_status":"closed","sticky":false,"template":"","format":"standard","meta":{"footnotes":""},"categories":[69,76,79,81,39,74],"tags":[678,379,25705,631],"class_list":["post-757166","post","type-post","status-publish","format-standard","has-post-thumbnail","hentry","category-america-central","category-relaciones-exteriores","category-derechos-humanos","category-economia-es","category-internacional","category-politica-es","tag-bloqueo-economico","tag-cuba-es","tag-eeuu","tag-violencia-economica"],"yoast_head":"<!-- This site is optimized with the Yoast SEO plugin v27.1.1 - https:\/\/yoast.com\/product\/yoast-seo-wordpress\/ -->\n<title>Cuba denuncia agresi\u00f3n de Estados Unidos<\/title>\n<meta name=\"description\" content=\"El director general de Estados Unidos en la Canciller\u00eda cubana, Carlos Fern\u00e1ndez, denunci\u00f3 la decisi\u00f3n de Estados Unidos de ampliar la lista de entidades\" \/>\n<meta name=\"robots\" content=\"index, follow, max-snippet:-1, max-image-preview:large, max-video-preview:-1\" \/>\n<link rel=\"canonical\" href=\"https:\/\/www.pressenza.com\/es\/2018\/11\/cuba-denuncia-agresion-de-estados-unidos\/\" \/>\n<meta property=\"og:locale\" content=\"es_ES\" \/>\n<meta property=\"og:type\" content=\"article\" \/>\n<meta property=\"og:title\" content=\"Cuba denuncia agresi\u00f3n de Estados Unidos\" \/>\n<meta property=\"og:description\" content=\"El director general de Estados Unidos en la Canciller\u00eda cubana, Carlos Fern\u00e1ndez, denunci\u00f3 la decisi\u00f3n de Estados Unidos de ampliar la lista de entidades\" \/>\n<meta property=\"og:url\" content=\"https:\/\/www.pressenza.com\/es\/2018\/11\/cuba-denuncia-agresion-de-estados-unidos\/\" \/>\n<meta property=\"og:site_name\" content=\"Pressenza\" \/>\n<meta property=\"article:publisher\" content=\"https:\/\/www.facebook.com\/PressenzaItalia\" \/>\n<meta property=\"article:author\" content=\"https:\/\/www.facebook.com\/AgenciaPrensaLatina\" \/>\n<meta property=\"article:published_time\" content=\"2018-11-18T02:10:51+00:00\" \/>\n<meta property=\"og:image\" content=\"https:\/\/www.pressenza.com\/wp-content\/uploads\/2018\/11\/0-0Canc.jpg\" \/>\n\t<meta property=\"og:image:width\" content=\"748\" \/>\n\t<meta property=\"og:image:height\" content=\"498\" \/>\n\t<meta property=\"og:image:type\" content=\"image\/jpeg\" \/>\n<meta name=\"author\" content=\"Prensa Latina\" \/>\n<meta name=\"twitter:card\" content=\"summary_large_image\" \/>\n<meta name=\"twitter:creator\" content=\"@prensalatina_cu\" \/>\n<meta name=\"twitter:site\" content=\"@PressenzaIPA\" \/>\n<meta name=\"twitter:label1\" content=\"Escrito por\" \/>\n\t<meta name=\"twitter:data1\" content=\"Prensa Latina\" \/>\n\t<meta name=\"twitter:label2\" content=\"Tiempo de lectura\" \/>\n\t<meta name=\"twitter:data2\" content=\"2 minutos\" \/>\n<script type=\"application\/ld+json\" class=\"yoast-schema-graph\">{\"@context\":\"https:\/\/schema.org\",\"@graph\":[{\"@type\":\"Article\",\"@id\":\"https:\/\/www.pressenza.com\/es\/2018\/11\/cuba-denuncia-agresion-de-estados-unidos\/#article\",\"isPartOf\":{\"@id\":\"https:\/\/www.pressenza.com\/es\/2018\/11\/cuba-denuncia-agresion-de-estados-unidos\/\"},\"author\":{\"name\":\"Prensa Latina\",\"@id\":\"https:\/\/www.pressenza.com\/es\/#\/schema\/person\/e35c78ffa242d98f4f49ccb18c8631de\"},\"headline\":\"Cuba denuncia agresi\u00f3n de Estados Unidos\",\"datePublished\":\"2018-11-18T02:10:51+00:00\",\"mainEntityOfPage\":{\"@id\":\"https:\/\/www.pressenza.com\/es\/2018\/11\/cuba-denuncia-agresion-de-estados-unidos\/\"},\"wordCount\":341,\"publisher\":{\"@id\":\"https:\/\/www.pressenza.com\/es\/#organization\"},\"image\":{\"@id\":\"https:\/\/www.pressenza.com\/es\/2018\/11\/cuba-denuncia-agresion-de-estados-unidos\/#primaryimage\"},\"thumbnailUrl\":\"https:\/\/www.pressenza.com\/wp-content\/uploads\/2018\/11\/0-0Canc.jpg\",\"keywords\":[\"bloqueo econ\u00f3mico\",\"Cuba\",\"EEUU\",\"Violencia econ\u00f3mica\"],\"articleSection\":[\"Am\u00e9rica Central\",\"Asuntos internacionales\",\"Derechos Humanos\",\"Econom\u00eda\",\"Internacional\",\"Pol\u00edtica\"],\"inLanguage\":\"es\"},{\"@type\":\"WebPage\",\"@id\":\"https:\/\/www.pressenza.com\/es\/2018\/11\/cuba-denuncia-agresion-de-estados-unidos\/\",\"url\":\"https:\/\/www.pressenza.com\/es\/2018\/11\/cuba-denuncia-agresion-de-estados-unidos\/\",\"name\":\"Cuba denuncia agresi\u00f3n de Estados Unidos\",\"isPartOf\":{\"@id\":\"https:\/\/www.pressenza.com\/es\/#website\"},\"primaryImageOfPage\":{\"@id\":\"https:\/\/www.pressenza.com\/es\/2018\/11\/cuba-denuncia-agresion-de-estados-unidos\/#primaryimage\"},\"image\":{\"@id\":\"https:\/\/www.pressenza.com\/es\/2018\/11\/cuba-denuncia-agresion-de-estados-unidos\/#primaryimage\"},\"thumbnailUrl\":\"https:\/\/www.pressenza.com\/wp-content\/uploads\/2018\/11\/0-0Canc.jpg\",\"datePublished\":\"2018-11-18T02:10:51+00:00\",\"description\":\"El director general de Estados Unidos en la Canciller\u00eda cubana, Carlos Fern\u00e1ndez, denunci\u00f3 la decisi\u00f3n de Estados Unidos de ampliar la lista de entidades\",\"breadcrumb\":{\"@id\":\"https:\/\/www.pressenza.com\/es\/2018\/11\/cuba-denuncia-agresion-de-estados-unidos\/#breadcrumb\"},\"inLanguage\":\"es\",\"potentialAction\":[{\"@type\":\"ReadAction\",\"target\":[\"https:\/\/www.pressenza.com\/es\/2018\/11\/cuba-denuncia-agresion-de-estados-unidos\/\"]}]},{\"@type\":\"ImageObject\",\"inLanguage\":\"es\",\"@id\":\"https:\/\/www.pressenza.com\/es\/2018\/11\/cuba-denuncia-agresion-de-estados-unidos\/#primaryimage\",\"url\":\"https:\/\/www.pressenza.com\/wp-content\/uploads\/2018\/11\/0-0Canc.jpg\",\"contentUrl\":\"https:\/\/www.pressenza.com\/wp-content\/uploads\/2018\/11\/0-0Canc.jpg\",\"width\":748,\"height\":498},{\"@type\":\"BreadcrumbList\",\"@id\":\"https:\/\/www.pressenza.com\/es\/2018\/11\/cuba-denuncia-agresion-de-estados-unidos\/#breadcrumb\",\"itemListElement\":[{\"@type\":\"ListItem\",\"position\":1,\"name\":\"Accueil\",\"item\":\"https:\/\/www.pressenza.com\/es\/\"},{\"@type\":\"ListItem\",\"position\":2,\"name\":\"Cuba denuncia agresi\u00f3n de Estados Unidos\"}]},{\"@type\":\"WebSite\",\"@id\":\"https:\/\/www.pressenza.com\/es\/#website\",\"url\":\"https:\/\/www.pressenza.com\/es\/\",\"name\":\"Pressenza\",\"description\":\"International Press Agency\",\"publisher\":{\"@id\":\"https:\/\/www.pressenza.com\/es\/#organization\"},\"potentialAction\":[{\"@type\":\"SearchAction\",\"target\":{\"@type\":\"EntryPoint\",\"urlTemplate\":\"https:\/\/www.pressenza.com\/es\/?s={search_term_string}\"},\"query-input\":{\"@type\":\"PropertyValueSpecification\",\"valueRequired\":true,\"valueName\":\"search_term_string\"}}],\"inLanguage\":\"es\"},{\"@type\":\"Organization\",\"@id\":\"https:\/\/www.pressenza.com\/es\/#organization\",\"name\":\"Pressenza\",\"url\":\"https:\/\/www.pressenza.com\/es\/\",\"logo\":{\"@type\":\"ImageObject\",\"inLanguage\":\"es\",\"@id\":\"https:\/\/www.pressenza.com\/es\/#\/schema\/logo\/image\/\",\"url\":\"https:\/\/www.pressenza.com\/wp-content\/uploads\/2022\/10\/pressenza_logo_200x200.jpg\",\"contentUrl\":\"https:\/\/www.pressenza.com\/wp-content\/uploads\/2022\/10\/pressenza_logo_200x200.jpg\",\"width\":200,\"height\":200,\"caption\":\"Pressenza\"},\"image\":{\"@id\":\"https:\/\/www.pressenza.com\/es\/#\/schema\/logo\/image\/\"},\"sameAs\":[\"https:\/\/www.facebook.com\/PressenzaItalia\",\"https:\/\/x.com\/PressenzaIPA\"]},{\"@type\":\"Person\",\"@id\":\"https:\/\/www.pressenza.com\/es\/#\/schema\/person\/e35c78ffa242d98f4f49ccb18c8631de\",\"name\":\"Prensa Latina\",\"description\":\"www.prensa-latina.cu\",\"sameAs\":[\"https:\/\/www.facebook.com\/AgenciaPrensaLatina\",\"https:\/\/x.com\/prensalatina_cu\"],\"url\":\"https:\/\/www.pressenza.com\/es\/author\/prensa-latina\/\"}]}<\/script>\n<!-- \/ Yoast SEO plugin. -->","yoast_head_json":{"title":"Cuba denuncia agresi\u00f3n de Estados Unidos","description":"El director general de Estados Unidos en la Canciller\u00eda cubana, Carlos Fern\u00e1ndez, denunci\u00f3 la decisi\u00f3n de Estados Unidos de ampliar la lista de entidades","robots":{"index":"index","follow":"follow","max-snippet":"max-snippet:-1","max-image-preview":"max-image-preview:large","max-video-preview":"max-video-preview:-1"},"canonical":"https:\/\/www.pressenza.com\/es\/2018\/11\/cuba-denuncia-agresion-de-estados-unidos\/","og_locale":"es_ES","og_type":"article","og_title":"Cuba denuncia agresi\u00f3n de Estados Unidos","og_description":"El director general de Estados Unidos en la Canciller\u00eda cubana, Carlos Fern\u00e1ndez, denunci\u00f3 la decisi\u00f3n de Estados Unidos de ampliar la lista de entidades","og_url":"https:\/\/www.pressenza.com\/es\/2018\/11\/cuba-denuncia-agresion-de-estados-unidos\/","og_site_name":"Pressenza","article_publisher":"https:\/\/www.facebook.com\/PressenzaItalia","article_author":"https:\/\/www.facebook.com\/AgenciaPrensaLatina","article_published_time":"2018-11-18T02:10:51+00:00","og_image":[{"width":748,"height":498,"url":"https:\/\/www.pressenza.com\/wp-content\/uploads\/2018\/11\/0-0Canc.jpg","type":"image\/jpeg"}],"author":"Prensa Latina","twitter_card":"summary_large_image","twitter_creator":"@prensalatina_cu","twitter_site":"@PressenzaIPA","twitter_misc":{"Escrito por":"Prensa Latina","Tiempo de lectura":"2 minutos"},"schema":{"@context":"https:\/\/schema.org","@graph":[{"@type":"Article","@id":"https:\/\/www.pressenza.com\/es\/2018\/11\/cuba-denuncia-agresion-de-estados-unidos\/#article","isPartOf":{"@id":"https:\/\/www.pressenza.com\/es\/2018\/11\/cuba-denuncia-agresion-de-estados-unidos\/"},"author":{"name":"Prensa Latina","@id":"https:\/\/www.pressenza.com\/es\/#\/schema\/person\/e35c78ffa242d98f4f49ccb18c8631de"},"headline":"Cuba denuncia agresi\u00f3n de Estados Unidos","datePublished":"2018-11-18T02:10:51+00:00","mainEntityOfPage":{"@id":"https:\/\/www.pressenza.com\/es\/2018\/11\/cuba-denuncia-agresion-de-estados-unidos\/"},"wordCount":341,"publisher":{"@id":"https:\/\/www.pressenza.com\/es\/#organization"},"image":{"@id":"https:\/\/www.pressenza.com\/es\/2018\/11\/cuba-denuncia-agresion-de-estados-unidos\/#primaryimage"},"thumbnailUrl":"https:\/\/www.pressenza.com\/wp-content\/uploads\/2018\/11\/0-0Canc.jpg","keywords":["bloqueo econ\u00f3mico","Cuba","EEUU","Violencia econ\u00f3mica"],"articleSection":["Am\u00e9rica Central","Asuntos internacionales","Derechos Humanos","Econom\u00eda","Internacional","Pol\u00edtica"],"inLanguage":"es"},{"@type":"WebPage","@id":"https:\/\/www.pressenza.com\/es\/2018\/11\/cuba-denuncia-agresion-de-estados-unidos\/","url":"https:\/\/www.pressenza.com\/es\/2018\/11\/cuba-denuncia-agresion-de-estados-unidos\/","name":"Cuba denuncia agresi\u00f3n de Estados Unidos","isPartOf":{"@id":"https:\/\/www.pressenza.com\/es\/#website"},"primaryImageOfPage":{"@id":"https:\/\/www.pressenza.com\/es\/2018\/11\/cuba-denuncia-agresion-de-estados-unidos\/#primaryimage"},"image":{"@id":"https:\/\/www.pressenza.com\/es\/2018\/11\/cuba-denuncia-agresion-de-estados-unidos\/#primaryimage"},"thumbnailUrl":"https:\/\/www.pressenza.com\/wp-content\/uploads\/2018\/11\/0-0Canc.jpg","datePublished":"2018-11-18T02:10:51+00:00","description":"El director general de Estados Unidos en la Canciller\u00eda cubana, Carlos Fern\u00e1ndez, denunci\u00f3 la decisi\u00f3n de Estados Unidos de ampliar la lista de entidades","breadcrumb":{"@id":"https:\/\/www.pressenza.com\/es\/2018\/11\/cuba-denuncia-agresion-de-estados-unidos\/#breadcrumb"},"inLanguage":"es","potentialAction":[{"@type":"ReadAction","target":["https:\/\/www.pressenza.com\/es\/2018\/11\/cuba-denuncia-agresion-de-estados-unidos\/"]}]},{"@type":"ImageObject","inLanguage":"es","@id":"https:\/\/www.pressenza.com\/es\/2018\/11\/cuba-denuncia-agresion-de-estados-unidos\/#primaryimage","url":"https:\/\/www.pressenza.com\/wp-content\/uploads\/2018\/11\/0-0Canc.jpg","contentUrl":"https:\/\/www.pressenza.com\/wp-content\/uploads\/2018\/11\/0-0Canc.jpg","width":748,"height":498},{"@type":"BreadcrumbList","@id":"https:\/\/www.pressenza.com\/es\/2018\/11\/cuba-denuncia-agresion-de-estados-unidos\/#breadcrumb","itemListElement":[{"@type":"ListItem","position":1,"name":"Accueil","item":"https:\/\/www.pressenza.com\/es\/"},{"@type":"ListItem","position":2,"name":"Cuba denuncia agresi\u00f3n de Estados Unidos"}]},{"@type":"WebSite","@id":"https:\/\/www.pressenza.com\/es\/#website","url":"https:\/\/www.pressenza.com\/es\/","name":"Pressenza","description":"International Press Agency","publisher":{"@id":"https:\/\/www.pressenza.com\/es\/#organization"},"potentialAction":[{"@type":"SearchAction","target":{"@type":"EntryPoint","urlTemplate":"https:\/\/www.pressenza.com\/es\/?s={search_term_string}"},"query-input":{"@type":"PropertyValueSpecification","valueRequired":true,"valueName":"search_term_string"}}],"inLanguage":"es"},{"@type":"Organization","@id":"https:\/\/www.pressenza.com\/es\/#organization","name":"Pressenza","url":"https:\/\/www.pressenza.com\/es\/","logo":{"@type":"ImageObject","inLanguage":"es","@id":"https:\/\/www.pressenza.com\/es\/#\/schema\/logo\/image\/","url":"https:\/\/www.pressenza.com\/wp-content\/uploads\/2022\/10\/pressenza_logo_200x200.jpg","contentUrl":"https:\/\/www.pressenza.com\/wp-content\/uploads\/2022\/10\/pressenza_logo_200x200.jpg","width":200,"height":200,"caption":"Pressenza"},"image":{"@id":"https:\/\/www.pressenza.com\/es\/#\/schema\/logo\/image\/"},"sameAs":["https:\/\/www.facebook.com\/PressenzaItalia","https:\/\/x.com\/PressenzaIPA"]},{"@type":"Person","@id":"https:\/\/www.pressenza.com\/es\/#\/schema\/person\/e35c78ffa242d98f4f49ccb18c8631de","name":"Prensa Latina","description":"www.prensa-latina.cu","sameAs":["https:\/\/www.facebook.com\/AgenciaPrensaLatina","https:\/\/x.com\/prensalatina_cu"],"url":"https:\/\/www.pressenza.com\/es\/author\/prensa-latina\/"}]}},"place":"La Habana, Cuba","original_article_url":"https:\/\/www.prensa-latina.cu\/index.php?o=rn&id=229634&SEO=cuba-denuncia-agresion-de-estados-unidos","_links":{"self":[{"href":"https:\/\/www.pressenza.com\/es\/wp-json\/wp\/v2\/posts\/757166","targetHints":{"allow":["GET"]}}],"collection":[{"href":"https:\/\/www.pressenza.com\/es\/wp-json\/wp\/v2\/posts"}],"about":[{"href":"https:\/\/www.pressenza.com\/es\/wp-json\/wp\/v2\/types\/post"}],"author":[{"embeddable":true,"href":"https:\/\/www.pressenza.com\/es\/wp-json\/wp\/v2\/users\/90"}],"replies":[{"embeddable":true,"href":"https:\/\/www.pressenza.com\/es\/wp-json\/wp\/v2\/comments?post=757166"}],"version-history":[{"count":0,"href":"https:\/\/www.pressenza.com\/es\/wp-json\/wp\/v2\/posts\/757166\/revisions"}],"wp:featuredmedia":[{"embeddable":true,"href":"https:\/\/www.pressenza.com\/es\/wp-json\/wp\/v2\/media\/757167"}],"wp:attachment":[{"href":"https:\/\/www.pressenza.com\/es\/wp-json\/wp\/v2\/media?parent=757166"}],"wp:term":[{"taxonomy":"category","embeddable":true,"href":"https:\/\/www.pressenza.com\/es\/wp-json\/wp\/v2\/categories?post=757166"},{"taxonomy":"post_tag","embeddable":true,"href":"https:\/\/www.pressenza.com\/es\/wp-json\/wp\/v2\/tags?post=757166"}],"curies":[{"name":"wp","href":"https:\/\/api.w.org\/{rel}","templated":true}]}}