{"id":756336,"date":"2018-11-16T15:30:10","date_gmt":"2018-11-16T15:30:10","guid":{"rendered":"https:\/\/www.pressenza.com\/?p=756336"},"modified":"2018-11-16T15:30:10","modified_gmt":"2018-11-16T15:30:10","slug":"chile-asesinato-de-comunero-mapuche-por-la-policia-la-solidaridad-antifascista-arde-en-santiago","status":"publish","type":"post","link":"https:\/\/www.pressenza.com\/es\/2018\/11\/chile-asesinato-de-comunero-mapuche-por-la-policia-la-solidaridad-antifascista-arde-en-santiago\/","title":{"rendered":"Chile. Asesinato de comunero mapuche por la polic\u00eda: La solidaridad antifascista arde en Santiago"},"content":{"rendered":"<p>Por Andr\u00e9s Figueroa Cornejo<\/p>\n<blockquote><p>Demasiado parecido al trato de la dictadura c\u00edvico militar de Pinochet contra quienes la resistieron. Salvo porque las Fuerzas Especiales de Carabineros son mucho m\u00e1s sofisticadas en la actualidad que en los 80&#8242; del siglo pasado.<\/p><\/blockquote>\n<p>El 15 de noviembre, a las 19.30 horas, alrededor de cinco mil personas se reunieron en la Plaza Italia de Santiago de Chile, punto neur\u00e1lgico de la capital del pa\u00eds andino, para protestar tanto contra el vil asesinato del comunero mapuche Camilo Catrillanca por agentes del Comando Jungla en Ercilla el 14 de noviembre; como por las demandas de\u00a0las comunidades de Quintero-Puchuncav\u00ed que sufren los estragos t\u00f3xicos y mortales del cord\u00f3n industrial de esa zona, que ya cobr\u00f3 la vida del dirigente de los pescadores Alejandro Castro. Las marchas y concentraciones se realizaron en varias ciudades de Chile y en el Wallmapu.<\/p>\n<p>En la capital chilena, muchas horas antes de que iniciara la caminata, ya el centro de la ciudad estaba sitiada por numerosos contingentes de Fuerzas Especiales de Carabineros.\u00a0 A\u00fan no comenzaba la marcha, donde iban adem\u00e1s de j\u00f3venes, ni\u00f1os y personas mayores, los carros lanza aguas entraron en acci\u00f3n, arrojando chorros de l\u00edquido con qu\u00edmicos de origen indeterminado y bombas lacrim\u00f3genas antimotines. La estampida de gente fue inmediata. Y tambi\u00e9n como en la dictadura pinochetista, vecinos del lugar abrieron solidariamente sus puertas a las\/os manifestantes intoxicados y heridos. Peque\u00f1os ni\u00f1os debieron recibir respiraci\u00f3n boca a boca, mientras las personas mayores levantaban sus manos para que se detuviera la represi\u00f3n, que no se detuvo.<\/p>\n<p><strong>D\u00eda de ira antifascista<\/strong><\/p>\n<p>Buena parte de la manifestaci\u00f3n, originalmente pac\u00edfica, debi\u00f3 correr por el Parque Baquedano, hacia el sur, siendo perseguida por carros blindados y verdaderas tropas de Fuerzas Especiales. Los activistas ambientalistas y pro resistencia mapuche, ante los arrestos indiscriminados y la artiller\u00eda policial a quemarropa de bombas lacrim\u00f3genas antimotines, recurrieron a la autodefensa hist\u00f3rica que se emple\u00f3 durante las protestas c\u00e9ntricas de los tiempos de la tiran\u00eda.<\/p>\n<p>De esta forma, de manera pr\u00e1cticamente espont\u00e1nea, se improvisaron barricadas en varios puntos del sector, deteniendo el tr\u00e1nsito vehicular incluso en la Alameda, avenida principal de Chile. La consciencia antifascista y popular agazapada por tanto tiempo, se hizo a\u00f1icos frente a la rabia de los manifestantes no s\u00f3lo por los cr\u00edmenes en el Wallmapu y en las zonas de sacrificio, sino que tambi\u00e9n por la suma de dolores provenientes de los derechos sociales b\u00e1sicos inexistentes bajo el r\u00e9gimen capitalista de vanguardia chileno. Contra la privatizaci\u00f3n de todo; contra la criminalizaci\u00f3n de los estudiantes mediante la reciente aprobaci\u00f3n del proyecto \u00abAula Segura\u00bb; contra los salarios y pensiones de hambre que s\u00f3lo generan deuda dom\u00e9stica; contra la desigualdad social vertiginosa, la cesant\u00eda y el trabajo informal.<\/p>\n<p>En uno de los momentos m\u00e1s \u00e1lgidos de la protesta, agentes de carabineros se bajaron del furg\u00f3n policial que conduc\u00edan, y abandonaron el coche con sus armas de servicio apuntando hacia un cielo nublado por los gases t\u00f3xicos. Inmediatamente despu\u00e9s de su huida, el furg\u00f3n fue quemado por los manifestantes.<\/p>\n<p>La jornada marc\u00f3 una inflexi\u00f3n en las formas de enfrentar las muertes y atropellos contra los Derechos Humanos y Sociales provocadas por las fuerzas coercitivas del Estado capitalista. Al menos una minor\u00eda activa ya se cans\u00f3 de s\u00f3lo \u00abponer los muertos\u00bb en la lucha social.<\/p>\n<p>El miedo se quiebra y retorna la leg\u00edtima autodefensa popular.<\/p>\n<p>Hasta el cierre de la presente nota, se contaban 36 personas heridas, pero se desconoc\u00eda el n\u00famero de gente arrestada por la polic\u00eda y los cargos que se les imputan.<\/p>\n","protected":false},"excerpt":{"rendered":"<p>Por Andr\u00e9s Figueroa Cornejo Demasiado parecido al trato de la dictadura c\u00edvico militar de Pinochet contra quienes la resistieron. Salvo porque las Fuerzas Especiales de Carabineros son mucho m\u00e1s sofisticadas en la actualidad que en los 80&#8242; del siglo pasado.&hellip;<\/p>\n","protected":false},"author":43,"featured_media":756337,"comment_status":"closed","ping_status":"closed","sticky":false,"template":"","format":"standard","meta":{"footnotes":""},"categories":[11389,79,161,67],"tags":[51829,29,51849,394,50315,16828],"class_list":["post-756336","post","type-post","status-publish","format-standard","has-post-thumbnail","hentry","category-contenido-original","category-derechos-humanos","category-opiniones","category-sudamerica","tag-camilo-catrillanca","tag-chile","tag-fuerzas-especiales-de-carabineros","tag-protestas-sociales","tag-quintero-puchuncavi","tag-represion-policial"],"yoast_head":"<!-- This site is optimized with the Yoast SEO plugin v27.1.1 - https:\/\/yoast.com\/product\/yoast-seo-wordpress\/ -->\n<title>Chile. Asesinato de comunero mapuche por la polic\u00eda: La solidaridad antifascista arde en Santiago<\/title>\n<meta name=\"description\" content=\"Por Andr\u00e9s Figueroa Cornejo Demasiado parecido al trato de la dictadura c\u00edvico militar de Pinochet contra quienes la resistieron. Salvo porque las Fuerzas\" \/>\n<meta name=\"robots\" content=\"index, follow, max-snippet:-1, max-image-preview:large, max-video-preview:-1\" \/>\n<link rel=\"canonical\" href=\"https:\/\/www.pressenza.com\/es\/2018\/11\/chile-asesinato-de-comunero-mapuche-por-la-policia-la-solidaridad-antifascista-arde-en-santiago\/\" \/>\n<meta property=\"og:locale\" content=\"es_ES\" \/>\n<meta property=\"og:type\" content=\"article\" \/>\n<meta property=\"og:title\" content=\"Chile. Asesinato de comunero mapuche por la polic\u00eda: La solidaridad antifascista arde en Santiago\" \/>\n<meta property=\"og:description\" content=\"Por Andr\u00e9s Figueroa Cornejo Demasiado parecido al trato de la dictadura c\u00edvico militar de Pinochet contra quienes la resistieron. Salvo porque las Fuerzas\" \/>\n<meta property=\"og:url\" content=\"https:\/\/www.pressenza.com\/es\/2018\/11\/chile-asesinato-de-comunero-mapuche-por-la-policia-la-solidaridad-antifascista-arde-en-santiago\/\" \/>\n<meta property=\"og:site_name\" content=\"Pressenza\" \/>\n<meta property=\"article:publisher\" content=\"https:\/\/www.facebook.com\/PressenzaItalia\" \/>\n<meta property=\"article:author\" content=\"https:\/\/www.facebook.com\/pressenza\" \/>\n<meta property=\"article:published_time\" content=\"2018-11-16T15:30:10+00:00\" \/>\n<meta property=\"og:image\" content=\"https:\/\/www.pressenza.com\/wp-content\/uploads\/2018\/11\/Represion-15-de-nov-2018-2.jpg\" \/>\n\t<meta property=\"og:image:width\" content=\"620\" \/>\n\t<meta property=\"og:image:height\" content=\"400\" \/>\n\t<meta property=\"og:image:type\" content=\"image\/jpeg\" \/>\n<meta name=\"author\" content=\"Redacci\u00f3n Chile\" \/>\n<meta name=\"twitter:card\" content=\"summary_large_image\" \/>\n<meta name=\"twitter:creator\" content=\"@pressenza\" \/>\n<meta name=\"twitter:site\" content=\"@PressenzaIPA\" \/>\n<meta name=\"twitter:label1\" content=\"Escrito por\" \/>\n\t<meta name=\"twitter:data1\" content=\"Redacci\u00f3n Chile\" \/>\n\t<meta name=\"twitter:label2\" content=\"Tiempo de lectura\" \/>\n\t<meta name=\"twitter:data2\" content=\"3 minutos\" \/>\n<script type=\"application\/ld+json\" class=\"yoast-schema-graph\">{\"@context\":\"https:\/\/schema.org\",\"@graph\":[{\"@type\":\"Article\",\"@id\":\"https:\/\/www.pressenza.com\/es\/2018\/11\/chile-asesinato-de-comunero-mapuche-por-la-policia-la-solidaridad-antifascista-arde-en-santiago\/#article\",\"isPartOf\":{\"@id\":\"https:\/\/www.pressenza.com\/es\/2018\/11\/chile-asesinato-de-comunero-mapuche-por-la-policia-la-solidaridad-antifascista-arde-en-santiago\/\"},\"author\":{\"name\":\"Redacci\u00f3n Chile\",\"@id\":\"https:\/\/www.pressenza.com\/es\/#\/schema\/person\/d7db40df35d6698ba69ba9ee260944ed\"},\"headline\":\"Chile. Asesinato de comunero mapuche por la polic\u00eda: La solidaridad antifascista arde en Santiago\",\"datePublished\":\"2018-11-16T15:30:10+00:00\",\"mainEntityOfPage\":{\"@id\":\"https:\/\/www.pressenza.com\/es\/2018\/11\/chile-asesinato-de-comunero-mapuche-por-la-policia-la-solidaridad-antifascista-arde-en-santiago\/\"},\"wordCount\":652,\"publisher\":{\"@id\":\"https:\/\/www.pressenza.com\/es\/#organization\"},\"image\":{\"@id\":\"https:\/\/www.pressenza.com\/es\/2018\/11\/chile-asesinato-de-comunero-mapuche-por-la-policia-la-solidaridad-antifascista-arde-en-santiago\/#primaryimage\"},\"thumbnailUrl\":\"https:\/\/www.pressenza.com\/wp-content\/uploads\/2018\/11\/Represion-15-de-nov-2018-2.jpg\",\"keywords\":[\"Camilo Catrillanca\",\"Chile\",\"Fuerzas Especiales de Carabineros\",\"protestas sociales\",\"Quintero-Puchuncav\u00ed\",\"Represi\u00f3n policial\"],\"articleSection\":[\"Contenido Original\",\"Derechos Humanos\",\"Opiniones\",\"Sudam\u00e9rica\"],\"inLanguage\":\"es\"},{\"@type\":\"WebPage\",\"@id\":\"https:\/\/www.pressenza.com\/es\/2018\/11\/chile-asesinato-de-comunero-mapuche-por-la-policia-la-solidaridad-antifascista-arde-en-santiago\/\",\"url\":\"https:\/\/www.pressenza.com\/es\/2018\/11\/chile-asesinato-de-comunero-mapuche-por-la-policia-la-solidaridad-antifascista-arde-en-santiago\/\",\"name\":\"Chile. Asesinato de comunero mapuche por la polic\u00eda: La solidaridad antifascista arde en Santiago\",\"isPartOf\":{\"@id\":\"https:\/\/www.pressenza.com\/es\/#website\"},\"primaryImageOfPage\":{\"@id\":\"https:\/\/www.pressenza.com\/es\/2018\/11\/chile-asesinato-de-comunero-mapuche-por-la-policia-la-solidaridad-antifascista-arde-en-santiago\/#primaryimage\"},\"image\":{\"@id\":\"https:\/\/www.pressenza.com\/es\/2018\/11\/chile-asesinato-de-comunero-mapuche-por-la-policia-la-solidaridad-antifascista-arde-en-santiago\/#primaryimage\"},\"thumbnailUrl\":\"https:\/\/www.pressenza.com\/wp-content\/uploads\/2018\/11\/Represion-15-de-nov-2018-2.jpg\",\"datePublished\":\"2018-11-16T15:30:10+00:00\",\"description\":\"Por Andr\u00e9s Figueroa Cornejo Demasiado parecido al trato de la dictadura c\u00edvico militar de Pinochet contra quienes la resistieron. Salvo porque las Fuerzas\",\"breadcrumb\":{\"@id\":\"https:\/\/www.pressenza.com\/es\/2018\/11\/chile-asesinato-de-comunero-mapuche-por-la-policia-la-solidaridad-antifascista-arde-en-santiago\/#breadcrumb\"},\"inLanguage\":\"es\",\"potentialAction\":[{\"@type\":\"ReadAction\",\"target\":[\"https:\/\/www.pressenza.com\/es\/2018\/11\/chile-asesinato-de-comunero-mapuche-por-la-policia-la-solidaridad-antifascista-arde-en-santiago\/\"]}]},{\"@type\":\"ImageObject\",\"inLanguage\":\"es\",\"@id\":\"https:\/\/www.pressenza.com\/es\/2018\/11\/chile-asesinato-de-comunero-mapuche-por-la-policia-la-solidaridad-antifascista-arde-en-santiago\/#primaryimage\",\"url\":\"https:\/\/www.pressenza.com\/wp-content\/uploads\/2018\/11\/Represion-15-de-nov-2018-2.jpg\",\"contentUrl\":\"https:\/\/www.pressenza.com\/wp-content\/uploads\/2018\/11\/Represion-15-de-nov-2018-2.jpg\",\"width\":620,\"height\":400},{\"@type\":\"BreadcrumbList\",\"@id\":\"https:\/\/www.pressenza.com\/es\/2018\/11\/chile-asesinato-de-comunero-mapuche-por-la-policia-la-solidaridad-antifascista-arde-en-santiago\/#breadcrumb\",\"itemListElement\":[{\"@type\":\"ListItem\",\"position\":1,\"name\":\"Accueil\",\"item\":\"https:\/\/www.pressenza.com\/es\/\"},{\"@type\":\"ListItem\",\"position\":2,\"name\":\"Chile. Asesinato de comunero mapuche por la polic\u00eda: La solidaridad antifascista arde en Santiago\"}]},{\"@type\":\"WebSite\",\"@id\":\"https:\/\/www.pressenza.com\/es\/#website\",\"url\":\"https:\/\/www.pressenza.com\/es\/\",\"name\":\"Pressenza\",\"description\":\"International Press Agency\",\"publisher\":{\"@id\":\"https:\/\/www.pressenza.com\/es\/#organization\"},\"potentialAction\":[{\"@type\":\"SearchAction\",\"target\":{\"@type\":\"EntryPoint\",\"urlTemplate\":\"https:\/\/www.pressenza.com\/es\/?s={search_term_string}\"},\"query-input\":{\"@type\":\"PropertyValueSpecification\",\"valueRequired\":true,\"valueName\":\"search_term_string\"}}],\"inLanguage\":\"es\"},{\"@type\":\"Organization\",\"@id\":\"https:\/\/www.pressenza.com\/es\/#organization\",\"name\":\"Pressenza\",\"url\":\"https:\/\/www.pressenza.com\/es\/\",\"logo\":{\"@type\":\"ImageObject\",\"inLanguage\":\"es\",\"@id\":\"https:\/\/www.pressenza.com\/es\/#\/schema\/logo\/image\/\",\"url\":\"https:\/\/www.pressenza.com\/wp-content\/uploads\/2022\/10\/pressenza_logo_200x200.jpg\",\"contentUrl\":\"https:\/\/www.pressenza.com\/wp-content\/uploads\/2022\/10\/pressenza_logo_200x200.jpg\",\"width\":200,\"height\":200,\"caption\":\"Pressenza\"},\"image\":{\"@id\":\"https:\/\/www.pressenza.com\/es\/#\/schema\/logo\/image\/\"},\"sameAs\":[\"https:\/\/www.facebook.com\/PressenzaItalia\",\"https:\/\/x.com\/PressenzaIPA\"]},{\"@type\":\"Person\",\"@id\":\"https:\/\/www.pressenza.com\/es\/#\/schema\/person\/d7db40df35d6698ba69ba9ee260944ed\",\"name\":\"Redacci\u00f3n Chile\",\"description\":\"News from the Pressenza Bureau in Chile\",\"sameAs\":[\"https:\/\/www.facebook.com\/pressenza\",\"https:\/\/x.com\/pressenza\"],\"url\":\"https:\/\/www.pressenza.com\/es\/author\/redaccion-chile\/\"}]}<\/script>\n<!-- \/ Yoast SEO plugin. -->","yoast_head_json":{"title":"Chile. Asesinato de comunero mapuche por la polic\u00eda: La solidaridad antifascista arde en Santiago","description":"Por Andr\u00e9s Figueroa Cornejo Demasiado parecido al trato de la dictadura c\u00edvico militar de Pinochet contra quienes la resistieron. Salvo porque las Fuerzas","robots":{"index":"index","follow":"follow","max-snippet":"max-snippet:-1","max-image-preview":"max-image-preview:large","max-video-preview":"max-video-preview:-1"},"canonical":"https:\/\/www.pressenza.com\/es\/2018\/11\/chile-asesinato-de-comunero-mapuche-por-la-policia-la-solidaridad-antifascista-arde-en-santiago\/","og_locale":"es_ES","og_type":"article","og_title":"Chile. Asesinato de comunero mapuche por la polic\u00eda: La solidaridad antifascista arde en Santiago","og_description":"Por Andr\u00e9s Figueroa Cornejo Demasiado parecido al trato de la dictadura c\u00edvico militar de Pinochet contra quienes la resistieron. Salvo porque las Fuerzas","og_url":"https:\/\/www.pressenza.com\/es\/2018\/11\/chile-asesinato-de-comunero-mapuche-por-la-policia-la-solidaridad-antifascista-arde-en-santiago\/","og_site_name":"Pressenza","article_publisher":"https:\/\/www.facebook.com\/PressenzaItalia","article_author":"https:\/\/www.facebook.com\/pressenza","article_published_time":"2018-11-16T15:30:10+00:00","og_image":[{"width":620,"height":400,"url":"https:\/\/www.pressenza.com\/wp-content\/uploads\/2018\/11\/Represion-15-de-nov-2018-2.jpg","type":"image\/jpeg"}],"author":"Redacci\u00f3n Chile","twitter_card":"summary_large_image","twitter_creator":"@pressenza","twitter_site":"@PressenzaIPA","twitter_misc":{"Escrito por":"Redacci\u00f3n Chile","Tiempo de lectura":"3 minutos"},"schema":{"@context":"https:\/\/schema.org","@graph":[{"@type":"Article","@id":"https:\/\/www.pressenza.com\/es\/2018\/11\/chile-asesinato-de-comunero-mapuche-por-la-policia-la-solidaridad-antifascista-arde-en-santiago\/#article","isPartOf":{"@id":"https:\/\/www.pressenza.com\/es\/2018\/11\/chile-asesinato-de-comunero-mapuche-por-la-policia-la-solidaridad-antifascista-arde-en-santiago\/"},"author":{"name":"Redacci\u00f3n Chile","@id":"https:\/\/www.pressenza.com\/es\/#\/schema\/person\/d7db40df35d6698ba69ba9ee260944ed"},"headline":"Chile. Asesinato de comunero mapuche por la polic\u00eda: La solidaridad antifascista arde en Santiago","datePublished":"2018-11-16T15:30:10+00:00","mainEntityOfPage":{"@id":"https:\/\/www.pressenza.com\/es\/2018\/11\/chile-asesinato-de-comunero-mapuche-por-la-policia-la-solidaridad-antifascista-arde-en-santiago\/"},"wordCount":652,"publisher":{"@id":"https:\/\/www.pressenza.com\/es\/#organization"},"image":{"@id":"https:\/\/www.pressenza.com\/es\/2018\/11\/chile-asesinato-de-comunero-mapuche-por-la-policia-la-solidaridad-antifascista-arde-en-santiago\/#primaryimage"},"thumbnailUrl":"https:\/\/www.pressenza.com\/wp-content\/uploads\/2018\/11\/Represion-15-de-nov-2018-2.jpg","keywords":["Camilo Catrillanca","Chile","Fuerzas Especiales de Carabineros","protestas sociales","Quintero-Puchuncav\u00ed","Represi\u00f3n policial"],"articleSection":["Contenido Original","Derechos Humanos","Opiniones","Sudam\u00e9rica"],"inLanguage":"es"},{"@type":"WebPage","@id":"https:\/\/www.pressenza.com\/es\/2018\/11\/chile-asesinato-de-comunero-mapuche-por-la-policia-la-solidaridad-antifascista-arde-en-santiago\/","url":"https:\/\/www.pressenza.com\/es\/2018\/11\/chile-asesinato-de-comunero-mapuche-por-la-policia-la-solidaridad-antifascista-arde-en-santiago\/","name":"Chile. Asesinato de comunero mapuche por la polic\u00eda: La solidaridad antifascista arde en Santiago","isPartOf":{"@id":"https:\/\/www.pressenza.com\/es\/#website"},"primaryImageOfPage":{"@id":"https:\/\/www.pressenza.com\/es\/2018\/11\/chile-asesinato-de-comunero-mapuche-por-la-policia-la-solidaridad-antifascista-arde-en-santiago\/#primaryimage"},"image":{"@id":"https:\/\/www.pressenza.com\/es\/2018\/11\/chile-asesinato-de-comunero-mapuche-por-la-policia-la-solidaridad-antifascista-arde-en-santiago\/#primaryimage"},"thumbnailUrl":"https:\/\/www.pressenza.com\/wp-content\/uploads\/2018\/11\/Represion-15-de-nov-2018-2.jpg","datePublished":"2018-11-16T15:30:10+00:00","description":"Por Andr\u00e9s Figueroa Cornejo Demasiado parecido al trato de la dictadura c\u00edvico militar de Pinochet contra quienes la resistieron. Salvo porque las Fuerzas","breadcrumb":{"@id":"https:\/\/www.pressenza.com\/es\/2018\/11\/chile-asesinato-de-comunero-mapuche-por-la-policia-la-solidaridad-antifascista-arde-en-santiago\/#breadcrumb"},"inLanguage":"es","potentialAction":[{"@type":"ReadAction","target":["https:\/\/www.pressenza.com\/es\/2018\/11\/chile-asesinato-de-comunero-mapuche-por-la-policia-la-solidaridad-antifascista-arde-en-santiago\/"]}]},{"@type":"ImageObject","inLanguage":"es","@id":"https:\/\/www.pressenza.com\/es\/2018\/11\/chile-asesinato-de-comunero-mapuche-por-la-policia-la-solidaridad-antifascista-arde-en-santiago\/#primaryimage","url":"https:\/\/www.pressenza.com\/wp-content\/uploads\/2018\/11\/Represion-15-de-nov-2018-2.jpg","contentUrl":"https:\/\/www.pressenza.com\/wp-content\/uploads\/2018\/11\/Represion-15-de-nov-2018-2.jpg","width":620,"height":400},{"@type":"BreadcrumbList","@id":"https:\/\/www.pressenza.com\/es\/2018\/11\/chile-asesinato-de-comunero-mapuche-por-la-policia-la-solidaridad-antifascista-arde-en-santiago\/#breadcrumb","itemListElement":[{"@type":"ListItem","position":1,"name":"Accueil","item":"https:\/\/www.pressenza.com\/es\/"},{"@type":"ListItem","position":2,"name":"Chile. Asesinato de comunero mapuche por la polic\u00eda: La solidaridad antifascista arde en Santiago"}]},{"@type":"WebSite","@id":"https:\/\/www.pressenza.com\/es\/#website","url":"https:\/\/www.pressenza.com\/es\/","name":"Pressenza","description":"International Press Agency","publisher":{"@id":"https:\/\/www.pressenza.com\/es\/#organization"},"potentialAction":[{"@type":"SearchAction","target":{"@type":"EntryPoint","urlTemplate":"https:\/\/www.pressenza.com\/es\/?s={search_term_string}"},"query-input":{"@type":"PropertyValueSpecification","valueRequired":true,"valueName":"search_term_string"}}],"inLanguage":"es"},{"@type":"Organization","@id":"https:\/\/www.pressenza.com\/es\/#organization","name":"Pressenza","url":"https:\/\/www.pressenza.com\/es\/","logo":{"@type":"ImageObject","inLanguage":"es","@id":"https:\/\/www.pressenza.com\/es\/#\/schema\/logo\/image\/","url":"https:\/\/www.pressenza.com\/wp-content\/uploads\/2022\/10\/pressenza_logo_200x200.jpg","contentUrl":"https:\/\/www.pressenza.com\/wp-content\/uploads\/2022\/10\/pressenza_logo_200x200.jpg","width":200,"height":200,"caption":"Pressenza"},"image":{"@id":"https:\/\/www.pressenza.com\/es\/#\/schema\/logo\/image\/"},"sameAs":["https:\/\/www.facebook.com\/PressenzaItalia","https:\/\/x.com\/PressenzaIPA"]},{"@type":"Person","@id":"https:\/\/www.pressenza.com\/es\/#\/schema\/person\/d7db40df35d6698ba69ba9ee260944ed","name":"Redacci\u00f3n Chile","description":"News from the Pressenza Bureau in Chile","sameAs":["https:\/\/www.facebook.com\/pressenza","https:\/\/x.com\/pressenza"],"url":"https:\/\/www.pressenza.com\/es\/author\/redaccion-chile\/"}]}},"place":"Santiago de Chile","original_article_url":"","_links":{"self":[{"href":"https:\/\/www.pressenza.com\/es\/wp-json\/wp\/v2\/posts\/756336","targetHints":{"allow":["GET"]}}],"collection":[{"href":"https:\/\/www.pressenza.com\/es\/wp-json\/wp\/v2\/posts"}],"about":[{"href":"https:\/\/www.pressenza.com\/es\/wp-json\/wp\/v2\/types\/post"}],"author":[{"embeddable":true,"href":"https:\/\/www.pressenza.com\/es\/wp-json\/wp\/v2\/users\/43"}],"replies":[{"embeddable":true,"href":"https:\/\/www.pressenza.com\/es\/wp-json\/wp\/v2\/comments?post=756336"}],"version-history":[{"count":0,"href":"https:\/\/www.pressenza.com\/es\/wp-json\/wp\/v2\/posts\/756336\/revisions"}],"wp:featuredmedia":[{"embeddable":true,"href":"https:\/\/www.pressenza.com\/es\/wp-json\/wp\/v2\/media\/756337"}],"wp:attachment":[{"href":"https:\/\/www.pressenza.com\/es\/wp-json\/wp\/v2\/media?parent=756336"}],"wp:term":[{"taxonomy":"category","embeddable":true,"href":"https:\/\/www.pressenza.com\/es\/wp-json\/wp\/v2\/categories?post=756336"},{"taxonomy":"post_tag","embeddable":true,"href":"https:\/\/www.pressenza.com\/es\/wp-json\/wp\/v2\/tags?post=756336"}],"curies":[{"name":"wp","href":"https:\/\/api.w.org\/{rel}","templated":true}]}}