{"id":756095,"date":"2018-11-15T16:04:45","date_gmt":"2018-11-15T16:04:45","guid":{"rendered":"https:\/\/www.pressenza.com\/?p=756095"},"modified":"2018-11-15T16:04:45","modified_gmt":"2018-11-15T16:04:45","slug":"en-repudio-al-asesinato-de-camilo-catrillanca-marin-por-carabineros-de-chile","status":"publish","type":"post","link":"https:\/\/www.pressenza.com\/es\/2018\/11\/en-repudio-al-asesinato-de-camilo-catrillanca-marin-por-carabineros-de-chile\/","title":{"rendered":"En repudio al asesinato de Camilo Catrillanca Mar\u00edn por carabineros de Chile"},"content":{"rendered":"<p>La Coordinaci\u00f3n de organizaciones de Derechos Humanos de La Araucan\u00eda, desea expresar a la opini\u00f3n p\u00fablica su m\u00e1s tajante condena por la muerte del joven mapuche Camilo Catrillanca Mar\u00edn, asesinado por un disparo en la cabeza, que de acuerdo a lo informado por la comunidad, habr\u00eda sido disparado por un funcionario de Carabineros perteneciente al \u201cComando Jungla\u201d.<\/p>\n<p>Hacemos presente que de acuerdo al testimonio entregado por la familia y la comunidad de Camilo Catrillanca, \u00e9ste\u00a0 no estaba vinculado con los hechos delictuales que persegu\u00eda el \u201cComando Jungla\u201d tal como lo ha informado el Gobierno, si no, que \u00e9l se encontraba regresando a su hogar luego de realizar trabajos comunitarios con el tractor de la comunidad adquirido con fondos de CONADI cuando se encontr\u00f3 con los funcionarios policiales en un camino vecinal, tras lo cual los efectivos de Carabineros le dispararon a mansalva por la espalda, hiri\u00e9ndolo de muerte.<\/p>\n<p>Nos parece inaceptable que la autoridad pol\u00edtica de la Regi\u00f3n, el Intendente Luis Mayol, haga declaraciones p\u00fablicas estableciendo responsabilidades de manera apresurada catalog\u00e1ndolos como simples hechos delictuales, sin que a\u00fan se hayan realizado investigaciones pertinentes que permitan esclarecer los hechos, siendo dichas versiones incluso contrarias a las entregadas por Carabineros. Exigimos que se haga efectiva la responsabilidad pol\u00edtica del Intendente, ya que sus declaraciones resultan odiosas y de car\u00e1cter racista, y restan importancia a la p\u00e9rdida de una vida humana, dando evidencia de una falta de garant\u00edas que aseguren la imparcialidad en los procedimientos que busquen aclarar los hechos. Es por eso que creemos que lo m\u00e1s id\u00f3neo ser\u00eda su renuncia al cargo de Intendente.<\/p>\n<p>Como Organizaciones de Derechos Humanos, repudiamos y condenamos el actuar de Carabineros que nuevamente cobra una v\u00edctima mapuche. Creemos que la utilizaci\u00f3n de fuerzas policiales altamente entrenadas y robustamente equipadas y armadas con la finalidad de \u201ccombatir el terrorismo\u201d, tal como lo ha se\u00f1alado el Gobierno, es absolutamente desproporcional para la persecuci\u00f3n de delitos comunes. La muerte del joven Camilo Catrillanca, es una lamentable evidencia de dicha desproporcionalidad. Consideramos que la decisi\u00f3n del Gobierno, al igual que sus predecesores, de hacer frente a la protesta social del pueblo mapuche para la reivindicaci\u00f3n de sus derechos mediante la utilizaci\u00f3n de la fuerza represiva y la criminalizaci\u00f3n , son pol\u00edticas err\u00f3neas que en nada aportan a construir la tan ansiada paz y justicia en el Wallmapu, si no, muy por el contrario s\u00f3lo ahondan el clima de violencia. Desde esa perspectiva creemos imprescindible tambi\u00e9n, que se hagan efectivas las responsabilidades pol\u00edticas y administrativas tanto del Ministro del Interior, Andr\u00e9s Chadwick, como del Presidente de la Rep\u00fablica, ya que producto de las pol\u00edticas p\u00fablicas fundadas en la represi\u00f3n del pueblo mapuche, se ha terminado con la vida de un joven mapuche m\u00e1s, circunstancia que es inaceptable.<\/p>\n<p>Camilo Catrillanca de 24 a\u00f1os, deja una hija de 6 y una compa\u00f1era embarazada. Nuestras m\u00e1s sentidas condolencias vayan con su familia que jam\u00e1s obtendr\u00e1 consuelo, y esperamos que por lo menos pueda obtener Justicia respecto al terrible crimen que t\u00e9rmino con su vida. Para ello exigimos que se realice una investigaci\u00f3n que entregue todas las garant\u00edas de imparcialidad y mediante la cual tras esclarecer los hechos se haga efectiva la responsabilidad penal de los responsables, tras la realizaci\u00f3n de un Juicio Justo seguido ante los Tribunales Penales ordinarios.<\/p>\n<p>Instamos a las autoridades regionales y de nivel central, a reflexionar sobre el origen de esta situaci\u00f3n, c\u00f3mo sus pol\u00edticas p\u00fablicas contribuyen a que ocurran estos hechos tan lamentables, que s\u00f3lo aumentan el sentimiento de desamparo del derecho en la regi\u00f3n de La Araucan\u00eda cuando se es mapuche y\u00a0 se lucha por justicia. No m\u00e1s militarizaci\u00f3n de la regi\u00f3n de La Araucan\u00eda, no m\u00e1s militarizaci\u00f3n de las comunidades mapuche, no m\u00e1s uso de la violencia para acallar un conflicto que es hist\u00f3rico y pol\u00edtico.<\/p>\n<p><strong>Agrupaci\u00f3n de familiares de detenidos desaparecidos y ejecutados pol\u00edticos &#8211; Agrupaci\u00f3n de ex presos pol\u00edticos Enrique Perez &#8211; Asamblea de mujeres del Ngulumapu &#8211; Casa Autogestionada de Mujeres del Ngulumapu &#8211; Centro de Investigaci\u00f3n y Defensa del Sur &#8211; Centro de Investigaci\u00f3n y Promoci\u00f3n de los Derechos Humanos &#8211; Comisi\u00f3n \u00c9tica Contra la Tortura &#8211; Observatorio Ciudadano &#8211; Red de Acci\u00f3n por los Derechos Ambientales &#8211; Red de Defensa de los Territorios \u00a0Red de Peritos &#8211; Salud para todas y todos<\/strong><\/p>\n","protected":false},"excerpt":{"rendered":"<p>La Coordinaci\u00f3n de organizaciones de Derechos Humanos de La Araucan\u00eda, desea expresar a la opini\u00f3n p\u00fablica su m\u00e1s tajante condena por la muerte del joven mapuche Camilo Catrillanca Mar\u00edn, asesinado por un disparo en la cabeza, que de acuerdo a&hellip;<\/p>\n","protected":false},"author":43,"featured_media":756096,"comment_status":"closed","ping_status":"closed","sticky":false,"template":"","format":"standard","meta":{"footnotes":""},"categories":[149,80,67],"tags":[19374,51829,29,51812],"class_list":["post-756095","post","type-post","status-publish","format-standard","has-post-thumbnail","hentry","category-comunicados-de-prensa","category-pueblos-originarios","category-sudamerica","tag-araucania","tag-camilo-catrillanca","tag-chile","tag-comando-jungla"],"yoast_head":"<!-- This site is optimized with the Yoast SEO plugin v27.1.1 - https:\/\/yoast.com\/product\/yoast-seo-wordpress\/ -->\n<title>En repudio al asesinato de Camilo Catrillanca Mar\u00edn por carabineros de Chile<\/title>\n<meta name=\"description\" content=\"La Coordinaci\u00f3n de organizaciones de Derechos Humanos de La Araucan\u00eda, desea expresar a la opini\u00f3n p\u00fablica su m\u00e1s tajante condena por la muerte del joven\" \/>\n<meta name=\"robots\" content=\"index, follow, max-snippet:-1, max-image-preview:large, max-video-preview:-1\" \/>\n<link rel=\"canonical\" href=\"https:\/\/www.pressenza.com\/es\/2018\/11\/en-repudio-al-asesinato-de-camilo-catrillanca-marin-por-carabineros-de-chile\/\" \/>\n<meta property=\"og:locale\" content=\"es_ES\" \/>\n<meta property=\"og:type\" content=\"article\" \/>\n<meta property=\"og:title\" content=\"En repudio al asesinato de Camilo Catrillanca Mar\u00edn por carabineros de Chile\" \/>\n<meta property=\"og:description\" content=\"La Coordinaci\u00f3n de organizaciones de Derechos Humanos de La Araucan\u00eda, desea expresar a la opini\u00f3n p\u00fablica su m\u00e1s tajante condena por la muerte del joven\" \/>\n<meta property=\"og:url\" content=\"https:\/\/www.pressenza.com\/es\/2018\/11\/en-repudio-al-asesinato-de-camilo-catrillanca-marin-por-carabineros-de-chile\/\" \/>\n<meta property=\"og:site_name\" content=\"Pressenza\" \/>\n<meta property=\"article:publisher\" content=\"https:\/\/www.facebook.com\/PressenzaItalia\" \/>\n<meta property=\"article:author\" content=\"https:\/\/www.facebook.com\/pressenza\" \/>\n<meta property=\"article:published_time\" content=\"2018-11-15T16:04:45+00:00\" \/>\n<meta property=\"og:image\" content=\"https:\/\/www.pressenza.com\/wp-content\/uploads\/2018\/11\/comando-jungla-en-temucuicui-640x400.jpg\" \/>\n\t<meta property=\"og:image:width\" content=\"640\" \/>\n\t<meta property=\"og:image:height\" content=\"400\" \/>\n\t<meta property=\"og:image:type\" content=\"image\/jpeg\" \/>\n<meta name=\"author\" content=\"Redacci\u00f3n Chile\" \/>\n<meta name=\"twitter:card\" content=\"summary_large_image\" \/>\n<meta name=\"twitter:creator\" content=\"@pressenza\" \/>\n<meta name=\"twitter:site\" content=\"@PressenzaIPA\" \/>\n<meta name=\"twitter:label1\" content=\"Escrito por\" \/>\n\t<meta name=\"twitter:data1\" content=\"Redacci\u00f3n Chile\" \/>\n\t<meta name=\"twitter:label2\" content=\"Tiempo de lectura\" \/>\n\t<meta name=\"twitter:data2\" content=\"4 minutos\" \/>\n<script type=\"application\/ld+json\" class=\"yoast-schema-graph\">{\"@context\":\"https:\/\/schema.org\",\"@graph\":[{\"@type\":\"Article\",\"@id\":\"https:\/\/www.pressenza.com\/es\/2018\/11\/en-repudio-al-asesinato-de-camilo-catrillanca-marin-por-carabineros-de-chile\/#article\",\"isPartOf\":{\"@id\":\"https:\/\/www.pressenza.com\/es\/2018\/11\/en-repudio-al-asesinato-de-camilo-catrillanca-marin-por-carabineros-de-chile\/\"},\"author\":{\"name\":\"Redacci\u00f3n Chile\",\"@id\":\"https:\/\/www.pressenza.com\/es\/#\/schema\/person\/d7db40df35d6698ba69ba9ee260944ed\"},\"headline\":\"En repudio al asesinato de Camilo Catrillanca Mar\u00edn por carabineros de Chile\",\"datePublished\":\"2018-11-15T16:04:45+00:00\",\"mainEntityOfPage\":{\"@id\":\"https:\/\/www.pressenza.com\/es\/2018\/11\/en-repudio-al-asesinato-de-camilo-catrillanca-marin-por-carabineros-de-chile\/\"},\"wordCount\":793,\"publisher\":{\"@id\":\"https:\/\/www.pressenza.com\/es\/#organization\"},\"image\":{\"@id\":\"https:\/\/www.pressenza.com\/es\/2018\/11\/en-repudio-al-asesinato-de-camilo-catrillanca-marin-por-carabineros-de-chile\/#primaryimage\"},\"thumbnailUrl\":\"https:\/\/www.pressenza.com\/wp-content\/uploads\/2018\/11\/comando-jungla-en-temucuicui-640x400.jpg\",\"keywords\":[\"Araucan\u00eda\",\"Camilo Catrillanca\",\"Chile\",\"Comando Jungla\"],\"articleSection\":[\"Comunicados de Prensa\",\"Pueblos Originarios\",\"Sudam\u00e9rica\"],\"inLanguage\":\"es\"},{\"@type\":\"WebPage\",\"@id\":\"https:\/\/www.pressenza.com\/es\/2018\/11\/en-repudio-al-asesinato-de-camilo-catrillanca-marin-por-carabineros-de-chile\/\",\"url\":\"https:\/\/www.pressenza.com\/es\/2018\/11\/en-repudio-al-asesinato-de-camilo-catrillanca-marin-por-carabineros-de-chile\/\",\"name\":\"En repudio al asesinato de Camilo Catrillanca Mar\u00edn por carabineros de Chile\",\"isPartOf\":{\"@id\":\"https:\/\/www.pressenza.com\/es\/#website\"},\"primaryImageOfPage\":{\"@id\":\"https:\/\/www.pressenza.com\/es\/2018\/11\/en-repudio-al-asesinato-de-camilo-catrillanca-marin-por-carabineros-de-chile\/#primaryimage\"},\"image\":{\"@id\":\"https:\/\/www.pressenza.com\/es\/2018\/11\/en-repudio-al-asesinato-de-camilo-catrillanca-marin-por-carabineros-de-chile\/#primaryimage\"},\"thumbnailUrl\":\"https:\/\/www.pressenza.com\/wp-content\/uploads\/2018\/11\/comando-jungla-en-temucuicui-640x400.jpg\",\"datePublished\":\"2018-11-15T16:04:45+00:00\",\"description\":\"La Coordinaci\u00f3n de organizaciones de Derechos Humanos de La Araucan\u00eda, desea expresar a la opini\u00f3n p\u00fablica su m\u00e1s tajante condena por la muerte del joven\",\"breadcrumb\":{\"@id\":\"https:\/\/www.pressenza.com\/es\/2018\/11\/en-repudio-al-asesinato-de-camilo-catrillanca-marin-por-carabineros-de-chile\/#breadcrumb\"},\"inLanguage\":\"es\",\"potentialAction\":[{\"@type\":\"ReadAction\",\"target\":[\"https:\/\/www.pressenza.com\/es\/2018\/11\/en-repudio-al-asesinato-de-camilo-catrillanca-marin-por-carabineros-de-chile\/\"]}]},{\"@type\":\"ImageObject\",\"inLanguage\":\"es\",\"@id\":\"https:\/\/www.pressenza.com\/es\/2018\/11\/en-repudio-al-asesinato-de-camilo-catrillanca-marin-por-carabineros-de-chile\/#primaryimage\",\"url\":\"https:\/\/www.pressenza.com\/wp-content\/uploads\/2018\/11\/comando-jungla-en-temucuicui-640x400.jpg\",\"contentUrl\":\"https:\/\/www.pressenza.com\/wp-content\/uploads\/2018\/11\/comando-jungla-en-temucuicui-640x400.jpg\",\"width\":640,\"height\":400},{\"@type\":\"BreadcrumbList\",\"@id\":\"https:\/\/www.pressenza.com\/es\/2018\/11\/en-repudio-al-asesinato-de-camilo-catrillanca-marin-por-carabineros-de-chile\/#breadcrumb\",\"itemListElement\":[{\"@type\":\"ListItem\",\"position\":1,\"name\":\"Accueil\",\"item\":\"https:\/\/www.pressenza.com\/es\/\"},{\"@type\":\"ListItem\",\"position\":2,\"name\":\"En repudio al asesinato de Camilo Catrillanca Mar\u00edn por carabineros de Chile\"}]},{\"@type\":\"WebSite\",\"@id\":\"https:\/\/www.pressenza.com\/es\/#website\",\"url\":\"https:\/\/www.pressenza.com\/es\/\",\"name\":\"Pressenza\",\"description\":\"International Press Agency\",\"publisher\":{\"@id\":\"https:\/\/www.pressenza.com\/es\/#organization\"},\"potentialAction\":[{\"@type\":\"SearchAction\",\"target\":{\"@type\":\"EntryPoint\",\"urlTemplate\":\"https:\/\/www.pressenza.com\/es\/?s={search_term_string}\"},\"query-input\":{\"@type\":\"PropertyValueSpecification\",\"valueRequired\":true,\"valueName\":\"search_term_string\"}}],\"inLanguage\":\"es\"},{\"@type\":\"Organization\",\"@id\":\"https:\/\/www.pressenza.com\/es\/#organization\",\"name\":\"Pressenza\",\"url\":\"https:\/\/www.pressenza.com\/es\/\",\"logo\":{\"@type\":\"ImageObject\",\"inLanguage\":\"es\",\"@id\":\"https:\/\/www.pressenza.com\/es\/#\/schema\/logo\/image\/\",\"url\":\"https:\/\/www.pressenza.com\/wp-content\/uploads\/2022\/10\/pressenza_logo_200x200.jpg\",\"contentUrl\":\"https:\/\/www.pressenza.com\/wp-content\/uploads\/2022\/10\/pressenza_logo_200x200.jpg\",\"width\":200,\"height\":200,\"caption\":\"Pressenza\"},\"image\":{\"@id\":\"https:\/\/www.pressenza.com\/es\/#\/schema\/logo\/image\/\"},\"sameAs\":[\"https:\/\/www.facebook.com\/PressenzaItalia\",\"https:\/\/x.com\/PressenzaIPA\"]},{\"@type\":\"Person\",\"@id\":\"https:\/\/www.pressenza.com\/es\/#\/schema\/person\/d7db40df35d6698ba69ba9ee260944ed\",\"name\":\"Redacci\u00f3n Chile\",\"description\":\"News from the Pressenza Bureau in Chile\",\"sameAs\":[\"https:\/\/www.facebook.com\/pressenza\",\"https:\/\/x.com\/pressenza\"],\"url\":\"https:\/\/www.pressenza.com\/es\/author\/redaccion-chile\/\"}]}<\/script>\n<!-- \/ Yoast SEO plugin. -->","yoast_head_json":{"title":"En repudio al asesinato de Camilo Catrillanca Mar\u00edn por carabineros de Chile","description":"La Coordinaci\u00f3n de organizaciones de Derechos Humanos de La Araucan\u00eda, desea expresar a la opini\u00f3n p\u00fablica su m\u00e1s tajante condena por la muerte del joven","robots":{"index":"index","follow":"follow","max-snippet":"max-snippet:-1","max-image-preview":"max-image-preview:large","max-video-preview":"max-video-preview:-1"},"canonical":"https:\/\/www.pressenza.com\/es\/2018\/11\/en-repudio-al-asesinato-de-camilo-catrillanca-marin-por-carabineros-de-chile\/","og_locale":"es_ES","og_type":"article","og_title":"En repudio al asesinato de Camilo Catrillanca Mar\u00edn por carabineros de Chile","og_description":"La Coordinaci\u00f3n de organizaciones de Derechos Humanos de La Araucan\u00eda, desea expresar a la opini\u00f3n p\u00fablica su m\u00e1s tajante condena por la muerte del joven","og_url":"https:\/\/www.pressenza.com\/es\/2018\/11\/en-repudio-al-asesinato-de-camilo-catrillanca-marin-por-carabineros-de-chile\/","og_site_name":"Pressenza","article_publisher":"https:\/\/www.facebook.com\/PressenzaItalia","article_author":"https:\/\/www.facebook.com\/pressenza","article_published_time":"2018-11-15T16:04:45+00:00","og_image":[{"width":640,"height":400,"url":"https:\/\/www.pressenza.com\/wp-content\/uploads\/2018\/11\/comando-jungla-en-temucuicui-640x400.jpg","type":"image\/jpeg"}],"author":"Redacci\u00f3n Chile","twitter_card":"summary_large_image","twitter_creator":"@pressenza","twitter_site":"@PressenzaIPA","twitter_misc":{"Escrito por":"Redacci\u00f3n Chile","Tiempo de lectura":"4 minutos"},"schema":{"@context":"https:\/\/schema.org","@graph":[{"@type":"Article","@id":"https:\/\/www.pressenza.com\/es\/2018\/11\/en-repudio-al-asesinato-de-camilo-catrillanca-marin-por-carabineros-de-chile\/#article","isPartOf":{"@id":"https:\/\/www.pressenza.com\/es\/2018\/11\/en-repudio-al-asesinato-de-camilo-catrillanca-marin-por-carabineros-de-chile\/"},"author":{"name":"Redacci\u00f3n Chile","@id":"https:\/\/www.pressenza.com\/es\/#\/schema\/person\/d7db40df35d6698ba69ba9ee260944ed"},"headline":"En repudio al asesinato de Camilo Catrillanca Mar\u00edn por carabineros de Chile","datePublished":"2018-11-15T16:04:45+00:00","mainEntityOfPage":{"@id":"https:\/\/www.pressenza.com\/es\/2018\/11\/en-repudio-al-asesinato-de-camilo-catrillanca-marin-por-carabineros-de-chile\/"},"wordCount":793,"publisher":{"@id":"https:\/\/www.pressenza.com\/es\/#organization"},"image":{"@id":"https:\/\/www.pressenza.com\/es\/2018\/11\/en-repudio-al-asesinato-de-camilo-catrillanca-marin-por-carabineros-de-chile\/#primaryimage"},"thumbnailUrl":"https:\/\/www.pressenza.com\/wp-content\/uploads\/2018\/11\/comando-jungla-en-temucuicui-640x400.jpg","keywords":["Araucan\u00eda","Camilo Catrillanca","Chile","Comando Jungla"],"articleSection":["Comunicados de Prensa","Pueblos Originarios","Sudam\u00e9rica"],"inLanguage":"es"},{"@type":"WebPage","@id":"https:\/\/www.pressenza.com\/es\/2018\/11\/en-repudio-al-asesinato-de-camilo-catrillanca-marin-por-carabineros-de-chile\/","url":"https:\/\/www.pressenza.com\/es\/2018\/11\/en-repudio-al-asesinato-de-camilo-catrillanca-marin-por-carabineros-de-chile\/","name":"En repudio al asesinato de Camilo Catrillanca Mar\u00edn por carabineros de Chile","isPartOf":{"@id":"https:\/\/www.pressenza.com\/es\/#website"},"primaryImageOfPage":{"@id":"https:\/\/www.pressenza.com\/es\/2018\/11\/en-repudio-al-asesinato-de-camilo-catrillanca-marin-por-carabineros-de-chile\/#primaryimage"},"image":{"@id":"https:\/\/www.pressenza.com\/es\/2018\/11\/en-repudio-al-asesinato-de-camilo-catrillanca-marin-por-carabineros-de-chile\/#primaryimage"},"thumbnailUrl":"https:\/\/www.pressenza.com\/wp-content\/uploads\/2018\/11\/comando-jungla-en-temucuicui-640x400.jpg","datePublished":"2018-11-15T16:04:45+00:00","description":"La Coordinaci\u00f3n de organizaciones de Derechos Humanos de La Araucan\u00eda, desea expresar a la opini\u00f3n p\u00fablica su m\u00e1s tajante condena por la muerte del joven","breadcrumb":{"@id":"https:\/\/www.pressenza.com\/es\/2018\/11\/en-repudio-al-asesinato-de-camilo-catrillanca-marin-por-carabineros-de-chile\/#breadcrumb"},"inLanguage":"es","potentialAction":[{"@type":"ReadAction","target":["https:\/\/www.pressenza.com\/es\/2018\/11\/en-repudio-al-asesinato-de-camilo-catrillanca-marin-por-carabineros-de-chile\/"]}]},{"@type":"ImageObject","inLanguage":"es","@id":"https:\/\/www.pressenza.com\/es\/2018\/11\/en-repudio-al-asesinato-de-camilo-catrillanca-marin-por-carabineros-de-chile\/#primaryimage","url":"https:\/\/www.pressenza.com\/wp-content\/uploads\/2018\/11\/comando-jungla-en-temucuicui-640x400.jpg","contentUrl":"https:\/\/www.pressenza.com\/wp-content\/uploads\/2018\/11\/comando-jungla-en-temucuicui-640x400.jpg","width":640,"height":400},{"@type":"BreadcrumbList","@id":"https:\/\/www.pressenza.com\/es\/2018\/11\/en-repudio-al-asesinato-de-camilo-catrillanca-marin-por-carabineros-de-chile\/#breadcrumb","itemListElement":[{"@type":"ListItem","position":1,"name":"Accueil","item":"https:\/\/www.pressenza.com\/es\/"},{"@type":"ListItem","position":2,"name":"En repudio al asesinato de Camilo Catrillanca Mar\u00edn por carabineros de Chile"}]},{"@type":"WebSite","@id":"https:\/\/www.pressenza.com\/es\/#website","url":"https:\/\/www.pressenza.com\/es\/","name":"Pressenza","description":"International Press Agency","publisher":{"@id":"https:\/\/www.pressenza.com\/es\/#organization"},"potentialAction":[{"@type":"SearchAction","target":{"@type":"EntryPoint","urlTemplate":"https:\/\/www.pressenza.com\/es\/?s={search_term_string}"},"query-input":{"@type":"PropertyValueSpecification","valueRequired":true,"valueName":"search_term_string"}}],"inLanguage":"es"},{"@type":"Organization","@id":"https:\/\/www.pressenza.com\/es\/#organization","name":"Pressenza","url":"https:\/\/www.pressenza.com\/es\/","logo":{"@type":"ImageObject","inLanguage":"es","@id":"https:\/\/www.pressenza.com\/es\/#\/schema\/logo\/image\/","url":"https:\/\/www.pressenza.com\/wp-content\/uploads\/2022\/10\/pressenza_logo_200x200.jpg","contentUrl":"https:\/\/www.pressenza.com\/wp-content\/uploads\/2022\/10\/pressenza_logo_200x200.jpg","width":200,"height":200,"caption":"Pressenza"},"image":{"@id":"https:\/\/www.pressenza.com\/es\/#\/schema\/logo\/image\/"},"sameAs":["https:\/\/www.facebook.com\/PressenzaItalia","https:\/\/x.com\/PressenzaIPA"]},{"@type":"Person","@id":"https:\/\/www.pressenza.com\/es\/#\/schema\/person\/d7db40df35d6698ba69ba9ee260944ed","name":"Redacci\u00f3n Chile","description":"News from the Pressenza Bureau in Chile","sameAs":["https:\/\/www.facebook.com\/pressenza","https:\/\/x.com\/pressenza"],"url":"https:\/\/www.pressenza.com\/es\/author\/redaccion-chile\/"}]}},"place":"Santiago de Chile","original_article_url":"","_links":{"self":[{"href":"https:\/\/www.pressenza.com\/es\/wp-json\/wp\/v2\/posts\/756095","targetHints":{"allow":["GET"]}}],"collection":[{"href":"https:\/\/www.pressenza.com\/es\/wp-json\/wp\/v2\/posts"}],"about":[{"href":"https:\/\/www.pressenza.com\/es\/wp-json\/wp\/v2\/types\/post"}],"author":[{"embeddable":true,"href":"https:\/\/www.pressenza.com\/es\/wp-json\/wp\/v2\/users\/43"}],"replies":[{"embeddable":true,"href":"https:\/\/www.pressenza.com\/es\/wp-json\/wp\/v2\/comments?post=756095"}],"version-history":[{"count":0,"href":"https:\/\/www.pressenza.com\/es\/wp-json\/wp\/v2\/posts\/756095\/revisions"}],"wp:featuredmedia":[{"embeddable":true,"href":"https:\/\/www.pressenza.com\/es\/wp-json\/wp\/v2\/media\/756096"}],"wp:attachment":[{"href":"https:\/\/www.pressenza.com\/es\/wp-json\/wp\/v2\/media?parent=756095"}],"wp:term":[{"taxonomy":"category","embeddable":true,"href":"https:\/\/www.pressenza.com\/es\/wp-json\/wp\/v2\/categories?post=756095"},{"taxonomy":"post_tag","embeddable":true,"href":"https:\/\/www.pressenza.com\/es\/wp-json\/wp\/v2\/tags?post=756095"}],"curies":[{"name":"wp","href":"https:\/\/api.w.org\/{rel}","templated":true}]}}