{"id":756004,"date":"2018-11-15T11:54:40","date_gmt":"2018-11-15T11:54:40","guid":{"rendered":"https:\/\/www.pressenza.com\/?p=756004"},"modified":"2018-11-15T11:54:40","modified_gmt":"2018-11-15T11:54:40","slug":"decreto-sobre-sanidad-universal-fallos-y-ambiguedades","status":"publish","type":"post","link":"https:\/\/www.pressenza.com\/es\/2018\/11\/decreto-sobre-sanidad-universal-fallos-y-ambiguedades\/","title":{"rendered":"Decreto sobre sanidad universal: fallos y ambig\u00fcedades"},"content":{"rendered":"<h4>Cuatro meses despu\u00e9s del nuevo decreto sobre sanidad universal se deben abordar sus fallos y ambig\u00fcedades<\/h4>\n<p><em>Amnist\u00eda Internacional, Yo S\u00ed Sanidad Universal, M\u00e9dicos del Mundo y otras organizaciones integradas en la plataforma REDER solicitan la adopci\u00f3n de un reglamento que aclare la norma para blindar el derecho a la salud, que actualmente sigue en riesgo. Lamentan que cuatro meses despu\u00e9s del nuevo Decreto Ley que pretend\u00eda recuperar la universalidad en el acceso a la salud todav\u00eda no se ha alcanzado ese objetivo.<\/em><\/p>\n<p>Representantes de las comunidades aut\u00f3nomas (CCAA) y de la Administraci\u00f3n central se re\u00fanen este jueves en elConsejo Interterritorial del Sistema Nacional de Salud, un \u00f3rgano que tiene por objetivo coordinar los diferentes servicios sanitarios del Estado. Amnist\u00eda Internacional, M\u00e9dicos del Mundo y Yo s\u00ed sanidad universal, junto a las organizaciones integradas en REDER, han recordado a las autoridades que, aunque el Real Decreto Ley 7\/2018 (RDL) fue un paso en la direcci\u00f3n adecuada para recuperar la universalidad en el acceso a la salud, se deben abordar en este encuentro sus fallos y ambig\u00fcedades para lograr el objetivo pretendido.<\/p>\n<p>Para ello, solicitan la adopci\u00f3n urgente de un reglamento que clarifique en detalle la norma para blindar el derecho a la salud. Asimismo, las entidades piden la creaci\u00f3n de un mecanismo permanente de evaluaci\u00f3n de la aplicaci\u00f3n de esta norma de modo que se eviten y corrijan pr\u00e1cticas de exclusi\u00f3n sanitaria en los distintos sistemas sanitarios auton\u00f3micos. El hecho de que el Congreso haya decidido tramitar el RDL como proyecto de ley es una oportunidad para mejorar una norma que en su redacci\u00f3n actual queda lejos del pretendido fin de universalizar la atenci\u00f3n sanitaria. El necesario periodo de tramitaci\u00f3n no puede suponer la inacci\u00f3n del gobierno y de las CCAA para aplicar RDL y evitar la desprotecci\u00f3n a la que se est\u00e1n enfrentando muchas personas.<\/p>\n<p>En ese sentido, las organizaciones recuerdan que todav\u00eda se est\u00e1n viviendo situaciones de exclusi\u00f3n en el acceso a la salud, tal y como hab\u00edan advertido, como consecuencia de que la norma se puede interpretar de manera restrictiva, limitando ese acceso a las personas migrantes en situaci\u00f3n irregular. Por ejemplo, y en relaci\u00f3n con elrequisito de tres meses de estancia en Espa\u00f1a: a pesar de que est\u00e1 destinado solo a personas con estancia temporal autorizada, podr\u00eda dar lugar a interpretar que todas las personas necesitan tres meses de estancia en Espa\u00f1a antes de acceder a la atenci\u00f3n sanitaria.<\/p>\n<h4>Fallos, ambig\u00fcedades y obst\u00e1culos<\/h4>\n<p>El RDL tampoco armoniza el procedimiento ni los requisitos para poder obtener la tarjeta sanitaria por parte de las CCAA y en consecuencia, cada Comunidad Aut\u00f3noma est\u00e1 interpretando de manera diferente esta nueva norma, manteniendo las respuestas dispares que estas adoptaron con respecto al anterior RDL 16\/2012. Las organizaciones alertan adem\u00e1s de que no se han especificado en la ley las personas en situaci\u00f3n de mayor vulnerabilidad que recibir\u00e1n atenci\u00f3n en cualquier circunstancia (mujeres embarazadas, menores de 18 a\u00f1os, v\u00edctimas de trata, personas solicitantes de protecci\u00f3n internacional y personas que requieran atenci\u00f3n de urgencias). La consecuencia de esto es que en algunas CCAA se han dado casos de exigencia de pago por atenci\u00f3n sanitaria, por ejemplo, a menores de edad y mujeres embarazadas. Adem\u00e1s, hay algunas autonom\u00edas que siguen exigiendo el empadronamiento como requisito, cuando el nuevo decreto no lo pide. Y el resultado es que se producen violaciones del derecho a la salud.<\/p>\n<p>\u201cNo debemos olvidar que venimos de una situaci\u00f3n regresiva, ya que el anterior Real Decreto Ley dej\u00f3 sin tarjeta sanitaria a m\u00e1s de 750.000 personas. Si la finalidad del gobierno es conseguir que ninguna persona quede excluida de un derecho como es el acceso a la salud, \u00e9ste debe estar blindado\u201d, ha declarado Marta Mendiola, responsable del trabajo sobre Derechos Econ\u00f3micos Sociales y Culturales en Amnist\u00eda Internacional Espa\u00f1a.<\/p>\n<p>\u201cBarreras administrativas, ambig\u00fcedad en la ley que puede dar lugar a interpretar de manera restrictiva la norma, falta de armon\u00eda en los procedimientos y requisitos para obtener la tarjeta sanitaria: cualquier obst\u00e1culo que presente esta norma debe ser abordado en la reuni\u00f3n del Consejo Interterritorial\u201d, ha a\u00f1adido a\u00f1adido Eva Aguilera, responsable de Incidencia Pol\u00edtica en M\u00e9dicos del Mundo.<\/p>\n<p>Algunos requisitos administrativos son especialmente preocupantes como los que se exigen a personas migrantes en situaci\u00f3n irregular que pueden encontrarse con dificultades para obtener determinados documentos. Las organizaciones denuncian que se pida a algunas personas que regresen a sus pa\u00edses de origen para conseguir esa documentaci\u00f3n, algo obviamente inviable, especialmente para aquellas con menos recursos econ\u00f3micos.<\/p>\n<p>\u201cLa exclusi\u00f3n tambi\u00e9n persiste para las personas que obtuvieron su permiso de residencia por ser padres y madres de ciudadanos comunitarios, y que siguen sin recibir la tarjeta sanitaria porque el gobierno, a pesar de m\u00faltiples sentencias en contra, se niega a ordenar al Instituto Nacional de la Seguridad Social que cumpla la normativa y les facilite la cobertura sanitaria\u201d, denuncia Irene Rodr\u00edguez, portavoz de Yo S\u00ed Sanidad Universal.<\/p>\n<h4>M\u00e1s informaci\u00f3n<\/h4>\n<p><a href=\"https:\/\/www.es.amnesty.org\/en-que-estamos\/noticias\/noticia\/articulo\/espana-el-nuevo-real-decreto-ley-sobre-sanidad-un-paso-adecuado-hacia-la-universalidad\/\" target=\"_blank\" rel=\"noopener\">El nuevo gobierno de Pedro S\u00e1nchez public\u00f3 el pasado 30 de julio en el Bolet\u00edn Oficial del Estado el Real Decreto Ley 7\/2018<\/a>, que se adopt\u00f3 con el fin de revertir la situaci\u00f3n creada por el Real Decreto Ley 16\/2012, una medida regresiva y discriminatoria que dej\u00f3 sin tarjeta sanitaria a m\u00e1s de 750.000 personas y que limitaba el derecho a la salud de algunos de los colectivos m\u00e1s vulnerables de la sociedad. M\u00e1s de 12 mecanismos internacionales de protecci\u00f3n de derechos humanos hab\u00edan pedido la reforma del Real Decreto Ley 16\/2012 y hab\u00edan solicitado una evaluaci\u00f3n exhaustiva del impacto en materia de derechos humanos de esta norma que ha estado vigente en los \u00faltimos a\u00f1os.<\/p>\n<p>REDER es una red de colectivos, movimientos, organizaciones y personas implicadas en la defensa del acceso universal a la salud y la denuncia de su cumplimiento. Actualmente forman parte de REDER m\u00e1s de 300 organizaciones sociales y profesionales como la Sociedad Espa\u00f1ola de Medicina de Familia y Comunitaria (semFYC), M\u00e9dicos del Mundo, el Observatorio del Derecho Universal a la Salud de la Comunitat Valenciana (ODUSALUD), Andaluc\u00eda Acoge, la Plataforma Salud Universal Arag\u00f3n; la Plataforma per una Atenci\u00f3 Sanit\u00e0ria Universal a Catalunya (PASUCAT); la Rede Galega en Defensa do Dereito \u00e1 Sa\u00fadade; la Asociaci\u00f3n de Usuarios de la Sanidad de la Regi\u00f3n de Murcia; la Plataforma \u201cCiudadan\u00eda contra la exclusi\u00f3n sanitaria\u201d; la Sociedad Espa\u00f1ola de Salud P\u00fablica y Administraci\u00f3n Sanitaria (SESPAS), la Federaci\u00f3n de Asociaciones en Defensa de la Sanidad P\u00fablica (FDASP), la Asociaci\u00f3n de Refugiados e Inmigrantes de Per\u00fa (ARI-PER\u00da) o la Red Transnacional de Mujeres (NetworkWoman). Para m\u00e1s informaci\u00f3n: <a href=\"http:\/\/www.reder162012.org\" target=\"_blank\" rel=\"noopener\">www.reder162012.org<\/a><\/p>\n","protected":false},"excerpt":{"rendered":"<p>Cuatro meses despu\u00e9s del nuevo decreto sobre sanidad universal se deben abordar sus fallos y ambig\u00fcedades Amnist\u00eda Internacional, Yo S\u00ed Sanidad Universal, M\u00e9dicos del Mundo y otras organizaciones integradas en la plataforma REDER solicitan la adopci\u00f3n de un reglamento que&hellip;<\/p>\n","protected":false},"author":94,"featured_media":756005,"comment_status":"closed","ping_status":"closed","sticky":false,"template":"","format":"standard","meta":{"footnotes":""},"categories":[149,66,74,1239],"tags":[18921,1065,51062,23466,51819,22219,12359],"class_list":["post-756004","post","type-post","status-publish","format-standard","has-post-thumbnail","hentry","category-comunicados-de-prensa","category-europa-es","category-politica-es","category-salud","tag-amnistia-internacional","tag-espana","tag-medicos-del-mundo","tag-pedro-sanchez","tag-reder","tag-salud","tag-yo-si-sanidad-universal"],"yoast_head":"<!-- This site is optimized with the Yoast SEO plugin v27.1.1 - https:\/\/yoast.com\/product\/yoast-seo-wordpress\/ -->\n<title>Decreto sobre sanidad universal: fallos y ambig\u00fcedades<\/title>\n<meta name=\"description\" content=\"Cuatro meses despu\u00e9s del nuevo decreto sobre sanidad universal se deben abordar sus fallos y ambig\u00fcedades Amnist\u00eda Internacional, Yo S\u00ed Sanidad Universal,\" \/>\n<meta name=\"robots\" content=\"index, follow, max-snippet:-1, max-image-preview:large, max-video-preview:-1\" \/>\n<link rel=\"canonical\" href=\"https:\/\/www.pressenza.com\/es\/2018\/11\/decreto-sobre-sanidad-universal-fallos-y-ambiguedades\/\" \/>\n<meta property=\"og:locale\" content=\"es_ES\" \/>\n<meta property=\"og:type\" content=\"article\" \/>\n<meta property=\"og:title\" content=\"Decreto sobre sanidad universal: fallos y ambig\u00fcedades\" \/>\n<meta property=\"og:description\" content=\"Cuatro meses despu\u00e9s del nuevo decreto sobre sanidad universal se deben abordar sus fallos y ambig\u00fcedades Amnist\u00eda Internacional, Yo S\u00ed Sanidad Universal,\" \/>\n<meta property=\"og:url\" content=\"https:\/\/www.pressenza.com\/es\/2018\/11\/decreto-sobre-sanidad-universal-fallos-y-ambiguedades\/\" \/>\n<meta property=\"og:site_name\" content=\"Pressenza\" \/>\n<meta property=\"article:publisher\" content=\"https:\/\/www.facebook.com\/PressenzaItalia\" \/>\n<meta property=\"article:author\" content=\"https:\/\/www.facebook.com\/pressenza\" \/>\n<meta property=\"article:published_time\" content=\"2018-11-15T11:54:40+00:00\" \/>\n<meta property=\"og:image\" content=\"https:\/\/www.pressenza.com\/wp-content\/uploads\/2018\/11\/health-CC0.jpg\" \/>\n\t<meta property=\"og:image:width\" content=\"1024\" \/>\n\t<meta property=\"og:image:height\" content=\"682\" \/>\n\t<meta property=\"og:image:type\" content=\"image\/jpeg\" \/>\n<meta name=\"author\" content=\"Redacci\u00f3n Madrid\" \/>\n<meta name=\"twitter:card\" content=\"summary_large_image\" \/>\n<meta name=\"twitter:creator\" content=\"@pressenza\" \/>\n<meta name=\"twitter:site\" content=\"@PressenzaIPA\" \/>\n<meta name=\"twitter:label1\" content=\"Escrito por\" \/>\n\t<meta name=\"twitter:data1\" content=\"Redacci\u00f3n Madrid\" \/>\n\t<meta name=\"twitter:label2\" content=\"Tiempo de lectura\" \/>\n\t<meta name=\"twitter:data2\" content=\"6 minutos\" \/>\n<script type=\"application\/ld+json\" class=\"yoast-schema-graph\">{\"@context\":\"https:\/\/schema.org\",\"@graph\":[{\"@type\":\"Article\",\"@id\":\"https:\/\/www.pressenza.com\/es\/2018\/11\/decreto-sobre-sanidad-universal-fallos-y-ambiguedades\/#article\",\"isPartOf\":{\"@id\":\"https:\/\/www.pressenza.com\/es\/2018\/11\/decreto-sobre-sanidad-universal-fallos-y-ambiguedades\/\"},\"author\":{\"name\":\"Redacci\u00f3n Madrid\",\"@id\":\"https:\/\/www.pressenza.com\/es\/#\/schema\/person\/828fc40eeca2ad7be3630e5a46adba94\"},\"headline\":\"Decreto sobre sanidad universal: fallos y ambig\u00fcedades\",\"datePublished\":\"2018-11-15T11:54:40+00:00\",\"mainEntityOfPage\":{\"@id\":\"https:\/\/www.pressenza.com\/es\/2018\/11\/decreto-sobre-sanidad-universal-fallos-y-ambiguedades\/\"},\"wordCount\":1183,\"publisher\":{\"@id\":\"https:\/\/www.pressenza.com\/es\/#organization\"},\"image\":{\"@id\":\"https:\/\/www.pressenza.com\/es\/2018\/11\/decreto-sobre-sanidad-universal-fallos-y-ambiguedades\/#primaryimage\"},\"thumbnailUrl\":\"https:\/\/www.pressenza.com\/wp-content\/uploads\/2018\/11\/health-CC0.jpg\",\"keywords\":[\"Amnist\u00eda Internacional\",\"Espa\u00f1a\",\"M\u00e9dicos del Mundo\",\"Pedro S\u00e1nchez\",\"REDER\",\"Salud\",\"Yo S\u00ed Sanidad Universal\"],\"articleSection\":[\"Comunicados de Prensa\",\"Europa\",\"Pol\u00edtica\",\"Salud\"],\"inLanguage\":\"es\"},{\"@type\":\"WebPage\",\"@id\":\"https:\/\/www.pressenza.com\/es\/2018\/11\/decreto-sobre-sanidad-universal-fallos-y-ambiguedades\/\",\"url\":\"https:\/\/www.pressenza.com\/es\/2018\/11\/decreto-sobre-sanidad-universal-fallos-y-ambiguedades\/\",\"name\":\"Decreto sobre sanidad universal: fallos y ambig\u00fcedades\",\"isPartOf\":{\"@id\":\"https:\/\/www.pressenza.com\/es\/#website\"},\"primaryImageOfPage\":{\"@id\":\"https:\/\/www.pressenza.com\/es\/2018\/11\/decreto-sobre-sanidad-universal-fallos-y-ambiguedades\/#primaryimage\"},\"image\":{\"@id\":\"https:\/\/www.pressenza.com\/es\/2018\/11\/decreto-sobre-sanidad-universal-fallos-y-ambiguedades\/#primaryimage\"},\"thumbnailUrl\":\"https:\/\/www.pressenza.com\/wp-content\/uploads\/2018\/11\/health-CC0.jpg\",\"datePublished\":\"2018-11-15T11:54:40+00:00\",\"description\":\"Cuatro meses despu\u00e9s del nuevo decreto sobre sanidad universal se deben abordar sus fallos y ambig\u00fcedades Amnist\u00eda Internacional, Yo S\u00ed Sanidad Universal,\",\"breadcrumb\":{\"@id\":\"https:\/\/www.pressenza.com\/es\/2018\/11\/decreto-sobre-sanidad-universal-fallos-y-ambiguedades\/#breadcrumb\"},\"inLanguage\":\"es\",\"potentialAction\":[{\"@type\":\"ReadAction\",\"target\":[\"https:\/\/www.pressenza.com\/es\/2018\/11\/decreto-sobre-sanidad-universal-fallos-y-ambiguedades\/\"]}]},{\"@type\":\"ImageObject\",\"inLanguage\":\"es\",\"@id\":\"https:\/\/www.pressenza.com\/es\/2018\/11\/decreto-sobre-sanidad-universal-fallos-y-ambiguedades\/#primaryimage\",\"url\":\"https:\/\/www.pressenza.com\/wp-content\/uploads\/2018\/11\/health-CC0.jpg\",\"contentUrl\":\"https:\/\/www.pressenza.com\/wp-content\/uploads\/2018\/11\/health-CC0.jpg\",\"width\":1024,\"height\":682},{\"@type\":\"BreadcrumbList\",\"@id\":\"https:\/\/www.pressenza.com\/es\/2018\/11\/decreto-sobre-sanidad-universal-fallos-y-ambiguedades\/#breadcrumb\",\"itemListElement\":[{\"@type\":\"ListItem\",\"position\":1,\"name\":\"Accueil\",\"item\":\"https:\/\/www.pressenza.com\/es\/\"},{\"@type\":\"ListItem\",\"position\":2,\"name\":\"Decreto sobre sanidad universal: fallos y ambig\u00fcedades\"}]},{\"@type\":\"WebSite\",\"@id\":\"https:\/\/www.pressenza.com\/es\/#website\",\"url\":\"https:\/\/www.pressenza.com\/es\/\",\"name\":\"Pressenza\",\"description\":\"International Press Agency\",\"publisher\":{\"@id\":\"https:\/\/www.pressenza.com\/es\/#organization\"},\"potentialAction\":[{\"@type\":\"SearchAction\",\"target\":{\"@type\":\"EntryPoint\",\"urlTemplate\":\"https:\/\/www.pressenza.com\/es\/?s={search_term_string}\"},\"query-input\":{\"@type\":\"PropertyValueSpecification\",\"valueRequired\":true,\"valueName\":\"search_term_string\"}}],\"inLanguage\":\"es\"},{\"@type\":\"Organization\",\"@id\":\"https:\/\/www.pressenza.com\/es\/#organization\",\"name\":\"Pressenza\",\"url\":\"https:\/\/www.pressenza.com\/es\/\",\"logo\":{\"@type\":\"ImageObject\",\"inLanguage\":\"es\",\"@id\":\"https:\/\/www.pressenza.com\/es\/#\/schema\/logo\/image\/\",\"url\":\"https:\/\/www.pressenza.com\/wp-content\/uploads\/2022\/10\/pressenza_logo_200x200.jpg\",\"contentUrl\":\"https:\/\/www.pressenza.com\/wp-content\/uploads\/2022\/10\/pressenza_logo_200x200.jpg\",\"width\":200,\"height\":200,\"caption\":\"Pressenza\"},\"image\":{\"@id\":\"https:\/\/www.pressenza.com\/es\/#\/schema\/logo\/image\/\"},\"sameAs\":[\"https:\/\/www.facebook.com\/PressenzaItalia\",\"https:\/\/x.com\/PressenzaIPA\"]},{\"@type\":\"Person\",\"@id\":\"https:\/\/www.pressenza.com\/es\/#\/schema\/person\/828fc40eeca2ad7be3630e5a46adba94\",\"name\":\"Redacci\u00f3n Madrid\",\"description\":\"News from the Pressenza Bureau in Madrid, Spain\",\"sameAs\":[\"https:\/\/www.facebook.com\/pressenza\",\"https:\/\/x.com\/pressenza\"],\"url\":\"https:\/\/www.pressenza.com\/es\/author\/redaccion-madrid\/\"}]}<\/script>\n<!-- \/ Yoast SEO plugin. -->","yoast_head_json":{"title":"Decreto sobre sanidad universal: fallos y ambig\u00fcedades","description":"Cuatro meses despu\u00e9s del nuevo decreto sobre sanidad universal se deben abordar sus fallos y ambig\u00fcedades Amnist\u00eda Internacional, Yo S\u00ed Sanidad Universal,","robots":{"index":"index","follow":"follow","max-snippet":"max-snippet:-1","max-image-preview":"max-image-preview:large","max-video-preview":"max-video-preview:-1"},"canonical":"https:\/\/www.pressenza.com\/es\/2018\/11\/decreto-sobre-sanidad-universal-fallos-y-ambiguedades\/","og_locale":"es_ES","og_type":"article","og_title":"Decreto sobre sanidad universal: fallos y ambig\u00fcedades","og_description":"Cuatro meses despu\u00e9s del nuevo decreto sobre sanidad universal se deben abordar sus fallos y ambig\u00fcedades Amnist\u00eda Internacional, Yo S\u00ed Sanidad Universal,","og_url":"https:\/\/www.pressenza.com\/es\/2018\/11\/decreto-sobre-sanidad-universal-fallos-y-ambiguedades\/","og_site_name":"Pressenza","article_publisher":"https:\/\/www.facebook.com\/PressenzaItalia","article_author":"https:\/\/www.facebook.com\/pressenza","article_published_time":"2018-11-15T11:54:40+00:00","og_image":[{"width":1024,"height":682,"url":"https:\/\/www.pressenza.com\/wp-content\/uploads\/2018\/11\/health-CC0.jpg","type":"image\/jpeg"}],"author":"Redacci\u00f3n Madrid","twitter_card":"summary_large_image","twitter_creator":"@pressenza","twitter_site":"@PressenzaIPA","twitter_misc":{"Escrito por":"Redacci\u00f3n Madrid","Tiempo de lectura":"6 minutos"},"schema":{"@context":"https:\/\/schema.org","@graph":[{"@type":"Article","@id":"https:\/\/www.pressenza.com\/es\/2018\/11\/decreto-sobre-sanidad-universal-fallos-y-ambiguedades\/#article","isPartOf":{"@id":"https:\/\/www.pressenza.com\/es\/2018\/11\/decreto-sobre-sanidad-universal-fallos-y-ambiguedades\/"},"author":{"name":"Redacci\u00f3n Madrid","@id":"https:\/\/www.pressenza.com\/es\/#\/schema\/person\/828fc40eeca2ad7be3630e5a46adba94"},"headline":"Decreto sobre sanidad universal: fallos y ambig\u00fcedades","datePublished":"2018-11-15T11:54:40+00:00","mainEntityOfPage":{"@id":"https:\/\/www.pressenza.com\/es\/2018\/11\/decreto-sobre-sanidad-universal-fallos-y-ambiguedades\/"},"wordCount":1183,"publisher":{"@id":"https:\/\/www.pressenza.com\/es\/#organization"},"image":{"@id":"https:\/\/www.pressenza.com\/es\/2018\/11\/decreto-sobre-sanidad-universal-fallos-y-ambiguedades\/#primaryimage"},"thumbnailUrl":"https:\/\/www.pressenza.com\/wp-content\/uploads\/2018\/11\/health-CC0.jpg","keywords":["Amnist\u00eda Internacional","Espa\u00f1a","M\u00e9dicos del Mundo","Pedro S\u00e1nchez","REDER","Salud","Yo S\u00ed Sanidad Universal"],"articleSection":["Comunicados de Prensa","Europa","Pol\u00edtica","Salud"],"inLanguage":"es"},{"@type":"WebPage","@id":"https:\/\/www.pressenza.com\/es\/2018\/11\/decreto-sobre-sanidad-universal-fallos-y-ambiguedades\/","url":"https:\/\/www.pressenza.com\/es\/2018\/11\/decreto-sobre-sanidad-universal-fallos-y-ambiguedades\/","name":"Decreto sobre sanidad universal: fallos y ambig\u00fcedades","isPartOf":{"@id":"https:\/\/www.pressenza.com\/es\/#website"},"primaryImageOfPage":{"@id":"https:\/\/www.pressenza.com\/es\/2018\/11\/decreto-sobre-sanidad-universal-fallos-y-ambiguedades\/#primaryimage"},"image":{"@id":"https:\/\/www.pressenza.com\/es\/2018\/11\/decreto-sobre-sanidad-universal-fallos-y-ambiguedades\/#primaryimage"},"thumbnailUrl":"https:\/\/www.pressenza.com\/wp-content\/uploads\/2018\/11\/health-CC0.jpg","datePublished":"2018-11-15T11:54:40+00:00","description":"Cuatro meses despu\u00e9s del nuevo decreto sobre sanidad universal se deben abordar sus fallos y ambig\u00fcedades Amnist\u00eda Internacional, Yo S\u00ed Sanidad Universal,","breadcrumb":{"@id":"https:\/\/www.pressenza.com\/es\/2018\/11\/decreto-sobre-sanidad-universal-fallos-y-ambiguedades\/#breadcrumb"},"inLanguage":"es","potentialAction":[{"@type":"ReadAction","target":["https:\/\/www.pressenza.com\/es\/2018\/11\/decreto-sobre-sanidad-universal-fallos-y-ambiguedades\/"]}]},{"@type":"ImageObject","inLanguage":"es","@id":"https:\/\/www.pressenza.com\/es\/2018\/11\/decreto-sobre-sanidad-universal-fallos-y-ambiguedades\/#primaryimage","url":"https:\/\/www.pressenza.com\/wp-content\/uploads\/2018\/11\/health-CC0.jpg","contentUrl":"https:\/\/www.pressenza.com\/wp-content\/uploads\/2018\/11\/health-CC0.jpg","width":1024,"height":682},{"@type":"BreadcrumbList","@id":"https:\/\/www.pressenza.com\/es\/2018\/11\/decreto-sobre-sanidad-universal-fallos-y-ambiguedades\/#breadcrumb","itemListElement":[{"@type":"ListItem","position":1,"name":"Accueil","item":"https:\/\/www.pressenza.com\/es\/"},{"@type":"ListItem","position":2,"name":"Decreto sobre sanidad universal: fallos y ambig\u00fcedades"}]},{"@type":"WebSite","@id":"https:\/\/www.pressenza.com\/es\/#website","url":"https:\/\/www.pressenza.com\/es\/","name":"Pressenza","description":"International Press Agency","publisher":{"@id":"https:\/\/www.pressenza.com\/es\/#organization"},"potentialAction":[{"@type":"SearchAction","target":{"@type":"EntryPoint","urlTemplate":"https:\/\/www.pressenza.com\/es\/?s={search_term_string}"},"query-input":{"@type":"PropertyValueSpecification","valueRequired":true,"valueName":"search_term_string"}}],"inLanguage":"es"},{"@type":"Organization","@id":"https:\/\/www.pressenza.com\/es\/#organization","name":"Pressenza","url":"https:\/\/www.pressenza.com\/es\/","logo":{"@type":"ImageObject","inLanguage":"es","@id":"https:\/\/www.pressenza.com\/es\/#\/schema\/logo\/image\/","url":"https:\/\/www.pressenza.com\/wp-content\/uploads\/2022\/10\/pressenza_logo_200x200.jpg","contentUrl":"https:\/\/www.pressenza.com\/wp-content\/uploads\/2022\/10\/pressenza_logo_200x200.jpg","width":200,"height":200,"caption":"Pressenza"},"image":{"@id":"https:\/\/www.pressenza.com\/es\/#\/schema\/logo\/image\/"},"sameAs":["https:\/\/www.facebook.com\/PressenzaItalia","https:\/\/x.com\/PressenzaIPA"]},{"@type":"Person","@id":"https:\/\/www.pressenza.com\/es\/#\/schema\/person\/828fc40eeca2ad7be3630e5a46adba94","name":"Redacci\u00f3n Madrid","description":"News from the Pressenza Bureau in Madrid, Spain","sameAs":["https:\/\/www.facebook.com\/pressenza","https:\/\/x.com\/pressenza"],"url":"https:\/\/www.pressenza.com\/es\/author\/redaccion-madrid\/"}]}},"place":"Madrid, Espa\u00f1a","original_article_url":"http:\/\/yosisanidaduniversal.net\/noticias.php\/cuatro-meses-despues-del-nuevo","_links":{"self":[{"href":"https:\/\/www.pressenza.com\/es\/wp-json\/wp\/v2\/posts\/756004","targetHints":{"allow":["GET"]}}],"collection":[{"href":"https:\/\/www.pressenza.com\/es\/wp-json\/wp\/v2\/posts"}],"about":[{"href":"https:\/\/www.pressenza.com\/es\/wp-json\/wp\/v2\/types\/post"}],"author":[{"embeddable":true,"href":"https:\/\/www.pressenza.com\/es\/wp-json\/wp\/v2\/users\/94"}],"replies":[{"embeddable":true,"href":"https:\/\/www.pressenza.com\/es\/wp-json\/wp\/v2\/comments?post=756004"}],"version-history":[{"count":0,"href":"https:\/\/www.pressenza.com\/es\/wp-json\/wp\/v2\/posts\/756004\/revisions"}],"wp:featuredmedia":[{"embeddable":true,"href":"https:\/\/www.pressenza.com\/es\/wp-json\/wp\/v2\/media\/756005"}],"wp:attachment":[{"href":"https:\/\/www.pressenza.com\/es\/wp-json\/wp\/v2\/media?parent=756004"}],"wp:term":[{"taxonomy":"category","embeddable":true,"href":"https:\/\/www.pressenza.com\/es\/wp-json\/wp\/v2\/categories?post=756004"},{"taxonomy":"post_tag","embeddable":true,"href":"https:\/\/www.pressenza.com\/es\/wp-json\/wp\/v2\/tags?post=756004"}],"curies":[{"name":"wp","href":"https:\/\/api.w.org\/{rel}","templated":true}]}}