{"id":75591,"date":"2013-11-07T16:01:22","date_gmt":"2013-11-07T16:01:22","guid":{"rendered":"http:\/\/www.pressenza.com\/?p=75591"},"modified":"2013-11-07T16:01:22","modified_gmt":"2013-11-07T16:01:22","slug":"chile-se-agudiza-conflicto-municipal-por-falta-de-transparencia-en-las-negociaciones-con-el-gobierno","status":"publish","type":"post","link":"https:\/\/www.pressenza.com\/es\/2013\/11\/chile-se-agudiza-conflicto-municipal-por-falta-de-transparencia-en-las-negociaciones-con-el-gobierno\/","title":{"rendered":"Chile: Se agudiza conflicto municipal por falta de transparencia en las negociaciones con el gobierno"},"content":{"rendered":"<p>Presidente de UFEMUCH exige que la propuesta de este mi\u00e9rcoles 7 de Noviembre sea conocida \u00a0y votada democr\u00e1ticamente por lo miles de funcionarios\/as de todo Chile.<\/p>\n<p>Santiago, 7 de Noviembre<\/p>\n<p>V\u00edctor Mora, presidente de la nueva confederaci\u00f3n, declaro que las bases del pa\u00eds est\u00e1n\u00a0 molestas con la incertidumbre que han generado las reuniones a puertas cerradas entre el titular de la SUBDERE y algunos dirigentes que negocian a nombre de los funcionarios(as):\u00a0<i>\u201cDesde el 23 de Octubre no se sabe de ninguna propuesta concreta que haya entregado el Gobierno a los dirigentes nacionales. Sin embargo el mismo Presidente de la Rep\u00fablica, el Sub Secretario Miguel Flores y la Vocera General de Gobierno, han se\u00f1alado a diversos medios de comunicaci\u00f3n, que ya entregaron estas propuestas a los dirigentes. De hecho el Presidente dela Rep\u00fablica declaro que se ha convenido sobre una gradualidad para llegar a un acuerdo\u201d.<\/i>Se\u00f1alo el Presidente de la multisindical, que re\u00fane a 50 asociaciones de funcionarios de Chile, entre ellas a la Municipalidad de Santiago.<\/p>\n<p>Sobre la agudizaci\u00f3n del conflicto, V\u00edctor Mora agrega que este Gobierno discrimina y segrega la participaci\u00f3n sindical: \u201c<i>Estamos a\u00fan a la espera de que nos reciba para decirle al Subdere que sin soluci\u00f3n pol\u00edtica al Incremento Previsional los funcionarios\/as municipales del pa\u00eds no depondr\u00e1n el Paro, plantearle que con migajas y con mesas de conversaci\u00f3n no se solucionaran nuestras hist\u00f3ricas demandas, queremos hechos concretos con plazos acotados que sean VINCULANTES con proyectos de ley que signifiquen soluciones reales y dimensionables, la movilizaci\u00f3n que recorre el pa\u00eds est\u00e1 bajo el\u00a0 dominio de las asociaciones de \u00a0base \u00a0y no de la dirigencia funcional y no se ha levantado para jugar con la credibilidad de los trabajadores\/as municipales, no estamos en el a\u00f1o 1996, los funcionarios\/as hemos cambiado y por ello el movimiento sindical adquiere otras expresiones\u201d.\u00a0<\/i>Preciso el l\u00edder sindical<\/p>\n<p>&nbsp;<\/p>\n","protected":false},"excerpt":{"rendered":"<p>Presidente de UFEMUCH exige que la propuesta de este mi\u00e9rcoles 7 de Noviembre sea conocida \u00a0y votada democr\u00e1ticamente por lo miles de funcionarios\/as de todo Chile. Santiago, 7 de Noviembre V\u00edctor Mora, presidente de la nueva confederaci\u00f3n, declaro que las&hellip;<\/p>\n","protected":false},"author":879,"featured_media":75592,"comment_status":"closed","ping_status":"open","sticky":false,"template":"","format":"standard","meta":{"footnotes":""},"categories":[74,67],"tags":[7626,7625,586,7129],"class_list":["post-75591","post","type-post","status-publish","format-standard","has-post-thumbnail","hentry","category-politica-es","category-sudamerica","tag-conflictos","tag-derechos-laborales","tag-huelga","tag-movilizaciones"],"yoast_head":"<!-- This site is optimized with the Yoast SEO plugin v27.1.1 - https:\/\/yoast.com\/product\/yoast-seo-wordpress\/ -->\n<title>Chile: Se agudiza conflicto municipal por falta de transparencia en las negociaciones con el gobierno<\/title>\n<meta name=\"description\" content=\"Presidente de UFEMUCH exige que la propuesta de este mi\u00e9rcoles 7 de Noviembre sea conocida \u00a0y votada democr\u00e1ticamente por lo miles de funcionarios\/as de\" \/>\n<meta name=\"robots\" content=\"index, follow, max-snippet:-1, max-image-preview:large, max-video-preview:-1\" \/>\n<link rel=\"canonical\" href=\"https:\/\/www.pressenza.com\/es\/2013\/11\/chile-se-agudiza-conflicto-municipal-por-falta-de-transparencia-en-las-negociaciones-con-el-gobierno\/\" \/>\n<meta property=\"og:locale\" content=\"es_ES\" \/>\n<meta property=\"og:type\" content=\"article\" \/>\n<meta property=\"og:title\" content=\"Chile: Se agudiza conflicto municipal por falta de transparencia en las negociaciones con el gobierno\" \/>\n<meta property=\"og:description\" content=\"Presidente de UFEMUCH exige que la propuesta de este mi\u00e9rcoles 7 de Noviembre sea conocida \u00a0y votada democr\u00e1ticamente por lo miles de funcionarios\/as de\" \/>\n<meta property=\"og:url\" content=\"https:\/\/www.pressenza.com\/es\/2013\/11\/chile-se-agudiza-conflicto-municipal-por-falta-de-transparencia-en-las-negociaciones-con-el-gobierno\/\" \/>\n<meta property=\"og:site_name\" content=\"Pressenza\" \/>\n<meta property=\"article:publisher\" content=\"https:\/\/www.facebook.com\/PressenzaItalia\" \/>\n<meta property=\"article:published_time\" content=\"2013-11-07T16:01:22+00:00\" \/>\n<meta property=\"og:image\" content=\"https:\/\/www.pressenza.com\/wp-content\/uploads\/2013\/11\/UFEMUCH.jpg\" \/>\n\t<meta property=\"og:image:width\" content=\"2048\" \/>\n\t<meta property=\"og:image:height\" content=\"1536\" \/>\n\t<meta property=\"og:image:type\" content=\"image\/jpeg\" \/>\n<meta name=\"author\" content=\"Juan Carlos Cartagena\" \/>\n<meta name=\"twitter:card\" content=\"summary_large_image\" \/>\n<meta name=\"twitter:creator\" content=\"@PressenzaIPA\" \/>\n<meta name=\"twitter:site\" content=\"@PressenzaIPA\" \/>\n<meta name=\"twitter:label1\" content=\"Escrito por\" \/>\n\t<meta name=\"twitter:data1\" content=\"Juan Carlos Cartagena\" \/>\n\t<meta name=\"twitter:label2\" content=\"Tiempo de lectura\" \/>\n\t<meta name=\"twitter:data2\" content=\"2 minutos\" \/>\n<script type=\"application\/ld+json\" class=\"yoast-schema-graph\">{\"@context\":\"https:\/\/schema.org\",\"@graph\":[{\"@type\":\"Article\",\"@id\":\"https:\/\/www.pressenza.com\/es\/2013\/11\/chile-se-agudiza-conflicto-municipal-por-falta-de-transparencia-en-las-negociaciones-con-el-gobierno\/#article\",\"isPartOf\":{\"@id\":\"https:\/\/www.pressenza.com\/es\/2013\/11\/chile-se-agudiza-conflicto-municipal-por-falta-de-transparencia-en-las-negociaciones-con-el-gobierno\/\"},\"author\":{\"name\":\"Juan Carlos Cartagena\",\"@id\":\"https:\/\/www.pressenza.com\/es\/#\/schema\/person\/6fb329c5ac40eb86f5a4a46692a9a3f0\"},\"headline\":\"Chile: Se agudiza conflicto municipal por falta de transparencia en las negociaciones con el gobierno\",\"datePublished\":\"2013-11-07T16:01:22+00:00\",\"mainEntityOfPage\":{\"@id\":\"https:\/\/www.pressenza.com\/es\/2013\/11\/chile-se-agudiza-conflicto-municipal-por-falta-de-transparencia-en-las-negociaciones-con-el-gobierno\/\"},\"wordCount\":348,\"publisher\":{\"@id\":\"https:\/\/www.pressenza.com\/es\/#organization\"},\"image\":{\"@id\":\"https:\/\/www.pressenza.com\/es\/2013\/11\/chile-se-agudiza-conflicto-municipal-por-falta-de-transparencia-en-las-negociaciones-con-el-gobierno\/#primaryimage\"},\"thumbnailUrl\":\"https:\/\/www.pressenza.com\/wp-content\/uploads\/2013\/11\/UFEMUCH.jpg\",\"keywords\":[\"Conflictos\",\"Derechos laborales\",\"huelga\",\"Movilizaciones\"],\"articleSection\":[\"Pol\u00edtica\",\"Sudam\u00e9rica\"],\"inLanguage\":\"es\"},{\"@type\":\"WebPage\",\"@id\":\"https:\/\/www.pressenza.com\/es\/2013\/11\/chile-se-agudiza-conflicto-municipal-por-falta-de-transparencia-en-las-negociaciones-con-el-gobierno\/\",\"url\":\"https:\/\/www.pressenza.com\/es\/2013\/11\/chile-se-agudiza-conflicto-municipal-por-falta-de-transparencia-en-las-negociaciones-con-el-gobierno\/\",\"name\":\"Chile: Se agudiza conflicto municipal por falta de transparencia en las negociaciones con el gobierno\",\"isPartOf\":{\"@id\":\"https:\/\/www.pressenza.com\/es\/#website\"},\"primaryImageOfPage\":{\"@id\":\"https:\/\/www.pressenza.com\/es\/2013\/11\/chile-se-agudiza-conflicto-municipal-por-falta-de-transparencia-en-las-negociaciones-con-el-gobierno\/#primaryimage\"},\"image\":{\"@id\":\"https:\/\/www.pressenza.com\/es\/2013\/11\/chile-se-agudiza-conflicto-municipal-por-falta-de-transparencia-en-las-negociaciones-con-el-gobierno\/#primaryimage\"},\"thumbnailUrl\":\"https:\/\/www.pressenza.com\/wp-content\/uploads\/2013\/11\/UFEMUCH.jpg\",\"datePublished\":\"2013-11-07T16:01:22+00:00\",\"description\":\"Presidente de UFEMUCH exige que la propuesta de este mi\u00e9rcoles 7 de Noviembre sea conocida \u00a0y votada democr\u00e1ticamente por lo miles de funcionarios\/as de\",\"breadcrumb\":{\"@id\":\"https:\/\/www.pressenza.com\/es\/2013\/11\/chile-se-agudiza-conflicto-municipal-por-falta-de-transparencia-en-las-negociaciones-con-el-gobierno\/#breadcrumb\"},\"inLanguage\":\"es\",\"potentialAction\":[{\"@type\":\"ReadAction\",\"target\":[\"https:\/\/www.pressenza.com\/es\/2013\/11\/chile-se-agudiza-conflicto-municipal-por-falta-de-transparencia-en-las-negociaciones-con-el-gobierno\/\"]}]},{\"@type\":\"ImageObject\",\"inLanguage\":\"es\",\"@id\":\"https:\/\/www.pressenza.com\/es\/2013\/11\/chile-se-agudiza-conflicto-municipal-por-falta-de-transparencia-en-las-negociaciones-con-el-gobierno\/#primaryimage\",\"url\":\"https:\/\/www.pressenza.com\/wp-content\/uploads\/2013\/11\/UFEMUCH.jpg\",\"contentUrl\":\"https:\/\/www.pressenza.com\/wp-content\/uploads\/2013\/11\/UFEMUCH.jpg\",\"width\":2048,\"height\":1536},{\"@type\":\"BreadcrumbList\",\"@id\":\"https:\/\/www.pressenza.com\/es\/2013\/11\/chile-se-agudiza-conflicto-municipal-por-falta-de-transparencia-en-las-negociaciones-con-el-gobierno\/#breadcrumb\",\"itemListElement\":[{\"@type\":\"ListItem\",\"position\":1,\"name\":\"Accueil\",\"item\":\"https:\/\/www.pressenza.com\/es\/\"},{\"@type\":\"ListItem\",\"position\":2,\"name\":\"Chile: Se agudiza conflicto municipal por falta de transparencia en las negociaciones con el gobierno\"}]},{\"@type\":\"WebSite\",\"@id\":\"https:\/\/www.pressenza.com\/es\/#website\",\"url\":\"https:\/\/www.pressenza.com\/es\/\",\"name\":\"Pressenza\",\"description\":\"International Press Agency\",\"publisher\":{\"@id\":\"https:\/\/www.pressenza.com\/es\/#organization\"},\"potentialAction\":[{\"@type\":\"SearchAction\",\"target\":{\"@type\":\"EntryPoint\",\"urlTemplate\":\"https:\/\/www.pressenza.com\/es\/?s={search_term_string}\"},\"query-input\":{\"@type\":\"PropertyValueSpecification\",\"valueRequired\":true,\"valueName\":\"search_term_string\"}}],\"inLanguage\":\"es\"},{\"@type\":\"Organization\",\"@id\":\"https:\/\/www.pressenza.com\/es\/#organization\",\"name\":\"Pressenza\",\"url\":\"https:\/\/www.pressenza.com\/es\/\",\"logo\":{\"@type\":\"ImageObject\",\"inLanguage\":\"es\",\"@id\":\"https:\/\/www.pressenza.com\/es\/#\/schema\/logo\/image\/\",\"url\":\"https:\/\/www.pressenza.com\/wp-content\/uploads\/2022\/10\/pressenza_logo_200x200.jpg\",\"contentUrl\":\"https:\/\/www.pressenza.com\/wp-content\/uploads\/2022\/10\/pressenza_logo_200x200.jpg\",\"width\":200,\"height\":200,\"caption\":\"Pressenza\"},\"image\":{\"@id\":\"https:\/\/www.pressenza.com\/es\/#\/schema\/logo\/image\/\"},\"sameAs\":[\"https:\/\/www.facebook.com\/PressenzaItalia\",\"https:\/\/x.com\/PressenzaIPA\"]},{\"@type\":\"Person\",\"@id\":\"https:\/\/www.pressenza.com\/es\/#\/schema\/person\/6fb329c5ac40eb86f5a4a46692a9a3f0\",\"name\":\"Juan Carlos Cartagena\",\"description\":\"Juan Carlos Cartagena Pozo es Periodista Participa del Centro de Iniciativas Econ\u00f3micas (CIE) Municipalidad de Huechuraba\",\"url\":\"https:\/\/www.pressenza.com\/es\/author\/juan-carlos-cartagena\/\"}]}<\/script>\n<!-- \/ Yoast SEO plugin. -->","yoast_head_json":{"title":"Chile: Se agudiza conflicto municipal por falta de transparencia en las negociaciones con el gobierno","description":"Presidente de UFEMUCH exige que la propuesta de este mi\u00e9rcoles 7 de Noviembre sea conocida \u00a0y votada democr\u00e1ticamente por lo miles de funcionarios\/as de","robots":{"index":"index","follow":"follow","max-snippet":"max-snippet:-1","max-image-preview":"max-image-preview:large","max-video-preview":"max-video-preview:-1"},"canonical":"https:\/\/www.pressenza.com\/es\/2013\/11\/chile-se-agudiza-conflicto-municipal-por-falta-de-transparencia-en-las-negociaciones-con-el-gobierno\/","og_locale":"es_ES","og_type":"article","og_title":"Chile: Se agudiza conflicto municipal por falta de transparencia en las negociaciones con el gobierno","og_description":"Presidente de UFEMUCH exige que la propuesta de este mi\u00e9rcoles 7 de Noviembre sea conocida \u00a0y votada democr\u00e1ticamente por lo miles de funcionarios\/as de","og_url":"https:\/\/www.pressenza.com\/es\/2013\/11\/chile-se-agudiza-conflicto-municipal-por-falta-de-transparencia-en-las-negociaciones-con-el-gobierno\/","og_site_name":"Pressenza","article_publisher":"https:\/\/www.facebook.com\/PressenzaItalia","article_published_time":"2013-11-07T16:01:22+00:00","og_image":[{"width":2048,"height":1536,"url":"https:\/\/www.pressenza.com\/wp-content\/uploads\/2013\/11\/UFEMUCH.jpg","type":"image\/jpeg"}],"author":"Juan Carlos Cartagena","twitter_card":"summary_large_image","twitter_creator":"@PressenzaIPA","twitter_site":"@PressenzaIPA","twitter_misc":{"Escrito por":"Juan Carlos Cartagena","Tiempo de lectura":"2 minutos"},"schema":{"@context":"https:\/\/schema.org","@graph":[{"@type":"Article","@id":"https:\/\/www.pressenza.com\/es\/2013\/11\/chile-se-agudiza-conflicto-municipal-por-falta-de-transparencia-en-las-negociaciones-con-el-gobierno\/#article","isPartOf":{"@id":"https:\/\/www.pressenza.com\/es\/2013\/11\/chile-se-agudiza-conflicto-municipal-por-falta-de-transparencia-en-las-negociaciones-con-el-gobierno\/"},"author":{"name":"Juan Carlos Cartagena","@id":"https:\/\/www.pressenza.com\/es\/#\/schema\/person\/6fb329c5ac40eb86f5a4a46692a9a3f0"},"headline":"Chile: Se agudiza conflicto municipal por falta de transparencia en las negociaciones con el gobierno","datePublished":"2013-11-07T16:01:22+00:00","mainEntityOfPage":{"@id":"https:\/\/www.pressenza.com\/es\/2013\/11\/chile-se-agudiza-conflicto-municipal-por-falta-de-transparencia-en-las-negociaciones-con-el-gobierno\/"},"wordCount":348,"publisher":{"@id":"https:\/\/www.pressenza.com\/es\/#organization"},"image":{"@id":"https:\/\/www.pressenza.com\/es\/2013\/11\/chile-se-agudiza-conflicto-municipal-por-falta-de-transparencia-en-las-negociaciones-con-el-gobierno\/#primaryimage"},"thumbnailUrl":"https:\/\/www.pressenza.com\/wp-content\/uploads\/2013\/11\/UFEMUCH.jpg","keywords":["Conflictos","Derechos laborales","huelga","Movilizaciones"],"articleSection":["Pol\u00edtica","Sudam\u00e9rica"],"inLanguage":"es"},{"@type":"WebPage","@id":"https:\/\/www.pressenza.com\/es\/2013\/11\/chile-se-agudiza-conflicto-municipal-por-falta-de-transparencia-en-las-negociaciones-con-el-gobierno\/","url":"https:\/\/www.pressenza.com\/es\/2013\/11\/chile-se-agudiza-conflicto-municipal-por-falta-de-transparencia-en-las-negociaciones-con-el-gobierno\/","name":"Chile: Se agudiza conflicto municipal por falta de transparencia en las negociaciones con el gobierno","isPartOf":{"@id":"https:\/\/www.pressenza.com\/es\/#website"},"primaryImageOfPage":{"@id":"https:\/\/www.pressenza.com\/es\/2013\/11\/chile-se-agudiza-conflicto-municipal-por-falta-de-transparencia-en-las-negociaciones-con-el-gobierno\/#primaryimage"},"image":{"@id":"https:\/\/www.pressenza.com\/es\/2013\/11\/chile-se-agudiza-conflicto-municipal-por-falta-de-transparencia-en-las-negociaciones-con-el-gobierno\/#primaryimage"},"thumbnailUrl":"https:\/\/www.pressenza.com\/wp-content\/uploads\/2013\/11\/UFEMUCH.jpg","datePublished":"2013-11-07T16:01:22+00:00","description":"Presidente de UFEMUCH exige que la propuesta de este mi\u00e9rcoles 7 de Noviembre sea conocida \u00a0y votada democr\u00e1ticamente por lo miles de funcionarios\/as de","breadcrumb":{"@id":"https:\/\/www.pressenza.com\/es\/2013\/11\/chile-se-agudiza-conflicto-municipal-por-falta-de-transparencia-en-las-negociaciones-con-el-gobierno\/#breadcrumb"},"inLanguage":"es","potentialAction":[{"@type":"ReadAction","target":["https:\/\/www.pressenza.com\/es\/2013\/11\/chile-se-agudiza-conflicto-municipal-por-falta-de-transparencia-en-las-negociaciones-con-el-gobierno\/"]}]},{"@type":"ImageObject","inLanguage":"es","@id":"https:\/\/www.pressenza.com\/es\/2013\/11\/chile-se-agudiza-conflicto-municipal-por-falta-de-transparencia-en-las-negociaciones-con-el-gobierno\/#primaryimage","url":"https:\/\/www.pressenza.com\/wp-content\/uploads\/2013\/11\/UFEMUCH.jpg","contentUrl":"https:\/\/www.pressenza.com\/wp-content\/uploads\/2013\/11\/UFEMUCH.jpg","width":2048,"height":1536},{"@type":"BreadcrumbList","@id":"https:\/\/www.pressenza.com\/es\/2013\/11\/chile-se-agudiza-conflicto-municipal-por-falta-de-transparencia-en-las-negociaciones-con-el-gobierno\/#breadcrumb","itemListElement":[{"@type":"ListItem","position":1,"name":"Accueil","item":"https:\/\/www.pressenza.com\/es\/"},{"@type":"ListItem","position":2,"name":"Chile: Se agudiza conflicto municipal por falta de transparencia en las negociaciones con el gobierno"}]},{"@type":"WebSite","@id":"https:\/\/www.pressenza.com\/es\/#website","url":"https:\/\/www.pressenza.com\/es\/","name":"Pressenza","description":"International Press Agency","publisher":{"@id":"https:\/\/www.pressenza.com\/es\/#organization"},"potentialAction":[{"@type":"SearchAction","target":{"@type":"EntryPoint","urlTemplate":"https:\/\/www.pressenza.com\/es\/?s={search_term_string}"},"query-input":{"@type":"PropertyValueSpecification","valueRequired":true,"valueName":"search_term_string"}}],"inLanguage":"es"},{"@type":"Organization","@id":"https:\/\/www.pressenza.com\/es\/#organization","name":"Pressenza","url":"https:\/\/www.pressenza.com\/es\/","logo":{"@type":"ImageObject","inLanguage":"es","@id":"https:\/\/www.pressenza.com\/es\/#\/schema\/logo\/image\/","url":"https:\/\/www.pressenza.com\/wp-content\/uploads\/2022\/10\/pressenza_logo_200x200.jpg","contentUrl":"https:\/\/www.pressenza.com\/wp-content\/uploads\/2022\/10\/pressenza_logo_200x200.jpg","width":200,"height":200,"caption":"Pressenza"},"image":{"@id":"https:\/\/www.pressenza.com\/es\/#\/schema\/logo\/image\/"},"sameAs":["https:\/\/www.facebook.com\/PressenzaItalia","https:\/\/x.com\/PressenzaIPA"]},{"@type":"Person","@id":"https:\/\/www.pressenza.com\/es\/#\/schema\/person\/6fb329c5ac40eb86f5a4a46692a9a3f0","name":"Juan Carlos Cartagena","description":"Juan Carlos Cartagena Pozo es Periodista Participa del Centro de Iniciativas Econ\u00f3micas (CIE) Municipalidad de Huechuraba","url":"https:\/\/www.pressenza.com\/es\/author\/juan-carlos-cartagena\/"}]}},"place":"","original_article_url":"","_links":{"self":[{"href":"https:\/\/www.pressenza.com\/es\/wp-json\/wp\/v2\/posts\/75591","targetHints":{"allow":["GET"]}}],"collection":[{"href":"https:\/\/www.pressenza.com\/es\/wp-json\/wp\/v2\/posts"}],"about":[{"href":"https:\/\/www.pressenza.com\/es\/wp-json\/wp\/v2\/types\/post"}],"author":[{"embeddable":true,"href":"https:\/\/www.pressenza.com\/es\/wp-json\/wp\/v2\/users\/879"}],"replies":[{"embeddable":true,"href":"https:\/\/www.pressenza.com\/es\/wp-json\/wp\/v2\/comments?post=75591"}],"version-history":[{"count":0,"href":"https:\/\/www.pressenza.com\/es\/wp-json\/wp\/v2\/posts\/75591\/revisions"}],"wp:featuredmedia":[{"embeddable":true,"href":"https:\/\/www.pressenza.com\/es\/wp-json\/wp\/v2\/media\/75592"}],"wp:attachment":[{"href":"https:\/\/www.pressenza.com\/es\/wp-json\/wp\/v2\/media?parent=75591"}],"wp:term":[{"taxonomy":"category","embeddable":true,"href":"https:\/\/www.pressenza.com\/es\/wp-json\/wp\/v2\/categories?post=75591"},{"taxonomy":"post_tag","embeddable":true,"href":"https:\/\/www.pressenza.com\/es\/wp-json\/wp\/v2\/tags?post=75591"}],"curies":[{"name":"wp","href":"https:\/\/api.w.org\/{rel}","templated":true}]}}