{"id":755496,"date":"2018-11-14T15:37:32","date_gmt":"2018-11-14T15:37:32","guid":{"rendered":"https:\/\/www.pressenza.com\/?p=755496"},"modified":"2018-11-14T15:37:32","modified_gmt":"2018-11-14T15:37:32","slug":"franja-de-gaza-un-comando-israeli-lleva-a-cabo-una-accion-terrorista","status":"publish","type":"post","link":"https:\/\/www.pressenza.com\/es\/2018\/11\/franja-de-gaza-un-comando-israeli-lleva-a-cabo-una-accion-terrorista\/","title":{"rendered":"Franja de Gaza. Un comando israel\u00ed lleva a cabo una acci\u00f3n terrorista"},"content":{"rendered":"<p>\u00abCese el fuego\u00bb suena como un coro amargamente burl\u00f3n por aqu\u00ed. Otra vez anoche, 11 de noviembre, Israel demostr\u00f3 que no tiene la intenci\u00f3n de mantener el acuerdo a pesar de la mediaci\u00f3n egipcia y los compromisos acomodaticios con Qatar.<\/p>\n<p>Como confirm\u00f3 tambi\u00e9n el portavoz de las FDI (el ej\u00e9rcito de ocupaci\u00f3n israel\u00ed), un coche civil con un comando de soldados y oficiales vestidos de burguesas entr\u00f3 en la Franja asediada para llevar a cabo una acci\u00f3n terrorista definida por las FDI como \u00abactividad operativa\u00bb dirigida al <strong>asesinato inmediato del comandante adjunto de las<br \/>\nbrigadas Izz al Din al Qassam, Nur Barake<\/strong>.<\/p>\n<p>Pero los israel\u00edes del comando, algunos aparentemente vestidos con ropa de mujeres palestinas para cumplir su misi\u00f3n de muerte, se encontraron con la resistencia de militantes de Ham\u00e1s que, a pesar de la sorpresa, reaccionaron y en el tiroteo subsiguiente un teniente coronel israel\u00ed, parte del comando, fue asesinado, otro israel\u00ed result\u00f3 herido y tres palestinos murieron antes de que la Fuerza A\u00e9rea israel\u00ed tomara medidas lanzando unos 40 misiles contra posiciones palestinas y elevando el n\u00famero total de muertos a once, incluidos cuatro soldados que no ejerc\u00edan ning\u00fan cargo militar durante el ataque y tres civiles.<\/p>\n<p>A la acci\u00f3n, que ha desencadenado obvias reacciones por parte de los gazaw\u00edes -reacciones mensurables en 17 misiles qassam, algunos de los cuales son interceptados por la C\u00fapula de Hierro y otros capaces de provocar grandes temores y fugas en los b\u00fankeres de la zona en la que han ca\u00eddo-, la reacci\u00f3n de la opini\u00f3n p\u00fablica del lado israel\u00ed es al menos desconcertante. Ignorando completamente la causa, que es la acci\u00f3n objetivamente terrorista del comando israel\u00ed, el presidente Rivlin dijo que estaba <em>\u00ab<strong>aturdido y<br \/>\nafligido por la p\u00e9rdida del oficial de las FDI asesinado esta noche<\/strong>\u00ab<\/em>.<br \/>\nY a\u00f1adi\u00f3: \u00ab<strong><em>Rezo, junto con<br \/>\ntodos los ciudadanos israel\u00edes, por la salud del oficial herido<\/em><\/strong>\u00ab.<\/p>\n<p>Por su parte, Lieberman y Bennet, los halcones de la extrema derecha que no pierden la oportunidad de invitar a la \u00absoluci\u00f3n final\u00bb de la causa palestina, han competido alabando al asesino, a su vez asesinado por el fuego palestino, llegando a declarar (Bennett) que <em>\u00ab<strong>gracias a h\u00e9roes<br \/>\ncomo estos, todos podemos vivir aqu\u00ed sanos y salvos<\/strong>\u00ab<\/em>.<\/p>\n<p>El primer ministro Netanyahu, pocas horas antes, durante el foro de paz de Par\u00eds, declar\u00f3 que <em>\u00ab<strong>no hay opciones pol\u00edticas para Gaza<\/strong>\u00ab<\/em>,<br \/>\ncomparando, <strong>absurdamente<\/strong>, Gaza con el Isis y anticipando as\u00ed su<br \/>\nconsentimiento a la acci\u00f3n terrorista o, para utilizar la f\u00f3rmula de cortes\u00eda<br \/>\nque la televisi\u00f3n italiana reserva para Israel, la <em>\u00abmisi\u00f3n de inteligencia\u00bb<\/em>.<\/p>\n<p>Advertido de lo que hab\u00eda ocurrido, el Primer Ministro israel\u00ed sali\u00f3 de Par\u00eds para mostrarse cercano a su pueblo y a su ej\u00e9rcito, es decir, al que organiz\u00f3 -sin duda no de forma aut\u00f3noma- la sangrienta expedici\u00f3n que cost\u00f3 la vida de al menos siete palestinos y un israel\u00ed.<\/p>\n<p>El propio Netanyahu, que en Par\u00eds hab\u00eda excluido opciones pol\u00edticas, <strong>hab\u00eda declarado unos d\u00edas antes que quer\u00eda evitar<br \/>\nuna nueva agresi\u00f3n masiva y esperar un alto al fuego duradero<\/strong>. Entonces, \u00bfc\u00f3mo se reconcilian estas dos<br \/>\nposiciones contradictorias? \u00bfQu\u00e9 hay detr\u00e1s de esta acci\u00f3n que, aunque hubiera<br \/>\nsido planeada por la inteligencia israel\u00ed, ciertamente no habr\u00eda dejado a la<br \/>\nresistencia de gazaw\u00edes inm\u00f3vil para llorar a sus v\u00edctimas?<\/p>\n<p>Es justo pensar que la inesperada recepci\u00f3n negativa dada al embajador de Qatar, despu\u00e9s de que Israel hubiera tenido la amabilidad de permitir la entrada de dinero para mitigar la resistencia de los gazaw\u00edes, podr\u00eda haber tenido su peso en la decisi\u00f3n de esta acci\u00f3n terrorista de la que no se vio ninguna necesidad pol\u00edtica. O tal vez, como algunos observadores locales plantean como hip\u00f3tesis, Netanyahu necesita distraer a la opini\u00f3n p\u00fablica israel\u00ed de sus acusaciones de corrupci\u00f3n y fraude, y Gaza es la mejor manera de llamar al esp\u00edritu nacionalista para que arregle y acorrale los problemas judiciales que podr\u00edan hundirlo.<\/p>\n<p>Mientras tanto, hoy parece que la calma ha vuelto, los palestinos cuentan los da\u00f1os de las casas destruidas y lloran sus muertes, mientras que los israel\u00edes se api\u00f1an alrededor del Primer Ministro y la extrema derecha que honra como h\u00e9roe nacional al teniente coronel que, disfrazado de palestino, fue a matar y fue asesinado. Pero Fawzi Barhoum, portavoz de Ham\u00e1s, dijo que la <em>\u00ab<strong>cobarde<br \/>\nagresi\u00f3n israel\u00ed<\/strong>\u00ab<\/em> tendr\u00e1 su respuesta y que <em>\u00ab<strong>la<br \/>\nresistencia palestina est\u00e1 dispuesta a cumplir con su deber<\/strong>\u00ab<\/em><br \/>\ny el portavoz de la Yihad reiter\u00f3 el mismo concepto.<\/p>\n<p>Mientras escribimos, llegan noticias de un ataque de artiller\u00eda israel\u00ed en la franja norte de Gaza, cerca de una estaci\u00f3n de Hamas. Dejamos claro a nuestros lectores que las oficinas ministeriales tambi\u00e9n se consideran ubicaciones de Hamas.<\/p>\n<p>En este punto parece claro que se est\u00e1 provocando la reacci\u00f3n prometida por Ham\u00e1s y la Yihad, y la pregunta para la que todav\u00eda no tenemos una respuesta definitiva: \u00bfpor qu\u00e9 en este mismo momento, cuando est\u00e1bamos tratando de lograr una cesaci\u00f3n del fuego duradera? \u00bfPara qui\u00e9n, o quiz\u00e1s en detrimento de qui\u00e9n, es esta reanudaci\u00f3n de las hostilidades?<\/p>\n<p>En este punto, no tiene sentido la mediaci\u00f3n egipcia, que ha vuelto a entrar en juego intensificando sus esfuerzos por un alto al fuego -por ahora, ampliamente previsible- que durar\u00e1 hasta que Israel necesite detenerlo repitiendo una t\u00e1ctica llamada seguridad, que tristemente se repetir\u00e1 indefinidamente a menos que las Naciones Unidas realmente se involucren y los pa\u00edses c\u00f3mplices de esta matanza, acompa\u00f1ados de una ilegalidad absoluta, no den a Israel una se\u00f1al de alto. No hay se\u00f1ales de este tipo en este momento.<\/p>\n<p>En este preciso momento llega la noticia de que la resistencia de los gazaw\u00edes ha respondido al bombardeo israel\u00ed. Un enorme lanzamiento de cohete sobre Israel desde Gaza. Un autob\u00fas fue alcanzado y un joven israel\u00ed result\u00f3 gravemente herido.<\/p>\n<p>Tal vez Israel realmente quiere la guerra y desde Gaza responden como saben y como pueden.<\/p>\n<p>Si se produce una nueva agresi\u00f3n masiva, como el Margen de Protecci\u00f3n o el Plomo Fundido, Gaza pagar\u00e1 el precio m\u00e1s alto, pero esta elecci\u00f3n tampoco beneficiar\u00e1 a los israel\u00edes.<\/p>\n<p>Concluimos en este momento recordando las palabras del ministro de orientaci\u00f3n fascista, Naftali Bennett, que parecen m\u00e1s absurdas ahora que hace un momento <em>\u00ab<strong>gracias<br \/>\na h\u00e9roes como estos, todos podemos vivir aqu\u00ed sanos y salvos<\/strong>\u00ab<\/em>.<\/p>\n<p>Por el momento, de Palestina es todo.<\/p>\n<p><em>Traducido del italiano por Mar\u00eda Cristina S\u00e1nchez<\/em><\/p>\n","protected":false},"excerpt":{"rendered":"<p>\u00abCese el fuego\u00bb suena como un coro amargamente burl\u00f3n por aqu\u00ed. Otra vez anoche, 11 de noviembre, Israel demostr\u00f3 que no tiene la intenci\u00f3n de mantener el acuerdo a pesar de la mediaci\u00f3n egipcia y los compromisos acomodaticios con Qatar.&hellip;<\/p>\n","protected":false},"author":1344,"featured_media":754652,"comment_status":"closed","ping_status":"closed","sticky":false,"template":"","format":"standard","meta":{"footnotes":""},"categories":[76,11389,71],"tags":[20299,51773,11599,51774,646,814],"class_list":["post-755496","post","type-post","status-publish","format-standard","has-post-thumbnail","hentry","category-relaciones-exteriores","category-contenido-original","category-medio-oriente-es","tag-bombardeo","tag-ejercito-israeli","tag-hamas-es","tag-incursion","tag-israel-es","tag-palestina-es"],"yoast_head":"<!-- This site is optimized with the Yoast SEO plugin v27.1.1 - https:\/\/yoast.com\/product\/yoast-seo-wordpress\/ -->\n<title>Franja de Gaza. Un comando israel\u00ed lleva a cabo una acci\u00f3n terrorista<\/title>\n<meta name=\"description\" content=\"&quot;Cese el fuego&quot; suena como un coro amargamente burl\u00f3n por aqu\u00ed. Otra vez anoche, 11 de noviembre, Israel demostr\u00f3 que no tiene la intenci\u00f3n de mantener el\" \/>\n<meta name=\"robots\" content=\"index, follow, max-snippet:-1, max-image-preview:large, max-video-preview:-1\" \/>\n<link rel=\"canonical\" href=\"https:\/\/www.pressenza.com\/es\/2018\/11\/franja-de-gaza-un-comando-israeli-lleva-a-cabo-una-accion-terrorista\/\" \/>\n<meta property=\"og:locale\" content=\"es_ES\" \/>\n<meta property=\"og:type\" content=\"article\" \/>\n<meta property=\"og:title\" content=\"Franja de Gaza. Un comando israel\u00ed lleva a cabo una acci\u00f3n terrorista\" \/>\n<meta property=\"og:description\" content=\"&quot;Cese el fuego&quot; suena como un coro amargamente burl\u00f3n por aqu\u00ed. Otra vez anoche, 11 de noviembre, Israel demostr\u00f3 que no tiene la intenci\u00f3n de mantener el\" \/>\n<meta property=\"og:url\" content=\"https:\/\/www.pressenza.com\/es\/2018\/11\/franja-de-gaza-un-comando-israeli-lleva-a-cabo-una-accion-terrorista\/\" \/>\n<meta property=\"og:site_name\" content=\"Pressenza\" \/>\n<meta property=\"article:publisher\" content=\"https:\/\/www.facebook.com\/PressenzaItalia\" \/>\n<meta property=\"article:published_time\" content=\"2018-11-14T15:37:32+00:00\" \/>\n<meta property=\"og:image\" content=\"https:\/\/www.pressenza.com\/wp-content\/uploads\/2018\/11\/gaza.jpg\" \/>\n\t<meta property=\"og:image:width\" content=\"800\" \/>\n\t<meta property=\"og:image:height\" content=\"533\" \/>\n\t<meta property=\"og:image:type\" content=\"image\/jpeg\" \/>\n<meta name=\"author\" content=\"Patrizia Cecconi\" \/>\n<meta name=\"twitter:card\" content=\"summary_large_image\" \/>\n<meta name=\"twitter:creator\" content=\"@PressenzaIPA\" \/>\n<meta name=\"twitter:site\" content=\"@PressenzaIPA\" \/>\n<meta name=\"twitter:label1\" content=\"Escrito por\" \/>\n\t<meta name=\"twitter:data1\" content=\"Patrizia Cecconi\" \/>\n\t<meta name=\"twitter:label2\" content=\"Tiempo de lectura\" \/>\n\t<meta name=\"twitter:data2\" content=\"6 minutos\" \/>\n<script type=\"application\/ld+json\" class=\"yoast-schema-graph\">{\"@context\":\"https:\/\/schema.org\",\"@graph\":[{\"@type\":\"Article\",\"@id\":\"https:\/\/www.pressenza.com\/es\/2018\/11\/franja-de-gaza-un-comando-israeli-lleva-a-cabo-una-accion-terrorista\/#article\",\"isPartOf\":{\"@id\":\"https:\/\/www.pressenza.com\/es\/2018\/11\/franja-de-gaza-un-comando-israeli-lleva-a-cabo-una-accion-terrorista\/\"},\"author\":{\"name\":\"Patrizia Cecconi\",\"@id\":\"https:\/\/www.pressenza.com\/es\/#\/schema\/person\/4bb6e2d42a4c2430734c06e9b4daf40d\"},\"headline\":\"Franja de Gaza. Un comando israel\u00ed lleva a cabo una acci\u00f3n terrorista\",\"datePublished\":\"2018-11-14T15:37:32+00:00\",\"mainEntityOfPage\":{\"@id\":\"https:\/\/www.pressenza.com\/es\/2018\/11\/franja-de-gaza-un-comando-israeli-lleva-a-cabo-una-accion-terrorista\/\"},\"wordCount\":1158,\"publisher\":{\"@id\":\"https:\/\/www.pressenza.com\/es\/#organization\"},\"image\":{\"@id\":\"https:\/\/www.pressenza.com\/es\/2018\/11\/franja-de-gaza-un-comando-israeli-lleva-a-cabo-una-accion-terrorista\/#primaryimage\"},\"thumbnailUrl\":\"https:\/\/www.pressenza.com\/wp-content\/uploads\/2018\/11\/gaza.jpg\",\"keywords\":[\"bombardeo\",\"ej\u00e9rcito israel\u00ed\",\"Ham\u00e1s\",\"incursi\u00f3n\",\"Israel\",\"Palestina\"],\"articleSection\":[\"Asuntos internacionales\",\"Contenido Original\",\"Medio Oriente\"],\"inLanguage\":\"es\"},{\"@type\":\"WebPage\",\"@id\":\"https:\/\/www.pressenza.com\/es\/2018\/11\/franja-de-gaza-un-comando-israeli-lleva-a-cabo-una-accion-terrorista\/\",\"url\":\"https:\/\/www.pressenza.com\/es\/2018\/11\/franja-de-gaza-un-comando-israeli-lleva-a-cabo-una-accion-terrorista\/\",\"name\":\"Franja de Gaza. Un comando israel\u00ed lleva a cabo una acci\u00f3n terrorista\",\"isPartOf\":{\"@id\":\"https:\/\/www.pressenza.com\/es\/#website\"},\"primaryImageOfPage\":{\"@id\":\"https:\/\/www.pressenza.com\/es\/2018\/11\/franja-de-gaza-un-comando-israeli-lleva-a-cabo-una-accion-terrorista\/#primaryimage\"},\"image\":{\"@id\":\"https:\/\/www.pressenza.com\/es\/2018\/11\/franja-de-gaza-un-comando-israeli-lleva-a-cabo-una-accion-terrorista\/#primaryimage\"},\"thumbnailUrl\":\"https:\/\/www.pressenza.com\/wp-content\/uploads\/2018\/11\/gaza.jpg\",\"datePublished\":\"2018-11-14T15:37:32+00:00\",\"description\":\"\\\"Cese el fuego\\\" suena como un coro amargamente burl\u00f3n por aqu\u00ed. Otra vez anoche, 11 de noviembre, Israel demostr\u00f3 que no tiene la intenci\u00f3n de mantener el\",\"breadcrumb\":{\"@id\":\"https:\/\/www.pressenza.com\/es\/2018\/11\/franja-de-gaza-un-comando-israeli-lleva-a-cabo-una-accion-terrorista\/#breadcrumb\"},\"inLanguage\":\"es\",\"potentialAction\":[{\"@type\":\"ReadAction\",\"target\":[\"https:\/\/www.pressenza.com\/es\/2018\/11\/franja-de-gaza-un-comando-israeli-lleva-a-cabo-una-accion-terrorista\/\"]}]},{\"@type\":\"ImageObject\",\"inLanguage\":\"es\",\"@id\":\"https:\/\/www.pressenza.com\/es\/2018\/11\/franja-de-gaza-un-comando-israeli-lleva-a-cabo-una-accion-terrorista\/#primaryimage\",\"url\":\"https:\/\/www.pressenza.com\/wp-content\/uploads\/2018\/11\/gaza.jpg\",\"contentUrl\":\"https:\/\/www.pressenza.com\/wp-content\/uploads\/2018\/11\/gaza.jpg\",\"width\":800,\"height\":533},{\"@type\":\"BreadcrumbList\",\"@id\":\"https:\/\/www.pressenza.com\/es\/2018\/11\/franja-de-gaza-un-comando-israeli-lleva-a-cabo-una-accion-terrorista\/#breadcrumb\",\"itemListElement\":[{\"@type\":\"ListItem\",\"position\":1,\"name\":\"Accueil\",\"item\":\"https:\/\/www.pressenza.com\/es\/\"},{\"@type\":\"ListItem\",\"position\":2,\"name\":\"Franja de Gaza. Un comando israel\u00ed lleva a cabo una acci\u00f3n terrorista\"}]},{\"@type\":\"WebSite\",\"@id\":\"https:\/\/www.pressenza.com\/es\/#website\",\"url\":\"https:\/\/www.pressenza.com\/es\/\",\"name\":\"Pressenza\",\"description\":\"International Press Agency\",\"publisher\":{\"@id\":\"https:\/\/www.pressenza.com\/es\/#organization\"},\"potentialAction\":[{\"@type\":\"SearchAction\",\"target\":{\"@type\":\"EntryPoint\",\"urlTemplate\":\"https:\/\/www.pressenza.com\/es\/?s={search_term_string}\"},\"query-input\":{\"@type\":\"PropertyValueSpecification\",\"valueRequired\":true,\"valueName\":\"search_term_string\"}}],\"inLanguage\":\"es\"},{\"@type\":\"Organization\",\"@id\":\"https:\/\/www.pressenza.com\/es\/#organization\",\"name\":\"Pressenza\",\"url\":\"https:\/\/www.pressenza.com\/es\/\",\"logo\":{\"@type\":\"ImageObject\",\"inLanguage\":\"es\",\"@id\":\"https:\/\/www.pressenza.com\/es\/#\/schema\/logo\/image\/\",\"url\":\"https:\/\/www.pressenza.com\/wp-content\/uploads\/2022\/10\/pressenza_logo_200x200.jpg\",\"contentUrl\":\"https:\/\/www.pressenza.com\/wp-content\/uploads\/2022\/10\/pressenza_logo_200x200.jpg\",\"width\":200,\"height\":200,\"caption\":\"Pressenza\"},\"image\":{\"@id\":\"https:\/\/www.pressenza.com\/es\/#\/schema\/logo\/image\/\"},\"sameAs\":[\"https:\/\/www.facebook.com\/PressenzaItalia\",\"https:\/\/x.com\/PressenzaIPA\"]},{\"@type\":\"Person\",\"@id\":\"https:\/\/www.pressenza.com\/es\/#\/schema\/person\/4bb6e2d42a4c2430734c06e9b4daf40d\",\"name\":\"Patrizia Cecconi\",\"description\":\"Patrizia Cecconi nasce a Roma dove consegue la laurea in Sociologia presso l\u2019Universit\u00e0 La Sapienza. Qui tiene per alcuni anni seminari sulla comunicazione. Successivamente vince la cattedra di Economia Aziendale, disciplina che insegner\u00e0 per circa venticinque anni. Interessata all\u2019ambiente e alla natura, verso il 2000 rivolge la sua attenzione allo studio della botanica e della fitoterapia ponendo sempre al centro dei suoi lavori l\u2019interazione culturale tra l\u2019ambiente e gli umani che lo abitano. Ha curato e pubblicato articoli e libri su argomenti diversi. Il suo interesse particolare \u00e8 rivolto alla Palestina. Dal 2009 fino al dicembre 2014 ha presieduto la onlus \u201cAmici della Mezzaluna Rossa Palestinese\u201d di cui ora \u00e8 presidente onoraria. E' co-fondatrice della onlus Cultura \u00e8 Libert\u00e0 e dell\u2019adv Oltre il Mare che attualmente presiede.\",\"url\":\"https:\/\/www.pressenza.com\/es\/author\/patrizia-cecconi\/\"}]}<\/script>\n<!-- \/ Yoast SEO plugin. -->","yoast_head_json":{"title":"Franja de Gaza. Un comando israel\u00ed lleva a cabo una acci\u00f3n terrorista","description":"\"Cese el fuego\" suena como un coro amargamente burl\u00f3n por aqu\u00ed. Otra vez anoche, 11 de noviembre, Israel demostr\u00f3 que no tiene la intenci\u00f3n de mantener el","robots":{"index":"index","follow":"follow","max-snippet":"max-snippet:-1","max-image-preview":"max-image-preview:large","max-video-preview":"max-video-preview:-1"},"canonical":"https:\/\/www.pressenza.com\/es\/2018\/11\/franja-de-gaza-un-comando-israeli-lleva-a-cabo-una-accion-terrorista\/","og_locale":"es_ES","og_type":"article","og_title":"Franja de Gaza. Un comando israel\u00ed lleva a cabo una acci\u00f3n terrorista","og_description":"\"Cese el fuego\" suena como un coro amargamente burl\u00f3n por aqu\u00ed. Otra vez anoche, 11 de noviembre, Israel demostr\u00f3 que no tiene la intenci\u00f3n de mantener el","og_url":"https:\/\/www.pressenza.com\/es\/2018\/11\/franja-de-gaza-un-comando-israeli-lleva-a-cabo-una-accion-terrorista\/","og_site_name":"Pressenza","article_publisher":"https:\/\/www.facebook.com\/PressenzaItalia","article_published_time":"2018-11-14T15:37:32+00:00","og_image":[{"width":800,"height":533,"url":"https:\/\/www.pressenza.com\/wp-content\/uploads\/2018\/11\/gaza.jpg","type":"image\/jpeg"}],"author":"Patrizia Cecconi","twitter_card":"summary_large_image","twitter_creator":"@PressenzaIPA","twitter_site":"@PressenzaIPA","twitter_misc":{"Escrito por":"Patrizia Cecconi","Tiempo de lectura":"6 minutos"},"schema":{"@context":"https:\/\/schema.org","@graph":[{"@type":"Article","@id":"https:\/\/www.pressenza.com\/es\/2018\/11\/franja-de-gaza-un-comando-israeli-lleva-a-cabo-una-accion-terrorista\/#article","isPartOf":{"@id":"https:\/\/www.pressenza.com\/es\/2018\/11\/franja-de-gaza-un-comando-israeli-lleva-a-cabo-una-accion-terrorista\/"},"author":{"name":"Patrizia Cecconi","@id":"https:\/\/www.pressenza.com\/es\/#\/schema\/person\/4bb6e2d42a4c2430734c06e9b4daf40d"},"headline":"Franja de Gaza. Un comando israel\u00ed lleva a cabo una acci\u00f3n terrorista","datePublished":"2018-11-14T15:37:32+00:00","mainEntityOfPage":{"@id":"https:\/\/www.pressenza.com\/es\/2018\/11\/franja-de-gaza-un-comando-israeli-lleva-a-cabo-una-accion-terrorista\/"},"wordCount":1158,"publisher":{"@id":"https:\/\/www.pressenza.com\/es\/#organization"},"image":{"@id":"https:\/\/www.pressenza.com\/es\/2018\/11\/franja-de-gaza-un-comando-israeli-lleva-a-cabo-una-accion-terrorista\/#primaryimage"},"thumbnailUrl":"https:\/\/www.pressenza.com\/wp-content\/uploads\/2018\/11\/gaza.jpg","keywords":["bombardeo","ej\u00e9rcito israel\u00ed","Ham\u00e1s","incursi\u00f3n","Israel","Palestina"],"articleSection":["Asuntos internacionales","Contenido Original","Medio Oriente"],"inLanguage":"es"},{"@type":"WebPage","@id":"https:\/\/www.pressenza.com\/es\/2018\/11\/franja-de-gaza-un-comando-israeli-lleva-a-cabo-una-accion-terrorista\/","url":"https:\/\/www.pressenza.com\/es\/2018\/11\/franja-de-gaza-un-comando-israeli-lleva-a-cabo-una-accion-terrorista\/","name":"Franja de Gaza. Un comando israel\u00ed lleva a cabo una acci\u00f3n terrorista","isPartOf":{"@id":"https:\/\/www.pressenza.com\/es\/#website"},"primaryImageOfPage":{"@id":"https:\/\/www.pressenza.com\/es\/2018\/11\/franja-de-gaza-un-comando-israeli-lleva-a-cabo-una-accion-terrorista\/#primaryimage"},"image":{"@id":"https:\/\/www.pressenza.com\/es\/2018\/11\/franja-de-gaza-un-comando-israeli-lleva-a-cabo-una-accion-terrorista\/#primaryimage"},"thumbnailUrl":"https:\/\/www.pressenza.com\/wp-content\/uploads\/2018\/11\/gaza.jpg","datePublished":"2018-11-14T15:37:32+00:00","description":"\"Cese el fuego\" suena como un coro amargamente burl\u00f3n por aqu\u00ed. Otra vez anoche, 11 de noviembre, Israel demostr\u00f3 que no tiene la intenci\u00f3n de mantener el","breadcrumb":{"@id":"https:\/\/www.pressenza.com\/es\/2018\/11\/franja-de-gaza-un-comando-israeli-lleva-a-cabo-una-accion-terrorista\/#breadcrumb"},"inLanguage":"es","potentialAction":[{"@type":"ReadAction","target":["https:\/\/www.pressenza.com\/es\/2018\/11\/franja-de-gaza-un-comando-israeli-lleva-a-cabo-una-accion-terrorista\/"]}]},{"@type":"ImageObject","inLanguage":"es","@id":"https:\/\/www.pressenza.com\/es\/2018\/11\/franja-de-gaza-un-comando-israeli-lleva-a-cabo-una-accion-terrorista\/#primaryimage","url":"https:\/\/www.pressenza.com\/wp-content\/uploads\/2018\/11\/gaza.jpg","contentUrl":"https:\/\/www.pressenza.com\/wp-content\/uploads\/2018\/11\/gaza.jpg","width":800,"height":533},{"@type":"BreadcrumbList","@id":"https:\/\/www.pressenza.com\/es\/2018\/11\/franja-de-gaza-un-comando-israeli-lleva-a-cabo-una-accion-terrorista\/#breadcrumb","itemListElement":[{"@type":"ListItem","position":1,"name":"Accueil","item":"https:\/\/www.pressenza.com\/es\/"},{"@type":"ListItem","position":2,"name":"Franja de Gaza. Un comando israel\u00ed lleva a cabo una acci\u00f3n terrorista"}]},{"@type":"WebSite","@id":"https:\/\/www.pressenza.com\/es\/#website","url":"https:\/\/www.pressenza.com\/es\/","name":"Pressenza","description":"International Press Agency","publisher":{"@id":"https:\/\/www.pressenza.com\/es\/#organization"},"potentialAction":[{"@type":"SearchAction","target":{"@type":"EntryPoint","urlTemplate":"https:\/\/www.pressenza.com\/es\/?s={search_term_string}"},"query-input":{"@type":"PropertyValueSpecification","valueRequired":true,"valueName":"search_term_string"}}],"inLanguage":"es"},{"@type":"Organization","@id":"https:\/\/www.pressenza.com\/es\/#organization","name":"Pressenza","url":"https:\/\/www.pressenza.com\/es\/","logo":{"@type":"ImageObject","inLanguage":"es","@id":"https:\/\/www.pressenza.com\/es\/#\/schema\/logo\/image\/","url":"https:\/\/www.pressenza.com\/wp-content\/uploads\/2022\/10\/pressenza_logo_200x200.jpg","contentUrl":"https:\/\/www.pressenza.com\/wp-content\/uploads\/2022\/10\/pressenza_logo_200x200.jpg","width":200,"height":200,"caption":"Pressenza"},"image":{"@id":"https:\/\/www.pressenza.com\/es\/#\/schema\/logo\/image\/"},"sameAs":["https:\/\/www.facebook.com\/PressenzaItalia","https:\/\/x.com\/PressenzaIPA"]},{"@type":"Person","@id":"https:\/\/www.pressenza.com\/es\/#\/schema\/person\/4bb6e2d42a4c2430734c06e9b4daf40d","name":"Patrizia Cecconi","description":"Patrizia Cecconi nasce a Roma dove consegue la laurea in Sociologia presso l\u2019Universit\u00e0 La Sapienza. Qui tiene per alcuni anni seminari sulla comunicazione. Successivamente vince la cattedra di Economia Aziendale, disciplina che insegner\u00e0 per circa venticinque anni. Interessata all\u2019ambiente e alla natura, verso il 2000 rivolge la sua attenzione allo studio della botanica e della fitoterapia ponendo sempre al centro dei suoi lavori l\u2019interazione culturale tra l\u2019ambiente e gli umani che lo abitano. Ha curato e pubblicato articoli e libri su argomenti diversi. Il suo interesse particolare \u00e8 rivolto alla Palestina. Dal 2009 fino al dicembre 2014 ha presieduto la onlus \u201cAmici della Mezzaluna Rossa Palestinese\u201d di cui ora \u00e8 presidente onoraria. E' co-fondatrice della onlus Cultura \u00e8 Libert\u00e0 e dell\u2019adv Oltre il Mare che attualmente presiede.","url":"https:\/\/www.pressenza.com\/es\/author\/patrizia-cecconi\/"}]}},"place":"Gaza","original_article_url":"","_links":{"self":[{"href":"https:\/\/www.pressenza.com\/es\/wp-json\/wp\/v2\/posts\/755496","targetHints":{"allow":["GET"]}}],"collection":[{"href":"https:\/\/www.pressenza.com\/es\/wp-json\/wp\/v2\/posts"}],"about":[{"href":"https:\/\/www.pressenza.com\/es\/wp-json\/wp\/v2\/types\/post"}],"author":[{"embeddable":true,"href":"https:\/\/www.pressenza.com\/es\/wp-json\/wp\/v2\/users\/1344"}],"replies":[{"embeddable":true,"href":"https:\/\/www.pressenza.com\/es\/wp-json\/wp\/v2\/comments?post=755496"}],"version-history":[{"count":0,"href":"https:\/\/www.pressenza.com\/es\/wp-json\/wp\/v2\/posts\/755496\/revisions"}],"wp:featuredmedia":[{"embeddable":true,"href":"https:\/\/www.pressenza.com\/es\/wp-json\/wp\/v2\/media\/754652"}],"wp:attachment":[{"href":"https:\/\/www.pressenza.com\/es\/wp-json\/wp\/v2\/media?parent=755496"}],"wp:term":[{"taxonomy":"category","embeddable":true,"href":"https:\/\/www.pressenza.com\/es\/wp-json\/wp\/v2\/categories?post=755496"},{"taxonomy":"post_tag","embeddable":true,"href":"https:\/\/www.pressenza.com\/es\/wp-json\/wp\/v2\/tags?post=755496"}],"curies":[{"name":"wp","href":"https:\/\/api.w.org\/{rel}","templated":true}]}}