{"id":755494,"date":"2018-11-14T14:56:58","date_gmt":"2018-11-14T14:56:58","guid":{"rendered":"https:\/\/www.pressenza.com\/?p=755494"},"modified":"2018-11-14T15:46:15","modified_gmt":"2018-11-14T15:46:15","slug":"ch-koulouri-la-reconciliacion-entre-los-pueblos-no-puede-lograrse-ni-por-el-silencio-ni-por-las-distorsiones","status":"publish","type":"post","link":"https:\/\/www.pressenza.com\/es\/2018\/11\/ch-koulouri-la-reconciliacion-entre-los-pueblos-no-puede-lograrse-ni-por-el-silencio-ni-por-las-distorsiones\/","title":{"rendered":"Ch. Koulouri: la reconciliaci\u00f3n entre los pueblos no puede lograrse ni por el silencio ni por las distorsiones"},"content":{"rendered":"<p><em>\u00bfC\u00f3mo se ense\u00f1a la historia de la guerra en la posguerra?<\/em><\/p>\n<p><em>\u00bfEs imposible la reconciliaci\u00f3n?<\/em><\/p>\n<p>Durante el evento de dos d\u00edas titulado \u00ab<a href=\"https:\/\/www.facebook.com\/events\/1862120753837024\/\">Cl\u00edo va a la escuela<\/a>\u00ab, organizado por el Grupo para la Educaci\u00f3n Hist\u00f3rica en Grecia, tuve la oportunidad de seguir la contribuci\u00f3n de <a href=\"http:\/\/polhist.panteion.gr\/index.php\/el\/prosopiko\/2016-06-25-13-24-41\/meli-dep\/107-didaktiko-erevnitiko-prosopiko\/118-xristina-kouloyri\">Christina Koulouri<\/a>, Profesora de Historia Moderna y Contempor\u00e1nea de la Universidad Panteion. Present\u00f3 un <a href=\"http:\/\/www.cdrsee.org\/\">material educativo<\/a> com\u00fan que tiene como objetivo ayudar a la ense\u00f1anza de la historia en todos los pa\u00edses de los Balcanes, <strong>esfuerzos que comenzaron cuando las guerras en Yugoslavia hab\u00edan terminado, \u00e9poca en la cual los recuerdos de la guerra eran muy frescos<\/strong>, y el resultado fue completado y publicado en 2016.<\/p>\n<p>&nbsp;<\/p>\n<p><em>\u00abVivimos en un tiempo de paz, pero la ense\u00f1anza de la historia gira en torno a las guerras. Algunos eventos son muy remotos, como las guerras de los Balcanes, pero algunos son m\u00e1s cercanos a nosotros, como nuestra guerra civil. La experiencia marcial en todas las versiones deja signos profundos en las sociedades, que se transfieren de generaci\u00f3n en generaci\u00f3n. La memoria de la guerra es el principio organizativo alrededor del cual se forman muchas identidades colectivas. En el caso de los Balcanes esto es a\u00fan m\u00e1s poderoso. Cuando hablamos hist\u00f3ricamente del siglo XX, hablamos de guerras. Partimos de los Balcanes, vamos a la Primera Guerra Mundial, luego la Entreguerras, a la Segunda Guerra Mundial, a la Guerra Fr\u00eda, etc.\u201d<\/em>, empieza su presentaci\u00f3n, Ch. Koulouri.<\/p>\n<p><strong><a href=\"http:\/\/www.cdrsee.org\/projects\/education-projects\/joint-history-project\/editors-source-committee-members-contributors\">Cien historiadores<\/a> de diferentes niveles educativos provenientes de pa\u00edses \u00abhostiles\u00bb o rivales se sentaron en la misma mesa, hablaron y terminaron contando el pasado com\u00fan.<\/strong> El resultado de su trabajo se ha traducido a 9 idiomas, tambi\u00e9n en griego, y <a href=\"http:\/\/www.cdrsee.org\/publications\/education\">es gratuito en Internet<\/a>. Contiene colecciones de fuentes de todos los pa\u00edses balc\u00e1nicos, cubre todos los cap\u00edtulos de la ense\u00f1anza hist\u00f3rica com\u00fan y es un manual que pueden usar los profesores en cualquier pa\u00eds balc\u00e1nico.<\/p>\n<p><em>\u00ab\u00bfEs posible superar la narrativa etnoc\u00e9ntrica? \u00bfC\u00f3mo podemos ense\u00f1ar los eventos pol\u00e9micos y de confrontaci\u00f3n en sociedades que acaban de experimentar una guerra sangrienta, genocidio, masacres y desplazamientos?\u00bb<\/em>, dijo la Sra. Koulouri. Por lo general, escuchamos que no es posible y que necesitamos una distancia de los hechos para que podamos obtener la tranquilidad necesaria para negociar, o que el silencio es preferible.<\/p>\n<p>Y continu\u00f3: <em>\u00ab<strong>La historia crea identidad. Esto no puede ser ignorado o contradicho. La pregunta es qu\u00e9 identidad est\u00e1 configurando, c\u00f3mo la ense\u00f1amos para construir un ciudadano moderno<\/strong>. Las guerras se interpretan en la ense\u00f1anza como parte de una narrativa etnoc\u00e9ntrica. Estos enfoques etnoc\u00e9ntricos son realizados por todas las sociedades, nuestro pa\u00eds no es una excepci\u00f3n. Las experiencias traum\u00e1ticas de las guerras estigmatizan el presente y crean los recuerdos divididos. Principalmente desde el lado de las v\u00edctimas, escuchamos sobre el \u00abdeber de la memoria\u00bb, debemos recordar por qu\u00e9 reconocemos el dolor y la experiencia traum\u00e1tica de las v\u00edctimas de esta manera. As\u00ed, en la esfera p\u00fablica, las \u00abguerras de la memoria\u00bb se est\u00e1n librando y hay un abuso pol\u00edtico del pasado y de la historia por parte de los gobiernos y los partidos \u00ab.<\/em><\/p>\n<p>&nbsp;<\/p>\n<p><strong>El papel de la escuela y el manual de la escuela.<\/strong><\/p>\n<p><em>\u00abEl manual escolar se trata como un\u00bb evangelio \u00abque debe contener la \u00abverdad \u00faltima\u00bb, por lo que sus escritores tambi\u00e9n son blanco de ataques y cr\u00edticas. La escuela puede contribuir a la reproducci\u00f3n del conflicto si oculta los lados oscuros del pasado y promueve una interpretaci\u00f3n unilateral de los eventos. Hay una experiencia que se ha discutido sobre el papel de la escuela entre dos guerras si b\u00e1sicamente cultiv\u00f3 el odio hacia el pr\u00f3jimo. El otro aspecto es si la ense\u00f1anza de la historia puede, al hablar de conflictos, contribuir a la reconciliaci\u00f3n. <strong>\u00bf<\/strong><strong>Avanzaremos en la reconciliaci\u00f3n, y luego se reorganizar\u00e1 la historia de la ense\u00f1anza? \u00bfO usaremos la ense\u00f1anza de la historia para llegar en la reconciliaci\u00f3n?<\/strong>\u201d<\/em>, pregunt\u00f3 la Sra. Koulouri.<\/p>\n<p>&nbsp;<\/p>\n<p><strong>Algunos dilemas y el ejemplo de un enfoque com\u00fan de la guerra en Yugoslavia<\/strong><\/p>\n<p>El primer dilema se refiere a la <strong>relaci\u00f3n entre v\u00edctimas y victimarios<\/strong>. \u00bfSe debe perdonar a los victimarios para lograr la reconciliaci\u00f3n o es m\u00e1s importante la justicia?<\/p>\n<p>\u00bf<strong>Deben las nuevas generaciones aprender sobre su pasado y reconciliarse<\/strong> con lo que hicieron sus padres, abuelas y abuelos?<\/p>\n<p>\u00bfNecesitamos recordar u <strong>olvidar los eventos traum\u00e1ticos<\/strong> en la ense\u00f1anza de la historia?<\/p>\n<p><a href=\"https:\/\/www.pressenza.com\/el\/2018\/11\/x-koulouri-i-simfiliosi-metaxi-laon-den-mporei-na-epitefxhei-oute-me-siopes-oute-me-diastrevloseis\/statistics-balkans\/\" rel=\"attachment wp-att-753325\"><img loading=\"lazy\" decoding=\"async\" class=\"size-large wp-image-753325 alignnone\" src=\"https:\/\/www.pressenza.com\/wp-content\/uploads\/2018\/11\/statistics-balkans-720x540.jpg\" sizes=\"auto, (max-width: 720px) 100vw, 720px\" srcset=\"https:\/\/www.pressenza.com\/wp-content\/uploads\/2018\/11\/statistics-balkans-720x540.jpg 720w, https:\/\/www.pressenza.com\/wp-content\/uploads\/2018\/11\/statistics-balkans-300x225.jpg 300w, https:\/\/www.pressenza.com\/wp-content\/uploads\/2018\/11\/statistics-balkans-768x576.jpg 768w\" alt=\"\" width=\"720\" height=\"540\" data-pagespeed-url-hash=\"1003669791\" \/><\/a><\/p>\n<p>Tomando el ejemplo de la guerra en Yugoslavia, Ch. Koulouri explic\u00f3 c\u00f3mo lo han abordado en el intento conjunto de cientos de historiadores de todos los pa\u00edses de los Balcanes. Por un lado, las guerras, las batallas, lo \u00abreal\u00bb, como los historiadores llaman a los eventos hist\u00f3ricos. Sin embargo, por otro lado, la experiencia humana, la forma en que las sociedades experimentaron la guerra, en particular los ni\u00f1os, el rostro oscuro de la guerra, es decir, los refugiados de todos lados, la limpieza \u00e9tnica, la destrucci\u00f3n de monumentos y lugares de culto, los movimientos antib\u00e9licos de la \u00e9poca.<\/p>\n<p>Concluy\u00f3 diciendo: \u00ab<em>Debemos incorporar los aspectos antes mencionados en la narrativa hegem\u00f3nica de la historia, es decir, cambiar la narrativa sobre los conflictos. Es una estrategia necesaria en el pensamiento hist\u00f3rico para superar el etnocentrismo y reconocer la diversidad. Con respecto a la memoria, la elecci\u00f3n no es entre recordar u olvidar, entre la memoria o el olvido, porque olvidar no es algo que podamos elegir. La elecci\u00f3n radica en las diferentes maneras de recordar. La reconciliaci\u00f3n no puede lograrse ni por el silencio ni por las distorsiones. La memoria est\u00e1 viva, incluso bajo el velo del silencio, especialmente cuando ha habido un pasado violento reciente. La educaci\u00f3n en la historia debe emprender la dif\u00edcil tarea de ense\u00f1ar sobre guerras y conflictos para ense\u00f1ar a las nuevas generaciones c\u00f3mo lidiar con su oscuro pasado. <strong>\u00abLa ense\u00f1anza de la historia puede ser efectiva y convincente s\u00f3lo cuando incorpora las experiencias traum\u00e1ticas y responde a las experiencias del conflicto\u00bb.<\/strong><\/em><\/p>\n","protected":false},"excerpt":{"rendered":"<p>\u00bfC\u00f3mo se ense\u00f1a la historia de la guerra en la posguerra? \u00bfEs imposible la reconciliaci\u00f3n? Durante el evento de dos d\u00edas titulado \u00abCl\u00edo va a la escuela\u00ab, organizado por el Grupo para la Educaci\u00f3n Hist\u00f3rica en Grecia, tuve la oportunidad&hellip;<\/p>\n","protected":false},"author":1203,"featured_media":753342,"comment_status":"closed","ping_status":"closed","sticky":false,"template":"","format":"standard","meta":{"footnotes":""},"categories":[76,11389,1230],"tags":[43594,51771,15529,874,51772,868,51769,51770,731],"class_list":["post-755494","post","type-post","status-publish","format-standard","has-post-thumbnail","hentry","category-relaciones-exteriores","category-contenido-original","category-educacion-tema","tag-balcanes","tag-christina","tag-etnias","tag-historia","tag-koulouri","tag-memoria","tag-movimientos-antibelicos","tag-olvido","tag-reconciliacion"],"yoast_head":"<!-- This site is optimized with the Yoast SEO plugin v27.1.1 - https:\/\/yoast.com\/product\/yoast-seo-wordpress\/ -->\n<title>Ch. Koulouri: la reconciliaci\u00f3n entre los pueblos no puede lograrse ni por el silencio ni por las distorsiones<\/title>\n<meta name=\"description\" content=\"\u00bfC\u00f3mo se ense\u00f1a la historia de la guerra en la posguerra? \u00bfEs imposible la reconciliaci\u00f3n? Durante el evento de dos d\u00edas titulado &quot;Cl\u00edo va a la escuela&quot;,\" \/>\n<meta name=\"robots\" content=\"index, follow, max-snippet:-1, max-image-preview:large, max-video-preview:-1\" \/>\n<link rel=\"canonical\" href=\"https:\/\/www.pressenza.com\/es\/2018\/11\/ch-koulouri-la-reconciliacion-entre-los-pueblos-no-puede-lograrse-ni-por-el-silencio-ni-por-las-distorsiones\/\" \/>\n<meta property=\"og:locale\" content=\"es_ES\" \/>\n<meta property=\"og:type\" content=\"article\" \/>\n<meta property=\"og:title\" content=\"Ch. Koulouri: la reconciliaci\u00f3n entre los pueblos no puede lograrse ni por el silencio ni por las distorsiones\" \/>\n<meta property=\"og:description\" content=\"\u00bfC\u00f3mo se ense\u00f1a la historia de la guerra en la posguerra? \u00bfEs imposible la reconciliaci\u00f3n? Durante el evento de dos d\u00edas titulado &quot;Cl\u00edo va a la escuela&quot;,\" \/>\n<meta property=\"og:url\" content=\"https:\/\/www.pressenza.com\/es\/2018\/11\/ch-koulouri-la-reconciliacion-entre-los-pueblos-no-puede-lograrse-ni-por-el-silencio-ni-por-las-distorsiones\/\" \/>\n<meta property=\"og:site_name\" content=\"Pressenza\" \/>\n<meta property=\"article:publisher\" content=\"https:\/\/www.facebook.com\/PressenzaItalia\" \/>\n<meta property=\"article:author\" content=\"https:\/\/www.facebook.com\/marianella.kloka?fref=ts\" \/>\n<meta property=\"article:published_time\" content=\"2018-11-14T14:56:58+00:00\" \/>\n<meta property=\"article:modified_time\" content=\"2018-11-14T15:46:15+00:00\" \/>\n<meta property=\"og:image\" content=\"https:\/\/www.pressenza.com\/wp-content\/uploads\/2018\/11\/Koulouri3.jpg\" \/>\n\t<meta property=\"og:image:width\" content=\"715\" \/>\n\t<meta property=\"og:image:height\" content=\"467\" \/>\n\t<meta property=\"og:image:type\" content=\"image\/jpeg\" \/>\n<meta name=\"author\" content=\"Marianella Kloka\" \/>\n<meta name=\"twitter:card\" content=\"summary_large_image\" \/>\n<meta name=\"twitter:creator\" content=\"@MarianellaKloka\" \/>\n<meta name=\"twitter:site\" content=\"@PressenzaIPA\" \/>\n<meta name=\"twitter:label1\" content=\"Escrito por\" \/>\n\t<meta name=\"twitter:data1\" content=\"Marianella Kloka\" \/>\n\t<meta name=\"twitter:label2\" content=\"Tiempo de lectura\" \/>\n\t<meta name=\"twitter:data2\" content=\"5 minutos\" \/>\n<script type=\"application\/ld+json\" class=\"yoast-schema-graph\">{\"@context\":\"https:\/\/schema.org\",\"@graph\":[{\"@type\":\"Article\",\"@id\":\"https:\/\/www.pressenza.com\/es\/2018\/11\/ch-koulouri-la-reconciliacion-entre-los-pueblos-no-puede-lograrse-ni-por-el-silencio-ni-por-las-distorsiones\/#article\",\"isPartOf\":{\"@id\":\"https:\/\/www.pressenza.com\/es\/2018\/11\/ch-koulouri-la-reconciliacion-entre-los-pueblos-no-puede-lograrse-ni-por-el-silencio-ni-por-las-distorsiones\/\"},\"author\":{\"name\":\"Marianella Kloka\",\"@id\":\"https:\/\/www.pressenza.com\/es\/#\/schema\/person\/2f6926fff5b90a0637b85437f24cbfe9\"},\"headline\":\"Ch. Koulouri: la reconciliaci\u00f3n entre los pueblos no puede lograrse ni por el silencio ni por las distorsiones\",\"datePublished\":\"2018-11-14T14:56:58+00:00\",\"dateModified\":\"2018-11-14T15:46:15+00:00\",\"mainEntityOfPage\":{\"@id\":\"https:\/\/www.pressenza.com\/es\/2018\/11\/ch-koulouri-la-reconciliacion-entre-los-pueblos-no-puede-lograrse-ni-por-el-silencio-ni-por-las-distorsiones\/\"},\"wordCount\":1079,\"publisher\":{\"@id\":\"https:\/\/www.pressenza.com\/es\/#organization\"},\"image\":{\"@id\":\"https:\/\/www.pressenza.com\/es\/2018\/11\/ch-koulouri-la-reconciliacion-entre-los-pueblos-no-puede-lograrse-ni-por-el-silencio-ni-por-las-distorsiones\/#primaryimage\"},\"thumbnailUrl\":\"https:\/\/www.pressenza.com\/wp-content\/uploads\/2018\/11\/Koulouri3.jpg\",\"keywords\":[\"Balcanes\",\"Christina\",\"etnias\",\"historia\",\"Koulouri\",\"memoria\",\"movimientos antib\u00e9licos\",\"olvido\",\"reconciliaci\u00f3n\"],\"articleSection\":[\"Asuntos internacionales\",\"Contenido Original\",\"Educaci\u00f3n\"],\"inLanguage\":\"es\"},{\"@type\":\"WebPage\",\"@id\":\"https:\/\/www.pressenza.com\/es\/2018\/11\/ch-koulouri-la-reconciliacion-entre-los-pueblos-no-puede-lograrse-ni-por-el-silencio-ni-por-las-distorsiones\/\",\"url\":\"https:\/\/www.pressenza.com\/es\/2018\/11\/ch-koulouri-la-reconciliacion-entre-los-pueblos-no-puede-lograrse-ni-por-el-silencio-ni-por-las-distorsiones\/\",\"name\":\"Ch. Koulouri: la reconciliaci\u00f3n entre los pueblos no puede lograrse ni por el silencio ni por las distorsiones\",\"isPartOf\":{\"@id\":\"https:\/\/www.pressenza.com\/es\/#website\"},\"primaryImageOfPage\":{\"@id\":\"https:\/\/www.pressenza.com\/es\/2018\/11\/ch-koulouri-la-reconciliacion-entre-los-pueblos-no-puede-lograrse-ni-por-el-silencio-ni-por-las-distorsiones\/#primaryimage\"},\"image\":{\"@id\":\"https:\/\/www.pressenza.com\/es\/2018\/11\/ch-koulouri-la-reconciliacion-entre-los-pueblos-no-puede-lograrse-ni-por-el-silencio-ni-por-las-distorsiones\/#primaryimage\"},\"thumbnailUrl\":\"https:\/\/www.pressenza.com\/wp-content\/uploads\/2018\/11\/Koulouri3.jpg\",\"datePublished\":\"2018-11-14T14:56:58+00:00\",\"dateModified\":\"2018-11-14T15:46:15+00:00\",\"description\":\"\u00bfC\u00f3mo se ense\u00f1a la historia de la guerra en la posguerra? \u00bfEs imposible la reconciliaci\u00f3n? Durante el evento de dos d\u00edas titulado \\\"Cl\u00edo va a la escuela\\\",\",\"breadcrumb\":{\"@id\":\"https:\/\/www.pressenza.com\/es\/2018\/11\/ch-koulouri-la-reconciliacion-entre-los-pueblos-no-puede-lograrse-ni-por-el-silencio-ni-por-las-distorsiones\/#breadcrumb\"},\"inLanguage\":\"es\",\"potentialAction\":[{\"@type\":\"ReadAction\",\"target\":[\"https:\/\/www.pressenza.com\/es\/2018\/11\/ch-koulouri-la-reconciliacion-entre-los-pueblos-no-puede-lograrse-ni-por-el-silencio-ni-por-las-distorsiones\/\"]}]},{\"@type\":\"ImageObject\",\"inLanguage\":\"es\",\"@id\":\"https:\/\/www.pressenza.com\/es\/2018\/11\/ch-koulouri-la-reconciliacion-entre-los-pueblos-no-puede-lograrse-ni-por-el-silencio-ni-por-las-distorsiones\/#primaryimage\",\"url\":\"https:\/\/www.pressenza.com\/wp-content\/uploads\/2018\/11\/Koulouri3.jpg\",\"contentUrl\":\"https:\/\/www.pressenza.com\/wp-content\/uploads\/2018\/11\/Koulouri3.jpg\",\"width\":715,\"height\":467},{\"@type\":\"BreadcrumbList\",\"@id\":\"https:\/\/www.pressenza.com\/es\/2018\/11\/ch-koulouri-la-reconciliacion-entre-los-pueblos-no-puede-lograrse-ni-por-el-silencio-ni-por-las-distorsiones\/#breadcrumb\",\"itemListElement\":[{\"@type\":\"ListItem\",\"position\":1,\"name\":\"Accueil\",\"item\":\"https:\/\/www.pressenza.com\/es\/\"},{\"@type\":\"ListItem\",\"position\":2,\"name\":\"Ch. Koulouri: la reconciliaci\u00f3n entre los pueblos no puede lograrse ni por el silencio ni por las distorsiones\"}]},{\"@type\":\"WebSite\",\"@id\":\"https:\/\/www.pressenza.com\/es\/#website\",\"url\":\"https:\/\/www.pressenza.com\/es\/\",\"name\":\"Pressenza\",\"description\":\"International Press Agency\",\"publisher\":{\"@id\":\"https:\/\/www.pressenza.com\/es\/#organization\"},\"potentialAction\":[{\"@type\":\"SearchAction\",\"target\":{\"@type\":\"EntryPoint\",\"urlTemplate\":\"https:\/\/www.pressenza.com\/es\/?s={search_term_string}\"},\"query-input\":{\"@type\":\"PropertyValueSpecification\",\"valueRequired\":true,\"valueName\":\"search_term_string\"}}],\"inLanguage\":\"es\"},{\"@type\":\"Organization\",\"@id\":\"https:\/\/www.pressenza.com\/es\/#organization\",\"name\":\"Pressenza\",\"url\":\"https:\/\/www.pressenza.com\/es\/\",\"logo\":{\"@type\":\"ImageObject\",\"inLanguage\":\"es\",\"@id\":\"https:\/\/www.pressenza.com\/es\/#\/schema\/logo\/image\/\",\"url\":\"https:\/\/www.pressenza.com\/wp-content\/uploads\/2022\/10\/pressenza_logo_200x200.jpg\",\"contentUrl\":\"https:\/\/www.pressenza.com\/wp-content\/uploads\/2022\/10\/pressenza_logo_200x200.jpg\",\"width\":200,\"height\":200,\"caption\":\"Pressenza\"},\"image\":{\"@id\":\"https:\/\/www.pressenza.com\/es\/#\/schema\/logo\/image\/\"},\"sameAs\":[\"https:\/\/www.facebook.com\/PressenzaItalia\",\"https:\/\/x.com\/PressenzaIPA\"]},{\"@type\":\"Person\",\"@id\":\"https:\/\/www.pressenza.com\/es\/#\/schema\/person\/2f6926fff5b90a0637b85437f24cbfe9\",\"name\":\"Marianella Kloka\",\"description\":\"Marianella Kloka is a 50 years old woman, living in Athens, Greece. She has been a member of the Humanist Movement since 1990 and she is a founding member of World without Wars and Violence in Greece. Currently she works as an advocacy officer for the NGO PRAKSIS. Politics, human rights, scripts, audiovisuals. Twitter: @MarianellaKloka | Facebook: marianella.kloka\",\"sameAs\":[\"https:\/\/www.facebook.com\/marianella.kloka?fref=ts\",\"https:\/\/x.com\/MarianellaKloka\"],\"url\":\"https:\/\/www.pressenza.com\/es\/author\/marianella-kloka\/\"}]}<\/script>\n<!-- \/ Yoast SEO plugin. -->","yoast_head_json":{"title":"Ch. Koulouri: la reconciliaci\u00f3n entre los pueblos no puede lograrse ni por el silencio ni por las distorsiones","description":"\u00bfC\u00f3mo se ense\u00f1a la historia de la guerra en la posguerra? \u00bfEs imposible la reconciliaci\u00f3n? Durante el evento de dos d\u00edas titulado \"Cl\u00edo va a la escuela\",","robots":{"index":"index","follow":"follow","max-snippet":"max-snippet:-1","max-image-preview":"max-image-preview:large","max-video-preview":"max-video-preview:-1"},"canonical":"https:\/\/www.pressenza.com\/es\/2018\/11\/ch-koulouri-la-reconciliacion-entre-los-pueblos-no-puede-lograrse-ni-por-el-silencio-ni-por-las-distorsiones\/","og_locale":"es_ES","og_type":"article","og_title":"Ch. Koulouri: la reconciliaci\u00f3n entre los pueblos no puede lograrse ni por el silencio ni por las distorsiones","og_description":"\u00bfC\u00f3mo se ense\u00f1a la historia de la guerra en la posguerra? \u00bfEs imposible la reconciliaci\u00f3n? Durante el evento de dos d\u00edas titulado \"Cl\u00edo va a la escuela\",","og_url":"https:\/\/www.pressenza.com\/es\/2018\/11\/ch-koulouri-la-reconciliacion-entre-los-pueblos-no-puede-lograrse-ni-por-el-silencio-ni-por-las-distorsiones\/","og_site_name":"Pressenza","article_publisher":"https:\/\/www.facebook.com\/PressenzaItalia","article_author":"https:\/\/www.facebook.com\/marianella.kloka?fref=ts","article_published_time":"2018-11-14T14:56:58+00:00","article_modified_time":"2018-11-14T15:46:15+00:00","og_image":[{"width":715,"height":467,"url":"https:\/\/www.pressenza.com\/wp-content\/uploads\/2018\/11\/Koulouri3.jpg","type":"image\/jpeg"}],"author":"Marianella Kloka","twitter_card":"summary_large_image","twitter_creator":"@MarianellaKloka","twitter_site":"@PressenzaIPA","twitter_misc":{"Escrito por":"Marianella Kloka","Tiempo de lectura":"5 minutos"},"schema":{"@context":"https:\/\/schema.org","@graph":[{"@type":"Article","@id":"https:\/\/www.pressenza.com\/es\/2018\/11\/ch-koulouri-la-reconciliacion-entre-los-pueblos-no-puede-lograrse-ni-por-el-silencio-ni-por-las-distorsiones\/#article","isPartOf":{"@id":"https:\/\/www.pressenza.com\/es\/2018\/11\/ch-koulouri-la-reconciliacion-entre-los-pueblos-no-puede-lograrse-ni-por-el-silencio-ni-por-las-distorsiones\/"},"author":{"name":"Marianella Kloka","@id":"https:\/\/www.pressenza.com\/es\/#\/schema\/person\/2f6926fff5b90a0637b85437f24cbfe9"},"headline":"Ch. Koulouri: la reconciliaci\u00f3n entre los pueblos no puede lograrse ni por el silencio ni por las distorsiones","datePublished":"2018-11-14T14:56:58+00:00","dateModified":"2018-11-14T15:46:15+00:00","mainEntityOfPage":{"@id":"https:\/\/www.pressenza.com\/es\/2018\/11\/ch-koulouri-la-reconciliacion-entre-los-pueblos-no-puede-lograrse-ni-por-el-silencio-ni-por-las-distorsiones\/"},"wordCount":1079,"publisher":{"@id":"https:\/\/www.pressenza.com\/es\/#organization"},"image":{"@id":"https:\/\/www.pressenza.com\/es\/2018\/11\/ch-koulouri-la-reconciliacion-entre-los-pueblos-no-puede-lograrse-ni-por-el-silencio-ni-por-las-distorsiones\/#primaryimage"},"thumbnailUrl":"https:\/\/www.pressenza.com\/wp-content\/uploads\/2018\/11\/Koulouri3.jpg","keywords":["Balcanes","Christina","etnias","historia","Koulouri","memoria","movimientos antib\u00e9licos","olvido","reconciliaci\u00f3n"],"articleSection":["Asuntos internacionales","Contenido Original","Educaci\u00f3n"],"inLanguage":"es"},{"@type":"WebPage","@id":"https:\/\/www.pressenza.com\/es\/2018\/11\/ch-koulouri-la-reconciliacion-entre-los-pueblos-no-puede-lograrse-ni-por-el-silencio-ni-por-las-distorsiones\/","url":"https:\/\/www.pressenza.com\/es\/2018\/11\/ch-koulouri-la-reconciliacion-entre-los-pueblos-no-puede-lograrse-ni-por-el-silencio-ni-por-las-distorsiones\/","name":"Ch. Koulouri: la reconciliaci\u00f3n entre los pueblos no puede lograrse ni por el silencio ni por las distorsiones","isPartOf":{"@id":"https:\/\/www.pressenza.com\/es\/#website"},"primaryImageOfPage":{"@id":"https:\/\/www.pressenza.com\/es\/2018\/11\/ch-koulouri-la-reconciliacion-entre-los-pueblos-no-puede-lograrse-ni-por-el-silencio-ni-por-las-distorsiones\/#primaryimage"},"image":{"@id":"https:\/\/www.pressenza.com\/es\/2018\/11\/ch-koulouri-la-reconciliacion-entre-los-pueblos-no-puede-lograrse-ni-por-el-silencio-ni-por-las-distorsiones\/#primaryimage"},"thumbnailUrl":"https:\/\/www.pressenza.com\/wp-content\/uploads\/2018\/11\/Koulouri3.jpg","datePublished":"2018-11-14T14:56:58+00:00","dateModified":"2018-11-14T15:46:15+00:00","description":"\u00bfC\u00f3mo se ense\u00f1a la historia de la guerra en la posguerra? \u00bfEs imposible la reconciliaci\u00f3n? Durante el evento de dos d\u00edas titulado \"Cl\u00edo va a la escuela\",","breadcrumb":{"@id":"https:\/\/www.pressenza.com\/es\/2018\/11\/ch-koulouri-la-reconciliacion-entre-los-pueblos-no-puede-lograrse-ni-por-el-silencio-ni-por-las-distorsiones\/#breadcrumb"},"inLanguage":"es","potentialAction":[{"@type":"ReadAction","target":["https:\/\/www.pressenza.com\/es\/2018\/11\/ch-koulouri-la-reconciliacion-entre-los-pueblos-no-puede-lograrse-ni-por-el-silencio-ni-por-las-distorsiones\/"]}]},{"@type":"ImageObject","inLanguage":"es","@id":"https:\/\/www.pressenza.com\/es\/2018\/11\/ch-koulouri-la-reconciliacion-entre-los-pueblos-no-puede-lograrse-ni-por-el-silencio-ni-por-las-distorsiones\/#primaryimage","url":"https:\/\/www.pressenza.com\/wp-content\/uploads\/2018\/11\/Koulouri3.jpg","contentUrl":"https:\/\/www.pressenza.com\/wp-content\/uploads\/2018\/11\/Koulouri3.jpg","width":715,"height":467},{"@type":"BreadcrumbList","@id":"https:\/\/www.pressenza.com\/es\/2018\/11\/ch-koulouri-la-reconciliacion-entre-los-pueblos-no-puede-lograrse-ni-por-el-silencio-ni-por-las-distorsiones\/#breadcrumb","itemListElement":[{"@type":"ListItem","position":1,"name":"Accueil","item":"https:\/\/www.pressenza.com\/es\/"},{"@type":"ListItem","position":2,"name":"Ch. Koulouri: la reconciliaci\u00f3n entre los pueblos no puede lograrse ni por el silencio ni por las distorsiones"}]},{"@type":"WebSite","@id":"https:\/\/www.pressenza.com\/es\/#website","url":"https:\/\/www.pressenza.com\/es\/","name":"Pressenza","description":"International Press Agency","publisher":{"@id":"https:\/\/www.pressenza.com\/es\/#organization"},"potentialAction":[{"@type":"SearchAction","target":{"@type":"EntryPoint","urlTemplate":"https:\/\/www.pressenza.com\/es\/?s={search_term_string}"},"query-input":{"@type":"PropertyValueSpecification","valueRequired":true,"valueName":"search_term_string"}}],"inLanguage":"es"},{"@type":"Organization","@id":"https:\/\/www.pressenza.com\/es\/#organization","name":"Pressenza","url":"https:\/\/www.pressenza.com\/es\/","logo":{"@type":"ImageObject","inLanguage":"es","@id":"https:\/\/www.pressenza.com\/es\/#\/schema\/logo\/image\/","url":"https:\/\/www.pressenza.com\/wp-content\/uploads\/2022\/10\/pressenza_logo_200x200.jpg","contentUrl":"https:\/\/www.pressenza.com\/wp-content\/uploads\/2022\/10\/pressenza_logo_200x200.jpg","width":200,"height":200,"caption":"Pressenza"},"image":{"@id":"https:\/\/www.pressenza.com\/es\/#\/schema\/logo\/image\/"},"sameAs":["https:\/\/www.facebook.com\/PressenzaItalia","https:\/\/x.com\/PressenzaIPA"]},{"@type":"Person","@id":"https:\/\/www.pressenza.com\/es\/#\/schema\/person\/2f6926fff5b90a0637b85437f24cbfe9","name":"Marianella Kloka","description":"Marianella Kloka is a 50 years old woman, living in Athens, Greece. She has been a member of the Humanist Movement since 1990 and she is a founding member of World without Wars and Violence in Greece. Currently she works as an advocacy officer for the NGO PRAKSIS. Politics, human rights, scripts, audiovisuals. Twitter: @MarianellaKloka | Facebook: marianella.kloka","sameAs":["https:\/\/www.facebook.com\/marianella.kloka?fref=ts","https:\/\/x.com\/MarianellaKloka"],"url":"https:\/\/www.pressenza.com\/es\/author\/marianella-kloka\/"}]}},"place":"","original_article_url":"","_links":{"self":[{"href":"https:\/\/www.pressenza.com\/es\/wp-json\/wp\/v2\/posts\/755494","targetHints":{"allow":["GET"]}}],"collection":[{"href":"https:\/\/www.pressenza.com\/es\/wp-json\/wp\/v2\/posts"}],"about":[{"href":"https:\/\/www.pressenza.com\/es\/wp-json\/wp\/v2\/types\/post"}],"author":[{"embeddable":true,"href":"https:\/\/www.pressenza.com\/es\/wp-json\/wp\/v2\/users\/1203"}],"replies":[{"embeddable":true,"href":"https:\/\/www.pressenza.com\/es\/wp-json\/wp\/v2\/comments?post=755494"}],"version-history":[{"count":0,"href":"https:\/\/www.pressenza.com\/es\/wp-json\/wp\/v2\/posts\/755494\/revisions"}],"wp:featuredmedia":[{"embeddable":true,"href":"https:\/\/www.pressenza.com\/es\/wp-json\/wp\/v2\/media\/753342"}],"wp:attachment":[{"href":"https:\/\/www.pressenza.com\/es\/wp-json\/wp\/v2\/media?parent=755494"}],"wp:term":[{"taxonomy":"category","embeddable":true,"href":"https:\/\/www.pressenza.com\/es\/wp-json\/wp\/v2\/categories?post=755494"},{"taxonomy":"post_tag","embeddable":true,"href":"https:\/\/www.pressenza.com\/es\/wp-json\/wp\/v2\/tags?post=755494"}],"curies":[{"name":"wp","href":"https:\/\/api.w.org\/{rel}","templated":true}]}}